{"id":103769,"date":"2014-04-26T21:44:48","date_gmt":"2014-04-26T20:44:48","guid":{"rendered":"http:\/\/www.pressenza.com\/?p=103769"},"modified":"2014-04-26T21:47:18","modified_gmt":"2014-04-26T20:47:18","slug":"sommes-au-bout-du-modele-fordiste-il-faut-passer-modele-contributif","status":"publish","type":"post","link":"https:\/\/www.pressenza.com\/fr\/2014\/04\/sommes-au-bout-du-modele-fordiste-il-faut-passer-modele-contributif\/","title":{"rendered":"Nous sommes au bout du mod\u00e8le fordiste, il faut passer \u00e0 un mod\u00e8le contributif"},"content":{"rendered":"<p><span style=\"color: #000000;\">Bernard Stiegler est philosophe, th\u00e9oricien de l\u2019\u00e9volution des syst\u00e8mes techniques. Il a d\u00e9couvert les mod\u00e8les du libre de fa\u00e7on presque accidentelle, en tant que Directeur de l\u2019INA.<\/span><\/p>\n<p><span style=\"color: #000000;\">Initiateur et pr\u00e9sident du groupe de r\u00e9flexion philosophique<\/span> <a href=\"http:\/\/arsindustrialis.org\/\">Ars industrialis<\/a> <span style=\"color: #000000;\">cr\u00e9\u00e9 en 2005, il dirige \u00e9galement depuis avril 2006 l\u2019Institut de recherche et d\u2019innovation (IRI) qu\u2019il a cr\u00e9\u00e9 au sein du centre Georges-Pompidou.<\/span><\/p>\n<p><span style=\"color: #000000;\"><strong>Les mod\u00e8les ouverts, contributifs et collaboratifs sont de plus en plus nombreux, la contribution s\u2019\u00e9tend \u00e0 de nouveaux territoires, comment interpr\u00e9tez-vous cette \u00e9volution ?<\/strong><\/span><\/p>\n<p><span style=\"color: #000000;\">Avant de r\u00e9pondre, il y a un pr\u00e9alable, reconna\u00eetre que tous les mod\u00e8les ne sont pas \u00e9quivalents. Facebook, c\u2019est contributif, mais par certains aspects, c\u2019est un mod\u00e8le pire que son \u00e9quivalent non contributif, je pr\u00e9f\u00e8re presque TF1. Ces m\u00e9canismes de captation et de d\u00e9naturation des donn\u00e9es conduisent \u00e0 une forte d\u00e9personnalisation, ce ph\u00e9nom\u00e8ne va s\u2019aggraver avec les big data. C\u2019est \u00e0 la fois passionnant, parce que les donn\u00e9es nous ouvrent de nouvelles possibilit\u00e9s, et tr\u00e8s dangereux.<\/span><\/p>\n<p><span style=\"color: #000000;\">C\u2019est pour cela que je parle de pharmakon. Dans toute technologie ou syst\u00e8me, il y a simultan\u00e9ment deux tendances oppos\u00e9es, l\u2019une est bonne, positive, \u00e9mancipatrice et l\u2019autre n\u00e9gative, pr\u00e9datrice. Nous avons besoin d\u2019analyser la toxicit\u00e9 de ces ph\u00e9nom\u00e8nes, car meilleur c\u2019est, plus c\u2019est \u00e9galement toxique. Un pharmakon n\u00e9cessite toujours une th\u00e9rapeutique\u00a0: il faut en faire un organe de soin qui comme tout m\u00e9dicament et faute d\u2019une telle th\u00e9rapeutique peut tuer le malade. Il faut donc pouvoir faire cette analyse honn\u00eatement et sinc\u00e8rement comme un expert comptable le fait avec les comptes d\u2019une soci\u00e9t\u00e9. Le probl\u00e8me est que nous n\u2019avons pas le recul, la formation et le savoir faire pour pouvoir le faire sereinement \u00e0 propos des mod\u00e8les contributifs.<\/span><\/p>\n<blockquote><p><span style=\"color: #000000;\">Aujourd\u2019hui, nous avons besoin d\u2019une typologie des mod\u00e8les contributifs.<\/span><\/p><\/blockquote>\n<p><span style=\"color: #000000;\">Je travaille beaucoup avec des communaut\u00e9s de Hackers : jusqu\u2019\u00e0 \u201cla crise Snowden\u201d ils ne voyaient pas v\u00e9ritablement le caract\u00e8re pharmacologique du net. Depuis un an les choses ont chang\u00e9, c\u2019est une sorte de<\/span> <a href=\"http:\/\/reseaux.blog.lemonde.fr\/2013\/09\/29\/blues-net-bernard-stiegler\/\">blues du net<\/a>.<\/p>\n<p><span style=\"color: #000000;\"><strong>Quelle d\u00e9finition donner \u00e0 l\u2019\u00e9conomie contributive, comment la diff\u00e9rencier du march\u00e9\u00a0par exemple ?<\/strong><\/span><\/p>\n<p><span style=\"color: #000000;\">L\u2019\u00e9conomie contributive est fond\u00e9e sur la <strong>recapacitation<\/strong>\u00a0: elle augmente la capacit\u00e9 des gens plut\u00f4t qu\u2019elle ne la diminue. Ce terme de recapacitation s\u2019inspire de l\u2019approche par les capabilit\u00e9s d\u2019Amartya Sen (<i>une capabilit\u00e9 est un savoir \u2013 une savoir vivre, un savoir faire ou un savoir formel \u2013 partag\u00e9 avec d\u2019autres et qui constitue une communaut\u00e9 de savoir, Sen ayant montr\u00e9 que le consum\u00e9risme diminue la capabilit\u00e9s<\/i>).<\/span><\/p>\n<blockquote><p><span style=\"color: #000000;\">Une \u00e9conomie contributive repose sur le d\u00e9veloppement des savoirs des individus, et le partage de ces savoirs est facilit\u00e9 par une propri\u00e9t\u00e9 collective qui n\u2019emp\u00eache pas sa circulation.<\/span><\/p><\/blockquote>\n<p><span style=\"color: #000000;\">Je ne suis pas contre la notion de propri\u00e9t\u00e9, mais il ne faut pas que cette propri\u00e9t\u00e9 emp\u00eache la valorisation collective des savoirs. Au contraire de la capacitation, la soci\u00e9t\u00e9 consum\u00e9riste repose sur la prol\u00e9tarisation \u2013 m\u00eame la conception est aujourd\u2019hui prol\u00e9taris\u00e9e.<\/span><\/p>\n<p><span style=\"color: #000000;\">L\u2019\u00e9conomie contributive est une \u00e9conomie fond\u00e9e sur la parit\u00e9, le pair \u00e0 pair. Dans cette \u00e9conomie, on dit souvent les initiatives \u00e9mergentes ou bottom-up. Mais le bottom-up n\u2019existe pas tout seul, il y a toujours quelque part un top-down, c\u2019est-\u00e0-dire une organisation qui unit et valorise les dynamiques bottom up. Quand on croit qu\u2019il y a seulement du bottom-up, c\u2019est qu\u2019il y a un top-down cach\u00e9 qui r\u00e9git l\u2019\u00e9mergence. Le v\u00e9ritable pair, c\u2019est celui qui est capable d\u2019expliquer le top-down du bottom-up.<\/span><\/p>\n<p><span style=\"color: #000000;\"><strong>Pourquoi est-ce plus important aujourd\u2019hui qu\u2019il y a 20 ans ou dans 20 ans\u00a0?<\/strong><\/span><\/p>\n<p><span style=\"color: #000000;\">On entre dans un nouveau stade de l\u2019automatisation, de nature diff\u00e9rente du pr\u00e9c\u00e9dent. C\u2019est la poursuite de ce qui a commenc\u00e9 il y a 200 ans, mais l\u2019automatisation change de r\u00e9gime. Dans beaucoup de secteurs, la main d\u2019\u0153uvre n\u2019est plus n\u00e9cessaire, ou sera superflue \u00e0 tr\u00e8s court terme. Amazon a annonc\u00e9 r\u00e9cemment travailler dans cette direction, l\u2019\u00e9limination de tous les emplois et leur remplacement par des machines.<\/span><\/p>\n<p><span style=\"color: #000000;\">Actuellement, les \u00e9l\u00e9ments sont r\u00e9unis pour que l\u2019automatisation passe \u00e0 un nouveau stade, seuls les co\u00fbts des robots limitent sa progression. On peut penser que lorsque des acteurs comme Amazon annoncent s\u2019y attaquer, l\u2019\u00e9cosyst\u00e8me industriel va se mobiliser pour produire les \u00e9conomies d\u2019\u00e9chelles qui rendront les robots moins co\u00fbteux que les hommes. Quand cela arrivera, le mod\u00e8le fordiste sera mort. Car sans emploi, pas de pouvoir d\u2019achat et il n\u2019y aura plus personne pour consommer ce que les robots auront produit. On sera dans une crise majeure, violente et syst\u00e9mique. Si on ne change pas les r\u00e8gles maintenant, on aura de grandes difficult\u00e9s \u00e0 y faire face.<\/span><\/p>\n<p><span style=\"color: #000000;\"><strong>On constate que ces mod\u00e8les se d\u00e9veloppent, qu\u2019il y a profusion d\u2019initiatives et on a souvent l\u2019impression qu\u2019ils peinent \u00e0 se p\u00e9renniser ou se d\u00e9velopper, quelles en sont les raisons\u00a0?<\/strong><\/span><\/p>\n<p><span style=\"color: #000000;\">C\u2019est vrai que la pr\u00e9carit\u00e9 des mod\u00e8les contributifs et le fort taux d\u2019\u00e9chec de ces initiatives posent question.<\/span><\/p>\n<p><span style=\"color: #000000;\">Il y\u00a0 une explication, elle tient \u00e0 l\u2019\u00e9cosyst\u00e8me, la macro \u00e9conomie. Au niveau micro (les individus et les organisations) les initiatives \u00e9mergent et se propagent. On constate que sans une politique macro, elles ne peuvent prosp\u00e9rer. Quand je parle de macro \u00e9conomie, je fais r\u00e9f\u00e9rence au droit du travail, \u00e0 la fiscalit\u00e9, aux minima sociaux, aux infrastructures territoriales. Tous ces \u00e9l\u00e9ments ne sont pas favorables \u00e0 une \u00e9conomie contributive. Tant qu\u2019on ne les fera pas \u00e9voluer, il n\u2019y a aucune chance qu\u2019elle se d\u00e9veloppe. Ou alors, c\u2019est un certain type de mod\u00e8le contributif qui l\u2019emportera, celui de Facebook.<\/span><\/p>\n<p><span style=\"color: #000000;\">C\u2019est tout le projet \u00e9conomique et politique contemporain qu\u2019il faut revoir. Les d\u00e9bats sur le revenu minimum d\u2019existence sont int\u00e9ressants \u00e0 ce titre. Je pr\u00e9f\u00e8re parler de revenu contributif. Pour moi, le revenu contributif doit reposer sur un revenu minimum d\u2019existence mais il ne doit pas s\u2019arr\u00eater \u00e0 cela. Le revenu contributif devrait \u00eatre con\u00e7u de fa\u00e7on \u00e0 favoriser l\u2019engagement des individus dans des projets contributifs. Il faut encourager les contributions en vue de cr\u00e9er des entreprises que j\u2019appelle sociales, elles peuvent devenir des entreprises mon\u00e9taris\u00e9es mais pas forc\u00e9ment.<\/span><\/p>\n<p><span style=\"color: #000000;\"><strong>Au-del\u00e0 des syst\u00e8mes et de la macro-\u00e9conomie, quelles sont les leviers \u00e0 disposition pour d\u00e9velopper les logiques contributives\u00a0?<\/strong><\/span><\/p>\n<p><span style=\"color: #000000;\">Il faut d\u00e9velopper une culture et une \u00e9ducation contributives, faire que les individus s\u2019engagent d\u2019une fa\u00e7on ou d\u2019une autre dans des projets contributifs, comme ils sont de plus en plus nombreux \u00e0 le faire. En d\u00e9veloppant cette culture, on favorisera la capacit\u00e9 des individus \u00e0 d\u00e9celer la part de toxicit\u00e9 de ce pharmakon qu\u2019est l\u2019\u00e9conomie contributive.<\/span><\/p>\n<p><span style=\"color: #000000;\">Sur un autre plan, les designers ont un r\u00f4le majeur \u00e0 jouer. Ils sont appel\u00e9s \u00e0 devenir les concepteurs et les accompagnateurs de ces syst\u00e8mes contributifs. Un fablab ne fonctionne pas seulement gr\u00e2ce \u00e0 un lieu et des machines, il fonctionne parce qu\u2019il y a une architecture sociale de contribution, c\u2019est un travail de designer.<\/span><\/p>\n<p><span style=\"color: #000000;\">La recherche permettra aussi de progresser, si elle devient plus contributive. Le rythme s\u2019est tellement acc\u00e9l\u00e9r\u00e9, le niveau de complexit\u00e9 s\u2019est tellement accentu\u00e9 qu\u2019il faut qu\u2019on coop\u00e8re pour mieux le comprendre et l\u2019analyser. Ouvrir la recherche \u00e0 d\u2019autres que ceux qui la produisent aujourd\u2019hui permettra de rattraper notre retard sur les \u00e9v\u00e9nements, d\u2019\u00eatre plus en prise avec ce qui se passe.<\/span><\/p>\n<p><span style=\"color: #000000;\"><strong>Vous parlez souvent d\u2019\u00e9conomie libidinale quand vous parlez du contributif, que vient faire Freud dans les mod\u00e8les contributifs\u00a0?<\/strong><\/span><\/p>\n<p><span style=\"color: #000000;\">J\u2019ai une vision freudienne de l\u2019\u00e9conomie. La Libido c\u2019est le lien social, c\u2019est la capacit\u00e9 \u00e0 d\u00e9tourner ses pulsions vers ce que Freud d\u00e9crit comme un investissement social du d\u00e9sir. La pulsion fonctionne positivement quand on parvient \u00e0 diff\u00e9rer sa satisfaction. Diff\u00e9rer la r\u00e9action, c\u2019est faire de l\u2019action. L\u2019\u00e9conomie libidinale, c\u2019est l\u2019id\u00e9alisation (au sens de Freud) et la sublimation des pulsions. On peut dire que le logiciel libre se nourrit de cette sublimation, dit autrement de ce d\u00e9passement.<\/span><\/p>\n<p><span style=\"color: #000000;\">Image d\u2019illustration :<\/span> <a href=\"http:\/\/www.flickr.com\/photos\/59067177@N08\/5545903771\/\">RSLN<\/a><\/p>\n<p>&nbsp;<\/p>\n<p><span style=\"color: #000000;\"><strong>Pour en savoir plus<\/strong><\/span><\/p>\n<p><span style=\"color: #000000;\">Bernard Stiegler sera pr\u00e9sent \u00e0<\/span> <a href=\"http:\/\/ouisharefest.com\/\">OuiShareFest 14 <\/a><span style=\"color: #000000;\">en mai prochain, en attendant, vous pouvez\u00a0regarder l<\/span>a <a href=\"https:\/\/www.youtube.com\/watch?list=PL8Bt3EbdmpKMfn055Vy-PH16wcoGUWcgJ&amp;v=Y_aEB6YoJP0&amp;hd=1\">vid\u00e9o de son intervention<\/a> <span style=\"color: #000000;\">lors de OuiShare Fest 13<\/span><\/p>\n<p><span style=\"color: #000000;\">Source :<\/span> <a href=\"http:\/\/www.withoutmodel.com\/bernard-stiegler\/nous-sommes-au-bout-du-modele-fordiste-il-faut-passer-a-un-modele-contributif\/\">http:\/\/www.withoutmodel.com\/bernard-stiegler\/nous-sommes-au-bout-du-modele-fordiste-il-faut-passer-a-un-modele-contributif\/<\/a><\/p>\n","protected":false},"excerpt":{"rendered":"<p>Bernard Stiegler est philosophe, th\u00e9oricien de l\u2019\u00e9volution des syst\u00e8mes techniques. Il a d\u00e9couvert les mod\u00e8les du libre de fa\u00e7on presque accidentelle, en tant que Directeur de l\u2019INA. Initiateur et pr\u00e9sident du groupe de r\u00e9flexion philosophique Ars industrialis cr\u00e9\u00e9 en 2005,&hellip;<\/p>\n","protected":false},"author":926,"featured_media":103770,"comment_status":"closed","ping_status":"open","sticky":false,"template":"","format":"standard","meta":{"footnotes":""},"categories":[100,40,163],"tags":[10205,10204],"class_list":["post-103769","post","type-post","status-publish","format-standard","has-post-thumbnail","hentry","category-economie","category-international-fr","category-opinion-fr","tag-modele-contributif","tag-modele-fordiste"],"yoast_head":"<!-- This site is optimized with the Yoast SEO plugin v27.1.1 - https:\/\/yoast.com\/product\/yoast-seo-wordpress\/ -->\n<title>Nous sommes au bout du mod\u00e8le fordiste, il faut passer \u00e0 un mod\u00e8le contributif<\/title>\n<meta name=\"description\" content=\"Bernard Stiegler est philosophe, th\u00e9oricien de l\u2019\u00e9volution des syst\u00e8mes techniques. Il a d\u00e9couvert les mod\u00e8les du libre de fa\u00e7on presque accidentelle, en\" \/>\n<meta name=\"robots\" content=\"index, follow, max-snippet:-1, max-image-preview:large, max-video-preview:-1\" \/>\n<link rel=\"canonical\" href=\"https:\/\/www.pressenza.com\/fr\/2014\/04\/sommes-au-bout-du-modele-fordiste-il-faut-passer-modele-contributif\/\" \/>\n<meta property=\"og:locale\" content=\"fr_FR\" \/>\n<meta property=\"og:type\" content=\"article\" \/>\n<meta property=\"og:title\" content=\"Nous sommes au bout du mod\u00e8le fordiste, il faut passer \u00e0 un mod\u00e8le contributif\" \/>\n<meta property=\"og:description\" content=\"Bernard Stiegler est philosophe, th\u00e9oricien de l\u2019\u00e9volution des syst\u00e8mes techniques. Il a d\u00e9couvert les mod\u00e8les du libre de fa\u00e7on presque accidentelle, en\" \/>\n<meta property=\"og:url\" content=\"https:\/\/www.pressenza.com\/fr\/2014\/04\/sommes-au-bout-du-modele-fordiste-il-faut-passer-modele-contributif\/\" \/>\n<meta property=\"og:site_name\" content=\"Pressenza\" \/>\n<meta property=\"article:publisher\" content=\"https:\/\/www.facebook.com\/PressenzaItalia\" \/>\n<meta property=\"article:published_time\" content=\"2014-04-26T20:44:48+00:00\" \/>\n<meta property=\"article:modified_time\" content=\"2014-04-26T20:47:18+00:00\" \/>\n<meta property=\"og:image\" content=\"https:\/\/www.pressenza.com\/wp-content\/uploads\/2014\/04\/Nous-sommes-au-bout-du-mod\u00e8le-fordiste-il-faut-passer-\u00e0-un-mod\u00e8le-contributif.jpg\" \/>\n\t<meta property=\"og:image:width\" content=\"500\" \/>\n\t<meta property=\"og:image:height\" content=\"315\" \/>\n\t<meta property=\"og:image:type\" content=\"image\/jpeg\" \/>\n<meta name=\"author\" content=\"R\u00e9daction France\" \/>\n<meta name=\"twitter:card\" content=\"summary_large_image\" \/>\n<meta name=\"twitter:creator\" content=\"@PressenzaIPA\" \/>\n<meta name=\"twitter:site\" content=\"@PressenzaIPA\" \/>\n<meta name=\"twitter:label1\" content=\"\u00c9crit par\" \/>\n\t<meta name=\"twitter:data1\" content=\"R\u00e9daction France\" \/>\n\t<meta name=\"twitter:label2\" content=\"Dur\u00e9e de lecture estim\u00e9e\" \/>\n\t<meta name=\"twitter:data2\" content=\"7 minutes\" \/>\n<script type=\"application\/ld+json\" class=\"yoast-schema-graph\">{\"@context\":\"https:\/\/schema.org\",\"@graph\":[{\"@type\":\"Article\",\"@id\":\"https:\/\/www.pressenza.com\/fr\/2014\/04\/sommes-au-bout-du-modele-fordiste-il-faut-passer-modele-contributif\/#article\",\"isPartOf\":{\"@id\":\"https:\/\/www.pressenza.com\/fr\/2014\/04\/sommes-au-bout-du-modele-fordiste-il-faut-passer-modele-contributif\/\"},\"author\":{\"name\":\"R\u00e9daction France\",\"@id\":\"https:\/\/www.pressenza.com\/fr\/#\/schema\/person\/3c9fe6670cc2cffbd37562f87b98e869\"},\"headline\":\"Nous sommes au bout du mod\u00e8le fordiste, il faut passer \u00e0 un mod\u00e8le contributif\",\"datePublished\":\"2014-04-26T20:44:48+00:00\",\"dateModified\":\"2014-04-26T20:47:18+00:00\",\"mainEntityOfPage\":{\"@id\":\"https:\/\/www.pressenza.com\/fr\/2014\/04\/sommes-au-bout-du-modele-fordiste-il-faut-passer-modele-contributif\/\"},\"wordCount\":1514,\"publisher\":{\"@id\":\"https:\/\/www.pressenza.com\/fr\/#organization\"},\"image\":{\"@id\":\"https:\/\/www.pressenza.com\/fr\/2014\/04\/sommes-au-bout-du-modele-fordiste-il-faut-passer-modele-contributif\/#primaryimage\"},\"thumbnailUrl\":\"https:\/\/www.pressenza.com\/wp-content\/uploads\/2014\/04\/Nous-sommes-au-bout-du-mod\u00e8le-fordiste-il-faut-passer-\u00e0-un-mod\u00e8le-contributif.jpg\",\"keywords\":[\"mod\u00e8le contributif\",\"mod\u00e8le fordiste\"],\"articleSection\":[\"Economie\",\"International\",\"Opinion\"],\"inLanguage\":\"fr-FR\"},{\"@type\":\"WebPage\",\"@id\":\"https:\/\/www.pressenza.com\/fr\/2014\/04\/sommes-au-bout-du-modele-fordiste-il-faut-passer-modele-contributif\/\",\"url\":\"https:\/\/www.pressenza.com\/fr\/2014\/04\/sommes-au-bout-du-modele-fordiste-il-faut-passer-modele-contributif\/\",\"name\":\"Nous sommes au bout du mod\u00e8le fordiste, il faut passer \u00e0 un mod\u00e8le contributif\",\"isPartOf\":{\"@id\":\"https:\/\/www.pressenza.com\/fr\/#website\"},\"primaryImageOfPage\":{\"@id\":\"https:\/\/www.pressenza.com\/fr\/2014\/04\/sommes-au-bout-du-modele-fordiste-il-faut-passer-modele-contributif\/#primaryimage\"},\"image\":{\"@id\":\"https:\/\/www.pressenza.com\/fr\/2014\/04\/sommes-au-bout-du-modele-fordiste-il-faut-passer-modele-contributif\/#primaryimage\"},\"thumbnailUrl\":\"https:\/\/www.pressenza.com\/wp-content\/uploads\/2014\/04\/Nous-sommes-au-bout-du-mod\u00e8le-fordiste-il-faut-passer-\u00e0-un-mod\u00e8le-contributif.jpg\",\"datePublished\":\"2014-04-26T20:44:48+00:00\",\"dateModified\":\"2014-04-26T20:47:18+00:00\",\"description\":\"Bernard Stiegler est philosophe, th\u00e9oricien de l\u2019\u00e9volution des syst\u00e8mes techniques. Il a d\u00e9couvert les mod\u00e8les du libre de fa\u00e7on presque accidentelle, en\",\"breadcrumb\":{\"@id\":\"https:\/\/www.pressenza.com\/fr\/2014\/04\/sommes-au-bout-du-modele-fordiste-il-faut-passer-modele-contributif\/#breadcrumb\"},\"inLanguage\":\"fr-FR\",\"potentialAction\":[{\"@type\":\"ReadAction\",\"target\":[\"https:\/\/www.pressenza.com\/fr\/2014\/04\/sommes-au-bout-du-modele-fordiste-il-faut-passer-modele-contributif\/\"]}]},{\"@type\":\"ImageObject\",\"inLanguage\":\"fr-FR\",\"@id\":\"https:\/\/www.pressenza.com\/fr\/2014\/04\/sommes-au-bout-du-modele-fordiste-il-faut-passer-modele-contributif\/#primaryimage\",\"url\":\"https:\/\/www.pressenza.com\/wp-content\/uploads\/2014\/04\/Nous-sommes-au-bout-du-mod\u00e8le-fordiste-il-faut-passer-\u00e0-un-mod\u00e8le-contributif.jpg\",\"contentUrl\":\"https:\/\/www.pressenza.com\/wp-content\/uploads\/2014\/04\/Nous-sommes-au-bout-du-mod\u00e8le-fordiste-il-faut-passer-\u00e0-un-mod\u00e8le-contributif.jpg\",\"width\":500,\"height\":315},{\"@type\":\"BreadcrumbList\",\"@id\":\"https:\/\/www.pressenza.com\/fr\/2014\/04\/sommes-au-bout-du-modele-fordiste-il-faut-passer-modele-contributif\/#breadcrumb\",\"itemListElement\":[{\"@type\":\"ListItem\",\"position\":1,\"name\":\"Accueil\",\"item\":\"https:\/\/www.pressenza.com\/fr\/\"},{\"@type\":\"ListItem\",\"position\":2,\"name\":\"Nous sommes au bout du mod\u00e8le fordiste, il faut passer \u00e0 un mod\u00e8le contributif\"}]},{\"@type\":\"WebSite\",\"@id\":\"https:\/\/www.pressenza.com\/fr\/#website\",\"url\":\"https:\/\/www.pressenza.com\/fr\/\",\"name\":\"Pressenza\",\"description\":\"International Press Agency\",\"publisher\":{\"@id\":\"https:\/\/www.pressenza.com\/fr\/#organization\"},\"potentialAction\":[{\"@type\":\"SearchAction\",\"target\":{\"@type\":\"EntryPoint\",\"urlTemplate\":\"https:\/\/www.pressenza.com\/fr\/?s={search_term_string}\"},\"query-input\":{\"@type\":\"PropertyValueSpecification\",\"valueRequired\":true,\"valueName\":\"search_term_string\"}}],\"inLanguage\":\"fr-FR\"},{\"@type\":\"Organization\",\"@id\":\"https:\/\/www.pressenza.com\/fr\/#organization\",\"name\":\"Pressenza\",\"url\":\"https:\/\/www.pressenza.com\/fr\/\",\"logo\":{\"@type\":\"ImageObject\",\"inLanguage\":\"fr-FR\",\"@id\":\"https:\/\/www.pressenza.com\/fr\/#\/schema\/logo\/image\/\",\"url\":\"https:\/\/www.pressenza.com\/wp-content\/uploads\/2022\/10\/pressenza_logo_200x200.jpg\",\"contentUrl\":\"https:\/\/www.pressenza.com\/wp-content\/uploads\/2022\/10\/pressenza_logo_200x200.jpg\",\"width\":200,\"height\":200,\"caption\":\"Pressenza\"},\"image\":{\"@id\":\"https:\/\/www.pressenza.com\/fr\/#\/schema\/logo\/image\/\"},\"sameAs\":[\"https:\/\/www.facebook.com\/PressenzaItalia\",\"https:\/\/x.com\/PressenzaIPA\"]},{\"@type\":\"Person\",\"@id\":\"https:\/\/www.pressenza.com\/fr\/#\/schema\/person\/3c9fe6670cc2cffbd37562f87b98e869\",\"name\":\"R\u00e9daction France\",\"description\":\"News published by the Pressenza bureau in France\",\"sameAs\":[\"http:\/\/www.pressenza.com\/fr\"],\"url\":\"https:\/\/www.pressenza.com\/fr\/author\/redactionfrance\/\"}]}<\/script>\n<!-- \/ Yoast SEO plugin. -->","yoast_head_json":{"title":"Nous sommes au bout du mod\u00e8le fordiste, il faut passer \u00e0 un mod\u00e8le contributif","description":"Bernard Stiegler est philosophe, th\u00e9oricien de l\u2019\u00e9volution des syst\u00e8mes techniques. Il a d\u00e9couvert les mod\u00e8les du libre de fa\u00e7on presque accidentelle, en","robots":{"index":"index","follow":"follow","max-snippet":"max-snippet:-1","max-image-preview":"max-image-preview:large","max-video-preview":"max-video-preview:-1"},"canonical":"https:\/\/www.pressenza.com\/fr\/2014\/04\/sommes-au-bout-du-modele-fordiste-il-faut-passer-modele-contributif\/","og_locale":"fr_FR","og_type":"article","og_title":"Nous sommes au bout du mod\u00e8le fordiste, il faut passer \u00e0 un mod\u00e8le contributif","og_description":"Bernard Stiegler est philosophe, th\u00e9oricien de l\u2019\u00e9volution des syst\u00e8mes techniques. Il a d\u00e9couvert les mod\u00e8les du libre de fa\u00e7on presque accidentelle, en","og_url":"https:\/\/www.pressenza.com\/fr\/2014\/04\/sommes-au-bout-du-modele-fordiste-il-faut-passer-modele-contributif\/","og_site_name":"Pressenza","article_publisher":"https:\/\/www.facebook.com\/PressenzaItalia","article_published_time":"2014-04-26T20:44:48+00:00","article_modified_time":"2014-04-26T20:47:18+00:00","og_image":[{"width":500,"height":315,"url":"https:\/\/www.pressenza.com\/wp-content\/uploads\/2014\/04\/Nous-sommes-au-bout-du-mod\u00e8le-fordiste-il-faut-passer-\u00e0-un-mod\u00e8le-contributif.jpg","type":"image\/jpeg"}],"author":"R\u00e9daction France","twitter_card":"summary_large_image","twitter_creator":"@PressenzaIPA","twitter_site":"@PressenzaIPA","twitter_misc":{"\u00c9crit par":"R\u00e9daction France","Dur\u00e9e de lecture estim\u00e9e":"7 minutes"},"schema":{"@context":"https:\/\/schema.org","@graph":[{"@type":"Article","@id":"https:\/\/www.pressenza.com\/fr\/2014\/04\/sommes-au-bout-du-modele-fordiste-il-faut-passer-modele-contributif\/#article","isPartOf":{"@id":"https:\/\/www.pressenza.com\/fr\/2014\/04\/sommes-au-bout-du-modele-fordiste-il-faut-passer-modele-contributif\/"},"author":{"name":"R\u00e9daction France","@id":"https:\/\/www.pressenza.com\/fr\/#\/schema\/person\/3c9fe6670cc2cffbd37562f87b98e869"},"headline":"Nous sommes au bout du mod\u00e8le fordiste, il faut passer \u00e0 un mod\u00e8le contributif","datePublished":"2014-04-26T20:44:48+00:00","dateModified":"2014-04-26T20:47:18+00:00","mainEntityOfPage":{"@id":"https:\/\/www.pressenza.com\/fr\/2014\/04\/sommes-au-bout-du-modele-fordiste-il-faut-passer-modele-contributif\/"},"wordCount":1514,"publisher":{"@id":"https:\/\/www.pressenza.com\/fr\/#organization"},"image":{"@id":"https:\/\/www.pressenza.com\/fr\/2014\/04\/sommes-au-bout-du-modele-fordiste-il-faut-passer-modele-contributif\/#primaryimage"},"thumbnailUrl":"https:\/\/www.pressenza.com\/wp-content\/uploads\/2014\/04\/Nous-sommes-au-bout-du-mod\u00e8le-fordiste-il-faut-passer-\u00e0-un-mod\u00e8le-contributif.jpg","keywords":["mod\u00e8le contributif","mod\u00e8le fordiste"],"articleSection":["Economie","International","Opinion"],"inLanguage":"fr-FR"},{"@type":"WebPage","@id":"https:\/\/www.pressenza.com\/fr\/2014\/04\/sommes-au-bout-du-modele-fordiste-il-faut-passer-modele-contributif\/","url":"https:\/\/www.pressenza.com\/fr\/2014\/04\/sommes-au-bout-du-modele-fordiste-il-faut-passer-modele-contributif\/","name":"Nous sommes au bout du mod\u00e8le fordiste, il faut passer \u00e0 un mod\u00e8le contributif","isPartOf":{"@id":"https:\/\/www.pressenza.com\/fr\/#website"},"primaryImageOfPage":{"@id":"https:\/\/www.pressenza.com\/fr\/2014\/04\/sommes-au-bout-du-modele-fordiste-il-faut-passer-modele-contributif\/#primaryimage"},"image":{"@id":"https:\/\/www.pressenza.com\/fr\/2014\/04\/sommes-au-bout-du-modele-fordiste-il-faut-passer-modele-contributif\/#primaryimage"},"thumbnailUrl":"https:\/\/www.pressenza.com\/wp-content\/uploads\/2014\/04\/Nous-sommes-au-bout-du-mod\u00e8le-fordiste-il-faut-passer-\u00e0-un-mod\u00e8le-contributif.jpg","datePublished":"2014-04-26T20:44:48+00:00","dateModified":"2014-04-26T20:47:18+00:00","description":"Bernard Stiegler est philosophe, th\u00e9oricien de l\u2019\u00e9volution des syst\u00e8mes techniques. Il a d\u00e9couvert les mod\u00e8les du libre de fa\u00e7on presque accidentelle, en","breadcrumb":{"@id":"https:\/\/www.pressenza.com\/fr\/2014\/04\/sommes-au-bout-du-modele-fordiste-il-faut-passer-modele-contributif\/#breadcrumb"},"inLanguage":"fr-FR","potentialAction":[{"@type":"ReadAction","target":["https:\/\/www.pressenza.com\/fr\/2014\/04\/sommes-au-bout-du-modele-fordiste-il-faut-passer-modele-contributif\/"]}]},{"@type":"ImageObject","inLanguage":"fr-FR","@id":"https:\/\/www.pressenza.com\/fr\/2014\/04\/sommes-au-bout-du-modele-fordiste-il-faut-passer-modele-contributif\/#primaryimage","url":"https:\/\/www.pressenza.com\/wp-content\/uploads\/2014\/04\/Nous-sommes-au-bout-du-mod\u00e8le-fordiste-il-faut-passer-\u00e0-un-mod\u00e8le-contributif.jpg","contentUrl":"https:\/\/www.pressenza.com\/wp-content\/uploads\/2014\/04\/Nous-sommes-au-bout-du-mod\u00e8le-fordiste-il-faut-passer-\u00e0-un-mod\u00e8le-contributif.jpg","width":500,"height":315},{"@type":"BreadcrumbList","@id":"https:\/\/www.pressenza.com\/fr\/2014\/04\/sommes-au-bout-du-modele-fordiste-il-faut-passer-modele-contributif\/#breadcrumb","itemListElement":[{"@type":"ListItem","position":1,"name":"Accueil","item":"https:\/\/www.pressenza.com\/fr\/"},{"@type":"ListItem","position":2,"name":"Nous sommes au bout du mod\u00e8le fordiste, il faut passer \u00e0 un mod\u00e8le contributif"}]},{"@type":"WebSite","@id":"https:\/\/www.pressenza.com\/fr\/#website","url":"https:\/\/www.pressenza.com\/fr\/","name":"Pressenza","description":"International Press Agency","publisher":{"@id":"https:\/\/www.pressenza.com\/fr\/#organization"},"potentialAction":[{"@type":"SearchAction","target":{"@type":"EntryPoint","urlTemplate":"https:\/\/www.pressenza.com\/fr\/?s={search_term_string}"},"query-input":{"@type":"PropertyValueSpecification","valueRequired":true,"valueName":"search_term_string"}}],"inLanguage":"fr-FR"},{"@type":"Organization","@id":"https:\/\/www.pressenza.com\/fr\/#organization","name":"Pressenza","url":"https:\/\/www.pressenza.com\/fr\/","logo":{"@type":"ImageObject","inLanguage":"fr-FR","@id":"https:\/\/www.pressenza.com\/fr\/#\/schema\/logo\/image\/","url":"https:\/\/www.pressenza.com\/wp-content\/uploads\/2022\/10\/pressenza_logo_200x200.jpg","contentUrl":"https:\/\/www.pressenza.com\/wp-content\/uploads\/2022\/10\/pressenza_logo_200x200.jpg","width":200,"height":200,"caption":"Pressenza"},"image":{"@id":"https:\/\/www.pressenza.com\/fr\/#\/schema\/logo\/image\/"},"sameAs":["https:\/\/www.facebook.com\/PressenzaItalia","https:\/\/x.com\/PressenzaIPA"]},{"@type":"Person","@id":"https:\/\/www.pressenza.com\/fr\/#\/schema\/person\/3c9fe6670cc2cffbd37562f87b98e869","name":"R\u00e9daction France","description":"News published by the Pressenza bureau in France","sameAs":["http:\/\/www.pressenza.com\/fr"],"url":"https:\/\/www.pressenza.com\/fr\/author\/redactionfrance\/"}]}},"place":"","original_article_url":"","_links":{"self":[{"href":"https:\/\/www.pressenza.com\/fr\/wp-json\/wp\/v2\/posts\/103769","targetHints":{"allow":["GET"]}}],"collection":[{"href":"https:\/\/www.pressenza.com\/fr\/wp-json\/wp\/v2\/posts"}],"about":[{"href":"https:\/\/www.pressenza.com\/fr\/wp-json\/wp\/v2\/types\/post"}],"author":[{"embeddable":true,"href":"https:\/\/www.pressenza.com\/fr\/wp-json\/wp\/v2\/users\/926"}],"replies":[{"embeddable":true,"href":"https:\/\/www.pressenza.com\/fr\/wp-json\/wp\/v2\/comments?post=103769"}],"version-history":[{"count":0,"href":"https:\/\/www.pressenza.com\/fr\/wp-json\/wp\/v2\/posts\/103769\/revisions"}],"wp:featuredmedia":[{"embeddable":true,"href":"https:\/\/www.pressenza.com\/fr\/wp-json\/wp\/v2\/media\/103770"}],"wp:attachment":[{"href":"https:\/\/www.pressenza.com\/fr\/wp-json\/wp\/v2\/media?parent=103769"}],"wp:term":[{"taxonomy":"category","embeddable":true,"href":"https:\/\/www.pressenza.com\/fr\/wp-json\/wp\/v2\/categories?post=103769"},{"taxonomy":"post_tag","embeddable":true,"href":"https:\/\/www.pressenza.com\/fr\/wp-json\/wp\/v2\/tags?post=103769"}],"curies":[{"name":"wp","href":"https:\/\/api.w.org\/{rel}","templated":true}]}}