{"id":1026427,"date":"2020-02-02T19:09:10","date_gmt":"2020-02-02T19:09:10","guid":{"rendered":"https:\/\/www.pressenza.com\/?p=1026427"},"modified":"2020-02-03T20:27:11","modified_gmt":"2020-02-03T20:27:11","slug":"juifs-et-arabes-ensemble-pour-la-paix-ce-1-fevrier-a-tel-aviv","status":"publish","type":"post","link":"https:\/\/www.pressenza.com\/fr\/2020\/02\/juifs-et-arabes-ensemble-pour-la-paix-ce-1-fevrier-a-tel-aviv\/","title":{"rendered":"Juifs et Arabes ensemble pour la paix ce 1er f\u00e9vrier \u00e0 Tel Aviv"},"content":{"rendered":"<p id=\"outputEditor\" tabindex=\"-1\"><span id=\"Sp1.s1.1_o\" class=\"systran_seg segmentSelected\" data-key=\"0\" data-editortype=\"target\"><span class=\"tokens_created\"><span class=\"token_created\">Environ<\/span> <span class=\"token_created\">1000<\/span> <span class=\"token_created\">personnes,<\/span> J<span class=\"token_created\">uifs<\/span> <span class=\"token_created\">et<\/span> A<span class=\"token_created\">rabes,<\/span> <span class=\"token_created\">ont<\/span> <span class=\"token_created\">d\u00e9fil\u00e9<\/span> <span class=\"token_created\">ensemble<\/span> ce 1er f\u00e9vrier <span class=\"token_created\">pour<\/span> <span class=\"token_created\">protester<\/span> <span class=\"token_created\">avec<\/span> <a href=\"https:\/\/www.facebook.com\/events\/177346423471328\/\">le <span class=\"token_created\">texte<\/span> <span class=\"token_created\">suivant<\/span><\/a> <span class=\"token_created\">:<\/span><\/span><\/span><span id=\"Sp1.s1.2_o\" class=\"systran_seg\" data-key=\"1\" data-editortype=\"target\"><span class=\"tokens_created\"> <span class=\"token_created\">\u00ab\u00a0L&rsquo;accord<\/span> <span class=\"token_created\">Trump-Netanyahu<\/span> <span class=\"token_created\">est<\/span> <span class=\"token_created\">une<\/span> <span class=\"token_created\">menace<\/span> <span class=\"token_created\">pour<\/span> <span class=\"token_created\">l&rsquo;avenir<\/span> <span class=\"token_created\">des<\/span> <span class=\"token_created\">deux<\/span> <span class=\"token_created\">nations<span id=\"Sp1.s1.4_o\" class=\"systran_seg\" data-key=\"3\" data-editortype=\"target\"><\/span>.<\/span><\/span><\/span><span id=\"Sp1.s1.3_o\" class=\"systran_seg\" data-key=\"2\" data-editortype=\"target\"><span class=\"tokens_created\"> <span class=\"token_created\">Il<\/span> <span class=\"token_created\">s&rsquo;agit<\/span> <span class=\"token_created\">d&rsquo;un<\/span> <span class=\"token_created\">accord<\/span> <span class=\"token_created\">unilat\u00e9ral<\/span> <span class=\"token_created\">qui<\/span> <span class=\"token_created\">n&rsquo;apportera<\/span> <span class=\"token_created\">pas<\/span> <span class=\"token_created\">la<\/span> <span class=\"token_created\">paix,<\/span> <span class=\"token_created\">la<\/span> <span class=\"token_created\">justice<\/span> ou <span class=\"token_created\">le<\/span> <span class=\"token_created\">r\u00e8glement<\/span> <span class=\"token_created\">des<\/span> <span class=\"token_created\">conflits,<\/span> <span class=\"token_created\">mais<\/span> <span class=\"token_created\">qui<\/span> <span class=\"token_created\">propagera<\/span> <span class=\"token_created\">davantage<\/span> <span class=\"token_created\">la<\/span> <span class=\"token_created\">violence.<\/span><\/span><\/span><span id=\"Sp1.s1.4_o\" class=\"systran_seg\" data-key=\"3\" data-editortype=\"target\"><span class=\"tokens_created\"> <span class=\"token_created\">Le<\/span> <span class=\"token_created\">plan<\/span> <span class=\"token_created\">donne<\/span> <span class=\"token_created\">au<\/span> <span class=\"token_created\">gouvernement<\/span> [N.d.T. isra\u00e9lien] <span class=\"token_created\">le<\/span> <span class=\"token_created\">feu<\/span> <span class=\"token_created\">vert<\/span> <span class=\"token_created\">pour<\/span> <span class=\"token_created\">annexer<\/span> <span class=\"token_created\">la<\/span> <span class=\"token_created\">Cisjordanie,<\/span> <span class=\"token_created\">pour<\/span> <span class=\"token_created\">se<\/span> <span class=\"token_created\">rendre<\/span> <span class=\"token_created\">aux<\/span> <span class=\"token_created\">diktats<\/span> <span class=\"token_created\">des<\/span> <span class=\"token_created\">colons<\/span> <span class=\"token_created\">extr\u00e9mistes<\/span> <span class=\"token_created\">et<\/span> <span class=\"token_created\">pour<\/span> <span class=\"token_created\">refuser<\/span> <span class=\"token_created\">la<\/span> <span class=\"token_created\">citoyennet\u00e9<\/span> <span class=\"token_created\">de<\/span> <span class=\"token_created\">centaines<\/span> <span class=\"token_created\">de<\/span> <span class=\"token_created\">milliers<\/span> <span class=\"token_created\">de<\/span> <span class=\"token_created\">citoyens<\/span> <span class=\"token_created\">arabes<\/span> <span class=\"token_created\">isra\u00e9liens<\/span> <span class=\"token_created\">vivant<\/span> <span class=\"token_created\">\u00e0<\/span> <span class=\"token_created\">Wadi<\/span> <span class=\"token_created\">Ara<\/span> <span class=\"token_created\">et<\/span> <span class=\"token_created\">dans<\/span> <span class=\"token_created\">le<\/span> <span class=\"token_created\">triangle.\u00a0\u00bb<br \/>\n<\/span><\/span><\/span><\/p>\n<p id=\"outputEditor\" tabindex=\"-1\"><span id=\"Sp1.s1.1_o\" class=\"systran_seg\" data-key=\"0\" data-editortype=\"target\"><span class=\"tokens_created\"><span class=\"token_created\">A l&rsquo;appel du mouvement populaire <\/span><\/span><\/span><a href=\"https:\/\/www.standing-together.org\/english\" target=\"_blank\" rel=\"noopener\">Standing together<\/a><span id=\"Sp1.s1.1_o\" class=\"systran_seg\" data-key=\"0\" data-editortype=\"target\"><span class=\"tokens_created\"> [Debout ensemble] un rassemblement a eu lieu ce samedi 1er f\u00e9vrier <span class=\"token_created\">sur<\/span> <span class=\"token_created\">la<\/span> <span class=\"token_created\">place<\/span> <span class=\"token_created\">Dizengoff<\/span> <span class=\"token_created\">\u00e0<\/span> <span class=\"token_created\">Tel<\/span> <span class=\"token_created\">Aviv.<\/span><\/span><\/span><span id=\"Sp1.s1.2_o\" class=\"systran_seg\" data-key=\"1\" data-editortype=\"target\"><span class=\"tokens_created\"> <span class=\"token_created\">Ceux<\/span> <span class=\"token_created\">qui y<\/span>\u00a0<span class=\"token_created\">ont<\/span> <span class=\"token_created\">particip\u00e9<\/span> <span class=\"token_created\">ont<\/span> <span class=\"token_created\">fait<\/span> <span class=\"token_created\">une<\/span> <span class=\"token_created\">\u00ab\u00a0marche<\/span> <span class=\"token_created\">d&rsquo;urgence\u00a0\u00bb,<\/span> <span class=\"token_created\">destin\u00e9e<\/span> <span class=\"token_created\">\u00e0<\/span> <span class=\"token_created\">exiger<\/span> <span class=\"token_created\">la<\/span> <span class=\"token_created\">s\u00e9curit\u00e9<\/span> <span class=\"token_created\">de<\/span> <span class=\"token_created\">leur<\/span> <span class=\"token_created\">vie,<\/span> <span class=\"token_created\">de<\/span> <span class=\"token_created\">leur<\/span> <span class=\"token_created\">famille<\/span> <span class=\"token_created\">et<\/span> <span class=\"token_created\">de<\/span> <span class=\"token_created\">leurs<\/span> <span class=\"token_created\">enfants, ainsi que de<\/span><\/span><\/span><span id=\"Sp1.s1.3_o\" class=\"systran_seg\" data-key=\"2\" data-editortype=\"target\"><span class=\"tokens_created\"><span class=\"token_created\">s<\/span> <span class=\"token_created\">n\u00e9gociations<\/span> <span class=\"token_created\">pour<\/span> <span class=\"token_created\">mettre<\/span> <span class=\"token_created\">fin<\/span> <span class=\"token_created\">\u00e0<\/span> <span class=\"token_created\">l&rsquo;occupation<\/span> <span class=\"token_created\">et<\/span> <span class=\"token_created\">pour<\/span> <span class=\"token_created\">la<\/span> <span class=\"token_created\">paix<\/span> <span class=\"token_created\">des<\/span> <span class=\"token_created\">deux<\/span> <span class=\"token_created\">\u00c9tats,<\/span> <span class=\"token_created\">Isra\u00ebl<\/span> <span class=\"token_created\">et<\/span> <span class=\"token_created\">la<\/span> <span class=\"token_created\">Palestine.<\/span><\/span><\/span><\/p>\n<p style=\"text-align: center;\"><a href=\"https:\/\/www.pressenza.com\/el\/2020\/02\/israilinoi-kai-palaistinioi-mazi-gia-tin-eirini-xtes-sto-telaviv\/arab-jewish-movement2\/\" rel=\"attachment wp-att-1026326\"><img loading=\"lazy\" decoding=\"async\" class=\"aligncenter size-large wp-image-1026326\" src=\"https:\/\/www.pressenza.com\/wp-content\/uploads\/2020\/02\/arab-jewish-movement2-720x480.jpg\" alt=\"\" width=\"720\" height=\"480\" srcset=\"https:\/\/www.pressenza.com\/wp-content\/uploads\/2020\/02\/arab-jewish-movement2-720x480.jpg 720w, https:\/\/www.pressenza.com\/wp-content\/uploads\/2020\/02\/arab-jewish-movement2-300x200.jpg 300w, https:\/\/www.pressenza.com\/wp-content\/uploads\/2020\/02\/arab-jewish-movement2-768x512.jpg 768w, https:\/\/www.pressenza.com\/wp-content\/uploads\/2020\/02\/arab-jewish-movement2.jpg 1599w\" sizes=\"auto, (max-width: 720px) 100vw, 720px\" \/><\/a>Vue de la manifestation. (Cr\u00e9dit image : Standing together)<\/p>\n","protected":false},"excerpt":{"rendered":"<p>Environ 1000 personnes, Juifs et Arabes, ont d\u00e9fil\u00e9 ensemble ce 1er f\u00e9vrier pour protester avec le texte suivant : \u00ab\u00a0L&rsquo;accord Trump-Netanyahu est une menace pour l&rsquo;avenir des deux nations. Il s&rsquo;agit d&rsquo;un accord unilat\u00e9ral qui n&rsquo;apportera pas la paix, la&hellip;<\/p>\n","protected":false},"author":1220,"featured_media":1026319,"comment_status":"closed","ping_status":"closed","sticky":false,"template":"","format":"standard","meta":{"footnotes":""},"categories":[98,1250,90],"tags":[61622,824,470,298,1113,8857],"class_list":["post-1026427","post","type-post","status-publish","format-standard","has-post-thumbnail","hentry","category-droits-de-lhomme","category-paix-desarmement","category-moyen-orient","tag-accord-du-siecle","tag-citoyennete","tag-israel-fr","tag-paix","tag-palestine-fr","tag-tel-aviv"],"yoast_head":"<!-- This site is optimized with the Yoast SEO plugin v27.1.1 - https:\/\/yoast.com\/product\/yoast-seo-wordpress\/ -->\n<title>Juifs et Arabes ensemble pour la paix ce 1er f\u00e9vrier \u00e0 Tel Aviv<\/title>\n<meta name=\"description\" content=\"Environ 1000 personnes, Juifs et Arabes, ont d\u00e9fil\u00e9 ensemble ce 1er f\u00e9vrier pour protester avec le texte suivant : &quot;L&#039;accord Trump-Netanyahu est une\" \/>\n<meta name=\"robots\" content=\"index, follow, max-snippet:-1, max-image-preview:large, max-video-preview:-1\" \/>\n<link rel=\"canonical\" href=\"https:\/\/www.pressenza.com\/fr\/2020\/02\/juifs-et-arabes-ensemble-pour-la-paix-ce-1-fevrier-a-tel-aviv\/\" \/>\n<meta property=\"og:locale\" content=\"fr_FR\" \/>\n<meta property=\"og:type\" content=\"article\" \/>\n<meta property=\"og:title\" content=\"Juifs et Arabes ensemble pour la paix ce 1er f\u00e9vrier \u00e0 Tel Aviv\" \/>\n<meta property=\"og:description\" content=\"Environ 1000 personnes, Juifs et Arabes, ont d\u00e9fil\u00e9 ensemble ce 1er f\u00e9vrier pour protester avec le texte suivant : &quot;L&#039;accord Trump-Netanyahu est une\" \/>\n<meta property=\"og:url\" content=\"https:\/\/www.pressenza.com\/fr\/2020\/02\/juifs-et-arabes-ensemble-pour-la-paix-ce-1-fevrier-a-tel-aviv\/\" \/>\n<meta property=\"og:site_name\" content=\"Pressenza\" \/>\n<meta property=\"article:publisher\" content=\"https:\/\/www.facebook.com\/PressenzaItalia\" \/>\n<meta property=\"article:author\" content=\"https:\/\/www.facebook.com\/pressenzagr\/\" \/>\n<meta property=\"article:published_time\" content=\"2020-02-02T19:09:10+00:00\" \/>\n<meta property=\"article:modified_time\" content=\"2020-02-03T20:27:11+00:00\" \/>\n<meta property=\"og:image\" content=\"https:\/\/www.pressenza.com\/wp-content\/uploads\/2020\/02\/arab-jewish-movement.jpg\" \/>\n\t<meta property=\"og:image:width\" content=\"680\" \/>\n\t<meta property=\"og:image:height\" content=\"383\" \/>\n\t<meta property=\"og:image:type\" content=\"image\/jpeg\" \/>\n<meta name=\"author\" content=\"Pressenza Athens\" \/>\n<meta name=\"twitter:card\" content=\"summary_large_image\" \/>\n<meta name=\"twitter:creator\" content=\"@Pressenza_ath\" \/>\n<meta name=\"twitter:site\" content=\"@PressenzaIPA\" \/>\n<meta name=\"twitter:label1\" content=\"\u00c9crit par\" \/>\n\t<meta name=\"twitter:data1\" content=\"Pressenza Athens\" \/>\n\t<meta name=\"twitter:label2\" content=\"Dur\u00e9e de lecture estim\u00e9e\" \/>\n\t<meta name=\"twitter:data2\" content=\"1 minute\" \/>\n<script type=\"application\/ld+json\" class=\"yoast-schema-graph\">{\"@context\":\"https:\/\/schema.org\",\"@graph\":[{\"@type\":\"Article\",\"@id\":\"https:\/\/www.pressenza.com\/fr\/2020\/02\/juifs-et-arabes-ensemble-pour-la-paix-ce-1-fevrier-a-tel-aviv\/#article\",\"isPartOf\":{\"@id\":\"https:\/\/www.pressenza.com\/fr\/2020\/02\/juifs-et-arabes-ensemble-pour-la-paix-ce-1-fevrier-a-tel-aviv\/\"},\"author\":{\"name\":\"Pressenza Athens\",\"@id\":\"https:\/\/www.pressenza.com\/fr\/#\/schema\/person\/9eae8d7f0aad5ec6a7f6f21ec94480fb\"},\"headline\":\"Juifs et Arabes ensemble pour la paix ce 1er f\u00e9vrier \u00e0 Tel Aviv\",\"datePublished\":\"2020-02-02T19:09:10+00:00\",\"dateModified\":\"2020-02-03T20:27:11+00:00\",\"mainEntityOfPage\":{\"@id\":\"https:\/\/www.pressenza.com\/fr\/2020\/02\/juifs-et-arabes-ensemble-pour-la-paix-ce-1-fevrier-a-tel-aviv\/\"},\"wordCount\":204,\"publisher\":{\"@id\":\"https:\/\/www.pressenza.com\/fr\/#organization\"},\"image\":{\"@id\":\"https:\/\/www.pressenza.com\/fr\/2020\/02\/juifs-et-arabes-ensemble-pour-la-paix-ce-1-fevrier-a-tel-aviv\/#primaryimage\"},\"thumbnailUrl\":\"https:\/\/www.pressenza.com\/wp-content\/uploads\/2020\/02\/arab-jewish-movement.jpg\",\"keywords\":[\"accord du si\u00e8cle\",\"citoyennet\u00e9\",\"Isra\u00ebl\",\"Paix\",\"Palestine\",\"Tel-Aviv\"],\"articleSection\":[\"Droits humains\",\"Paix et D\u00e9sarmement\",\"Proche et Moyen-Orient\"],\"inLanguage\":\"fr-FR\"},{\"@type\":\"WebPage\",\"@id\":\"https:\/\/www.pressenza.com\/fr\/2020\/02\/juifs-et-arabes-ensemble-pour-la-paix-ce-1-fevrier-a-tel-aviv\/\",\"url\":\"https:\/\/www.pressenza.com\/fr\/2020\/02\/juifs-et-arabes-ensemble-pour-la-paix-ce-1-fevrier-a-tel-aviv\/\",\"name\":\"Juifs et Arabes ensemble pour la paix ce 1er f\u00e9vrier \u00e0 Tel Aviv\",\"isPartOf\":{\"@id\":\"https:\/\/www.pressenza.com\/fr\/#website\"},\"primaryImageOfPage\":{\"@id\":\"https:\/\/www.pressenza.com\/fr\/2020\/02\/juifs-et-arabes-ensemble-pour-la-paix-ce-1-fevrier-a-tel-aviv\/#primaryimage\"},\"image\":{\"@id\":\"https:\/\/www.pressenza.com\/fr\/2020\/02\/juifs-et-arabes-ensemble-pour-la-paix-ce-1-fevrier-a-tel-aviv\/#primaryimage\"},\"thumbnailUrl\":\"https:\/\/www.pressenza.com\/wp-content\/uploads\/2020\/02\/arab-jewish-movement.jpg\",\"datePublished\":\"2020-02-02T19:09:10+00:00\",\"dateModified\":\"2020-02-03T20:27:11+00:00\",\"description\":\"Environ 1000 personnes, Juifs et Arabes, ont d\u00e9fil\u00e9 ensemble ce 1er f\u00e9vrier pour protester avec le texte suivant : \\\"L'accord Trump-Netanyahu est une\",\"breadcrumb\":{\"@id\":\"https:\/\/www.pressenza.com\/fr\/2020\/02\/juifs-et-arabes-ensemble-pour-la-paix-ce-1-fevrier-a-tel-aviv\/#breadcrumb\"},\"inLanguage\":\"fr-FR\",\"potentialAction\":[{\"@type\":\"ReadAction\",\"target\":[\"https:\/\/www.pressenza.com\/fr\/2020\/02\/juifs-et-arabes-ensemble-pour-la-paix-ce-1-fevrier-a-tel-aviv\/\"]}]},{\"@type\":\"ImageObject\",\"inLanguage\":\"fr-FR\",\"@id\":\"https:\/\/www.pressenza.com\/fr\/2020\/02\/juifs-et-arabes-ensemble-pour-la-paix-ce-1-fevrier-a-tel-aviv\/#primaryimage\",\"url\":\"https:\/\/www.pressenza.com\/wp-content\/uploads\/2020\/02\/arab-jewish-movement.jpg\",\"contentUrl\":\"https:\/\/www.pressenza.com\/wp-content\/uploads\/2020\/02\/arab-jewish-movement.jpg\",\"width\":680,\"height\":383,\"caption\":\"Isra\u00e9liens et Palestiniens ensemble pour la paix ce 1 f\u00e9vrier \u00e0 Tel Aviv\"},{\"@type\":\"BreadcrumbList\",\"@id\":\"https:\/\/www.pressenza.com\/fr\/2020\/02\/juifs-et-arabes-ensemble-pour-la-paix-ce-1-fevrier-a-tel-aviv\/#breadcrumb\",\"itemListElement\":[{\"@type\":\"ListItem\",\"position\":1,\"name\":\"Accueil\",\"item\":\"https:\/\/www.pressenza.com\/fr\/\"},{\"@type\":\"ListItem\",\"position\":2,\"name\":\"Juifs et Arabes ensemble pour la paix ce 1er f\u00e9vrier \u00e0 Tel Aviv\"}]},{\"@type\":\"WebSite\",\"@id\":\"https:\/\/www.pressenza.com\/fr\/#website\",\"url\":\"https:\/\/www.pressenza.com\/fr\/\",\"name\":\"Pressenza\",\"description\":\"International Press Agency\",\"publisher\":{\"@id\":\"https:\/\/www.pressenza.com\/fr\/#organization\"},\"potentialAction\":[{\"@type\":\"SearchAction\",\"target\":{\"@type\":\"EntryPoint\",\"urlTemplate\":\"https:\/\/www.pressenza.com\/fr\/?s={search_term_string}\"},\"query-input\":{\"@type\":\"PropertyValueSpecification\",\"valueRequired\":true,\"valueName\":\"search_term_string\"}}],\"inLanguage\":\"fr-FR\"},{\"@type\":\"Organization\",\"@id\":\"https:\/\/www.pressenza.com\/fr\/#organization\",\"name\":\"Pressenza\",\"url\":\"https:\/\/www.pressenza.com\/fr\/\",\"logo\":{\"@type\":\"ImageObject\",\"inLanguage\":\"fr-FR\",\"@id\":\"https:\/\/www.pressenza.com\/fr\/#\/schema\/logo\/image\/\",\"url\":\"https:\/\/www.pressenza.com\/wp-content\/uploads\/2022\/10\/pressenza_logo_200x200.jpg\",\"contentUrl\":\"https:\/\/www.pressenza.com\/wp-content\/uploads\/2022\/10\/pressenza_logo_200x200.jpg\",\"width\":200,\"height\":200,\"caption\":\"Pressenza\"},\"image\":{\"@id\":\"https:\/\/www.pressenza.com\/fr\/#\/schema\/logo\/image\/\"},\"sameAs\":[\"https:\/\/www.facebook.com\/PressenzaItalia\",\"https:\/\/x.com\/PressenzaIPA\"]},{\"@type\":\"Person\",\"@id\":\"https:\/\/www.pressenza.com\/fr\/#\/schema\/person\/9eae8d7f0aad5ec6a7f6f21ec94480fb\",\"name\":\"Pressenza Athens\",\"description\":\"News from the Pressenza Bureau in Athens, Greece\",\"sameAs\":[\"https:\/\/www.facebook.com\/pressenzagr\/\",\"https:\/\/x.com\/Pressenza_ath\"],\"url\":\"https:\/\/www.pressenza.com\/fr\/author\/pressenza-athens\/\"}]}<\/script>\n<!-- \/ Yoast SEO plugin. -->","yoast_head_json":{"title":"Juifs et Arabes ensemble pour la paix ce 1er f\u00e9vrier \u00e0 Tel Aviv","description":"Environ 1000 personnes, Juifs et Arabes, ont d\u00e9fil\u00e9 ensemble ce 1er f\u00e9vrier pour protester avec le texte suivant : \"L'accord Trump-Netanyahu est une","robots":{"index":"index","follow":"follow","max-snippet":"max-snippet:-1","max-image-preview":"max-image-preview:large","max-video-preview":"max-video-preview:-1"},"canonical":"https:\/\/www.pressenza.com\/fr\/2020\/02\/juifs-et-arabes-ensemble-pour-la-paix-ce-1-fevrier-a-tel-aviv\/","og_locale":"fr_FR","og_type":"article","og_title":"Juifs et Arabes ensemble pour la paix ce 1er f\u00e9vrier \u00e0 Tel Aviv","og_description":"Environ 1000 personnes, Juifs et Arabes, ont d\u00e9fil\u00e9 ensemble ce 1er f\u00e9vrier pour protester avec le texte suivant : \"L'accord Trump-Netanyahu est une","og_url":"https:\/\/www.pressenza.com\/fr\/2020\/02\/juifs-et-arabes-ensemble-pour-la-paix-ce-1-fevrier-a-tel-aviv\/","og_site_name":"Pressenza","article_publisher":"https:\/\/www.facebook.com\/PressenzaItalia","article_author":"https:\/\/www.facebook.com\/pressenzagr\/","article_published_time":"2020-02-02T19:09:10+00:00","article_modified_time":"2020-02-03T20:27:11+00:00","og_image":[{"width":680,"height":383,"url":"https:\/\/www.pressenza.com\/wp-content\/uploads\/2020\/02\/arab-jewish-movement.jpg","type":"image\/jpeg"}],"author":"Pressenza Athens","twitter_card":"summary_large_image","twitter_creator":"@Pressenza_ath","twitter_site":"@PressenzaIPA","twitter_misc":{"\u00c9crit par":"Pressenza Athens","Dur\u00e9e de lecture estim\u00e9e":"1 minute"},"schema":{"@context":"https:\/\/schema.org","@graph":[{"@type":"Article","@id":"https:\/\/www.pressenza.com\/fr\/2020\/02\/juifs-et-arabes-ensemble-pour-la-paix-ce-1-fevrier-a-tel-aviv\/#article","isPartOf":{"@id":"https:\/\/www.pressenza.com\/fr\/2020\/02\/juifs-et-arabes-ensemble-pour-la-paix-ce-1-fevrier-a-tel-aviv\/"},"author":{"name":"Pressenza Athens","@id":"https:\/\/www.pressenza.com\/fr\/#\/schema\/person\/9eae8d7f0aad5ec6a7f6f21ec94480fb"},"headline":"Juifs et Arabes ensemble pour la paix ce 1er f\u00e9vrier \u00e0 Tel Aviv","datePublished":"2020-02-02T19:09:10+00:00","dateModified":"2020-02-03T20:27:11+00:00","mainEntityOfPage":{"@id":"https:\/\/www.pressenza.com\/fr\/2020\/02\/juifs-et-arabes-ensemble-pour-la-paix-ce-1-fevrier-a-tel-aviv\/"},"wordCount":204,"publisher":{"@id":"https:\/\/www.pressenza.com\/fr\/#organization"},"image":{"@id":"https:\/\/www.pressenza.com\/fr\/2020\/02\/juifs-et-arabes-ensemble-pour-la-paix-ce-1-fevrier-a-tel-aviv\/#primaryimage"},"thumbnailUrl":"https:\/\/www.pressenza.com\/wp-content\/uploads\/2020\/02\/arab-jewish-movement.jpg","keywords":["accord du si\u00e8cle","citoyennet\u00e9","Isra\u00ebl","Paix","Palestine","Tel-Aviv"],"articleSection":["Droits humains","Paix et D\u00e9sarmement","Proche et Moyen-Orient"],"inLanguage":"fr-FR"},{"@type":"WebPage","@id":"https:\/\/www.pressenza.com\/fr\/2020\/02\/juifs-et-arabes-ensemble-pour-la-paix-ce-1-fevrier-a-tel-aviv\/","url":"https:\/\/www.pressenza.com\/fr\/2020\/02\/juifs-et-arabes-ensemble-pour-la-paix-ce-1-fevrier-a-tel-aviv\/","name":"Juifs et Arabes ensemble pour la paix ce 1er f\u00e9vrier \u00e0 Tel Aviv","isPartOf":{"@id":"https:\/\/www.pressenza.com\/fr\/#website"},"primaryImageOfPage":{"@id":"https:\/\/www.pressenza.com\/fr\/2020\/02\/juifs-et-arabes-ensemble-pour-la-paix-ce-1-fevrier-a-tel-aviv\/#primaryimage"},"image":{"@id":"https:\/\/www.pressenza.com\/fr\/2020\/02\/juifs-et-arabes-ensemble-pour-la-paix-ce-1-fevrier-a-tel-aviv\/#primaryimage"},"thumbnailUrl":"https:\/\/www.pressenza.com\/wp-content\/uploads\/2020\/02\/arab-jewish-movement.jpg","datePublished":"2020-02-02T19:09:10+00:00","dateModified":"2020-02-03T20:27:11+00:00","description":"Environ 1000 personnes, Juifs et Arabes, ont d\u00e9fil\u00e9 ensemble ce 1er f\u00e9vrier pour protester avec le texte suivant : \"L'accord Trump-Netanyahu est une","breadcrumb":{"@id":"https:\/\/www.pressenza.com\/fr\/2020\/02\/juifs-et-arabes-ensemble-pour-la-paix-ce-1-fevrier-a-tel-aviv\/#breadcrumb"},"inLanguage":"fr-FR","potentialAction":[{"@type":"ReadAction","target":["https:\/\/www.pressenza.com\/fr\/2020\/02\/juifs-et-arabes-ensemble-pour-la-paix-ce-1-fevrier-a-tel-aviv\/"]}]},{"@type":"ImageObject","inLanguage":"fr-FR","@id":"https:\/\/www.pressenza.com\/fr\/2020\/02\/juifs-et-arabes-ensemble-pour-la-paix-ce-1-fevrier-a-tel-aviv\/#primaryimage","url":"https:\/\/www.pressenza.com\/wp-content\/uploads\/2020\/02\/arab-jewish-movement.jpg","contentUrl":"https:\/\/www.pressenza.com\/wp-content\/uploads\/2020\/02\/arab-jewish-movement.jpg","width":680,"height":383,"caption":"Isra\u00e9liens et Palestiniens ensemble pour la paix ce 1 f\u00e9vrier \u00e0 Tel Aviv"},{"@type":"BreadcrumbList","@id":"https:\/\/www.pressenza.com\/fr\/2020\/02\/juifs-et-arabes-ensemble-pour-la-paix-ce-1-fevrier-a-tel-aviv\/#breadcrumb","itemListElement":[{"@type":"ListItem","position":1,"name":"Accueil","item":"https:\/\/www.pressenza.com\/fr\/"},{"@type":"ListItem","position":2,"name":"Juifs et Arabes ensemble pour la paix ce 1er f\u00e9vrier \u00e0 Tel Aviv"}]},{"@type":"WebSite","@id":"https:\/\/www.pressenza.com\/fr\/#website","url":"https:\/\/www.pressenza.com\/fr\/","name":"Pressenza","description":"International Press Agency","publisher":{"@id":"https:\/\/www.pressenza.com\/fr\/#organization"},"potentialAction":[{"@type":"SearchAction","target":{"@type":"EntryPoint","urlTemplate":"https:\/\/www.pressenza.com\/fr\/?s={search_term_string}"},"query-input":{"@type":"PropertyValueSpecification","valueRequired":true,"valueName":"search_term_string"}}],"inLanguage":"fr-FR"},{"@type":"Organization","@id":"https:\/\/www.pressenza.com\/fr\/#organization","name":"Pressenza","url":"https:\/\/www.pressenza.com\/fr\/","logo":{"@type":"ImageObject","inLanguage":"fr-FR","@id":"https:\/\/www.pressenza.com\/fr\/#\/schema\/logo\/image\/","url":"https:\/\/www.pressenza.com\/wp-content\/uploads\/2022\/10\/pressenza_logo_200x200.jpg","contentUrl":"https:\/\/www.pressenza.com\/wp-content\/uploads\/2022\/10\/pressenza_logo_200x200.jpg","width":200,"height":200,"caption":"Pressenza"},"image":{"@id":"https:\/\/www.pressenza.com\/fr\/#\/schema\/logo\/image\/"},"sameAs":["https:\/\/www.facebook.com\/PressenzaItalia","https:\/\/x.com\/PressenzaIPA"]},{"@type":"Person","@id":"https:\/\/www.pressenza.com\/fr\/#\/schema\/person\/9eae8d7f0aad5ec6a7f6f21ec94480fb","name":"Pressenza Athens","description":"News from the Pressenza Bureau in Athens, Greece","sameAs":["https:\/\/www.facebook.com\/pressenzagr\/","https:\/\/x.com\/Pressenza_ath"],"url":"https:\/\/www.pressenza.com\/fr\/author\/pressenza-athens\/"}]}},"place":"Tel Aviv, Isra\u00ebl","original_article_url":"","_links":{"self":[{"href":"https:\/\/www.pressenza.com\/fr\/wp-json\/wp\/v2\/posts\/1026427","targetHints":{"allow":["GET"]}}],"collection":[{"href":"https:\/\/www.pressenza.com\/fr\/wp-json\/wp\/v2\/posts"}],"about":[{"href":"https:\/\/www.pressenza.com\/fr\/wp-json\/wp\/v2\/types\/post"}],"author":[{"embeddable":true,"href":"https:\/\/www.pressenza.com\/fr\/wp-json\/wp\/v2\/users\/1220"}],"replies":[{"embeddable":true,"href":"https:\/\/www.pressenza.com\/fr\/wp-json\/wp\/v2\/comments?post=1026427"}],"version-history":[{"count":0,"href":"https:\/\/www.pressenza.com\/fr\/wp-json\/wp\/v2\/posts\/1026427\/revisions"}],"wp:featuredmedia":[{"embeddable":true,"href":"https:\/\/www.pressenza.com\/fr\/wp-json\/wp\/v2\/media\/1026319"}],"wp:attachment":[{"href":"https:\/\/www.pressenza.com\/fr\/wp-json\/wp\/v2\/media?parent=1026427"}],"wp:term":[{"taxonomy":"category","embeddable":true,"href":"https:\/\/www.pressenza.com\/fr\/wp-json\/wp\/v2\/categories?post=1026427"},{"taxonomy":"post_tag","embeddable":true,"href":"https:\/\/www.pressenza.com\/fr\/wp-json\/wp\/v2\/tags?post=1026427"}],"curies":[{"name":"wp","href":"https:\/\/api.w.org\/{rel}","templated":true}]}}