{"id":102621,"date":"2014-04-22T23:34:27","date_gmt":"2014-04-22T22:34:27","guid":{"rendered":"http:\/\/www.pressenza.com\/?p=102621"},"modified":"2014-04-22T23:36:24","modified_gmt":"2014-04-22T22:36:24","slug":"bolivie-presente-allegation-haye-en-quete-dune-sortie-mer","status":"publish","type":"post","link":"https:\/\/www.pressenza.com\/fr\/2014\/04\/bolivie-presente-allegation-haye-en-quete-dune-sortie-mer\/","title":{"rendered":"La Bolivie pr\u00e9sente une all\u00e9gation \u00e0 la Haye en qu\u00eate d\u2019une sortie \u00e0 la mer"},"content":{"rendered":"<p><img loading=\"lazy\" decoding=\"async\" class=\"alignnone\" alt=\"\" src=\"http:\/\/www.pressenza.com\/wp-content\/uploads\/2013\/02\/evo-morales-600x483.jpg\" width=\"600\" height=\"483\" \/><\/p>\n<p>Cr\u00e9dits photo : Agence Bolivienne d&rsquo;Information.<\/p>\n<p>Le pr\u00e9sident de Bolivie, Evo Morales, a remis aujourd\u2019hui\u00a0 \u00e0 la court internationale de Justice (CIJ) la m\u00e9moire historique dans le cadre de la demande\u00a0 pr\u00e9sent\u00e9e par ce pays contre Chili qui vise \u00e0 une sortie\u00a0 souveraine \u00e0 la mer.<\/p>\n<p>Accompagn\u00e9 de son ministre des affaires \u00e9trang\u00e8res, David Choquehuenaca; et l\u2019agent\u00a0 Eduardo Rodr\u00edguez, le mandataire a pr\u00e9sent\u00e9 les principales all\u00e9gations historiques\u00a0 et juridiques soutenant il y a un an\u00a0 la r\u00e9clamation bolivienne devant le Tribunal europ\u00e9en.<\/p>\n<p>Lors d\u2019une conf\u00e9rence de presse r\u00e9alis\u00e9e dans cette ville, M. Morales a plaid\u00e9 pour\u00a0 la r\u00e9solution de ce\u00a0 diff\u00e9rend \u00ab\u00a0fils d\u2019un dix-neuvi\u00e8me conflit de guerre laissant la Bolivie sans acc\u00e8s \u00e0 l\u2019oc\u00e9an par le biais de voies pacifiques.<\/p>\n<p>La Bolivie a perdu\u00a0 120 mille kilom\u00e8tres carr\u00e9s de territoire et 400 kilom\u00e8tres de c\u00f4tes pendant la\u00a0 Guerre du Pacifique\u00a0 (1879-1883).<\/p>\n<p>En 2006, M.Morales et\u00a0 la pr\u00e9sidente\u00a0 chilienne, Michelle Bachelet ont \u00e9labor\u00e9 un agenda in\u00e9dit\u00a0 de dialogue comportant\u00a0 13 points, mais les conversations\u00a0 ont \u00e9t\u00e9 dilu\u00e9es durant le mandat de Sebasti\u00e1n Pi\u00f1era.<\/p>\n","protected":false},"excerpt":{"rendered":"<p>Cr\u00e9dits photo : Agence Bolivienne d&rsquo;Information. Le pr\u00e9sident de Bolivie, Evo Morales, a remis aujourd\u2019hui\u00a0 \u00e0 la court internationale de Justice (CIJ) la m\u00e9moire historique dans le cadre de la demande\u00a0 pr\u00e9sent\u00e9e par ce pays contre Chili qui vise \u00e0&hellip;<\/p>\n","protected":false},"author":90,"featured_media":0,"comment_status":"closed","ping_status":"open","sticky":false,"template":"","format":"standard","meta":{"footnotes":""},"categories":[86,40,93],"tags":[10131,1534,10132,10130],"class_list":["post-102621","post","type-post","status-publish","format-standard","hentry","category-amerique-du-sud","category-international-fr","category-politique","tag-acces-a-la-mer","tag-bolivie","tag-mer","tag-sortie-a-la-mer"],"yoast_head":"<!-- This site is optimized with the Yoast SEO plugin v27.1.1 - https:\/\/yoast.com\/product\/yoast-seo-wordpress\/ -->\n<title>La Bolivie pr\u00e9sente une all\u00e9gation \u00e0 la Haye en qu\u00eate d\u2019une sortie \u00e0 la mer<\/title>\n<meta name=\"description\" content=\"Cr\u00e9dits photo : Agence Bolivienne d&#039;Information. Le pr\u00e9sident de Bolivie, Evo Morales, a remis aujourd\u2019hui\u00a0 \u00e0 la court internationale de Justice (CIJ) la\" \/>\n<meta name=\"robots\" content=\"index, follow, max-snippet:-1, max-image-preview:large, max-video-preview:-1\" \/>\n<link rel=\"canonical\" href=\"https:\/\/www.pressenza.com\/fr\/2014\/04\/bolivie-presente-allegation-haye-en-quete-dune-sortie-mer\/\" \/>\n<meta property=\"og:locale\" content=\"fr_FR\" \/>\n<meta property=\"og:type\" content=\"article\" \/>\n<meta property=\"og:title\" content=\"La Bolivie pr\u00e9sente une all\u00e9gation \u00e0 la Haye en qu\u00eate d\u2019une sortie \u00e0 la mer\" \/>\n<meta property=\"og:description\" content=\"Cr\u00e9dits photo : Agence Bolivienne d&#039;Information. Le pr\u00e9sident de Bolivie, Evo Morales, a remis aujourd\u2019hui\u00a0 \u00e0 la court internationale de Justice (CIJ) la\" \/>\n<meta property=\"og:url\" content=\"https:\/\/www.pressenza.com\/fr\/2014\/04\/bolivie-presente-allegation-haye-en-quete-dune-sortie-mer\/\" \/>\n<meta property=\"og:site_name\" content=\"Pressenza\" \/>\n<meta property=\"article:publisher\" content=\"https:\/\/www.facebook.com\/PressenzaItalia\" \/>\n<meta property=\"article:author\" content=\"https:\/\/www.facebook.com\/AgenciaPrensaLatina\" \/>\n<meta property=\"article:published_time\" content=\"2014-04-22T22:34:27+00:00\" \/>\n<meta property=\"article:modified_time\" content=\"2014-04-22T22:36:24+00:00\" \/>\n<meta property=\"og:image\" content=\"http:\/\/www.pressenza.com\/wp-content\/uploads\/2013\/02\/evo-morales-600x483.jpg\" \/>\n<meta name=\"author\" content=\"Prensa Latina\" \/>\n<meta name=\"twitter:card\" content=\"summary_large_image\" \/>\n<meta name=\"twitter:creator\" content=\"@prensalatina_cu\" \/>\n<meta name=\"twitter:site\" content=\"@PressenzaIPA\" \/>\n<meta name=\"twitter:label1\" content=\"\u00c9crit par\" \/>\n\t<meta name=\"twitter:data1\" content=\"Prensa Latina\" \/>\n\t<meta name=\"twitter:label2\" content=\"Dur\u00e9e de lecture estim\u00e9e\" \/>\n\t<meta name=\"twitter:data2\" content=\"1 minute\" \/>\n<script type=\"application\/ld+json\" class=\"yoast-schema-graph\">{\"@context\":\"https:\/\/schema.org\",\"@graph\":[{\"@type\":\"Article\",\"@id\":\"https:\/\/www.pressenza.com\/fr\/2014\/04\/bolivie-presente-allegation-haye-en-quete-dune-sortie-mer\/#article\",\"isPartOf\":{\"@id\":\"https:\/\/www.pressenza.com\/fr\/2014\/04\/bolivie-presente-allegation-haye-en-quete-dune-sortie-mer\/\"},\"author\":{\"name\":\"Prensa Latina\",\"@id\":\"https:\/\/www.pressenza.com\/fr\/#\/schema\/person\/e35c78ffa242d98f4f49ccb18c8631de\"},\"headline\":\"La Bolivie pr\u00e9sente une all\u00e9gation \u00e0 la Haye en qu\u00eate d\u2019une sortie \u00e0 la mer\",\"datePublished\":\"2014-04-22T22:34:27+00:00\",\"dateModified\":\"2014-04-22T22:36:24+00:00\",\"mainEntityOfPage\":{\"@id\":\"https:\/\/www.pressenza.com\/fr\/2014\/04\/bolivie-presente-allegation-haye-en-quete-dune-sortie-mer\/\"},\"wordCount\":215,\"publisher\":{\"@id\":\"https:\/\/www.pressenza.com\/fr\/#organization\"},\"image\":{\"@id\":\"https:\/\/www.pressenza.com\/fr\/2014\/04\/bolivie-presente-allegation-haye-en-quete-dune-sortie-mer\/#primaryimage\"},\"thumbnailUrl\":\"http:\/\/www.pressenza.com\/wp-content\/uploads\/2013\/02\/evo-morales-600x483.jpg\",\"keywords\":[\"acc\u00e8s \u00e0 la mer\",\"Bolivie\",\"mer\",\"sortie \u00e0 la mer\"],\"articleSection\":[\"Am\u00e9rique du Sud\",\"International\",\"Politique\"],\"inLanguage\":\"fr-FR\"},{\"@type\":\"WebPage\",\"@id\":\"https:\/\/www.pressenza.com\/fr\/2014\/04\/bolivie-presente-allegation-haye-en-quete-dune-sortie-mer\/\",\"url\":\"https:\/\/www.pressenza.com\/fr\/2014\/04\/bolivie-presente-allegation-haye-en-quete-dune-sortie-mer\/\",\"name\":\"La Bolivie pr\u00e9sente une all\u00e9gation \u00e0 la Haye en qu\u00eate d\u2019une sortie \u00e0 la mer\",\"isPartOf\":{\"@id\":\"https:\/\/www.pressenza.com\/fr\/#website\"},\"primaryImageOfPage\":{\"@id\":\"https:\/\/www.pressenza.com\/fr\/2014\/04\/bolivie-presente-allegation-haye-en-quete-dune-sortie-mer\/#primaryimage\"},\"image\":{\"@id\":\"https:\/\/www.pressenza.com\/fr\/2014\/04\/bolivie-presente-allegation-haye-en-quete-dune-sortie-mer\/#primaryimage\"},\"thumbnailUrl\":\"http:\/\/www.pressenza.com\/wp-content\/uploads\/2013\/02\/evo-morales-600x483.jpg\",\"datePublished\":\"2014-04-22T22:34:27+00:00\",\"dateModified\":\"2014-04-22T22:36:24+00:00\",\"description\":\"Cr\u00e9dits photo : Agence Bolivienne d'Information. Le pr\u00e9sident de Bolivie, Evo Morales, a remis aujourd\u2019hui\u00a0 \u00e0 la court internationale de Justice (CIJ) la\",\"breadcrumb\":{\"@id\":\"https:\/\/www.pressenza.com\/fr\/2014\/04\/bolivie-presente-allegation-haye-en-quete-dune-sortie-mer\/#breadcrumb\"},\"inLanguage\":\"fr-FR\",\"potentialAction\":[{\"@type\":\"ReadAction\",\"target\":[\"https:\/\/www.pressenza.com\/fr\/2014\/04\/bolivie-presente-allegation-haye-en-quete-dune-sortie-mer\/\"]}]},{\"@type\":\"ImageObject\",\"inLanguage\":\"fr-FR\",\"@id\":\"https:\/\/www.pressenza.com\/fr\/2014\/04\/bolivie-presente-allegation-haye-en-quete-dune-sortie-mer\/#primaryimage\",\"url\":\"http:\/\/www.pressenza.com\/wp-content\/uploads\/2013\/02\/evo-morales-600x483.jpg\",\"contentUrl\":\"http:\/\/www.pressenza.com\/wp-content\/uploads\/2013\/02\/evo-morales-600x483.jpg\"},{\"@type\":\"BreadcrumbList\",\"@id\":\"https:\/\/www.pressenza.com\/fr\/2014\/04\/bolivie-presente-allegation-haye-en-quete-dune-sortie-mer\/#breadcrumb\",\"itemListElement\":[{\"@type\":\"ListItem\",\"position\":1,\"name\":\"Accueil\",\"item\":\"https:\/\/www.pressenza.com\/fr\/\"},{\"@type\":\"ListItem\",\"position\":2,\"name\":\"La Bolivie pr\u00e9sente une all\u00e9gation \u00e0 la Haye en qu\u00eate d\u2019une sortie \u00e0 la mer\"}]},{\"@type\":\"WebSite\",\"@id\":\"https:\/\/www.pressenza.com\/fr\/#website\",\"url\":\"https:\/\/www.pressenza.com\/fr\/\",\"name\":\"Pressenza\",\"description\":\"International Press Agency\",\"publisher\":{\"@id\":\"https:\/\/www.pressenza.com\/fr\/#organization\"},\"potentialAction\":[{\"@type\":\"SearchAction\",\"target\":{\"@type\":\"EntryPoint\",\"urlTemplate\":\"https:\/\/www.pressenza.com\/fr\/?s={search_term_string}\"},\"query-input\":{\"@type\":\"PropertyValueSpecification\",\"valueRequired\":true,\"valueName\":\"search_term_string\"}}],\"inLanguage\":\"fr-FR\"},{\"@type\":\"Organization\",\"@id\":\"https:\/\/www.pressenza.com\/fr\/#organization\",\"name\":\"Pressenza\",\"url\":\"https:\/\/www.pressenza.com\/fr\/\",\"logo\":{\"@type\":\"ImageObject\",\"inLanguage\":\"fr-FR\",\"@id\":\"https:\/\/www.pressenza.com\/fr\/#\/schema\/logo\/image\/\",\"url\":\"https:\/\/www.pressenza.com\/wp-content\/uploads\/2022\/10\/pressenza_logo_200x200.jpg\",\"contentUrl\":\"https:\/\/www.pressenza.com\/wp-content\/uploads\/2022\/10\/pressenza_logo_200x200.jpg\",\"width\":200,\"height\":200,\"caption\":\"Pressenza\"},\"image\":{\"@id\":\"https:\/\/www.pressenza.com\/fr\/#\/schema\/logo\/image\/\"},\"sameAs\":[\"https:\/\/www.facebook.com\/PressenzaItalia\",\"https:\/\/x.com\/PressenzaIPA\"]},{\"@type\":\"Person\",\"@id\":\"https:\/\/www.pressenza.com\/fr\/#\/schema\/person\/e35c78ffa242d98f4f49ccb18c8631de\",\"name\":\"Prensa Latina\",\"description\":\"www.prensa-latina.cu\",\"sameAs\":[\"https:\/\/www.facebook.com\/AgenciaPrensaLatina\",\"https:\/\/x.com\/prensalatina_cu\"],\"url\":\"https:\/\/www.pressenza.com\/fr\/author\/prensa-latina\/\"}]}<\/script>\n<!-- \/ Yoast SEO plugin. -->","yoast_head_json":{"title":"La Bolivie pr\u00e9sente une all\u00e9gation \u00e0 la Haye en qu\u00eate d\u2019une sortie \u00e0 la mer","description":"Cr\u00e9dits photo : Agence Bolivienne d'Information. Le pr\u00e9sident de Bolivie, Evo Morales, a remis aujourd\u2019hui\u00a0 \u00e0 la court internationale de Justice (CIJ) la","robots":{"index":"index","follow":"follow","max-snippet":"max-snippet:-1","max-image-preview":"max-image-preview:large","max-video-preview":"max-video-preview:-1"},"canonical":"https:\/\/www.pressenza.com\/fr\/2014\/04\/bolivie-presente-allegation-haye-en-quete-dune-sortie-mer\/","og_locale":"fr_FR","og_type":"article","og_title":"La Bolivie pr\u00e9sente une all\u00e9gation \u00e0 la Haye en qu\u00eate d\u2019une sortie \u00e0 la mer","og_description":"Cr\u00e9dits photo : Agence Bolivienne d'Information. Le pr\u00e9sident de Bolivie, Evo Morales, a remis aujourd\u2019hui\u00a0 \u00e0 la court internationale de Justice (CIJ) la","og_url":"https:\/\/www.pressenza.com\/fr\/2014\/04\/bolivie-presente-allegation-haye-en-quete-dune-sortie-mer\/","og_site_name":"Pressenza","article_publisher":"https:\/\/www.facebook.com\/PressenzaItalia","article_author":"https:\/\/www.facebook.com\/AgenciaPrensaLatina","article_published_time":"2014-04-22T22:34:27+00:00","article_modified_time":"2014-04-22T22:36:24+00:00","og_image":[{"url":"http:\/\/www.pressenza.com\/wp-content\/uploads\/2013\/02\/evo-morales-600x483.jpg","type":"","width":"","height":""}],"author":"Prensa Latina","twitter_card":"summary_large_image","twitter_creator":"@prensalatina_cu","twitter_site":"@PressenzaIPA","twitter_misc":{"\u00c9crit par":"Prensa Latina","Dur\u00e9e de lecture estim\u00e9e":"1 minute"},"schema":{"@context":"https:\/\/schema.org","@graph":[{"@type":"Article","@id":"https:\/\/www.pressenza.com\/fr\/2014\/04\/bolivie-presente-allegation-haye-en-quete-dune-sortie-mer\/#article","isPartOf":{"@id":"https:\/\/www.pressenza.com\/fr\/2014\/04\/bolivie-presente-allegation-haye-en-quete-dune-sortie-mer\/"},"author":{"name":"Prensa Latina","@id":"https:\/\/www.pressenza.com\/fr\/#\/schema\/person\/e35c78ffa242d98f4f49ccb18c8631de"},"headline":"La Bolivie pr\u00e9sente une all\u00e9gation \u00e0 la Haye en qu\u00eate d\u2019une sortie \u00e0 la mer","datePublished":"2014-04-22T22:34:27+00:00","dateModified":"2014-04-22T22:36:24+00:00","mainEntityOfPage":{"@id":"https:\/\/www.pressenza.com\/fr\/2014\/04\/bolivie-presente-allegation-haye-en-quete-dune-sortie-mer\/"},"wordCount":215,"publisher":{"@id":"https:\/\/www.pressenza.com\/fr\/#organization"},"image":{"@id":"https:\/\/www.pressenza.com\/fr\/2014\/04\/bolivie-presente-allegation-haye-en-quete-dune-sortie-mer\/#primaryimage"},"thumbnailUrl":"http:\/\/www.pressenza.com\/wp-content\/uploads\/2013\/02\/evo-morales-600x483.jpg","keywords":["acc\u00e8s \u00e0 la mer","Bolivie","mer","sortie \u00e0 la mer"],"articleSection":["Am\u00e9rique du Sud","International","Politique"],"inLanguage":"fr-FR"},{"@type":"WebPage","@id":"https:\/\/www.pressenza.com\/fr\/2014\/04\/bolivie-presente-allegation-haye-en-quete-dune-sortie-mer\/","url":"https:\/\/www.pressenza.com\/fr\/2014\/04\/bolivie-presente-allegation-haye-en-quete-dune-sortie-mer\/","name":"La Bolivie pr\u00e9sente une all\u00e9gation \u00e0 la Haye en qu\u00eate d\u2019une sortie \u00e0 la mer","isPartOf":{"@id":"https:\/\/www.pressenza.com\/fr\/#website"},"primaryImageOfPage":{"@id":"https:\/\/www.pressenza.com\/fr\/2014\/04\/bolivie-presente-allegation-haye-en-quete-dune-sortie-mer\/#primaryimage"},"image":{"@id":"https:\/\/www.pressenza.com\/fr\/2014\/04\/bolivie-presente-allegation-haye-en-quete-dune-sortie-mer\/#primaryimage"},"thumbnailUrl":"http:\/\/www.pressenza.com\/wp-content\/uploads\/2013\/02\/evo-morales-600x483.jpg","datePublished":"2014-04-22T22:34:27+00:00","dateModified":"2014-04-22T22:36:24+00:00","description":"Cr\u00e9dits photo : Agence Bolivienne d'Information. Le pr\u00e9sident de Bolivie, Evo Morales, a remis aujourd\u2019hui\u00a0 \u00e0 la court internationale de Justice (CIJ) la","breadcrumb":{"@id":"https:\/\/www.pressenza.com\/fr\/2014\/04\/bolivie-presente-allegation-haye-en-quete-dune-sortie-mer\/#breadcrumb"},"inLanguage":"fr-FR","potentialAction":[{"@type":"ReadAction","target":["https:\/\/www.pressenza.com\/fr\/2014\/04\/bolivie-presente-allegation-haye-en-quete-dune-sortie-mer\/"]}]},{"@type":"ImageObject","inLanguage":"fr-FR","@id":"https:\/\/www.pressenza.com\/fr\/2014\/04\/bolivie-presente-allegation-haye-en-quete-dune-sortie-mer\/#primaryimage","url":"http:\/\/www.pressenza.com\/wp-content\/uploads\/2013\/02\/evo-morales-600x483.jpg","contentUrl":"http:\/\/www.pressenza.com\/wp-content\/uploads\/2013\/02\/evo-morales-600x483.jpg"},{"@type":"BreadcrumbList","@id":"https:\/\/www.pressenza.com\/fr\/2014\/04\/bolivie-presente-allegation-haye-en-quete-dune-sortie-mer\/#breadcrumb","itemListElement":[{"@type":"ListItem","position":1,"name":"Accueil","item":"https:\/\/www.pressenza.com\/fr\/"},{"@type":"ListItem","position":2,"name":"La Bolivie pr\u00e9sente une all\u00e9gation \u00e0 la Haye en qu\u00eate d\u2019une sortie \u00e0 la mer"}]},{"@type":"WebSite","@id":"https:\/\/www.pressenza.com\/fr\/#website","url":"https:\/\/www.pressenza.com\/fr\/","name":"Pressenza","description":"International Press Agency","publisher":{"@id":"https:\/\/www.pressenza.com\/fr\/#organization"},"potentialAction":[{"@type":"SearchAction","target":{"@type":"EntryPoint","urlTemplate":"https:\/\/www.pressenza.com\/fr\/?s={search_term_string}"},"query-input":{"@type":"PropertyValueSpecification","valueRequired":true,"valueName":"search_term_string"}}],"inLanguage":"fr-FR"},{"@type":"Organization","@id":"https:\/\/www.pressenza.com\/fr\/#organization","name":"Pressenza","url":"https:\/\/www.pressenza.com\/fr\/","logo":{"@type":"ImageObject","inLanguage":"fr-FR","@id":"https:\/\/www.pressenza.com\/fr\/#\/schema\/logo\/image\/","url":"https:\/\/www.pressenza.com\/wp-content\/uploads\/2022\/10\/pressenza_logo_200x200.jpg","contentUrl":"https:\/\/www.pressenza.com\/wp-content\/uploads\/2022\/10\/pressenza_logo_200x200.jpg","width":200,"height":200,"caption":"Pressenza"},"image":{"@id":"https:\/\/www.pressenza.com\/fr\/#\/schema\/logo\/image\/"},"sameAs":["https:\/\/www.facebook.com\/PressenzaItalia","https:\/\/x.com\/PressenzaIPA"]},{"@type":"Person","@id":"https:\/\/www.pressenza.com\/fr\/#\/schema\/person\/e35c78ffa242d98f4f49ccb18c8631de","name":"Prensa Latina","description":"www.prensa-latina.cu","sameAs":["https:\/\/www.facebook.com\/AgenciaPrensaLatina","https:\/\/x.com\/prensalatina_cu"],"url":"https:\/\/www.pressenza.com\/fr\/author\/prensa-latina\/"}]}},"place":"","original_article_url":"","_links":{"self":[{"href":"https:\/\/www.pressenza.com\/fr\/wp-json\/wp\/v2\/posts\/102621","targetHints":{"allow":["GET"]}}],"collection":[{"href":"https:\/\/www.pressenza.com\/fr\/wp-json\/wp\/v2\/posts"}],"about":[{"href":"https:\/\/www.pressenza.com\/fr\/wp-json\/wp\/v2\/types\/post"}],"author":[{"embeddable":true,"href":"https:\/\/www.pressenza.com\/fr\/wp-json\/wp\/v2\/users\/90"}],"replies":[{"embeddable":true,"href":"https:\/\/www.pressenza.com\/fr\/wp-json\/wp\/v2\/comments?post=102621"}],"version-history":[{"count":0,"href":"https:\/\/www.pressenza.com\/fr\/wp-json\/wp\/v2\/posts\/102621\/revisions"}],"wp:attachment":[{"href":"https:\/\/www.pressenza.com\/fr\/wp-json\/wp\/v2\/media?parent=102621"}],"wp:term":[{"taxonomy":"category","embeddable":true,"href":"https:\/\/www.pressenza.com\/fr\/wp-json\/wp\/v2\/categories?post=102621"},{"taxonomy":"post_tag","embeddable":true,"href":"https:\/\/www.pressenza.com\/fr\/wp-json\/wp\/v2\/tags?post=102621"}],"curies":[{"name":"wp","href":"https:\/\/api.w.org\/{rel}","templated":true}]}}