{"id":10256,"date":"2012-07-21T15:24:01","date_gmt":"2012-07-21T13:24:01","guid":{"rendered":"http:\/\/pressenza.hermes.acasici.org\/?p=10256"},"modified":"2012-08-28T19:54:17","modified_gmt":"2012-08-28T19:54:17","slug":"cote-divoire-premier-jugement-condamnant-lexcision","status":"publish","type":"post","link":"https:\/\/www.pressenza.com\/fr\/2012\/07\/cote-divoire-premier-jugement-condamnant-lexcision\/","title":{"rendered":"C\u00f4te d&rsquo;Ivoire : Premier jugement condamnant l&rsquo;excision"},"content":{"rendered":"<div id=\"attachment_10260\" class=\"wp-caption alignnone\"><a href=\"http:\/\/pressenza.hermes.acasici.org\/wp-content\/uploads\/2012\/07\/cdi.jpg\"><img loading=\"lazy\" decoding=\"async\" aria-describedby=\"caption-attachment-10260\" class=\"size-medium wp-image-10260\" title=\"D\u00e9n\u00e9 d\u00e9nonce l'excision au Mali \" src=\"http:\/\/pressenza.hermes.acasici.org\/wp-content\/uploads\/2012\/07\/cdi-300x168.jpg\" alt=\"\" width=\"300\" height=\"168\" srcset=\"https:\/\/www.pressenza.com\/wp-content\/uploads\/2012\/07\/cdi-300x168.jpg 300w, https:\/\/www.pressenza.com\/wp-content\/uploads\/2012\/07\/cdi.jpg 743w\" sizes=\"auto, (max-width: 300px) 100vw, 300px\" \/><\/a><p id=\"caption-attachment-10260\" class=\"wp-caption-text\">D\u00e9n\u00e9 d\u00e9nonce l&rsquo;excision au Mali<\/p><\/div>\n<p><em>Mercredi dernier, en C\u00f4te d&rsquo;Ivoire, neuf femmes se sont vues condamn\u00e9es pour excision. Nous pouvons lire dans la revue de presse \u00ab\u00a0Afreek news\u00a0\u00bb cette nouvelle salu\u00e9e par les nombreuses associations de d\u00e9fense des droits de femmes, dont le Collectif li\u00e9geois contre les Mutilations G\u00e9nitales F\u00e9minines, qui nous a transmis l&rsquo;information.<\/em><\/p>\n<p>C\u00f4te d&rsquo;Ivoire &#8211; Paris salue le premier jugement condamnant l&rsquo;excision 20 Juillet 2012 &#8211; 12:34<\/p>\n<p>La France a salu\u00e9 vendredi le premier jugement en C\u00f4t\u00e9 d&rsquo;Ivoire condamnant les crimes de mutilations g\u00e9nitales f\u00e9minines, prononc\u00e9 mercredi \u00e0 Katiola (nord), comme \u00ab\u00a0un pas important dans la lutte contre ces pratiques odieuses\u00a0\u00bb.<\/p>\n<p>\u00ab\u00a0La poursuite effective des auteurs de ces crimes est un \u00e9l\u00e9ment indispensable de toute politique visant \u00e0 lutter contre ce ph\u00e9nom\u00e8ne\u00a0\u00bb, a d\u00e9clar\u00e9 le porte-parole du minist\u00e8re fran\u00e7ais des Affaires \u00e9trang\u00e8res, Bernard Valero, devant la presse.<\/p>\n<p>Neuf femmes ont \u00e9t\u00e9 condamn\u00e9es mercredi \u00e0 Katiola (400 km au nord d&rsquo;Abidjan), \u00e0 un an d&#8217;emprisonnement et 50.000 FCA (75 euros) d&rsquo;amende pour l&rsquo;excision d&rsquo;une trentaine de fillettes en f\u00e9vrier.<\/p>\n<p>Il s&rsquo;agissait du premier proc\u00e8s d&rsquo;exciseuses dans le pays, un \u00e9v\u00e9nement salu\u00e9 par l&rsquo;ONU.<\/p>\n<p>Les neuf femmes condamn\u00e9es ne seront toutefois pas incarc\u00e9r\u00e9es, en raison de leur \u00e2ge, selon le Fonds des Nations unies pour la population (UNFPA).<\/p>\n<p>Esp\u00e9rons que cette condamnation encourage l&rsquo;arr\u00eat de pratiques traditionnelles d&rsquo;un autre \u00e2ge.<\/p>\n<p><a href=\"http:\/\/www.afreeknews.com\/journal.php?flash_id=4118\">http:\/\/www.afreeknews.com\/journal.php?flash_id=4118<\/a><\/p>\n<p>\u00a9 AFP<\/p>\n","protected":false},"excerpt":{"rendered":"<p>Mercredi dernier, en C\u00f4te d&rsquo;Ivoire, neuf femmes se sont vues condamn\u00e9es pour excision. Nous pouvons lire dans la revue de presse \u00ab\u00a0Afreek news\u00a0\u00bb cette nouvelle salu\u00e9e par les nombreuses associations de d\u00e9fense des droits de femmes, dont le Collectif li\u00e9geois&hellip;<\/p>\n","protected":false},"author":156,"featured_media":0,"comment_status":"closed","ping_status":"open","sticky":false,"template":"","format":"standard","meta":{"footnotes":""},"categories":[83,98,82],"tags":[250],"class_list":["post-10256","post","type-post","status-publish","format-standard","hentry","category-africa-fr","category-droits-de-lhomme","category-region-fr","tag-violence-sexuel"],"yoast_head":"<!-- This site is optimized with the Yoast SEO plugin v27.1.1 - https:\/\/yoast.com\/product\/yoast-seo-wordpress\/ -->\n<title>C\u00f4te d&#039;Ivoire : Premier jugement condamnant l&#039;excision<\/title>\n<meta name=\"description\" content=\"Mercredi dernier, en C\u00f4te d&#039;Ivoire, neuf femmes se sont vues condamn\u00e9es pour excision. Nous pouvons lire dans la revue de presse &quot;Afreek news&quot; cette\" \/>\n<meta name=\"robots\" content=\"index, follow, max-snippet:-1, max-image-preview:large, max-video-preview:-1\" \/>\n<link rel=\"canonical\" href=\"https:\/\/www.pressenza.com\/fr\/2012\/07\/cote-divoire-premier-jugement-condamnant-lexcision\/\" \/>\n<meta property=\"og:locale\" content=\"fr_FR\" \/>\n<meta property=\"og:type\" content=\"article\" \/>\n<meta property=\"og:title\" content=\"C\u00f4te d&#039;Ivoire : Premier jugement condamnant l&#039;excision\" \/>\n<meta property=\"og:description\" content=\"Mercredi dernier, en C\u00f4te d&#039;Ivoire, neuf femmes se sont vues condamn\u00e9es pour excision. Nous pouvons lire dans la revue de presse &quot;Afreek news&quot; cette\" \/>\n<meta property=\"og:url\" content=\"https:\/\/www.pressenza.com\/fr\/2012\/07\/cote-divoire-premier-jugement-condamnant-lexcision\/\" \/>\n<meta property=\"og:site_name\" content=\"Pressenza\" \/>\n<meta property=\"article:publisher\" content=\"https:\/\/www.facebook.com\/PressenzaItalia\" \/>\n<meta property=\"article:author\" content=\"tatianadebarelli\" \/>\n<meta property=\"article:published_time\" content=\"2012-07-21T13:24:01+00:00\" \/>\n<meta property=\"article:modified_time\" content=\"2012-08-28T19:54:17+00:00\" \/>\n<meta property=\"og:image\" content=\"https:\/\/www.pressenza.com\/wp-content\/uploads\/2012\/07\/cdi.jpg\" \/>\n\t<meta property=\"og:image:width\" content=\"743\" \/>\n\t<meta property=\"og:image:height\" content=\"417\" \/>\n\t<meta property=\"og:image:type\" content=\"image\/jpeg\" \/>\n<meta name=\"author\" content=\"Tatiana De Barelli\" \/>\n<meta name=\"twitter:card\" content=\"summary_large_image\" \/>\n<meta name=\"twitter:creator\" content=\"@PressenzaIPA\" \/>\n<meta name=\"twitter:site\" content=\"@PressenzaIPA\" \/>\n<meta name=\"twitter:label1\" content=\"\u00c9crit par\" \/>\n\t<meta name=\"twitter:data1\" content=\"Tatiana De Barelli\" \/>\n\t<meta name=\"twitter:label2\" content=\"Dur\u00e9e de lecture estim\u00e9e\" \/>\n\t<meta name=\"twitter:data2\" content=\"1 minute\" \/>\n<script type=\"application\/ld+json\" class=\"yoast-schema-graph\">{\"@context\":\"https:\/\/schema.org\",\"@graph\":[{\"@type\":\"Article\",\"@id\":\"https:\/\/www.pressenza.com\/fr\/2012\/07\/cote-divoire-premier-jugement-condamnant-lexcision\/#article\",\"isPartOf\":{\"@id\":\"https:\/\/www.pressenza.com\/fr\/2012\/07\/cote-divoire-premier-jugement-condamnant-lexcision\/\"},\"author\":{\"name\":\"Tatiana De Barelli\",\"@id\":\"https:\/\/www.pressenza.com\/fr\/#\/schema\/person\/b8d1ec1cf15614fc9a887473b9572094\"},\"headline\":\"C\u00f4te d&rsquo;Ivoire : Premier jugement condamnant l&rsquo;excision\",\"datePublished\":\"2012-07-21T13:24:01+00:00\",\"dateModified\":\"2012-08-28T19:54:17+00:00\",\"mainEntityOfPage\":{\"@id\":\"https:\/\/www.pressenza.com\/fr\/2012\/07\/cote-divoire-premier-jugement-condamnant-lexcision\/\"},\"wordCount\":281,\"publisher\":{\"@id\":\"https:\/\/www.pressenza.com\/fr\/#organization\"},\"image\":{\"@id\":\"https:\/\/www.pressenza.com\/fr\/2012\/07\/cote-divoire-premier-jugement-condamnant-lexcision\/#primaryimage\"},\"thumbnailUrl\":\"http:\/\/pressenza.hermes.acasici.org\/wp-content\/uploads\/2012\/07\/cdi-300x168.jpg\",\"keywords\":[\"violence sexuel\"],\"articleSection\":[\"Afrique\",\"Droits humains\",\"R\u00e9gion\"],\"inLanguage\":\"fr-FR\"},{\"@type\":\"WebPage\",\"@id\":\"https:\/\/www.pressenza.com\/fr\/2012\/07\/cote-divoire-premier-jugement-condamnant-lexcision\/\",\"url\":\"https:\/\/www.pressenza.com\/fr\/2012\/07\/cote-divoire-premier-jugement-condamnant-lexcision\/\",\"name\":\"C\u00f4te d'Ivoire : Premier jugement condamnant l'excision\",\"isPartOf\":{\"@id\":\"https:\/\/www.pressenza.com\/fr\/#website\"},\"primaryImageOfPage\":{\"@id\":\"https:\/\/www.pressenza.com\/fr\/2012\/07\/cote-divoire-premier-jugement-condamnant-lexcision\/#primaryimage\"},\"image\":{\"@id\":\"https:\/\/www.pressenza.com\/fr\/2012\/07\/cote-divoire-premier-jugement-condamnant-lexcision\/#primaryimage\"},\"thumbnailUrl\":\"http:\/\/pressenza.hermes.acasici.org\/wp-content\/uploads\/2012\/07\/cdi-300x168.jpg\",\"datePublished\":\"2012-07-21T13:24:01+00:00\",\"dateModified\":\"2012-08-28T19:54:17+00:00\",\"description\":\"Mercredi dernier, en C\u00f4te d'Ivoire, neuf femmes se sont vues condamn\u00e9es pour excision. Nous pouvons lire dans la revue de presse \\\"Afreek news\\\" cette\",\"breadcrumb\":{\"@id\":\"https:\/\/www.pressenza.com\/fr\/2012\/07\/cote-divoire-premier-jugement-condamnant-lexcision\/#breadcrumb\"},\"inLanguage\":\"fr-FR\",\"potentialAction\":[{\"@type\":\"ReadAction\",\"target\":[\"https:\/\/www.pressenza.com\/fr\/2012\/07\/cote-divoire-premier-jugement-condamnant-lexcision\/\"]}]},{\"@type\":\"ImageObject\",\"inLanguage\":\"fr-FR\",\"@id\":\"https:\/\/www.pressenza.com\/fr\/2012\/07\/cote-divoire-premier-jugement-condamnant-lexcision\/#primaryimage\",\"url\":\"http:\/\/pressenza.hermes.acasici.org\/wp-content\/uploads\/2012\/07\/cdi-300x168.jpg\",\"contentUrl\":\"http:\/\/pressenza.hermes.acasici.org\/wp-content\/uploads\/2012\/07\/cdi-300x168.jpg\"},{\"@type\":\"BreadcrumbList\",\"@id\":\"https:\/\/www.pressenza.com\/fr\/2012\/07\/cote-divoire-premier-jugement-condamnant-lexcision\/#breadcrumb\",\"itemListElement\":[{\"@type\":\"ListItem\",\"position\":1,\"name\":\"Accueil\",\"item\":\"https:\/\/www.pressenza.com\/fr\/\"},{\"@type\":\"ListItem\",\"position\":2,\"name\":\"C\u00f4te d&rsquo;Ivoire : Premier jugement condamnant l&rsquo;excision\"}]},{\"@type\":\"WebSite\",\"@id\":\"https:\/\/www.pressenza.com\/fr\/#website\",\"url\":\"https:\/\/www.pressenza.com\/fr\/\",\"name\":\"Pressenza\",\"description\":\"International Press Agency\",\"publisher\":{\"@id\":\"https:\/\/www.pressenza.com\/fr\/#organization\"},\"potentialAction\":[{\"@type\":\"SearchAction\",\"target\":{\"@type\":\"EntryPoint\",\"urlTemplate\":\"https:\/\/www.pressenza.com\/fr\/?s={search_term_string}\"},\"query-input\":{\"@type\":\"PropertyValueSpecification\",\"valueRequired\":true,\"valueName\":\"search_term_string\"}}],\"inLanguage\":\"fr-FR\"},{\"@type\":\"Organization\",\"@id\":\"https:\/\/www.pressenza.com\/fr\/#organization\",\"name\":\"Pressenza\",\"url\":\"https:\/\/www.pressenza.com\/fr\/\",\"logo\":{\"@type\":\"ImageObject\",\"inLanguage\":\"fr-FR\",\"@id\":\"https:\/\/www.pressenza.com\/fr\/#\/schema\/logo\/image\/\",\"url\":\"https:\/\/www.pressenza.com\/wp-content\/uploads\/2022\/10\/pressenza_logo_200x200.jpg\",\"contentUrl\":\"https:\/\/www.pressenza.com\/wp-content\/uploads\/2022\/10\/pressenza_logo_200x200.jpg\",\"width\":200,\"height\":200,\"caption\":\"Pressenza\"},\"image\":{\"@id\":\"https:\/\/www.pressenza.com\/fr\/#\/schema\/logo\/image\/\"},\"sameAs\":[\"https:\/\/www.facebook.com\/PressenzaItalia\",\"https:\/\/x.com\/PressenzaIPA\"]},{\"@type\":\"Person\",\"@id\":\"https:\/\/www.pressenza.com\/fr\/#\/schema\/person\/b8d1ec1cf15614fc9a887473b9572094\",\"name\":\"Tatiana De Barelli\",\"description\":\"Born with the gene of idealism, I have always wanted to change the world. At the age of 25, I met three crazy \\\"humanists\\\" and, little by little, with the friends of the Humanist Movement, I was able to collaborate in many projects around active nonviolence. The international dimension has always attracted me a lot and for 10 years I travelled to West Africa to support many social projects with the people there. Graphologist and educational psychologist, in 2008 I created Educ'art \\\"When education is an art\\\". It seems to me that school can be \\\"the place\\\" that opens children to their creativity, to their potential to transform the world. Together with professionals in the field of learning, we offer numerous training courses and exchanges with this objective in mind. Writing is also a passion. In 2010, I wrote a book \\\"Les Enjeux de l'Ecrire\\\" (The Stakes of Writing) which places the gesture of writing in its human dimension. In 1982, I married Jorge, an Argentinean, we have two sons who have become magnificent men. The relationship between a couple and a mother continues to be for me the most important human construction in terms of life choices.\",\"sameAs\":[\"http:\/\/www.educart.eu\",\"tatianadebarelli\"],\"url\":\"https:\/\/www.pressenza.com\/fr\/author\/tatiana-de-barelli\/\"}]}<\/script>\n<!-- \/ Yoast SEO plugin. -->","yoast_head_json":{"title":"C\u00f4te d'Ivoire : Premier jugement condamnant l'excision","description":"Mercredi dernier, en C\u00f4te d'Ivoire, neuf femmes se sont vues condamn\u00e9es pour excision. Nous pouvons lire dans la revue de presse \"Afreek news\" cette","robots":{"index":"index","follow":"follow","max-snippet":"max-snippet:-1","max-image-preview":"max-image-preview:large","max-video-preview":"max-video-preview:-1"},"canonical":"https:\/\/www.pressenza.com\/fr\/2012\/07\/cote-divoire-premier-jugement-condamnant-lexcision\/","og_locale":"fr_FR","og_type":"article","og_title":"C\u00f4te d'Ivoire : Premier jugement condamnant l'excision","og_description":"Mercredi dernier, en C\u00f4te d'Ivoire, neuf femmes se sont vues condamn\u00e9es pour excision. Nous pouvons lire dans la revue de presse \"Afreek news\" cette","og_url":"https:\/\/www.pressenza.com\/fr\/2012\/07\/cote-divoire-premier-jugement-condamnant-lexcision\/","og_site_name":"Pressenza","article_publisher":"https:\/\/www.facebook.com\/PressenzaItalia","article_author":"tatianadebarelli","article_published_time":"2012-07-21T13:24:01+00:00","article_modified_time":"2012-08-28T19:54:17+00:00","og_image":[{"width":743,"height":417,"url":"https:\/\/www.pressenza.com\/wp-content\/uploads\/2012\/07\/cdi.jpg","type":"image\/jpeg"}],"author":"Tatiana De Barelli","twitter_card":"summary_large_image","twitter_creator":"@PressenzaIPA","twitter_site":"@PressenzaIPA","twitter_misc":{"\u00c9crit par":"Tatiana De Barelli","Dur\u00e9e de lecture estim\u00e9e":"1 minute"},"schema":{"@context":"https:\/\/schema.org","@graph":[{"@type":"Article","@id":"https:\/\/www.pressenza.com\/fr\/2012\/07\/cote-divoire-premier-jugement-condamnant-lexcision\/#article","isPartOf":{"@id":"https:\/\/www.pressenza.com\/fr\/2012\/07\/cote-divoire-premier-jugement-condamnant-lexcision\/"},"author":{"name":"Tatiana De Barelli","@id":"https:\/\/www.pressenza.com\/fr\/#\/schema\/person\/b8d1ec1cf15614fc9a887473b9572094"},"headline":"C\u00f4te d&rsquo;Ivoire : Premier jugement condamnant l&rsquo;excision","datePublished":"2012-07-21T13:24:01+00:00","dateModified":"2012-08-28T19:54:17+00:00","mainEntityOfPage":{"@id":"https:\/\/www.pressenza.com\/fr\/2012\/07\/cote-divoire-premier-jugement-condamnant-lexcision\/"},"wordCount":281,"publisher":{"@id":"https:\/\/www.pressenza.com\/fr\/#organization"},"image":{"@id":"https:\/\/www.pressenza.com\/fr\/2012\/07\/cote-divoire-premier-jugement-condamnant-lexcision\/#primaryimage"},"thumbnailUrl":"http:\/\/pressenza.hermes.acasici.org\/wp-content\/uploads\/2012\/07\/cdi-300x168.jpg","keywords":["violence sexuel"],"articleSection":["Afrique","Droits humains","R\u00e9gion"],"inLanguage":"fr-FR"},{"@type":"WebPage","@id":"https:\/\/www.pressenza.com\/fr\/2012\/07\/cote-divoire-premier-jugement-condamnant-lexcision\/","url":"https:\/\/www.pressenza.com\/fr\/2012\/07\/cote-divoire-premier-jugement-condamnant-lexcision\/","name":"C\u00f4te d'Ivoire : Premier jugement condamnant l'excision","isPartOf":{"@id":"https:\/\/www.pressenza.com\/fr\/#website"},"primaryImageOfPage":{"@id":"https:\/\/www.pressenza.com\/fr\/2012\/07\/cote-divoire-premier-jugement-condamnant-lexcision\/#primaryimage"},"image":{"@id":"https:\/\/www.pressenza.com\/fr\/2012\/07\/cote-divoire-premier-jugement-condamnant-lexcision\/#primaryimage"},"thumbnailUrl":"http:\/\/pressenza.hermes.acasici.org\/wp-content\/uploads\/2012\/07\/cdi-300x168.jpg","datePublished":"2012-07-21T13:24:01+00:00","dateModified":"2012-08-28T19:54:17+00:00","description":"Mercredi dernier, en C\u00f4te d'Ivoire, neuf femmes se sont vues condamn\u00e9es pour excision. Nous pouvons lire dans la revue de presse \"Afreek news\" cette","breadcrumb":{"@id":"https:\/\/www.pressenza.com\/fr\/2012\/07\/cote-divoire-premier-jugement-condamnant-lexcision\/#breadcrumb"},"inLanguage":"fr-FR","potentialAction":[{"@type":"ReadAction","target":["https:\/\/www.pressenza.com\/fr\/2012\/07\/cote-divoire-premier-jugement-condamnant-lexcision\/"]}]},{"@type":"ImageObject","inLanguage":"fr-FR","@id":"https:\/\/www.pressenza.com\/fr\/2012\/07\/cote-divoire-premier-jugement-condamnant-lexcision\/#primaryimage","url":"http:\/\/pressenza.hermes.acasici.org\/wp-content\/uploads\/2012\/07\/cdi-300x168.jpg","contentUrl":"http:\/\/pressenza.hermes.acasici.org\/wp-content\/uploads\/2012\/07\/cdi-300x168.jpg"},{"@type":"BreadcrumbList","@id":"https:\/\/www.pressenza.com\/fr\/2012\/07\/cote-divoire-premier-jugement-condamnant-lexcision\/#breadcrumb","itemListElement":[{"@type":"ListItem","position":1,"name":"Accueil","item":"https:\/\/www.pressenza.com\/fr\/"},{"@type":"ListItem","position":2,"name":"C\u00f4te d&rsquo;Ivoire : Premier jugement condamnant l&rsquo;excision"}]},{"@type":"WebSite","@id":"https:\/\/www.pressenza.com\/fr\/#website","url":"https:\/\/www.pressenza.com\/fr\/","name":"Pressenza","description":"International Press Agency","publisher":{"@id":"https:\/\/www.pressenza.com\/fr\/#organization"},"potentialAction":[{"@type":"SearchAction","target":{"@type":"EntryPoint","urlTemplate":"https:\/\/www.pressenza.com\/fr\/?s={search_term_string}"},"query-input":{"@type":"PropertyValueSpecification","valueRequired":true,"valueName":"search_term_string"}}],"inLanguage":"fr-FR"},{"@type":"Organization","@id":"https:\/\/www.pressenza.com\/fr\/#organization","name":"Pressenza","url":"https:\/\/www.pressenza.com\/fr\/","logo":{"@type":"ImageObject","inLanguage":"fr-FR","@id":"https:\/\/www.pressenza.com\/fr\/#\/schema\/logo\/image\/","url":"https:\/\/www.pressenza.com\/wp-content\/uploads\/2022\/10\/pressenza_logo_200x200.jpg","contentUrl":"https:\/\/www.pressenza.com\/wp-content\/uploads\/2022\/10\/pressenza_logo_200x200.jpg","width":200,"height":200,"caption":"Pressenza"},"image":{"@id":"https:\/\/www.pressenza.com\/fr\/#\/schema\/logo\/image\/"},"sameAs":["https:\/\/www.facebook.com\/PressenzaItalia","https:\/\/x.com\/PressenzaIPA"]},{"@type":"Person","@id":"https:\/\/www.pressenza.com\/fr\/#\/schema\/person\/b8d1ec1cf15614fc9a887473b9572094","name":"Tatiana De Barelli","description":"Born with the gene of idealism, I have always wanted to change the world. At the age of 25, I met three crazy \"humanists\" and, little by little, with the friends of the Humanist Movement, I was able to collaborate in many projects around active nonviolence. The international dimension has always attracted me a lot and for 10 years I travelled to West Africa to support many social projects with the people there. Graphologist and educational psychologist, in 2008 I created Educ'art \"When education is an art\". It seems to me that school can be \"the place\" that opens children to their creativity, to their potential to transform the world. Together with professionals in the field of learning, we offer numerous training courses and exchanges with this objective in mind. Writing is also a passion. In 2010, I wrote a book \"Les Enjeux de l'Ecrire\" (The Stakes of Writing) which places the gesture of writing in its human dimension. In 1982, I married Jorge, an Argentinean, we have two sons who have become magnificent men. The relationship between a couple and a mother continues to be for me the most important human construction in terms of life choices.","sameAs":["http:\/\/www.educart.eu","tatianadebarelli"],"url":"https:\/\/www.pressenza.com\/fr\/author\/tatiana-de-barelli\/"}]}},"place":"","original_article_url":"","_links":{"self":[{"href":"https:\/\/www.pressenza.com\/fr\/wp-json\/wp\/v2\/posts\/10256","targetHints":{"allow":["GET"]}}],"collection":[{"href":"https:\/\/www.pressenza.com\/fr\/wp-json\/wp\/v2\/posts"}],"about":[{"href":"https:\/\/www.pressenza.com\/fr\/wp-json\/wp\/v2\/types\/post"}],"author":[{"embeddable":true,"href":"https:\/\/www.pressenza.com\/fr\/wp-json\/wp\/v2\/users\/156"}],"replies":[{"embeddable":true,"href":"https:\/\/www.pressenza.com\/fr\/wp-json\/wp\/v2\/comments?post=10256"}],"version-history":[{"count":0,"href":"https:\/\/www.pressenza.com\/fr\/wp-json\/wp\/v2\/posts\/10256\/revisions"}],"wp:attachment":[{"href":"https:\/\/www.pressenza.com\/fr\/wp-json\/wp\/v2\/media?parent=10256"}],"wp:term":[{"taxonomy":"category","embeddable":true,"href":"https:\/\/www.pressenza.com\/fr\/wp-json\/wp\/v2\/categories?post=10256"},{"taxonomy":"post_tag","embeddable":true,"href":"https:\/\/www.pressenza.com\/fr\/wp-json\/wp\/v2\/tags?post=10256"}],"curies":[{"name":"wp","href":"https:\/\/api.w.org\/{rel}","templated":true}]}}