{"id":10251,"date":"2012-07-21T15:18:38","date_gmt":"2012-07-21T13:18:38","guid":{"rendered":"http:\/\/pressenza.hermes.acasici.org\/?p=10251"},"modified":"2012-08-10T15:20:42","modified_gmt":"2012-08-10T13:20:42","slug":"negligence-de-la-democratie-en-amerique-latine-loea-detonne","status":"publish","type":"post","link":"https:\/\/www.pressenza.com\/fr\/2012\/07\/negligence-de-la-democratie-en-amerique-latine-loea-detonne\/","title":{"rendered":"N\u00e9gligence de la d\u00e9mocratie en Am\u00e9rique latine : l\u2019OEA d\u00e9tonne"},"content":{"rendered":"<p><strong>Entretien avec Al\u00ed Rodr\u00edguez, secr\u00e9taire g\u00e9n\u00e9ral de l\u2019UNASUR.<\/strong><\/p>\n<p><em>Depuis le Secr\u00e9tariat G\u00e9n\u00e9ral de l\u2019Union des Nations Sud-am\u00e9ricaines (UNASUR), Al\u00ed Rodr\u00edguez Araque conserve une posture conciliante. L\u2019\u00e9poque o\u00f9 il \u00e9tait gu\u00e9rillero est d\u00e9sormais bien loin. Aujourd\u2019hui, sa mission se concentre sur l\u2019\u00e9tude de la consolidation de l\u2019int\u00e9gration latino-am\u00e9ricaine.<\/em><\/p>\n<p><strong>Pourquoi l\u2019UNASUR n\u2019a-t-elle pas \u00e9t\u00e9 plus radicale avec le Paraguay en appliquant le Protocole sur le compromis d\u00e9mocratique, comme pour l\u2019\u00c9quateur, avec la fermeture des fronti\u00e8res ?<\/strong><\/p>\n<p>L\u2019UNASUR est une organisation plurielle, constitu\u00e9e de diff\u00e9rents gouvernements qui ont leur propre vision sur les questions politiques. Il a \u00e9t\u00e9 question d\u2019appliquer un processus similaire \u00e0 celui de l\u2019\u00c9quateur, mais cela n\u2019a pas \u00e9t\u00e9 approuv\u00e9 par la majorit\u00e9 et au sein de l\u2019UNASUR, les d\u00e9cisions sont prises par consensus.<\/p>\n<p><strong>Le pr\u00e9sident paraguayen Federico Franco refuse toute d\u00e9cision de l\u2019UNASUR.<\/strong><\/p>\n<p>Ce n\u2019est pas \u00e9tonnant. S\u2019il a rejet\u00e9 une proposition \u00e9manant d\u2019une organisation \u00e0 laquelle appartient le Paraguay, le reste importe peu. Au Paraguay, moins de 2 % de la population poss\u00e8dent plus de 80 % des terres, et Franco repr\u00e9sente cette partie de la population, dont le pouvoir est tr\u00e8s fort.<\/p>\n<p><strong>La sortie de Fernando Lugo a-t-elle fait d\u00e9sordre ?<\/strong><\/p>\n<p>Suite au sommet de Rio+20, nous sommes all\u00e9s au Paraguay et nous sommes r\u00e9unis avec le pr\u00e9sident Federico Franco, Lilian Samaniego, pr\u00e9sidente du Parti Colorado [parti conservateur, ndlt], Blas Llano, pr\u00e9sident du Parti Lib\u00e9ral, Miguel Carrizosa, pr\u00e9sident du S\u00e9nat et Alberto Ram\u00edrez Zambonini, pr\u00e9sident du Tribunal Sup\u00e9rieur de Justice \u00c9lectorale. Certaines interventions ont \u00e9t\u00e9 virulentes, niant toute possibilit\u00e9 de garantir le processus propos\u00e9.<\/p>\n<p><strong>Quels \u00e9taient les arguments ?<\/strong><\/p>\n<p>Que l\u2019ex-pr\u00e9sident Federico Lugo a eu quatre ans pour se d\u00e9fendre et qu\u2019il ne l\u2019a pas fait. Nous arrivons donc \u00e0 la conclusion qu\u2019il y avait un accord entre ces partis. Un s\u00e9nateur nous a m\u00eame donn\u00e9 cong\u00e9, disant que notre meilleure contribution \u00e9tait de ne pas intervenir dans les probl\u00e8mes internes de son pays.<\/p>\n<p><strong>Mais le Paraguay int\u00e8gre l\u2019UNASUR\u2026<\/strong><\/p>\n<p>Effectivement le Paraguay est membre et, en cons\u00e9quence, l\u2019UNASUR a l\u2019obligation d\u2019appliquer les principes \u00e9tablis dans le trait\u00e9 constitutif. L\u2019un d\u2019entre eux est de maintenir l\u2019ordre d\u00e9mocratique. La d\u00e9cision qui a \u00e9t\u00e9 prise est d\u00e9sormais connue, et l\u2019ex-mandataire a eu \u00e0 peine deux heures pour s\u2019exprimer. Il est impossible de pr\u00e9parer une d\u00e9fense en un tel laps de temps.<\/p>\n<p><strong>Il y a donc eu d\u00e9sordre ?<\/strong><\/p>\n<p>Il y a eu de larges troubles, tant l\u00e9galement qu\u2019au niveau de la proc\u00e9dure. Federico Franco se souciait peu d\u2019appliquer la proposition.<\/p>\n<p><strong>Qu\u2019attend-on de la commission de haut niveau pr\u00e9sid\u00e9e par Salom\u00f3n Lerner ?<\/strong><\/p>\n<p>Cette commission est charg\u00e9e d\u2019assurer un suivi du cas paraguayen et de pr\u00eater ses bons offices pour aider \u00e0 r\u00e9soudre le probl\u00e8me, si les partis de ce pays en manifestent une r\u00e9elle volont\u00e9.<\/p>\n<p>Le Mercosur (March\u00e9 commun du Sud) a fait \u00e9cho \u00e0 l\u2019UNASUR, mais il ne s\u2019est pas pass\u00e9 la m\u00eame chose avec l\u2019OEA (Organisation des \u00c9tats Am\u00e9ricains), dont le secr\u00e9taire g\u00e9n\u00e9ral, Miguel Insulza, a r\u00e9pondu froidement au cas paraguayen ; il a d\u2019ailleurs annonc\u00e9 une autre r\u00e9union de son organisation.<\/p>\n<p>L\u2019OEA s\u2019est pr\u00e9cis\u00e9ment distingu\u00e9e en ne d\u00e9fendant pas la d\u00e9mocratie de nos \u00c9tats. Par ailleurs, l\u2019OPEP (Organisation des Pays Exportateurs de P\u00e9trole) n\u2019a pas clairement \u00e9mis d\u2019opinion d\u00e9favorable quant au coup d\u2019\u00c9tat v\u00e9n\u00e9zu\u00e9lien en 2002, renversant le gouvernement du pr\u00e9sident Hugo Ch\u00e1vez l\u2019espace de quelques jours. L\u2019OPEP est toujours largement conditionn\u00e9e par le poids qu\u2019avaient les \u00c9tats-Unis.<\/p>\n<p><strong>Les \u00c9tats-Unis soutiennent ces actions ?<\/strong><\/p>\n<p>Le gouvernement des \u00c9tats-Unis est entach\u00e9 d\u2019une grave erreur, qui va jusqu\u2019\u00e0 l\u2019affaiblir. Voyez jusqu\u2019o\u00f9 va sa domination : elle engendre un processus d\u2019union sud-am\u00e9ricaine et lui permet d\u2019abriter des gouvernements originaires de coups d\u2019\u00e9tat. Ce pays conserve une situation privil\u00e9gi\u00e9e et poss\u00e8de une soif terrible d\u2019acc\u00e9der aux ressources naturelles, et particuli\u00e8rement aux ressources dites \u00ab strat\u00e9giques \u00bb. Certains documents officiels pr\u00e9tendent que les ressources naturelles sont un probl\u00e8me de s\u00e9curit\u00e9 nationale pour les \u00c9tats-Unis.<\/p>\n<p><strong>Les \u00c9tats-Unis engendrent de l\u2019instabilit\u00e9 ?<\/strong><\/p>\n<p>C\u2019est un fait av\u00e9r\u00e9. Le monde a besoin de stabilit\u00e9 et les \u00c9tats-Unis sont devenus un agent perturbateur.<\/p>\n<p><strong>Jusqu\u2019\u00e0 quand le Paraguay sera \u00e9cart\u00e9 de l\u2019UNASUR ?<\/strong><\/p>\n<p>Jusqu\u2019\u00e0 ce que s\u2019y r\u00e9tablisse la d\u00e9mocratie.<\/p>\n<p><strong>C\u2019est-\u00e0-dire jusqu\u2019\u00e0 ce que les paraguayens aillent aux urnes ?<\/strong><\/p>\n<p>Je ne veux aucunement sp\u00e9culer \u00e0 ce propos, la solution repose sur le peuple paraguayen. La d\u00e9mocratie ne se limite pas aux \u00e9lections, c\u2019est un exercice quotidien. La d\u00e9mocratie, comme l\u2019a d\u00e9finie Abraham Lincoln, c\u2019est \u00ab le gouvernement du peuple, par le peuple et pour le peuple \u00bb ; j\u2019y ajouterai \u00ab avec le peuple \u00bb.<\/p>\n<p><em>Le T\u00e9l\u00e9graphe, \u00c9quateur, 16 juillet 2012<\/em><\/p>\n<p><em>Traduction de l\u2019espagnol : Jordana Do Ros\u00e1rio<\/em><\/p>\n","protected":false},"excerpt":{"rendered":"<p>Entretien avec Al\u00ed Rodr\u00edguez, secr\u00e9taire g\u00e9n\u00e9ral de l\u2019UNASUR. Depuis le Secr\u00e9tariat G\u00e9n\u00e9ral de l\u2019Union des Nations Sud-am\u00e9ricaines (UNASUR), Al\u00ed Rodr\u00edguez Araque conserve une posture conciliante. L\u2019\u00e9poque o\u00f9 il \u00e9tait gu\u00e9rillero est d\u00e9sormais bien loin. Aujourd\u2019hui, sa mission se concentre sur&hellip;<\/p>\n","protected":false},"author":714,"featured_media":0,"comment_status":"closed","ping_status":"open","sticky":false,"template":"","format":"standard","meta":{"footnotes":""},"categories":[86,156,93,82],"tags":[246,245,247,248,244],"class_list":["post-10251","post","type-post","status-publish","format-standard","hentry","category-amerique-du-sud","category-interview-fr","category-politique","category-region-fr","tag-coup-detat","tag-fernando-lugo","tag-franco","tag-paraguay-fr","tag-unasur"],"yoast_head":"<!-- This site is optimized with the Yoast SEO plugin v27.1.1 - https:\/\/yoast.com\/product\/yoast-seo-wordpress\/ -->\n<title>N\u00e9gligence de la d\u00e9mocratie en Am\u00e9rique latine : l\u2019OEA d\u00e9tonne<\/title>\n<meta name=\"description\" content=\"Entretien avec Al\u00ed Rodr\u00edguez, secr\u00e9taire g\u00e9n\u00e9ral de l\u2019UNASUR. Depuis le Secr\u00e9tariat G\u00e9n\u00e9ral de l\u2019Union des Nations Sud-am\u00e9ricaines (UNASUR), Al\u00ed Rodr\u00edguez\" \/>\n<meta name=\"robots\" content=\"index, follow, max-snippet:-1, max-image-preview:large, max-video-preview:-1\" \/>\n<link rel=\"canonical\" href=\"https:\/\/www.pressenza.com\/fr\/2012\/07\/negligence-de-la-democratie-en-amerique-latine-loea-detonne\/\" \/>\n<meta property=\"og:locale\" content=\"fr_FR\" \/>\n<meta property=\"og:type\" content=\"article\" \/>\n<meta property=\"og:title\" content=\"N\u00e9gligence de la d\u00e9mocratie en Am\u00e9rique latine : l\u2019OEA d\u00e9tonne\" \/>\n<meta property=\"og:description\" content=\"Entretien avec Al\u00ed Rodr\u00edguez, secr\u00e9taire g\u00e9n\u00e9ral de l\u2019UNASUR. Depuis le Secr\u00e9tariat G\u00e9n\u00e9ral de l\u2019Union des Nations Sud-am\u00e9ricaines (UNASUR), Al\u00ed Rodr\u00edguez\" \/>\n<meta property=\"og:url\" content=\"https:\/\/www.pressenza.com\/fr\/2012\/07\/negligence-de-la-democratie-en-amerique-latine-loea-detonne\/\" \/>\n<meta property=\"og:site_name\" content=\"Pressenza\" \/>\n<meta property=\"article:publisher\" content=\"https:\/\/www.facebook.com\/PressenzaItalia\" \/>\n<meta property=\"article:published_time\" content=\"2012-07-21T13:18:38+00:00\" \/>\n<meta property=\"article:modified_time\" content=\"2012-08-10T13:20:42+00:00\" \/>\n<meta name=\"author\" content=\"Cronicon Virtual\" \/>\n<meta name=\"twitter:card\" content=\"summary_large_image\" \/>\n<meta name=\"twitter:creator\" content=\"@PressenzaIPA\" \/>\n<meta name=\"twitter:site\" content=\"@PressenzaIPA\" \/>\n<meta name=\"twitter:label1\" content=\"\u00c9crit par\" \/>\n\t<meta name=\"twitter:data1\" content=\"Cronicon Virtual\" \/>\n\t<meta name=\"twitter:label2\" content=\"Dur\u00e9e de lecture estim\u00e9e\" \/>\n\t<meta name=\"twitter:data2\" content=\"4 minutes\" \/>\n<script type=\"application\/ld+json\" class=\"yoast-schema-graph\">{\"@context\":\"https:\/\/schema.org\",\"@graph\":[{\"@type\":\"Article\",\"@id\":\"https:\/\/www.pressenza.com\/fr\/2012\/07\/negligence-de-la-democratie-en-amerique-latine-loea-detonne\/#article\",\"isPartOf\":{\"@id\":\"https:\/\/www.pressenza.com\/fr\/2012\/07\/negligence-de-la-democratie-en-amerique-latine-loea-detonne\/\"},\"author\":{\"name\":\"Cronicon Virtual\",\"@id\":\"https:\/\/www.pressenza.com\/fr\/#\/schema\/person\/2dfc0502c1a8694b0ac37d1e900c2c99\"},\"headline\":\"N\u00e9gligence de la d\u00e9mocratie en Am\u00e9rique latine : l\u2019OEA d\u00e9tonne\",\"datePublished\":\"2012-07-21T13:18:38+00:00\",\"dateModified\":\"2012-08-10T13:20:42+00:00\",\"mainEntityOfPage\":{\"@id\":\"https:\/\/www.pressenza.com\/fr\/2012\/07\/negligence-de-la-democratie-en-amerique-latine-loea-detonne\/\"},\"wordCount\":906,\"publisher\":{\"@id\":\"https:\/\/www.pressenza.com\/fr\/#organization\"},\"keywords\":[\"coup d'\u00e9tat\",\"Fernando Lugo\",\"Franco\",\"Paraguay\",\"UNASUR\"],\"articleSection\":[\"Am\u00e9rique du Sud\",\"Interviews\",\"Politique\",\"R\u00e9gion\"],\"inLanguage\":\"fr-FR\"},{\"@type\":\"WebPage\",\"@id\":\"https:\/\/www.pressenza.com\/fr\/2012\/07\/negligence-de-la-democratie-en-amerique-latine-loea-detonne\/\",\"url\":\"https:\/\/www.pressenza.com\/fr\/2012\/07\/negligence-de-la-democratie-en-amerique-latine-loea-detonne\/\",\"name\":\"N\u00e9gligence de la d\u00e9mocratie en Am\u00e9rique latine : l\u2019OEA d\u00e9tonne\",\"isPartOf\":{\"@id\":\"https:\/\/www.pressenza.com\/fr\/#website\"},\"datePublished\":\"2012-07-21T13:18:38+00:00\",\"dateModified\":\"2012-08-10T13:20:42+00:00\",\"description\":\"Entretien avec Al\u00ed Rodr\u00edguez, secr\u00e9taire g\u00e9n\u00e9ral de l\u2019UNASUR. Depuis le Secr\u00e9tariat G\u00e9n\u00e9ral de l\u2019Union des Nations Sud-am\u00e9ricaines (UNASUR), Al\u00ed Rodr\u00edguez\",\"breadcrumb\":{\"@id\":\"https:\/\/www.pressenza.com\/fr\/2012\/07\/negligence-de-la-democratie-en-amerique-latine-loea-detonne\/#breadcrumb\"},\"inLanguage\":\"fr-FR\",\"potentialAction\":[{\"@type\":\"ReadAction\",\"target\":[\"https:\/\/www.pressenza.com\/fr\/2012\/07\/negligence-de-la-democratie-en-amerique-latine-loea-detonne\/\"]}]},{\"@type\":\"BreadcrumbList\",\"@id\":\"https:\/\/www.pressenza.com\/fr\/2012\/07\/negligence-de-la-democratie-en-amerique-latine-loea-detonne\/#breadcrumb\",\"itemListElement\":[{\"@type\":\"ListItem\",\"position\":1,\"name\":\"Accueil\",\"item\":\"https:\/\/www.pressenza.com\/fr\/\"},{\"@type\":\"ListItem\",\"position\":2,\"name\":\"N\u00e9gligence de la d\u00e9mocratie en Am\u00e9rique latine : l\u2019OEA d\u00e9tonne\"}]},{\"@type\":\"WebSite\",\"@id\":\"https:\/\/www.pressenza.com\/fr\/#website\",\"url\":\"https:\/\/www.pressenza.com\/fr\/\",\"name\":\"Pressenza\",\"description\":\"International Press Agency\",\"publisher\":{\"@id\":\"https:\/\/www.pressenza.com\/fr\/#organization\"},\"potentialAction\":[{\"@type\":\"SearchAction\",\"target\":{\"@type\":\"EntryPoint\",\"urlTemplate\":\"https:\/\/www.pressenza.com\/fr\/?s={search_term_string}\"},\"query-input\":{\"@type\":\"PropertyValueSpecification\",\"valueRequired\":true,\"valueName\":\"search_term_string\"}}],\"inLanguage\":\"fr-FR\"},{\"@type\":\"Organization\",\"@id\":\"https:\/\/www.pressenza.com\/fr\/#organization\",\"name\":\"Pressenza\",\"url\":\"https:\/\/www.pressenza.com\/fr\/\",\"logo\":{\"@type\":\"ImageObject\",\"inLanguage\":\"fr-FR\",\"@id\":\"https:\/\/www.pressenza.com\/fr\/#\/schema\/logo\/image\/\",\"url\":\"https:\/\/www.pressenza.com\/wp-content\/uploads\/2022\/10\/pressenza_logo_200x200.jpg\",\"contentUrl\":\"https:\/\/www.pressenza.com\/wp-content\/uploads\/2022\/10\/pressenza_logo_200x200.jpg\",\"width\":200,\"height\":200,\"caption\":\"Pressenza\"},\"image\":{\"@id\":\"https:\/\/www.pressenza.com\/fr\/#\/schema\/logo\/image\/\"},\"sameAs\":[\"https:\/\/www.facebook.com\/PressenzaItalia\",\"https:\/\/x.com\/PressenzaIPA\"]},{\"@type\":\"Person\",\"@id\":\"https:\/\/www.pressenza.com\/fr\/#\/schema\/person\/2dfc0502c1a8694b0ac37d1e900c2c99\",\"name\":\"Cronicon Virtual\",\"url\":\"https:\/\/www.pressenza.com\/fr\/author\/cronicon-virtual\/\"}]}<\/script>\n<!-- \/ Yoast SEO plugin. -->","yoast_head_json":{"title":"N\u00e9gligence de la d\u00e9mocratie en Am\u00e9rique latine : l\u2019OEA d\u00e9tonne","description":"Entretien avec Al\u00ed Rodr\u00edguez, secr\u00e9taire g\u00e9n\u00e9ral de l\u2019UNASUR. Depuis le Secr\u00e9tariat G\u00e9n\u00e9ral de l\u2019Union des Nations Sud-am\u00e9ricaines (UNASUR), Al\u00ed Rodr\u00edguez","robots":{"index":"index","follow":"follow","max-snippet":"max-snippet:-1","max-image-preview":"max-image-preview:large","max-video-preview":"max-video-preview:-1"},"canonical":"https:\/\/www.pressenza.com\/fr\/2012\/07\/negligence-de-la-democratie-en-amerique-latine-loea-detonne\/","og_locale":"fr_FR","og_type":"article","og_title":"N\u00e9gligence de la d\u00e9mocratie en Am\u00e9rique latine : l\u2019OEA d\u00e9tonne","og_description":"Entretien avec Al\u00ed Rodr\u00edguez, secr\u00e9taire g\u00e9n\u00e9ral de l\u2019UNASUR. Depuis le Secr\u00e9tariat G\u00e9n\u00e9ral de l\u2019Union des Nations Sud-am\u00e9ricaines (UNASUR), Al\u00ed Rodr\u00edguez","og_url":"https:\/\/www.pressenza.com\/fr\/2012\/07\/negligence-de-la-democratie-en-amerique-latine-loea-detonne\/","og_site_name":"Pressenza","article_publisher":"https:\/\/www.facebook.com\/PressenzaItalia","article_published_time":"2012-07-21T13:18:38+00:00","article_modified_time":"2012-08-10T13:20:42+00:00","author":"Cronicon Virtual","twitter_card":"summary_large_image","twitter_creator":"@PressenzaIPA","twitter_site":"@PressenzaIPA","twitter_misc":{"\u00c9crit par":"Cronicon Virtual","Dur\u00e9e de lecture estim\u00e9e":"4 minutes"},"schema":{"@context":"https:\/\/schema.org","@graph":[{"@type":"Article","@id":"https:\/\/www.pressenza.com\/fr\/2012\/07\/negligence-de-la-democratie-en-amerique-latine-loea-detonne\/#article","isPartOf":{"@id":"https:\/\/www.pressenza.com\/fr\/2012\/07\/negligence-de-la-democratie-en-amerique-latine-loea-detonne\/"},"author":{"name":"Cronicon Virtual","@id":"https:\/\/www.pressenza.com\/fr\/#\/schema\/person\/2dfc0502c1a8694b0ac37d1e900c2c99"},"headline":"N\u00e9gligence de la d\u00e9mocratie en Am\u00e9rique latine : l\u2019OEA d\u00e9tonne","datePublished":"2012-07-21T13:18:38+00:00","dateModified":"2012-08-10T13:20:42+00:00","mainEntityOfPage":{"@id":"https:\/\/www.pressenza.com\/fr\/2012\/07\/negligence-de-la-democratie-en-amerique-latine-loea-detonne\/"},"wordCount":906,"publisher":{"@id":"https:\/\/www.pressenza.com\/fr\/#organization"},"keywords":["coup d'\u00e9tat","Fernando Lugo","Franco","Paraguay","UNASUR"],"articleSection":["Am\u00e9rique du Sud","Interviews","Politique","R\u00e9gion"],"inLanguage":"fr-FR"},{"@type":"WebPage","@id":"https:\/\/www.pressenza.com\/fr\/2012\/07\/negligence-de-la-democratie-en-amerique-latine-loea-detonne\/","url":"https:\/\/www.pressenza.com\/fr\/2012\/07\/negligence-de-la-democratie-en-amerique-latine-loea-detonne\/","name":"N\u00e9gligence de la d\u00e9mocratie en Am\u00e9rique latine : l\u2019OEA d\u00e9tonne","isPartOf":{"@id":"https:\/\/www.pressenza.com\/fr\/#website"},"datePublished":"2012-07-21T13:18:38+00:00","dateModified":"2012-08-10T13:20:42+00:00","description":"Entretien avec Al\u00ed Rodr\u00edguez, secr\u00e9taire g\u00e9n\u00e9ral de l\u2019UNASUR. Depuis le Secr\u00e9tariat G\u00e9n\u00e9ral de l\u2019Union des Nations Sud-am\u00e9ricaines (UNASUR), Al\u00ed Rodr\u00edguez","breadcrumb":{"@id":"https:\/\/www.pressenza.com\/fr\/2012\/07\/negligence-de-la-democratie-en-amerique-latine-loea-detonne\/#breadcrumb"},"inLanguage":"fr-FR","potentialAction":[{"@type":"ReadAction","target":["https:\/\/www.pressenza.com\/fr\/2012\/07\/negligence-de-la-democratie-en-amerique-latine-loea-detonne\/"]}]},{"@type":"BreadcrumbList","@id":"https:\/\/www.pressenza.com\/fr\/2012\/07\/negligence-de-la-democratie-en-amerique-latine-loea-detonne\/#breadcrumb","itemListElement":[{"@type":"ListItem","position":1,"name":"Accueil","item":"https:\/\/www.pressenza.com\/fr\/"},{"@type":"ListItem","position":2,"name":"N\u00e9gligence de la d\u00e9mocratie en Am\u00e9rique latine : l\u2019OEA d\u00e9tonne"}]},{"@type":"WebSite","@id":"https:\/\/www.pressenza.com\/fr\/#website","url":"https:\/\/www.pressenza.com\/fr\/","name":"Pressenza","description":"International Press Agency","publisher":{"@id":"https:\/\/www.pressenza.com\/fr\/#organization"},"potentialAction":[{"@type":"SearchAction","target":{"@type":"EntryPoint","urlTemplate":"https:\/\/www.pressenza.com\/fr\/?s={search_term_string}"},"query-input":{"@type":"PropertyValueSpecification","valueRequired":true,"valueName":"search_term_string"}}],"inLanguage":"fr-FR"},{"@type":"Organization","@id":"https:\/\/www.pressenza.com\/fr\/#organization","name":"Pressenza","url":"https:\/\/www.pressenza.com\/fr\/","logo":{"@type":"ImageObject","inLanguage":"fr-FR","@id":"https:\/\/www.pressenza.com\/fr\/#\/schema\/logo\/image\/","url":"https:\/\/www.pressenza.com\/wp-content\/uploads\/2022\/10\/pressenza_logo_200x200.jpg","contentUrl":"https:\/\/www.pressenza.com\/wp-content\/uploads\/2022\/10\/pressenza_logo_200x200.jpg","width":200,"height":200,"caption":"Pressenza"},"image":{"@id":"https:\/\/www.pressenza.com\/fr\/#\/schema\/logo\/image\/"},"sameAs":["https:\/\/www.facebook.com\/PressenzaItalia","https:\/\/x.com\/PressenzaIPA"]},{"@type":"Person","@id":"https:\/\/www.pressenza.com\/fr\/#\/schema\/person\/2dfc0502c1a8694b0ac37d1e900c2c99","name":"Cronicon Virtual","url":"https:\/\/www.pressenza.com\/fr\/author\/cronicon-virtual\/"}]}},"place":"","original_article_url":"","_links":{"self":[{"href":"https:\/\/www.pressenza.com\/fr\/wp-json\/wp\/v2\/posts\/10251","targetHints":{"allow":["GET"]}}],"collection":[{"href":"https:\/\/www.pressenza.com\/fr\/wp-json\/wp\/v2\/posts"}],"about":[{"href":"https:\/\/www.pressenza.com\/fr\/wp-json\/wp\/v2\/types\/post"}],"author":[{"embeddable":true,"href":"https:\/\/www.pressenza.com\/fr\/wp-json\/wp\/v2\/users\/714"}],"replies":[{"embeddable":true,"href":"https:\/\/www.pressenza.com\/fr\/wp-json\/wp\/v2\/comments?post=10251"}],"version-history":[{"count":0,"href":"https:\/\/www.pressenza.com\/fr\/wp-json\/wp\/v2\/posts\/10251\/revisions"}],"wp:attachment":[{"href":"https:\/\/www.pressenza.com\/fr\/wp-json\/wp\/v2\/media?parent=10251"}],"wp:term":[{"taxonomy":"category","embeddable":true,"href":"https:\/\/www.pressenza.com\/fr\/wp-json\/wp\/v2\/categories?post=10251"},{"taxonomy":"post_tag","embeddable":true,"href":"https:\/\/www.pressenza.com\/fr\/wp-json\/wp\/v2\/tags?post=10251"}],"curies":[{"name":"wp","href":"https:\/\/api.w.org\/{rel}","templated":true}]}}