{"id":1020914,"date":"2020-01-25T20:27:35","date_gmt":"2020-01-25T20:27:35","guid":{"rendered":"https:\/\/www.pressenza.com\/?p=1020914"},"modified":"2020-01-25T20:27:35","modified_gmt":"2020-01-25T20:27:35","slug":"montreal-10-minutes-de-silence-en-solidarite-avec-les-communautes-autochtones","status":"publish","type":"post","link":"https:\/\/www.pressenza.com\/fr\/2020\/01\/montreal-10-minutes-de-silence-en-solidarite-avec-les-communautes-autochtones\/","title":{"rendered":"Montr\u00e9al 10 minutes de silence en solidarit\u00e9 avec les communaut\u00e9s autochtones"},"content":{"rendered":"<div dir=\"ltr\">Plusieurs dizaines de jeunes de l&rsquo;organisation \u00ab\u00a0Climate Strike Canada\u00a0\u00bb ont march\u00e9 \u00e0 Montr\u00e9al vendredi apr\u00e8s-midi. Ils ont march\u00e9s, au centre-ville, pendant 10 minutes en silence pour souligner leur solidarit\u00e9 avec les communaut\u00e9s autochtones qui luttent pour la souverainet\u00e9 de leur territoire face \u00e0 l&rsquo;industrie p\u00e9troli\u00e8re et gazi\u00e8re.<\/div>\n<div dir=\"ltr\">\n<div dir=\"ltr\"><\/div>\n<div>Wilson-Raybould, d\u00e9put\u00e9e f\u00e9d\u00e9rale ind\u00e9pendante de la circonscription de Vancouver Granville, en Colombie-Britannique expliquait r\u00e9cemment comment les Premi\u00e8res nations vivent une p\u00e9riode de transition face au conflit avec la construction du pipeline de <a href=\"https:\/\/www.pressenza.com\/tag\/coastal\/_gaslink\">Coastal Gaslink<\/a>.<\/div>\n<blockquote>\n<div>\u00ab\u00a0Notre peuple est dans une p\u00e9riode de profonde transition et de reconstruction. Comprendre cette transition est essentiel afin de donner un sens au conflit du pipeline de Coastal GasLink. Par exemple, qui parle au nom du peuple Wet&rsquo;suwet&rsquo;en en approuvant ou non des d\u00e9veloppements sur leur territoire. Une grande partie du dialogue sur les pipelines est encadr\u00e9e de fa\u00e7on simpliste : construire le pipeline, ou ne pas; respecter ou non les droits des Autochtones. Mais de tels cadres ne nous aident pas \u00e0 obtenir une meilleure compr\u00e9hension sur le comment nous en sommes arriv\u00e9s l\u00e0, et ce que nous devons faire pour \u00e9viter et r\u00e9soudre dans le futur de tels conflits,\u00a0\u00bb a expliqu\u00e9 Madame Wilson-Raybould. (<a href=\"https:\/\/www.theglobeandmail.com\/opinion\/article-who-speaks-for-the-wetsuweten-people-making-sense-of-the-coastal\/\">The Global and Mail<\/a>)<\/div>\n<\/blockquote>\n<div>Selon madame Wilson-Raybould, la r\u00e9conciliation exige la transition d&rsquo;un syst\u00e8me colonial qui a \u00e9t\u00e9\u00a0 impos\u00e9 aux Premi\u00e8res nations par l&rsquo;entremise de la Loi sur les Indiens, \u00e0 des syst\u00e8mes de gouvernance autochtone qui sont d\u00e9termin\u00e9s par les peuples autochtones et reconnus par les autres gouvernements au Canada.<\/div>\n<div><\/div>\n<div>\u00c0 propos de \u00ab\u00a0Climate Strike Canada\u00a0\u00bb<\/div>\n<div>\n<div><\/div>\n<div>\u00ab\u00a0Climate Strike Canada\u00a0\u00bb est un r\u00e9seau d&rsquo;\u00e9tudiants, de jeunes et d&rsquo;activistes sur l&rsquo;action climatique qui relie les mouvements de gr\u00e8ve dans les \u00e9coles au Canada. Les premi\u00e8res gr\u00e8ves \u00e9tudiantes ont \u00e9t\u00e9 inspir\u00e9es par le mouvement \u00ab\u00a0Vendredi pour le futur\u00a0\u00bb de Greta Thunberg. Mouvement dans lequel des enfants et des jeunes de tous \u00e2ges font gr\u00e8ve \u00e0 l&rsquo;\u00e9cole pour appeler \u00e0 une action urgente pour le climat.<\/div>\n<\/div>\n<\/div>\n","protected":false},"excerpt":{"rendered":"<p>Plusieurs dizaines de jeunes de l&rsquo;organisation \u00ab\u00a0Climate Strike Canada\u00a0\u00bb ont march\u00e9 \u00e0 Montr\u00e9al vendredi apr\u00e8s-midi. Ils ont march\u00e9s, au centre-ville, pendant 10 minutes en silence pour souligner leur solidarit\u00e9 avec les communaut\u00e9s autochtones qui luttent pour la souverainet\u00e9 de leur&hellip;<\/p>\n","protected":false},"author":63,"featured_media":1020989,"comment_status":"closed","ping_status":"closed","sticky":false,"template":"","format":"standard","meta":{"footnotes":""},"categories":[87,11386,99],"tags":[70021,70020,7376,767],"class_list":["post-1020914","post","type-post","status-publish","format-standard","has-post-thumbnail","hentry","category-amerique-du-nord","category-contenu-original","category-peuples-autochtones","tag-autochtones","tag-canada_strike","tag-climat","tag-jeunes"],"yoast_head":"<!-- This site is optimized with the Yoast SEO plugin v27.1.1 - https:\/\/yoast.com\/product\/yoast-seo-wordpress\/ -->\n<title>Montr\u00e9al 10 minutes de silence en solidarit\u00e9 avec les communaut\u00e9s autochtones<\/title>\n<meta name=\"description\" content=\"Plusieurs dizaines de jeunes de l&#039;organisation &quot;Climate Strike Canada&quot; ont march\u00e9 \u00e0 Montr\u00e9al vendredi apr\u00e8s-midi. Ils ont march\u00e9s, au centre-ville,\" \/>\n<meta name=\"robots\" content=\"index, follow, max-snippet:-1, max-image-preview:large, max-video-preview:-1\" \/>\n<link rel=\"canonical\" href=\"https:\/\/www.pressenza.com\/fr\/2020\/01\/montreal-10-minutes-de-silence-en-solidarite-avec-les-communautes-autochtones\/\" \/>\n<meta property=\"og:locale\" content=\"fr_FR\" \/>\n<meta property=\"og:type\" content=\"article\" \/>\n<meta property=\"og:title\" content=\"Montr\u00e9al 10 minutes de silence en solidarit\u00e9 avec les communaut\u00e9s autochtones\" \/>\n<meta property=\"og:description\" content=\"Plusieurs dizaines de jeunes de l&#039;organisation &quot;Climate Strike Canada&quot; ont march\u00e9 \u00e0 Montr\u00e9al vendredi apr\u00e8s-midi. Ils ont march\u00e9s, au centre-ville,\" \/>\n<meta property=\"og:url\" content=\"https:\/\/www.pressenza.com\/fr\/2020\/01\/montreal-10-minutes-de-silence-en-solidarite-avec-les-communautes-autochtones\/\" \/>\n<meta property=\"og:site_name\" content=\"Pressenza\" \/>\n<meta property=\"article:publisher\" content=\"https:\/\/www.facebook.com\/PressenzaItalia\" \/>\n<meta property=\"article:published_time\" content=\"2020-01-25T20:27:35+00:00\" \/>\n<meta property=\"og:image\" content=\"https:\/\/www.pressenza.com\/wp-content\/uploads\/2020\/01\/climate_strike_canada.jpg\" \/>\n\t<meta property=\"og:image:width\" content=\"750\" \/>\n\t<meta property=\"og:image:height\" content=\"481\" \/>\n\t<meta property=\"og:image:type\" content=\"image\/jpeg\" \/>\n<meta name=\"author\" content=\"Anne Farrell\" \/>\n<meta name=\"twitter:card\" content=\"summary_large_image\" \/>\n<meta name=\"twitter:creator\" content=\"@PressenzaIPA\" \/>\n<meta name=\"twitter:site\" content=\"@PressenzaIPA\" \/>\n<meta name=\"twitter:label1\" content=\"\u00c9crit par\" \/>\n\t<meta name=\"twitter:data1\" content=\"Anne Farrell\" \/>\n\t<meta name=\"twitter:label2\" content=\"Dur\u00e9e de lecture estim\u00e9e\" \/>\n\t<meta name=\"twitter:data2\" content=\"2 minutes\" \/>\n<script type=\"application\/ld+json\" class=\"yoast-schema-graph\">{\"@context\":\"https:\/\/schema.org\",\"@graph\":[{\"@type\":\"Article\",\"@id\":\"https:\/\/www.pressenza.com\/fr\/2020\/01\/montreal-10-minutes-de-silence-en-solidarite-avec-les-communautes-autochtones\/#article\",\"isPartOf\":{\"@id\":\"https:\/\/www.pressenza.com\/fr\/2020\/01\/montreal-10-minutes-de-silence-en-solidarite-avec-les-communautes-autochtones\/\"},\"author\":{\"name\":\"Anne Farrell\",\"@id\":\"https:\/\/www.pressenza.com\/fr\/#\/schema\/person\/06fe29d0640b1b3c6e87b05e162391e0\"},\"headline\":\"Montr\u00e9al 10 minutes de silence en solidarit\u00e9 avec les communaut\u00e9s autochtones\",\"datePublished\":\"2020-01-25T20:27:35+00:00\",\"mainEntityOfPage\":{\"@id\":\"https:\/\/www.pressenza.com\/fr\/2020\/01\/montreal-10-minutes-de-silence-en-solidarite-avec-les-communautes-autochtones\/\"},\"wordCount\":366,\"publisher\":{\"@id\":\"https:\/\/www.pressenza.com\/fr\/#organization\"},\"image\":{\"@id\":\"https:\/\/www.pressenza.com\/fr\/2020\/01\/montreal-10-minutes-de-silence-en-solidarite-avec-les-communautes-autochtones\/#primaryimage\"},\"thumbnailUrl\":\"https:\/\/www.pressenza.com\/wp-content\/uploads\/2020\/01\/climate_strike_canada.jpg\",\"keywords\":[\"autochtones\",\"canada_strike\",\"climat\",\"jeunes\"],\"articleSection\":[\"Am\u00e9rique du Nord\",\"Contenu Original\",\"Peuples originaires\"],\"inLanguage\":\"fr-FR\"},{\"@type\":\"WebPage\",\"@id\":\"https:\/\/www.pressenza.com\/fr\/2020\/01\/montreal-10-minutes-de-silence-en-solidarite-avec-les-communautes-autochtones\/\",\"url\":\"https:\/\/www.pressenza.com\/fr\/2020\/01\/montreal-10-minutes-de-silence-en-solidarite-avec-les-communautes-autochtones\/\",\"name\":\"Montr\u00e9al 10 minutes de silence en solidarit\u00e9 avec les communaut\u00e9s autochtones\",\"isPartOf\":{\"@id\":\"https:\/\/www.pressenza.com\/fr\/#website\"},\"primaryImageOfPage\":{\"@id\":\"https:\/\/www.pressenza.com\/fr\/2020\/01\/montreal-10-minutes-de-silence-en-solidarite-avec-les-communautes-autochtones\/#primaryimage\"},\"image\":{\"@id\":\"https:\/\/www.pressenza.com\/fr\/2020\/01\/montreal-10-minutes-de-silence-en-solidarite-avec-les-communautes-autochtones\/#primaryimage\"},\"thumbnailUrl\":\"https:\/\/www.pressenza.com\/wp-content\/uploads\/2020\/01\/climate_strike_canada.jpg\",\"datePublished\":\"2020-01-25T20:27:35+00:00\",\"description\":\"Plusieurs dizaines de jeunes de l'organisation \\\"Climate Strike Canada\\\" ont march\u00e9 \u00e0 Montr\u00e9al vendredi apr\u00e8s-midi. Ils ont march\u00e9s, au centre-ville,\",\"breadcrumb\":{\"@id\":\"https:\/\/www.pressenza.com\/fr\/2020\/01\/montreal-10-minutes-de-silence-en-solidarite-avec-les-communautes-autochtones\/#breadcrumb\"},\"inLanguage\":\"fr-FR\",\"potentialAction\":[{\"@type\":\"ReadAction\",\"target\":[\"https:\/\/www.pressenza.com\/fr\/2020\/01\/montreal-10-minutes-de-silence-en-solidarite-avec-les-communautes-autochtones\/\"]}]},{\"@type\":\"ImageObject\",\"inLanguage\":\"fr-FR\",\"@id\":\"https:\/\/www.pressenza.com\/fr\/2020\/01\/montreal-10-minutes-de-silence-en-solidarite-avec-les-communautes-autochtones\/#primaryimage\",\"url\":\"https:\/\/www.pressenza.com\/wp-content\/uploads\/2020\/01\/climate_strike_canada.jpg\",\"contentUrl\":\"https:\/\/www.pressenza.com\/wp-content\/uploads\/2020\/01\/climate_strike_canada.jpg\",\"width\":750,\"height\":481},{\"@type\":\"BreadcrumbList\",\"@id\":\"https:\/\/www.pressenza.com\/fr\/2020\/01\/montreal-10-minutes-de-silence-en-solidarite-avec-les-communautes-autochtones\/#breadcrumb\",\"itemListElement\":[{\"@type\":\"ListItem\",\"position\":1,\"name\":\"Accueil\",\"item\":\"https:\/\/www.pressenza.com\/fr\/\"},{\"@type\":\"ListItem\",\"position\":2,\"name\":\"Montr\u00e9al 10 minutes de silence en solidarit\u00e9 avec les communaut\u00e9s autochtones\"}]},{\"@type\":\"WebSite\",\"@id\":\"https:\/\/www.pressenza.com\/fr\/#website\",\"url\":\"https:\/\/www.pressenza.com\/fr\/\",\"name\":\"Pressenza\",\"description\":\"International Press Agency\",\"publisher\":{\"@id\":\"https:\/\/www.pressenza.com\/fr\/#organization\"},\"potentialAction\":[{\"@type\":\"SearchAction\",\"target\":{\"@type\":\"EntryPoint\",\"urlTemplate\":\"https:\/\/www.pressenza.com\/fr\/?s={search_term_string}\"},\"query-input\":{\"@type\":\"PropertyValueSpecification\",\"valueRequired\":true,\"valueName\":\"search_term_string\"}}],\"inLanguage\":\"fr-FR\"},{\"@type\":\"Organization\",\"@id\":\"https:\/\/www.pressenza.com\/fr\/#organization\",\"name\":\"Pressenza\",\"url\":\"https:\/\/www.pressenza.com\/fr\/\",\"logo\":{\"@type\":\"ImageObject\",\"inLanguage\":\"fr-FR\",\"@id\":\"https:\/\/www.pressenza.com\/fr\/#\/schema\/logo\/image\/\",\"url\":\"https:\/\/www.pressenza.com\/wp-content\/uploads\/2022\/10\/pressenza_logo_200x200.jpg\",\"contentUrl\":\"https:\/\/www.pressenza.com\/wp-content\/uploads\/2022\/10\/pressenza_logo_200x200.jpg\",\"width\":200,\"height\":200,\"caption\":\"Pressenza\"},\"image\":{\"@id\":\"https:\/\/www.pressenza.com\/fr\/#\/schema\/logo\/image\/\"},\"sameAs\":[\"https:\/\/www.facebook.com\/PressenzaItalia\",\"https:\/\/x.com\/PressenzaIPA\"]},{\"@type\":\"Person\",\"@id\":\"https:\/\/www.pressenza.com\/fr\/#\/schema\/person\/06fe29d0640b1b3c6e87b05e162391e0\",\"name\":\"Anne Farrell\",\"description\":\"Anne Farrell is the author of the books: A meaning of Life that defied the unbearable fate in mass extinction, A tribute to reconciliation and its missing image in the Western World\",\"url\":\"https:\/\/www.pressenza.com\/fr\/author\/anne-farrell\/\"}]}<\/script>\n<!-- \/ Yoast SEO plugin. -->","yoast_head_json":{"title":"Montr\u00e9al 10 minutes de silence en solidarit\u00e9 avec les communaut\u00e9s autochtones","description":"Plusieurs dizaines de jeunes de l'organisation \"Climate Strike Canada\" ont march\u00e9 \u00e0 Montr\u00e9al vendredi apr\u00e8s-midi. Ils ont march\u00e9s, au centre-ville,","robots":{"index":"index","follow":"follow","max-snippet":"max-snippet:-1","max-image-preview":"max-image-preview:large","max-video-preview":"max-video-preview:-1"},"canonical":"https:\/\/www.pressenza.com\/fr\/2020\/01\/montreal-10-minutes-de-silence-en-solidarite-avec-les-communautes-autochtones\/","og_locale":"fr_FR","og_type":"article","og_title":"Montr\u00e9al 10 minutes de silence en solidarit\u00e9 avec les communaut\u00e9s autochtones","og_description":"Plusieurs dizaines de jeunes de l'organisation \"Climate Strike Canada\" ont march\u00e9 \u00e0 Montr\u00e9al vendredi apr\u00e8s-midi. Ils ont march\u00e9s, au centre-ville,","og_url":"https:\/\/www.pressenza.com\/fr\/2020\/01\/montreal-10-minutes-de-silence-en-solidarite-avec-les-communautes-autochtones\/","og_site_name":"Pressenza","article_publisher":"https:\/\/www.facebook.com\/PressenzaItalia","article_published_time":"2020-01-25T20:27:35+00:00","og_image":[{"width":750,"height":481,"url":"https:\/\/www.pressenza.com\/wp-content\/uploads\/2020\/01\/climate_strike_canada.jpg","type":"image\/jpeg"}],"author":"Anne Farrell","twitter_card":"summary_large_image","twitter_creator":"@PressenzaIPA","twitter_site":"@PressenzaIPA","twitter_misc":{"\u00c9crit par":"Anne Farrell","Dur\u00e9e de lecture estim\u00e9e":"2 minutes"},"schema":{"@context":"https:\/\/schema.org","@graph":[{"@type":"Article","@id":"https:\/\/www.pressenza.com\/fr\/2020\/01\/montreal-10-minutes-de-silence-en-solidarite-avec-les-communautes-autochtones\/#article","isPartOf":{"@id":"https:\/\/www.pressenza.com\/fr\/2020\/01\/montreal-10-minutes-de-silence-en-solidarite-avec-les-communautes-autochtones\/"},"author":{"name":"Anne Farrell","@id":"https:\/\/www.pressenza.com\/fr\/#\/schema\/person\/06fe29d0640b1b3c6e87b05e162391e0"},"headline":"Montr\u00e9al 10 minutes de silence en solidarit\u00e9 avec les communaut\u00e9s autochtones","datePublished":"2020-01-25T20:27:35+00:00","mainEntityOfPage":{"@id":"https:\/\/www.pressenza.com\/fr\/2020\/01\/montreal-10-minutes-de-silence-en-solidarite-avec-les-communautes-autochtones\/"},"wordCount":366,"publisher":{"@id":"https:\/\/www.pressenza.com\/fr\/#organization"},"image":{"@id":"https:\/\/www.pressenza.com\/fr\/2020\/01\/montreal-10-minutes-de-silence-en-solidarite-avec-les-communautes-autochtones\/#primaryimage"},"thumbnailUrl":"https:\/\/www.pressenza.com\/wp-content\/uploads\/2020\/01\/climate_strike_canada.jpg","keywords":["autochtones","canada_strike","climat","jeunes"],"articleSection":["Am\u00e9rique du Nord","Contenu Original","Peuples originaires"],"inLanguage":"fr-FR"},{"@type":"WebPage","@id":"https:\/\/www.pressenza.com\/fr\/2020\/01\/montreal-10-minutes-de-silence-en-solidarite-avec-les-communautes-autochtones\/","url":"https:\/\/www.pressenza.com\/fr\/2020\/01\/montreal-10-minutes-de-silence-en-solidarite-avec-les-communautes-autochtones\/","name":"Montr\u00e9al 10 minutes de silence en solidarit\u00e9 avec les communaut\u00e9s autochtones","isPartOf":{"@id":"https:\/\/www.pressenza.com\/fr\/#website"},"primaryImageOfPage":{"@id":"https:\/\/www.pressenza.com\/fr\/2020\/01\/montreal-10-minutes-de-silence-en-solidarite-avec-les-communautes-autochtones\/#primaryimage"},"image":{"@id":"https:\/\/www.pressenza.com\/fr\/2020\/01\/montreal-10-minutes-de-silence-en-solidarite-avec-les-communautes-autochtones\/#primaryimage"},"thumbnailUrl":"https:\/\/www.pressenza.com\/wp-content\/uploads\/2020\/01\/climate_strike_canada.jpg","datePublished":"2020-01-25T20:27:35+00:00","description":"Plusieurs dizaines de jeunes de l'organisation \"Climate Strike Canada\" ont march\u00e9 \u00e0 Montr\u00e9al vendredi apr\u00e8s-midi. Ils ont march\u00e9s, au centre-ville,","breadcrumb":{"@id":"https:\/\/www.pressenza.com\/fr\/2020\/01\/montreal-10-minutes-de-silence-en-solidarite-avec-les-communautes-autochtones\/#breadcrumb"},"inLanguage":"fr-FR","potentialAction":[{"@type":"ReadAction","target":["https:\/\/www.pressenza.com\/fr\/2020\/01\/montreal-10-minutes-de-silence-en-solidarite-avec-les-communautes-autochtones\/"]}]},{"@type":"ImageObject","inLanguage":"fr-FR","@id":"https:\/\/www.pressenza.com\/fr\/2020\/01\/montreal-10-minutes-de-silence-en-solidarite-avec-les-communautes-autochtones\/#primaryimage","url":"https:\/\/www.pressenza.com\/wp-content\/uploads\/2020\/01\/climate_strike_canada.jpg","contentUrl":"https:\/\/www.pressenza.com\/wp-content\/uploads\/2020\/01\/climate_strike_canada.jpg","width":750,"height":481},{"@type":"BreadcrumbList","@id":"https:\/\/www.pressenza.com\/fr\/2020\/01\/montreal-10-minutes-de-silence-en-solidarite-avec-les-communautes-autochtones\/#breadcrumb","itemListElement":[{"@type":"ListItem","position":1,"name":"Accueil","item":"https:\/\/www.pressenza.com\/fr\/"},{"@type":"ListItem","position":2,"name":"Montr\u00e9al 10 minutes de silence en solidarit\u00e9 avec les communaut\u00e9s autochtones"}]},{"@type":"WebSite","@id":"https:\/\/www.pressenza.com\/fr\/#website","url":"https:\/\/www.pressenza.com\/fr\/","name":"Pressenza","description":"International Press Agency","publisher":{"@id":"https:\/\/www.pressenza.com\/fr\/#organization"},"potentialAction":[{"@type":"SearchAction","target":{"@type":"EntryPoint","urlTemplate":"https:\/\/www.pressenza.com\/fr\/?s={search_term_string}"},"query-input":{"@type":"PropertyValueSpecification","valueRequired":true,"valueName":"search_term_string"}}],"inLanguage":"fr-FR"},{"@type":"Organization","@id":"https:\/\/www.pressenza.com\/fr\/#organization","name":"Pressenza","url":"https:\/\/www.pressenza.com\/fr\/","logo":{"@type":"ImageObject","inLanguage":"fr-FR","@id":"https:\/\/www.pressenza.com\/fr\/#\/schema\/logo\/image\/","url":"https:\/\/www.pressenza.com\/wp-content\/uploads\/2022\/10\/pressenza_logo_200x200.jpg","contentUrl":"https:\/\/www.pressenza.com\/wp-content\/uploads\/2022\/10\/pressenza_logo_200x200.jpg","width":200,"height":200,"caption":"Pressenza"},"image":{"@id":"https:\/\/www.pressenza.com\/fr\/#\/schema\/logo\/image\/"},"sameAs":["https:\/\/www.facebook.com\/PressenzaItalia","https:\/\/x.com\/PressenzaIPA"]},{"@type":"Person","@id":"https:\/\/www.pressenza.com\/fr\/#\/schema\/person\/06fe29d0640b1b3c6e87b05e162391e0","name":"Anne Farrell","description":"Anne Farrell is the author of the books: A meaning of Life that defied the unbearable fate in mass extinction, A tribute to reconciliation and its missing image in the Western World","url":"https:\/\/www.pressenza.com\/fr\/author\/anne-farrell\/"}]}},"place":"Montr\u00e9al, Qu\u00e9bec","original_article_url":"","_links":{"self":[{"href":"https:\/\/www.pressenza.com\/fr\/wp-json\/wp\/v2\/posts\/1020914","targetHints":{"allow":["GET"]}}],"collection":[{"href":"https:\/\/www.pressenza.com\/fr\/wp-json\/wp\/v2\/posts"}],"about":[{"href":"https:\/\/www.pressenza.com\/fr\/wp-json\/wp\/v2\/types\/post"}],"author":[{"embeddable":true,"href":"https:\/\/www.pressenza.com\/fr\/wp-json\/wp\/v2\/users\/63"}],"replies":[{"embeddable":true,"href":"https:\/\/www.pressenza.com\/fr\/wp-json\/wp\/v2\/comments?post=1020914"}],"version-history":[{"count":0,"href":"https:\/\/www.pressenza.com\/fr\/wp-json\/wp\/v2\/posts\/1020914\/revisions"}],"wp:featuredmedia":[{"embeddable":true,"href":"https:\/\/www.pressenza.com\/fr\/wp-json\/wp\/v2\/media\/1020989"}],"wp:attachment":[{"href":"https:\/\/www.pressenza.com\/fr\/wp-json\/wp\/v2\/media?parent=1020914"}],"wp:term":[{"taxonomy":"category","embeddable":true,"href":"https:\/\/www.pressenza.com\/fr\/wp-json\/wp\/v2\/categories?post=1020914"},{"taxonomy":"post_tag","embeddable":true,"href":"https:\/\/www.pressenza.com\/fr\/wp-json\/wp\/v2\/tags?post=1020914"}],"curies":[{"name":"wp","href":"https:\/\/api.w.org\/{rel}","templated":true}]}}