{"id":1015392,"date":"2020-01-18T16:46:08","date_gmt":"2020-01-18T16:46:08","guid":{"rendered":"https:\/\/www.pressenza.com\/?p=1015392"},"modified":"2020-01-18T16:48:42","modified_gmt":"2020-01-18T16:48:42","slug":"reecrire-lhistoire-dun-point-de-vue-humain","status":"publish","type":"post","link":"https:\/\/www.pressenza.com\/fr\/2020\/01\/reecrire-lhistoire-dun-point-de-vue-humain\/","title":{"rendered":"R\u00e9\u00e9crire l\u2019histoire d\u2019un point de vue humain"},"content":{"rendered":"<p>Le Dr John Scales Avery, connu des militants de la paix du monde entier pour ses efforts inlassables en vue d\u2019\u00e9liminer les armes nucl\u00e9aires, qui lui ont valu, dans le cadre des conf\u00e9rences Pugwash, le <a href=\"https:\/\/www.nobelprize.org\/prizes\/peace\/1995\/summary\/\">prix Nobel de la paix en 1995,<\/a> est un <a href=\"https:\/\/wsimag.com\/authors\/716-john-scales-avery\">auteur<\/a> prolifique qui a r\u00e9cemment entrepris un projet de r\u00e9\u00e9criture de l\u2019histoire d\u2019un point de vue humain.<\/p>\n<p>Il a dit \u00e0 Pressenza : \u00ab\u00a0Actuellement, l\u2019histoire est enseign\u00e9e comme si les luttes de pouvoir \u00e9taient son aspect le plus important. De plus, l\u2019enseignement actuel de l\u2019histoire est un endoctrinement au nationalisme\u00a0\u00bb.\u00a0 Il a ajout\u00e9 : \u00ab\u00a0Nous devons r\u00e9former notre enseignement de l\u2019histoire pour que l\u2019accent soit mis sur la croissance progressive de la culture et des connaissances humaines, croissance \u00e0 laquelle toutes les nations et tous les groupes ethniques ont contribu\u00e9.\u00a0\u00bb<\/p>\n<p>Il est clair pour quiconque du secteur de l\u2019enseignement que ce qui est enseign\u00e9 \u00e0 l\u2019\u00e9cole est souvent motiv\u00e9 par des int\u00e9r\u00eats nationalistes et politiques plut\u00f4t que par les besoins de l\u2019humanit\u00e9 ou m\u00eame les besoins des \u00e9l\u00e8ves.\u00a0 C\u2019est donc une bouff\u00e9e d\u2019air frais que de voir cette initiative \u00e9ducative qui, nous l\u2019esp\u00e9rons, sera utile aux enseignants et \u00e0 toute personne int\u00e9ress\u00e9e par une lecture diff\u00e9rente de l\u2019histoire.<\/p>\n<p>Le Dr Avery a jusqu\u2019\u00e0 pr\u00e9sent \u00e9crit 7 parties de la s\u00e9rie, qui peuvent toutes \u00eatre t\u00e9l\u00e9charg\u00e9es gratuitement en format pdf (liens ci-dessous) ou achet\u00e9es en version <a href=\"http:\/\/www.lulu.com\/shop\/search.ep?keyWords=John+Scales+Avery&amp;sorter=publicationDate-desc\">imprim\u00e9e de fa\u00e7on num\u00e9rique<\/a>.<\/p>\n<p>La premi\u00e8re semaine de 2020, l\u2019auteur a fait le lancement du plus r\u00e9cent volume : \u00ab\u00a0Lives in Astronomy\u00a0\u00bb.\u00a0 Dans un communiqu\u00e9 de presse, l\u2019auteur a annonc\u00e9 le dernier livre qui passe en revue la vie et les pens\u00e9es de quelques-uns des hommes et des femmes qui ont contribu\u00e9 de mani\u00e8re importante \u00e0 l\u2019avancement de l\u2019astronomie, depuis les temps anciens jusqu\u2019\u00e0 nos jours.<\/p>\n<p>La d\u00e9claration continue :<\/p>\n<p><strong>Notre \u00e9norme univers<\/strong><\/p>\n<p><em>Depuis la pr\u00e9histoire jusqu\u2019\u00e0 nos jours, toutes les cultures ont tent\u00e9 d\u2019expliquer l\u2019origine de l\u2019univers, du Soleil, de la Lune et des \u00e9toiles, et de la Terre, avec ses humains, ses plantes et ses animaux. Dans le premier de ces mythes de la cr\u00e9ation, les images po\u00e9tiques imaginatives pr\u00e9dominent. Les mythes de la cr\u00e9ation \u00e9taient transmis oralement, et pour retenir l\u2019attention des auditeurs, les histoires devaient \u00eatre dramatiques et divertissantes.<\/em><\/p>\n<p><em>Progressivement, sur plusieurs milliers d\u2019ann\u00e9es, l\u2019astronomie s\u2019est d\u00e9velopp\u00e9e, et la Terre a commenc\u00e9 \u00e0 perdre sa position privil\u00e9gi\u00e9e de centre de l\u2019univers. Pendant l\u2019\u00e8re hell\u00e9nistique (323 av. J.-C. &#8211; 31 av. J.-C.), Aristarque de Samos a d\u00e9velopp\u00e9 une cosmologie centr\u00e9e sur le soleil, qui a \u00e9t\u00e9 oubli\u00e9e pendant le Moyen \u00c2ge, mais red\u00e9couverte et d\u00e9velopp\u00e9e \u00e0 la Renaissance par Copernic, Tycho Brahe, Galil\u00e9e et Kepler. L\u2019\u0153uvre d\u2019Isaac Newton a apport\u00e9 l\u2019ordre et les lois naturelles universelles dans notre image du syst\u00e8me solaire.<\/em><\/p>\n<p><em>Enfin, \u00e0 l\u2019\u00e9poque moderne, les d\u00e9couvertes d\u2019Einstein, de Hubble, de Penzias et de Wilson nous ont dress\u00e9 le tableau d\u2019un univers presque indescriptiblement vaste, dans lequel notre syst\u00e8me solaire n\u2019appara\u00eet que comme un point insignifiant.<\/em><\/p>\n<p><em>Aujourd\u2019hui, nous sommes \u00ab\u00a0perdus dans les \u00e9toiles\u00a0\u00bb. Notre plan\u00e8te ne semble plus \u00eatre le centre de l\u2019univers, autour duquel tourne tout le reste. N\u00e9anmoins, la Terre est notre foyer, et elle est extr\u00eamement importante non seulement pour tous les humains, mais aussi pour les plantes et les animaux avec lesquels nous partageons le don de la vie. La Terre n\u2019est peut-\u00eatre qu\u2019un petit point bleu, d\u00e9rivant dans l\u2019immensit\u00e9 sombre de l\u2019espace, mais c\u2019est notre maison, et nous devons travailler avec courage et d\u00e9vouement pour en prendre soin. Nous devons donner \u00e0 nos enfants un monde futur dans lequel ils pourront survivre.<\/em><\/p>\n<p>En plus du livre sur l\u2019astronomie, l\u2019auteur a \u00e9crit d\u2019autres livres sur la chimie, la m\u00e9decine, l\u2019\u00e9cologie, la physique, l\u2019\u00e9conomie et le mouvement pour la paix.<\/p>\n<p>Vous trouverez ci-dessous les liens (en anglais) vers tous les livres de la s\u00e9rie :<\/p>\n<p><a href=\"http:\/\/eacpe.org\/app\/wp-content\/uploads\/2020\/01\/Lives-in-Astronomy-by-John-Scales-Avery.pdf\">Lives in Astronomy<\/a><\/p>\n<p><a href=\"http:\/\/eacpe.org\/app\/wp-content\/uploads\/2019\/11\/Lives-in-Chemistry-by-John-Scales-Avery.pdf\">Lives in Chemistry<\/a><\/p>\n<p><a href=\"http:\/\/eacpe.org\/app\/wp-content\/uploads\/2019\/09\/Lives-in-Medicine-John-Scales-Avery.pdf\">Lives in Medicine<\/a><\/p>\n<p><a href=\"http:\/\/eacpe.org\/app\/wp-content\/uploads\/2019\/09\/Lives-in-Ecology-by-John-Scales-Avery.pdf\">Lives in Ecology<\/a><\/p>\n<p><a href=\"http:\/\/eacpe.org\/app\/wp-content\/uploads\/2019\/07\/Lives-in-Physics-by-John-Scales-Avery.pdf\">Lives in Physics<\/a><\/p>\n<p><a href=\"http:\/\/eacpe.org\/app\/wp-content\/uploads\/2019\/06\/Lives-in-economics-by-John-Scales-Avery.pdf\">Lives in Economics<\/a><\/p>\n<p><a href=\"http:\/\/eacpe.org\/app\/wp-content\/uploads\/2019\/06\/Lives-in-the-peace-movement-by-John-Scales-Avery.pdf\">Lives in the Peace Movement<\/a><\/p>\n<p>&nbsp;<\/p>\n<p>Traduction de l&rsquo;espagnol, Silvia Ben\u00edtez<\/p>\n","protected":false},"excerpt":{"rendered":"<p>Le Dr John Scales Avery, connu des militants de la paix du monde entier pour ses efforts inlassables en vue d\u2019\u00e9liminer les armes nucl\u00e9aires, qui lui ont valu, dans le cadre des conf\u00e9rences Pugwash, le prix Nobel de la paix&hellip;<\/p>\n","protected":false},"author":6,"featured_media":1006725,"comment_status":"closed","ping_status":"closed","sticky":false,"template":"","format":"standard","meta":{"footnotes":""},"categories":[11386,94],"tags":[33532,69664,1542],"class_list":["post-1015392","post","type-post","status-publish","format-standard","has-post-thumbnail","hentry","category-contenu-original","category-culture-fr","tag-astronomie","tag-john-scales-avery-fr","tag-livres"],"yoast_head":"<!-- This site is optimized with the Yoast SEO plugin v27.1.1 - https:\/\/yoast.com\/product\/yoast-seo-wordpress\/ -->\n<title>R\u00e9\u00e9crire l\u2019histoire d\u2019un point de vue humain<\/title>\n<meta name=\"description\" content=\"Wir m\u00fcssen unseren Geschichtsunterricht reformieren, so dass der Schwerpunkt auf das allm\u00e4hliche Wachstum der menschlichen Kultur und des Wissens gelegt wird, ein Wachstum, zu dem alle Nationen und ethnischen Gruppen beigetragen haben.\" \/>\n<meta name=\"robots\" content=\"index, follow, max-snippet:-1, max-image-preview:large, max-video-preview:-1\" \/>\n<link rel=\"canonical\" href=\"https:\/\/www.pressenza.com\/fr\/2020\/01\/reecrire-lhistoire-dun-point-de-vue-humain\/\" \/>\n<meta property=\"og:locale\" content=\"fr_FR\" \/>\n<meta property=\"og:type\" content=\"article\" \/>\n<meta property=\"og:title\" content=\"R\u00e9\u00e9crire l\u2019histoire d\u2019un point de vue humain\" \/>\n<meta property=\"og:description\" content=\"Wir m\u00fcssen unseren Geschichtsunterricht reformieren, so dass der Schwerpunkt auf das allm\u00e4hliche Wachstum der menschlichen Kultur und des Wissens gelegt wird, ein Wachstum, zu dem alle Nationen und ethnischen Gruppen beigetragen haben.\" \/>\n<meta property=\"og:url\" content=\"https:\/\/www.pressenza.com\/fr\/2020\/01\/reecrire-lhistoire-dun-point-de-vue-humain\/\" \/>\n<meta property=\"og:site_name\" content=\"Pressenza\" \/>\n<meta property=\"article:publisher\" content=\"https:\/\/www.facebook.com\/PressenzaItalia\" \/>\n<meta property=\"article:published_time\" content=\"2020-01-18T16:46:08+00:00\" \/>\n<meta property=\"article:modified_time\" content=\"2020-01-18T16:48:42+00:00\" \/>\n<meta property=\"og:image\" content=\"https:\/\/www.pressenza.com\/wp-content\/uploads\/2020\/01\/Astronomy.jpg\" \/>\n\t<meta property=\"og:image:width\" content=\"1000\" \/>\n\t<meta property=\"og:image:height\" content=\"660\" \/>\n\t<meta property=\"og:image:type\" content=\"image\/jpeg\" \/>\n<meta name=\"author\" content=\"Tony Robinson\" \/>\n<meta name=\"twitter:card\" content=\"summary_large_image\" \/>\n<meta name=\"twitter:creator\" content=\"@TonyRobinson6\" \/>\n<meta name=\"twitter:site\" content=\"@PressenzaIPA\" \/>\n<meta name=\"twitter:label1\" content=\"\u00c9crit par\" \/>\n\t<meta name=\"twitter:data1\" content=\"Tony Robinson\" \/>\n\t<meta name=\"twitter:label2\" content=\"Dur\u00e9e de lecture estim\u00e9e\" \/>\n\t<meta name=\"twitter:data2\" content=\"4 minutes\" \/>\n<script type=\"application\/ld+json\" class=\"yoast-schema-graph\">{\"@context\":\"https:\/\/schema.org\",\"@graph\":[{\"@type\":\"Article\",\"@id\":\"https:\/\/www.pressenza.com\/fr\/2020\/01\/reecrire-lhistoire-dun-point-de-vue-humain\/#article\",\"isPartOf\":{\"@id\":\"https:\/\/www.pressenza.com\/fr\/2020\/01\/reecrire-lhistoire-dun-point-de-vue-humain\/\"},\"author\":{\"name\":\"Tony Robinson\",\"@id\":\"https:\/\/www.pressenza.com\/fr\/#\/schema\/person\/a96a2ff6530dbb8bcf9ec001febc4af4\"},\"headline\":\"R\u00e9\u00e9crire l\u2019histoire d\u2019un point de vue humain\",\"datePublished\":\"2020-01-18T16:46:08+00:00\",\"dateModified\":\"2020-01-18T16:48:42+00:00\",\"mainEntityOfPage\":{\"@id\":\"https:\/\/www.pressenza.com\/fr\/2020\/01\/reecrire-lhistoire-dun-point-de-vue-humain\/\"},\"wordCount\":762,\"publisher\":{\"@id\":\"https:\/\/www.pressenza.com\/fr\/#organization\"},\"image\":{\"@id\":\"https:\/\/www.pressenza.com\/fr\/2020\/01\/reecrire-lhistoire-dun-point-de-vue-humain\/#primaryimage\"},\"thumbnailUrl\":\"https:\/\/www.pressenza.com\/wp-content\/uploads\/2020\/01\/Astronomy.jpg\",\"keywords\":[\"astronomie\",\"John Scales Avery\",\"livres\"],\"articleSection\":[\"Contenu Original\",\"Culture et M\u00e9dias\"],\"inLanguage\":\"fr-FR\"},{\"@type\":\"WebPage\",\"@id\":\"https:\/\/www.pressenza.com\/fr\/2020\/01\/reecrire-lhistoire-dun-point-de-vue-humain\/\",\"url\":\"https:\/\/www.pressenza.com\/fr\/2020\/01\/reecrire-lhistoire-dun-point-de-vue-humain\/\",\"name\":\"R\u00e9\u00e9crire l\u2019histoire d\u2019un point de vue humain\",\"isPartOf\":{\"@id\":\"https:\/\/www.pressenza.com\/fr\/#website\"},\"primaryImageOfPage\":{\"@id\":\"https:\/\/www.pressenza.com\/fr\/2020\/01\/reecrire-lhistoire-dun-point-de-vue-humain\/#primaryimage\"},\"image\":{\"@id\":\"https:\/\/www.pressenza.com\/fr\/2020\/01\/reecrire-lhistoire-dun-point-de-vue-humain\/#primaryimage\"},\"thumbnailUrl\":\"https:\/\/www.pressenza.com\/wp-content\/uploads\/2020\/01\/Astronomy.jpg\",\"datePublished\":\"2020-01-18T16:46:08+00:00\",\"dateModified\":\"2020-01-18T16:48:42+00:00\",\"description\":\"Wir m\u00fcssen unseren Geschichtsunterricht reformieren, so dass der Schwerpunkt auf das allm\u00e4hliche Wachstum der menschlichen Kultur und des Wissens gelegt wird, ein Wachstum, zu dem alle Nationen und ethnischen Gruppen beigetragen haben.\",\"breadcrumb\":{\"@id\":\"https:\/\/www.pressenza.com\/fr\/2020\/01\/reecrire-lhistoire-dun-point-de-vue-humain\/#breadcrumb\"},\"inLanguage\":\"fr-FR\",\"potentialAction\":[{\"@type\":\"ReadAction\",\"target\":[\"https:\/\/www.pressenza.com\/fr\/2020\/01\/reecrire-lhistoire-dun-point-de-vue-humain\/\"]}]},{\"@type\":\"ImageObject\",\"inLanguage\":\"fr-FR\",\"@id\":\"https:\/\/www.pressenza.com\/fr\/2020\/01\/reecrire-lhistoire-dun-point-de-vue-humain\/#primaryimage\",\"url\":\"https:\/\/www.pressenza.com\/wp-content\/uploads\/2020\/01\/Astronomy.jpg\",\"contentUrl\":\"https:\/\/www.pressenza.com\/wp-content\/uploads\/2020\/01\/Astronomy.jpg\",\"width\":1000,\"height\":660},{\"@type\":\"BreadcrumbList\",\"@id\":\"https:\/\/www.pressenza.com\/fr\/2020\/01\/reecrire-lhistoire-dun-point-de-vue-humain\/#breadcrumb\",\"itemListElement\":[{\"@type\":\"ListItem\",\"position\":1,\"name\":\"Accueil\",\"item\":\"https:\/\/www.pressenza.com\/fr\/\"},{\"@type\":\"ListItem\",\"position\":2,\"name\":\"R\u00e9\u00e9crire l\u2019histoire d\u2019un point de vue humain\"}]},{\"@type\":\"WebSite\",\"@id\":\"https:\/\/www.pressenza.com\/fr\/#website\",\"url\":\"https:\/\/www.pressenza.com\/fr\/\",\"name\":\"Pressenza\",\"description\":\"International Press Agency\",\"publisher\":{\"@id\":\"https:\/\/www.pressenza.com\/fr\/#organization\"},\"potentialAction\":[{\"@type\":\"SearchAction\",\"target\":{\"@type\":\"EntryPoint\",\"urlTemplate\":\"https:\/\/www.pressenza.com\/fr\/?s={search_term_string}\"},\"query-input\":{\"@type\":\"PropertyValueSpecification\",\"valueRequired\":true,\"valueName\":\"search_term_string\"}}],\"inLanguage\":\"fr-FR\"},{\"@type\":\"Organization\",\"@id\":\"https:\/\/www.pressenza.com\/fr\/#organization\",\"name\":\"Pressenza\",\"url\":\"https:\/\/www.pressenza.com\/fr\/\",\"logo\":{\"@type\":\"ImageObject\",\"inLanguage\":\"fr-FR\",\"@id\":\"https:\/\/www.pressenza.com\/fr\/#\/schema\/logo\/image\/\",\"url\":\"https:\/\/www.pressenza.com\/wp-content\/uploads\/2022\/10\/pressenza_logo_200x200.jpg\",\"contentUrl\":\"https:\/\/www.pressenza.com\/wp-content\/uploads\/2022\/10\/pressenza_logo_200x200.jpg\",\"width\":200,\"height\":200,\"caption\":\"Pressenza\"},\"image\":{\"@id\":\"https:\/\/www.pressenza.com\/fr\/#\/schema\/logo\/image\/\"},\"sameAs\":[\"https:\/\/www.facebook.com\/PressenzaItalia\",\"https:\/\/x.com\/PressenzaIPA\"]},{\"@type\":\"Person\",\"@id\":\"https:\/\/www.pressenza.com\/fr\/#\/schema\/person\/a96a2ff6530dbb8bcf9ec001febc4af4\",\"name\":\"Tony Robinson\",\"description\":\"Humanist Movement Activist, ex-Director of the Middle East Treaty Organization and coordinating committee member of Abolition 2000 - Global Network to Eliminate Nuclear Weapons, author of the book \\\"Coffee with Silo and the quest for meaning in life\\\" and producer of the film \\\"The Beginning of the End of Nuclear Weapons\\\".\",\"sameAs\":[\"https:\/\/x.com\/TonyRobinson6\"],\"url\":\"https:\/\/www.pressenza.com\/fr\/author\/tony-robinson\/\"}]}<\/script>\n<!-- \/ Yoast SEO plugin. -->","yoast_head_json":{"title":"R\u00e9\u00e9crire l\u2019histoire d\u2019un point de vue humain","description":"Wir m\u00fcssen unseren Geschichtsunterricht reformieren, so dass der Schwerpunkt auf das allm\u00e4hliche Wachstum der menschlichen Kultur und des Wissens gelegt wird, ein Wachstum, zu dem alle Nationen und ethnischen Gruppen beigetragen haben.","robots":{"index":"index","follow":"follow","max-snippet":"max-snippet:-1","max-image-preview":"max-image-preview:large","max-video-preview":"max-video-preview:-1"},"canonical":"https:\/\/www.pressenza.com\/fr\/2020\/01\/reecrire-lhistoire-dun-point-de-vue-humain\/","og_locale":"fr_FR","og_type":"article","og_title":"R\u00e9\u00e9crire l\u2019histoire d\u2019un point de vue humain","og_description":"Wir m\u00fcssen unseren Geschichtsunterricht reformieren, so dass der Schwerpunkt auf das allm\u00e4hliche Wachstum der menschlichen Kultur und des Wissens gelegt wird, ein Wachstum, zu dem alle Nationen und ethnischen Gruppen beigetragen haben.","og_url":"https:\/\/www.pressenza.com\/fr\/2020\/01\/reecrire-lhistoire-dun-point-de-vue-humain\/","og_site_name":"Pressenza","article_publisher":"https:\/\/www.facebook.com\/PressenzaItalia","article_published_time":"2020-01-18T16:46:08+00:00","article_modified_time":"2020-01-18T16:48:42+00:00","og_image":[{"width":1000,"height":660,"url":"https:\/\/www.pressenza.com\/wp-content\/uploads\/2020\/01\/Astronomy.jpg","type":"image\/jpeg"}],"author":"Tony Robinson","twitter_card":"summary_large_image","twitter_creator":"@TonyRobinson6","twitter_site":"@PressenzaIPA","twitter_misc":{"\u00c9crit par":"Tony Robinson","Dur\u00e9e de lecture estim\u00e9e":"4 minutes"},"schema":{"@context":"https:\/\/schema.org","@graph":[{"@type":"Article","@id":"https:\/\/www.pressenza.com\/fr\/2020\/01\/reecrire-lhistoire-dun-point-de-vue-humain\/#article","isPartOf":{"@id":"https:\/\/www.pressenza.com\/fr\/2020\/01\/reecrire-lhistoire-dun-point-de-vue-humain\/"},"author":{"name":"Tony Robinson","@id":"https:\/\/www.pressenza.com\/fr\/#\/schema\/person\/a96a2ff6530dbb8bcf9ec001febc4af4"},"headline":"R\u00e9\u00e9crire l\u2019histoire d\u2019un point de vue humain","datePublished":"2020-01-18T16:46:08+00:00","dateModified":"2020-01-18T16:48:42+00:00","mainEntityOfPage":{"@id":"https:\/\/www.pressenza.com\/fr\/2020\/01\/reecrire-lhistoire-dun-point-de-vue-humain\/"},"wordCount":762,"publisher":{"@id":"https:\/\/www.pressenza.com\/fr\/#organization"},"image":{"@id":"https:\/\/www.pressenza.com\/fr\/2020\/01\/reecrire-lhistoire-dun-point-de-vue-humain\/#primaryimage"},"thumbnailUrl":"https:\/\/www.pressenza.com\/wp-content\/uploads\/2020\/01\/Astronomy.jpg","keywords":["astronomie","John Scales Avery","livres"],"articleSection":["Contenu Original","Culture et M\u00e9dias"],"inLanguage":"fr-FR"},{"@type":"WebPage","@id":"https:\/\/www.pressenza.com\/fr\/2020\/01\/reecrire-lhistoire-dun-point-de-vue-humain\/","url":"https:\/\/www.pressenza.com\/fr\/2020\/01\/reecrire-lhistoire-dun-point-de-vue-humain\/","name":"R\u00e9\u00e9crire l\u2019histoire d\u2019un point de vue humain","isPartOf":{"@id":"https:\/\/www.pressenza.com\/fr\/#website"},"primaryImageOfPage":{"@id":"https:\/\/www.pressenza.com\/fr\/2020\/01\/reecrire-lhistoire-dun-point-de-vue-humain\/#primaryimage"},"image":{"@id":"https:\/\/www.pressenza.com\/fr\/2020\/01\/reecrire-lhistoire-dun-point-de-vue-humain\/#primaryimage"},"thumbnailUrl":"https:\/\/www.pressenza.com\/wp-content\/uploads\/2020\/01\/Astronomy.jpg","datePublished":"2020-01-18T16:46:08+00:00","dateModified":"2020-01-18T16:48:42+00:00","description":"Wir m\u00fcssen unseren Geschichtsunterricht reformieren, so dass der Schwerpunkt auf das allm\u00e4hliche Wachstum der menschlichen Kultur und des Wissens gelegt wird, ein Wachstum, zu dem alle Nationen und ethnischen Gruppen beigetragen haben.","breadcrumb":{"@id":"https:\/\/www.pressenza.com\/fr\/2020\/01\/reecrire-lhistoire-dun-point-de-vue-humain\/#breadcrumb"},"inLanguage":"fr-FR","potentialAction":[{"@type":"ReadAction","target":["https:\/\/www.pressenza.com\/fr\/2020\/01\/reecrire-lhistoire-dun-point-de-vue-humain\/"]}]},{"@type":"ImageObject","inLanguage":"fr-FR","@id":"https:\/\/www.pressenza.com\/fr\/2020\/01\/reecrire-lhistoire-dun-point-de-vue-humain\/#primaryimage","url":"https:\/\/www.pressenza.com\/wp-content\/uploads\/2020\/01\/Astronomy.jpg","contentUrl":"https:\/\/www.pressenza.com\/wp-content\/uploads\/2020\/01\/Astronomy.jpg","width":1000,"height":660},{"@type":"BreadcrumbList","@id":"https:\/\/www.pressenza.com\/fr\/2020\/01\/reecrire-lhistoire-dun-point-de-vue-humain\/#breadcrumb","itemListElement":[{"@type":"ListItem","position":1,"name":"Accueil","item":"https:\/\/www.pressenza.com\/fr\/"},{"@type":"ListItem","position":2,"name":"R\u00e9\u00e9crire l\u2019histoire d\u2019un point de vue humain"}]},{"@type":"WebSite","@id":"https:\/\/www.pressenza.com\/fr\/#website","url":"https:\/\/www.pressenza.com\/fr\/","name":"Pressenza","description":"International Press Agency","publisher":{"@id":"https:\/\/www.pressenza.com\/fr\/#organization"},"potentialAction":[{"@type":"SearchAction","target":{"@type":"EntryPoint","urlTemplate":"https:\/\/www.pressenza.com\/fr\/?s={search_term_string}"},"query-input":{"@type":"PropertyValueSpecification","valueRequired":true,"valueName":"search_term_string"}}],"inLanguage":"fr-FR"},{"@type":"Organization","@id":"https:\/\/www.pressenza.com\/fr\/#organization","name":"Pressenza","url":"https:\/\/www.pressenza.com\/fr\/","logo":{"@type":"ImageObject","inLanguage":"fr-FR","@id":"https:\/\/www.pressenza.com\/fr\/#\/schema\/logo\/image\/","url":"https:\/\/www.pressenza.com\/wp-content\/uploads\/2022\/10\/pressenza_logo_200x200.jpg","contentUrl":"https:\/\/www.pressenza.com\/wp-content\/uploads\/2022\/10\/pressenza_logo_200x200.jpg","width":200,"height":200,"caption":"Pressenza"},"image":{"@id":"https:\/\/www.pressenza.com\/fr\/#\/schema\/logo\/image\/"},"sameAs":["https:\/\/www.facebook.com\/PressenzaItalia","https:\/\/x.com\/PressenzaIPA"]},{"@type":"Person","@id":"https:\/\/www.pressenza.com\/fr\/#\/schema\/person\/a96a2ff6530dbb8bcf9ec001febc4af4","name":"Tony Robinson","description":"Humanist Movement Activist, ex-Director of the Middle East Treaty Organization and coordinating committee member of Abolition 2000 - Global Network to Eliminate Nuclear Weapons, author of the book \"Coffee with Silo and the quest for meaning in life\" and producer of the film \"The Beginning of the End of Nuclear Weapons\".","sameAs":["https:\/\/x.com\/TonyRobinson6"],"url":"https:\/\/www.pressenza.com\/fr\/author\/tony-robinson\/"}]}},"place":"Londres, Royaume-Uni","original_article_url":"","_links":{"self":[{"href":"https:\/\/www.pressenza.com\/fr\/wp-json\/wp\/v2\/posts\/1015392","targetHints":{"allow":["GET"]}}],"collection":[{"href":"https:\/\/www.pressenza.com\/fr\/wp-json\/wp\/v2\/posts"}],"about":[{"href":"https:\/\/www.pressenza.com\/fr\/wp-json\/wp\/v2\/types\/post"}],"author":[{"embeddable":true,"href":"https:\/\/www.pressenza.com\/fr\/wp-json\/wp\/v2\/users\/6"}],"replies":[{"embeddable":true,"href":"https:\/\/www.pressenza.com\/fr\/wp-json\/wp\/v2\/comments?post=1015392"}],"version-history":[{"count":0,"href":"https:\/\/www.pressenza.com\/fr\/wp-json\/wp\/v2\/posts\/1015392\/revisions"}],"wp:featuredmedia":[{"embeddable":true,"href":"https:\/\/www.pressenza.com\/fr\/wp-json\/wp\/v2\/media\/1006725"}],"wp:attachment":[{"href":"https:\/\/www.pressenza.com\/fr\/wp-json\/wp\/v2\/media?parent=1015392"}],"wp:term":[{"taxonomy":"category","embeddable":true,"href":"https:\/\/www.pressenza.com\/fr\/wp-json\/wp\/v2\/categories?post=1015392"},{"taxonomy":"post_tag","embeddable":true,"href":"https:\/\/www.pressenza.com\/fr\/wp-json\/wp\/v2\/tags?post=1015392"}],"curies":[{"name":"wp","href":"https:\/\/api.w.org\/{rel}","templated":true}]}}