{"id":101219,"date":"2014-04-15T23:38:48","date_gmt":"2014-04-15T22:38:48","guid":{"rendered":"http:\/\/www.pressenza.com\/?p=101219"},"modified":"2014-04-15T23:38:48","modified_gmt":"2014-04-15T22:38:48","slug":"dossier-traite-transatlantique-libre-echange","status":"publish","type":"post","link":"https:\/\/www.pressenza.com\/fr\/2014\/04\/dossier-traite-transatlantique-libre-echange\/","title":{"rendered":"DOSSIER Trait\u00e9 transatlantique de libre-\u00e9change"},"content":{"rendered":"<div>\n<p><strong>Par Reporterre<\/strong><\/p>\n<p><strong>On l\u2019appelle Trait\u00e9 de libre-\u00e9change transatlantique, TAFTA, TPPIP, et d\u2019autres noms encore. Tout est fait pour qu\u2019on n\u2019y comprenne rien et que le citoyen ne s\u2019y int\u00e9resse pas. Voici les faits.<\/strong><\/p>\n<\/div>\n<div>\n<hr \/>\n<p><img loading=\"lazy\" decoding=\"async\" alt=\"-\" src=\"http:\/\/www.reporterre.net\/local\/cache-vignettes\/L8xH11\/puce-32883.gif\" width=\"8\" height=\"11\" \/>\u00a0<a href=\"http:\/\/www.reporterre.net\/spip.php?article5636\">Accord transatlantique\u00a0: la Commission Europ\u00e9enne pi\u00e9tine le d\u00e9bat d\u00e9mocratique<\/a>, Attac France, 1er avril 2014.<\/p>\n<p><img loading=\"lazy\" decoding=\"async\" alt=\"-\" src=\"http:\/\/www.reporterre.net\/local\/cache-vignettes\/L8xH11\/puce-32883.gif\" width=\"8\" height=\"11\" \/>\u00a0<a href=\"http:\/\/www.reporterre.net\/spip.php?article5536\">La ville de Niort se d\u00e9clare contre le Trait\u00e9 transatlantique<\/a>, Mairie de Niort, 11 mars 2014.<\/p>\n<p><img loading=\"lazy\" decoding=\"async\" alt=\"-\" src=\"http:\/\/www.reporterre.net\/local\/cache-vignettes\/L8xH11\/puce-32883.gif\" width=\"8\" height=\"11\" \/>\u00a0<a href=\"http:\/\/www.reporterre.net\/spip.php?article5502\">Besan\u00e7on se d\u00e9clare contre le Trait\u00e9 transatlantique<\/a>, Daniel Bordur (<i>Reporterre<\/i>), 6 mars 2014.<\/p>\n<p><img loading=\"lazy\" decoding=\"async\" alt=\"-\" src=\"http:\/\/www.reporterre.net\/local\/cache-vignettes\/L8xH11\/puce-32883.gif\" width=\"8\" height=\"11\" \/>\u00a0<a href=\"http:\/\/www.reporterre.net\/spip.php?article5446\">La mobilisation contre le Trait\u00e9 transatlantique monte en puissance<\/a>, Elisabeth Schneiter (<i>Reporterre<\/i>), 20 f\u00e9vrier 2014.<\/p>\n<p><img loading=\"lazy\" decoding=\"async\" alt=\"-\" src=\"http:\/\/www.reporterre.net\/local\/cache-vignettes\/L8xH11\/puce-32883.gif\" width=\"8\" height=\"11\" \/>\u00a0<a href=\"http:\/\/www.reporterre.net\/spip.php?article5415\">Le conseil r\u00e9gional d\u2019Ile-de-France s\u2019oppose au Grand march\u00e9 transatlantique<\/a>, Camille Martin (<i>Reporterre<\/i>), 15 f\u00e9vrier 2014.<\/p>\n<p><img loading=\"lazy\" decoding=\"async\" alt=\"-\" src=\"http:\/\/www.reporterre.net\/local\/cache-vignettes\/L8xH11\/puce-32883.gif\" width=\"8\" height=\"11\" \/>\u00a0<a href=\"http:\/\/www.reporterre.net\/spip.php?article4374\">Pourquoi s\u2019opposer au projet de trait\u00e9 de libre \u00e9change entre l\u2019Europe et les Etats-Unis\u00a0?<\/a>, Mich\u00e8le Rivasi, 31 janvier 2014.<\/p>\n<p><img loading=\"lazy\" decoding=\"async\" alt=\"-\" src=\"http:\/\/www.reporterre.net\/local\/cache-vignettes\/L8xH11\/puce-32883.gif\" width=\"8\" height=\"11\" \/>\u00a0<a href=\"http:\/\/www.reporterre.net\/spip.php?article5317\">Ces merveilleux trait\u00e9s qui transf\u00e8rent le pouvoir des Etats aux multinationales<\/a>, Manuel Perez-Roche et Stuart Trew, 25 janvier 2014.<\/p>\n<p><img loading=\"lazy\" decoding=\"async\" alt=\"-\" src=\"http:\/\/www.reporterre.net\/local\/cache-vignettes\/L8xH11\/puce-32883.gif\" width=\"8\" height=\"11\" \/>\u00a0<a href=\"http:\/\/www.reporterre.net\/spip.php?article5096\">La Commission europ\u00e9enne organise la propagande en faveur du trait\u00e9 de libre-\u00e9change avec les Etats-Unis<\/a>, Elisabeth Schneiter (<i>Reporterre<\/i>), 18 d\u00e9cembre 2013.<\/p>\n<p><img loading=\"lazy\" decoding=\"async\" alt=\"-\" src=\"http:\/\/www.reporterre.net\/local\/cache-vignettes\/L8xH11\/puce-32883.gif\" width=\"8\" height=\"11\" \/>\u00a0<a href=\"http:\/\/www.reporterre.net\/spip.php?article5001\">Trait\u00e9 de libre-\u00e9change\u00a0: Wikileaks r\u00e9v\u00e8le l\u2019accord secret visant \u00e0 prot\u00e9ger les int\u00e9r\u00eats des multinationales<\/a>, Elisabeth Schneiter (<i>Reporterre<\/i>), 19 novembre 2013.<\/p>\n<p><img loading=\"lazy\" decoding=\"async\" alt=\"-\" src=\"http:\/\/www.reporterre.net\/local\/cache-vignettes\/L8xH11\/puce-32883.gif\" width=\"8\" height=\"11\" \/>\u00a0<a href=\"http:\/\/www.reporterre.net\/spip.php?article4414\">L\u2019Accord de libre-\u00e9change transatlantique\u00a0: n\u00e9goci\u00e9 dans le secret pour abaisser les protections environnementales<\/a>, H\u00e9l\u00e8ne Cabioc\u2019h (Attac) et Am\u00e9lie Canonne (Aitec), 19 juin 2013.<\/p>\n<p><img loading=\"lazy\" decoding=\"async\" alt=\"-\" src=\"http:\/\/www.reporterre.net\/local\/cache-vignettes\/L8xH11\/puce-32883.gif\" width=\"8\" height=\"11\" \/>\u00a0<a href=\"http:\/\/www.reporterre.net\/spip.php?article4393\">Les Verts et le Parti de gauche oppos\u00e9s au trait\u00e9 de libre \u00e9change avec les Etats-Unis<\/a>, Verts au Parlement europ\u00e9en \/\/ Parti de Gauche, 15 juin 2013.<\/p>\n<p><img loading=\"lazy\" decoding=\"async\" alt=\"-\" src=\"http:\/\/www.reporterre.net\/local\/cache-vignettes\/L8xH11\/puce-32883.gif\" width=\"8\" height=\"11\" \/>\u00a0<a href=\"http:\/\/www.reporterre.net\/spip.php?article4308\">L\u2019accord de libre-\u00e9change \u00c9tats-Unis\/Europe menace l\u2019environnement et l\u2019alimentation<\/a>, Conf\u00e9d\u00e9ration Paysanne, 28 mai 2013.<\/p>\n<p>Source : <a href=\"http:\/\/www.reporterre.net\/spip.php?article5658\">http:\/\/www.reporterre.net\/spip.php?article5658<\/a><\/p>\n<p>&nbsp;<\/p>\n<\/div>\n","protected":false},"excerpt":{"rendered":"<p>Par Reporterre On l\u2019appelle Trait\u00e9 de libre-\u00e9change transatlantique, TAFTA, TPPIP, et d\u2019autres noms encore. Tout est fait pour qu\u2019on n\u2019y comprenne rien et que le citoyen ne s\u2019y int\u00e9resse pas. Voici les faits. \u00a0Accord transatlantique\u00a0: la Commission Europ\u00e9enne pi\u00e9tine le&hellip;<\/p>\n","protected":false},"author":926,"featured_media":101243,"comment_status":"closed","ping_status":"open","sticky":false,"template":"","format":"standard","meta":{"footnotes":""},"categories":[151,100,85,40],"tags":[7961,6803,10044,10043,10045],"class_list":["post-101219","post","type-post","status-publish","format-standard","has-post-thumbnail","hentry","category-communique-de-presse","category-economie","category-europe-fr","category-international-fr","tag-grand-marche-transatlantique","tag-tafta","tag-tppip","tag-traite-de-libre-echange-transatlantique","tag-traite-transatlantique-de-libre-echange"],"yoast_head":"<!-- This site is optimized with the Yoast SEO plugin v27.1.1 - https:\/\/yoast.com\/product\/yoast-seo-wordpress\/ -->\n<title>DOSSIER Trait\u00e9 transatlantique de libre-\u00e9change<\/title>\n<meta name=\"description\" content=\"Par Reporterre On l\u2019appelle Trait\u00e9 de libre-\u00e9change transatlantique, TAFTA, TPPIP, et d\u2019autres noms encore. Tout est fait pour qu\u2019on n\u2019y comprenne rien et\" \/>\n<meta name=\"robots\" content=\"index, follow, max-snippet:-1, max-image-preview:large, max-video-preview:-1\" \/>\n<link rel=\"canonical\" href=\"https:\/\/www.pressenza.com\/fr\/2014\/04\/dossier-traite-transatlantique-libre-echange\/\" \/>\n<meta property=\"og:locale\" content=\"fr_FR\" \/>\n<meta property=\"og:type\" content=\"article\" \/>\n<meta property=\"og:title\" content=\"DOSSIER Trait\u00e9 transatlantique de libre-\u00e9change\" \/>\n<meta property=\"og:description\" content=\"Par Reporterre On l\u2019appelle Trait\u00e9 de libre-\u00e9change transatlantique, TAFTA, TPPIP, et d\u2019autres noms encore. Tout est fait pour qu\u2019on n\u2019y comprenne rien et\" \/>\n<meta property=\"og:url\" content=\"https:\/\/www.pressenza.com\/fr\/2014\/04\/dossier-traite-transatlantique-libre-echange\/\" \/>\n<meta property=\"og:site_name\" content=\"Pressenza\" \/>\n<meta property=\"article:publisher\" content=\"https:\/\/www.facebook.com\/PressenzaItalia\" \/>\n<meta property=\"article:published_time\" content=\"2014-04-15T22:38:48+00:00\" \/>\n<meta property=\"og:image\" content=\"https:\/\/www.pressenza.com\/wp-content\/uploads\/2014\/04\/grand-marche-transatlantique_DOSSIER-Trait\u00e9-transatlantique-de-libre-\u00e9change.jpg\" \/>\n\t<meta property=\"og:image:width\" content=\"400\" \/>\n\t<meta property=\"og:image:height\" content=\"226\" \/>\n\t<meta property=\"og:image:type\" content=\"image\/jpeg\" \/>\n<meta name=\"author\" content=\"R\u00e9daction France\" \/>\n<meta name=\"twitter:card\" content=\"summary_large_image\" \/>\n<meta name=\"twitter:creator\" content=\"@PressenzaIPA\" \/>\n<meta name=\"twitter:site\" content=\"@PressenzaIPA\" \/>\n<meta name=\"twitter:label1\" content=\"\u00c9crit par\" \/>\n\t<meta name=\"twitter:data1\" content=\"R\u00e9daction France\" \/>\n\t<meta name=\"twitter:label2\" content=\"Dur\u00e9e de lecture estim\u00e9e\" \/>\n\t<meta name=\"twitter:data2\" content=\"1 minute\" \/>\n<script type=\"application\/ld+json\" class=\"yoast-schema-graph\">{\"@context\":\"https:\/\/schema.org\",\"@graph\":[{\"@type\":\"Article\",\"@id\":\"https:\/\/www.pressenza.com\/fr\/2014\/04\/dossier-traite-transatlantique-libre-echange\/#article\",\"isPartOf\":{\"@id\":\"https:\/\/www.pressenza.com\/fr\/2014\/04\/dossier-traite-transatlantique-libre-echange\/\"},\"author\":{\"name\":\"R\u00e9daction France\",\"@id\":\"https:\/\/www.pressenza.com\/fr\/#\/schema\/person\/3c9fe6670cc2cffbd37562f87b98e869\"},\"headline\":\"DOSSIER Trait\u00e9 transatlantique de libre-\u00e9change\",\"datePublished\":\"2014-04-15T22:38:48+00:00\",\"mainEntityOfPage\":{\"@id\":\"https:\/\/www.pressenza.com\/fr\/2014\/04\/dossier-traite-transatlantique-libre-echange\/\"},\"wordCount\":288,\"publisher\":{\"@id\":\"https:\/\/www.pressenza.com\/fr\/#organization\"},\"image\":{\"@id\":\"https:\/\/www.pressenza.com\/fr\/2014\/04\/dossier-traite-transatlantique-libre-echange\/#primaryimage\"},\"thumbnailUrl\":\"https:\/\/www.pressenza.com\/wp-content\/uploads\/2014\/04\/grand-marche-transatlantique_DOSSIER-Trait\u00e9-transatlantique-de-libre-\u00e9change.jpg\",\"keywords\":[\"grand march\u00e9 transatlantique\",\"TAFTA\",\"TPPIP\",\"Trait\u00e9 de libre-\u00e9change transatlantique\",\"Trait\u00e9 transatlantique de libre-\u00e9change\"],\"articleSection\":[\"Communiqu\u00e9s de Presse\",\"Economie\",\"Europe\",\"International\"],\"inLanguage\":\"fr-FR\"},{\"@type\":\"WebPage\",\"@id\":\"https:\/\/www.pressenza.com\/fr\/2014\/04\/dossier-traite-transatlantique-libre-echange\/\",\"url\":\"https:\/\/www.pressenza.com\/fr\/2014\/04\/dossier-traite-transatlantique-libre-echange\/\",\"name\":\"DOSSIER Trait\u00e9 transatlantique de libre-\u00e9change\",\"isPartOf\":{\"@id\":\"https:\/\/www.pressenza.com\/fr\/#website\"},\"primaryImageOfPage\":{\"@id\":\"https:\/\/www.pressenza.com\/fr\/2014\/04\/dossier-traite-transatlantique-libre-echange\/#primaryimage\"},\"image\":{\"@id\":\"https:\/\/www.pressenza.com\/fr\/2014\/04\/dossier-traite-transatlantique-libre-echange\/#primaryimage\"},\"thumbnailUrl\":\"https:\/\/www.pressenza.com\/wp-content\/uploads\/2014\/04\/grand-marche-transatlantique_DOSSIER-Trait\u00e9-transatlantique-de-libre-\u00e9change.jpg\",\"datePublished\":\"2014-04-15T22:38:48+00:00\",\"description\":\"Par Reporterre On l\u2019appelle Trait\u00e9 de libre-\u00e9change transatlantique, TAFTA, TPPIP, et d\u2019autres noms encore. Tout est fait pour qu\u2019on n\u2019y comprenne rien et\",\"breadcrumb\":{\"@id\":\"https:\/\/www.pressenza.com\/fr\/2014\/04\/dossier-traite-transatlantique-libre-echange\/#breadcrumb\"},\"inLanguage\":\"fr-FR\",\"potentialAction\":[{\"@type\":\"ReadAction\",\"target\":[\"https:\/\/www.pressenza.com\/fr\/2014\/04\/dossier-traite-transatlantique-libre-echange\/\"]}]},{\"@type\":\"ImageObject\",\"inLanguage\":\"fr-FR\",\"@id\":\"https:\/\/www.pressenza.com\/fr\/2014\/04\/dossier-traite-transatlantique-libre-echange\/#primaryimage\",\"url\":\"https:\/\/www.pressenza.com\/wp-content\/uploads\/2014\/04\/grand-marche-transatlantique_DOSSIER-Trait\u00e9-transatlantique-de-libre-\u00e9change.jpg\",\"contentUrl\":\"https:\/\/www.pressenza.com\/wp-content\/uploads\/2014\/04\/grand-marche-transatlantique_DOSSIER-Trait\u00e9-transatlantique-de-libre-\u00e9change.jpg\",\"width\":400,\"height\":226},{\"@type\":\"BreadcrumbList\",\"@id\":\"https:\/\/www.pressenza.com\/fr\/2014\/04\/dossier-traite-transatlantique-libre-echange\/#breadcrumb\",\"itemListElement\":[{\"@type\":\"ListItem\",\"position\":1,\"name\":\"Accueil\",\"item\":\"https:\/\/www.pressenza.com\/fr\/\"},{\"@type\":\"ListItem\",\"position\":2,\"name\":\"DOSSIER Trait\u00e9 transatlantique de libre-\u00e9change\"}]},{\"@type\":\"WebSite\",\"@id\":\"https:\/\/www.pressenza.com\/fr\/#website\",\"url\":\"https:\/\/www.pressenza.com\/fr\/\",\"name\":\"Pressenza\",\"description\":\"International Press Agency\",\"publisher\":{\"@id\":\"https:\/\/www.pressenza.com\/fr\/#organization\"},\"potentialAction\":[{\"@type\":\"SearchAction\",\"target\":{\"@type\":\"EntryPoint\",\"urlTemplate\":\"https:\/\/www.pressenza.com\/fr\/?s={search_term_string}\"},\"query-input\":{\"@type\":\"PropertyValueSpecification\",\"valueRequired\":true,\"valueName\":\"search_term_string\"}}],\"inLanguage\":\"fr-FR\"},{\"@type\":\"Organization\",\"@id\":\"https:\/\/www.pressenza.com\/fr\/#organization\",\"name\":\"Pressenza\",\"url\":\"https:\/\/www.pressenza.com\/fr\/\",\"logo\":{\"@type\":\"ImageObject\",\"inLanguage\":\"fr-FR\",\"@id\":\"https:\/\/www.pressenza.com\/fr\/#\/schema\/logo\/image\/\",\"url\":\"https:\/\/www.pressenza.com\/wp-content\/uploads\/2022\/10\/pressenza_logo_200x200.jpg\",\"contentUrl\":\"https:\/\/www.pressenza.com\/wp-content\/uploads\/2022\/10\/pressenza_logo_200x200.jpg\",\"width\":200,\"height\":200,\"caption\":\"Pressenza\"},\"image\":{\"@id\":\"https:\/\/www.pressenza.com\/fr\/#\/schema\/logo\/image\/\"},\"sameAs\":[\"https:\/\/www.facebook.com\/PressenzaItalia\",\"https:\/\/x.com\/PressenzaIPA\"]},{\"@type\":\"Person\",\"@id\":\"https:\/\/www.pressenza.com\/fr\/#\/schema\/person\/3c9fe6670cc2cffbd37562f87b98e869\",\"name\":\"R\u00e9daction France\",\"description\":\"News published by the Pressenza bureau in France\",\"sameAs\":[\"http:\/\/www.pressenza.com\/fr\"],\"url\":\"https:\/\/www.pressenza.com\/fr\/author\/redactionfrance\/\"}]}<\/script>\n<!-- \/ Yoast SEO plugin. -->","yoast_head_json":{"title":"DOSSIER Trait\u00e9 transatlantique de libre-\u00e9change","description":"Par Reporterre On l\u2019appelle Trait\u00e9 de libre-\u00e9change transatlantique, TAFTA, TPPIP, et d\u2019autres noms encore. Tout est fait pour qu\u2019on n\u2019y comprenne rien et","robots":{"index":"index","follow":"follow","max-snippet":"max-snippet:-1","max-image-preview":"max-image-preview:large","max-video-preview":"max-video-preview:-1"},"canonical":"https:\/\/www.pressenza.com\/fr\/2014\/04\/dossier-traite-transatlantique-libre-echange\/","og_locale":"fr_FR","og_type":"article","og_title":"DOSSIER Trait\u00e9 transatlantique de libre-\u00e9change","og_description":"Par Reporterre On l\u2019appelle Trait\u00e9 de libre-\u00e9change transatlantique, TAFTA, TPPIP, et d\u2019autres noms encore. Tout est fait pour qu\u2019on n\u2019y comprenne rien et","og_url":"https:\/\/www.pressenza.com\/fr\/2014\/04\/dossier-traite-transatlantique-libre-echange\/","og_site_name":"Pressenza","article_publisher":"https:\/\/www.facebook.com\/PressenzaItalia","article_published_time":"2014-04-15T22:38:48+00:00","og_image":[{"width":400,"height":226,"url":"https:\/\/www.pressenza.com\/wp-content\/uploads\/2014\/04\/grand-marche-transatlantique_DOSSIER-Trait\u00e9-transatlantique-de-libre-\u00e9change.jpg","type":"image\/jpeg"}],"author":"R\u00e9daction France","twitter_card":"summary_large_image","twitter_creator":"@PressenzaIPA","twitter_site":"@PressenzaIPA","twitter_misc":{"\u00c9crit par":"R\u00e9daction France","Dur\u00e9e de lecture estim\u00e9e":"1 minute"},"schema":{"@context":"https:\/\/schema.org","@graph":[{"@type":"Article","@id":"https:\/\/www.pressenza.com\/fr\/2014\/04\/dossier-traite-transatlantique-libre-echange\/#article","isPartOf":{"@id":"https:\/\/www.pressenza.com\/fr\/2014\/04\/dossier-traite-transatlantique-libre-echange\/"},"author":{"name":"R\u00e9daction France","@id":"https:\/\/www.pressenza.com\/fr\/#\/schema\/person\/3c9fe6670cc2cffbd37562f87b98e869"},"headline":"DOSSIER Trait\u00e9 transatlantique de libre-\u00e9change","datePublished":"2014-04-15T22:38:48+00:00","mainEntityOfPage":{"@id":"https:\/\/www.pressenza.com\/fr\/2014\/04\/dossier-traite-transatlantique-libre-echange\/"},"wordCount":288,"publisher":{"@id":"https:\/\/www.pressenza.com\/fr\/#organization"},"image":{"@id":"https:\/\/www.pressenza.com\/fr\/2014\/04\/dossier-traite-transatlantique-libre-echange\/#primaryimage"},"thumbnailUrl":"https:\/\/www.pressenza.com\/wp-content\/uploads\/2014\/04\/grand-marche-transatlantique_DOSSIER-Trait\u00e9-transatlantique-de-libre-\u00e9change.jpg","keywords":["grand march\u00e9 transatlantique","TAFTA","TPPIP","Trait\u00e9 de libre-\u00e9change transatlantique","Trait\u00e9 transatlantique de libre-\u00e9change"],"articleSection":["Communiqu\u00e9s de Presse","Economie","Europe","International"],"inLanguage":"fr-FR"},{"@type":"WebPage","@id":"https:\/\/www.pressenza.com\/fr\/2014\/04\/dossier-traite-transatlantique-libre-echange\/","url":"https:\/\/www.pressenza.com\/fr\/2014\/04\/dossier-traite-transatlantique-libre-echange\/","name":"DOSSIER Trait\u00e9 transatlantique de libre-\u00e9change","isPartOf":{"@id":"https:\/\/www.pressenza.com\/fr\/#website"},"primaryImageOfPage":{"@id":"https:\/\/www.pressenza.com\/fr\/2014\/04\/dossier-traite-transatlantique-libre-echange\/#primaryimage"},"image":{"@id":"https:\/\/www.pressenza.com\/fr\/2014\/04\/dossier-traite-transatlantique-libre-echange\/#primaryimage"},"thumbnailUrl":"https:\/\/www.pressenza.com\/wp-content\/uploads\/2014\/04\/grand-marche-transatlantique_DOSSIER-Trait\u00e9-transatlantique-de-libre-\u00e9change.jpg","datePublished":"2014-04-15T22:38:48+00:00","description":"Par Reporterre On l\u2019appelle Trait\u00e9 de libre-\u00e9change transatlantique, TAFTA, TPPIP, et d\u2019autres noms encore. Tout est fait pour qu\u2019on n\u2019y comprenne rien et","breadcrumb":{"@id":"https:\/\/www.pressenza.com\/fr\/2014\/04\/dossier-traite-transatlantique-libre-echange\/#breadcrumb"},"inLanguage":"fr-FR","potentialAction":[{"@type":"ReadAction","target":["https:\/\/www.pressenza.com\/fr\/2014\/04\/dossier-traite-transatlantique-libre-echange\/"]}]},{"@type":"ImageObject","inLanguage":"fr-FR","@id":"https:\/\/www.pressenza.com\/fr\/2014\/04\/dossier-traite-transatlantique-libre-echange\/#primaryimage","url":"https:\/\/www.pressenza.com\/wp-content\/uploads\/2014\/04\/grand-marche-transatlantique_DOSSIER-Trait\u00e9-transatlantique-de-libre-\u00e9change.jpg","contentUrl":"https:\/\/www.pressenza.com\/wp-content\/uploads\/2014\/04\/grand-marche-transatlantique_DOSSIER-Trait\u00e9-transatlantique-de-libre-\u00e9change.jpg","width":400,"height":226},{"@type":"BreadcrumbList","@id":"https:\/\/www.pressenza.com\/fr\/2014\/04\/dossier-traite-transatlantique-libre-echange\/#breadcrumb","itemListElement":[{"@type":"ListItem","position":1,"name":"Accueil","item":"https:\/\/www.pressenza.com\/fr\/"},{"@type":"ListItem","position":2,"name":"DOSSIER Trait\u00e9 transatlantique de libre-\u00e9change"}]},{"@type":"WebSite","@id":"https:\/\/www.pressenza.com\/fr\/#website","url":"https:\/\/www.pressenza.com\/fr\/","name":"Pressenza","description":"International Press Agency","publisher":{"@id":"https:\/\/www.pressenza.com\/fr\/#organization"},"potentialAction":[{"@type":"SearchAction","target":{"@type":"EntryPoint","urlTemplate":"https:\/\/www.pressenza.com\/fr\/?s={search_term_string}"},"query-input":{"@type":"PropertyValueSpecification","valueRequired":true,"valueName":"search_term_string"}}],"inLanguage":"fr-FR"},{"@type":"Organization","@id":"https:\/\/www.pressenza.com\/fr\/#organization","name":"Pressenza","url":"https:\/\/www.pressenza.com\/fr\/","logo":{"@type":"ImageObject","inLanguage":"fr-FR","@id":"https:\/\/www.pressenza.com\/fr\/#\/schema\/logo\/image\/","url":"https:\/\/www.pressenza.com\/wp-content\/uploads\/2022\/10\/pressenza_logo_200x200.jpg","contentUrl":"https:\/\/www.pressenza.com\/wp-content\/uploads\/2022\/10\/pressenza_logo_200x200.jpg","width":200,"height":200,"caption":"Pressenza"},"image":{"@id":"https:\/\/www.pressenza.com\/fr\/#\/schema\/logo\/image\/"},"sameAs":["https:\/\/www.facebook.com\/PressenzaItalia","https:\/\/x.com\/PressenzaIPA"]},{"@type":"Person","@id":"https:\/\/www.pressenza.com\/fr\/#\/schema\/person\/3c9fe6670cc2cffbd37562f87b98e869","name":"R\u00e9daction France","description":"News published by the Pressenza bureau in France","sameAs":["http:\/\/www.pressenza.com\/fr"],"url":"https:\/\/www.pressenza.com\/fr\/author\/redactionfrance\/"}]}},"place":"","original_article_url":"","_links":{"self":[{"href":"https:\/\/www.pressenza.com\/fr\/wp-json\/wp\/v2\/posts\/101219","targetHints":{"allow":["GET"]}}],"collection":[{"href":"https:\/\/www.pressenza.com\/fr\/wp-json\/wp\/v2\/posts"}],"about":[{"href":"https:\/\/www.pressenza.com\/fr\/wp-json\/wp\/v2\/types\/post"}],"author":[{"embeddable":true,"href":"https:\/\/www.pressenza.com\/fr\/wp-json\/wp\/v2\/users\/926"}],"replies":[{"embeddable":true,"href":"https:\/\/www.pressenza.com\/fr\/wp-json\/wp\/v2\/comments?post=101219"}],"version-history":[{"count":0,"href":"https:\/\/www.pressenza.com\/fr\/wp-json\/wp\/v2\/posts\/101219\/revisions"}],"wp:featuredmedia":[{"embeddable":true,"href":"https:\/\/www.pressenza.com\/fr\/wp-json\/wp\/v2\/media\/101243"}],"wp:attachment":[{"href":"https:\/\/www.pressenza.com\/fr\/wp-json\/wp\/v2\/media?parent=101219"}],"wp:term":[{"taxonomy":"category","embeddable":true,"href":"https:\/\/www.pressenza.com\/fr\/wp-json\/wp\/v2\/categories?post=101219"},{"taxonomy":"post_tag","embeddable":true,"href":"https:\/\/www.pressenza.com\/fr\/wp-json\/wp\/v2\/tags?post=101219"}],"curies":[{"name":"wp","href":"https:\/\/api.w.org\/{rel}","templated":true}]}}