{"id":100568,"date":"2014-04-12T01:03:28","date_gmt":"2014-04-12T00:03:28","guid":{"rendered":"http:\/\/www.pressenza.com\/?p=100568"},"modified":"2014-04-12T01:11:58","modified_gmt":"2014-04-12T00:11:58","slug":"belgique-journee-mondiale-luttes-paysannes","status":"publish","type":"post","link":"https:\/\/www.pressenza.com\/fr\/2014\/04\/belgique-journee-mondiale-luttes-paysannes\/","title":{"rendered":"\u00ab\u00a0Pas de terre sans paysans, pas de paysans sans terre\u00a0\u00bb"},"content":{"rendered":"<p>Le 17 avril 2014, dans le cadre de la journ\u00e9e internationale des luttes paysannes, plus de 60 organisations \u2013 ONG, syndicats, associations environnementalistes, activistes, collectifs militants &#8230; \u2013 engag\u00e9es collectivement pour la d\u00e9fense d&rsquo;une souverainet\u00e9 alimentaire, se mobiliseront partout dans le pays. Ensemble, elles t\u00e9moigneront leur soutien aux paysans qui demandent l\u2019acc\u00e8s \u00e0 la terre en Belgique et dans le monde.<\/p>\n<p align=\"JUSTIFY\">Au c\u0153ur de cette journ\u00e9e, une action symbolique de plantation de patates sur des terres destin\u00e9es \u00e0 la construction d\u2019une m\u00e9ga-prison \u00e0 Haren permettra \u00e0 chacun de se r\u00e9approprier collectivement une parcelle de terrain et de d\u00e9noncer l\u2019emprise du b\u00e9ton sur des terres nourrici\u00e8res. Un descriptif complet des activit\u00e9s, allant des ateliers aux projections, en passant par des discussions, occupations ou actions directes et des moments festifs est disponible, pour l&rsquo;ensemble de la Belgique, sur le site web : <a href=\"http:\/\/luttes-paysannes.be\" target=\"_blank\">luttes-paysannes.be<\/a><\/p>\n<p>Notre mouvement, solidaire des luttes paysannes men\u00e9es partout dans le monde, se mobilise contre les accaparements de terres commis par certains Etats et certaines grandes entreprises, au niveau international. Nous sommes \u00e9galement extr\u00eamement pr\u00e9occup\u00e9s par le contexte foncier en Europe et en Belgique\u00a0: diminution des terres agricoles, concentration des terres, augmentation des prix du foncier, d\u00e9connexion entre le prix de la terre et sa valeur d\u2019usage agricole, difficult\u00e9s de renouvellement des g\u00e9n\u00e9rations en agriculture et de transmission des fermes\u2026 En Belgique, plus de 63% de nos fermes ont disparu au profit de grandes exploitations ces 30 derni\u00e8res ann\u00e9es.<\/p>\n<p align=\"JUSTIFY\">Cette journ\u00e9e d&rsquo;action rev\u00eat une importance particuli\u00e8re dans le contexte actuel d&rsquo;adoption d&rsquo;un Code Wallon pour l&rsquo;Agriculture et des derniers ajustements de la nouvelle PAC. Pour que ce 17 avril marque un changement de paradigme \u00e9conomique, nous appelons \u00e0 une mobilisation massive, pour une r\u00e9appropriation de nos syst\u00e8mes alimentaires, pour prendre le contr\u00f4le de la terre et exiger des changements de politique de la part des d\u00e9cideurs.<\/p>\n<p align=\"JUSTIFY\">Nous vous donnons rendez-vous le <b>17 avril \u00e0 15h \u00e0 Haren lors d&rsquo;une conf\u00e9rence de presse<\/b> pour partager nos revendications et \u00e9changer sur nos propositions pour une meilleure gouvernance fonci\u00e8re au niveau mondial et en Belgique.<\/p>\n<p align=\"JUSTIFY\"><b>\u00c0 16h<\/b>, <b>plusieurs centaines de personnes iront planter des patates sur une partie du champs destin\u00e9<\/b> \u00e0 la construction de la maxi-prison. Prises d&rsquo;images possibles.<\/p>\n<p align=\"JUSTIFY\">Contacts presse : St\u00e9phane DESGAIN &#8211; <a href=\"tel:0475.76.90.61\" target=\"_blank\">0475.76.90.61<\/a> \u2013 Astrid BOUCHEDOR &#8211; <a href=\"tel:0489.78.94.38\" target=\"_blank\">0489.78.94.38<\/a><\/p>\n<p align=\"JUSTIFY\">Adresse exacte\u00a0: Centre culturel De Linde &#8211; rue Cortenbach, 7 &#8211; 1130 Haren<\/p>\n","protected":false},"excerpt":{"rendered":"<p>Le 17 avril 2014, dans le cadre de la journ\u00e9e internationale des luttes paysannes, plus de 60 organisations \u2013 ONG, syndicats, associations environnementalistes, activistes, collectifs militants &#8230; \u2013 engag\u00e9es collectivement pour la d\u00e9fense d&rsquo;une souverainet\u00e9 alimentaire, se mobiliseront partout dans&hellip;<\/p>\n","protected":false},"author":807,"featured_media":100569,"comment_status":"closed","ping_status":"open","sticky":false,"template":"","format":"standard","meta":{"footnotes":""},"categories":[151,98,97,85,40],"tags":[3233,908,9978],"class_list":["post-100568","post","type-post","status-publish","format-standard","has-post-thumbnail","hentry","category-communique-de-presse","category-droits-de-lhomme","category-environnement-et-ecologie","category-europe-fr","category-international-fr","tag-belgique","tag-journee-mondiale","tag-luttes-paysannes"],"yoast_head":"<!-- This site is optimized with the Yoast SEO plugin v27.1.1 - https:\/\/yoast.com\/product\/yoast-seo-wordpress\/ -->\n<title>&quot;Pas de terre sans paysans, pas de paysans sans terre&quot;<\/title>\n<meta name=\"description\" content=\"Le 17 avril 2014, dans le cadre de la journ\u00e9e internationale des luttes paysannes, plus de 60 organisations \u2013 ONG, syndicats, associations\" \/>\n<meta name=\"robots\" content=\"index, follow, max-snippet:-1, max-image-preview:large, max-video-preview:-1\" \/>\n<link rel=\"canonical\" href=\"https:\/\/www.pressenza.com\/fr\/2014\/04\/belgique-journee-mondiale-luttes-paysannes\/\" \/>\n<meta property=\"og:locale\" content=\"fr_FR\" \/>\n<meta property=\"og:type\" content=\"article\" \/>\n<meta property=\"og:title\" content=\"&quot;Pas de terre sans paysans, pas de paysans sans terre&quot;\" \/>\n<meta property=\"og:description\" content=\"Le 17 avril 2014, dans le cadre de la journ\u00e9e internationale des luttes paysannes, plus de 60 organisations \u2013 ONG, syndicats, associations\" \/>\n<meta property=\"og:url\" content=\"https:\/\/www.pressenza.com\/fr\/2014\/04\/belgique-journee-mondiale-luttes-paysannes\/\" \/>\n<meta property=\"og:site_name\" content=\"Pressenza\" \/>\n<meta property=\"article:publisher\" content=\"https:\/\/www.facebook.com\/PressenzaItalia\" \/>\n<meta property=\"article:published_time\" content=\"2014-04-12T00:03:28+00:00\" \/>\n<meta property=\"article:modified_time\" content=\"2014-04-12T00:11:58+00:00\" \/>\n<meta property=\"og:image\" content=\"https:\/\/www.pressenza.com\/wp-content\/uploads\/2014\/04\/JOURN\u00c9E-MONDIALE-des-LUTTES-PAYSANNES.jpg\" \/>\n\t<meta property=\"og:image:width\" content=\"500\" \/>\n\t<meta property=\"og:image:height\" content=\"587\" \/>\n\t<meta property=\"og:image:type\" content=\"image\/jpeg\" \/>\n<meta name=\"author\" content=\"R\u00e9daction Belgique\" \/>\n<meta name=\"twitter:card\" content=\"summary_large_image\" \/>\n<meta name=\"twitter:creator\" content=\"@PressenzaIPA\" \/>\n<meta name=\"twitter:site\" content=\"@PressenzaIPA\" \/>\n<meta name=\"twitter:label1\" content=\"\u00c9crit par\" \/>\n\t<meta name=\"twitter:data1\" content=\"R\u00e9daction Belgique\" \/>\n\t<meta name=\"twitter:label2\" content=\"Dur\u00e9e de lecture estim\u00e9e\" \/>\n\t<meta name=\"twitter:data2\" content=\"2 minutes\" \/>\n<script type=\"application\/ld+json\" class=\"yoast-schema-graph\">{\"@context\":\"https:\/\/schema.org\",\"@graph\":[{\"@type\":\"Article\",\"@id\":\"https:\/\/www.pressenza.com\/fr\/2014\/04\/belgique-journee-mondiale-luttes-paysannes\/#article\",\"isPartOf\":{\"@id\":\"https:\/\/www.pressenza.com\/fr\/2014\/04\/belgique-journee-mondiale-luttes-paysannes\/\"},\"author\":{\"name\":\"R\u00e9daction Belgique\",\"@id\":\"https:\/\/www.pressenza.com\/fr\/#\/schema\/person\/86412bf1f68934d02d03035e031f781f\"},\"headline\":\"\u00ab\u00a0Pas de terre sans paysans, pas de paysans sans terre\u00a0\u00bb\",\"datePublished\":\"2014-04-12T00:03:28+00:00\",\"dateModified\":\"2014-04-12T00:11:58+00:00\",\"mainEntityOfPage\":{\"@id\":\"https:\/\/www.pressenza.com\/fr\/2014\/04\/belgique-journee-mondiale-luttes-paysannes\/\"},\"wordCount\":423,\"publisher\":{\"@id\":\"https:\/\/www.pressenza.com\/fr\/#organization\"},\"image\":{\"@id\":\"https:\/\/www.pressenza.com\/fr\/2014\/04\/belgique-journee-mondiale-luttes-paysannes\/#primaryimage\"},\"thumbnailUrl\":\"https:\/\/www.pressenza.com\/wp-content\/uploads\/2014\/04\/JOURN\u00c9E-MONDIALE-des-LUTTES-PAYSANNES.jpg\",\"keywords\":[\"Belgique\",\"journ\u00e9e mondiale\",\"luttes paysannes\"],\"articleSection\":[\"Communiqu\u00e9s de Presse\",\"Droits humains\",\"Ecologie et Environnement\",\"Europe\",\"International\"],\"inLanguage\":\"fr-FR\"},{\"@type\":\"WebPage\",\"@id\":\"https:\/\/www.pressenza.com\/fr\/2014\/04\/belgique-journee-mondiale-luttes-paysannes\/\",\"url\":\"https:\/\/www.pressenza.com\/fr\/2014\/04\/belgique-journee-mondiale-luttes-paysannes\/\",\"name\":\"\\\"Pas de terre sans paysans, pas de paysans sans terre\\\"\",\"isPartOf\":{\"@id\":\"https:\/\/www.pressenza.com\/fr\/#website\"},\"primaryImageOfPage\":{\"@id\":\"https:\/\/www.pressenza.com\/fr\/2014\/04\/belgique-journee-mondiale-luttes-paysannes\/#primaryimage\"},\"image\":{\"@id\":\"https:\/\/www.pressenza.com\/fr\/2014\/04\/belgique-journee-mondiale-luttes-paysannes\/#primaryimage\"},\"thumbnailUrl\":\"https:\/\/www.pressenza.com\/wp-content\/uploads\/2014\/04\/JOURN\u00c9E-MONDIALE-des-LUTTES-PAYSANNES.jpg\",\"datePublished\":\"2014-04-12T00:03:28+00:00\",\"dateModified\":\"2014-04-12T00:11:58+00:00\",\"description\":\"Le 17 avril 2014, dans le cadre de la journ\u00e9e internationale des luttes paysannes, plus de 60 organisations \u2013 ONG, syndicats, associations\",\"breadcrumb\":{\"@id\":\"https:\/\/www.pressenza.com\/fr\/2014\/04\/belgique-journee-mondiale-luttes-paysannes\/#breadcrumb\"},\"inLanguage\":\"fr-FR\",\"potentialAction\":[{\"@type\":\"ReadAction\",\"target\":[\"https:\/\/www.pressenza.com\/fr\/2014\/04\/belgique-journee-mondiale-luttes-paysannes\/\"]}]},{\"@type\":\"ImageObject\",\"inLanguage\":\"fr-FR\",\"@id\":\"https:\/\/www.pressenza.com\/fr\/2014\/04\/belgique-journee-mondiale-luttes-paysannes\/#primaryimage\",\"url\":\"https:\/\/www.pressenza.com\/wp-content\/uploads\/2014\/04\/JOURN\u00c9E-MONDIALE-des-LUTTES-PAYSANNES.jpg\",\"contentUrl\":\"https:\/\/www.pressenza.com\/wp-content\/uploads\/2014\/04\/JOURN\u00c9E-MONDIALE-des-LUTTES-PAYSANNES.jpg\",\"width\":500,\"height\":587},{\"@type\":\"BreadcrumbList\",\"@id\":\"https:\/\/www.pressenza.com\/fr\/2014\/04\/belgique-journee-mondiale-luttes-paysannes\/#breadcrumb\",\"itemListElement\":[{\"@type\":\"ListItem\",\"position\":1,\"name\":\"Accueil\",\"item\":\"https:\/\/www.pressenza.com\/fr\/\"},{\"@type\":\"ListItem\",\"position\":2,\"name\":\"\u00ab\u00a0Pas de terre sans paysans, pas de paysans sans terre\u00a0\u00bb\"}]},{\"@type\":\"WebSite\",\"@id\":\"https:\/\/www.pressenza.com\/fr\/#website\",\"url\":\"https:\/\/www.pressenza.com\/fr\/\",\"name\":\"Pressenza\",\"description\":\"International Press Agency\",\"publisher\":{\"@id\":\"https:\/\/www.pressenza.com\/fr\/#organization\"},\"potentialAction\":[{\"@type\":\"SearchAction\",\"target\":{\"@type\":\"EntryPoint\",\"urlTemplate\":\"https:\/\/www.pressenza.com\/fr\/?s={search_term_string}\"},\"query-input\":{\"@type\":\"PropertyValueSpecification\",\"valueRequired\":true,\"valueName\":\"search_term_string\"}}],\"inLanguage\":\"fr-FR\"},{\"@type\":\"Organization\",\"@id\":\"https:\/\/www.pressenza.com\/fr\/#organization\",\"name\":\"Pressenza\",\"url\":\"https:\/\/www.pressenza.com\/fr\/\",\"logo\":{\"@type\":\"ImageObject\",\"inLanguage\":\"fr-FR\",\"@id\":\"https:\/\/www.pressenza.com\/fr\/#\/schema\/logo\/image\/\",\"url\":\"https:\/\/www.pressenza.com\/wp-content\/uploads\/2022\/10\/pressenza_logo_200x200.jpg\",\"contentUrl\":\"https:\/\/www.pressenza.com\/wp-content\/uploads\/2022\/10\/pressenza_logo_200x200.jpg\",\"width\":200,\"height\":200,\"caption\":\"Pressenza\"},\"image\":{\"@id\":\"https:\/\/www.pressenza.com\/fr\/#\/schema\/logo\/image\/\"},\"sameAs\":[\"https:\/\/www.facebook.com\/PressenzaItalia\",\"https:\/\/x.com\/PressenzaIPA\"]},{\"@type\":\"Person\",\"@id\":\"https:\/\/www.pressenza.com\/fr\/#\/schema\/person\/86412bf1f68934d02d03035e031f781f\",\"name\":\"R\u00e9daction Belgique\",\"description\":\"News published by the Pressenza bureau in Belgium\",\"url\":\"https:\/\/www.pressenza.com\/fr\/author\/redaction-belgique\/\"}]}<\/script>\n<!-- \/ Yoast SEO plugin. -->","yoast_head_json":{"title":"\"Pas de terre sans paysans, pas de paysans sans terre\"","description":"Le 17 avril 2014, dans le cadre de la journ\u00e9e internationale des luttes paysannes, plus de 60 organisations \u2013 ONG, syndicats, associations","robots":{"index":"index","follow":"follow","max-snippet":"max-snippet:-1","max-image-preview":"max-image-preview:large","max-video-preview":"max-video-preview:-1"},"canonical":"https:\/\/www.pressenza.com\/fr\/2014\/04\/belgique-journee-mondiale-luttes-paysannes\/","og_locale":"fr_FR","og_type":"article","og_title":"\"Pas de terre sans paysans, pas de paysans sans terre\"","og_description":"Le 17 avril 2014, dans le cadre de la journ\u00e9e internationale des luttes paysannes, plus de 60 organisations \u2013 ONG, syndicats, associations","og_url":"https:\/\/www.pressenza.com\/fr\/2014\/04\/belgique-journee-mondiale-luttes-paysannes\/","og_site_name":"Pressenza","article_publisher":"https:\/\/www.facebook.com\/PressenzaItalia","article_published_time":"2014-04-12T00:03:28+00:00","article_modified_time":"2014-04-12T00:11:58+00:00","og_image":[{"width":500,"height":587,"url":"https:\/\/www.pressenza.com\/wp-content\/uploads\/2014\/04\/JOURN\u00c9E-MONDIALE-des-LUTTES-PAYSANNES.jpg","type":"image\/jpeg"}],"author":"R\u00e9daction Belgique","twitter_card":"summary_large_image","twitter_creator":"@PressenzaIPA","twitter_site":"@PressenzaIPA","twitter_misc":{"\u00c9crit par":"R\u00e9daction Belgique","Dur\u00e9e de lecture estim\u00e9e":"2 minutes"},"schema":{"@context":"https:\/\/schema.org","@graph":[{"@type":"Article","@id":"https:\/\/www.pressenza.com\/fr\/2014\/04\/belgique-journee-mondiale-luttes-paysannes\/#article","isPartOf":{"@id":"https:\/\/www.pressenza.com\/fr\/2014\/04\/belgique-journee-mondiale-luttes-paysannes\/"},"author":{"name":"R\u00e9daction Belgique","@id":"https:\/\/www.pressenza.com\/fr\/#\/schema\/person\/86412bf1f68934d02d03035e031f781f"},"headline":"\u00ab\u00a0Pas de terre sans paysans, pas de paysans sans terre\u00a0\u00bb","datePublished":"2014-04-12T00:03:28+00:00","dateModified":"2014-04-12T00:11:58+00:00","mainEntityOfPage":{"@id":"https:\/\/www.pressenza.com\/fr\/2014\/04\/belgique-journee-mondiale-luttes-paysannes\/"},"wordCount":423,"publisher":{"@id":"https:\/\/www.pressenza.com\/fr\/#organization"},"image":{"@id":"https:\/\/www.pressenza.com\/fr\/2014\/04\/belgique-journee-mondiale-luttes-paysannes\/#primaryimage"},"thumbnailUrl":"https:\/\/www.pressenza.com\/wp-content\/uploads\/2014\/04\/JOURN\u00c9E-MONDIALE-des-LUTTES-PAYSANNES.jpg","keywords":["Belgique","journ\u00e9e mondiale","luttes paysannes"],"articleSection":["Communiqu\u00e9s de Presse","Droits humains","Ecologie et Environnement","Europe","International"],"inLanguage":"fr-FR"},{"@type":"WebPage","@id":"https:\/\/www.pressenza.com\/fr\/2014\/04\/belgique-journee-mondiale-luttes-paysannes\/","url":"https:\/\/www.pressenza.com\/fr\/2014\/04\/belgique-journee-mondiale-luttes-paysannes\/","name":"\"Pas de terre sans paysans, pas de paysans sans terre\"","isPartOf":{"@id":"https:\/\/www.pressenza.com\/fr\/#website"},"primaryImageOfPage":{"@id":"https:\/\/www.pressenza.com\/fr\/2014\/04\/belgique-journee-mondiale-luttes-paysannes\/#primaryimage"},"image":{"@id":"https:\/\/www.pressenza.com\/fr\/2014\/04\/belgique-journee-mondiale-luttes-paysannes\/#primaryimage"},"thumbnailUrl":"https:\/\/www.pressenza.com\/wp-content\/uploads\/2014\/04\/JOURN\u00c9E-MONDIALE-des-LUTTES-PAYSANNES.jpg","datePublished":"2014-04-12T00:03:28+00:00","dateModified":"2014-04-12T00:11:58+00:00","description":"Le 17 avril 2014, dans le cadre de la journ\u00e9e internationale des luttes paysannes, plus de 60 organisations \u2013 ONG, syndicats, associations","breadcrumb":{"@id":"https:\/\/www.pressenza.com\/fr\/2014\/04\/belgique-journee-mondiale-luttes-paysannes\/#breadcrumb"},"inLanguage":"fr-FR","potentialAction":[{"@type":"ReadAction","target":["https:\/\/www.pressenza.com\/fr\/2014\/04\/belgique-journee-mondiale-luttes-paysannes\/"]}]},{"@type":"ImageObject","inLanguage":"fr-FR","@id":"https:\/\/www.pressenza.com\/fr\/2014\/04\/belgique-journee-mondiale-luttes-paysannes\/#primaryimage","url":"https:\/\/www.pressenza.com\/wp-content\/uploads\/2014\/04\/JOURN\u00c9E-MONDIALE-des-LUTTES-PAYSANNES.jpg","contentUrl":"https:\/\/www.pressenza.com\/wp-content\/uploads\/2014\/04\/JOURN\u00c9E-MONDIALE-des-LUTTES-PAYSANNES.jpg","width":500,"height":587},{"@type":"BreadcrumbList","@id":"https:\/\/www.pressenza.com\/fr\/2014\/04\/belgique-journee-mondiale-luttes-paysannes\/#breadcrumb","itemListElement":[{"@type":"ListItem","position":1,"name":"Accueil","item":"https:\/\/www.pressenza.com\/fr\/"},{"@type":"ListItem","position":2,"name":"\u00ab\u00a0Pas de terre sans paysans, pas de paysans sans terre\u00a0\u00bb"}]},{"@type":"WebSite","@id":"https:\/\/www.pressenza.com\/fr\/#website","url":"https:\/\/www.pressenza.com\/fr\/","name":"Pressenza","description":"International Press Agency","publisher":{"@id":"https:\/\/www.pressenza.com\/fr\/#organization"},"potentialAction":[{"@type":"SearchAction","target":{"@type":"EntryPoint","urlTemplate":"https:\/\/www.pressenza.com\/fr\/?s={search_term_string}"},"query-input":{"@type":"PropertyValueSpecification","valueRequired":true,"valueName":"search_term_string"}}],"inLanguage":"fr-FR"},{"@type":"Organization","@id":"https:\/\/www.pressenza.com\/fr\/#organization","name":"Pressenza","url":"https:\/\/www.pressenza.com\/fr\/","logo":{"@type":"ImageObject","inLanguage":"fr-FR","@id":"https:\/\/www.pressenza.com\/fr\/#\/schema\/logo\/image\/","url":"https:\/\/www.pressenza.com\/wp-content\/uploads\/2022\/10\/pressenza_logo_200x200.jpg","contentUrl":"https:\/\/www.pressenza.com\/wp-content\/uploads\/2022\/10\/pressenza_logo_200x200.jpg","width":200,"height":200,"caption":"Pressenza"},"image":{"@id":"https:\/\/www.pressenza.com\/fr\/#\/schema\/logo\/image\/"},"sameAs":["https:\/\/www.facebook.com\/PressenzaItalia","https:\/\/x.com\/PressenzaIPA"]},{"@type":"Person","@id":"https:\/\/www.pressenza.com\/fr\/#\/schema\/person\/86412bf1f68934d02d03035e031f781f","name":"R\u00e9daction Belgique","description":"News published by the Pressenza bureau in Belgium","url":"https:\/\/www.pressenza.com\/fr\/author\/redaction-belgique\/"}]}},"place":"","original_article_url":"","_links":{"self":[{"href":"https:\/\/www.pressenza.com\/fr\/wp-json\/wp\/v2\/posts\/100568","targetHints":{"allow":["GET"]}}],"collection":[{"href":"https:\/\/www.pressenza.com\/fr\/wp-json\/wp\/v2\/posts"}],"about":[{"href":"https:\/\/www.pressenza.com\/fr\/wp-json\/wp\/v2\/types\/post"}],"author":[{"embeddable":true,"href":"https:\/\/www.pressenza.com\/fr\/wp-json\/wp\/v2\/users\/807"}],"replies":[{"embeddable":true,"href":"https:\/\/www.pressenza.com\/fr\/wp-json\/wp\/v2\/comments?post=100568"}],"version-history":[{"count":0,"href":"https:\/\/www.pressenza.com\/fr\/wp-json\/wp\/v2\/posts\/100568\/revisions"}],"wp:featuredmedia":[{"embeddable":true,"href":"https:\/\/www.pressenza.com\/fr\/wp-json\/wp\/v2\/media\/100569"}],"wp:attachment":[{"href":"https:\/\/www.pressenza.com\/fr\/wp-json\/wp\/v2\/media?parent=100568"}],"wp:term":[{"taxonomy":"category","embeddable":true,"href":"https:\/\/www.pressenza.com\/fr\/wp-json\/wp\/v2\/categories?post=100568"},{"taxonomy":"post_tag","embeddable":true,"href":"https:\/\/www.pressenza.com\/fr\/wp-json\/wp\/v2\/tags?post=100568"}],"curies":[{"name":"wp","href":"https:\/\/api.w.org\/{rel}","templated":true}]}}