{"id":1003706,"date":"2019-12-29T19:38:23","date_gmt":"2019-12-29T19:38:23","guid":{"rendered":"https:\/\/www.pressenza.com\/?p=1003706"},"modified":"2019-12-29T19:38:23","modified_gmt":"2019-12-29T19:38:23","slug":"la-catalogne-fait-des-progres-dans-la-lutte-pour-le-droit-au-logement","status":"publish","type":"post","link":"https:\/\/www.pressenza.com\/fr\/2019\/12\/la-catalogne-fait-des-progres-dans-la-lutte-pour-le-droit-au-logement\/","title":{"rendered":"La Catalogne fait des progr\u00e8s dans la lutte pour le droit au logement"},"content":{"rendered":"<blockquote><p>Le gouvernement catalan approuve un d\u00e9cret-loi sur les mesures d\u2019urgence pour am\u00e9liorer l&rsquo;acc\u00e8s au logement. Compte tenu de la situation d&rsquo;urgence en mati\u00e8re de logement, elle propose des outils pour r\u00e9duire les expulsions et favoriser l&rsquo;acc\u00e8s au logement.<\/p><\/blockquote>\n<p>Apr\u00e8s la crise immobili\u00e8re de 2008, de nombreuses familles dans diff\u00e9rentes villes du monde ont perdu leur maison en raison de l&rsquo;incapacit\u00e9 \u00e0 payer leur cr\u00e9dit. Des milliers de maisons sont devenues la propri\u00e9t\u00e9 de banques, et les fonds vautours internationaux, tels que Blackstone, ont profit\u00e9 de la situation pour acheter ces m\u00eames maisons, apr\u00e8s expulsions ou d\u00e9fauts de paiement, \u00e0 des prix tr\u00e8s bas. Les banques ne voulaient pas ren\u00e9gocier la dette avec les familles mais \u00e9taient pr\u00eates \u00e0 vendre ces maisons \u00e0 des prix r\u00e9duits aux fonds vautours.<\/p>\n<p>Ce fut un \u00e9pisode terrible pour des centaines de familles qui ont perdu leur maison (selon les donn\u00e9es du Conseil g\u00e9n\u00e9ral du pouvoir judiciaire, il y a eu environ 200.000 expulsions en Espagne entre 2007 et 2013), mais \u00e0 partir de 2013 une nouvelle menace est apparue\u00a0: la hausse des loyers, en particulier dans les grandes villes.<\/p>\n<p>Le ph\u00e9nom\u00e8ne de l&rsquo;augmentation des loyers s&rsquo;est produit dans de nombreuses villes du monde. Cette situation est due en partie \u00e0 l&rsquo;apparition des SIIC \u00e0 partir de 2013 (Soci\u00e9t\u00e9s d&rsquo;Investissement Immobilier Cot\u00e9es), qui acqui\u00e8rent des actifs immobiliers avec des avantages fiscaux importants et les louent ensuite. Ces locations s&rsquo;appuient sur la gentrification qui s&rsquo;est produite dans les grands centres mondiaux, sur les plateformes de location touristique \u00e0 des prix disproportionn\u00e9s, sur la demande accrue de logements locatifs (cons\u00e9quence de la difficult\u00e9 d&rsquo;acheter). Le fait est que les loyers en Espagne ont augment\u00e9 de 50% entre 2013 et 2019. Pendant cette p\u00e9riode, les salaires n&rsquo;ont augment\u00e9 que de 4,2%, ce qui explique l&rsquo;impossibilit\u00e9 pour de nombreuses familles d&rsquo;acc\u00e9der \u00e0 un logement.<\/p>\n<p>Il convient d&rsquo;ajouter qu&rsquo;en Espagne, plus de la moiti\u00e9 des jeunes m\u00e9nages vivent dans des locations, dans la plupart des cas dans le secteur priv\u00e9, car le parc de logements sociaux est pratiquement inexistant.<\/p>\n<p>Diff\u00e9rents collectifs tels que la \u00ab\u00a0Plate-forme des personnes affect\u00e9es par les hypoth\u00e8ques\u00a0\u00bb (PAH) ou le \u00ab\u00a0Syndicat des locataires\u00a0\u00bb d\u00e9noncent depuis des ann\u00e9es le montant abusif des loyers, le drame social des expulsions et la difficult\u00e9 d&rsquo;acc\u00e8s au logement. Finalement, le gouvernement de Catalogne a r\u00e9pondu \u00e0 cette situation en approuvant un d\u00e9cret-loi sur les mesures urgentes pour am\u00e9liorer l&rsquo;acc\u00e8s au logement, un texte qui incorpore des changements substantiels et qui pr\u00e9voit certaines mesures, avec un large soutien social. Il s&rsquo;agit d&rsquo;une proposition l\u00e9gislative qui serait impensable sans l&rsquo;ampleur et la port\u00e9e du mouvement pour le logement en Catalogne.<\/p>\n<p>Le d\u00e9cret propose les mesures suivantes :<\/p>\n<p><strong>R\u00e9soudre les situations d&rsquo;urgence en mati\u00e8re de logement et d&rsquo;expulsions<\/strong><\/p>\n<p>Les grands propri\u00e9taires devront pratiquer des loyers sociaux (inf\u00e9rieurs au prix du march\u00e9) pendant une p\u00e9riode pouvant aller jusqu&rsquo;\u00e0 7 ans, pour les familles qui justifient d&rsquo;une situation de vuln\u00e9rabilit\u00e9 ou d&rsquo;exclusion r\u00e9sidentielle. Cette mesure oblige les grands propri\u00e9taires \u00e0 proposer des locations sociales aux familles qui s&rsquo;av\u00e8rent vuln\u00e9rables avant d&rsquo;intenter une action en justice.<\/p>\n<p><strong>Accro\u00eetre le parc de logements locatifs abordables<\/strong><\/p>\n<p>Mise en place d&rsquo;outils pour mobiliser le parc de b\u00e2timents inachev\u00e9s et ainsi obtenir plus de logements abordables.<\/p>\n<p>Le droit de pr\u00e9emption et de retrait est \u00e9tendu aux conseils municipaux, aux organismes sociaux et \u00e0 la Generalitat, afin qu&rsquo;ils puissent acheter davantage de logements pour \u00e9largir le parc de logements sociaux.<\/p>\n<p>Les nouveaux logements sociaux le seront \u00e0 perp\u00e9tuit\u00e9. En d&rsquo;autres termes, ils ne pourront pas \u00eatre privatis\u00e9s et auront toujours un prix r\u00e9glement\u00e9.<\/p>\n<p>Les promoteurs doivent augmenter le pourcentage de logements sociaux. Pour les municipalit\u00e9s incluses dans les zones de forte demande r\u00e9sidentielle et reconnues, la r\u00e9serve minimale de logements sociaux prot\u00e9g\u00e9s sera de 40 % de la surface en zone urbaine et de 40 % en zone urbaine non consolid\u00e9e.<\/p>\n<p>La moiti\u00e9 de ces r\u00e9serves obligatoires de logements sociaux sera destin\u00e9e \u00e0 la location, l&rsquo;autre moiti\u00e9 pouvant \u00eatre utilis\u00e9e \u00e0 la vente.<\/p>\n<p><strong>Mod\u00e9ration des prix de location dans les r\u00e9sidences priv\u00e9es<\/strong><\/p>\n<p>L&rsquo;Indice de r\u00e9f\u00e9rence des prix de location \u00e9tabli par le gouvernement de la Generalitat doit figurer sur les offres et les contrats de location. La location d&rsquo;appartement pour un montant inf\u00e9rieur permettra aux propri\u00e9taires d&rsquo;acc\u00e9der \u00e0 des aides publiques pour encourager la location.<\/p>\n<p>Pour accro\u00eetre le parc de logements priv\u00e9s en location, libres ou subventionn\u00e9s, le d\u00e9cret-loi pr\u00e9voit des incitations \u00e0 l&rsquo;initiative priv\u00e9e.<\/p>\n<p>Les collectifs pour le droit au logement avertissent que l&rsquo;indice de r\u00e9f\u00e9rence des loyers n&rsquo;est qu&rsquo;indicatif, de sorte que la r\u00e9glementation des loyers est encore en suspens, comme c&rsquo;est le cas dans de nombreux pays europ\u00e9ens. Une loi est n\u00e9cessaire pour r\u00e9glementer les loyers, qui assure la stabilit\u00e9 et pour mettre fin aux expulsions arbitraires et sp\u00e9culatives. Une loi sur la location qui donne la priorit\u00e9 \u00e0 l&rsquo;habitation comme foyer et non comme investissement sp\u00e9culatif.<\/p>\n<p>&nbsp;<\/p>\n<p><em><strong>Traduit de l&rsquo;espagnol par la r\u00e9daction francophone<\/strong><\/em><\/p>\n","protected":false},"excerpt":{"rendered":"<p>Le gouvernement catalan approuve un d\u00e9cret-loi sur les mesures d\u2019urgence pour am\u00e9liorer l&rsquo;acc\u00e8s au logement. Compte tenu de la situation d&rsquo;urgence en mati\u00e8re de logement, elle propose des outils pour r\u00e9duire les expulsions et favoriser l&rsquo;acc\u00e8s au logement. Apr\u00e8s la&hellip;<\/p>\n","protected":false},"author":1102,"featured_media":1002169,"comment_status":"closed","ping_status":"closed","sticky":false,"template":"","format":"standard","meta":{"footnotes":""},"categories":[11386,98,85],"tags":[12298,37152,68914],"class_list":["post-1003706","post","type-post","status-publish","format-standard","has-post-thumbnail","hentry","category-contenu-original","category-droits-de-lhomme","category-europe-fr","tag-barcelone","tag-droit-au-logement","tag-logements-sociaux"],"yoast_head":"<!-- This site is optimized with the Yoast SEO plugin v27.1.1 - https:\/\/yoast.com\/product\/yoast-seo-wordpress\/ -->\n<title>La Catalogne fait des progr\u00e8s dans la lutte pour le droit au logement<\/title>\n<meta name=\"description\" content=\"Apr\u00e8s la crise immobili\u00e8re de 2008, de nombreuses familles dans diff\u00e9rentes villes du monde ont perdu leur maison en raison de l&#039;incapacit\u00e9 \u00e0 payer leur cr\u00e9dit. Des milliers de maisons sont devenues la propri\u00e9t\u00e9 de banques...\" \/>\n<meta name=\"robots\" content=\"index, follow, max-snippet:-1, max-image-preview:large, max-video-preview:-1\" \/>\n<link rel=\"canonical\" href=\"https:\/\/www.pressenza.com\/fr\/2019\/12\/la-catalogne-fait-des-progres-dans-la-lutte-pour-le-droit-au-logement\/\" \/>\n<meta property=\"og:locale\" content=\"fr_FR\" \/>\n<meta property=\"og:type\" content=\"article\" \/>\n<meta property=\"og:title\" content=\"La Catalogne fait des progr\u00e8s dans la lutte pour le droit au logement\" \/>\n<meta property=\"og:description\" content=\"Apr\u00e8s la crise immobili\u00e8re de 2008, de nombreuses familles dans diff\u00e9rentes villes du monde ont perdu leur maison en raison de l&#039;incapacit\u00e9 \u00e0 payer leur cr\u00e9dit. Des milliers de maisons sont devenues la propri\u00e9t\u00e9 de banques...\" \/>\n<meta property=\"og:url\" content=\"https:\/\/www.pressenza.com\/fr\/2019\/12\/la-catalogne-fait-des-progres-dans-la-lutte-pour-le-droit-au-logement\/\" \/>\n<meta property=\"og:site_name\" content=\"Pressenza\" \/>\n<meta property=\"article:publisher\" content=\"https:\/\/www.facebook.com\/PressenzaItalia\" \/>\n<meta property=\"article:published_time\" content=\"2019-12-29T19:38:23+00:00\" \/>\n<meta property=\"og:image\" content=\"https:\/\/www.pressenza.com\/wp-content\/uploads\/2019\/12\/derecho-a-la-vivienda.jpg\" \/>\n\t<meta property=\"og:image:width\" content=\"1260\" \/>\n\t<meta property=\"og:image:height\" content=\"728\" \/>\n\t<meta property=\"og:image:type\" content=\"image\/jpeg\" \/>\n<meta name=\"author\" content=\"Pilar Paricio\" \/>\n<meta name=\"twitter:card\" content=\"summary_large_image\" \/>\n<meta name=\"twitter:creator\" content=\"@PressenzaIPA\" \/>\n<meta name=\"twitter:site\" content=\"@PressenzaIPA\" \/>\n<meta name=\"twitter:label1\" content=\"\u00c9crit par\" \/>\n\t<meta name=\"twitter:data1\" content=\"Pilar Paricio\" \/>\n\t<meta name=\"twitter:label2\" content=\"Dur\u00e9e de lecture estim\u00e9e\" \/>\n\t<meta name=\"twitter:data2\" content=\"4 minutes\" \/>\n<script type=\"application\/ld+json\" class=\"yoast-schema-graph\">{\"@context\":\"https:\/\/schema.org\",\"@graph\":[{\"@type\":\"Article\",\"@id\":\"https:\/\/www.pressenza.com\/fr\/2019\/12\/la-catalogne-fait-des-progres-dans-la-lutte-pour-le-droit-au-logement\/#article\",\"isPartOf\":{\"@id\":\"https:\/\/www.pressenza.com\/fr\/2019\/12\/la-catalogne-fait-des-progres-dans-la-lutte-pour-le-droit-au-logement\/\"},\"author\":{\"name\":\"Pilar Paricio\",\"@id\":\"https:\/\/www.pressenza.com\/fr\/#\/schema\/person\/b38ea2890059fade68f5d3d1713cadfd\"},\"headline\":\"La Catalogne fait des progr\u00e8s dans la lutte pour le droit au logement\",\"datePublished\":\"2019-12-29T19:38:23+00:00\",\"mainEntityOfPage\":{\"@id\":\"https:\/\/www.pressenza.com\/fr\/2019\/12\/la-catalogne-fait-des-progres-dans-la-lutte-pour-le-droit-au-logement\/\"},\"wordCount\":932,\"publisher\":{\"@id\":\"https:\/\/www.pressenza.com\/fr\/#organization\"},\"image\":{\"@id\":\"https:\/\/www.pressenza.com\/fr\/2019\/12\/la-catalogne-fait-des-progres-dans-la-lutte-pour-le-droit-au-logement\/#primaryimage\"},\"thumbnailUrl\":\"https:\/\/www.pressenza.com\/wp-content\/uploads\/2019\/12\/derecho-a-la-vivienda.jpg\",\"keywords\":[\"Barcelone\",\"droit au logement\",\"logements sociaux\"],\"articleSection\":[\"Contenu Original\",\"Droits humains\",\"Europe\"],\"inLanguage\":\"fr-FR\"},{\"@type\":\"WebPage\",\"@id\":\"https:\/\/www.pressenza.com\/fr\/2019\/12\/la-catalogne-fait-des-progres-dans-la-lutte-pour-le-droit-au-logement\/\",\"url\":\"https:\/\/www.pressenza.com\/fr\/2019\/12\/la-catalogne-fait-des-progres-dans-la-lutte-pour-le-droit-au-logement\/\",\"name\":\"La Catalogne fait des progr\u00e8s dans la lutte pour le droit au logement\",\"isPartOf\":{\"@id\":\"https:\/\/www.pressenza.com\/fr\/#website\"},\"primaryImageOfPage\":{\"@id\":\"https:\/\/www.pressenza.com\/fr\/2019\/12\/la-catalogne-fait-des-progres-dans-la-lutte-pour-le-droit-au-logement\/#primaryimage\"},\"image\":{\"@id\":\"https:\/\/www.pressenza.com\/fr\/2019\/12\/la-catalogne-fait-des-progres-dans-la-lutte-pour-le-droit-au-logement\/#primaryimage\"},\"thumbnailUrl\":\"https:\/\/www.pressenza.com\/wp-content\/uploads\/2019\/12\/derecho-a-la-vivienda.jpg\",\"datePublished\":\"2019-12-29T19:38:23+00:00\",\"description\":\"Apr\u00e8s la crise immobili\u00e8re de 2008, de nombreuses familles dans diff\u00e9rentes villes du monde ont perdu leur maison en raison de l'incapacit\u00e9 \u00e0 payer leur cr\u00e9dit. Des milliers de maisons sont devenues la propri\u00e9t\u00e9 de banques...\",\"breadcrumb\":{\"@id\":\"https:\/\/www.pressenza.com\/fr\/2019\/12\/la-catalogne-fait-des-progres-dans-la-lutte-pour-le-droit-au-logement\/#breadcrumb\"},\"inLanguage\":\"fr-FR\",\"potentialAction\":[{\"@type\":\"ReadAction\",\"target\":[\"https:\/\/www.pressenza.com\/fr\/2019\/12\/la-catalogne-fait-des-progres-dans-la-lutte-pour-le-droit-au-logement\/\"]}]},{\"@type\":\"ImageObject\",\"inLanguage\":\"fr-FR\",\"@id\":\"https:\/\/www.pressenza.com\/fr\/2019\/12\/la-catalogne-fait-des-progres-dans-la-lutte-pour-le-droit-au-logement\/#primaryimage\",\"url\":\"https:\/\/www.pressenza.com\/wp-content\/uploads\/2019\/12\/derecho-a-la-vivienda.jpg\",\"contentUrl\":\"https:\/\/www.pressenza.com\/wp-content\/uploads\/2019\/12\/derecho-a-la-vivienda.jpg\",\"width\":1260,\"height\":728},{\"@type\":\"BreadcrumbList\",\"@id\":\"https:\/\/www.pressenza.com\/fr\/2019\/12\/la-catalogne-fait-des-progres-dans-la-lutte-pour-le-droit-au-logement\/#breadcrumb\",\"itemListElement\":[{\"@type\":\"ListItem\",\"position\":1,\"name\":\"Accueil\",\"item\":\"https:\/\/www.pressenza.com\/fr\/\"},{\"@type\":\"ListItem\",\"position\":2,\"name\":\"La Catalogne fait des progr\u00e8s dans la lutte pour le droit au logement\"}]},{\"@type\":\"WebSite\",\"@id\":\"https:\/\/www.pressenza.com\/fr\/#website\",\"url\":\"https:\/\/www.pressenza.com\/fr\/\",\"name\":\"Pressenza\",\"description\":\"International Press Agency\",\"publisher\":{\"@id\":\"https:\/\/www.pressenza.com\/fr\/#organization\"},\"potentialAction\":[{\"@type\":\"SearchAction\",\"target\":{\"@type\":\"EntryPoint\",\"urlTemplate\":\"https:\/\/www.pressenza.com\/fr\/?s={search_term_string}\"},\"query-input\":{\"@type\":\"PropertyValueSpecification\",\"valueRequired\":true,\"valueName\":\"search_term_string\"}}],\"inLanguage\":\"fr-FR\"},{\"@type\":\"Organization\",\"@id\":\"https:\/\/www.pressenza.com\/fr\/#organization\",\"name\":\"Pressenza\",\"url\":\"https:\/\/www.pressenza.com\/fr\/\",\"logo\":{\"@type\":\"ImageObject\",\"inLanguage\":\"fr-FR\",\"@id\":\"https:\/\/www.pressenza.com\/fr\/#\/schema\/logo\/image\/\",\"url\":\"https:\/\/www.pressenza.com\/wp-content\/uploads\/2022\/10\/pressenza_logo_200x200.jpg\",\"contentUrl\":\"https:\/\/www.pressenza.com\/wp-content\/uploads\/2022\/10\/pressenza_logo_200x200.jpg\",\"width\":200,\"height\":200,\"caption\":\"Pressenza\"},\"image\":{\"@id\":\"https:\/\/www.pressenza.com\/fr\/#\/schema\/logo\/image\/\"},\"sameAs\":[\"https:\/\/www.facebook.com\/PressenzaItalia\",\"https:\/\/x.com\/PressenzaIPA\"]},{\"@type\":\"Person\",\"@id\":\"https:\/\/www.pressenza.com\/fr\/#\/schema\/person\/b38ea2890059fade68f5d3d1713cadfd\",\"name\":\"Pilar Paricio\",\"description\":\"Barcelona. Arquitecta, especializada en planificaci\u00f3n urbana. Trabaja por el avance de la poblaci\u00f3n en derechos b\u00e1sicos como el derecho a la vivienda y el derecho a la ciudad. Involucrada con el cambio social y personal, participa en el Nuevo Humanismo.\",\"url\":\"https:\/\/www.pressenza.com\/fr\/author\/pilar-paricio\/\"}]}<\/script>\n<!-- \/ Yoast SEO plugin. -->","yoast_head_json":{"title":"La Catalogne fait des progr\u00e8s dans la lutte pour le droit au logement","description":"Apr\u00e8s la crise immobili\u00e8re de 2008, de nombreuses familles dans diff\u00e9rentes villes du monde ont perdu leur maison en raison de l'incapacit\u00e9 \u00e0 payer leur cr\u00e9dit. Des milliers de maisons sont devenues la propri\u00e9t\u00e9 de banques...","robots":{"index":"index","follow":"follow","max-snippet":"max-snippet:-1","max-image-preview":"max-image-preview:large","max-video-preview":"max-video-preview:-1"},"canonical":"https:\/\/www.pressenza.com\/fr\/2019\/12\/la-catalogne-fait-des-progres-dans-la-lutte-pour-le-droit-au-logement\/","og_locale":"fr_FR","og_type":"article","og_title":"La Catalogne fait des progr\u00e8s dans la lutte pour le droit au logement","og_description":"Apr\u00e8s la crise immobili\u00e8re de 2008, de nombreuses familles dans diff\u00e9rentes villes du monde ont perdu leur maison en raison de l'incapacit\u00e9 \u00e0 payer leur cr\u00e9dit. Des milliers de maisons sont devenues la propri\u00e9t\u00e9 de banques...","og_url":"https:\/\/www.pressenza.com\/fr\/2019\/12\/la-catalogne-fait-des-progres-dans-la-lutte-pour-le-droit-au-logement\/","og_site_name":"Pressenza","article_publisher":"https:\/\/www.facebook.com\/PressenzaItalia","article_published_time":"2019-12-29T19:38:23+00:00","og_image":[{"width":1260,"height":728,"url":"https:\/\/www.pressenza.com\/wp-content\/uploads\/2019\/12\/derecho-a-la-vivienda.jpg","type":"image\/jpeg"}],"author":"Pilar Paricio","twitter_card":"summary_large_image","twitter_creator":"@PressenzaIPA","twitter_site":"@PressenzaIPA","twitter_misc":{"\u00c9crit par":"Pilar Paricio","Dur\u00e9e de lecture estim\u00e9e":"4 minutes"},"schema":{"@context":"https:\/\/schema.org","@graph":[{"@type":"Article","@id":"https:\/\/www.pressenza.com\/fr\/2019\/12\/la-catalogne-fait-des-progres-dans-la-lutte-pour-le-droit-au-logement\/#article","isPartOf":{"@id":"https:\/\/www.pressenza.com\/fr\/2019\/12\/la-catalogne-fait-des-progres-dans-la-lutte-pour-le-droit-au-logement\/"},"author":{"name":"Pilar Paricio","@id":"https:\/\/www.pressenza.com\/fr\/#\/schema\/person\/b38ea2890059fade68f5d3d1713cadfd"},"headline":"La Catalogne fait des progr\u00e8s dans la lutte pour le droit au logement","datePublished":"2019-12-29T19:38:23+00:00","mainEntityOfPage":{"@id":"https:\/\/www.pressenza.com\/fr\/2019\/12\/la-catalogne-fait-des-progres-dans-la-lutte-pour-le-droit-au-logement\/"},"wordCount":932,"publisher":{"@id":"https:\/\/www.pressenza.com\/fr\/#organization"},"image":{"@id":"https:\/\/www.pressenza.com\/fr\/2019\/12\/la-catalogne-fait-des-progres-dans-la-lutte-pour-le-droit-au-logement\/#primaryimage"},"thumbnailUrl":"https:\/\/www.pressenza.com\/wp-content\/uploads\/2019\/12\/derecho-a-la-vivienda.jpg","keywords":["Barcelone","droit au logement","logements sociaux"],"articleSection":["Contenu Original","Droits humains","Europe"],"inLanguage":"fr-FR"},{"@type":"WebPage","@id":"https:\/\/www.pressenza.com\/fr\/2019\/12\/la-catalogne-fait-des-progres-dans-la-lutte-pour-le-droit-au-logement\/","url":"https:\/\/www.pressenza.com\/fr\/2019\/12\/la-catalogne-fait-des-progres-dans-la-lutte-pour-le-droit-au-logement\/","name":"La Catalogne fait des progr\u00e8s dans la lutte pour le droit au logement","isPartOf":{"@id":"https:\/\/www.pressenza.com\/fr\/#website"},"primaryImageOfPage":{"@id":"https:\/\/www.pressenza.com\/fr\/2019\/12\/la-catalogne-fait-des-progres-dans-la-lutte-pour-le-droit-au-logement\/#primaryimage"},"image":{"@id":"https:\/\/www.pressenza.com\/fr\/2019\/12\/la-catalogne-fait-des-progres-dans-la-lutte-pour-le-droit-au-logement\/#primaryimage"},"thumbnailUrl":"https:\/\/www.pressenza.com\/wp-content\/uploads\/2019\/12\/derecho-a-la-vivienda.jpg","datePublished":"2019-12-29T19:38:23+00:00","description":"Apr\u00e8s la crise immobili\u00e8re de 2008, de nombreuses familles dans diff\u00e9rentes villes du monde ont perdu leur maison en raison de l'incapacit\u00e9 \u00e0 payer leur cr\u00e9dit. Des milliers de maisons sont devenues la propri\u00e9t\u00e9 de banques...","breadcrumb":{"@id":"https:\/\/www.pressenza.com\/fr\/2019\/12\/la-catalogne-fait-des-progres-dans-la-lutte-pour-le-droit-au-logement\/#breadcrumb"},"inLanguage":"fr-FR","potentialAction":[{"@type":"ReadAction","target":["https:\/\/www.pressenza.com\/fr\/2019\/12\/la-catalogne-fait-des-progres-dans-la-lutte-pour-le-droit-au-logement\/"]}]},{"@type":"ImageObject","inLanguage":"fr-FR","@id":"https:\/\/www.pressenza.com\/fr\/2019\/12\/la-catalogne-fait-des-progres-dans-la-lutte-pour-le-droit-au-logement\/#primaryimage","url":"https:\/\/www.pressenza.com\/wp-content\/uploads\/2019\/12\/derecho-a-la-vivienda.jpg","contentUrl":"https:\/\/www.pressenza.com\/wp-content\/uploads\/2019\/12\/derecho-a-la-vivienda.jpg","width":1260,"height":728},{"@type":"BreadcrumbList","@id":"https:\/\/www.pressenza.com\/fr\/2019\/12\/la-catalogne-fait-des-progres-dans-la-lutte-pour-le-droit-au-logement\/#breadcrumb","itemListElement":[{"@type":"ListItem","position":1,"name":"Accueil","item":"https:\/\/www.pressenza.com\/fr\/"},{"@type":"ListItem","position":2,"name":"La Catalogne fait des progr\u00e8s dans la lutte pour le droit au logement"}]},{"@type":"WebSite","@id":"https:\/\/www.pressenza.com\/fr\/#website","url":"https:\/\/www.pressenza.com\/fr\/","name":"Pressenza","description":"International Press Agency","publisher":{"@id":"https:\/\/www.pressenza.com\/fr\/#organization"},"potentialAction":[{"@type":"SearchAction","target":{"@type":"EntryPoint","urlTemplate":"https:\/\/www.pressenza.com\/fr\/?s={search_term_string}"},"query-input":{"@type":"PropertyValueSpecification","valueRequired":true,"valueName":"search_term_string"}}],"inLanguage":"fr-FR"},{"@type":"Organization","@id":"https:\/\/www.pressenza.com\/fr\/#organization","name":"Pressenza","url":"https:\/\/www.pressenza.com\/fr\/","logo":{"@type":"ImageObject","inLanguage":"fr-FR","@id":"https:\/\/www.pressenza.com\/fr\/#\/schema\/logo\/image\/","url":"https:\/\/www.pressenza.com\/wp-content\/uploads\/2022\/10\/pressenza_logo_200x200.jpg","contentUrl":"https:\/\/www.pressenza.com\/wp-content\/uploads\/2022\/10\/pressenza_logo_200x200.jpg","width":200,"height":200,"caption":"Pressenza"},"image":{"@id":"https:\/\/www.pressenza.com\/fr\/#\/schema\/logo\/image\/"},"sameAs":["https:\/\/www.facebook.com\/PressenzaItalia","https:\/\/x.com\/PressenzaIPA"]},{"@type":"Person","@id":"https:\/\/www.pressenza.com\/fr\/#\/schema\/person\/b38ea2890059fade68f5d3d1713cadfd","name":"Pilar Paricio","description":"Barcelona. Arquitecta, especializada en planificaci\u00f3n urbana. Trabaja por el avance de la poblaci\u00f3n en derechos b\u00e1sicos como el derecho a la vivienda y el derecho a la ciudad. Involucrada con el cambio social y personal, participa en el Nuevo Humanismo.","url":"https:\/\/www.pressenza.com\/fr\/author\/pilar-paricio\/"}]}},"place":"","original_article_url":"","_links":{"self":[{"href":"https:\/\/www.pressenza.com\/fr\/wp-json\/wp\/v2\/posts\/1003706","targetHints":{"allow":["GET"]}}],"collection":[{"href":"https:\/\/www.pressenza.com\/fr\/wp-json\/wp\/v2\/posts"}],"about":[{"href":"https:\/\/www.pressenza.com\/fr\/wp-json\/wp\/v2\/types\/post"}],"author":[{"embeddable":true,"href":"https:\/\/www.pressenza.com\/fr\/wp-json\/wp\/v2\/users\/1102"}],"replies":[{"embeddable":true,"href":"https:\/\/www.pressenza.com\/fr\/wp-json\/wp\/v2\/comments?post=1003706"}],"version-history":[{"count":0,"href":"https:\/\/www.pressenza.com\/fr\/wp-json\/wp\/v2\/posts\/1003706\/revisions"}],"wp:featuredmedia":[{"embeddable":true,"href":"https:\/\/www.pressenza.com\/fr\/wp-json\/wp\/v2\/media\/1002169"}],"wp:attachment":[{"href":"https:\/\/www.pressenza.com\/fr\/wp-json\/wp\/v2\/media?parent=1003706"}],"wp:term":[{"taxonomy":"category","embeddable":true,"href":"https:\/\/www.pressenza.com\/fr\/wp-json\/wp\/v2\/categories?post=1003706"},{"taxonomy":"post_tag","embeddable":true,"href":"https:\/\/www.pressenza.com\/fr\/wp-json\/wp\/v2\/tags?post=1003706"}],"curies":[{"name":"wp","href":"https:\/\/api.w.org\/{rel}","templated":true}]}}