{"id":1000491,"date":"2019-12-21T22:13:19","date_gmt":"2019-12-21T22:13:19","guid":{"rendered":"https:\/\/www.pressenza.com\/?p=1000491"},"modified":"2019-12-21T22:13:19","modified_gmt":"2019-12-21T22:13:19","slug":"le-sens-du-non-sens-mini-serie-de-causeries-de-dario-ergas","status":"publish","type":"post","link":"https:\/\/www.pressenza.com\/fr\/2019\/12\/le-sens-du-non-sens-mini-serie-de-causeries-de-dario-ergas\/","title":{"rendered":"\u00ab\u00a0Le sens du non-sens\u00a0\u00bb : mini-s\u00e9rie de causeries de Dario Ergas"},"content":{"rendered":"<p>Nous publions les vid\u00e9os de quatre interventions qui constituent une mini-s\u00e9rie de th\u00e8mes d\u00e9velopp\u00e9s par Dario Ergas et bas\u00e9s sur son livre \u00ab <a href=\"https:\/\/www.editions-references.com\/regard.html\">Le Sens du Non-sens<\/a> \u00bb. Les vid\u00e9os sont produites par Ana L&rsquo;Homme, des Parcs d&rsquo;\u00c9tude et de R\u00e9flexion de Punta de Vacas, en Argentine, et traitent les th\u00e9matiques suivantes : sur l&rsquo;\u00e9chec ; sur le \u00ab\u00a0moi\u00a0\u00bb et l&rsquo;identit\u00e9 ; qu&rsquo;en est-il de la mort ? ; sur l&rsquo;unit\u00e9 et la contradiction.<\/p>\n<p>&nbsp;<\/p>\n<p><em>Les vid\u00e9os ont \u00e9t\u00e9 enregistr\u00e9es en espagnol et traduites au fran\u00e7ais. Le sous-titrage en fran\u00e7ais y a \u00e9t\u00e9 int\u00e9gr\u00e9 et appara\u00eet automatiquement. <\/em><\/p>\n<p><em>Si les sous-titres en fran\u00e7ais n&rsquo;apparaissent pas d\u00e8s le d\u00e9but de la vid\u00e9o :\u00a0<strong>1.<\/strong>\u00a0Cliquez sur l\u2019ic\u00f4ne\u00a0<strong>Sous-titres\u00a0<\/strong>(rectangle blanc en bas a droite de la fen\u00eatre du lecteur vid\u00e9o<\/em><em>).\u00a0 \u00a0<strong>2.<\/strong>\u00a0<\/em><em>Cliquez sur l\u2019ic\u00f4ne\u00a0<strong>Param\u00e8tres\u00a0<\/strong>(roue dent\u00e9e\u00a0en bas \u00e0 droite<\/em><em>), puis cliquez\u00a0<\/em><em>successivement sur\u00a0<strong>Sous-titres<\/strong>, puis sur\u00a0<strong>Traduire automatiquement<\/strong>.\u00a0\u00a0\u00a0\u00a0<strong>3.<\/strong>\u00a0Dans la fen\u00eatre qui s\u2019ouvre, faites d\u00e9filer la liste des langues et cliquer sur\u00a0<strong>Fran\u00e7ais<\/strong>.<\/em><\/p>\n<h3><strong>Sur l&rsquo;\u00e9chec<br \/>\n<\/strong><\/h3>\n<p><iframe loading=\"lazy\" title=\"2019 Sentido del Sinsentido: sobre el Fracaso. Dario Ergas\" width=\"500\" height=\"281\" src=\"https:\/\/www.youtube.com\/embed\/IijB15gSBnc?feature=oembed\" frameborder=\"0\" allow=\"accelerometer; autoplay; clipboard-write; encrypted-media; gyroscope; picture-in-picture; web-share\" referrerpolicy=\"strict-origin-when-cross-origin\" allowfullscreen><\/iframe><\/p>\n<p>&nbsp;<\/p>\n<h3><strong>Sur le \u00ab\u00a0moi\u00a0\u00bb et l&rsquo;identit\u00e9<\/strong><\/h3>\n<p><iframe loading=\"lazy\" title=\"2019 Sentido del Sinsentido: sobre el &quot;Yo&quot;. Dario Ergas\" width=\"500\" height=\"281\" src=\"https:\/\/www.youtube.com\/embed\/ee8NetHDAPk?feature=oembed\" frameborder=\"0\" allow=\"accelerometer; autoplay; clipboard-write; encrypted-media; gyroscope; picture-in-picture; web-share\" referrerpolicy=\"strict-origin-when-cross-origin\" allowfullscreen><\/iframe><\/p>\n<p>&nbsp;<\/p>\n<h3><strong>Qu&rsquo;en est-il de la mort ?<\/strong><\/h3>\n<p><iframe loading=\"lazy\" title=\"2019 Sentido del Sinsentido: Que pasa con la muerte. Dario Ergas\" width=\"500\" height=\"281\" src=\"https:\/\/www.youtube.com\/embed\/GSpFJVbCIII?feature=oembed\" frameborder=\"0\" allow=\"accelerometer; autoplay; clipboard-write; encrypted-media; gyroscope; picture-in-picture; web-share\" referrerpolicy=\"strict-origin-when-cross-origin\" allowfullscreen><\/iframe><\/p>\n<p>&nbsp;<\/p>\n<h3><strong>Sur l&rsquo;unit\u00e9 et la contradiction<\/strong><\/h3>\n<p><iframe loading=\"lazy\" title=\"2019 Sentido del Sinsentido: sobre unidad y contradiccion. Dario Ergas\" width=\"500\" height=\"281\" src=\"https:\/\/www.youtube.com\/embed\/EpYy5b-yF0A?feature=oembed\" frameborder=\"0\" allow=\"accelerometer; autoplay; clipboard-write; encrypted-media; gyroscope; picture-in-picture; web-share\" referrerpolicy=\"strict-origin-when-cross-origin\" allowfullscreen><\/iframe><\/p>\n<p>&nbsp;<\/p>\n<p><em>Traduction vid\u00e9os : Claudie Baudoin<\/em><\/p>\n","protected":false},"excerpt":{"rendered":"<p>Nous publions les vid\u00e9os de quatre interventions qui constituent une mini-s\u00e9rie de th\u00e8mes d\u00e9velopp\u00e9s par Dario Ergas et bas\u00e9s sur son livre \u00ab Le Sens du Non-sens \u00bb. Les vid\u00e9os sont produites par Ana L&rsquo;Homme, des Parcs d&rsquo;\u00c9tude et de&hellip;<\/p>\n","protected":false},"author":43,"featured_media":995130,"comment_status":"closed","ping_status":"closed","sticky":false,"template":"","format":"standard","meta":{"footnotes":""},"categories":[86,11386,1246,163,27989],"tags":[68638,68637],"class_list":["post-1000491","post","type-post","status-publish","format-standard","has-post-thumbnail","hentry","category-amerique-du-sud","category-contenu-original","category-humanisme-spiritualite","category-opinion-fr","category-video-fr","tag-dario-ergas-fr","tag-le-sens-du-non-sens"],"yoast_head":"<!-- This site is optimized with the Yoast SEO plugin v27.1.1 - https:\/\/yoast.com\/product\/yoast-seo-wordpress\/ -->\n<title>&quot;Le sens du non-sens&quot; : mini-s\u00e9rie de causeries de Dario Ergas<\/title>\n<meta name=\"description\" content=\"Nous publions les vid\u00e9os de quatre interventions qui constituent une mini-s\u00e9rie de th\u00e8mes d\u00e9velopp\u00e9s par Dario Ergas et bas\u00e9s sur son livre \u00ab Le Sens du\" \/>\n<meta name=\"robots\" content=\"index, follow, max-snippet:-1, max-image-preview:large, max-video-preview:-1\" \/>\n<link rel=\"canonical\" href=\"https:\/\/www.pressenza.com\/fr\/2019\/12\/le-sens-du-non-sens-mini-serie-de-causeries-de-dario-ergas\/\" \/>\n<meta property=\"og:locale\" content=\"fr_FR\" \/>\n<meta property=\"og:type\" content=\"article\" \/>\n<meta property=\"og:title\" content=\"&quot;Le sens du non-sens&quot; : mini-s\u00e9rie de causeries de Dario Ergas\" \/>\n<meta property=\"og:description\" content=\"Nous publions les vid\u00e9os de quatre interventions qui constituent une mini-s\u00e9rie de th\u00e8mes d\u00e9velopp\u00e9s par Dario Ergas et bas\u00e9s sur son livre \u00ab Le Sens du\" \/>\n<meta property=\"og:url\" content=\"https:\/\/www.pressenza.com\/fr\/2019\/12\/le-sens-du-non-sens-mini-serie-de-causeries-de-dario-ergas\/\" \/>\n<meta property=\"og:site_name\" content=\"Pressenza\" \/>\n<meta property=\"article:publisher\" content=\"https:\/\/www.facebook.com\/PressenzaItalia\" \/>\n<meta property=\"article:author\" content=\"https:\/\/www.facebook.com\/pressenza\" \/>\n<meta property=\"article:published_time\" content=\"2019-12-21T22:13:19+00:00\" \/>\n<meta property=\"og:image\" content=\"https:\/\/www.pressenza.com\/wp-content\/uploads\/2019\/12\/Dario.jpg\" \/>\n\t<meta property=\"og:image:width\" content=\"1280\" \/>\n\t<meta property=\"og:image:height\" content=\"720\" \/>\n\t<meta property=\"og:image:type\" content=\"image\/jpeg\" \/>\n<meta name=\"author\" content=\"Redacci\u00f3n Chile\" \/>\n<meta name=\"twitter:card\" content=\"summary_large_image\" \/>\n<meta name=\"twitter:creator\" content=\"@pressenza\" \/>\n<meta name=\"twitter:site\" content=\"@PressenzaIPA\" \/>\n<meta name=\"twitter:label1\" content=\"\u00c9crit par\" \/>\n\t<meta name=\"twitter:data1\" content=\"Redacci\u00f3n Chile\" \/>\n\t<meta name=\"twitter:label2\" content=\"Dur\u00e9e de lecture estim\u00e9e\" \/>\n\t<meta name=\"twitter:data2\" content=\"1 minute\" \/>\n<script type=\"application\/ld+json\" class=\"yoast-schema-graph\">{\"@context\":\"https:\/\/schema.org\",\"@graph\":[{\"@type\":\"Article\",\"@id\":\"https:\/\/www.pressenza.com\/fr\/2019\/12\/le-sens-du-non-sens-mini-serie-de-causeries-de-dario-ergas\/#article\",\"isPartOf\":{\"@id\":\"https:\/\/www.pressenza.com\/fr\/2019\/12\/le-sens-du-non-sens-mini-serie-de-causeries-de-dario-ergas\/\"},\"author\":{\"name\":\"Redacci\u00f3n Chile\",\"@id\":\"https:\/\/www.pressenza.com\/fr\/#\/schema\/person\/d7db40df35d6698ba69ba9ee260944ed\"},\"headline\":\"\u00ab\u00a0Le sens du non-sens\u00a0\u00bb : mini-s\u00e9rie de causeries de Dario Ergas\",\"datePublished\":\"2019-12-21T22:13:19+00:00\",\"mainEntityOfPage\":{\"@id\":\"https:\/\/www.pressenza.com\/fr\/2019\/12\/le-sens-du-non-sens-mini-serie-de-causeries-de-dario-ergas\/\"},\"wordCount\":251,\"publisher\":{\"@id\":\"https:\/\/www.pressenza.com\/fr\/#organization\"},\"image\":{\"@id\":\"https:\/\/www.pressenza.com\/fr\/2019\/12\/le-sens-du-non-sens-mini-serie-de-causeries-de-dario-ergas\/#primaryimage\"},\"thumbnailUrl\":\"https:\/\/www.pressenza.com\/wp-content\/uploads\/2019\/12\/Dario.jpg\",\"keywords\":[\"Dario Ergas\",\"le sens du Non-sens\"],\"articleSection\":[\"Am\u00e9rique du Sud\",\"Contenu Original\",\"Humanisme et Spiritualit\u00e9\",\"Opinion\",\"Video\"],\"inLanguage\":\"fr-FR\"},{\"@type\":\"WebPage\",\"@id\":\"https:\/\/www.pressenza.com\/fr\/2019\/12\/le-sens-du-non-sens-mini-serie-de-causeries-de-dario-ergas\/\",\"url\":\"https:\/\/www.pressenza.com\/fr\/2019\/12\/le-sens-du-non-sens-mini-serie-de-causeries-de-dario-ergas\/\",\"name\":\"\\\"Le sens du non-sens\\\" : mini-s\u00e9rie de causeries de Dario Ergas\",\"isPartOf\":{\"@id\":\"https:\/\/www.pressenza.com\/fr\/#website\"},\"primaryImageOfPage\":{\"@id\":\"https:\/\/www.pressenza.com\/fr\/2019\/12\/le-sens-du-non-sens-mini-serie-de-causeries-de-dario-ergas\/#primaryimage\"},\"image\":{\"@id\":\"https:\/\/www.pressenza.com\/fr\/2019\/12\/le-sens-du-non-sens-mini-serie-de-causeries-de-dario-ergas\/#primaryimage\"},\"thumbnailUrl\":\"https:\/\/www.pressenza.com\/wp-content\/uploads\/2019\/12\/Dario.jpg\",\"datePublished\":\"2019-12-21T22:13:19+00:00\",\"description\":\"Nous publions les vid\u00e9os de quatre interventions qui constituent une mini-s\u00e9rie de th\u00e8mes d\u00e9velopp\u00e9s par Dario Ergas et bas\u00e9s sur son livre \u00ab Le Sens du\",\"breadcrumb\":{\"@id\":\"https:\/\/www.pressenza.com\/fr\/2019\/12\/le-sens-du-non-sens-mini-serie-de-causeries-de-dario-ergas\/#breadcrumb\"},\"inLanguage\":\"fr-FR\",\"potentialAction\":[{\"@type\":\"ReadAction\",\"target\":[\"https:\/\/www.pressenza.com\/fr\/2019\/12\/le-sens-du-non-sens-mini-serie-de-causeries-de-dario-ergas\/\"]}]},{\"@type\":\"ImageObject\",\"inLanguage\":\"fr-FR\",\"@id\":\"https:\/\/www.pressenza.com\/fr\/2019\/12\/le-sens-du-non-sens-mini-serie-de-causeries-de-dario-ergas\/#primaryimage\",\"url\":\"https:\/\/www.pressenza.com\/wp-content\/uploads\/2019\/12\/Dario.jpg\",\"contentUrl\":\"https:\/\/www.pressenza.com\/wp-content\/uploads\/2019\/12\/Dario.jpg\",\"width\":1280,\"height\":720,\"caption\":\"\u00ab Le sens du non-sens \u00bb : mini-s\u00e9rie de conf\u00e9rences de Dario Ergas\"},{\"@type\":\"BreadcrumbList\",\"@id\":\"https:\/\/www.pressenza.com\/fr\/2019\/12\/le-sens-du-non-sens-mini-serie-de-causeries-de-dario-ergas\/#breadcrumb\",\"itemListElement\":[{\"@type\":\"ListItem\",\"position\":1,\"name\":\"Accueil\",\"item\":\"https:\/\/www.pressenza.com\/fr\/\"},{\"@type\":\"ListItem\",\"position\":2,\"name\":\"\u00ab\u00a0Le sens du non-sens\u00a0\u00bb : mini-s\u00e9rie de causeries de Dario Ergas\"}]},{\"@type\":\"WebSite\",\"@id\":\"https:\/\/www.pressenza.com\/fr\/#website\",\"url\":\"https:\/\/www.pressenza.com\/fr\/\",\"name\":\"Pressenza\",\"description\":\"International Press Agency\",\"publisher\":{\"@id\":\"https:\/\/www.pressenza.com\/fr\/#organization\"},\"potentialAction\":[{\"@type\":\"SearchAction\",\"target\":{\"@type\":\"EntryPoint\",\"urlTemplate\":\"https:\/\/www.pressenza.com\/fr\/?s={search_term_string}\"},\"query-input\":{\"@type\":\"PropertyValueSpecification\",\"valueRequired\":true,\"valueName\":\"search_term_string\"}}],\"inLanguage\":\"fr-FR\"},{\"@type\":\"Organization\",\"@id\":\"https:\/\/www.pressenza.com\/fr\/#organization\",\"name\":\"Pressenza\",\"url\":\"https:\/\/www.pressenza.com\/fr\/\",\"logo\":{\"@type\":\"ImageObject\",\"inLanguage\":\"fr-FR\",\"@id\":\"https:\/\/www.pressenza.com\/fr\/#\/schema\/logo\/image\/\",\"url\":\"https:\/\/www.pressenza.com\/wp-content\/uploads\/2022\/10\/pressenza_logo_200x200.jpg\",\"contentUrl\":\"https:\/\/www.pressenza.com\/wp-content\/uploads\/2022\/10\/pressenza_logo_200x200.jpg\",\"width\":200,\"height\":200,\"caption\":\"Pressenza\"},\"image\":{\"@id\":\"https:\/\/www.pressenza.com\/fr\/#\/schema\/logo\/image\/\"},\"sameAs\":[\"https:\/\/www.facebook.com\/PressenzaItalia\",\"https:\/\/x.com\/PressenzaIPA\"]},{\"@type\":\"Person\",\"@id\":\"https:\/\/www.pressenza.com\/fr\/#\/schema\/person\/d7db40df35d6698ba69ba9ee260944ed\",\"name\":\"Redacci\u00f3n Chile\",\"description\":\"News from the Pressenza Bureau in Chile\",\"sameAs\":[\"https:\/\/www.facebook.com\/pressenza\",\"https:\/\/x.com\/pressenza\"],\"url\":\"https:\/\/www.pressenza.com\/fr\/author\/redaccion-chile\/\"}]}<\/script>\n<!-- \/ Yoast SEO plugin. -->","yoast_head_json":{"title":"\"Le sens du non-sens\" : mini-s\u00e9rie de causeries de Dario Ergas","description":"Nous publions les vid\u00e9os de quatre interventions qui constituent une mini-s\u00e9rie de th\u00e8mes d\u00e9velopp\u00e9s par Dario Ergas et bas\u00e9s sur son livre \u00ab Le Sens du","robots":{"index":"index","follow":"follow","max-snippet":"max-snippet:-1","max-image-preview":"max-image-preview:large","max-video-preview":"max-video-preview:-1"},"canonical":"https:\/\/www.pressenza.com\/fr\/2019\/12\/le-sens-du-non-sens-mini-serie-de-causeries-de-dario-ergas\/","og_locale":"fr_FR","og_type":"article","og_title":"\"Le sens du non-sens\" : mini-s\u00e9rie de causeries de Dario Ergas","og_description":"Nous publions les vid\u00e9os de quatre interventions qui constituent une mini-s\u00e9rie de th\u00e8mes d\u00e9velopp\u00e9s par Dario Ergas et bas\u00e9s sur son livre \u00ab Le Sens du","og_url":"https:\/\/www.pressenza.com\/fr\/2019\/12\/le-sens-du-non-sens-mini-serie-de-causeries-de-dario-ergas\/","og_site_name":"Pressenza","article_publisher":"https:\/\/www.facebook.com\/PressenzaItalia","article_author":"https:\/\/www.facebook.com\/pressenza","article_published_time":"2019-12-21T22:13:19+00:00","og_image":[{"width":1280,"height":720,"url":"https:\/\/www.pressenza.com\/wp-content\/uploads\/2019\/12\/Dario.jpg","type":"image\/jpeg"}],"author":"Redacci\u00f3n Chile","twitter_card":"summary_large_image","twitter_creator":"@pressenza","twitter_site":"@PressenzaIPA","twitter_misc":{"\u00c9crit par":"Redacci\u00f3n Chile","Dur\u00e9e de lecture estim\u00e9e":"1 minute"},"schema":{"@context":"https:\/\/schema.org","@graph":[{"@type":"Article","@id":"https:\/\/www.pressenza.com\/fr\/2019\/12\/le-sens-du-non-sens-mini-serie-de-causeries-de-dario-ergas\/#article","isPartOf":{"@id":"https:\/\/www.pressenza.com\/fr\/2019\/12\/le-sens-du-non-sens-mini-serie-de-causeries-de-dario-ergas\/"},"author":{"name":"Redacci\u00f3n Chile","@id":"https:\/\/www.pressenza.com\/fr\/#\/schema\/person\/d7db40df35d6698ba69ba9ee260944ed"},"headline":"\u00ab\u00a0Le sens du non-sens\u00a0\u00bb : mini-s\u00e9rie de causeries de Dario Ergas","datePublished":"2019-12-21T22:13:19+00:00","mainEntityOfPage":{"@id":"https:\/\/www.pressenza.com\/fr\/2019\/12\/le-sens-du-non-sens-mini-serie-de-causeries-de-dario-ergas\/"},"wordCount":251,"publisher":{"@id":"https:\/\/www.pressenza.com\/fr\/#organization"},"image":{"@id":"https:\/\/www.pressenza.com\/fr\/2019\/12\/le-sens-du-non-sens-mini-serie-de-causeries-de-dario-ergas\/#primaryimage"},"thumbnailUrl":"https:\/\/www.pressenza.com\/wp-content\/uploads\/2019\/12\/Dario.jpg","keywords":["Dario Ergas","le sens du Non-sens"],"articleSection":["Am\u00e9rique du Sud","Contenu Original","Humanisme et Spiritualit\u00e9","Opinion","Video"],"inLanguage":"fr-FR"},{"@type":"WebPage","@id":"https:\/\/www.pressenza.com\/fr\/2019\/12\/le-sens-du-non-sens-mini-serie-de-causeries-de-dario-ergas\/","url":"https:\/\/www.pressenza.com\/fr\/2019\/12\/le-sens-du-non-sens-mini-serie-de-causeries-de-dario-ergas\/","name":"\"Le sens du non-sens\" : mini-s\u00e9rie de causeries de Dario Ergas","isPartOf":{"@id":"https:\/\/www.pressenza.com\/fr\/#website"},"primaryImageOfPage":{"@id":"https:\/\/www.pressenza.com\/fr\/2019\/12\/le-sens-du-non-sens-mini-serie-de-causeries-de-dario-ergas\/#primaryimage"},"image":{"@id":"https:\/\/www.pressenza.com\/fr\/2019\/12\/le-sens-du-non-sens-mini-serie-de-causeries-de-dario-ergas\/#primaryimage"},"thumbnailUrl":"https:\/\/www.pressenza.com\/wp-content\/uploads\/2019\/12\/Dario.jpg","datePublished":"2019-12-21T22:13:19+00:00","description":"Nous publions les vid\u00e9os de quatre interventions qui constituent une mini-s\u00e9rie de th\u00e8mes d\u00e9velopp\u00e9s par Dario Ergas et bas\u00e9s sur son livre \u00ab Le Sens du","breadcrumb":{"@id":"https:\/\/www.pressenza.com\/fr\/2019\/12\/le-sens-du-non-sens-mini-serie-de-causeries-de-dario-ergas\/#breadcrumb"},"inLanguage":"fr-FR","potentialAction":[{"@type":"ReadAction","target":["https:\/\/www.pressenza.com\/fr\/2019\/12\/le-sens-du-non-sens-mini-serie-de-causeries-de-dario-ergas\/"]}]},{"@type":"ImageObject","inLanguage":"fr-FR","@id":"https:\/\/www.pressenza.com\/fr\/2019\/12\/le-sens-du-non-sens-mini-serie-de-causeries-de-dario-ergas\/#primaryimage","url":"https:\/\/www.pressenza.com\/wp-content\/uploads\/2019\/12\/Dario.jpg","contentUrl":"https:\/\/www.pressenza.com\/wp-content\/uploads\/2019\/12\/Dario.jpg","width":1280,"height":720,"caption":"\u00ab Le sens du non-sens \u00bb : mini-s\u00e9rie de conf\u00e9rences de Dario Ergas"},{"@type":"BreadcrumbList","@id":"https:\/\/www.pressenza.com\/fr\/2019\/12\/le-sens-du-non-sens-mini-serie-de-causeries-de-dario-ergas\/#breadcrumb","itemListElement":[{"@type":"ListItem","position":1,"name":"Accueil","item":"https:\/\/www.pressenza.com\/fr\/"},{"@type":"ListItem","position":2,"name":"\u00ab\u00a0Le sens du non-sens\u00a0\u00bb : mini-s\u00e9rie de causeries de Dario Ergas"}]},{"@type":"WebSite","@id":"https:\/\/www.pressenza.com\/fr\/#website","url":"https:\/\/www.pressenza.com\/fr\/","name":"Pressenza","description":"International Press Agency","publisher":{"@id":"https:\/\/www.pressenza.com\/fr\/#organization"},"potentialAction":[{"@type":"SearchAction","target":{"@type":"EntryPoint","urlTemplate":"https:\/\/www.pressenza.com\/fr\/?s={search_term_string}"},"query-input":{"@type":"PropertyValueSpecification","valueRequired":true,"valueName":"search_term_string"}}],"inLanguage":"fr-FR"},{"@type":"Organization","@id":"https:\/\/www.pressenza.com\/fr\/#organization","name":"Pressenza","url":"https:\/\/www.pressenza.com\/fr\/","logo":{"@type":"ImageObject","inLanguage":"fr-FR","@id":"https:\/\/www.pressenza.com\/fr\/#\/schema\/logo\/image\/","url":"https:\/\/www.pressenza.com\/wp-content\/uploads\/2022\/10\/pressenza_logo_200x200.jpg","contentUrl":"https:\/\/www.pressenza.com\/wp-content\/uploads\/2022\/10\/pressenza_logo_200x200.jpg","width":200,"height":200,"caption":"Pressenza"},"image":{"@id":"https:\/\/www.pressenza.com\/fr\/#\/schema\/logo\/image\/"},"sameAs":["https:\/\/www.facebook.com\/PressenzaItalia","https:\/\/x.com\/PressenzaIPA"]},{"@type":"Person","@id":"https:\/\/www.pressenza.com\/fr\/#\/schema\/person\/d7db40df35d6698ba69ba9ee260944ed","name":"Redacci\u00f3n Chile","description":"News from the Pressenza Bureau in Chile","sameAs":["https:\/\/www.facebook.com\/pressenza","https:\/\/x.com\/pressenza"],"url":"https:\/\/www.pressenza.com\/fr\/author\/redaccion-chile\/"}]}},"place":"Santiago du Chili","original_article_url":"","_links":{"self":[{"href":"https:\/\/www.pressenza.com\/fr\/wp-json\/wp\/v2\/posts\/1000491","targetHints":{"allow":["GET"]}}],"collection":[{"href":"https:\/\/www.pressenza.com\/fr\/wp-json\/wp\/v2\/posts"}],"about":[{"href":"https:\/\/www.pressenza.com\/fr\/wp-json\/wp\/v2\/types\/post"}],"author":[{"embeddable":true,"href":"https:\/\/www.pressenza.com\/fr\/wp-json\/wp\/v2\/users\/43"}],"replies":[{"embeddable":true,"href":"https:\/\/www.pressenza.com\/fr\/wp-json\/wp\/v2\/comments?post=1000491"}],"version-history":[{"count":0,"href":"https:\/\/www.pressenza.com\/fr\/wp-json\/wp\/v2\/posts\/1000491\/revisions"}],"wp:featuredmedia":[{"embeddable":true,"href":"https:\/\/www.pressenza.com\/fr\/wp-json\/wp\/v2\/media\/995130"}],"wp:attachment":[{"href":"https:\/\/www.pressenza.com\/fr\/wp-json\/wp\/v2\/media?parent=1000491"}],"wp:term":[{"taxonomy":"category","embeddable":true,"href":"https:\/\/www.pressenza.com\/fr\/wp-json\/wp\/v2\/categories?post=1000491"},{"taxonomy":"post_tag","embeddable":true,"href":"https:\/\/www.pressenza.com\/fr\/wp-json\/wp\/v2\/tags?post=1000491"}],"curies":[{"name":"wp","href":"https:\/\/api.w.org\/{rel}","templated":true}]}}