{"id":998818,"date":"2019-12-18T18:16:28","date_gmt":"2019-12-18T18:16:28","guid":{"rendered":"https:\/\/www.pressenza.com\/?p=998818"},"modified":"2019-12-18T18:16:28","modified_gmt":"2019-12-18T18:16:28","slug":"foro-regional-denuncia-intencion-del-regimen-golpista-de-acallar-radios-comunitarias-indigenas-en-bolivia","status":"publish","type":"post","link":"https:\/\/www.pressenza.com\/es\/2019\/12\/foro-regional-denuncia-intencion-del-regimen-golpista-de-acallar-radios-comunitarias-indigenas-en-bolivia\/","title":{"rendered":"Foro regional denuncia intenci\u00f3n del r\u00e9gimen golpista de acallar radios comunitarias ind\u00edgenas en Bolivia"},"content":{"rendered":"<p>El Foro de Comunicaci\u00f3n para la Integraci\u00f3n de NuestrAm\u00e9rica denunci\u00f3 mediante un pronunciamiento las intenciones del r\u00e9gimen de facto en Bolivia de silenciar a alrededor de 60 radios comunitarias ind\u00edgenas.<\/p>\n<p>D\u00edas atr\u00e1s el gobierno golpista dio a conocer\u00a0el texto de un decreto supremo, denominado c\u00ednicamente \u201cLa recuperaci\u00f3n de la libertad de expresi\u00f3n en Bolivia\u00bb con el cual proyecta asignar o reasignar las Radios de los Pueblos Originarios.<\/p>\n<p>La medida, que tambi\u00e9n podr\u00eda salir por simple resoluci\u00f3n ministerial, apunta a\u00a0aniquilar el proyecto iniciado en 2006 por el gobierno de Evo Morales Ayma, que ampli\u00f3 la libertad de expresi\u00f3n de poblaciones marginadas y sin voz.<\/p>\n<p>Las redes, medios y movimientos agrupados en el Foro convocaron a\u00a0 \u00abcomunicadores populares de toda la regi\u00f3n a rechazar y detener este nuevo atropello a la democracia comunicacional perpetrado por quienes desean silenciar la cr\u00edtica y obtener absoluta impunidad.\u00bb<\/p>\n<p>Asimismo el comunicado hace un llamamiento a\u00a0movimientos, organizaciones pol\u00edticas y de derechos humanos a manifestar su repudio \u00abante esta flagrante violaci\u00f3n de los derechos de las comunidades originarias y campesinas a manifestarse libremente.\u00bb<\/p>\n<p>El nucleamiento\u00a0denota la clara intencionalidad pol\u00edtica del r\u00e9gimen transitorio de coartar la posibilidad de comunicaci\u00f3n del sector campesino e ind\u00edgena, lo cual vicia toda posibilidad de una campa\u00f1a justa y de elecciones libres, por lo que exhorta a\u00a0organismos y l\u00edderes internacionales a impugnar este hecho antidemocr\u00e1tico.<\/p>\n<p>Finalmente, la articulaci\u00f3n expres\u00f3 su solidaridad con las y los comunicadores afectados, que luego de haber sido agredidos,\u00a0amenazados y acallados, ahora corren \u00abel riesgo de perder su fuente de sustento o de ser coaccionados a seguir l\u00edneas editoriales alejadas del prop\u00f3sito que da sentido a estas emisoras del pueblo.\u00bb<\/p>\n<p>A continuaci\u00f3n, el texto completo del pronunciamiento<\/p>\n<p><img loading=\"lazy\" decoding=\"async\" class=\"aligncenter size-full wp-image-679619\" src=\"https:\/\/www.pressenza.com\/wp-content\/uploads\/2018\/07\/FCINA2.jpg\" alt=\"\" width=\"448\" height=\"59\" srcset=\"https:\/\/www.pressenza.com\/wp-content\/uploads\/2018\/07\/FCINA2.jpg 448w, https:\/\/www.pressenza.com\/wp-content\/uploads\/2018\/07\/FCINA2-300x40.jpg 300w\" sizes=\"auto, (max-width: 448px) 100vw, 448px\" \/><\/p>\n<p><em>Pronunciamiento del Foro de Comunicaci\u00f3n para la Integraci\u00f3n de NuestrAm\u00e9rica<\/em><\/p>\n<p><strong>Denunciamos intento de r\u00e9gimen golpista de acallar a radios comunitarias ind\u00edgenas en Bolivia<\/strong><\/p>\n<p><em>El Foro de Comunicaci\u00f3n para la Integraci\u00f3n de NuestrAm\u00e9rica (FCINA), iniciativa regional que nuclea a redes de comunicaci\u00f3n, medios y movimientos sociales de Am\u00e9rica Latina y el Caribe, denuncia el intento del r\u00e9gimen golpista de Bolivia de acallar las radios comunitarias de los Pueblos Originarios.<\/em><\/p>\n<p><em>A trav\u00e9s de un decreto supremo, denominado c\u00ednicamente \u201cLa recuperaci\u00f3n de la libertad de expresi\u00f3n en Bolivia\u00bb o en su defecto,\u00a0 simplemente mediante Resoluci\u00f3n Ministerial, el gobierno de facto proyecta asignar o reasignar las Radios de los Pueblos Originarios, red de comunicaci\u00f3n popular que aglutina alrededor de 60 emisoras que daban voz a las naciones y pueblos originarios tanto como a sus organizaciones sociales.<\/em><\/p>\n<p><em>En el transcurso del golpe de estado, las fuerzas golpistas destrozaron, saquearon y quemaron algunas estaciones de las RPOs, luego de lo cual, una vez consumada la instalaci\u00f3n del gobierno ileg\u00edtimo, \u00e9stas recibieron la orden de cortar transmisiones.<\/em><\/p>\n<p><em>Bajo la argumentaci\u00f3n hip\u00f3crita de \u201campliar a toda la poblaci\u00f3n el derecho de acceso a la informaci\u00f3n y la comunicaci\u00f3n\u201d \u2013como se\u00f1ala el decreto-, el gobierno de facto pretende reasignarlas, cumpliendo con el prop\u00f3sito de terminar con las radios locales al servicio de las comunidades ind\u00edgenas originarias.<\/em><\/p>\n<p><em>Todo esto bajo el discurso del gobierno de facto, el cual en nombre de \u201clibertad y democracia\u201d avasalla al campo popular y alternativo de la comunicaci\u00f3n, que es tildado de \u201csedici\u00f3n y terrorismo\u201d.<\/em><\/p>\n<p><em>El objetivo de esta maniobra es aniquilar el proyecto iniciado en 2006 por el gobierno de Evo Morales Ayma, que ampli\u00f3 la libertad de expresi\u00f3n de poblaciones marginadas y sin voz. Proyecto que en 2011, a trav\u00e9s de la Ley de Telecomunicaciones, garantiz\u00f3 a los pueblos ind\u00edgenas y a los movimientos sociales y sindicatos paridad en la distribuci\u00f3n de las frecuencias frente al sector estatal y privado.<\/em><\/p>\n<p><em>Convocamos a las y los comunicadores populares de toda la regi\u00f3n a rechazar y detener este nuevo atropello a la democracia comunicacional perpetrado por quienes desean silenciar la cr\u00edtica y obtener absoluta impunidad.<\/em><\/p>\n<p><em>Llamamos a los movimientos, organizaciones pol\u00edticas y de derechos humanos a expresar su repudio internacional ante esta flagrante violaci\u00f3n de los derechos de las comunidades originarias y campesinas a manifestarse libremente.<\/em><\/p>\n<p><em>Instamos a los organismos y l\u00edderes internacionales a impugnar este hecho antidemocr\u00e1tico, que denota la clara intencionalidad pol\u00edtica del r\u00e9gimen transitorio de coartar la posibilidad de comunicaci\u00f3n del sector campesino e ind\u00edgena, ama\u00f1ando con ello cualquier posibilidad de elecciones libres.<\/em><\/p>\n<p><em>Nos solidarizamos con las y los comunicadores de los pueblos originarios agredidos, amenazados y acallados, ahora en riesgo de perder su fuente de sustento o de ser coaccionados a seguir l\u00edneas editoriales alejadas del prop\u00f3sito que da sentido a estas emisoras del pueblo.<\/em><\/p>\n<p>FORO DE COMUNICACI\u00d3N PARA LA INTEGRACI\u00d3N DE NUESTRAM\u00c9RICA (FCINA)<\/p>\n<p>18\/12\/2019<\/p>\n<p>foro@integracion-lac.info<\/p>\n<p>&nbsp;<\/p>\n","protected":false},"excerpt":{"rendered":"<p>El Foro de Comunicaci\u00f3n para la Integraci\u00f3n de NuestrAm\u00e9rica denunci\u00f3 mediante un pronunciamiento las intenciones del r\u00e9gimen de facto en Bolivia de silenciar a alrededor de 60 radios comunitarias ind\u00edgenas. D\u00edas atr\u00e1s el gobierno golpista dio a conocer\u00a0el texto de&hellip;<\/p>\n","protected":false},"author":87,"featured_media":998828,"comment_status":"closed","ping_status":"closed","sticky":false,"template":"","format":"standard","meta":{"footnotes":""},"categories":[149,75,79,80,22754,67],"tags":[18168,67028,19471,22210],"class_list":["post-998818","post","type-post","status-publish","format-standard","has-post-thumbnail","hentry","category-comunicados-de-prensa","category-cultura-es","category-derechos-humanos","category-pueblos-originarios","category-radio-es","category-sudamerica","tag-derecho-a-la-comunicacion","tag-golpe-de-estado-en-bolivia","tag-medios-comunitarios","tag-pueblos-originarios"],"yoast_head":"<!-- This site is optimized with the Yoast SEO plugin v27.1.1 - https:\/\/yoast.com\/product\/yoast-seo-wordpress\/ -->\n<title>Foro regional denuncia intenci\u00f3n del r\u00e9gimen golpista de acallar radios comunitarias ind\u00edgenas en Bolivia<\/title>\n<meta name=\"description\" content=\"El Foro de Comunicaci\u00f3n para la Integraci\u00f3n de NuestrAm\u00e9rica denunci\u00f3 mediante un pronunciamiento las intenciones del r\u00e9gimen de facto en Bolivia de\" \/>\n<meta name=\"robots\" content=\"index, follow, max-snippet:-1, max-image-preview:large, max-video-preview:-1\" \/>\n<link rel=\"canonical\" href=\"https:\/\/www.pressenza.com\/es\/2019\/12\/foro-regional-denuncia-intencion-del-regimen-golpista-de-acallar-radios-comunitarias-indigenas-en-bolivia\/\" \/>\n<meta property=\"og:locale\" content=\"es_ES\" \/>\n<meta property=\"og:type\" content=\"article\" \/>\n<meta property=\"og:title\" content=\"Foro regional denuncia intenci\u00f3n del r\u00e9gimen golpista de acallar radios comunitarias ind\u00edgenas en Bolivia\" \/>\n<meta property=\"og:description\" content=\"El Foro de Comunicaci\u00f3n para la Integraci\u00f3n de NuestrAm\u00e9rica denunci\u00f3 mediante un pronunciamiento las intenciones del r\u00e9gimen de facto en Bolivia de\" \/>\n<meta property=\"og:url\" content=\"https:\/\/www.pressenza.com\/es\/2019\/12\/foro-regional-denuncia-intencion-del-regimen-golpista-de-acallar-radios-comunitarias-indigenas-en-bolivia\/\" \/>\n<meta property=\"og:site_name\" content=\"Pressenza\" \/>\n<meta property=\"article:publisher\" content=\"https:\/\/www.facebook.com\/PressenzaItalia\" \/>\n<meta property=\"article:published_time\" content=\"2019-12-18T18:16:28+00:00\" \/>\n<meta property=\"og:image\" content=\"https:\/\/www.pressenza.com\/wp-content\/uploads\/2019\/12\/rpos.jpg\" \/>\n\t<meta property=\"og:image:width\" content=\"579\" \/>\n\t<meta property=\"og:image:height\" content=\"314\" \/>\n\t<meta property=\"og:image:type\" content=\"image\/jpeg\" \/>\n<meta name=\"author\" content=\"Redacci\u00f3n Argentina\" \/>\n<meta name=\"twitter:card\" content=\"summary_large_image\" \/>\n<meta name=\"twitter:creator\" content=\"@pressenza\" \/>\n<meta name=\"twitter:site\" content=\"@PressenzaIPA\" \/>\n<meta name=\"twitter:label1\" content=\"Escrito por\" \/>\n\t<meta name=\"twitter:data1\" content=\"Redacci\u00f3n Argentina\" \/>\n\t<meta name=\"twitter:label2\" content=\"Tiempo de lectura\" \/>\n\t<meta name=\"twitter:data2\" content=\"4 minutos\" \/>\n<script type=\"application\/ld+json\" class=\"yoast-schema-graph\">{\"@context\":\"https:\/\/schema.org\",\"@graph\":[{\"@type\":\"Article\",\"@id\":\"https:\/\/www.pressenza.com\/es\/2019\/12\/foro-regional-denuncia-intencion-del-regimen-golpista-de-acallar-radios-comunitarias-indigenas-en-bolivia\/#article\",\"isPartOf\":{\"@id\":\"https:\/\/www.pressenza.com\/es\/2019\/12\/foro-regional-denuncia-intencion-del-regimen-golpista-de-acallar-radios-comunitarias-indigenas-en-bolivia\/\"},\"author\":{\"name\":\"Redacci\u00f3n Argentina\",\"@id\":\"https:\/\/www.pressenza.com\/es\/#\/schema\/person\/0dda7d1b68267ad95b1e1d83abc98c89\"},\"headline\":\"Foro regional denuncia intenci\u00f3n del r\u00e9gimen golpista de acallar radios comunitarias ind\u00edgenas en Bolivia\",\"datePublished\":\"2019-12-18T18:16:28+00:00\",\"mainEntityOfPage\":{\"@id\":\"https:\/\/www.pressenza.com\/es\/2019\/12\/foro-regional-denuncia-intencion-del-regimen-golpista-de-acallar-radios-comunitarias-indigenas-en-bolivia\/\"},\"wordCount\":850,\"publisher\":{\"@id\":\"https:\/\/www.pressenza.com\/es\/#organization\"},\"image\":{\"@id\":\"https:\/\/www.pressenza.com\/es\/2019\/12\/foro-regional-denuncia-intencion-del-regimen-golpista-de-acallar-radios-comunitarias-indigenas-en-bolivia\/#primaryimage\"},\"thumbnailUrl\":\"https:\/\/www.pressenza.com\/wp-content\/uploads\/2019\/12\/rpos.jpg\",\"keywords\":[\"Derecho a la comunicaci\u00f3n\",\"golpe de estado en Bolivia\",\"medios comunitarios\",\"Pueblos Originarios\"],\"articleSection\":[\"Comunicados de Prensa\",\"Cultura y Medios\",\"Derechos Humanos\",\"Pueblos Originarios\",\"Radio\",\"Sudam\u00e9rica\"],\"inLanguage\":\"es\"},{\"@type\":\"WebPage\",\"@id\":\"https:\/\/www.pressenza.com\/es\/2019\/12\/foro-regional-denuncia-intencion-del-regimen-golpista-de-acallar-radios-comunitarias-indigenas-en-bolivia\/\",\"url\":\"https:\/\/www.pressenza.com\/es\/2019\/12\/foro-regional-denuncia-intencion-del-regimen-golpista-de-acallar-radios-comunitarias-indigenas-en-bolivia\/\",\"name\":\"Foro regional denuncia intenci\u00f3n del r\u00e9gimen golpista de acallar radios comunitarias ind\u00edgenas en Bolivia\",\"isPartOf\":{\"@id\":\"https:\/\/www.pressenza.com\/es\/#website\"},\"primaryImageOfPage\":{\"@id\":\"https:\/\/www.pressenza.com\/es\/2019\/12\/foro-regional-denuncia-intencion-del-regimen-golpista-de-acallar-radios-comunitarias-indigenas-en-bolivia\/#primaryimage\"},\"image\":{\"@id\":\"https:\/\/www.pressenza.com\/es\/2019\/12\/foro-regional-denuncia-intencion-del-regimen-golpista-de-acallar-radios-comunitarias-indigenas-en-bolivia\/#primaryimage\"},\"thumbnailUrl\":\"https:\/\/www.pressenza.com\/wp-content\/uploads\/2019\/12\/rpos.jpg\",\"datePublished\":\"2019-12-18T18:16:28+00:00\",\"description\":\"El Foro de Comunicaci\u00f3n para la Integraci\u00f3n de NuestrAm\u00e9rica denunci\u00f3 mediante un pronunciamiento las intenciones del r\u00e9gimen de facto en Bolivia de\",\"breadcrumb\":{\"@id\":\"https:\/\/www.pressenza.com\/es\/2019\/12\/foro-regional-denuncia-intencion-del-regimen-golpista-de-acallar-radios-comunitarias-indigenas-en-bolivia\/#breadcrumb\"},\"inLanguage\":\"es\",\"potentialAction\":[{\"@type\":\"ReadAction\",\"target\":[\"https:\/\/www.pressenza.com\/es\/2019\/12\/foro-regional-denuncia-intencion-del-regimen-golpista-de-acallar-radios-comunitarias-indigenas-en-bolivia\/\"]}]},{\"@type\":\"ImageObject\",\"inLanguage\":\"es\",\"@id\":\"https:\/\/www.pressenza.com\/es\/2019\/12\/foro-regional-denuncia-intencion-del-regimen-golpista-de-acallar-radios-comunitarias-indigenas-en-bolivia\/#primaryimage\",\"url\":\"https:\/\/www.pressenza.com\/wp-content\/uploads\/2019\/12\/rpos.jpg\",\"contentUrl\":\"https:\/\/www.pressenza.com\/wp-content\/uploads\/2019\/12\/rpos.jpg\",\"width\":579,\"height\":314},{\"@type\":\"BreadcrumbList\",\"@id\":\"https:\/\/www.pressenza.com\/es\/2019\/12\/foro-regional-denuncia-intencion-del-regimen-golpista-de-acallar-radios-comunitarias-indigenas-en-bolivia\/#breadcrumb\",\"itemListElement\":[{\"@type\":\"ListItem\",\"position\":1,\"name\":\"Accueil\",\"item\":\"https:\/\/www.pressenza.com\/es\/\"},{\"@type\":\"ListItem\",\"position\":2,\"name\":\"Foro regional denuncia intenci\u00f3n del r\u00e9gimen golpista de acallar radios comunitarias ind\u00edgenas en Bolivia\"}]},{\"@type\":\"WebSite\",\"@id\":\"https:\/\/www.pressenza.com\/es\/#website\",\"url\":\"https:\/\/www.pressenza.com\/es\/\",\"name\":\"Pressenza\",\"description\":\"International Press Agency\",\"publisher\":{\"@id\":\"https:\/\/www.pressenza.com\/es\/#organization\"},\"potentialAction\":[{\"@type\":\"SearchAction\",\"target\":{\"@type\":\"EntryPoint\",\"urlTemplate\":\"https:\/\/www.pressenza.com\/es\/?s={search_term_string}\"},\"query-input\":{\"@type\":\"PropertyValueSpecification\",\"valueRequired\":true,\"valueName\":\"search_term_string\"}}],\"inLanguage\":\"es\"},{\"@type\":\"Organization\",\"@id\":\"https:\/\/www.pressenza.com\/es\/#organization\",\"name\":\"Pressenza\",\"url\":\"https:\/\/www.pressenza.com\/es\/\",\"logo\":{\"@type\":\"ImageObject\",\"inLanguage\":\"es\",\"@id\":\"https:\/\/www.pressenza.com\/es\/#\/schema\/logo\/image\/\",\"url\":\"https:\/\/www.pressenza.com\/wp-content\/uploads\/2022\/10\/pressenza_logo_200x200.jpg\",\"contentUrl\":\"https:\/\/www.pressenza.com\/wp-content\/uploads\/2022\/10\/pressenza_logo_200x200.jpg\",\"width\":200,\"height\":200,\"caption\":\"Pressenza\"},\"image\":{\"@id\":\"https:\/\/www.pressenza.com\/es\/#\/schema\/logo\/image\/\"},\"sameAs\":[\"https:\/\/www.facebook.com\/PressenzaItalia\",\"https:\/\/x.com\/PressenzaIPA\"]},{\"@type\":\"Person\",\"@id\":\"https:\/\/www.pressenza.com\/es\/#\/schema\/person\/0dda7d1b68267ad95b1e1d83abc98c89\",\"name\":\"Redacci\u00f3n Argentina\",\"description\":\"News from the Pressenza Bureau in Argentina.\",\"sameAs\":[\"https:\/\/x.com\/pressenza\"],\"url\":\"https:\/\/www.pressenza.com\/es\/author\/redaccion-argentina\/\"}]}<\/script>\n<!-- \/ Yoast SEO plugin. -->","yoast_head_json":{"title":"Foro regional denuncia intenci\u00f3n del r\u00e9gimen golpista de acallar radios comunitarias ind\u00edgenas en Bolivia","description":"El Foro de Comunicaci\u00f3n para la Integraci\u00f3n de NuestrAm\u00e9rica denunci\u00f3 mediante un pronunciamiento las intenciones del r\u00e9gimen de facto en Bolivia de","robots":{"index":"index","follow":"follow","max-snippet":"max-snippet:-1","max-image-preview":"max-image-preview:large","max-video-preview":"max-video-preview:-1"},"canonical":"https:\/\/www.pressenza.com\/es\/2019\/12\/foro-regional-denuncia-intencion-del-regimen-golpista-de-acallar-radios-comunitarias-indigenas-en-bolivia\/","og_locale":"es_ES","og_type":"article","og_title":"Foro regional denuncia intenci\u00f3n del r\u00e9gimen golpista de acallar radios comunitarias ind\u00edgenas en Bolivia","og_description":"El Foro de Comunicaci\u00f3n para la Integraci\u00f3n de NuestrAm\u00e9rica denunci\u00f3 mediante un pronunciamiento las intenciones del r\u00e9gimen de facto en Bolivia de","og_url":"https:\/\/www.pressenza.com\/es\/2019\/12\/foro-regional-denuncia-intencion-del-regimen-golpista-de-acallar-radios-comunitarias-indigenas-en-bolivia\/","og_site_name":"Pressenza","article_publisher":"https:\/\/www.facebook.com\/PressenzaItalia","article_published_time":"2019-12-18T18:16:28+00:00","og_image":[{"width":579,"height":314,"url":"https:\/\/www.pressenza.com\/wp-content\/uploads\/2019\/12\/rpos.jpg","type":"image\/jpeg"}],"author":"Redacci\u00f3n Argentina","twitter_card":"summary_large_image","twitter_creator":"@pressenza","twitter_site":"@PressenzaIPA","twitter_misc":{"Escrito por":"Redacci\u00f3n Argentina","Tiempo de lectura":"4 minutos"},"schema":{"@context":"https:\/\/schema.org","@graph":[{"@type":"Article","@id":"https:\/\/www.pressenza.com\/es\/2019\/12\/foro-regional-denuncia-intencion-del-regimen-golpista-de-acallar-radios-comunitarias-indigenas-en-bolivia\/#article","isPartOf":{"@id":"https:\/\/www.pressenza.com\/es\/2019\/12\/foro-regional-denuncia-intencion-del-regimen-golpista-de-acallar-radios-comunitarias-indigenas-en-bolivia\/"},"author":{"name":"Redacci\u00f3n Argentina","@id":"https:\/\/www.pressenza.com\/es\/#\/schema\/person\/0dda7d1b68267ad95b1e1d83abc98c89"},"headline":"Foro regional denuncia intenci\u00f3n del r\u00e9gimen golpista de acallar radios comunitarias ind\u00edgenas en Bolivia","datePublished":"2019-12-18T18:16:28+00:00","mainEntityOfPage":{"@id":"https:\/\/www.pressenza.com\/es\/2019\/12\/foro-regional-denuncia-intencion-del-regimen-golpista-de-acallar-radios-comunitarias-indigenas-en-bolivia\/"},"wordCount":850,"publisher":{"@id":"https:\/\/www.pressenza.com\/es\/#organization"},"image":{"@id":"https:\/\/www.pressenza.com\/es\/2019\/12\/foro-regional-denuncia-intencion-del-regimen-golpista-de-acallar-radios-comunitarias-indigenas-en-bolivia\/#primaryimage"},"thumbnailUrl":"https:\/\/www.pressenza.com\/wp-content\/uploads\/2019\/12\/rpos.jpg","keywords":["Derecho a la comunicaci\u00f3n","golpe de estado en Bolivia","medios comunitarios","Pueblos Originarios"],"articleSection":["Comunicados de Prensa","Cultura y Medios","Derechos Humanos","Pueblos Originarios","Radio","Sudam\u00e9rica"],"inLanguage":"es"},{"@type":"WebPage","@id":"https:\/\/www.pressenza.com\/es\/2019\/12\/foro-regional-denuncia-intencion-del-regimen-golpista-de-acallar-radios-comunitarias-indigenas-en-bolivia\/","url":"https:\/\/www.pressenza.com\/es\/2019\/12\/foro-regional-denuncia-intencion-del-regimen-golpista-de-acallar-radios-comunitarias-indigenas-en-bolivia\/","name":"Foro regional denuncia intenci\u00f3n del r\u00e9gimen golpista de acallar radios comunitarias ind\u00edgenas en Bolivia","isPartOf":{"@id":"https:\/\/www.pressenza.com\/es\/#website"},"primaryImageOfPage":{"@id":"https:\/\/www.pressenza.com\/es\/2019\/12\/foro-regional-denuncia-intencion-del-regimen-golpista-de-acallar-radios-comunitarias-indigenas-en-bolivia\/#primaryimage"},"image":{"@id":"https:\/\/www.pressenza.com\/es\/2019\/12\/foro-regional-denuncia-intencion-del-regimen-golpista-de-acallar-radios-comunitarias-indigenas-en-bolivia\/#primaryimage"},"thumbnailUrl":"https:\/\/www.pressenza.com\/wp-content\/uploads\/2019\/12\/rpos.jpg","datePublished":"2019-12-18T18:16:28+00:00","description":"El Foro de Comunicaci\u00f3n para la Integraci\u00f3n de NuestrAm\u00e9rica denunci\u00f3 mediante un pronunciamiento las intenciones del r\u00e9gimen de facto en Bolivia de","breadcrumb":{"@id":"https:\/\/www.pressenza.com\/es\/2019\/12\/foro-regional-denuncia-intencion-del-regimen-golpista-de-acallar-radios-comunitarias-indigenas-en-bolivia\/#breadcrumb"},"inLanguage":"es","potentialAction":[{"@type":"ReadAction","target":["https:\/\/www.pressenza.com\/es\/2019\/12\/foro-regional-denuncia-intencion-del-regimen-golpista-de-acallar-radios-comunitarias-indigenas-en-bolivia\/"]}]},{"@type":"ImageObject","inLanguage":"es","@id":"https:\/\/www.pressenza.com\/es\/2019\/12\/foro-regional-denuncia-intencion-del-regimen-golpista-de-acallar-radios-comunitarias-indigenas-en-bolivia\/#primaryimage","url":"https:\/\/www.pressenza.com\/wp-content\/uploads\/2019\/12\/rpos.jpg","contentUrl":"https:\/\/www.pressenza.com\/wp-content\/uploads\/2019\/12\/rpos.jpg","width":579,"height":314},{"@type":"BreadcrumbList","@id":"https:\/\/www.pressenza.com\/es\/2019\/12\/foro-regional-denuncia-intencion-del-regimen-golpista-de-acallar-radios-comunitarias-indigenas-en-bolivia\/#breadcrumb","itemListElement":[{"@type":"ListItem","position":1,"name":"Accueil","item":"https:\/\/www.pressenza.com\/es\/"},{"@type":"ListItem","position":2,"name":"Foro regional denuncia intenci\u00f3n del r\u00e9gimen golpista de acallar radios comunitarias ind\u00edgenas en Bolivia"}]},{"@type":"WebSite","@id":"https:\/\/www.pressenza.com\/es\/#website","url":"https:\/\/www.pressenza.com\/es\/","name":"Pressenza","description":"International Press Agency","publisher":{"@id":"https:\/\/www.pressenza.com\/es\/#organization"},"potentialAction":[{"@type":"SearchAction","target":{"@type":"EntryPoint","urlTemplate":"https:\/\/www.pressenza.com\/es\/?s={search_term_string}"},"query-input":{"@type":"PropertyValueSpecification","valueRequired":true,"valueName":"search_term_string"}}],"inLanguage":"es"},{"@type":"Organization","@id":"https:\/\/www.pressenza.com\/es\/#organization","name":"Pressenza","url":"https:\/\/www.pressenza.com\/es\/","logo":{"@type":"ImageObject","inLanguage":"es","@id":"https:\/\/www.pressenza.com\/es\/#\/schema\/logo\/image\/","url":"https:\/\/www.pressenza.com\/wp-content\/uploads\/2022\/10\/pressenza_logo_200x200.jpg","contentUrl":"https:\/\/www.pressenza.com\/wp-content\/uploads\/2022\/10\/pressenza_logo_200x200.jpg","width":200,"height":200,"caption":"Pressenza"},"image":{"@id":"https:\/\/www.pressenza.com\/es\/#\/schema\/logo\/image\/"},"sameAs":["https:\/\/www.facebook.com\/PressenzaItalia","https:\/\/x.com\/PressenzaIPA"]},{"@type":"Person","@id":"https:\/\/www.pressenza.com\/es\/#\/schema\/person\/0dda7d1b68267ad95b1e1d83abc98c89","name":"Redacci\u00f3n Argentina","description":"News from the Pressenza Bureau in Argentina.","sameAs":["https:\/\/x.com\/pressenza"],"url":"https:\/\/www.pressenza.com\/es\/author\/redaccion-argentina\/"}]}},"place":"","original_article_url":"","_links":{"self":[{"href":"https:\/\/www.pressenza.com\/es\/wp-json\/wp\/v2\/posts\/998818","targetHints":{"allow":["GET"]}}],"collection":[{"href":"https:\/\/www.pressenza.com\/es\/wp-json\/wp\/v2\/posts"}],"about":[{"href":"https:\/\/www.pressenza.com\/es\/wp-json\/wp\/v2\/types\/post"}],"author":[{"embeddable":true,"href":"https:\/\/www.pressenza.com\/es\/wp-json\/wp\/v2\/users\/87"}],"replies":[{"embeddable":true,"href":"https:\/\/www.pressenza.com\/es\/wp-json\/wp\/v2\/comments?post=998818"}],"version-history":[{"count":0,"href":"https:\/\/www.pressenza.com\/es\/wp-json\/wp\/v2\/posts\/998818\/revisions"}],"wp:featuredmedia":[{"embeddable":true,"href":"https:\/\/www.pressenza.com\/es\/wp-json\/wp\/v2\/media\/998828"}],"wp:attachment":[{"href":"https:\/\/www.pressenza.com\/es\/wp-json\/wp\/v2\/media?parent=998818"}],"wp:term":[{"taxonomy":"category","embeddable":true,"href":"https:\/\/www.pressenza.com\/es\/wp-json\/wp\/v2\/categories?post=998818"},{"taxonomy":"post_tag","embeddable":true,"href":"https:\/\/www.pressenza.com\/es\/wp-json\/wp\/v2\/tags?post=998818"}],"curies":[{"name":"wp","href":"https:\/\/api.w.org\/{rel}","templated":true}]}}