{"id":996659,"date":"2019-12-15T22:19:43","date_gmt":"2019-12-15T22:19:43","guid":{"rendered":"https:\/\/www.pressenza.com\/?p=996659"},"modified":"2019-12-15T22:19:43","modified_gmt":"2019-12-15T22:19:43","slug":"evaluacion-cop25-el-mundo-grita-emergencia-y-los-gobiernos-se-tapan-los-oidos","status":"publish","type":"post","link":"https:\/\/www.pressenza.com\/es\/2019\/12\/evaluacion-cop25-el-mundo-grita-emergencia-y-los-gobiernos-se-tapan-los-oidos\/","title":{"rendered":"Evaluaci\u00f3n COP25: El mundo grita emergencia y los gobiernos se tapan los o\u00eddos"},"content":{"rendered":"<p>Ecologistas en Acci\u00f3n, una de las organizaciones sociales presentes en la COP25 y en la Cumbre Social por el Clima, denuncia los resultados de esta COP que hoy ha finalizado en Madrid. Estos son algunos de los puntos de su an\u00e1lisis<\/p>\n<p><em><strong>Ecologistas en Acci\u00f3n<\/strong><\/em><\/p>\n<ul>\n<li><strong>La Cumbre del Clima ha conclu\u00eddo en Madrid <em>in extremis<\/em> con un acuerdo que no asume el principal reto que ten\u00eda por delante: aumentar la ambici\u00f3n para dar respuesta a la emergencia clim\u00e1tica en l\u00ednea con las indicaciones cient\u00edficas.<\/strong><\/li>\n<li><strong>El <a href=\"https:\/\/www.ecologistasenaccion.org\/129657\/el-mundo-grita-emergencia-y-los-gobiernos-se-tapan-los-oidos\/#articulo6\">Art\u00edculo 6<\/a>, que regula los mercados de carbono y los mecanismos de desarrollo limpio, se ha pospuesto para la siguiente cumbre que tendr\u00e1 lugar en Glasgow, lo cual ser\u00eda positivo si no persistieran los intentos de algunos pa\u00edses de mal utilizarlo.<\/strong><\/li>\n<li><strong>Tambi\u00e9n se han aplazado aspectos importantes como el refuerzo de la financiaci\u00f3n para el Fondo de Adaptaci\u00f3n, para el Fondo Verde para el Clima y la creaci\u00f3n de otro para el Mecanismo Internacional de Varsovia sobre p\u00e9rdidas y da\u00f1os.<\/strong><\/li>\n<li><strong>La declaraci\u00f3n final incluye avances con la aprobaci\u00f3n de <a href=\"https:\/\/www.ecologistasenaccion.org\/132249\">Plan de Acci\u00f3n de G\u00e9nero<\/a>. Tambi\u00e9n cabe destacar el enorme esfuerzo de peque\u00f1as naciones que han apostado por la integridad clim\u00e1tica frente a las pretensiones de pa\u00edses como EE UU y Brasil de bloquear el Acuerdo de Par\u00eds.\u00a0<\/strong><\/li>\n<li><strong>Las movilizaciones masivas de la sociedad civil han marcado un punto de inflexi\u00f3n en la lucha clim\u00e1tica, que muestra la separaci\u00f3n entre los gobiernos y la ciudadan\u00eda en defensa de un presente y un futuro habitables.<\/strong><\/li>\n<li><strong>Las organizaciones representantes de la sociedad civil dentro de la cumbre, entre ellas Ecologistas en Acci\u00f3n, han terminando su participaci\u00f3n en la sesi\u00f3n plenaria con la declaraci\u00f3n: \u201cEsta COP ha fallado a las personas y al planeta. Poder del pueblo, justicia clim\u00e1tica\u201d.<\/strong><\/li>\n<\/ul>\n<p>La 25\u00ba Cumbre de la Partes de la Convenci\u00f3n Marco de las Naciones Unidas para el Cambio Clim\u00e1tico (COP25) estaba prevista realizarse en Chile pero se traslad\u00f3 a Madrid a \u00faltima hora debido a las protestas sociales y posterior represi\u00f3n del Gobierno chileno. Este encuentro se conceb\u00eda como una cumbre para la ambici\u00f3n. Es decir, un espacio para conseguir que se avanzara en la toma de compromisos reales en la lucha contra la emergencia clim\u00e1tica. Se trataba de concretar el insuficiente Acuerdo de Par\u00eds, porque tal y como evidencia la comunidad cient\u00edfica, este pacto global parece incapaz de mantener el incremento de la temperatura del planeta muy por debajo de los 2 \u00baC y a ser posible en 1,5 \u00baC.<\/p>\n<p>La ambici\u00f3n esperada en Madrid se ten\u00eda que concretar en tres aspectos fundamentales: calendario de presentaci\u00f3n de nuevos compromisos, el proceso que se llevar\u00e1 para ajustar los compromisos en la pr\u00f3xima cumbre, y una se\u00f1al por parte de la Presidencia de la necesidad de aumentar la reducci\u00f3n de las emisiones y de sacar adelante la la financiaci\u00f3n.<\/p>\n<p>Esta COP25 no ha sido capaz de lograr que se mantengan los plazos previstos que obligan a los pa\u00edses a depositar sus nuevos compromisos bajo el Acuerdo de Par\u00eds durante el primer semestre de 2020. Esto habr\u00eda facilitado que en la pr\u00f3xima Cumbre del Clima (COP26 en Glasgow) se pudiera forzar a la comunidad internacional a que cumpliera con las indicaciones cient\u00edficas. En lugar de eso, se ha vuelto a publicar una declaraci\u00f3n m\u00e1s simb\u00f3lica que operativa (que permite publicar los compromisos nacionales en la segunda mitad del 2020) para intentar paliar la decepci\u00f3n que las decisiones de esta cumbre han provocado en toda la sociedad civil.<\/p>\n<p>Las negociaciones durante estas dos semanas han sido muy dif\u00edciles y han tenido numerosos escollos. Cada vez es m\u00e1s evidente c\u00f3mo la divisi\u00f3n entre las posturas de los pa\u00edses provoca tensiones que terminan reduciendo los objetivos del Acuerdo de Par\u00eds. Prueba de ello es que el acuerdo final se ha cerrado m\u00e1s de un d\u00eda y medio despu\u00e9s de la fecha prevista, cuando algunos pa\u00edses peque\u00f1os y empobrecidos ya no estaban presentes, algo que les ha restado capacidad de influir en las negociaciones.<\/p>\n<p>Asimismo cabe destacar dos hechos que resultan inadmisibles: por un lado, el papel de los pa\u00edses m\u00e1s contaminantes (como EE UU, Arabia Saud\u00ed, Brasil o China) con sus bloqueos permanentes en muchas de las discusiones y su falta absoluta de ambici\u00f3n. Por otro lado, el cuestionamiento al lenguaje de los derechos humanos en todos los grupos de trabajo. Salvaguardar y respetar la Carta de los Derechos Humanos es un m\u00ednimo obligado que las Naciones Unidas no deber\u00edan cuestionar bajo ning\u00fan concepto.<\/p>\n<p>Como resultado final, nos encontramos con un acuerdo d\u00e9bil, que ha aplazado debates importantes y que no ha sido capaz de arrancar compromisos ambiciosos a ninguna de las partes. La incapacidad de aprobar el Art\u00edculo 6 es una prueba de ello. Aunque el bloqueo sobre este punto se ha vivido como un fracaso en las negociaciones, para Ecologistas en Acci\u00f3n no lo es, ya que tanto mercados de carbono como mecanismos de desarrollo limpio son herramientas que no benefician a la justicia clim\u00e1tica y social.<\/p>\n<p>Entre los temas que se han aplazado para siguientes reuniones, destacan las cuestiones relacionadas con la adaptaci\u00f3n, ya que la falta de rendici\u00f3n de cuentas de algunos pa\u00edses sobre sus planes de adaptaci\u00f3n impide la adopci\u00f3n de acuerdos. Un bloqueo al que tanto el G77 y China como la UE juzgan como una decepci\u00f3n que mina la confianza en el proceso de negociaciones. Asimismo, se han <a href=\"https:\/\/www.ecologistasenaccion.org\/132255\">pospuesto<\/a> el papel de la agricultura dentro de la lucha contra el cambio clim\u00e1tico y la contabilidad de las emisiones del transporte mar\u00edtimo y a\u00e9reo.<\/p>\n<p>Una vez m\u00e1s, la COP25 ha obviado la necesidad de echar a los grandes contaminadores de estas cumbres. Es m\u00e1s, ha permitido que a trav\u00e9s de patrocinio la Cumbre del Clima se haya convertido en escaparate donde lavar de verde a las empresas responsables de la degradaci\u00f3n clim\u00e1tica, obteniendo adem\u00e1s acceso a pol\u00edticos y negociadores.<\/p>\n<p>Resulta inaceptable que se permita a las grandes empresas petroleras, de aviaci\u00f3n civil y mar\u00edtima, mineras y el\u00e9ctricas, seguir condicionando la ruta de descarbonizaci\u00f3n de la econom\u00eda. Solo una correcta planificaci\u00f3n que consiga transformar el sistema productivo para lograr una dr\u00e1stica reducci\u00f3n de emisi\u00f3n de GEI podr\u00e1 frenar la emergencia clim\u00e1tica.<\/p>\n<p>Por todo ello, Ecologistas en Acci\u00f3n se ha sumado a la conclusi\u00f3n final de las plataformas de la sociedad civil dentro de la Cumbre del Clima: \u201cLa COP25 ha fallado a las personas y al planeta. Poder de la gente, justicia clim\u00e1tica\u201d. Seg\u00fan ha declarado la Climate Action Network, \u201cnunca se hab\u00eda visto una desconexi\u00f3n tan grande entre la ciencia y las demandas de la gente con los debates y las propuestas de los gobiernos\u201d.<\/p>\n<p>A pesar del resultado tan decepcionante de esta Cumbre del Clima, la sociedad civil no desiste de su camino. La valoraci\u00f3n de las masivas movilizaciones sociales son, adem\u00e1s, esperanzadoras. Javier Andaluz, responsable de Clima y Energ\u00eda de Ecologistas en Acci\u00f3n, ha declarado: \u201cTal y como se ha visto, la presi\u00f3n social ha conseguido que para algunos pa\u00edses sea imposible salir de esta cumbre con un mal acuerdo que desoiga el grito ciudadano de los \u00faltimos meses. Vamos a seguir saliendo la calle para demandar que se haga caso a la ciencia y seguir demandando justicia clim\u00e1tica\u201d.<\/p>\n<p>Nuria Bl\u00e1zquez, responsable de Transporte de Ecologistas en Acci\u00f3n, ha a\u00f1adido: \u201cPor nuestro futuro pero tambi\u00e9n por nuestro presente, y por el presente de miles de personas del Sur Global -especialmente poblaciones rurales e ind\u00edgenas- que son quienes menos han contribuido a generar esta situaci\u00f3n y quienes ya la est\u00e1n sufriendo de manera grave. El a\u00f1o 2020 se ha declarado el a\u00f1o de las movilizaciones clim\u00e1ticas y as\u00ed va a ser. No tenemos alternativa, tampoco tenemos Planeta B\u201d.<\/p>\n","protected":false},"excerpt":{"rendered":"<p>Ecologistas en Acci\u00f3n, una de las organizaciones sociales presentes en la COP25 y en la Cumbre Social por el Clima, denuncia los resultados de esta COP que hoy ha finalizado en Madrid. Estos son algunos de los puntos de su&hellip;<\/p>\n","protected":false},"author":1681,"featured_media":996660,"comment_status":"closed","ping_status":"closed","sticky":false,"template":"","format":"standard","meta":{"footnotes":""},"categories":[149,78,39],"tags":[29,67874,1065,23079,68406],"class_list":["post-996659","post","type-post","status-publish","format-standard","has-post-thumbnail","hentry","category-comunicados-de-prensa","category-medio-ambiente-ecologia","category-internacional","tag-chile","tag-cop25-pt-pt-es","tag-espana","tag-fracaso","tag-movilizaciones-climaticas"],"yoast_head":"<!-- This site is optimized with the Yoast SEO plugin v27.1.1 - https:\/\/yoast.com\/product\/yoast-seo-wordpress\/ -->\n<title>Evaluaci\u00f3n COP25: El mundo grita emergencia y los gobiernos se tapan los o\u00eddos<\/title>\n<meta name=\"description\" content=\"Ecologistas en Acci\u00f3n, una de las organizaciones sociales presentes en la COP25 y en la Cumbre Social por el Clima, denuncia los resultados de esta COP\" \/>\n<meta name=\"robots\" content=\"index, follow, max-snippet:-1, max-image-preview:large, max-video-preview:-1\" \/>\n<link rel=\"canonical\" href=\"https:\/\/www.pressenza.com\/es\/2019\/12\/evaluacion-cop25-el-mundo-grita-emergencia-y-los-gobiernos-se-tapan-los-oidos\/\" \/>\n<meta property=\"og:locale\" content=\"es_ES\" \/>\n<meta property=\"og:type\" content=\"article\" \/>\n<meta property=\"og:title\" content=\"Evaluaci\u00f3n COP25: El mundo grita emergencia y los gobiernos se tapan los o\u00eddos\" \/>\n<meta property=\"og:description\" content=\"Ecologistas en Acci\u00f3n, una de las organizaciones sociales presentes en la COP25 y en la Cumbre Social por el Clima, denuncia los resultados de esta COP\" \/>\n<meta property=\"og:url\" content=\"https:\/\/www.pressenza.com\/es\/2019\/12\/evaluacion-cop25-el-mundo-grita-emergencia-y-los-gobiernos-se-tapan-los-oidos\/\" \/>\n<meta property=\"og:site_name\" content=\"Pressenza\" \/>\n<meta property=\"article:publisher\" content=\"https:\/\/www.facebook.com\/PressenzaItalia\" \/>\n<meta property=\"article:published_time\" content=\"2019-12-15T22:19:43+00:00\" \/>\n<meta property=\"og:image\" content=\"https:\/\/www.pressenza.com\/wp-content\/uploads\/2019\/12\/COP25_ALVARO-ORUS.jpeg\" \/>\n\t<meta property=\"og:image:width\" content=\"2048\" \/>\n\t<meta property=\"og:image:height\" content=\"1365\" \/>\n\t<meta property=\"og:image:type\" content=\"image\/jpeg\" \/>\n<meta name=\"author\" content=\"Redacci\u00f3n Espa\u00f1a\" \/>\n<meta name=\"twitter:card\" content=\"summary_large_image\" \/>\n<meta name=\"twitter:creator\" content=\"@PressenzaIPA\" \/>\n<meta name=\"twitter:site\" content=\"@PressenzaIPA\" \/>\n<meta name=\"twitter:label1\" content=\"Escrito por\" \/>\n\t<meta name=\"twitter:data1\" content=\"Redacci\u00f3n Espa\u00f1a\" \/>\n\t<meta name=\"twitter:label2\" content=\"Tiempo de lectura\" \/>\n\t<meta name=\"twitter:data2\" content=\"7 minutos\" \/>\n<script type=\"application\/ld+json\" class=\"yoast-schema-graph\">{\"@context\":\"https:\/\/schema.org\",\"@graph\":[{\"@type\":\"Article\",\"@id\":\"https:\/\/www.pressenza.com\/es\/2019\/12\/evaluacion-cop25-el-mundo-grita-emergencia-y-los-gobiernos-se-tapan-los-oidos\/#article\",\"isPartOf\":{\"@id\":\"https:\/\/www.pressenza.com\/es\/2019\/12\/evaluacion-cop25-el-mundo-grita-emergencia-y-los-gobiernos-se-tapan-los-oidos\/\"},\"author\":{\"name\":\"Redacci\u00f3n Espa\u00f1a\",\"@id\":\"https:\/\/www.pressenza.com\/es\/#\/schema\/person\/fffbbe2f14495897417f313a954dae23\"},\"headline\":\"Evaluaci\u00f3n COP25: El mundo grita emergencia y los gobiernos se tapan los o\u00eddos\",\"datePublished\":\"2019-12-15T22:19:43+00:00\",\"mainEntityOfPage\":{\"@id\":\"https:\/\/www.pressenza.com\/es\/2019\/12\/evaluacion-cop25-el-mundo-grita-emergencia-y-los-gobiernos-se-tapan-los-oidos\/\"},\"wordCount\":1405,\"publisher\":{\"@id\":\"https:\/\/www.pressenza.com\/es\/#organization\"},\"image\":{\"@id\":\"https:\/\/www.pressenza.com\/es\/2019\/12\/evaluacion-cop25-el-mundo-grita-emergencia-y-los-gobiernos-se-tapan-los-oidos\/#primaryimage\"},\"thumbnailUrl\":\"https:\/\/www.pressenza.com\/wp-content\/uploads\/2019\/12\/COP25_ALVARO-ORUS.jpeg\",\"keywords\":[\"Chile\",\"COP25\",\"Espa\u00f1a\",\"fracaso\",\"movilizaciones clim\u00e1ticas\"],\"articleSection\":[\"Comunicados de Prensa\",\"Ecolog\u00eda y Medio Ambiente\",\"Internacional\"],\"inLanguage\":\"es\"},{\"@type\":\"WebPage\",\"@id\":\"https:\/\/www.pressenza.com\/es\/2019\/12\/evaluacion-cop25-el-mundo-grita-emergencia-y-los-gobiernos-se-tapan-los-oidos\/\",\"url\":\"https:\/\/www.pressenza.com\/es\/2019\/12\/evaluacion-cop25-el-mundo-grita-emergencia-y-los-gobiernos-se-tapan-los-oidos\/\",\"name\":\"Evaluaci\u00f3n COP25: El mundo grita emergencia y los gobiernos se tapan los o\u00eddos\",\"isPartOf\":{\"@id\":\"https:\/\/www.pressenza.com\/es\/#website\"},\"primaryImageOfPage\":{\"@id\":\"https:\/\/www.pressenza.com\/es\/2019\/12\/evaluacion-cop25-el-mundo-grita-emergencia-y-los-gobiernos-se-tapan-los-oidos\/#primaryimage\"},\"image\":{\"@id\":\"https:\/\/www.pressenza.com\/es\/2019\/12\/evaluacion-cop25-el-mundo-grita-emergencia-y-los-gobiernos-se-tapan-los-oidos\/#primaryimage\"},\"thumbnailUrl\":\"https:\/\/www.pressenza.com\/wp-content\/uploads\/2019\/12\/COP25_ALVARO-ORUS.jpeg\",\"datePublished\":\"2019-12-15T22:19:43+00:00\",\"description\":\"Ecologistas en Acci\u00f3n, una de las organizaciones sociales presentes en la COP25 y en la Cumbre Social por el Clima, denuncia los resultados de esta COP\",\"breadcrumb\":{\"@id\":\"https:\/\/www.pressenza.com\/es\/2019\/12\/evaluacion-cop25-el-mundo-grita-emergencia-y-los-gobiernos-se-tapan-los-oidos\/#breadcrumb\"},\"inLanguage\":\"es\",\"potentialAction\":[{\"@type\":\"ReadAction\",\"target\":[\"https:\/\/www.pressenza.com\/es\/2019\/12\/evaluacion-cop25-el-mundo-grita-emergencia-y-los-gobiernos-se-tapan-los-oidos\/\"]}]},{\"@type\":\"ImageObject\",\"inLanguage\":\"es\",\"@id\":\"https:\/\/www.pressenza.com\/es\/2019\/12\/evaluacion-cop25-el-mundo-grita-emergencia-y-los-gobiernos-se-tapan-los-oidos\/#primaryimage\",\"url\":\"https:\/\/www.pressenza.com\/wp-content\/uploads\/2019\/12\/COP25_ALVARO-ORUS.jpeg\",\"contentUrl\":\"https:\/\/www.pressenza.com\/wp-content\/uploads\/2019\/12\/COP25_ALVARO-ORUS.jpeg\",\"width\":2048,\"height\":1365},{\"@type\":\"BreadcrumbList\",\"@id\":\"https:\/\/www.pressenza.com\/es\/2019\/12\/evaluacion-cop25-el-mundo-grita-emergencia-y-los-gobiernos-se-tapan-los-oidos\/#breadcrumb\",\"itemListElement\":[{\"@type\":\"ListItem\",\"position\":1,\"name\":\"Accueil\",\"item\":\"https:\/\/www.pressenza.com\/es\/\"},{\"@type\":\"ListItem\",\"position\":2,\"name\":\"Evaluaci\u00f3n COP25: El mundo grita emergencia y los gobiernos se tapan los o\u00eddos\"}]},{\"@type\":\"WebSite\",\"@id\":\"https:\/\/www.pressenza.com\/es\/#website\",\"url\":\"https:\/\/www.pressenza.com\/es\/\",\"name\":\"Pressenza\",\"description\":\"International Press Agency\",\"publisher\":{\"@id\":\"https:\/\/www.pressenza.com\/es\/#organization\"},\"potentialAction\":[{\"@type\":\"SearchAction\",\"target\":{\"@type\":\"EntryPoint\",\"urlTemplate\":\"https:\/\/www.pressenza.com\/es\/?s={search_term_string}\"},\"query-input\":{\"@type\":\"PropertyValueSpecification\",\"valueRequired\":true,\"valueName\":\"search_term_string\"}}],\"inLanguage\":\"es\"},{\"@type\":\"Organization\",\"@id\":\"https:\/\/www.pressenza.com\/es\/#organization\",\"name\":\"Pressenza\",\"url\":\"https:\/\/www.pressenza.com\/es\/\",\"logo\":{\"@type\":\"ImageObject\",\"inLanguage\":\"es\",\"@id\":\"https:\/\/www.pressenza.com\/es\/#\/schema\/logo\/image\/\",\"url\":\"https:\/\/www.pressenza.com\/wp-content\/uploads\/2022\/10\/pressenza_logo_200x200.jpg\",\"contentUrl\":\"https:\/\/www.pressenza.com\/wp-content\/uploads\/2022\/10\/pressenza_logo_200x200.jpg\",\"width\":200,\"height\":200,\"caption\":\"Pressenza\"},\"image\":{\"@id\":\"https:\/\/www.pressenza.com\/es\/#\/schema\/logo\/image\/\"},\"sameAs\":[\"https:\/\/www.facebook.com\/PressenzaItalia\",\"https:\/\/x.com\/PressenzaIPA\"]},{\"@type\":\"Person\",\"@id\":\"https:\/\/www.pressenza.com\/es\/#\/schema\/person\/fffbbe2f14495897417f313a954dae23\",\"name\":\"Redacci\u00f3n Espa\u00f1a\",\"url\":\"https:\/\/www.pressenza.com\/es\/author\/redaccion-espana\/\"}]}<\/script>\n<!-- \/ Yoast SEO plugin. -->","yoast_head_json":{"title":"Evaluaci\u00f3n COP25: El mundo grita emergencia y los gobiernos se tapan los o\u00eddos","description":"Ecologistas en Acci\u00f3n, una de las organizaciones sociales presentes en la COP25 y en la Cumbre Social por el Clima, denuncia los resultados de esta COP","robots":{"index":"index","follow":"follow","max-snippet":"max-snippet:-1","max-image-preview":"max-image-preview:large","max-video-preview":"max-video-preview:-1"},"canonical":"https:\/\/www.pressenza.com\/es\/2019\/12\/evaluacion-cop25-el-mundo-grita-emergencia-y-los-gobiernos-se-tapan-los-oidos\/","og_locale":"es_ES","og_type":"article","og_title":"Evaluaci\u00f3n COP25: El mundo grita emergencia y los gobiernos se tapan los o\u00eddos","og_description":"Ecologistas en Acci\u00f3n, una de las organizaciones sociales presentes en la COP25 y en la Cumbre Social por el Clima, denuncia los resultados de esta COP","og_url":"https:\/\/www.pressenza.com\/es\/2019\/12\/evaluacion-cop25-el-mundo-grita-emergencia-y-los-gobiernos-se-tapan-los-oidos\/","og_site_name":"Pressenza","article_publisher":"https:\/\/www.facebook.com\/PressenzaItalia","article_published_time":"2019-12-15T22:19:43+00:00","og_image":[{"width":2048,"height":1365,"url":"https:\/\/www.pressenza.com\/wp-content\/uploads\/2019\/12\/COP25_ALVARO-ORUS.jpeg","type":"image\/jpeg"}],"author":"Redacci\u00f3n Espa\u00f1a","twitter_card":"summary_large_image","twitter_creator":"@PressenzaIPA","twitter_site":"@PressenzaIPA","twitter_misc":{"Escrito por":"Redacci\u00f3n Espa\u00f1a","Tiempo de lectura":"7 minutos"},"schema":{"@context":"https:\/\/schema.org","@graph":[{"@type":"Article","@id":"https:\/\/www.pressenza.com\/es\/2019\/12\/evaluacion-cop25-el-mundo-grita-emergencia-y-los-gobiernos-se-tapan-los-oidos\/#article","isPartOf":{"@id":"https:\/\/www.pressenza.com\/es\/2019\/12\/evaluacion-cop25-el-mundo-grita-emergencia-y-los-gobiernos-se-tapan-los-oidos\/"},"author":{"name":"Redacci\u00f3n Espa\u00f1a","@id":"https:\/\/www.pressenza.com\/es\/#\/schema\/person\/fffbbe2f14495897417f313a954dae23"},"headline":"Evaluaci\u00f3n COP25: El mundo grita emergencia y los gobiernos se tapan los o\u00eddos","datePublished":"2019-12-15T22:19:43+00:00","mainEntityOfPage":{"@id":"https:\/\/www.pressenza.com\/es\/2019\/12\/evaluacion-cop25-el-mundo-grita-emergencia-y-los-gobiernos-se-tapan-los-oidos\/"},"wordCount":1405,"publisher":{"@id":"https:\/\/www.pressenza.com\/es\/#organization"},"image":{"@id":"https:\/\/www.pressenza.com\/es\/2019\/12\/evaluacion-cop25-el-mundo-grita-emergencia-y-los-gobiernos-se-tapan-los-oidos\/#primaryimage"},"thumbnailUrl":"https:\/\/www.pressenza.com\/wp-content\/uploads\/2019\/12\/COP25_ALVARO-ORUS.jpeg","keywords":["Chile","COP25","Espa\u00f1a","fracaso","movilizaciones clim\u00e1ticas"],"articleSection":["Comunicados de Prensa","Ecolog\u00eda y Medio Ambiente","Internacional"],"inLanguage":"es"},{"@type":"WebPage","@id":"https:\/\/www.pressenza.com\/es\/2019\/12\/evaluacion-cop25-el-mundo-grita-emergencia-y-los-gobiernos-se-tapan-los-oidos\/","url":"https:\/\/www.pressenza.com\/es\/2019\/12\/evaluacion-cop25-el-mundo-grita-emergencia-y-los-gobiernos-se-tapan-los-oidos\/","name":"Evaluaci\u00f3n COP25: El mundo grita emergencia y los gobiernos se tapan los o\u00eddos","isPartOf":{"@id":"https:\/\/www.pressenza.com\/es\/#website"},"primaryImageOfPage":{"@id":"https:\/\/www.pressenza.com\/es\/2019\/12\/evaluacion-cop25-el-mundo-grita-emergencia-y-los-gobiernos-se-tapan-los-oidos\/#primaryimage"},"image":{"@id":"https:\/\/www.pressenza.com\/es\/2019\/12\/evaluacion-cop25-el-mundo-grita-emergencia-y-los-gobiernos-se-tapan-los-oidos\/#primaryimage"},"thumbnailUrl":"https:\/\/www.pressenza.com\/wp-content\/uploads\/2019\/12\/COP25_ALVARO-ORUS.jpeg","datePublished":"2019-12-15T22:19:43+00:00","description":"Ecologistas en Acci\u00f3n, una de las organizaciones sociales presentes en la COP25 y en la Cumbre Social por el Clima, denuncia los resultados de esta COP","breadcrumb":{"@id":"https:\/\/www.pressenza.com\/es\/2019\/12\/evaluacion-cop25-el-mundo-grita-emergencia-y-los-gobiernos-se-tapan-los-oidos\/#breadcrumb"},"inLanguage":"es","potentialAction":[{"@type":"ReadAction","target":["https:\/\/www.pressenza.com\/es\/2019\/12\/evaluacion-cop25-el-mundo-grita-emergencia-y-los-gobiernos-se-tapan-los-oidos\/"]}]},{"@type":"ImageObject","inLanguage":"es","@id":"https:\/\/www.pressenza.com\/es\/2019\/12\/evaluacion-cop25-el-mundo-grita-emergencia-y-los-gobiernos-se-tapan-los-oidos\/#primaryimage","url":"https:\/\/www.pressenza.com\/wp-content\/uploads\/2019\/12\/COP25_ALVARO-ORUS.jpeg","contentUrl":"https:\/\/www.pressenza.com\/wp-content\/uploads\/2019\/12\/COP25_ALVARO-ORUS.jpeg","width":2048,"height":1365},{"@type":"BreadcrumbList","@id":"https:\/\/www.pressenza.com\/es\/2019\/12\/evaluacion-cop25-el-mundo-grita-emergencia-y-los-gobiernos-se-tapan-los-oidos\/#breadcrumb","itemListElement":[{"@type":"ListItem","position":1,"name":"Accueil","item":"https:\/\/www.pressenza.com\/es\/"},{"@type":"ListItem","position":2,"name":"Evaluaci\u00f3n COP25: El mundo grita emergencia y los gobiernos se tapan los o\u00eddos"}]},{"@type":"WebSite","@id":"https:\/\/www.pressenza.com\/es\/#website","url":"https:\/\/www.pressenza.com\/es\/","name":"Pressenza","description":"International Press Agency","publisher":{"@id":"https:\/\/www.pressenza.com\/es\/#organization"},"potentialAction":[{"@type":"SearchAction","target":{"@type":"EntryPoint","urlTemplate":"https:\/\/www.pressenza.com\/es\/?s={search_term_string}"},"query-input":{"@type":"PropertyValueSpecification","valueRequired":true,"valueName":"search_term_string"}}],"inLanguage":"es"},{"@type":"Organization","@id":"https:\/\/www.pressenza.com\/es\/#organization","name":"Pressenza","url":"https:\/\/www.pressenza.com\/es\/","logo":{"@type":"ImageObject","inLanguage":"es","@id":"https:\/\/www.pressenza.com\/es\/#\/schema\/logo\/image\/","url":"https:\/\/www.pressenza.com\/wp-content\/uploads\/2022\/10\/pressenza_logo_200x200.jpg","contentUrl":"https:\/\/www.pressenza.com\/wp-content\/uploads\/2022\/10\/pressenza_logo_200x200.jpg","width":200,"height":200,"caption":"Pressenza"},"image":{"@id":"https:\/\/www.pressenza.com\/es\/#\/schema\/logo\/image\/"},"sameAs":["https:\/\/www.facebook.com\/PressenzaItalia","https:\/\/x.com\/PressenzaIPA"]},{"@type":"Person","@id":"https:\/\/www.pressenza.com\/es\/#\/schema\/person\/fffbbe2f14495897417f313a954dae23","name":"Redacci\u00f3n Espa\u00f1a","url":"https:\/\/www.pressenza.com\/es\/author\/redaccion-espana\/"}]}},"place":"Madrid","original_article_url":"","_links":{"self":[{"href":"https:\/\/www.pressenza.com\/es\/wp-json\/wp\/v2\/posts\/996659","targetHints":{"allow":["GET"]}}],"collection":[{"href":"https:\/\/www.pressenza.com\/es\/wp-json\/wp\/v2\/posts"}],"about":[{"href":"https:\/\/www.pressenza.com\/es\/wp-json\/wp\/v2\/types\/post"}],"author":[{"embeddable":true,"href":"https:\/\/www.pressenza.com\/es\/wp-json\/wp\/v2\/users\/1681"}],"replies":[{"embeddable":true,"href":"https:\/\/www.pressenza.com\/es\/wp-json\/wp\/v2\/comments?post=996659"}],"version-history":[{"count":0,"href":"https:\/\/www.pressenza.com\/es\/wp-json\/wp\/v2\/posts\/996659\/revisions"}],"wp:featuredmedia":[{"embeddable":true,"href":"https:\/\/www.pressenza.com\/es\/wp-json\/wp\/v2\/media\/996660"}],"wp:attachment":[{"href":"https:\/\/www.pressenza.com\/es\/wp-json\/wp\/v2\/media?parent=996659"}],"wp:term":[{"taxonomy":"category","embeddable":true,"href":"https:\/\/www.pressenza.com\/es\/wp-json\/wp\/v2\/categories?post=996659"},{"taxonomy":"post_tag","embeddable":true,"href":"https:\/\/www.pressenza.com\/es\/wp-json\/wp\/v2\/tags?post=996659"}],"curies":[{"name":"wp","href":"https:\/\/api.w.org\/{rel}","templated":true}]}}