{"id":995478,"date":"2019-12-14T18:27:30","date_gmt":"2019-12-14T18:27:30","guid":{"rendered":"https:\/\/www.pressenza.com\/?p=995478"},"modified":"2019-12-14T18:27:30","modified_gmt":"2019-12-14T18:27:30","slug":"nobel-verde-absuelto-tribunal-de-temuco-deja-en-libertad-a-alberto-curamil-en-caso-de-asalto-en-galvarino","status":"publish","type":"post","link":"https:\/\/www.pressenza.com\/es\/2019\/12\/nobel-verde-absuelto-tribunal-de-temuco-deja-en-libertad-a-alberto-curamil-en-caso-de-asalto-en-galvarino\/","title":{"rendered":"Nobel Verde absuelto: Tribunal de Temuco deja en libertad a Alberto Curamil en caso de asalto en Galvarino"},"content":{"rendered":"<blockquote><p>El juicio por el robo en la Caja de Compensaci\u00f3n Los Andes termin\u00f3 con la absoluci\u00f3n un\u00e1nime de Alberto Curamil y \u00c1lvaro Millal\u00e9n y la condena de Jos\u00e9 C\u00e1ceres y V\u00edctor Llanquileo.<\/p><\/blockquote>\n<p>\u201cEstoy muy contenta porque sab\u00edamos que eran inocentes, tanto el lonko Alberto Curamil como el werken \u00c1lvaro Millal\u00e9n. Si estuvieron tanto tiempo presos es porque levantaron la voz y lucharon por nuestro territorio, por la libertad de nuestra mapu, la libertad de nuestros r\u00edos y la libertad de la gente y del pueblo mapuche\u201d, asegur\u00f3 a la salida del tribunal Bel\u00e9n Curamil, hija y vocera del lonko Alberto Curamil, quien hoy sali\u00f3 en libertad despu\u00e9s de pasar m\u00e1s de un a\u00f1o en prisi\u00f3n a la espera del juicio.<\/p>\n<p>Curamil, quien gan\u00f3 el prestigioso premio Goldman este a\u00f1o por su defensa del r\u00edo Caut\u00edn ante diversos proyectos hidroel\u00e9ctricos, fue detenido en agosto de 2018 por su supuesta participaci\u00f3n en el robo que ocurri\u00f3 en abril de 2018 en la Caja de Compensaci\u00f3n Los H\u00e9roes de Galvarino.<\/p>\n<p>El juicio en Temuco dur\u00f3 un poco m\u00e1s de un mes, y en qued\u00f3 en evidencia c\u00f3mo ni Curamil ni \u00c1lvaro Millal\u00e9n estaban involucrados en los hechos. Ninguno de los registros audiovisuales de ese d\u00eda aclaraba la identidad de los asaltantes, ni tampoco se encontraron pruebas de ADN coincidentes con los perfiles de ambos en la escena del crimen.<\/p>\n<p>El momento clave, eso s\u00ed, se vivi\u00f3 cuando declar\u00f3 uno de los testigos del asalto. Seg\u00fan consta en la declaraci\u00f3n que dio a Fiscal\u00eda, \u00e9l habr\u00eda reconocido a Curamil y Millal\u00e9n ese d\u00eda. Sin embargo, cuando declar\u00f3 -con reserva de identidad- no pudo reconocer a ninguno de los cuatro imputados que estaban en ese momento en la sala como los autores del asalto.<\/p>\n<p>Ante las constantes interrogantes que hizo el fiscal Luis Torres en ese momento, los jueces lo interrumpieron y les record\u00f3 que su deber era resguardar la integridad f\u00edsica del testigo.<\/p>\n<p>A Curamil tambi\u00e9n se le imputaban tres delitos de porte ilegal de arma, por los que tambi\u00e9n qued\u00f3 absuelto. Vale recordar que su inclusi\u00f3n en este caso naci\u00f3 a partir de una denuncia an\u00f3nima entregada al Ministerio del Interior.<\/p>\n<p>\u201cEl gobierno de Pi\u00f1era es el gran derrotado de hoy porque se desmont\u00f3 su acusaci\u00f3n\u201d, asegur\u00f3 a la salida del juicio Miguel Mel\u00edn, miembro de la Alianza Territorial Mapuche (ATM). \u201cEste montaje se inici\u00f3 desde el Ministerio del Interior, fue un intento por aislar y sacar de circulaci\u00f3n un lonko que estaba generando un proceso en el territorio, ese es el trasfondo\u201d, agreg\u00f3.<\/p>\n<p>La Fiscal\u00eda buscaba una pena de c\u00e1rcel de 46 a\u00f1os para Curamil, mientras que el gobierno -a trav\u00e9s de la Intendencia de La Araucan\u00eda como querellante- lo quer\u00eda 50 a\u00f1os en prisi\u00f3n. La absoluci\u00f3n de hoy fue una decisi\u00f3n un\u00e1nime tomada por los tres jueces del tribunal.<\/p>\n","protected":false},"excerpt":{"rendered":"<p>El juicio por el robo en la Caja de Compensaci\u00f3n Los Andes termin\u00f3 con la absoluci\u00f3n un\u00e1nime de Alberto Curamil y \u00c1lvaro Millal\u00e9n y la condena de Jos\u00e9 C\u00e1ceres y V\u00edctor Llanquileo. \u201cEstoy muy contenta porque sab\u00edamos que eran inocentes,&hellip;<\/p>\n","protected":false},"author":43,"featured_media":995479,"comment_status":"closed","ping_status":"closed","sticky":false,"template":"","format":"standard","meta":{"footnotes":""},"categories":[149,80,67],"tags":[65510],"class_list":["post-995478","post","type-post","status-publish","format-standard","has-post-thumbnail","hentry","category-comunicados-de-prensa","category-pueblos-originarios","category-sudamerica","tag-alberto-curamil"],"yoast_head":"<!-- This site is optimized with the Yoast SEO plugin v27.1.1 - https:\/\/yoast.com\/product\/yoast-seo-wordpress\/ -->\n<title>Nobel Verde absuelto: Tribunal de Temuco deja en libertad a Alberto Curamil en caso de asalto en Galvarino<\/title>\n<meta name=\"description\" content=\"Nobel Verde absuelto: Tribunal de Temuco deja en libertad a Alberto Curamil en caso de asalto en Galvarino\" \/>\n<meta name=\"robots\" content=\"index, follow, max-snippet:-1, max-image-preview:large, max-video-preview:-1\" \/>\n<link rel=\"canonical\" href=\"https:\/\/www.pressenza.com\/es\/2019\/12\/nobel-verde-absuelto-tribunal-de-temuco-deja-en-libertad-a-alberto-curamil-en-caso-de-asalto-en-galvarino\/\" \/>\n<meta property=\"og:locale\" content=\"es_ES\" \/>\n<meta property=\"og:type\" content=\"article\" \/>\n<meta property=\"og:title\" content=\"Nobel Verde absuelto: Tribunal de Temuco deja en libertad a Alberto Curamil en caso de asalto en Galvarino\" \/>\n<meta property=\"og:description\" content=\"Nobel Verde absuelto: Tribunal de Temuco deja en libertad a Alberto Curamil en caso de asalto en Galvarino\" \/>\n<meta property=\"og:url\" content=\"https:\/\/www.pressenza.com\/es\/2019\/12\/nobel-verde-absuelto-tribunal-de-temuco-deja-en-libertad-a-alberto-curamil-en-caso-de-asalto-en-galvarino\/\" \/>\n<meta property=\"og:site_name\" content=\"Pressenza\" \/>\n<meta property=\"article:publisher\" content=\"https:\/\/www.facebook.com\/PressenzaItalia\" \/>\n<meta property=\"article:author\" content=\"https:\/\/www.facebook.com\/pressenza\" \/>\n<meta property=\"article:published_time\" content=\"2019-12-14T18:27:30+00:00\" \/>\n<meta property=\"og:image\" content=\"https:\/\/www.pressenza.com\/wp-content\/uploads\/2019\/12\/lonko.jpg\" \/>\n\t<meta property=\"og:image:width\" content=\"770\" \/>\n\t<meta property=\"og:image:height\" content=\"450\" \/>\n\t<meta property=\"og:image:type\" content=\"image\/jpeg\" \/>\n<meta name=\"author\" content=\"Redacci\u00f3n Chile\" \/>\n<meta name=\"twitter:card\" content=\"summary_large_image\" \/>\n<meta name=\"twitter:creator\" content=\"@pressenza\" \/>\n<meta name=\"twitter:site\" content=\"@PressenzaIPA\" \/>\n<meta name=\"twitter:label1\" content=\"Escrito por\" \/>\n\t<meta name=\"twitter:data1\" content=\"Redacci\u00f3n Chile\" \/>\n\t<meta name=\"twitter:label2\" content=\"Tiempo de lectura\" \/>\n\t<meta name=\"twitter:data2\" content=\"3 minutos\" \/>\n<script type=\"application\/ld+json\" class=\"yoast-schema-graph\">{\"@context\":\"https:\/\/schema.org\",\"@graph\":[{\"@type\":\"Article\",\"@id\":\"https:\/\/www.pressenza.com\/es\/2019\/12\/nobel-verde-absuelto-tribunal-de-temuco-deja-en-libertad-a-alberto-curamil-en-caso-de-asalto-en-galvarino\/#article\",\"isPartOf\":{\"@id\":\"https:\/\/www.pressenza.com\/es\/2019\/12\/nobel-verde-absuelto-tribunal-de-temuco-deja-en-libertad-a-alberto-curamil-en-caso-de-asalto-en-galvarino\/\"},\"author\":{\"name\":\"Redacci\u00f3n Chile\",\"@id\":\"https:\/\/www.pressenza.com\/es\/#\/schema\/person\/d7db40df35d6698ba69ba9ee260944ed\"},\"headline\":\"Nobel Verde absuelto: Tribunal de Temuco deja en libertad a Alberto Curamil en caso de asalto en Galvarino\",\"datePublished\":\"2019-12-14T18:27:30+00:00\",\"mainEntityOfPage\":{\"@id\":\"https:\/\/www.pressenza.com\/es\/2019\/12\/nobel-verde-absuelto-tribunal-de-temuco-deja-en-libertad-a-alberto-curamil-en-caso-de-asalto-en-galvarino\/\"},\"wordCount\":533,\"publisher\":{\"@id\":\"https:\/\/www.pressenza.com\/es\/#organization\"},\"image\":{\"@id\":\"https:\/\/www.pressenza.com\/es\/2019\/12\/nobel-verde-absuelto-tribunal-de-temuco-deja-en-libertad-a-alberto-curamil-en-caso-de-asalto-en-galvarino\/#primaryimage\"},\"thumbnailUrl\":\"https:\/\/www.pressenza.com\/wp-content\/uploads\/2019\/12\/lonko.jpg\",\"keywords\":[\"Alberto Curamil\"],\"articleSection\":[\"Comunicados de Prensa\",\"Pueblos Originarios\",\"Sudam\u00e9rica\"],\"inLanguage\":\"es\"},{\"@type\":\"WebPage\",\"@id\":\"https:\/\/www.pressenza.com\/es\/2019\/12\/nobel-verde-absuelto-tribunal-de-temuco-deja-en-libertad-a-alberto-curamil-en-caso-de-asalto-en-galvarino\/\",\"url\":\"https:\/\/www.pressenza.com\/es\/2019\/12\/nobel-verde-absuelto-tribunal-de-temuco-deja-en-libertad-a-alberto-curamil-en-caso-de-asalto-en-galvarino\/\",\"name\":\"Nobel Verde absuelto: Tribunal de Temuco deja en libertad a Alberto Curamil en caso de asalto en Galvarino\",\"isPartOf\":{\"@id\":\"https:\/\/www.pressenza.com\/es\/#website\"},\"primaryImageOfPage\":{\"@id\":\"https:\/\/www.pressenza.com\/es\/2019\/12\/nobel-verde-absuelto-tribunal-de-temuco-deja-en-libertad-a-alberto-curamil-en-caso-de-asalto-en-galvarino\/#primaryimage\"},\"image\":{\"@id\":\"https:\/\/www.pressenza.com\/es\/2019\/12\/nobel-verde-absuelto-tribunal-de-temuco-deja-en-libertad-a-alberto-curamil-en-caso-de-asalto-en-galvarino\/#primaryimage\"},\"thumbnailUrl\":\"https:\/\/www.pressenza.com\/wp-content\/uploads\/2019\/12\/lonko.jpg\",\"datePublished\":\"2019-12-14T18:27:30+00:00\",\"description\":\"Nobel Verde absuelto: Tribunal de Temuco deja en libertad a Alberto Curamil en caso de asalto en Galvarino\",\"breadcrumb\":{\"@id\":\"https:\/\/www.pressenza.com\/es\/2019\/12\/nobel-verde-absuelto-tribunal-de-temuco-deja-en-libertad-a-alberto-curamil-en-caso-de-asalto-en-galvarino\/#breadcrumb\"},\"inLanguage\":\"es\",\"potentialAction\":[{\"@type\":\"ReadAction\",\"target\":[\"https:\/\/www.pressenza.com\/es\/2019\/12\/nobel-verde-absuelto-tribunal-de-temuco-deja-en-libertad-a-alberto-curamil-en-caso-de-asalto-en-galvarino\/\"]}]},{\"@type\":\"ImageObject\",\"inLanguage\":\"es\",\"@id\":\"https:\/\/www.pressenza.com\/es\/2019\/12\/nobel-verde-absuelto-tribunal-de-temuco-deja-en-libertad-a-alberto-curamil-en-caso-de-asalto-en-galvarino\/#primaryimage\",\"url\":\"https:\/\/www.pressenza.com\/wp-content\/uploads\/2019\/12\/lonko.jpg\",\"contentUrl\":\"https:\/\/www.pressenza.com\/wp-content\/uploads\/2019\/12\/lonko.jpg\",\"width\":770,\"height\":450},{\"@type\":\"BreadcrumbList\",\"@id\":\"https:\/\/www.pressenza.com\/es\/2019\/12\/nobel-verde-absuelto-tribunal-de-temuco-deja-en-libertad-a-alberto-curamil-en-caso-de-asalto-en-galvarino\/#breadcrumb\",\"itemListElement\":[{\"@type\":\"ListItem\",\"position\":1,\"name\":\"Accueil\",\"item\":\"https:\/\/www.pressenza.com\/es\/\"},{\"@type\":\"ListItem\",\"position\":2,\"name\":\"Nobel Verde absuelto: Tribunal de Temuco deja en libertad a Alberto Curamil en caso de asalto en Galvarino\"}]},{\"@type\":\"WebSite\",\"@id\":\"https:\/\/www.pressenza.com\/es\/#website\",\"url\":\"https:\/\/www.pressenza.com\/es\/\",\"name\":\"Pressenza\",\"description\":\"International Press Agency\",\"publisher\":{\"@id\":\"https:\/\/www.pressenza.com\/es\/#organization\"},\"potentialAction\":[{\"@type\":\"SearchAction\",\"target\":{\"@type\":\"EntryPoint\",\"urlTemplate\":\"https:\/\/www.pressenza.com\/es\/?s={search_term_string}\"},\"query-input\":{\"@type\":\"PropertyValueSpecification\",\"valueRequired\":true,\"valueName\":\"search_term_string\"}}],\"inLanguage\":\"es\"},{\"@type\":\"Organization\",\"@id\":\"https:\/\/www.pressenza.com\/es\/#organization\",\"name\":\"Pressenza\",\"url\":\"https:\/\/www.pressenza.com\/es\/\",\"logo\":{\"@type\":\"ImageObject\",\"inLanguage\":\"es\",\"@id\":\"https:\/\/www.pressenza.com\/es\/#\/schema\/logo\/image\/\",\"url\":\"https:\/\/www.pressenza.com\/wp-content\/uploads\/2022\/10\/pressenza_logo_200x200.jpg\",\"contentUrl\":\"https:\/\/www.pressenza.com\/wp-content\/uploads\/2022\/10\/pressenza_logo_200x200.jpg\",\"width\":200,\"height\":200,\"caption\":\"Pressenza\"},\"image\":{\"@id\":\"https:\/\/www.pressenza.com\/es\/#\/schema\/logo\/image\/\"},\"sameAs\":[\"https:\/\/www.facebook.com\/PressenzaItalia\",\"https:\/\/x.com\/PressenzaIPA\"]},{\"@type\":\"Person\",\"@id\":\"https:\/\/www.pressenza.com\/es\/#\/schema\/person\/d7db40df35d6698ba69ba9ee260944ed\",\"name\":\"Redacci\u00f3n Chile\",\"description\":\"News from the Pressenza Bureau in Chile\",\"sameAs\":[\"https:\/\/www.facebook.com\/pressenza\",\"https:\/\/x.com\/pressenza\"],\"url\":\"https:\/\/www.pressenza.com\/es\/author\/redaccion-chile\/\"}]}<\/script>\n<!-- \/ Yoast SEO plugin. -->","yoast_head_json":{"title":"Nobel Verde absuelto: Tribunal de Temuco deja en libertad a Alberto Curamil en caso de asalto en Galvarino","description":"Nobel Verde absuelto: Tribunal de Temuco deja en libertad a Alberto Curamil en caso de asalto en Galvarino","robots":{"index":"index","follow":"follow","max-snippet":"max-snippet:-1","max-image-preview":"max-image-preview:large","max-video-preview":"max-video-preview:-1"},"canonical":"https:\/\/www.pressenza.com\/es\/2019\/12\/nobel-verde-absuelto-tribunal-de-temuco-deja-en-libertad-a-alberto-curamil-en-caso-de-asalto-en-galvarino\/","og_locale":"es_ES","og_type":"article","og_title":"Nobel Verde absuelto: Tribunal de Temuco deja en libertad a Alberto Curamil en caso de asalto en Galvarino","og_description":"Nobel Verde absuelto: Tribunal de Temuco deja en libertad a Alberto Curamil en caso de asalto en Galvarino","og_url":"https:\/\/www.pressenza.com\/es\/2019\/12\/nobel-verde-absuelto-tribunal-de-temuco-deja-en-libertad-a-alberto-curamil-en-caso-de-asalto-en-galvarino\/","og_site_name":"Pressenza","article_publisher":"https:\/\/www.facebook.com\/PressenzaItalia","article_author":"https:\/\/www.facebook.com\/pressenza","article_published_time":"2019-12-14T18:27:30+00:00","og_image":[{"width":770,"height":450,"url":"https:\/\/www.pressenza.com\/wp-content\/uploads\/2019\/12\/lonko.jpg","type":"image\/jpeg"}],"author":"Redacci\u00f3n Chile","twitter_card":"summary_large_image","twitter_creator":"@pressenza","twitter_site":"@PressenzaIPA","twitter_misc":{"Escrito por":"Redacci\u00f3n Chile","Tiempo de lectura":"3 minutos"},"schema":{"@context":"https:\/\/schema.org","@graph":[{"@type":"Article","@id":"https:\/\/www.pressenza.com\/es\/2019\/12\/nobel-verde-absuelto-tribunal-de-temuco-deja-en-libertad-a-alberto-curamil-en-caso-de-asalto-en-galvarino\/#article","isPartOf":{"@id":"https:\/\/www.pressenza.com\/es\/2019\/12\/nobel-verde-absuelto-tribunal-de-temuco-deja-en-libertad-a-alberto-curamil-en-caso-de-asalto-en-galvarino\/"},"author":{"name":"Redacci\u00f3n Chile","@id":"https:\/\/www.pressenza.com\/es\/#\/schema\/person\/d7db40df35d6698ba69ba9ee260944ed"},"headline":"Nobel Verde absuelto: Tribunal de Temuco deja en libertad a Alberto Curamil en caso de asalto en Galvarino","datePublished":"2019-12-14T18:27:30+00:00","mainEntityOfPage":{"@id":"https:\/\/www.pressenza.com\/es\/2019\/12\/nobel-verde-absuelto-tribunal-de-temuco-deja-en-libertad-a-alberto-curamil-en-caso-de-asalto-en-galvarino\/"},"wordCount":533,"publisher":{"@id":"https:\/\/www.pressenza.com\/es\/#organization"},"image":{"@id":"https:\/\/www.pressenza.com\/es\/2019\/12\/nobel-verde-absuelto-tribunal-de-temuco-deja-en-libertad-a-alberto-curamil-en-caso-de-asalto-en-galvarino\/#primaryimage"},"thumbnailUrl":"https:\/\/www.pressenza.com\/wp-content\/uploads\/2019\/12\/lonko.jpg","keywords":["Alberto Curamil"],"articleSection":["Comunicados de Prensa","Pueblos Originarios","Sudam\u00e9rica"],"inLanguage":"es"},{"@type":"WebPage","@id":"https:\/\/www.pressenza.com\/es\/2019\/12\/nobel-verde-absuelto-tribunal-de-temuco-deja-en-libertad-a-alberto-curamil-en-caso-de-asalto-en-galvarino\/","url":"https:\/\/www.pressenza.com\/es\/2019\/12\/nobel-verde-absuelto-tribunal-de-temuco-deja-en-libertad-a-alberto-curamil-en-caso-de-asalto-en-galvarino\/","name":"Nobel Verde absuelto: Tribunal de Temuco deja en libertad a Alberto Curamil en caso de asalto en Galvarino","isPartOf":{"@id":"https:\/\/www.pressenza.com\/es\/#website"},"primaryImageOfPage":{"@id":"https:\/\/www.pressenza.com\/es\/2019\/12\/nobel-verde-absuelto-tribunal-de-temuco-deja-en-libertad-a-alberto-curamil-en-caso-de-asalto-en-galvarino\/#primaryimage"},"image":{"@id":"https:\/\/www.pressenza.com\/es\/2019\/12\/nobel-verde-absuelto-tribunal-de-temuco-deja-en-libertad-a-alberto-curamil-en-caso-de-asalto-en-galvarino\/#primaryimage"},"thumbnailUrl":"https:\/\/www.pressenza.com\/wp-content\/uploads\/2019\/12\/lonko.jpg","datePublished":"2019-12-14T18:27:30+00:00","description":"Nobel Verde absuelto: Tribunal de Temuco deja en libertad a Alberto Curamil en caso de asalto en Galvarino","breadcrumb":{"@id":"https:\/\/www.pressenza.com\/es\/2019\/12\/nobel-verde-absuelto-tribunal-de-temuco-deja-en-libertad-a-alberto-curamil-en-caso-de-asalto-en-galvarino\/#breadcrumb"},"inLanguage":"es","potentialAction":[{"@type":"ReadAction","target":["https:\/\/www.pressenza.com\/es\/2019\/12\/nobel-verde-absuelto-tribunal-de-temuco-deja-en-libertad-a-alberto-curamil-en-caso-de-asalto-en-galvarino\/"]}]},{"@type":"ImageObject","inLanguage":"es","@id":"https:\/\/www.pressenza.com\/es\/2019\/12\/nobel-verde-absuelto-tribunal-de-temuco-deja-en-libertad-a-alberto-curamil-en-caso-de-asalto-en-galvarino\/#primaryimage","url":"https:\/\/www.pressenza.com\/wp-content\/uploads\/2019\/12\/lonko.jpg","contentUrl":"https:\/\/www.pressenza.com\/wp-content\/uploads\/2019\/12\/lonko.jpg","width":770,"height":450},{"@type":"BreadcrumbList","@id":"https:\/\/www.pressenza.com\/es\/2019\/12\/nobel-verde-absuelto-tribunal-de-temuco-deja-en-libertad-a-alberto-curamil-en-caso-de-asalto-en-galvarino\/#breadcrumb","itemListElement":[{"@type":"ListItem","position":1,"name":"Accueil","item":"https:\/\/www.pressenza.com\/es\/"},{"@type":"ListItem","position":2,"name":"Nobel Verde absuelto: Tribunal de Temuco deja en libertad a Alberto Curamil en caso de asalto en Galvarino"}]},{"@type":"WebSite","@id":"https:\/\/www.pressenza.com\/es\/#website","url":"https:\/\/www.pressenza.com\/es\/","name":"Pressenza","description":"International Press Agency","publisher":{"@id":"https:\/\/www.pressenza.com\/es\/#organization"},"potentialAction":[{"@type":"SearchAction","target":{"@type":"EntryPoint","urlTemplate":"https:\/\/www.pressenza.com\/es\/?s={search_term_string}"},"query-input":{"@type":"PropertyValueSpecification","valueRequired":true,"valueName":"search_term_string"}}],"inLanguage":"es"},{"@type":"Organization","@id":"https:\/\/www.pressenza.com\/es\/#organization","name":"Pressenza","url":"https:\/\/www.pressenza.com\/es\/","logo":{"@type":"ImageObject","inLanguage":"es","@id":"https:\/\/www.pressenza.com\/es\/#\/schema\/logo\/image\/","url":"https:\/\/www.pressenza.com\/wp-content\/uploads\/2022\/10\/pressenza_logo_200x200.jpg","contentUrl":"https:\/\/www.pressenza.com\/wp-content\/uploads\/2022\/10\/pressenza_logo_200x200.jpg","width":200,"height":200,"caption":"Pressenza"},"image":{"@id":"https:\/\/www.pressenza.com\/es\/#\/schema\/logo\/image\/"},"sameAs":["https:\/\/www.facebook.com\/PressenzaItalia","https:\/\/x.com\/PressenzaIPA"]},{"@type":"Person","@id":"https:\/\/www.pressenza.com\/es\/#\/schema\/person\/d7db40df35d6698ba69ba9ee260944ed","name":"Redacci\u00f3n Chile","description":"News from the Pressenza Bureau in Chile","sameAs":["https:\/\/www.facebook.com\/pressenza","https:\/\/x.com\/pressenza"],"url":"https:\/\/www.pressenza.com\/es\/author\/redaccion-chile\/"}]}},"place":"Temuco, Chile","original_article_url":"","_links":{"self":[{"href":"https:\/\/www.pressenza.com\/es\/wp-json\/wp\/v2\/posts\/995478","targetHints":{"allow":["GET"]}}],"collection":[{"href":"https:\/\/www.pressenza.com\/es\/wp-json\/wp\/v2\/posts"}],"about":[{"href":"https:\/\/www.pressenza.com\/es\/wp-json\/wp\/v2\/types\/post"}],"author":[{"embeddable":true,"href":"https:\/\/www.pressenza.com\/es\/wp-json\/wp\/v2\/users\/43"}],"replies":[{"embeddable":true,"href":"https:\/\/www.pressenza.com\/es\/wp-json\/wp\/v2\/comments?post=995478"}],"version-history":[{"count":0,"href":"https:\/\/www.pressenza.com\/es\/wp-json\/wp\/v2\/posts\/995478\/revisions"}],"wp:featuredmedia":[{"embeddable":true,"href":"https:\/\/www.pressenza.com\/es\/wp-json\/wp\/v2\/media\/995479"}],"wp:attachment":[{"href":"https:\/\/www.pressenza.com\/es\/wp-json\/wp\/v2\/media?parent=995478"}],"wp:term":[{"taxonomy":"category","embeddable":true,"href":"https:\/\/www.pressenza.com\/es\/wp-json\/wp\/v2\/categories?post=995478"},{"taxonomy":"post_tag","embeddable":true,"href":"https:\/\/www.pressenza.com\/es\/wp-json\/wp\/v2\/tags?post=995478"}],"curies":[{"name":"wp","href":"https:\/\/api.w.org\/{rel}","templated":true}]}}