{"id":995099,"date":"2019-12-13T20:49:04","date_gmt":"2019-12-13T20:49:04","guid":{"rendered":"https:\/\/www.pressenza.com\/?p=995099"},"modified":"2019-12-13T20:49:04","modified_gmt":"2019-12-13T20:49:04","slug":"y-tu-mujer-que-quieres-para-chile","status":"publish","type":"post","link":"https:\/\/www.pressenza.com\/es\/2019\/12\/y-tu-mujer-que-quieres-para-chile\/","title":{"rendered":"Y t\u00fa, mujer, \u00bfqu\u00e9 quieres para Chile?"},"content":{"rendered":"<blockquote><p>El 13 de noviembre, un grupo de amigas vinculadas a las artes y la comunicaci\u00f3n idearon una intervenci\u00f3n que plasma en fotograf\u00edas los deseos desde la diversidad de las necesidades femeninas y sociales en el pa\u00eds actual, as\u00ed, en medio del estallido.<\/p><\/blockquote>\n<p>Por Eva D\u00e9bia<\/p>\n<p>La performance desarrollada por Las Tesis ha dado la vuelta al mundo, pero no es la \u00fanica iniciativa cultural desarrollada por mujeres. Movidas desde la urgencia comunicante, la gestora cultural Irene Abujatum, la escultora Marcela Correa, las artistas Jo Guilisasti y Ana Carolina Tapia, la asistente social Marisol Lara, la educadora Estela Ort\u00edz y la periodista Sandra Radic le dieron forma a Yo Mujer Quiero, acci\u00f3n que busca convocar a trav\u00e9s de fotograf\u00edas an\u00f3nimas y en blanco y negro compartidas por redes sociales y que lleva recabadas casi un millar de rostros de distintas edades y contextos.<\/p>\n<p>Una de las que sinti\u00f3 el llamado y la urgencia de mostrar sus deseos fue la artista y escritora Alejandra Coz Rosenfeld; quien cuenta que decidi\u00f3 participar en cuanto sali\u00f3 la consigna. Su cartel dice en letras claras y grandes \u201cyo quiero una ley que proteja a las mujeres que cr\u00edan solas a sus hijos\u201d, eso, porque como ella bien nos cuenta, \u201csoy madre\/padre de cuatro hijos y dependo econ\u00f3micamente de mi padre, quien paga casa, colegios y universidad a mi hijo mayor, y el padre de mis hijos camina impune por las calles de Santiago\u201d.<\/p>\n<p>La hija de la artista visual Lotty Rosenfeld indica que \u201cestuve justo con mi mam\u00e1 esos d\u00edas previos mientras se preparaba, no se sab\u00eda qu\u00e9, sino la idea, pero sab\u00eda que ser\u00eda algo que abarcar\u00e1 a las mujeres de manera transversal y contundente. Esto, para m\u00ed, significa visibilizar la voz de la mujer siempre aguerrida, en cuanto a su fuerza creativa\u201d. Le preguntamos qu\u00e9 piensa Lotty sobre el movimiento y ella responde: \u201cmi mam\u00e1 siempre ha dicho q las mujeres ser\u00e1n quienes cambien la historia, y as\u00ed ser\u00e1\u201d.<\/p>\n<p>Quisimos conocer m\u00e1s sobre qui\u00e9nes est\u00e1n tras la iniciativa, as\u00ed que contactamos a Sandra Radic:<\/p>\n<p><strong>\u00bfC\u00f3mo nace la iniciativa de esta acci\u00f3n?<\/strong><\/p>\n<p>Nace espont\u00e1neamente. Ten\u00edamos ganas de hacer algo en el marco del proceso que vive Chile, pero no encontr\u00e1bamos una forma que nos acomodara. Conversamos de esto el mi\u00e9rcoles 13 y quedamos de reunirnos al d\u00eda siguiente. En dos o tres horas dise\u00f1amos la intervenci\u00f3n, redactamos la convocatoria y citamos a amigas y conocidas para dar comienzo: las invitamos a sacarse una fotograf\u00eda, respondiendo en un cartel una pregunta: \u00bfQu\u00e9 quieres para Chile? Desde el viernes 15 a esta parte, ya nos han contestado cerca de 800 mujeres.<\/p>\n<p><strong>\u00bfCu\u00e1l es el planteamiento central de la acci\u00f3n, y c\u00f3mo se ha ejecutado?<\/strong><\/p>\n<p>Surge porque queremos que la mayor diversidad de mujeres contesten una sola pregunta: \u00bfQu\u00e9 quieres para Chile? Esta es una acci\u00f3n social con una mirada art\u00edstica. No es necesario que la llenemos de palabras o explicaciones, bastan las im\u00e1genes porque esta acci\u00f3n pertenece a las mujeres que en ella participan. Cada una de ellas se hace responsable de lo que quiere para Chile, y eso es lo valioso: no hay dobles lecturas, s\u00f3lo la fuerza de la suma de mujeres y de sus anhelos para el pa\u00eds en que vivimos.<\/p>\n<p><strong>\u00bfCu\u00e1les son las principales tem\u00e1ticas que han recibido como resultado a la convocatoria p\u00fablica en redes sociales?<\/strong><\/p>\n<p>Hay tres temas que preocupan a las mujeres de manera transversal: pensiones dignas, salud de calidad y educaci\u00f3n con \u00e9nfasis en el desarrollo afectivo. Hay anhelos que son generacionales, por ejemplo, las mujeres j\u00f3venes piden aborto libre y caminar tranquilas por las calles. Las que tienen entre 30 y 45 a\u00f1os demandan mayor protecci\u00f3n para las mujeres que cr\u00edan solas y que los hombres se hagan responsables de los hijos y no los abandonen. Y entre las que tienen m\u00e1s de 50 a\u00f1os abogan por una buena vejez. En un plano m\u00e1s emocional, son generalizadas las ansias de tener un pa\u00eds m\u00e1s emp\u00e1tico, justo e inclusivo.<\/p>\n<p><strong>Han hecho proyecciones de algunas im\u00e1genes en diversos edificios en Santiago \u00bfHabr\u00e1n m\u00e1s? \u00bfSaldr\u00e1n de la capital?<\/strong><\/p>\n<p>El lunes 25 proyectamos en un muro que se halla cerca de Portugal con Alameda, im\u00e1genes de mujeres con sus respuestas durante una hora en la noche y en el marco del d\u00eda internacional contra la violencia de la mujer. Sab\u00edamos que las respuestas de las mujeres eran potentes y cobr\u00f3 mucha fuerza cuando las vimos ampliadas en ese muro. Queremos hacer nuevas acciones de este tipo y que podamos transmitirlas on-line, por eso estamos buscando muros que se presten para ello.<\/p>\n<p><strong>\u00bfHay alg\u00fan testimonio o alg\u00fan rostro que quieran destacar, a modo de ejemplo en el registro?<\/strong><\/p>\n<p>No es fortuito que usemos im\u00e1genes en blanco y negro y que no identifiquemos a las mujeres: todas somos iguales y lo que vale es la respuesta que cada una puso en ese papel blanco. La fuerza de esta acci\u00f3n est\u00e1 dada por la suma de respuestas de mujeres, que es la \u00fanica manera de construir un pa\u00eds diverso e inclusivo. Por eso, invitamos a las mujeres a responder: \u00bfQu\u00e9 quieres para Chile? y enviarnos sus respuestas a trav\u00e9s de Facebook (#yomujerquiero) o Instagram (@yomujerquiero2) o al correo yomujerquiero@gmail.com.<\/p>\n<p>&nbsp;<\/p>\n","protected":false},"excerpt":{"rendered":"<p>El 13 de noviembre, un grupo de amigas vinculadas a las artes y la comunicaci\u00f3n idearon una intervenci\u00f3n que plasma en fotograf\u00edas los deseos desde la diversidad de las necesidades femeninas y sociales en el pa\u00eds actual, as\u00ed, en medio&hellip;<\/p>\n","protected":false},"author":43,"featured_media":995101,"comment_status":"closed","ping_status":"closed","sticky":false,"template":"","format":"standard","meta":{"footnotes":""},"categories":[11389,155,54515,67],"tags":[29,65954,27815],"class_list":["post-995099","post","type-post","status-publish","format-standard","has-post-thumbnail","hentry","category-contenido-original","category-entrevistas","category-genero-y-feminismos","category-sudamerica","tag-chile","tag-chile-desperto","tag-mujer"],"yoast_head":"<!-- This site is optimized with the Yoast SEO plugin v27.1.1 - https:\/\/yoast.com\/product\/yoast-seo-wordpress\/ -->\n<title>Y t\u00fa, mujer, \u00bfqu\u00e9 quieres para Chile?<\/title>\n<meta name=\"description\" content=\"Y t\u00fa, mujer, \u00bfqu\u00e9 quieres para Chile?\" \/>\n<meta name=\"robots\" content=\"index, follow, max-snippet:-1, max-image-preview:large, max-video-preview:-1\" \/>\n<link rel=\"canonical\" href=\"https:\/\/www.pressenza.com\/es\/2019\/12\/y-tu-mujer-que-quieres-para-chile\/\" \/>\n<meta property=\"og:locale\" content=\"es_ES\" \/>\n<meta property=\"og:type\" content=\"article\" \/>\n<meta property=\"og:title\" content=\"Y t\u00fa, mujer, \u00bfqu\u00e9 quieres para Chile?\" \/>\n<meta property=\"og:description\" content=\"Y t\u00fa, mujer, \u00bfqu\u00e9 quieres para Chile?\" \/>\n<meta property=\"og:url\" content=\"https:\/\/www.pressenza.com\/es\/2019\/12\/y-tu-mujer-que-quieres-para-chile\/\" \/>\n<meta property=\"og:site_name\" content=\"Pressenza\" \/>\n<meta property=\"article:publisher\" content=\"https:\/\/www.facebook.com\/PressenzaItalia\" \/>\n<meta property=\"article:author\" content=\"https:\/\/www.facebook.com\/pressenza\" \/>\n<meta property=\"article:published_time\" content=\"2019-12-13T20:49:04+00:00\" \/>\n<meta property=\"og:image\" content=\"https:\/\/www.pressenza.com\/wp-content\/uploads\/2019\/12\/Yo-mujer-quiero.jpg\" \/>\n\t<meta property=\"og:image:width\" content=\"1876\" \/>\n\t<meta property=\"og:image:height\" content=\"1296\" \/>\n\t<meta property=\"og:image:type\" content=\"image\/jpeg\" \/>\n<meta name=\"author\" content=\"Redacci\u00f3n Chile\" \/>\n<meta name=\"twitter:card\" content=\"summary_large_image\" \/>\n<meta name=\"twitter:creator\" content=\"@pressenza\" \/>\n<meta name=\"twitter:site\" content=\"@PressenzaIPA\" \/>\n<meta name=\"twitter:label1\" content=\"Escrito por\" \/>\n\t<meta name=\"twitter:data1\" content=\"Redacci\u00f3n Chile\" \/>\n\t<meta name=\"twitter:label2\" content=\"Tiempo de lectura\" \/>\n\t<meta name=\"twitter:data2\" content=\"5 minutos\" \/>\n<script type=\"application\/ld+json\" class=\"yoast-schema-graph\">{\"@context\":\"https:\/\/schema.org\",\"@graph\":[{\"@type\":\"Article\",\"@id\":\"https:\/\/www.pressenza.com\/es\/2019\/12\/y-tu-mujer-que-quieres-para-chile\/#article\",\"isPartOf\":{\"@id\":\"https:\/\/www.pressenza.com\/es\/2019\/12\/y-tu-mujer-que-quieres-para-chile\/\"},\"author\":{\"name\":\"Redacci\u00f3n Chile\",\"@id\":\"https:\/\/www.pressenza.com\/es\/#\/schema\/person\/d7db40df35d6698ba69ba9ee260944ed\"},\"headline\":\"Y t\u00fa, mujer, \u00bfqu\u00e9 quieres para Chile?\",\"datePublished\":\"2019-12-13T20:49:04+00:00\",\"mainEntityOfPage\":{\"@id\":\"https:\/\/www.pressenza.com\/es\/2019\/12\/y-tu-mujer-que-quieres-para-chile\/\"},\"wordCount\":934,\"publisher\":{\"@id\":\"https:\/\/www.pressenza.com\/es\/#organization\"},\"image\":{\"@id\":\"https:\/\/www.pressenza.com\/es\/2019\/12\/y-tu-mujer-que-quieres-para-chile\/#primaryimage\"},\"thumbnailUrl\":\"https:\/\/www.pressenza.com\/wp-content\/uploads\/2019\/12\/Yo-mujer-quiero.jpg\",\"keywords\":[\"Chile\",\"chile despert\u00f3\",\"mujer\"],\"articleSection\":[\"Contenido Original\",\"Entrevistas\",\"G\u00e9nero y Feminismos\",\"Sudam\u00e9rica\"],\"inLanguage\":\"es\"},{\"@type\":\"WebPage\",\"@id\":\"https:\/\/www.pressenza.com\/es\/2019\/12\/y-tu-mujer-que-quieres-para-chile\/\",\"url\":\"https:\/\/www.pressenza.com\/es\/2019\/12\/y-tu-mujer-que-quieres-para-chile\/\",\"name\":\"Y t\u00fa, mujer, \u00bfqu\u00e9 quieres para Chile?\",\"isPartOf\":{\"@id\":\"https:\/\/www.pressenza.com\/es\/#website\"},\"primaryImageOfPage\":{\"@id\":\"https:\/\/www.pressenza.com\/es\/2019\/12\/y-tu-mujer-que-quieres-para-chile\/#primaryimage\"},\"image\":{\"@id\":\"https:\/\/www.pressenza.com\/es\/2019\/12\/y-tu-mujer-que-quieres-para-chile\/#primaryimage\"},\"thumbnailUrl\":\"https:\/\/www.pressenza.com\/wp-content\/uploads\/2019\/12\/Yo-mujer-quiero.jpg\",\"datePublished\":\"2019-12-13T20:49:04+00:00\",\"description\":\"Y t\u00fa, mujer, \u00bfqu\u00e9 quieres para Chile?\",\"breadcrumb\":{\"@id\":\"https:\/\/www.pressenza.com\/es\/2019\/12\/y-tu-mujer-que-quieres-para-chile\/#breadcrumb\"},\"inLanguage\":\"es\",\"potentialAction\":[{\"@type\":\"ReadAction\",\"target\":[\"https:\/\/www.pressenza.com\/es\/2019\/12\/y-tu-mujer-que-quieres-para-chile\/\"]}]},{\"@type\":\"ImageObject\",\"inLanguage\":\"es\",\"@id\":\"https:\/\/www.pressenza.com\/es\/2019\/12\/y-tu-mujer-que-quieres-para-chile\/#primaryimage\",\"url\":\"https:\/\/www.pressenza.com\/wp-content\/uploads\/2019\/12\/Yo-mujer-quiero.jpg\",\"contentUrl\":\"https:\/\/www.pressenza.com\/wp-content\/uploads\/2019\/12\/Yo-mujer-quiero.jpg\",\"width\":1876,\"height\":1296},{\"@type\":\"BreadcrumbList\",\"@id\":\"https:\/\/www.pressenza.com\/es\/2019\/12\/y-tu-mujer-que-quieres-para-chile\/#breadcrumb\",\"itemListElement\":[{\"@type\":\"ListItem\",\"position\":1,\"name\":\"Accueil\",\"item\":\"https:\/\/www.pressenza.com\/es\/\"},{\"@type\":\"ListItem\",\"position\":2,\"name\":\"Y t\u00fa, mujer, \u00bfqu\u00e9 quieres para Chile?\"}]},{\"@type\":\"WebSite\",\"@id\":\"https:\/\/www.pressenza.com\/es\/#website\",\"url\":\"https:\/\/www.pressenza.com\/es\/\",\"name\":\"Pressenza\",\"description\":\"International Press Agency\",\"publisher\":{\"@id\":\"https:\/\/www.pressenza.com\/es\/#organization\"},\"potentialAction\":[{\"@type\":\"SearchAction\",\"target\":{\"@type\":\"EntryPoint\",\"urlTemplate\":\"https:\/\/www.pressenza.com\/es\/?s={search_term_string}\"},\"query-input\":{\"@type\":\"PropertyValueSpecification\",\"valueRequired\":true,\"valueName\":\"search_term_string\"}}],\"inLanguage\":\"es\"},{\"@type\":\"Organization\",\"@id\":\"https:\/\/www.pressenza.com\/es\/#organization\",\"name\":\"Pressenza\",\"url\":\"https:\/\/www.pressenza.com\/es\/\",\"logo\":{\"@type\":\"ImageObject\",\"inLanguage\":\"es\",\"@id\":\"https:\/\/www.pressenza.com\/es\/#\/schema\/logo\/image\/\",\"url\":\"https:\/\/www.pressenza.com\/wp-content\/uploads\/2022\/10\/pressenza_logo_200x200.jpg\",\"contentUrl\":\"https:\/\/www.pressenza.com\/wp-content\/uploads\/2022\/10\/pressenza_logo_200x200.jpg\",\"width\":200,\"height\":200,\"caption\":\"Pressenza\"},\"image\":{\"@id\":\"https:\/\/www.pressenza.com\/es\/#\/schema\/logo\/image\/\"},\"sameAs\":[\"https:\/\/www.facebook.com\/PressenzaItalia\",\"https:\/\/x.com\/PressenzaIPA\"]},{\"@type\":\"Person\",\"@id\":\"https:\/\/www.pressenza.com\/es\/#\/schema\/person\/d7db40df35d6698ba69ba9ee260944ed\",\"name\":\"Redacci\u00f3n Chile\",\"description\":\"News from the Pressenza Bureau in Chile\",\"sameAs\":[\"https:\/\/www.facebook.com\/pressenza\",\"https:\/\/x.com\/pressenza\"],\"url\":\"https:\/\/www.pressenza.com\/es\/author\/redaccion-chile\/\"}]}<\/script>\n<!-- \/ Yoast SEO plugin. -->","yoast_head_json":{"title":"Y t\u00fa, mujer, \u00bfqu\u00e9 quieres para Chile?","description":"Y t\u00fa, mujer, \u00bfqu\u00e9 quieres para Chile?","robots":{"index":"index","follow":"follow","max-snippet":"max-snippet:-1","max-image-preview":"max-image-preview:large","max-video-preview":"max-video-preview:-1"},"canonical":"https:\/\/www.pressenza.com\/es\/2019\/12\/y-tu-mujer-que-quieres-para-chile\/","og_locale":"es_ES","og_type":"article","og_title":"Y t\u00fa, mujer, \u00bfqu\u00e9 quieres para Chile?","og_description":"Y t\u00fa, mujer, \u00bfqu\u00e9 quieres para Chile?","og_url":"https:\/\/www.pressenza.com\/es\/2019\/12\/y-tu-mujer-que-quieres-para-chile\/","og_site_name":"Pressenza","article_publisher":"https:\/\/www.facebook.com\/PressenzaItalia","article_author":"https:\/\/www.facebook.com\/pressenza","article_published_time":"2019-12-13T20:49:04+00:00","og_image":[{"width":1876,"height":1296,"url":"https:\/\/www.pressenza.com\/wp-content\/uploads\/2019\/12\/Yo-mujer-quiero.jpg","type":"image\/jpeg"}],"author":"Redacci\u00f3n Chile","twitter_card":"summary_large_image","twitter_creator":"@pressenza","twitter_site":"@PressenzaIPA","twitter_misc":{"Escrito por":"Redacci\u00f3n Chile","Tiempo de lectura":"5 minutos"},"schema":{"@context":"https:\/\/schema.org","@graph":[{"@type":"Article","@id":"https:\/\/www.pressenza.com\/es\/2019\/12\/y-tu-mujer-que-quieres-para-chile\/#article","isPartOf":{"@id":"https:\/\/www.pressenza.com\/es\/2019\/12\/y-tu-mujer-que-quieres-para-chile\/"},"author":{"name":"Redacci\u00f3n Chile","@id":"https:\/\/www.pressenza.com\/es\/#\/schema\/person\/d7db40df35d6698ba69ba9ee260944ed"},"headline":"Y t\u00fa, mujer, \u00bfqu\u00e9 quieres para Chile?","datePublished":"2019-12-13T20:49:04+00:00","mainEntityOfPage":{"@id":"https:\/\/www.pressenza.com\/es\/2019\/12\/y-tu-mujer-que-quieres-para-chile\/"},"wordCount":934,"publisher":{"@id":"https:\/\/www.pressenza.com\/es\/#organization"},"image":{"@id":"https:\/\/www.pressenza.com\/es\/2019\/12\/y-tu-mujer-que-quieres-para-chile\/#primaryimage"},"thumbnailUrl":"https:\/\/www.pressenza.com\/wp-content\/uploads\/2019\/12\/Yo-mujer-quiero.jpg","keywords":["Chile","chile despert\u00f3","mujer"],"articleSection":["Contenido Original","Entrevistas","G\u00e9nero y Feminismos","Sudam\u00e9rica"],"inLanguage":"es"},{"@type":"WebPage","@id":"https:\/\/www.pressenza.com\/es\/2019\/12\/y-tu-mujer-que-quieres-para-chile\/","url":"https:\/\/www.pressenza.com\/es\/2019\/12\/y-tu-mujer-que-quieres-para-chile\/","name":"Y t\u00fa, mujer, \u00bfqu\u00e9 quieres para Chile?","isPartOf":{"@id":"https:\/\/www.pressenza.com\/es\/#website"},"primaryImageOfPage":{"@id":"https:\/\/www.pressenza.com\/es\/2019\/12\/y-tu-mujer-que-quieres-para-chile\/#primaryimage"},"image":{"@id":"https:\/\/www.pressenza.com\/es\/2019\/12\/y-tu-mujer-que-quieres-para-chile\/#primaryimage"},"thumbnailUrl":"https:\/\/www.pressenza.com\/wp-content\/uploads\/2019\/12\/Yo-mujer-quiero.jpg","datePublished":"2019-12-13T20:49:04+00:00","description":"Y t\u00fa, mujer, \u00bfqu\u00e9 quieres para Chile?","breadcrumb":{"@id":"https:\/\/www.pressenza.com\/es\/2019\/12\/y-tu-mujer-que-quieres-para-chile\/#breadcrumb"},"inLanguage":"es","potentialAction":[{"@type":"ReadAction","target":["https:\/\/www.pressenza.com\/es\/2019\/12\/y-tu-mujer-que-quieres-para-chile\/"]}]},{"@type":"ImageObject","inLanguage":"es","@id":"https:\/\/www.pressenza.com\/es\/2019\/12\/y-tu-mujer-que-quieres-para-chile\/#primaryimage","url":"https:\/\/www.pressenza.com\/wp-content\/uploads\/2019\/12\/Yo-mujer-quiero.jpg","contentUrl":"https:\/\/www.pressenza.com\/wp-content\/uploads\/2019\/12\/Yo-mujer-quiero.jpg","width":1876,"height":1296},{"@type":"BreadcrumbList","@id":"https:\/\/www.pressenza.com\/es\/2019\/12\/y-tu-mujer-que-quieres-para-chile\/#breadcrumb","itemListElement":[{"@type":"ListItem","position":1,"name":"Accueil","item":"https:\/\/www.pressenza.com\/es\/"},{"@type":"ListItem","position":2,"name":"Y t\u00fa, mujer, \u00bfqu\u00e9 quieres para Chile?"}]},{"@type":"WebSite","@id":"https:\/\/www.pressenza.com\/es\/#website","url":"https:\/\/www.pressenza.com\/es\/","name":"Pressenza","description":"International Press Agency","publisher":{"@id":"https:\/\/www.pressenza.com\/es\/#organization"},"potentialAction":[{"@type":"SearchAction","target":{"@type":"EntryPoint","urlTemplate":"https:\/\/www.pressenza.com\/es\/?s={search_term_string}"},"query-input":{"@type":"PropertyValueSpecification","valueRequired":true,"valueName":"search_term_string"}}],"inLanguage":"es"},{"@type":"Organization","@id":"https:\/\/www.pressenza.com\/es\/#organization","name":"Pressenza","url":"https:\/\/www.pressenza.com\/es\/","logo":{"@type":"ImageObject","inLanguage":"es","@id":"https:\/\/www.pressenza.com\/es\/#\/schema\/logo\/image\/","url":"https:\/\/www.pressenza.com\/wp-content\/uploads\/2022\/10\/pressenza_logo_200x200.jpg","contentUrl":"https:\/\/www.pressenza.com\/wp-content\/uploads\/2022\/10\/pressenza_logo_200x200.jpg","width":200,"height":200,"caption":"Pressenza"},"image":{"@id":"https:\/\/www.pressenza.com\/es\/#\/schema\/logo\/image\/"},"sameAs":["https:\/\/www.facebook.com\/PressenzaItalia","https:\/\/x.com\/PressenzaIPA"]},{"@type":"Person","@id":"https:\/\/www.pressenza.com\/es\/#\/schema\/person\/d7db40df35d6698ba69ba9ee260944ed","name":"Redacci\u00f3n Chile","description":"News from the Pressenza Bureau in Chile","sameAs":["https:\/\/www.facebook.com\/pressenza","https:\/\/x.com\/pressenza"],"url":"https:\/\/www.pressenza.com\/es\/author\/redaccion-chile\/"}]}},"place":"Santiago de Chile","original_article_url":"","_links":{"self":[{"href":"https:\/\/www.pressenza.com\/es\/wp-json\/wp\/v2\/posts\/995099","targetHints":{"allow":["GET"]}}],"collection":[{"href":"https:\/\/www.pressenza.com\/es\/wp-json\/wp\/v2\/posts"}],"about":[{"href":"https:\/\/www.pressenza.com\/es\/wp-json\/wp\/v2\/types\/post"}],"author":[{"embeddable":true,"href":"https:\/\/www.pressenza.com\/es\/wp-json\/wp\/v2\/users\/43"}],"replies":[{"embeddable":true,"href":"https:\/\/www.pressenza.com\/es\/wp-json\/wp\/v2\/comments?post=995099"}],"version-history":[{"count":0,"href":"https:\/\/www.pressenza.com\/es\/wp-json\/wp\/v2\/posts\/995099\/revisions"}],"wp:featuredmedia":[{"embeddable":true,"href":"https:\/\/www.pressenza.com\/es\/wp-json\/wp\/v2\/media\/995101"}],"wp:attachment":[{"href":"https:\/\/www.pressenza.com\/es\/wp-json\/wp\/v2\/media?parent=995099"}],"wp:term":[{"taxonomy":"category","embeddable":true,"href":"https:\/\/www.pressenza.com\/es\/wp-json\/wp\/v2\/categories?post=995099"},{"taxonomy":"post_tag","embeddable":true,"href":"https:\/\/www.pressenza.com\/es\/wp-json\/wp\/v2\/tags?post=995099"}],"curies":[{"name":"wp","href":"https:\/\/api.w.org\/{rel}","templated":true}]}}