{"id":99420,"date":"2014-04-05T22:06:06","date_gmt":"2014-04-05T21:06:06","guid":{"rendered":"http:\/\/www.pressenza.com\/?p=99420"},"modified":"2014-04-05T22:06:06","modified_gmt":"2014-04-05T21:06:06","slug":"t-hirsch-bachelet-se-habia-ido-del-poder-con-apoyo-popular-del-80","status":"publish","type":"post","link":"https:\/\/www.pressenza.com\/es\/2014\/04\/t-hirsch-bachelet-se-habia-ido-del-poder-con-apoyo-popular-del-80\/","title":{"rendered":"T. Hirsch: \u00abBachelet se hab\u00eda ido del poder con un apoyo popular del 80%\u00bb"},"content":{"rendered":"<p>Tom\u00e1s Hirsch, vocero del humanismo chileno estuvo presente en la onceava emisi\u00f3n de Continentes y contenidos, el programa de Pressenza en <a href=\"http:\/\/www.radiohache.com.ar\">Radio H<\/a>. Una mirada al mundo para ver la Argentina, conducido por Mariano Quiroga, con la colaboraci\u00f3n de Iv\u00e1n Novotny, Edison Burbano y que en este programa cont\u00f3 con la participaci\u00f3n de Patricia y Tarek.<\/p>\n<p>El programa abord\u00f3 la actualidad chilena (conformaci\u00f3n de nuevo gobierno, nueva impronta, posicionamiento frente al continente sudamericano, etc&#8230;) y la relaci\u00f3n que tiene Tom\u00e1s Hirsch con Evo Morales.<\/p>\n<p>La columna de Iv\u00e1n Novotny desarroll\u00f3 la actualidad y la historia alrededor del 2 de abril, donde se conmemora a los ca\u00eddos y a los excombatientes de la guerra de Malvinas.<\/p>\n<p>La editorial estuvo basada en el art\u00edculo <a href=\"http:\/\/www.pressenza.com\/es\/2014\/04\/fijate-lado-mecha-te-encontras\/\">Fijate de qu\u00e9 lado de la mecha te encontr\u00e1s<\/a> que disecciona la violencia desproporcionada que se ha ejercido en algunos casos recientes en la Argentina contra sospechosos de haber cometido delitos.<\/p>\n<p>La mejor m\u00fasica acompa\u00f1\u00f3 las opiniones y un repaso de una selecci\u00f3n de las noticias m\u00e1s relevantes aparecidas en Pressenza.<\/p>\n<p><iframe loading=\"lazy\" src=\"http:\/\/www.ivoox.com\/player_ek_2996722_1.html\" height=\"48\" width=\"238\" allowfullscreen=\"\" frameborder=\"0\" scrolling=\"no\"><\/iframe><\/p>\n","protected":false},"excerpt":{"rendered":"<p>Tom\u00e1s Hirsch, vocero del humanismo chileno estuvo presente en la onceava emisi\u00f3n de Continentes y contenidos, el programa de Pressenza en Radio H. Una mirada al mundo para ver la Argentina, conducido por Mariano Quiroga, con la colaboraci\u00f3n de Iv\u00e1n&hellip;<\/p>\n","protected":false},"author":87,"featured_media":99421,"comment_status":"closed","ping_status":"open","sticky":false,"template":"","format":"standard","meta":{"footnotes":""},"categories":[76,75,79,155,39,1242,67],"tags":[26,696,441,1059,523,418,412,623],"class_list":["post-99420","post","type-post","status-publish","format-standard","has-post-thumbnail","hentry","category-relaciones-exteriores","category-cultura-es","category-derechos-humanos","category-entrevistas","category-internacional","category-noviolencia-tema","category-sudamerica","tag-argentina","tag-democracia","tag-derechos-humanos","tag-evo-morales","tag-medios-de-comunicacion","tag-partido-humanista","tag-tomas-hirsch","tag-violencia"],"yoast_head":"<!-- This site is optimized with the Yoast SEO plugin v27.1.1 - https:\/\/yoast.com\/product\/yoast-seo-wordpress\/ -->\n<title>T. Hirsch: &quot;Bachelet se hab\u00eda ido del poder con un apoyo popular del 80%&quot;<\/title>\n<meta name=\"description\" content=\"Tom\u00e1s Hirsch, vocero del humanismo chileno estuvo presente en la onceava emisi\u00f3n de Continentes y contenidos, el programa de Pressenza en Radio H. Una\" \/>\n<meta name=\"robots\" content=\"index, follow, max-snippet:-1, max-image-preview:large, max-video-preview:-1\" \/>\n<link rel=\"canonical\" href=\"https:\/\/www.pressenza.com\/es\/2014\/04\/t-hirsch-bachelet-se-habia-ido-del-poder-con-apoyo-popular-del-80\/\" \/>\n<meta property=\"og:locale\" content=\"es_ES\" \/>\n<meta property=\"og:type\" content=\"article\" \/>\n<meta property=\"og:title\" content=\"T. Hirsch: &quot;Bachelet se hab\u00eda ido del poder con un apoyo popular del 80%&quot;\" \/>\n<meta property=\"og:description\" content=\"Tom\u00e1s Hirsch, vocero del humanismo chileno estuvo presente en la onceava emisi\u00f3n de Continentes y contenidos, el programa de Pressenza en Radio H. Una\" \/>\n<meta property=\"og:url\" content=\"https:\/\/www.pressenza.com\/es\/2014\/04\/t-hirsch-bachelet-se-habia-ido-del-poder-con-apoyo-popular-del-80\/\" \/>\n<meta property=\"og:site_name\" content=\"Pressenza\" \/>\n<meta property=\"article:publisher\" content=\"https:\/\/www.facebook.com\/PressenzaItalia\" \/>\n<meta property=\"article:published_time\" content=\"2014-04-05T21:06:06+00:00\" \/>\n<meta property=\"og:image\" content=\"https:\/\/www.pressenza.com\/wp-content\/uploads\/2014\/04\/CyC11.jpg\" \/>\n\t<meta property=\"og:image:width\" content=\"960\" \/>\n\t<meta property=\"og:image:height\" content=\"720\" \/>\n\t<meta property=\"og:image:type\" content=\"image\/jpeg\" \/>\n<meta name=\"author\" content=\"Redacci\u00f3n Argentina\" \/>\n<meta name=\"twitter:card\" content=\"summary_large_image\" \/>\n<meta name=\"twitter:creator\" content=\"@pressenza\" \/>\n<meta name=\"twitter:site\" content=\"@PressenzaIPA\" \/>\n<meta name=\"twitter:label1\" content=\"Escrito por\" \/>\n\t<meta name=\"twitter:data1\" content=\"Redacci\u00f3n Argentina\" \/>\n\t<meta name=\"twitter:label2\" content=\"Tiempo de lectura\" \/>\n\t<meta name=\"twitter:data2\" content=\"1 minuto\" \/>\n<script type=\"application\/ld+json\" class=\"yoast-schema-graph\">{\"@context\":\"https:\/\/schema.org\",\"@graph\":[{\"@type\":\"Article\",\"@id\":\"https:\/\/www.pressenza.com\/es\/2014\/04\/t-hirsch-bachelet-se-habia-ido-del-poder-con-apoyo-popular-del-80\/#article\",\"isPartOf\":{\"@id\":\"https:\/\/www.pressenza.com\/es\/2014\/04\/t-hirsch-bachelet-se-habia-ido-del-poder-con-apoyo-popular-del-80\/\"},\"author\":{\"name\":\"Redacci\u00f3n Argentina\",\"@id\":\"https:\/\/www.pressenza.com\/es\/#\/schema\/person\/0dda7d1b68267ad95b1e1d83abc98c89\"},\"headline\":\"T. Hirsch: \u00abBachelet se hab\u00eda ido del poder con un apoyo popular del 80%\u00bb\",\"datePublished\":\"2014-04-05T21:06:06+00:00\",\"mainEntityOfPage\":{\"@id\":\"https:\/\/www.pressenza.com\/es\/2014\/04\/t-hirsch-bachelet-se-habia-ido-del-poder-con-apoyo-popular-del-80\/\"},\"wordCount\":201,\"publisher\":{\"@id\":\"https:\/\/www.pressenza.com\/es\/#organization\"},\"image\":{\"@id\":\"https:\/\/www.pressenza.com\/es\/2014\/04\/t-hirsch-bachelet-se-habia-ido-del-poder-con-apoyo-popular-del-80\/#primaryimage\"},\"thumbnailUrl\":\"https:\/\/www.pressenza.com\/wp-content\/uploads\/2014\/04\/CyC11.jpg\",\"keywords\":[\"Argentina\",\"Democracia\",\"Derechos humanos\",\"Evo Morales\",\"medios de comunicaci\u00f3n\",\"Partido Humanista\",\"Tom\u00e1s Hirsch\",\"Violencia\"],\"articleSection\":[\"Asuntos internacionales\",\"Cultura y Medios\",\"Derechos Humanos\",\"Entrevistas\",\"Internacional\",\"Noviolencia\",\"Sudam\u00e9rica\"],\"inLanguage\":\"es\"},{\"@type\":\"WebPage\",\"@id\":\"https:\/\/www.pressenza.com\/es\/2014\/04\/t-hirsch-bachelet-se-habia-ido-del-poder-con-apoyo-popular-del-80\/\",\"url\":\"https:\/\/www.pressenza.com\/es\/2014\/04\/t-hirsch-bachelet-se-habia-ido-del-poder-con-apoyo-popular-del-80\/\",\"name\":\"T. Hirsch: \\\"Bachelet se hab\u00eda ido del poder con un apoyo popular del 80%\\\"\",\"isPartOf\":{\"@id\":\"https:\/\/www.pressenza.com\/es\/#website\"},\"primaryImageOfPage\":{\"@id\":\"https:\/\/www.pressenza.com\/es\/2014\/04\/t-hirsch-bachelet-se-habia-ido-del-poder-con-apoyo-popular-del-80\/#primaryimage\"},\"image\":{\"@id\":\"https:\/\/www.pressenza.com\/es\/2014\/04\/t-hirsch-bachelet-se-habia-ido-del-poder-con-apoyo-popular-del-80\/#primaryimage\"},\"thumbnailUrl\":\"https:\/\/www.pressenza.com\/wp-content\/uploads\/2014\/04\/CyC11.jpg\",\"datePublished\":\"2014-04-05T21:06:06+00:00\",\"description\":\"Tom\u00e1s Hirsch, vocero del humanismo chileno estuvo presente en la onceava emisi\u00f3n de Continentes y contenidos, el programa de Pressenza en Radio H. Una\",\"breadcrumb\":{\"@id\":\"https:\/\/www.pressenza.com\/es\/2014\/04\/t-hirsch-bachelet-se-habia-ido-del-poder-con-apoyo-popular-del-80\/#breadcrumb\"},\"inLanguage\":\"es\",\"potentialAction\":[{\"@type\":\"ReadAction\",\"target\":[\"https:\/\/www.pressenza.com\/es\/2014\/04\/t-hirsch-bachelet-se-habia-ido-del-poder-con-apoyo-popular-del-80\/\"]}]},{\"@type\":\"ImageObject\",\"inLanguage\":\"es\",\"@id\":\"https:\/\/www.pressenza.com\/es\/2014\/04\/t-hirsch-bachelet-se-habia-ido-del-poder-con-apoyo-popular-del-80\/#primaryimage\",\"url\":\"https:\/\/www.pressenza.com\/wp-content\/uploads\/2014\/04\/CyC11.jpg\",\"contentUrl\":\"https:\/\/www.pressenza.com\/wp-content\/uploads\/2014\/04\/CyC11.jpg\",\"width\":960,\"height\":720},{\"@type\":\"BreadcrumbList\",\"@id\":\"https:\/\/www.pressenza.com\/es\/2014\/04\/t-hirsch-bachelet-se-habia-ido-del-poder-con-apoyo-popular-del-80\/#breadcrumb\",\"itemListElement\":[{\"@type\":\"ListItem\",\"position\":1,\"name\":\"Accueil\",\"item\":\"https:\/\/www.pressenza.com\/es\/\"},{\"@type\":\"ListItem\",\"position\":2,\"name\":\"T. Hirsch: \u00abBachelet se hab\u00eda ido del poder con un apoyo popular del 80%\u00bb\"}]},{\"@type\":\"WebSite\",\"@id\":\"https:\/\/www.pressenza.com\/es\/#website\",\"url\":\"https:\/\/www.pressenza.com\/es\/\",\"name\":\"Pressenza\",\"description\":\"International Press Agency\",\"publisher\":{\"@id\":\"https:\/\/www.pressenza.com\/es\/#organization\"},\"potentialAction\":[{\"@type\":\"SearchAction\",\"target\":{\"@type\":\"EntryPoint\",\"urlTemplate\":\"https:\/\/www.pressenza.com\/es\/?s={search_term_string}\"},\"query-input\":{\"@type\":\"PropertyValueSpecification\",\"valueRequired\":true,\"valueName\":\"search_term_string\"}}],\"inLanguage\":\"es\"},{\"@type\":\"Organization\",\"@id\":\"https:\/\/www.pressenza.com\/es\/#organization\",\"name\":\"Pressenza\",\"url\":\"https:\/\/www.pressenza.com\/es\/\",\"logo\":{\"@type\":\"ImageObject\",\"inLanguage\":\"es\",\"@id\":\"https:\/\/www.pressenza.com\/es\/#\/schema\/logo\/image\/\",\"url\":\"https:\/\/www.pressenza.com\/wp-content\/uploads\/2022\/10\/pressenza_logo_200x200.jpg\",\"contentUrl\":\"https:\/\/www.pressenza.com\/wp-content\/uploads\/2022\/10\/pressenza_logo_200x200.jpg\",\"width\":200,\"height\":200,\"caption\":\"Pressenza\"},\"image\":{\"@id\":\"https:\/\/www.pressenza.com\/es\/#\/schema\/logo\/image\/\"},\"sameAs\":[\"https:\/\/www.facebook.com\/PressenzaItalia\",\"https:\/\/x.com\/PressenzaIPA\"]},{\"@type\":\"Person\",\"@id\":\"https:\/\/www.pressenza.com\/es\/#\/schema\/person\/0dda7d1b68267ad95b1e1d83abc98c89\",\"name\":\"Redacci\u00f3n Argentina\",\"description\":\"News from the Pressenza Bureau in Argentina.\",\"sameAs\":[\"https:\/\/x.com\/pressenza\"],\"url\":\"https:\/\/www.pressenza.com\/es\/author\/redaccion-argentina\/\"}]}<\/script>\n<!-- \/ Yoast SEO plugin. -->","yoast_head_json":{"title":"T. Hirsch: \"Bachelet se hab\u00eda ido del poder con un apoyo popular del 80%\"","description":"Tom\u00e1s Hirsch, vocero del humanismo chileno estuvo presente en la onceava emisi\u00f3n de Continentes y contenidos, el programa de Pressenza en Radio H. Una","robots":{"index":"index","follow":"follow","max-snippet":"max-snippet:-1","max-image-preview":"max-image-preview:large","max-video-preview":"max-video-preview:-1"},"canonical":"https:\/\/www.pressenza.com\/es\/2014\/04\/t-hirsch-bachelet-se-habia-ido-del-poder-con-apoyo-popular-del-80\/","og_locale":"es_ES","og_type":"article","og_title":"T. Hirsch: \"Bachelet se hab\u00eda ido del poder con un apoyo popular del 80%\"","og_description":"Tom\u00e1s Hirsch, vocero del humanismo chileno estuvo presente en la onceava emisi\u00f3n de Continentes y contenidos, el programa de Pressenza en Radio H. Una","og_url":"https:\/\/www.pressenza.com\/es\/2014\/04\/t-hirsch-bachelet-se-habia-ido-del-poder-con-apoyo-popular-del-80\/","og_site_name":"Pressenza","article_publisher":"https:\/\/www.facebook.com\/PressenzaItalia","article_published_time":"2014-04-05T21:06:06+00:00","og_image":[{"width":960,"height":720,"url":"https:\/\/www.pressenza.com\/wp-content\/uploads\/2014\/04\/CyC11.jpg","type":"image\/jpeg"}],"author":"Redacci\u00f3n Argentina","twitter_card":"summary_large_image","twitter_creator":"@pressenza","twitter_site":"@PressenzaIPA","twitter_misc":{"Escrito por":"Redacci\u00f3n Argentina","Tiempo de lectura":"1 minuto"},"schema":{"@context":"https:\/\/schema.org","@graph":[{"@type":"Article","@id":"https:\/\/www.pressenza.com\/es\/2014\/04\/t-hirsch-bachelet-se-habia-ido-del-poder-con-apoyo-popular-del-80\/#article","isPartOf":{"@id":"https:\/\/www.pressenza.com\/es\/2014\/04\/t-hirsch-bachelet-se-habia-ido-del-poder-con-apoyo-popular-del-80\/"},"author":{"name":"Redacci\u00f3n Argentina","@id":"https:\/\/www.pressenza.com\/es\/#\/schema\/person\/0dda7d1b68267ad95b1e1d83abc98c89"},"headline":"T. Hirsch: \u00abBachelet se hab\u00eda ido del poder con un apoyo popular del 80%\u00bb","datePublished":"2014-04-05T21:06:06+00:00","mainEntityOfPage":{"@id":"https:\/\/www.pressenza.com\/es\/2014\/04\/t-hirsch-bachelet-se-habia-ido-del-poder-con-apoyo-popular-del-80\/"},"wordCount":201,"publisher":{"@id":"https:\/\/www.pressenza.com\/es\/#organization"},"image":{"@id":"https:\/\/www.pressenza.com\/es\/2014\/04\/t-hirsch-bachelet-se-habia-ido-del-poder-con-apoyo-popular-del-80\/#primaryimage"},"thumbnailUrl":"https:\/\/www.pressenza.com\/wp-content\/uploads\/2014\/04\/CyC11.jpg","keywords":["Argentina","Democracia","Derechos humanos","Evo Morales","medios de comunicaci\u00f3n","Partido Humanista","Tom\u00e1s Hirsch","Violencia"],"articleSection":["Asuntos internacionales","Cultura y Medios","Derechos Humanos","Entrevistas","Internacional","Noviolencia","Sudam\u00e9rica"],"inLanguage":"es"},{"@type":"WebPage","@id":"https:\/\/www.pressenza.com\/es\/2014\/04\/t-hirsch-bachelet-se-habia-ido-del-poder-con-apoyo-popular-del-80\/","url":"https:\/\/www.pressenza.com\/es\/2014\/04\/t-hirsch-bachelet-se-habia-ido-del-poder-con-apoyo-popular-del-80\/","name":"T. Hirsch: \"Bachelet se hab\u00eda ido del poder con un apoyo popular del 80%\"","isPartOf":{"@id":"https:\/\/www.pressenza.com\/es\/#website"},"primaryImageOfPage":{"@id":"https:\/\/www.pressenza.com\/es\/2014\/04\/t-hirsch-bachelet-se-habia-ido-del-poder-con-apoyo-popular-del-80\/#primaryimage"},"image":{"@id":"https:\/\/www.pressenza.com\/es\/2014\/04\/t-hirsch-bachelet-se-habia-ido-del-poder-con-apoyo-popular-del-80\/#primaryimage"},"thumbnailUrl":"https:\/\/www.pressenza.com\/wp-content\/uploads\/2014\/04\/CyC11.jpg","datePublished":"2014-04-05T21:06:06+00:00","description":"Tom\u00e1s Hirsch, vocero del humanismo chileno estuvo presente en la onceava emisi\u00f3n de Continentes y contenidos, el programa de Pressenza en Radio H. Una","breadcrumb":{"@id":"https:\/\/www.pressenza.com\/es\/2014\/04\/t-hirsch-bachelet-se-habia-ido-del-poder-con-apoyo-popular-del-80\/#breadcrumb"},"inLanguage":"es","potentialAction":[{"@type":"ReadAction","target":["https:\/\/www.pressenza.com\/es\/2014\/04\/t-hirsch-bachelet-se-habia-ido-del-poder-con-apoyo-popular-del-80\/"]}]},{"@type":"ImageObject","inLanguage":"es","@id":"https:\/\/www.pressenza.com\/es\/2014\/04\/t-hirsch-bachelet-se-habia-ido-del-poder-con-apoyo-popular-del-80\/#primaryimage","url":"https:\/\/www.pressenza.com\/wp-content\/uploads\/2014\/04\/CyC11.jpg","contentUrl":"https:\/\/www.pressenza.com\/wp-content\/uploads\/2014\/04\/CyC11.jpg","width":960,"height":720},{"@type":"BreadcrumbList","@id":"https:\/\/www.pressenza.com\/es\/2014\/04\/t-hirsch-bachelet-se-habia-ido-del-poder-con-apoyo-popular-del-80\/#breadcrumb","itemListElement":[{"@type":"ListItem","position":1,"name":"Accueil","item":"https:\/\/www.pressenza.com\/es\/"},{"@type":"ListItem","position":2,"name":"T. Hirsch: \u00abBachelet se hab\u00eda ido del poder con un apoyo popular del 80%\u00bb"}]},{"@type":"WebSite","@id":"https:\/\/www.pressenza.com\/es\/#website","url":"https:\/\/www.pressenza.com\/es\/","name":"Pressenza","description":"International Press Agency","publisher":{"@id":"https:\/\/www.pressenza.com\/es\/#organization"},"potentialAction":[{"@type":"SearchAction","target":{"@type":"EntryPoint","urlTemplate":"https:\/\/www.pressenza.com\/es\/?s={search_term_string}"},"query-input":{"@type":"PropertyValueSpecification","valueRequired":true,"valueName":"search_term_string"}}],"inLanguage":"es"},{"@type":"Organization","@id":"https:\/\/www.pressenza.com\/es\/#organization","name":"Pressenza","url":"https:\/\/www.pressenza.com\/es\/","logo":{"@type":"ImageObject","inLanguage":"es","@id":"https:\/\/www.pressenza.com\/es\/#\/schema\/logo\/image\/","url":"https:\/\/www.pressenza.com\/wp-content\/uploads\/2022\/10\/pressenza_logo_200x200.jpg","contentUrl":"https:\/\/www.pressenza.com\/wp-content\/uploads\/2022\/10\/pressenza_logo_200x200.jpg","width":200,"height":200,"caption":"Pressenza"},"image":{"@id":"https:\/\/www.pressenza.com\/es\/#\/schema\/logo\/image\/"},"sameAs":["https:\/\/www.facebook.com\/PressenzaItalia","https:\/\/x.com\/PressenzaIPA"]},{"@type":"Person","@id":"https:\/\/www.pressenza.com\/es\/#\/schema\/person\/0dda7d1b68267ad95b1e1d83abc98c89","name":"Redacci\u00f3n Argentina","description":"News from the Pressenza Bureau in Argentina.","sameAs":["https:\/\/x.com\/pressenza"],"url":"https:\/\/www.pressenza.com\/es\/author\/redaccion-argentina\/"}]}},"place":"Buenos Aires","original_article_url":"","_links":{"self":[{"href":"https:\/\/www.pressenza.com\/es\/wp-json\/wp\/v2\/posts\/99420","targetHints":{"allow":["GET"]}}],"collection":[{"href":"https:\/\/www.pressenza.com\/es\/wp-json\/wp\/v2\/posts"}],"about":[{"href":"https:\/\/www.pressenza.com\/es\/wp-json\/wp\/v2\/types\/post"}],"author":[{"embeddable":true,"href":"https:\/\/www.pressenza.com\/es\/wp-json\/wp\/v2\/users\/87"}],"replies":[{"embeddable":true,"href":"https:\/\/www.pressenza.com\/es\/wp-json\/wp\/v2\/comments?post=99420"}],"version-history":[{"count":0,"href":"https:\/\/www.pressenza.com\/es\/wp-json\/wp\/v2\/posts\/99420\/revisions"}],"wp:featuredmedia":[{"embeddable":true,"href":"https:\/\/www.pressenza.com\/es\/wp-json\/wp\/v2\/media\/99421"}],"wp:attachment":[{"href":"https:\/\/www.pressenza.com\/es\/wp-json\/wp\/v2\/media?parent=99420"}],"wp:term":[{"taxonomy":"category","embeddable":true,"href":"https:\/\/www.pressenza.com\/es\/wp-json\/wp\/v2\/categories?post=99420"},{"taxonomy":"post_tag","embeddable":true,"href":"https:\/\/www.pressenza.com\/es\/wp-json\/wp\/v2\/tags?post=99420"}],"curies":[{"name":"wp","href":"https:\/\/api.w.org\/{rel}","templated":true}]}}