{"id":993135,"date":"2019-12-11T03:12:11","date_gmt":"2019-12-11T03:12:11","guid":{"rendered":"https:\/\/www.pressenza.com\/?p=993135"},"modified":"2019-12-11T18:28:55","modified_gmt":"2019-12-11T18:28:55","slug":"argentina-la-dignidad-del-choripan","status":"publish","type":"post","link":"https:\/\/www.pressenza.com\/es\/2019\/12\/argentina-la-dignidad-del-choripan\/","title":{"rendered":"Argentina: La dignidad del chorip\u00e1n"},"content":{"rendered":"<p>Por Claudia Aranda<\/p>\n<p>Como corresponsal extranjera ten\u00eda una credencial para ingresar al Congreso de la Naci\u00f3n para observar la asunci\u00f3n y juramento de Alberto Fern\u00e1ndez a la presidencia de Argentina. Hice algunas entrevistas, a mi juicio demostrativas, de los sentires y los discursos en la arena pol\u00edtica en las afueras del edificio legislativo, dentro del cl\u00e1sico ambiente de arribo de autoridades e invitados, en donde algunos llegan raudos como pavos reales y hay que perseguirlos y empujarse para obtener una declaraci\u00f3n (de esas no hice, por principios), y otros pocos, los menos, deambulan un rato por la calle frente a las c\u00e1maras dispuestos a ser consultados.<\/p>\n<p>No iba a evitar preguntar por sus apreciaciones respecto del estallido social en Chile y los cuestionamientos al modelo neoliberal y sus consecuencias, que propiciaron y son fundamento de la masiva revuelta chilena que completa ya dos meses, y aqu\u00ed les comparto ese paneo variopinto de declaraciones, pero luego decid\u00ed no entrar al Congreso y me perd\u00ed el bostezo de Macri en pleno acto solemne, porque decid\u00ed irme a las calles, de hecho, creo, que lo decid\u00ed desde el d\u00eda anterior, producto de escuchar y observar por cada esquina de Buenos Aires a la gente hablar y expresarse de mil formas y a viva voz acerca del cambio de mando, en un revuelo de esperanzas que ha desembocado en jolgorios cat\u00e1rticos no tan s\u00f3lo porque \u201casumieron Alberto y Cristina\u201d, como los llaman, sino porque es tambi\u00e9n el d\u00eda en que termin\u00f3 el gobierno de Mauricio Macri.<\/p>\n<p>Fue el d\u00eda de una parte, una mayor\u00eda del pueblo en festejos, y en las calles todos quieren hablar y, argumentos m\u00e1s, argumentos menos, hay l\u00edneas argumentativas en que muchos coinciden. Como Mirta, una mujer de mediana edad que viaj\u00f3 especialmente desde Tucum\u00e1n en donde trabaja como empleada administrativa, y quien expresa que fue un gran esfuerzo llegar a Buenos Aires, pero que \u201ces el momento del a\u00f1o que esperaba, lo esper\u00e9 durante cuatro a\u00f1os, porque no me pod\u00eda privar para estar en los festejos, que es entre comillas decir festejos, porque la verdad es que llev\u00e1s muy adentro todo lo que est\u00e1 pasando en Am\u00e9rica Latina, es algo que te conmociona, te perfora el hecho de pensar en que hay masacres, desapariciones, en lugares tan cercanos a nuestros sentimientos porque son nuestros hermanos, la verdad es que me emociona\u201d, me dice y le caen las l\u00e1grimas.<\/p>\n<p>Mirta estaba sentada en un t\u00edpico caf\u00e9 bonaerense, de mesitas en la acera y toldos para capear un sol que azota. Bast\u00f3 cruzar una sonrisa y compartir un cigarrillo para ponernos a conversar. Para ella lo m\u00e1s grave que ha padecido el pueblo argentino en los cuatro a\u00f1os del gobierno de Macri, fue \u201cretroceder m\u00e1s de cincuenta a\u00f1os, porque todas las conquistas que se hab\u00edan logrado y que se hab\u00edan recuperado con los doce a\u00f1os de kirchnerismo, es un retroceso que no s\u00e9 si se va a volver a recuperar culturalmente. Y digo culturalmente porque hab\u00eda una consciencia de que el neoliberalismo era un tema acabado para la Argentina por lo menos, enfocando el pa\u00eds hacia una mirada m\u00e1s equitativa, y con Macri se reforz\u00f3 mucho m\u00e1s lo que hizo la dictadura militar, buscando un anclaje por muchos a\u00f1os m\u00e1s\u201d.<\/p>\n<p>\u201cPor suerte logramos recuperar la Patria en esta \u00faltima elecci\u00f3n, pero tengo un poquito de miedo porque la regi\u00f3n est\u00e1 tan convulsionada, y los poderes son tan grandes, que es como que hay que estar constantemente y, desde ahora en m\u00e1s, despiertos, alertas, porque tambi\u00e9n hay muchas cabezas para abrir, porque lo que m\u00e1s te da pena es que son las clases bajas las que sufren y tambi\u00e9n las que votan el neoliberalismo\u201d, y argumenta que en parte hoy se debe, entre otros factores, a la manipulaci\u00f3n medi\u00e1tica que el Poder neoliberal ha utilizado, \u201clas fake news y las tergiversaciones, se manipula mucho m\u00e1s y m\u00e1s r\u00e1pidamente\u201d a la poblaci\u00f3n.<\/p>\n<p><a href=\"https:\/\/www.pressenza.com\/wp-content\/uploads\/2019\/12\/ellas.jpg\"><img loading=\"lazy\" decoding=\"async\" class=\"aligncenter size-full wp-image-993145\" src=\"https:\/\/www.pressenza.com\/wp-content\/uploads\/2019\/12\/ellas.jpg\" alt=\"\" width=\"2048\" height=\"995\" srcset=\"https:\/\/www.pressenza.com\/wp-content\/uploads\/2019\/12\/ellas.jpg 2048w, https:\/\/www.pressenza.com\/wp-content\/uploads\/2019\/12\/ellas-300x146.jpg 300w, https:\/\/www.pressenza.com\/wp-content\/uploads\/2019\/12\/ellas-768x373.jpg 768w, https:\/\/www.pressenza.com\/wp-content\/uploads\/2019\/12\/ellas-720x350.jpg 720w\" sizes=\"auto, (max-width: 2048px) 100vw, 2048px\" \/><\/a><\/p>\n<p>Siempre he pensado que los argentinos son un pueblo al que en general se le puede atribuir tener la gracia de una verborrea vibrante. Ocurre con el taxista que para darte su opini\u00f3n prefiere parar el taxi y no cobrar ese rato con tal de explicarte con la mayor claridad posible lo que piensa de esto y aquello. O con el tipo que te vende un chorip\u00e1n, o con el del almac\u00e9n y la se\u00f1ora de la fruter\u00eda. Es un don transversal. Y con la clase pol\u00edtica ocurre igual. No es dif\u00edcil, m\u00e1s all\u00e1 de la opini\u00f3n que a una pueda caberle respecto de lo que afirmen, obtener de ellos declaraciones interesantes.<\/p>\n<p><strong>Deseos y augurios sobre un modelo en jaque<\/strong><\/p>\n<p>Daniel Filmus, diputado desde hace dos a\u00f1os por la ciudad de Buenos Aires, ex ministro de Educaci\u00f3n en el gobierno de N\u00e9stor Kirchner, lo primero que destaca es que \u201cen la calle hay mucha esperanza, donde vas caminando, la gente lo que te dice es que tiene esperanza en que se construya algo nuevo, que recuperemos la posibilidad de crecer, de ser un pa\u00eds m\u00e1s justo, que ese beneficio de crecimiento se distribuya entre todos, que volvamos a ser un pa\u00eds industrial, un pa\u00eds en donde la fuerza del trabajo sea la forma de generar condiciones de vida que permitan llegar a fin de mes y de mejorar las condiciones de consumo de los argentinos que est\u00e1n tan deterioradas\u201d.<\/p>\n<p>Y es cierto. En una u otra medida, la palabra \u201cesperanza\u201d es denominador com\u00fan. La coalici\u00f3n de Alberto Fern\u00e1ndez ha apostado a un gran acuerdo nacional para sacar a flote el pa\u00eds y tambi\u00e9n ha puesto la esperanza en conseguir la legitimidad de su gesti\u00f3n en base a consensos sociales de capit\u00e1n a paje, levantando el discurso de que de ello son todos parte.<\/p>\n<p><a href=\"https:\/\/www.pressenza.com\/wp-content\/uploads\/2019\/12\/Amaya.jpg\"><img loading=\"lazy\" decoding=\"async\" class=\"aligncenter size-full wp-image-993175\" src=\"https:\/\/www.pressenza.com\/wp-content\/uploads\/2019\/12\/Amaya.jpg\" alt=\"\" width=\"2048\" height=\"995\" srcset=\"https:\/\/www.pressenza.com\/wp-content\/uploads\/2019\/12\/Amaya.jpg 2048w, https:\/\/www.pressenza.com\/wp-content\/uploads\/2019\/12\/Amaya-300x146.jpg 300w, https:\/\/www.pressenza.com\/wp-content\/uploads\/2019\/12\/Amaya-768x373.jpg 768w, https:\/\/www.pressenza.com\/wp-content\/uploads\/2019\/12\/Amaya-720x350.jpg 720w\" sizes=\"auto, (max-width: 2048px) 100vw, 2048px\" \/><\/a><em>Diputado Daniel Filmus ex ministro de educaci\u00f3n de Kirchner<\/em><\/p>\n<p>Y as\u00ed ha parecido el puntapi\u00e9 inicial, porque entre que el nuevo Presidente jur\u00f3 y luego se traslad\u00f3 en veh\u00edculo todas las cuadras que separan la sede legislativa de la Casa Rosada, nada m\u00e1s a metros del recorrido, la gente salt\u00f3 o tumb\u00f3 las vallas y corri\u00f3 en masa tras el coche. Miles de argentinos corriendo cual marat\u00f3n tras el veh\u00edculo del reci\u00e9n jurado Presidente de la Naci\u00f3n, hasta que fue alcanzado y acompa\u00f1ado por el pueblo presente, por la muchedumbre hasta el ingreso de los portones de llegada al palacio de gobierno. Yo corr\u00ed con la gente y fue incre\u00edble de presenciar. Nadie los reprimi\u00f3, nadie los intent\u00f3 hacer retroceder, menos a\u00fan los criminalizaron por ello. Y Alberto Fern\u00e1ndez jam\u00e1s corri\u00f3 peligro alguno. Es lo que sucede cuando un Presidente no s\u00f3lo goza de la legalidad de su cargo, sino que adem\u00e1s de la legitimidad.<\/p>\n<p>Y justamente en el marco de la crisis de legitimidad del gobierno de Sebasti\u00e1n Pi\u00f1era, el estallido social y las violaciones a los derechos humanos, que son de conocimiento planetario, el diputado Filmus asegur\u00f3 que \u201cvenimos siguiendo la situaci\u00f3n de Chile d\u00eda tras d\u00eda y esperamos que en primer lugar, las expresiones de descontento popular que se est\u00e1n viviendo en Chile puedan ser canalizadas, que no haya violencia, que no haya represi\u00f3n, que se respeten los derechos humanos, nos parece que eso es fundamental\u201d.<\/p>\n<p><strong>Otras voces<\/strong><\/p>\n<p>Mientras el diputado macrista del PRO, Domingo Luis Amaya, buscaba a la prensa dispersada en la entrada del Congreso de la Naci\u00f3n, la que m\u00e1s bien escog\u00eda a los representantes del nuevo oficialismo para entrevistar, un joven periodista accedi\u00f3 a tomarle unas cu\u00f1as y me acerqu\u00e9. El diputado intentaba focalizarse en hablar de las obras de infraestructura del gobierno saliente y yo me preguntaba por la gente, por las y los argentinos que acusan haber vivido cuatro a\u00f1os de absoluta falta de humanidad durante la administraci\u00f3n de Macri. Me acerqu\u00e9 y le pregunt\u00e9 qu\u00e9 esperaba de este nuevo gobierno.<\/p>\n<p>Me dijo que esperaba que \u201chaga las cosas bien, que pueda corregir las cosas que hay que corregir y continuar las pol\u00edticas que inici\u00f3 el gobierno de Macri\u201d, argumentando que \u201cson las pol\u00edtica de Estado las que resuelven los problemas estructurales de los pa\u00edses\u201d. Pol\u00edticas de Estado. Le pregunt\u00e9 entonces, c\u00f3mo es posible que en un pa\u00eds en el cual hay el doble de cabezas de vacas que de personas hayan ni\u00f1os que no tengan leche para beber.<\/p>\n<p>\u201cHay una pobreza estructural de un pa\u00eds muy asim\u00e9trico\u201d. \u00bfY las pol\u00edticas p\u00fablicas? \u201cY\u2026 esas pol\u00edticas p\u00fablicas son las que se necesitan para resolver esas asimetr\u00edas\u201d, explica y ve claramente que le levant\u00e9 una ceja, entonces argumenta a modo de explicaci\u00f3n que \u201csi un pa\u00eds no tiene resuelta su matriz energ\u00e9tica, si un pa\u00eds no tiene conectividad, si un pa\u00eds el cien por ciento de lo que produce lo saca por camiones, es un pa\u00eds que claramente no tiene posibilidades de desarrollo\u201d, y puntualiza que \u201cen estos cuatro a\u00f1os inici\u00f3 un proceso para tener un sistema de transporte multimodal\u201d en donde el ferrocarril \u201cdespu\u00e9s de cincuenta a\u00f1o est\u00e1 volviendo a funcionar en Argentina\u201d.<\/p>\n<p><a href=\"https:\/\/www.pressenza.com\/wp-content\/uploads\/2019\/12\/20191210_104509.jpg\"><img loading=\"lazy\" decoding=\"async\" class=\"aligncenter size-full wp-image-993774\" src=\"https:\/\/www.pressenza.com\/wp-content\/uploads\/2019\/12\/20191210_104509.jpg\" alt=\"\" width=\"2048\" height=\"995\" srcset=\"https:\/\/www.pressenza.com\/wp-content\/uploads\/2019\/12\/20191210_104509.jpg 2048w, https:\/\/www.pressenza.com\/wp-content\/uploads\/2019\/12\/20191210_104509-300x146.jpg 300w, https:\/\/www.pressenza.com\/wp-content\/uploads\/2019\/12\/20191210_104509-768x373.jpg 768w, https:\/\/www.pressenza.com\/wp-content\/uploads\/2019\/12\/20191210_104509-720x350.jpg 720w\" sizes=\"auto, (max-width: 2048px) 100vw, 2048px\" \/><\/a><\/p>\n<p>Maravilloso lo del ferrocarril, le dije, pero le aclar\u00e9 que no le estaba preguntando por cosas, sino por la alimentaci\u00f3n de los ni\u00f1os, que yo le estaba hablando de seres humanos, por la leche, por la desnutrici\u00f3n infantil del norte en un pa\u00eds que es el primer productor de prote\u00ednas de la regi\u00f3n. \u201cHay un \u00edndice de pobreza que hay que resolver\u201d, explica y aclara que el 70% del presupuesto nacional hoy est\u00e1 destinado a la asistencia social\u201d. Por un momento pens\u00e9 en insistir en el punto, pero palp\u00e9 claramente el divorcio existente en c\u00f3mo se aprecian los conceptos, porque una cosa es el presupuesto existente y otra en qu\u00e9 debiera derivar, y son justamente las pol\u00edticas p\u00fablicas en las cuales se invierte dicho presupuesto.<\/p>\n<p>Decid\u00ed consultarle la opini\u00f3n acerca de las sistem\u00e1ticas violaciones a los derechos humanos en Chile en el marco del estallido social, frente a lo cual sostuvo que \u201cen todos los pa\u00edses se aplican la Constituci\u00f3n y las leyes y se respeta el principio de igualdad ante la ley, sin impunidad\u201d y frente a mi insistencia de una respuesta directa, agreg\u00f3 que \u201ccondena totalmente las violaciones a los derechos humanos cometidas\u201d.<\/p>\n<p><strong>El recibimiento que tendr\u00eda Pi\u00f1era<\/strong><\/p>\n<p>La diputada Romina del Pl\u00e1, sindicalista del conglomerado Frente de Izquierda, se plant\u00f3 en la mitad de la calle frente a la entrada del Congreso, levantando una bandera chilena donde se le\u00eda \u201cPi\u00f1era, un violador en tu camino\u201d, y, luego, se arrim\u00f3 al diputado de la misma coalici\u00f3n, Nicol\u00e1s del Ca\u00f1o y juntos levantaron otra bandera chilena a\u00fan m\u00e1s grande en la que se le\u00eda \u201cPi\u00f1era asesino\u201d. La pregunta para m\u00ed era obvia, pero obligada. \u00bfPor qu\u00e9?<\/p>\n<p>\u201cMira, los est\u00e1bamos esperando, junto a Nicol\u00e1s del Ca\u00f1o que es el otro diputado del Frente de Izquierda, con quien \u00edbamos a levantar esa bandera frente a Pi\u00f1era justamente cuando estuviera en la ceremonia de asunci\u00f3n de Alberto y Cristina Fern\u00e1ndez, porque nos parece que es realmente un agravio a la poblaci\u00f3n trabajadora, a la juventud chilena que est\u00e1 sufriendo la brutal represi\u00f3n de Pi\u00f1era, los muertos, los cientos de manifestantes que han perdido sus ojos, las violaciones, las torturas que han sufrido, y, justamente, porque apoyamos el reclamo de \u201cFuera Pi\u00f1era\u201d, de asamblea constituyente para una reorganizaci\u00f3n integral de ese pa\u00eds, como est\u00e1 reclamando la inmensa mayor\u00eda de la poblaci\u00f3n\u201d, explica, enfatizando que \u201cel que lo reciba, el nuevo gobierno Argentino, es una afrenta y en este sentido lo \u00edbamos a manifestar\u201d.<\/p>\n<p><a href=\"https:\/\/www.pressenza.com\/wp-content\/uploads\/2019\/12\/violador.jpg\"><img loading=\"lazy\" decoding=\"async\" class=\"aligncenter size-full wp-image-993184\" src=\"https:\/\/www.pressenza.com\/wp-content\/uploads\/2019\/12\/violador.jpg\" alt=\"\" width=\"2048\" height=\"997\" srcset=\"https:\/\/www.pressenza.com\/wp-content\/uploads\/2019\/12\/violador.jpg 2048w, https:\/\/www.pressenza.com\/wp-content\/uploads\/2019\/12\/violador-300x146.jpg 300w, https:\/\/www.pressenza.com\/wp-content\/uploads\/2019\/12\/violador-768x374.jpg 768w, https:\/\/www.pressenza.com\/wp-content\/uploads\/2019\/12\/violador-720x351.jpg 720w\" sizes=\"auto, (max-width: 2048px) 100vw, 2048px\" \/><\/a><\/p>\n<p>Pero Pi\u00f1era no viaj\u00f3. Se qued\u00f3 en Chile excus\u00e1ndose por causa de un accidente a\u00e9reo que ocurri\u00f3 sobre el mar, en la regi\u00f3n de Magallanes camino a la Ant\u00e1rtica, con consecuencias fatales. \u201cQue no haya venido no quiere decir que no reforcemos nuestro planteo\u201d para exigir \u201cfuera Pi\u00f1era, por las denuncias de la represi\u00f3n que ejerce y, tambi\u00e9n, planteando el repudio al golpe en Bolivia, que es otro tema que a los trabajadores y a la juventud latinoamericana nos tiene que interesar\u201d, explica la diputada puntualizando que \u201cla presencia del FMI, la presencia del imperialismo en Am\u00e9rica Latina, es una presencia que ataca a los trabajadores tratando de imponer sus planes mayores de ajustes, nuevas reformas jubilatorias, nuevas reformas laborales, y esto es lo que tenemos que rechazar\u201d.<\/p>\n<p>Human Rights Watch, Amnist\u00eda Internacional y la Comisi\u00f3n Interamericana de Derechos Humanos han dado cuenta de violaciones de los derechos humanos en Chile y han constatado delitos de lesa humanidad que son juzgables en todos los pa\u00edses miembros de la ONU. Antes de estos informes, Baltazar Garz\u00f3n, el mismo juez espa\u00f1ol que proces\u00f3 al dictador chileno Augusto Pinochet y emiti\u00f3 orden de captura internacional, la cual se concret\u00f3 en Londres, hace d\u00edas advirti\u00f3 p\u00fablicamente a Sebasti\u00e1n Pi\u00f1era que justamente eso arriesga, eventualmente, si se presume su responsabilidad en los cr\u00edmenes, los cuales luego fueron consignados por los organismos internacionales de derechos humanos mencionados.<\/p>\n<p>\u201cYo misma he viajado a Chile a fines de octubre, a participar en las movilizaciones y a informarme en primera persona de la situaci\u00f3n que est\u00e1 atravesando, as\u00ed que estamos a disposici\u00f3n de todo lo que sea necesario para detener esto\u201d. La diputada asegur\u00f3 que de ser Pi\u00f1era requerido judicialmente por delitos de lesa humanidad, juzgable casi en cualquier pa\u00eds, ella y su conglomerado apoyar\u00edan una acci\u00f3n judicial internacional contra el presidente chileno si eventualmente, en dicho escenario, este pisara territorio argentino.<\/p>\n<p>Sin embargo, admiti\u00f3 que no cree que la justicia Argentina \u201cse anime a semejante cosa\u201d, as\u00ed es que \u201clo vamos a tener que hacer con la movilizaci\u00f3n popular\u201d, pues \u201cac\u00e1 hay que encontrar a un juez que est\u00e9 dispuesto y ac\u00e1 eso es muy dif\u00edcil, porque la justicia est\u00e1 totalmente sometida a los intereses pol\u00edticos, situaci\u00f3n propia del capitalismo, en todos los pa\u00edses\u201d.<\/p>\n<p><strong>Para la izquierda es un plan de gobierno inviable<\/strong><\/p>\n<p>La izquierda de la izquierda argentina no es optimista respecto al nuevo gobierno argumentando que la contraposici\u00f3n de intereses dentro del mismo programa hacen inviable el cumplimiento del programa, en un escenario en el que lo uno terminar\u00eda impidiendo lo otro.<\/p>\n<p>Nicol\u00e1s del Ca\u00f1o, diputado del Frente de Izquierda, sostiene que frente al nuevo gobierno \u201chemos sido claros en plantear que es incompatible lo que ha sostenido hasta el momento el Frente de Todos (coalici\u00f3n del nuevo gobierno de Alberto Fern\u00e1ndez), que es, por un lado, cumplir con el Fondo Monetario Internacional, con los acreedores internacionales, m\u00e1s all\u00e1 de las especulaciones o de las eventuales renegociaciones, y al mismo tiempo beneficiar a las mayor\u00edas populares\u201d.<\/p>\n<p>Al respecto ilustra que \u201csi vemos el ejemplo de lo que sucedi\u00f3 en Ecuador, te das cuenta de que en \u00faltima instancia el FMI llega un momento en donde busca los ajustes de siempre para poder cobrar los cr\u00e9ditos, y lo mismo los acreedores privados y, en funci\u00f3n de eso, se especula con una renegociaci\u00f3n que igualmente para los acreedores ser\u00eda un negocio, porque si hoy Argentina tuviera que pagar ser\u00eda como algunos hablan incluso de un 50%\u201d, una cifra sin duda brutal.<\/p>\n<p>Cabe mencionar que Argentina es el pa\u00eds m\u00e1s endeudado de Am\u00e9rica Latina con un porcentaje de 77,4 % del PIB. Su deuda actual es de 261.483 millones de d\u00f3lares y en el 2017 era de 234.549 millones, lo que representa un incremento de 20,3 puntos porcentuales de su producto interno bruto. En tal sentido, el gobierno de Macri no podr\u00eda recibir otro apelativo que no sea \u201cdesastroso\u201d.<\/p>\n<p><a href=\"https:\/\/www.pressenza.com\/wp-content\/uploads\/2019\/12\/Filmus.jpg\"><img loading=\"lazy\" decoding=\"async\" class=\"aligncenter size-full wp-image-993165\" src=\"https:\/\/www.pressenza.com\/wp-content\/uploads\/2019\/12\/Filmus.jpg\" alt=\"\" width=\"898\" height=\"437\" srcset=\"https:\/\/www.pressenza.com\/wp-content\/uploads\/2019\/12\/Filmus.jpg 898w, https:\/\/www.pressenza.com\/wp-content\/uploads\/2019\/12\/Filmus-300x146.jpg 300w, https:\/\/www.pressenza.com\/wp-content\/uploads\/2019\/12\/Filmus-768x374.jpg 768w, https:\/\/www.pressenza.com\/wp-content\/uploads\/2019\/12\/Filmus-720x350.jpg 720w\" sizes=\"auto, (max-width: 898px) 100vw, 898px\" \/><\/a><em>Nicol\u00e1s del Ca\u00f1o, diputado Frente de Izquierda<\/em><\/p>\n<p>Y si bien en dicho marco la esperanza popular es que s\u00f3lo cabe mejorar, porque como dice cuanta gente consult\u00e9 en las calles \u201cya no podemos estar peor\u201d, del Ca\u00f1o aclara que \u201clo que est\u00e1n diciendo (en el nuevo gobierno), es que en dos o tres a\u00f1os van a poder pagar el conjunto de la deuda\u201d, y enfatiza en que se trata de \u201cuna deuda que por otra parte no solamente es ileg\u00edtima, porque no benefici\u00f3 al pueblo\u201d, sino que es \u201cuna deuda odiosa\u201d, que como tal se define como aquellas deudas \u201cque son no justamente para beneficiar al pueblo, sino que son deudas que se contraen para pagar deudas, como fue el caso de Argentina, y para beneficiar a los grandes grupos econ\u00f3micos\u201d.<\/p>\n<p>Entonces, en el marco de las \u201cesperanzas\u201d, el diputado dice estar atento a cu\u00e1les son las medidas concretas que el nuevo gobierno tomar\u00e1, porque \u201cest\u00e1 claro que la coalici\u00f3n pol\u00edtica de gobierno, con este planteo, no va a responder de manera estructural a los principales problemas de las grandes mayor\u00edas, m\u00e1s all\u00e1 de que todav\u00eda no hemos escuchado ninguna medida concreta\u201d.<\/p>\n<p>La apuesta del nuevo gobierno es consolidar lo que han llamado Acuerdo Social, el cual apunta a capitalizar pol\u00edticamente la convergencia de intereses que ha producido el desplome de la rentabilidad de las empresas, la precarizaci\u00f3n del empleo y los salarios en los cuatro a\u00f1os de cat\u00e1strofe neoliberal de Macri, para organizar en el consenso de los actores involucrados, planes que frenen la inflaci\u00f3n y permitan la reactivaci\u00f3n econ\u00f3mica que impulsen al pa\u00eds a recuperar una din\u00e1mica s\u00f3lida de desarrollo.<\/p>\n<p>En este marco, el diputado cuestiona que estos consensos del Acuerdo Social van a \u201cponer como eje central a las grandes patronales, a los grandes bancos, y a los dirigentes sindicales que siempre traicionaron a los trabajadores\u201d.<\/p>\n<p><strong>El problema de fondo aqu\u00ed y all\u00e1<\/strong><\/p>\n<p>El drama de Argentina es canci\u00f3n conocida dentro de los pa\u00edses que se aferran al modelo capitalista neoliberal a ultranza y cuyas consecuencias en Chile tienen hoy y desde hace dos meses al pueblo protestando incansablemente en las calles. \u201cLa enorme riqueza que tiene la Argentina, los enormes recursos que tiene la Argentina, se los llevan un peque\u00f1o grupo de grandes empresarios y de grandes terratenientes, los que est\u00e1n vinculado al agronegocio\u201d, relata, asunto que de plano viene a explicar en parte el por qu\u00e9 la leche no es accesible para todos los ni\u00f1os de este enorme pa\u00eds.<\/p>\n<p>\u201cLas pol\u00edticas de Estado, desde que lleg\u00f3 Macri, fue quitarles impuestos a los ricos permanentemente, las retenciones a las patronales agrarias, a las mineras, etc.\u201d, sostiene, para explicar por qu\u00e9 se lic\u00faan las arcas del Estado, lo cual redunda, seg\u00fan Nicol\u00e1s del Ca\u00f1o, en que \u201ctenemos al setenta por ciento de los ni\u00f1os por debajo del l\u00edmite de la pobreza, y a nuestros jubilados y jubiladas, si bien a diferencia de Chile nosotros tenemos un sistema de reparto, tenemos jubilaciones muy magras, que no alcanzan absolutamente para nada\u201d.<\/p>\n<p>Por lo mismo, dice, es muy importante lo que est\u00e1 pasando en Chile \u201cporque ese lema de Chile Despert\u00f3 es la muestra del cuestionamiento que no son 30 pesos, son 30 a\u00f1os, lo cual es un cuestionamiento profundo a todo lo que sucedi\u00f3 en el neoliberalismo. Y tambi\u00e9n ha mostrado cu\u00e1les son las pol\u00edticas no solamente de la derecha y de la Concertaci\u00f3n, sino que tambi\u00e9n a todos los que se denominan de izquierda, como el Frente Amplio, o en el caso tambi\u00e9n del Partido Comunista que se abstuvo en la votaci\u00f3n de esta ley anti movilizaci\u00f3n, algo realmente terrible, que gente que se dice de izquierda voten por una ley que va a reprimir las protestas, es realmente una verg\u00fcenza\u201d.<\/p>\n<p>El diputado tambi\u00e9n estuvo en Chile a causa del estallido social. \u201cNos reunimos con distintas organizaciones de derechos humanos para constatar de primera manos cu\u00e1les son las violaciones a los derechos humanos y tenemos una cantidad enorme de informaci\u00f3n al respecto. Es brutal\u201d, concluye.<\/p>\n<p><a href=\"https:\/\/www.pressenza.com\/wp-content\/uploads\/2019\/12\/20191210_094238.jpg\"><img loading=\"lazy\" decoding=\"async\" class=\"aligncenter size-full wp-image-993783\" src=\"https:\/\/www.pressenza.com\/wp-content\/uploads\/2019\/12\/20191210_094238.jpg\" alt=\"\" width=\"2048\" height=\"996\" srcset=\"https:\/\/www.pressenza.com\/wp-content\/uploads\/2019\/12\/20191210_094238.jpg 2048w, https:\/\/www.pressenza.com\/wp-content\/uploads\/2019\/12\/20191210_094238-300x146.jpg 300w, https:\/\/www.pressenza.com\/wp-content\/uploads\/2019\/12\/20191210_094238-768x374.jpg 768w, https:\/\/www.pressenza.com\/wp-content\/uploads\/2019\/12\/20191210_094238-720x350.jpg 720w\" sizes=\"auto, (max-width: 2048px) 100vw, 2048px\" \/><\/a><em>Diputada Romina del Pl\u00e1 y diputado Nicol\u00e1s del Ca\u00f1o, Frente de Izquierda<\/em><\/p>\n<p>Y en el marco del D\u00eda Internacional de los Derechos Humanos y a ra\u00edz de los delitos de lesa humanidad cometidos por el gobierno de Sebasti\u00e1n Pi\u00f1era en Chile en el tiempo transcurrido desde el estallido social, Hebe de Bonafini, co-fundadora de Madres de la Plaza de Mayo, al llegar al Congreso de la Naci\u00f3n fue enf\u00e1tica en sostener que \u201cme parece que lo que est\u00e1 pasando en Chile es muy grave y me parece que lo que est\u00e1 haciendo el pueblo es extraordinario. Lo amo, les deseo lo mejor, y que sigan porque no hay otra, hay que defender lo que uno quiere\u201d.<\/p>\n<p><strong>Casa Rosada y una plaza sin vallas<\/strong><\/p>\n<p>La gente lleg\u00f3, la gente bail\u00f3, arrib\u00f3 de todas partes de la provincia y del pa\u00eds. Comi\u00f3 ah\u00ed, levant\u00f3 pancartas y banderas de cuanta causa y organizaci\u00f3n existe, se lav\u00f3 los pies y jug\u00f3 con el agua de las piletas de la Plaza de Mayo, una tradici\u00f3n peronista, me explican. Y no hab\u00edan vallas que impidieran al pueblo acercarse a su plaza. \u201cLas vallas me las sacas\u201d, comentan que Alberto Fern\u00e1ndez le indic\u00f3 a Mauricio Macri. Y es que una de las decisiones de Macri de vallar la plaza cal\u00f3 hondo en el pueblo argentino que lo tom\u00f3 como una bofetada a la democracia, a sus tradiciones y a sus territorios conquistados.<\/p>\n<p>\u201cEso nos doli\u00f3 a todos, creo yo, me indign\u00f3 tanto que ahora no puedo dejar de llorar al ver la plaza liberada, porque es nuestra, es del pueblo\u201d, me relata una dulce mujer de las afueras de Buenos Aires que pas\u00f3 la noche confeccionando ella misma chapitas conmemorativas en donde cita eslogan y los rostros de los Fern\u00e1ndez y de N\u00e9stor.<\/p>\n<p><a href=\"https:\/\/www.pressenza.com\/wp-content\/uploads\/2019\/12\/agua-1.jpg\"><img loading=\"lazy\" decoding=\"async\" class=\"aligncenter size-full wp-image-993211\" src=\"https:\/\/www.pressenza.com\/wp-content\/uploads\/2019\/12\/agua-1.jpg\" alt=\"\" width=\"2048\" height=\"995\" srcset=\"https:\/\/www.pressenza.com\/wp-content\/uploads\/2019\/12\/agua-1.jpg 2048w, https:\/\/www.pressenza.com\/wp-content\/uploads\/2019\/12\/agua-1-300x146.jpg 300w, https:\/\/www.pressenza.com\/wp-content\/uploads\/2019\/12\/agua-1-768x373.jpg 768w, https:\/\/www.pressenza.com\/wp-content\/uploads\/2019\/12\/agua-1-720x350.jpg 720w\" sizes=\"auto, (max-width: 2048px) 100vw, 2048px\" \/><\/a><\/p>\n<p>Pero lo que m\u00e1s celebraron, casi como si se tratara de la m\u00e1s ansiada de las reivindicaciones, fue comer chorip\u00e1n durante todo el d\u00eda. Cada tantos metros pod\u00edas encontrar un puesto de este pan con embutido asado. Delicioso. Misma merienda popular y querida que el macrismo catalog\u00f3 en un momento de \u201ccomida para esos negros\u201d, seg\u00fan relata la gente, y que de hecho prohibieron su venta en las calles. \u201cDijeron que si ya no se ve\u00eda venta de choripanes eso demostraba que el pa\u00eds avanzaba hacia el desarrollo\u201d, explica indignado un hombre que portaba una bandera argentina pegada a otra del Whipala, que es s\u00edmbolo ind\u00edgena\u201d.<\/p>\n<p>El hombre me dio una mascada de su propio chorip\u00e1n con una sonrisa de oreja a oreja esperando que le diera mi aprobaci\u00f3n. Muy rico, le dije, muy muy rico, gracias. Y luego pens\u00e9 que, vaticinios m\u00e1s, vaticinios menos, y m\u00e1s all\u00e1 de las complejidad de la situaci\u00f3n de Argentina, si el chorip\u00e1n efectivamente hab\u00eda llegado al gobierno, entonces el mismo pueblo es quien ha recuperado su dignidad. Y ese es un muy buen punto de partida.<\/p>\n<p><a href=\"https:\/\/www.pressenza.com\/wp-content\/uploads\/2019\/12\/chorip\u00e1n.jpg\"><img loading=\"lazy\" decoding=\"async\" class=\"aligncenter size-full wp-image-993221\" src=\"https:\/\/www.pressenza.com\/wp-content\/uploads\/2019\/12\/chorip\u00e1n.jpg\" alt=\"\" width=\"2048\" height=\"996\" srcset=\"https:\/\/www.pressenza.com\/wp-content\/uploads\/2019\/12\/chorip\u00e1n.jpg 2048w, https:\/\/www.pressenza.com\/wp-content\/uploads\/2019\/12\/chorip\u00e1n-300x146.jpg 300w, https:\/\/www.pressenza.com\/wp-content\/uploads\/2019\/12\/chorip\u00e1n-768x374.jpg 768w, https:\/\/www.pressenza.com\/wp-content\/uploads\/2019\/12\/chorip\u00e1n-720x350.jpg 720w\" sizes=\"auto, (max-width: 2048px) 100vw, 2048px\" \/><\/a><\/p>\n<p><em>Todas las fotos son de Claudia Aranda<\/em><\/p>\n","protected":false},"excerpt":{"rendered":"<p>Por Claudia Aranda Como corresponsal extranjera ten\u00eda una credencial para ingresar al Congreso de la Naci\u00f3n para observar la asunci\u00f3n y juramento de Alberto Fern\u00e1ndez a la presidencia de Argentina. Hice algunas entrevistas, a mi juicio demostrativas, de los sentires&hellip;<\/p>\n","protected":false},"author":43,"featured_media":993230,"comment_status":"closed","ping_status":"closed","sticky":false,"template":"","format":"standard","meta":{"footnotes":""},"categories":[11389,74,67],"tags":[58830,26,53284,68190,4862],"class_list":["post-993135","post","type-post","status-publish","format-standard","has-post-thumbnail","hentry","category-contenido-original","category-politica-es","category-sudamerica","tag-alberto-fernandez","tag-argentina","tag-cambio-de-mando","tag-casa-rosada-es","tag-mauricio-macri"],"yoast_head":"<!-- This site is optimized with the Yoast SEO plugin v27.1.1 - https:\/\/yoast.com\/product\/yoast-seo-wordpress\/ -->\n<title>Argentina: La dignidad del chorip\u00e1n<\/title>\n<meta name=\"description\" content=\"Argentina: La dignidad del chorip\u00e1n\" \/>\n<meta name=\"robots\" content=\"index, follow, max-snippet:-1, max-image-preview:large, max-video-preview:-1\" \/>\n<link rel=\"canonical\" href=\"https:\/\/www.pressenza.com\/es\/2019\/12\/argentina-la-dignidad-del-choripan\/\" \/>\n<meta property=\"og:locale\" content=\"es_ES\" \/>\n<meta property=\"og:type\" content=\"article\" \/>\n<meta property=\"og:title\" content=\"Argentina: La dignidad del chorip\u00e1n\" \/>\n<meta property=\"og:description\" content=\"Argentina: La dignidad del chorip\u00e1n\" \/>\n<meta property=\"og:url\" content=\"https:\/\/www.pressenza.com\/es\/2019\/12\/argentina-la-dignidad-del-choripan\/\" \/>\n<meta property=\"og:site_name\" content=\"Pressenza\" \/>\n<meta property=\"article:publisher\" content=\"https:\/\/www.facebook.com\/PressenzaItalia\" \/>\n<meta property=\"article:author\" content=\"https:\/\/www.facebook.com\/pressenza\" \/>\n<meta property=\"article:published_time\" content=\"2019-12-11T03:12:11+00:00\" \/>\n<meta property=\"article:modified_time\" content=\"2019-12-11T18:28:55+00:00\" \/>\n<meta property=\"og:image\" content=\"https:\/\/www.pressenza.com\/wp-content\/uploads\/2019\/12\/Alberto.jpg\" \/>\n\t<meta property=\"og:image:width\" content=\"2048\" \/>\n\t<meta property=\"og:image:height\" content=\"996\" \/>\n\t<meta property=\"og:image:type\" content=\"image\/jpeg\" \/>\n<meta name=\"author\" content=\"Redacci\u00f3n Chile\" \/>\n<meta name=\"twitter:card\" content=\"summary_large_image\" \/>\n<meta name=\"twitter:creator\" content=\"@pressenza\" \/>\n<meta name=\"twitter:site\" content=\"@PressenzaIPA\" \/>\n<meta name=\"twitter:label1\" content=\"Escrito por\" \/>\n\t<meta name=\"twitter:data1\" content=\"Redacci\u00f3n Chile\" \/>\n\t<meta name=\"twitter:label2\" content=\"Tiempo de lectura\" \/>\n\t<meta name=\"twitter:data2\" content=\"20 minutos\" \/>\n<script type=\"application\/ld+json\" class=\"yoast-schema-graph\">{\"@context\":\"https:\/\/schema.org\",\"@graph\":[{\"@type\":\"Article\",\"@id\":\"https:\/\/www.pressenza.com\/es\/2019\/12\/argentina-la-dignidad-del-choripan\/#article\",\"isPartOf\":{\"@id\":\"https:\/\/www.pressenza.com\/es\/2019\/12\/argentina-la-dignidad-del-choripan\/\"},\"author\":{\"name\":\"Redacci\u00f3n Chile\",\"@id\":\"https:\/\/www.pressenza.com\/es\/#\/schema\/person\/d7db40df35d6698ba69ba9ee260944ed\"},\"headline\":\"Argentina: La dignidad del chorip\u00e1n\",\"datePublished\":\"2019-12-11T03:12:11+00:00\",\"dateModified\":\"2019-12-11T18:28:55+00:00\",\"mainEntityOfPage\":{\"@id\":\"https:\/\/www.pressenza.com\/es\/2019\/12\/argentina-la-dignidad-del-choripan\/\"},\"wordCount\":3984,\"publisher\":{\"@id\":\"https:\/\/www.pressenza.com\/es\/#organization\"},\"image\":{\"@id\":\"https:\/\/www.pressenza.com\/es\/2019\/12\/argentina-la-dignidad-del-choripan\/#primaryimage\"},\"thumbnailUrl\":\"https:\/\/www.pressenza.com\/wp-content\/uploads\/2019\/12\/Alberto.jpg\",\"keywords\":[\"Alberto Fern\u00e1ndez\",\"Argentina\",\"cambio de mando\",\"Casa Rosada\",\"Mauricio Macri\"],\"articleSection\":[\"Contenido Original\",\"Pol\u00edtica\",\"Sudam\u00e9rica\"],\"inLanguage\":\"es\"},{\"@type\":\"WebPage\",\"@id\":\"https:\/\/www.pressenza.com\/es\/2019\/12\/argentina-la-dignidad-del-choripan\/\",\"url\":\"https:\/\/www.pressenza.com\/es\/2019\/12\/argentina-la-dignidad-del-choripan\/\",\"name\":\"Argentina: La dignidad del chorip\u00e1n\",\"isPartOf\":{\"@id\":\"https:\/\/www.pressenza.com\/es\/#website\"},\"primaryImageOfPage\":{\"@id\":\"https:\/\/www.pressenza.com\/es\/2019\/12\/argentina-la-dignidad-del-choripan\/#primaryimage\"},\"image\":{\"@id\":\"https:\/\/www.pressenza.com\/es\/2019\/12\/argentina-la-dignidad-del-choripan\/#primaryimage\"},\"thumbnailUrl\":\"https:\/\/www.pressenza.com\/wp-content\/uploads\/2019\/12\/Alberto.jpg\",\"datePublished\":\"2019-12-11T03:12:11+00:00\",\"dateModified\":\"2019-12-11T18:28:55+00:00\",\"description\":\"Argentina: La dignidad del chorip\u00e1n\",\"breadcrumb\":{\"@id\":\"https:\/\/www.pressenza.com\/es\/2019\/12\/argentina-la-dignidad-del-choripan\/#breadcrumb\"},\"inLanguage\":\"es\",\"potentialAction\":[{\"@type\":\"ReadAction\",\"target\":[\"https:\/\/www.pressenza.com\/es\/2019\/12\/argentina-la-dignidad-del-choripan\/\"]}]},{\"@type\":\"ImageObject\",\"inLanguage\":\"es\",\"@id\":\"https:\/\/www.pressenza.com\/es\/2019\/12\/argentina-la-dignidad-del-choripan\/#primaryimage\",\"url\":\"https:\/\/www.pressenza.com\/wp-content\/uploads\/2019\/12\/Alberto.jpg\",\"contentUrl\":\"https:\/\/www.pressenza.com\/wp-content\/uploads\/2019\/12\/Alberto.jpg\",\"width\":2048,\"height\":996},{\"@type\":\"BreadcrumbList\",\"@id\":\"https:\/\/www.pressenza.com\/es\/2019\/12\/argentina-la-dignidad-del-choripan\/#breadcrumb\",\"itemListElement\":[{\"@type\":\"ListItem\",\"position\":1,\"name\":\"Accueil\",\"item\":\"https:\/\/www.pressenza.com\/es\/\"},{\"@type\":\"ListItem\",\"position\":2,\"name\":\"Argentina: La dignidad del chorip\u00e1n\"}]},{\"@type\":\"WebSite\",\"@id\":\"https:\/\/www.pressenza.com\/es\/#website\",\"url\":\"https:\/\/www.pressenza.com\/es\/\",\"name\":\"Pressenza\",\"description\":\"International Press Agency\",\"publisher\":{\"@id\":\"https:\/\/www.pressenza.com\/es\/#organization\"},\"potentialAction\":[{\"@type\":\"SearchAction\",\"target\":{\"@type\":\"EntryPoint\",\"urlTemplate\":\"https:\/\/www.pressenza.com\/es\/?s={search_term_string}\"},\"query-input\":{\"@type\":\"PropertyValueSpecification\",\"valueRequired\":true,\"valueName\":\"search_term_string\"}}],\"inLanguage\":\"es\"},{\"@type\":\"Organization\",\"@id\":\"https:\/\/www.pressenza.com\/es\/#organization\",\"name\":\"Pressenza\",\"url\":\"https:\/\/www.pressenza.com\/es\/\",\"logo\":{\"@type\":\"ImageObject\",\"inLanguage\":\"es\",\"@id\":\"https:\/\/www.pressenza.com\/es\/#\/schema\/logo\/image\/\",\"url\":\"https:\/\/www.pressenza.com\/wp-content\/uploads\/2022\/10\/pressenza_logo_200x200.jpg\",\"contentUrl\":\"https:\/\/www.pressenza.com\/wp-content\/uploads\/2022\/10\/pressenza_logo_200x200.jpg\",\"width\":200,\"height\":200,\"caption\":\"Pressenza\"},\"image\":{\"@id\":\"https:\/\/www.pressenza.com\/es\/#\/schema\/logo\/image\/\"},\"sameAs\":[\"https:\/\/www.facebook.com\/PressenzaItalia\",\"https:\/\/x.com\/PressenzaIPA\"]},{\"@type\":\"Person\",\"@id\":\"https:\/\/www.pressenza.com\/es\/#\/schema\/person\/d7db40df35d6698ba69ba9ee260944ed\",\"name\":\"Redacci\u00f3n Chile\",\"description\":\"News from the Pressenza Bureau in Chile\",\"sameAs\":[\"https:\/\/www.facebook.com\/pressenza\",\"https:\/\/x.com\/pressenza\"],\"url\":\"https:\/\/www.pressenza.com\/es\/author\/redaccion-chile\/\"}]}<\/script>\n<!-- \/ Yoast SEO plugin. -->","yoast_head_json":{"title":"Argentina: La dignidad del chorip\u00e1n","description":"Argentina: La dignidad del chorip\u00e1n","robots":{"index":"index","follow":"follow","max-snippet":"max-snippet:-1","max-image-preview":"max-image-preview:large","max-video-preview":"max-video-preview:-1"},"canonical":"https:\/\/www.pressenza.com\/es\/2019\/12\/argentina-la-dignidad-del-choripan\/","og_locale":"es_ES","og_type":"article","og_title":"Argentina: La dignidad del chorip\u00e1n","og_description":"Argentina: La dignidad del chorip\u00e1n","og_url":"https:\/\/www.pressenza.com\/es\/2019\/12\/argentina-la-dignidad-del-choripan\/","og_site_name":"Pressenza","article_publisher":"https:\/\/www.facebook.com\/PressenzaItalia","article_author":"https:\/\/www.facebook.com\/pressenza","article_published_time":"2019-12-11T03:12:11+00:00","article_modified_time":"2019-12-11T18:28:55+00:00","og_image":[{"width":2048,"height":996,"url":"https:\/\/www.pressenza.com\/wp-content\/uploads\/2019\/12\/Alberto.jpg","type":"image\/jpeg"}],"author":"Redacci\u00f3n Chile","twitter_card":"summary_large_image","twitter_creator":"@pressenza","twitter_site":"@PressenzaIPA","twitter_misc":{"Escrito por":"Redacci\u00f3n Chile","Tiempo de lectura":"20 minutos"},"schema":{"@context":"https:\/\/schema.org","@graph":[{"@type":"Article","@id":"https:\/\/www.pressenza.com\/es\/2019\/12\/argentina-la-dignidad-del-choripan\/#article","isPartOf":{"@id":"https:\/\/www.pressenza.com\/es\/2019\/12\/argentina-la-dignidad-del-choripan\/"},"author":{"name":"Redacci\u00f3n Chile","@id":"https:\/\/www.pressenza.com\/es\/#\/schema\/person\/d7db40df35d6698ba69ba9ee260944ed"},"headline":"Argentina: La dignidad del chorip\u00e1n","datePublished":"2019-12-11T03:12:11+00:00","dateModified":"2019-12-11T18:28:55+00:00","mainEntityOfPage":{"@id":"https:\/\/www.pressenza.com\/es\/2019\/12\/argentina-la-dignidad-del-choripan\/"},"wordCount":3984,"publisher":{"@id":"https:\/\/www.pressenza.com\/es\/#organization"},"image":{"@id":"https:\/\/www.pressenza.com\/es\/2019\/12\/argentina-la-dignidad-del-choripan\/#primaryimage"},"thumbnailUrl":"https:\/\/www.pressenza.com\/wp-content\/uploads\/2019\/12\/Alberto.jpg","keywords":["Alberto Fern\u00e1ndez","Argentina","cambio de mando","Casa Rosada","Mauricio Macri"],"articleSection":["Contenido Original","Pol\u00edtica","Sudam\u00e9rica"],"inLanguage":"es"},{"@type":"WebPage","@id":"https:\/\/www.pressenza.com\/es\/2019\/12\/argentina-la-dignidad-del-choripan\/","url":"https:\/\/www.pressenza.com\/es\/2019\/12\/argentina-la-dignidad-del-choripan\/","name":"Argentina: La dignidad del chorip\u00e1n","isPartOf":{"@id":"https:\/\/www.pressenza.com\/es\/#website"},"primaryImageOfPage":{"@id":"https:\/\/www.pressenza.com\/es\/2019\/12\/argentina-la-dignidad-del-choripan\/#primaryimage"},"image":{"@id":"https:\/\/www.pressenza.com\/es\/2019\/12\/argentina-la-dignidad-del-choripan\/#primaryimage"},"thumbnailUrl":"https:\/\/www.pressenza.com\/wp-content\/uploads\/2019\/12\/Alberto.jpg","datePublished":"2019-12-11T03:12:11+00:00","dateModified":"2019-12-11T18:28:55+00:00","description":"Argentina: La dignidad del chorip\u00e1n","breadcrumb":{"@id":"https:\/\/www.pressenza.com\/es\/2019\/12\/argentina-la-dignidad-del-choripan\/#breadcrumb"},"inLanguage":"es","potentialAction":[{"@type":"ReadAction","target":["https:\/\/www.pressenza.com\/es\/2019\/12\/argentina-la-dignidad-del-choripan\/"]}]},{"@type":"ImageObject","inLanguage":"es","@id":"https:\/\/www.pressenza.com\/es\/2019\/12\/argentina-la-dignidad-del-choripan\/#primaryimage","url":"https:\/\/www.pressenza.com\/wp-content\/uploads\/2019\/12\/Alberto.jpg","contentUrl":"https:\/\/www.pressenza.com\/wp-content\/uploads\/2019\/12\/Alberto.jpg","width":2048,"height":996},{"@type":"BreadcrumbList","@id":"https:\/\/www.pressenza.com\/es\/2019\/12\/argentina-la-dignidad-del-choripan\/#breadcrumb","itemListElement":[{"@type":"ListItem","position":1,"name":"Accueil","item":"https:\/\/www.pressenza.com\/es\/"},{"@type":"ListItem","position":2,"name":"Argentina: La dignidad del chorip\u00e1n"}]},{"@type":"WebSite","@id":"https:\/\/www.pressenza.com\/es\/#website","url":"https:\/\/www.pressenza.com\/es\/","name":"Pressenza","description":"International Press Agency","publisher":{"@id":"https:\/\/www.pressenza.com\/es\/#organization"},"potentialAction":[{"@type":"SearchAction","target":{"@type":"EntryPoint","urlTemplate":"https:\/\/www.pressenza.com\/es\/?s={search_term_string}"},"query-input":{"@type":"PropertyValueSpecification","valueRequired":true,"valueName":"search_term_string"}}],"inLanguage":"es"},{"@type":"Organization","@id":"https:\/\/www.pressenza.com\/es\/#organization","name":"Pressenza","url":"https:\/\/www.pressenza.com\/es\/","logo":{"@type":"ImageObject","inLanguage":"es","@id":"https:\/\/www.pressenza.com\/es\/#\/schema\/logo\/image\/","url":"https:\/\/www.pressenza.com\/wp-content\/uploads\/2022\/10\/pressenza_logo_200x200.jpg","contentUrl":"https:\/\/www.pressenza.com\/wp-content\/uploads\/2022\/10\/pressenza_logo_200x200.jpg","width":200,"height":200,"caption":"Pressenza"},"image":{"@id":"https:\/\/www.pressenza.com\/es\/#\/schema\/logo\/image\/"},"sameAs":["https:\/\/www.facebook.com\/PressenzaItalia","https:\/\/x.com\/PressenzaIPA"]},{"@type":"Person","@id":"https:\/\/www.pressenza.com\/es\/#\/schema\/person\/d7db40df35d6698ba69ba9ee260944ed","name":"Redacci\u00f3n Chile","description":"News from the Pressenza Bureau in Chile","sameAs":["https:\/\/www.facebook.com\/pressenza","https:\/\/x.com\/pressenza"],"url":"https:\/\/www.pressenza.com\/es\/author\/redaccion-chile\/"}]}},"place":"Buenos Aires, Argentina","original_article_url":"","_links":{"self":[{"href":"https:\/\/www.pressenza.com\/es\/wp-json\/wp\/v2\/posts\/993135","targetHints":{"allow":["GET"]}}],"collection":[{"href":"https:\/\/www.pressenza.com\/es\/wp-json\/wp\/v2\/posts"}],"about":[{"href":"https:\/\/www.pressenza.com\/es\/wp-json\/wp\/v2\/types\/post"}],"author":[{"embeddable":true,"href":"https:\/\/www.pressenza.com\/es\/wp-json\/wp\/v2\/users\/43"}],"replies":[{"embeddable":true,"href":"https:\/\/www.pressenza.com\/es\/wp-json\/wp\/v2\/comments?post=993135"}],"version-history":[{"count":0,"href":"https:\/\/www.pressenza.com\/es\/wp-json\/wp\/v2\/posts\/993135\/revisions"}],"wp:featuredmedia":[{"embeddable":true,"href":"https:\/\/www.pressenza.com\/es\/wp-json\/wp\/v2\/media\/993230"}],"wp:attachment":[{"href":"https:\/\/www.pressenza.com\/es\/wp-json\/wp\/v2\/media?parent=993135"}],"wp:term":[{"taxonomy":"category","embeddable":true,"href":"https:\/\/www.pressenza.com\/es\/wp-json\/wp\/v2\/categories?post=993135"},{"taxonomy":"post_tag","embeddable":true,"href":"https:\/\/www.pressenza.com\/es\/wp-json\/wp\/v2\/tags?post=993135"}],"curies":[{"name":"wp","href":"https:\/\/api.w.org\/{rel}","templated":true}]}}