{"id":990658,"date":"2019-12-08T03:44:25","date_gmt":"2019-12-08T03:44:25","guid":{"rendered":"https:\/\/www.pressenza.com\/?p=990658"},"modified":"2019-12-08T13:06:34","modified_gmt":"2019-12-08T13:06:34","slug":"sonia-guajajara-america-latina-ya-no-acepta-este-neoliberalismo-esta-imposicion-esta-injusticia","status":"publish","type":"post","link":"https:\/\/www.pressenza.com\/es\/2019\/12\/sonia-guajajara-america-latina-ya-no-acepta-este-neoliberalismo-esta-imposicion-esta-injusticia\/","title":{"rendered":"Sonia Guajajara: \u201cAm\u00e9rica Latina ya no acepta este neoliberalismo, esta imposici\u00f3n, esta injusticia\u201d"},"content":{"rendered":"<p><em>Sonia Guajajara fue parte de la comitiva de l\u00edderes ind\u00edgenas brasileros que, entre octubre y noviembre pasados, protagoniz\u00f3 la <a href=\"https:\/\/www.pressenza.com\/es\/2019\/10\/lideres-indigenas-brasilenos-comienzan-gira-por-europa-para-denunciar-violacion-de-derechos\/\" target=\"_blank\" rel=\"noopener\">iniciativa \u201cSangre ind\u00edgena, ni una gota m\u00e1s\u201d<\/a>. Durante m\u00e1s de un mes sus integrantes recorrieron 12 pa\u00edses europeos denunciando la violaci\u00f3n de derechos ind\u00edgenas y ambientales en su pa\u00eds, buscando la solidaridad de personas y colectivos. Presente en la Cop25, Sonia dialog\u00f3 con Pressenza sobre ese y otros temas. Sigue la transcripci\u00f3n de la entrevista.<\/em><\/p>\n<p><strong>Resultados alentadores<\/strong><\/p>\n<p>Bueno, las jornadas \u201cSangre ind\u00edgena, ni una gota m\u00e1s\u201d ya est\u00e1n trayendo resultados. Tenemos ahora una red de supermercados y empresas que est\u00e1n exigiendo de Brasil respeto a los derechos humanos, al medio ambiente, y est\u00e1n exigiendo que Brasil adopte pol\u00edticas contra la deforestaci\u00f3n. Y precisamente eso es lo que estuvimos diciendo en los pa\u00edses por los que pasamos.<\/p>\n<p>Vila Gal\u00e9, empresa portuguesa que estaba queriendo construir resorts sobre territorio ind\u00edgena, ahora tambi\u00e9n se ech\u00f3 atr\u00e1s. Y con seguridad, eso es resultado de nuestra jornada. Ya est\u00e1 teniendo efecto, entonces vamos a seguir con este contacto, con la conexi\u00f3n con estos pa\u00edses, con los grupos, con la red que fuimos creando para seguir presionando y exigiendo respeto a los derechos humanos y al medio ambiente.<\/p>\n<p><strong>Red de pueblos<\/strong><\/p>\n<p>Creo que en este momento Am\u00e9rica Latina necesita fortalecer toda esta red como pueblo de lucha, como pueblo que ya no acepta este neoliberalismo, esta imposici\u00f3n, estas injusticias.<\/p>\n<p>Nosotros hoy somos parte de una alianza global que ya incluye Indonesia, Am\u00e9rica Central, la cuenca Amaz\u00f3nica y el Brasil. Queremos ampliar esa alianza para contar con una red mundial principalmente contra este modelo econ\u00f3mico, porque es por causa de este modelo econ\u00f3mico que sucede toda la presi\u00f3n, toda la violaci\u00f3n de derechos.<\/p>\n<p><strong>Machismo<\/strong><\/p>\n<p>El machismo es, con certeza, una herencia colonial que est\u00e1 presente en todas las sociedades, en este caso en las brasileras. Nosotras mujeres ind\u00edgenas, nosotros pueblos ind\u00edgenas, siendo parte de la sociedad, no estamos libres de eso. Hay, es cierto, un comportamiento machista en el trato hacia las mujeres ind\u00edgenas, que las mujeres estamos discutiendo. \u00bfC\u00f3mo ejercer esas relaciones de forma m\u00e1s respetuosa, de forma m\u00e1s equilibrada? \u00bfC\u00f3mo podemos ir asumiendo estos espacios de discusi\u00f3n? Con seguridad, ya estamos rompiendo parte de eso porque hist\u00f3ricamente se dijo que el machismo o la no participaci\u00f3n de las mujeres era cultural, que esa participaci\u00f3n no se pod\u00eda permitir porque era parte de la cultura, pero nosotras creemos que no es as\u00ed, que esa es una herencia cultural y necesitamos romper con eso.<\/p>\n<p><strong>Lo que necesitamos<\/strong><\/p>\n<p>Creo que el mundo precisa, que las personas del mundo precisamos reconectar con la Madre Naturaleza. Tenemos que entender que el uso predatorio de la Tierra est\u00e1 llevando a la humanidad a una cat\u00e1strofe. Y necesitamos actuar ahora: actuar en defensa de los derechos, en defensa del clima, pero especialmente en defensa de la vida.<\/p>\n<p><strong>Las redes como recurso<\/strong><\/p>\n<p>Hoy las redes alternativas, las redes sociales, son un gran canal que ofrece el espacio para denunciar, para dar visibilidad a las luchas. Y hoy son redes muy potentes, est\u00e1n llegando a las casas de todos, todo el mundo tiene conexi\u00f3n a Internet, entonces es muy importante que brinden esa voz directamente desde las comunidades, desde los pueblos y que compartan tambi\u00e9n, lo que\u00a0 nosotros, con nuestros propios medios de comunicaci\u00f3n estamos produciendo, nuestros contenidos. Es un espacio que necesitamos usar mejor, claro, pero de nuestra parte permite dar visibilidad, hacer denuncias y compartir lo que hacemos.<\/p>\n<p><iframe loading=\"lazy\" src=\"https:\/\/www.youtube.com\/embed\/jxV-EA3V3Gk\" width=\"720\" height=\"405\" frameborder=\"0\" allowfullscreen=\"allowfullscreen\"><span data-mce-type=\"bookmark\" style=\"display: inline-block; width: 0px; overflow: hidden; line-height: 0;\" class=\"mce_SELRES_start\">\ufeff<\/span><\/iframe><\/p>\n","protected":false},"excerpt":{"rendered":"<p>Sonia Guajajara fue parte de la comitiva de l\u00edderes ind\u00edgenas brasileros que, entre octubre y noviembre pasados, protagoniz\u00f3 la iniciativa \u201cSangre ind\u00edgena, ni una gota m\u00e1s\u201d. Durante m\u00e1s de un mes sus integrantes recorrieron 12 pa\u00edses europeos denunciando la violaci\u00f3n&hellip;<\/p>\n","protected":false},"author":94,"featured_media":990659,"comment_status":"closed","ping_status":"closed","sticky":false,"template":"","format":"standard","meta":{"footnotes":""},"categories":[11389,78,155,80,25678],"tags":[1265,67874,66472,54082,22210,18507],"class_list":["post-990658","post","type-post","status-publish","format-standard","has-post-thumbnail","hentry","category-contenido-original","category-medio-ambiente-ecologia","category-entrevistas","category-pueblos-originarios","category-video-es","tag-cambio-climatico","tag-cop25-pt-pt-es","tag-guajajara-es","tag-indigenas-es","tag-pueblos-originarios","tag-territorios"],"yoast_head":"<!-- This site is optimized with the Yoast SEO plugin v27.1.1 - https:\/\/yoast.com\/product\/yoast-seo-wordpress\/ -->\n<title>Sonia Guajajara: \u201cAm\u00e9rica Latina ya no acepta este neoliberalismo, esta imposici\u00f3n, esta injusticia\u201d<\/title>\n<meta name=\"description\" content=\"Sonia Guajajara fue parte de la comitiva de l\u00edderes ind\u00edgenas brasileros que, entre octubre y noviembre pasados, protagoniz\u00f3 la iniciativa \u201cSangre\" \/>\n<meta name=\"robots\" content=\"index, follow, max-snippet:-1, max-image-preview:large, max-video-preview:-1\" \/>\n<link rel=\"canonical\" href=\"https:\/\/www.pressenza.com\/es\/2019\/12\/sonia-guajajara-america-latina-ya-no-acepta-este-neoliberalismo-esta-imposicion-esta-injusticia\/\" \/>\n<meta property=\"og:locale\" content=\"es_ES\" \/>\n<meta property=\"og:type\" content=\"article\" \/>\n<meta property=\"og:title\" content=\"Sonia Guajajara: \u201cAm\u00e9rica Latina ya no acepta este neoliberalismo, esta imposici\u00f3n, esta injusticia\u201d\" \/>\n<meta property=\"og:description\" content=\"Sonia Guajajara fue parte de la comitiva de l\u00edderes ind\u00edgenas brasileros que, entre octubre y noviembre pasados, protagoniz\u00f3 la iniciativa \u201cSangre\" \/>\n<meta property=\"og:url\" content=\"https:\/\/www.pressenza.com\/es\/2019\/12\/sonia-guajajara-america-latina-ya-no-acepta-este-neoliberalismo-esta-imposicion-esta-injusticia\/\" \/>\n<meta property=\"og:site_name\" content=\"Pressenza\" \/>\n<meta property=\"article:publisher\" content=\"https:\/\/www.facebook.com\/PressenzaItalia\" \/>\n<meta property=\"article:author\" content=\"https:\/\/www.facebook.com\/pressenza\" \/>\n<meta property=\"article:published_time\" content=\"2019-12-08T03:44:25+00:00\" \/>\n<meta property=\"article:modified_time\" content=\"2019-12-08T13:06:34+00:00\" \/>\n<meta property=\"og:image\" content=\"https:\/\/www.pressenza.com\/wp-content\/uploads\/2019\/12\/sonia2.jpg\" \/>\n\t<meta property=\"og:image:width\" content=\"852\" \/>\n\t<meta property=\"og:image:height\" content=\"474\" \/>\n\t<meta property=\"og:image:type\" content=\"image\/jpeg\" \/>\n<meta name=\"author\" content=\"Redacci\u00f3n Madrid\" \/>\n<meta name=\"twitter:card\" content=\"summary_large_image\" \/>\n<meta name=\"twitter:creator\" content=\"@pressenza\" \/>\n<meta name=\"twitter:site\" content=\"@PressenzaIPA\" \/>\n<meta name=\"twitter:label1\" content=\"Escrito por\" \/>\n\t<meta name=\"twitter:data1\" content=\"Redacci\u00f3n Madrid\" \/>\n\t<meta name=\"twitter:label2\" content=\"Tiempo de lectura\" \/>\n\t<meta name=\"twitter:data2\" content=\"3 minutos\" \/>\n<script type=\"application\/ld+json\" class=\"yoast-schema-graph\">{\"@context\":\"https:\/\/schema.org\",\"@graph\":[{\"@type\":\"Article\",\"@id\":\"https:\/\/www.pressenza.com\/es\/2019\/12\/sonia-guajajara-america-latina-ya-no-acepta-este-neoliberalismo-esta-imposicion-esta-injusticia\/#article\",\"isPartOf\":{\"@id\":\"https:\/\/www.pressenza.com\/es\/2019\/12\/sonia-guajajara-america-latina-ya-no-acepta-este-neoliberalismo-esta-imposicion-esta-injusticia\/\"},\"author\":{\"name\":\"Redacci\u00f3n Madrid\",\"@id\":\"https:\/\/www.pressenza.com\/es\/#\/schema\/person\/828fc40eeca2ad7be3630e5a46adba94\"},\"headline\":\"Sonia Guajajara: \u201cAm\u00e9rica Latina ya no acepta este neoliberalismo, esta imposici\u00f3n, esta injusticia\u201d\",\"datePublished\":\"2019-12-08T03:44:25+00:00\",\"dateModified\":\"2019-12-08T13:06:34+00:00\",\"mainEntityOfPage\":{\"@id\":\"https:\/\/www.pressenza.com\/es\/2019\/12\/sonia-guajajara-america-latina-ya-no-acepta-este-neoliberalismo-esta-imposicion-esta-injusticia\/\"},\"wordCount\":637,\"publisher\":{\"@id\":\"https:\/\/www.pressenza.com\/es\/#organization\"},\"image\":{\"@id\":\"https:\/\/www.pressenza.com\/es\/2019\/12\/sonia-guajajara-america-latina-ya-no-acepta-este-neoliberalismo-esta-imposicion-esta-injusticia\/#primaryimage\"},\"thumbnailUrl\":\"https:\/\/www.pressenza.com\/wp-content\/uploads\/2019\/12\/sonia2.jpg\",\"keywords\":[\"cambio clim\u00e1tico\",\"COP25\",\"Guajajara\",\"indigenas\",\"Pueblos Originarios\",\"territorios\"],\"articleSection\":[\"Contenido Original\",\"Ecolog\u00eda y Medio Ambiente\",\"Entrevistas\",\"Pueblos Originarios\",\"Video\"],\"inLanguage\":\"es\"},{\"@type\":\"WebPage\",\"@id\":\"https:\/\/www.pressenza.com\/es\/2019\/12\/sonia-guajajara-america-latina-ya-no-acepta-este-neoliberalismo-esta-imposicion-esta-injusticia\/\",\"url\":\"https:\/\/www.pressenza.com\/es\/2019\/12\/sonia-guajajara-america-latina-ya-no-acepta-este-neoliberalismo-esta-imposicion-esta-injusticia\/\",\"name\":\"Sonia Guajajara: \u201cAm\u00e9rica Latina ya no acepta este neoliberalismo, esta imposici\u00f3n, esta injusticia\u201d\",\"isPartOf\":{\"@id\":\"https:\/\/www.pressenza.com\/es\/#website\"},\"primaryImageOfPage\":{\"@id\":\"https:\/\/www.pressenza.com\/es\/2019\/12\/sonia-guajajara-america-latina-ya-no-acepta-este-neoliberalismo-esta-imposicion-esta-injusticia\/#primaryimage\"},\"image\":{\"@id\":\"https:\/\/www.pressenza.com\/es\/2019\/12\/sonia-guajajara-america-latina-ya-no-acepta-este-neoliberalismo-esta-imposicion-esta-injusticia\/#primaryimage\"},\"thumbnailUrl\":\"https:\/\/www.pressenza.com\/wp-content\/uploads\/2019\/12\/sonia2.jpg\",\"datePublished\":\"2019-12-08T03:44:25+00:00\",\"dateModified\":\"2019-12-08T13:06:34+00:00\",\"description\":\"Sonia Guajajara fue parte de la comitiva de l\u00edderes ind\u00edgenas brasileros que, entre octubre y noviembre pasados, protagoniz\u00f3 la iniciativa \u201cSangre\",\"breadcrumb\":{\"@id\":\"https:\/\/www.pressenza.com\/es\/2019\/12\/sonia-guajajara-america-latina-ya-no-acepta-este-neoliberalismo-esta-imposicion-esta-injusticia\/#breadcrumb\"},\"inLanguage\":\"es\",\"potentialAction\":[{\"@type\":\"ReadAction\",\"target\":[\"https:\/\/www.pressenza.com\/es\/2019\/12\/sonia-guajajara-america-latina-ya-no-acepta-este-neoliberalismo-esta-imposicion-esta-injusticia\/\"]}]},{\"@type\":\"ImageObject\",\"inLanguage\":\"es\",\"@id\":\"https:\/\/www.pressenza.com\/es\/2019\/12\/sonia-guajajara-america-latina-ya-no-acepta-este-neoliberalismo-esta-imposicion-esta-injusticia\/#primaryimage\",\"url\":\"https:\/\/www.pressenza.com\/wp-content\/uploads\/2019\/12\/sonia2.jpg\",\"contentUrl\":\"https:\/\/www.pressenza.com\/wp-content\/uploads\/2019\/12\/sonia2.jpg\",\"width\":852,\"height\":474},{\"@type\":\"BreadcrumbList\",\"@id\":\"https:\/\/www.pressenza.com\/es\/2019\/12\/sonia-guajajara-america-latina-ya-no-acepta-este-neoliberalismo-esta-imposicion-esta-injusticia\/#breadcrumb\",\"itemListElement\":[{\"@type\":\"ListItem\",\"position\":1,\"name\":\"Accueil\",\"item\":\"https:\/\/www.pressenza.com\/es\/\"},{\"@type\":\"ListItem\",\"position\":2,\"name\":\"Sonia Guajajara: \u201cAm\u00e9rica Latina ya no acepta este neoliberalismo, esta imposici\u00f3n, esta injusticia\u201d\"}]},{\"@type\":\"WebSite\",\"@id\":\"https:\/\/www.pressenza.com\/es\/#website\",\"url\":\"https:\/\/www.pressenza.com\/es\/\",\"name\":\"Pressenza\",\"description\":\"International Press Agency\",\"publisher\":{\"@id\":\"https:\/\/www.pressenza.com\/es\/#organization\"},\"potentialAction\":[{\"@type\":\"SearchAction\",\"target\":{\"@type\":\"EntryPoint\",\"urlTemplate\":\"https:\/\/www.pressenza.com\/es\/?s={search_term_string}\"},\"query-input\":{\"@type\":\"PropertyValueSpecification\",\"valueRequired\":true,\"valueName\":\"search_term_string\"}}],\"inLanguage\":\"es\"},{\"@type\":\"Organization\",\"@id\":\"https:\/\/www.pressenza.com\/es\/#organization\",\"name\":\"Pressenza\",\"url\":\"https:\/\/www.pressenza.com\/es\/\",\"logo\":{\"@type\":\"ImageObject\",\"inLanguage\":\"es\",\"@id\":\"https:\/\/www.pressenza.com\/es\/#\/schema\/logo\/image\/\",\"url\":\"https:\/\/www.pressenza.com\/wp-content\/uploads\/2022\/10\/pressenza_logo_200x200.jpg\",\"contentUrl\":\"https:\/\/www.pressenza.com\/wp-content\/uploads\/2022\/10\/pressenza_logo_200x200.jpg\",\"width\":200,\"height\":200,\"caption\":\"Pressenza\"},\"image\":{\"@id\":\"https:\/\/www.pressenza.com\/es\/#\/schema\/logo\/image\/\"},\"sameAs\":[\"https:\/\/www.facebook.com\/PressenzaItalia\",\"https:\/\/x.com\/PressenzaIPA\"]},{\"@type\":\"Person\",\"@id\":\"https:\/\/www.pressenza.com\/es\/#\/schema\/person\/828fc40eeca2ad7be3630e5a46adba94\",\"name\":\"Redacci\u00f3n Madrid\",\"description\":\"News from the Pressenza Bureau in Madrid, Spain\",\"sameAs\":[\"https:\/\/www.facebook.com\/pressenza\",\"https:\/\/x.com\/pressenza\"],\"url\":\"https:\/\/www.pressenza.com\/es\/author\/redaccion-madrid\/\"}]}<\/script>\n<!-- \/ Yoast SEO plugin. -->","yoast_head_json":{"title":"Sonia Guajajara: \u201cAm\u00e9rica Latina ya no acepta este neoliberalismo, esta imposici\u00f3n, esta injusticia\u201d","description":"Sonia Guajajara fue parte de la comitiva de l\u00edderes ind\u00edgenas brasileros que, entre octubre y noviembre pasados, protagoniz\u00f3 la iniciativa \u201cSangre","robots":{"index":"index","follow":"follow","max-snippet":"max-snippet:-1","max-image-preview":"max-image-preview:large","max-video-preview":"max-video-preview:-1"},"canonical":"https:\/\/www.pressenza.com\/es\/2019\/12\/sonia-guajajara-america-latina-ya-no-acepta-este-neoliberalismo-esta-imposicion-esta-injusticia\/","og_locale":"es_ES","og_type":"article","og_title":"Sonia Guajajara: \u201cAm\u00e9rica Latina ya no acepta este neoliberalismo, esta imposici\u00f3n, esta injusticia\u201d","og_description":"Sonia Guajajara fue parte de la comitiva de l\u00edderes ind\u00edgenas brasileros que, entre octubre y noviembre pasados, protagoniz\u00f3 la iniciativa \u201cSangre","og_url":"https:\/\/www.pressenza.com\/es\/2019\/12\/sonia-guajajara-america-latina-ya-no-acepta-este-neoliberalismo-esta-imposicion-esta-injusticia\/","og_site_name":"Pressenza","article_publisher":"https:\/\/www.facebook.com\/PressenzaItalia","article_author":"https:\/\/www.facebook.com\/pressenza","article_published_time":"2019-12-08T03:44:25+00:00","article_modified_time":"2019-12-08T13:06:34+00:00","og_image":[{"width":852,"height":474,"url":"https:\/\/www.pressenza.com\/wp-content\/uploads\/2019\/12\/sonia2.jpg","type":"image\/jpeg"}],"author":"Redacci\u00f3n Madrid","twitter_card":"summary_large_image","twitter_creator":"@pressenza","twitter_site":"@PressenzaIPA","twitter_misc":{"Escrito por":"Redacci\u00f3n Madrid","Tiempo de lectura":"3 minutos"},"schema":{"@context":"https:\/\/schema.org","@graph":[{"@type":"Article","@id":"https:\/\/www.pressenza.com\/es\/2019\/12\/sonia-guajajara-america-latina-ya-no-acepta-este-neoliberalismo-esta-imposicion-esta-injusticia\/#article","isPartOf":{"@id":"https:\/\/www.pressenza.com\/es\/2019\/12\/sonia-guajajara-america-latina-ya-no-acepta-este-neoliberalismo-esta-imposicion-esta-injusticia\/"},"author":{"name":"Redacci\u00f3n Madrid","@id":"https:\/\/www.pressenza.com\/es\/#\/schema\/person\/828fc40eeca2ad7be3630e5a46adba94"},"headline":"Sonia Guajajara: \u201cAm\u00e9rica Latina ya no acepta este neoliberalismo, esta imposici\u00f3n, esta injusticia\u201d","datePublished":"2019-12-08T03:44:25+00:00","dateModified":"2019-12-08T13:06:34+00:00","mainEntityOfPage":{"@id":"https:\/\/www.pressenza.com\/es\/2019\/12\/sonia-guajajara-america-latina-ya-no-acepta-este-neoliberalismo-esta-imposicion-esta-injusticia\/"},"wordCount":637,"publisher":{"@id":"https:\/\/www.pressenza.com\/es\/#organization"},"image":{"@id":"https:\/\/www.pressenza.com\/es\/2019\/12\/sonia-guajajara-america-latina-ya-no-acepta-este-neoliberalismo-esta-imposicion-esta-injusticia\/#primaryimage"},"thumbnailUrl":"https:\/\/www.pressenza.com\/wp-content\/uploads\/2019\/12\/sonia2.jpg","keywords":["cambio clim\u00e1tico","COP25","Guajajara","indigenas","Pueblos Originarios","territorios"],"articleSection":["Contenido Original","Ecolog\u00eda y Medio Ambiente","Entrevistas","Pueblos Originarios","Video"],"inLanguage":"es"},{"@type":"WebPage","@id":"https:\/\/www.pressenza.com\/es\/2019\/12\/sonia-guajajara-america-latina-ya-no-acepta-este-neoliberalismo-esta-imposicion-esta-injusticia\/","url":"https:\/\/www.pressenza.com\/es\/2019\/12\/sonia-guajajara-america-latina-ya-no-acepta-este-neoliberalismo-esta-imposicion-esta-injusticia\/","name":"Sonia Guajajara: \u201cAm\u00e9rica Latina ya no acepta este neoliberalismo, esta imposici\u00f3n, esta injusticia\u201d","isPartOf":{"@id":"https:\/\/www.pressenza.com\/es\/#website"},"primaryImageOfPage":{"@id":"https:\/\/www.pressenza.com\/es\/2019\/12\/sonia-guajajara-america-latina-ya-no-acepta-este-neoliberalismo-esta-imposicion-esta-injusticia\/#primaryimage"},"image":{"@id":"https:\/\/www.pressenza.com\/es\/2019\/12\/sonia-guajajara-america-latina-ya-no-acepta-este-neoliberalismo-esta-imposicion-esta-injusticia\/#primaryimage"},"thumbnailUrl":"https:\/\/www.pressenza.com\/wp-content\/uploads\/2019\/12\/sonia2.jpg","datePublished":"2019-12-08T03:44:25+00:00","dateModified":"2019-12-08T13:06:34+00:00","description":"Sonia Guajajara fue parte de la comitiva de l\u00edderes ind\u00edgenas brasileros que, entre octubre y noviembre pasados, protagoniz\u00f3 la iniciativa \u201cSangre","breadcrumb":{"@id":"https:\/\/www.pressenza.com\/es\/2019\/12\/sonia-guajajara-america-latina-ya-no-acepta-este-neoliberalismo-esta-imposicion-esta-injusticia\/#breadcrumb"},"inLanguage":"es","potentialAction":[{"@type":"ReadAction","target":["https:\/\/www.pressenza.com\/es\/2019\/12\/sonia-guajajara-america-latina-ya-no-acepta-este-neoliberalismo-esta-imposicion-esta-injusticia\/"]}]},{"@type":"ImageObject","inLanguage":"es","@id":"https:\/\/www.pressenza.com\/es\/2019\/12\/sonia-guajajara-america-latina-ya-no-acepta-este-neoliberalismo-esta-imposicion-esta-injusticia\/#primaryimage","url":"https:\/\/www.pressenza.com\/wp-content\/uploads\/2019\/12\/sonia2.jpg","contentUrl":"https:\/\/www.pressenza.com\/wp-content\/uploads\/2019\/12\/sonia2.jpg","width":852,"height":474},{"@type":"BreadcrumbList","@id":"https:\/\/www.pressenza.com\/es\/2019\/12\/sonia-guajajara-america-latina-ya-no-acepta-este-neoliberalismo-esta-imposicion-esta-injusticia\/#breadcrumb","itemListElement":[{"@type":"ListItem","position":1,"name":"Accueil","item":"https:\/\/www.pressenza.com\/es\/"},{"@type":"ListItem","position":2,"name":"Sonia Guajajara: \u201cAm\u00e9rica Latina ya no acepta este neoliberalismo, esta imposici\u00f3n, esta injusticia\u201d"}]},{"@type":"WebSite","@id":"https:\/\/www.pressenza.com\/es\/#website","url":"https:\/\/www.pressenza.com\/es\/","name":"Pressenza","description":"International Press Agency","publisher":{"@id":"https:\/\/www.pressenza.com\/es\/#organization"},"potentialAction":[{"@type":"SearchAction","target":{"@type":"EntryPoint","urlTemplate":"https:\/\/www.pressenza.com\/es\/?s={search_term_string}"},"query-input":{"@type":"PropertyValueSpecification","valueRequired":true,"valueName":"search_term_string"}}],"inLanguage":"es"},{"@type":"Organization","@id":"https:\/\/www.pressenza.com\/es\/#organization","name":"Pressenza","url":"https:\/\/www.pressenza.com\/es\/","logo":{"@type":"ImageObject","inLanguage":"es","@id":"https:\/\/www.pressenza.com\/es\/#\/schema\/logo\/image\/","url":"https:\/\/www.pressenza.com\/wp-content\/uploads\/2022\/10\/pressenza_logo_200x200.jpg","contentUrl":"https:\/\/www.pressenza.com\/wp-content\/uploads\/2022\/10\/pressenza_logo_200x200.jpg","width":200,"height":200,"caption":"Pressenza"},"image":{"@id":"https:\/\/www.pressenza.com\/es\/#\/schema\/logo\/image\/"},"sameAs":["https:\/\/www.facebook.com\/PressenzaItalia","https:\/\/x.com\/PressenzaIPA"]},{"@type":"Person","@id":"https:\/\/www.pressenza.com\/es\/#\/schema\/person\/828fc40eeca2ad7be3630e5a46adba94","name":"Redacci\u00f3n Madrid","description":"News from the Pressenza Bureau in Madrid, Spain","sameAs":["https:\/\/www.facebook.com\/pressenza","https:\/\/x.com\/pressenza"],"url":"https:\/\/www.pressenza.com\/es\/author\/redaccion-madrid\/"}]}},"place":"Madrid, Espa\u00f1a","original_article_url":"","_links":{"self":[{"href":"https:\/\/www.pressenza.com\/es\/wp-json\/wp\/v2\/posts\/990658","targetHints":{"allow":["GET"]}}],"collection":[{"href":"https:\/\/www.pressenza.com\/es\/wp-json\/wp\/v2\/posts"}],"about":[{"href":"https:\/\/www.pressenza.com\/es\/wp-json\/wp\/v2\/types\/post"}],"author":[{"embeddable":true,"href":"https:\/\/www.pressenza.com\/es\/wp-json\/wp\/v2\/users\/94"}],"replies":[{"embeddable":true,"href":"https:\/\/www.pressenza.com\/es\/wp-json\/wp\/v2\/comments?post=990658"}],"version-history":[{"count":0,"href":"https:\/\/www.pressenza.com\/es\/wp-json\/wp\/v2\/posts\/990658\/revisions"}],"wp:featuredmedia":[{"embeddable":true,"href":"https:\/\/www.pressenza.com\/es\/wp-json\/wp\/v2\/media\/990659"}],"wp:attachment":[{"href":"https:\/\/www.pressenza.com\/es\/wp-json\/wp\/v2\/media?parent=990658"}],"wp:term":[{"taxonomy":"category","embeddable":true,"href":"https:\/\/www.pressenza.com\/es\/wp-json\/wp\/v2\/categories?post=990658"},{"taxonomy":"post_tag","embeddable":true,"href":"https:\/\/www.pressenza.com\/es\/wp-json\/wp\/v2\/tags?post=990658"}],"curies":[{"name":"wp","href":"https:\/\/api.w.org\/{rel}","templated":true}]}}