{"id":988526,"date":"2019-12-05T14:42:18","date_gmt":"2019-12-05T14:42:18","guid":{"rendered":"https:\/\/www.pressenza.com\/?p=988526"},"modified":"2019-12-05T14:45:57","modified_gmt":"2019-12-05T14:45:57","slug":"el-pueblo-algun-dia-va-a-juzgar-quienes-somos-que-hemos-hecho-y-donde-estamos-las-bartolinas-sisa","status":"publish","type":"post","link":"https:\/\/www.pressenza.com\/es\/2019\/12\/el-pueblo-algun-dia-va-a-juzgar-quienes-somos-que-hemos-hecho-y-donde-estamos-las-bartolinas-sisa\/","title":{"rendered":"\u201cEl pueblo alg\u00fan d\u00eda va a juzgar qui\u00e9nes somos, qu\u00e9 hemos hecho y d\u00f3nde estamos\u201d las Bartolinas Sisa"},"content":{"rendered":"<p><em><strong>Por Soledad Fern\u00e1ndez<\/strong><\/em><\/p>\n<p>Desde el 14 de Noviembre la senadora Jeanine \u00c1\u00f1ez se autoproclama presidenta del Estado Plurinacional de Bolivia, tras el golpe de estado del 10 de noviembre cuando el Comandante en Jefe de las Fuerza Armada Williams Kaliman le pide la renuncia a Evo Morales, presidente reelegido por tercera vez consecutiva, el d\u00eda 20 de Octubre.<\/p>\n<p>As\u00ed fue el comienzo de una ola de protestas, con represiones, asesinatos, amenazas y persecuciones para los y las que pidieran que se respete el orden democr\u00e1tico y el resultado de la elecciones.<\/p>\n<p>Nos reunimos en La Paz a veinte d\u00edas del golpe de estado, con las representantes, de varios sectores y departamentos de la Confederaci\u00f3n de Mujeres Ind\u00edgenas Originarias Campesinas \u201cBartolinas Sisa\u201d. Este encuentro fue programado con varios d\u00edas de anticipaci\u00f3n, con el compa\u00f1ero Beymar Acu\u00f1a, un joven dirigente campesino de Chuquisaca, departamento de Potos\u00ed, quien fue nuestro nexo. Primero intercambiamos varios mensajes y fuimos preparando mi llegada. La Paz no es un lugar seguro en este momento, por eso me recomendaron estar el menor tiempo posible.<\/p>\n<p>Me cuentan que \u00a0se cuidan cuando salen, evitan andar por las calles, son muy precavidos con su seguridad y la ajena.<\/p>\n<p><strong>Un mensaje para el mundo<\/strong><\/p>\n<p>Estamos en la sala de reuniones de la Sede, en las paredes se ven cuadros de Bol\u00edvar, Evo y Bartolina, la bandera de Bolivia, la Whipala y fotos de varias actividades, cosecha de papas, encuentros con Evo, asambleas y distinciones. Nos sentamos alrededor de la mesa donde seguramente en tiempos de crecimiento se han desarrollado grandes proyectos para el sector. De la charla participan, Segundina Flores, Ejecutiva de las Bartolina Sisa, Guillermina Conhuaca, Secretaria de Artes del Departamento de la Paz, Laura Reyna, Secretaria de Hacienda perteneciente al Departamento de Chuquisaca y Santuza Rodr\u00edguez, Secretaria de Hacienda de Cochabamba.<\/p>\n<p>Les pido permiso para comenzar a grabar, comienzo a buscar el mejor \u00e1ngulo para la c\u00e1mara y me dicen que no, que solo audio y que hay algunas cosas de la conversaci\u00f3n que no podremos grabar porque son en confianza.<\/p>\n<p>Fui muy protocolar para romper el hielo, ellas lo supieron hacer mejor. \u201cCompa\u00f1eras, primero quiero expresarles mi solidaridad, y el apoyo de la mayor\u00eda del pueblo argentino. Luego quiero que se sientan con la libertad absoluta de expresarse cuenten y comiencen por donde quieran, supongo que tienen mucho para hablar\u201d.<\/p>\n<p>Laura est\u00e1 sentada enfrente m\u00edo, sonr\u00ede y me dice \u201cHermana, quer\u00eda agradecerle sus palabras, es muy importante su labor, ac\u00e1 no tenemos voz, nos est\u00e1n matando y los medios se callan. Necesitamos contarle al mundo lo que est\u00e1 pasando en Bolivia\u201d.<\/p>\n<p>Me averg\u00fcenzo un poco por sus palabras, ella est\u00e1 viviendo un horror y\u00a0 me agradece por hacer lo que debo. Ella que se juega la vida, por sus convicciones me agradece a m\u00ed que solo voy a registrar lo que est\u00e1 pasando y pronto me voy. Nos tomamos las manos herman\u00e1ndonos.<\/p>\n<p>Segundina est\u00e1 sentada en la punta, le dirijo la mirada y le digo si comenzamos, ella toma la palabra, \u201cVoy a comenzar por lo vivido desde el 20 de octubre.Hemos sido ganadores, los campesinos y pueblos originarios, con voto mayoritario, pero la oligarqu\u00eda neoliberal fascista y racista de Bolivia, como Camacho, Pumari con Carlos Mesa a la cabeza, no aceptaban el voto mayoritario y salieron a decir que era fraude\u201d.<\/p>\n<p>\u201cPero todav\u00eda no lo pudieron demostrar. El pueblo boliviano quiere ver el fraude en los departamentos, en la presidencia, que muestren las pruebas. Pero el Estado Plurinacional de Bolivia tiene un presidente, campesino e ind\u00edgena, y no nos permiten continuar con el progreso\u201d, continu\u00f3. Y luego pas\u00f3 a enumerar \u201cHemos desarrollado proyectos, programas, carreteras, viviendas, obras para el campo y en las ciudades proyectos para los barrios, crecimos econ\u00f3micamente y eso no aceptan. Porque ning\u00fan presidente en Bolivia hizo lo que hizo Morales. Tienen mucho racismo, rabia, desprecio y salieron a gritar la palabra fraude\u201d.<\/p>\n<p>\u201cPor eso salimos los ind\u00edgenas, el campesino, las mujeres, los mineros, a defender el voto mayoritario. Pero masacraron a la alcaldesa en Cochabamba como a muchas mujeres, nos pegaron con palos, gases, porque salimos a defender nuestro voto, entonces nos tuvieron miedo y nos quisieron asustar con golpes. Ellos ven\u00edan armados y nosotros sin armas, era indignante\u201d, expres\u00f3 con dureza.<\/p>\n<p><strong>Tras el golpe<\/strong><\/p>\n<p>\u201cEl 10 de noviembre cambia la coyuntura en Bolivia, renuncia Evo el domingo a la tarde, al d\u00eda siguiente comenzaron a quemar la Whipala, que es nuestro s\u00edmbolo patrio porque est\u00e1 dentro de la constituci\u00f3n, el pueblo ha reaccionado, principalmente la ciudad de El Alto, Cochabamba y otros departamentos que salimos a defender la whipala y a Evo., nos masacraron hermana, nos masacraron\u201d, continuaba el relato Segundina.<\/p>\n<p>En ese momento baja la cabeza y la mueve negativamente, como no queriendo recordar lo vivido. Se produce un silencio, toma aire, suspira y contin\u00faa.<\/p>\n<p>\u201cEntonces asume como presidenta autoproclamada A\u00f1ez y le ponen la banda un militar, es un golpe c\u00edvico-militar. Para nosotros estamos en un estado de sitio, porque no hay prensa, no hay numero verdadero de fallecidos, hay persecuci\u00f3n, las oficinas de las sedes de las organizaciones sociales, sindicales, ind\u00edgenas han sido quemadas. Aqu\u00ed est\u00e1bamos amenazadas no pod\u00edamos salir, nos esperaban en la puerta, nos sacaban fotos, no sab\u00edamos si era un sue\u00f1o, est\u00e1bamos viviendo un calvario\u201d, explicaba.<\/p>\n<p>\u201cNuestra \u00fanica culpa era llevar a cabo esta revoluci\u00f3n democr\u00e1tica cultural, con el socialismo como instrumento pol\u00edtico. Pero esta parte del sector campesino de pueblos originarios, estamos en reuni\u00f3n permanente y nos damos cuenta que muchos se dieron vuelta, ayudaron al golpe, nos sentimos traicionados, los compraron, los amenazaron para que se vayan con ellos. Pero a \u00a0nosotros no nos van a convencer, no nos van a comprar\u201d, manifestaba con severidad. \u201cEl pueblo alg\u00fan d\u00eda va a juzgar qui\u00e9nes somos, qu\u00e9 hemos hecho y d\u00f3nde estamos\u201d, pronunci\u00f3 con vehemencia.<\/p>\n<p>Con la mano abierta y la voz emocionada, hace se\u00f1as y pide que corte, la cabeza de todas sus compa\u00f1eras asienten fervorosamente, y se escucha \u201cas\u00ed es, hermana\u201d.<\/p>\n<p>Conmovida y entusiasmada por las palabras finales de su compa\u00f1era, Guillermina me dice que quiere que la grabe. \u201cQuiero contar lo que hemos sufrido en La Paz y en todo Bolivia. Como mujeres hemos salido a defender que se respete el voto de los pueblos ind\u00edgenas, con marchas pac\u00edficas, ellos vinieron armados con gases, con mata suegras, que es un cohete fuerte, te lo arrojaban en el cuerpo, aun as\u00ed hemos aguantado\u201d, asegur\u00f3.<\/p>\n<p>Y luego continu\u00f3 la narraci\u00f3n \u201cNosotros no ten\u00edamos nada, solo nuestras banderas. Mucho odio hubo, nos han discriminado, nos dijeron, \u201cv\u00e1yanse a sus comunidades a producir\u201d. Claro, quer\u00edan que nos vayamos a trabajar para que ellos coman, nosotros siempre los hemos mantenido con nuestro trabajo en el campo, trayendo productos a las ciudades. \u00bfPorque sino que comida van a tener?\u201d.<\/p>\n<p>\u201cNosotros podemos vivir sin plata porque sabemos producir, sabemos tejer nuestras ropas, no los necesitamos, pero ellos s\u00ed, por eso tanto odio nos tienen\u201d, resum\u00eda la situaci\u00f3n.<\/p>\n<p>\u201cCuando nuestro presidente Evo renunci\u00f3, nos dijo que nunca m\u00e1s nos dejemos oprimir. Venimos sufriendo hace mucho tiempo. Nos odian porque somos trabajadoras, mujeres fuertes y no vamos a dejar este proceso de cambio, siempre vamos a estar de pie y si hay nuevas elecciones, vamos a volver a organizarnos\u201d, concluy\u00f3 Guillermina.<\/p>\n<p>Me llena de orgullo verlas tan claras, tan precisas, me siento tan chiquita ante estas mujeres gigantes, due\u00f1as de la sabidur\u00eda ancestral y con la paciencia de saber que la lucha es constante y no claudica.<\/p>\n<p><em>Editado por Mariano Quiroga<\/em><\/p>\n","protected":false},"excerpt":{"rendered":"<p>Por Soledad Fern\u00e1ndez Desde el 14 de Noviembre la senadora Jeanine \u00c1\u00f1ez se autoproclama presidenta del Estado Plurinacional de Bolivia, tras el golpe de estado del 10 de noviembre cuando el Comandante en Jefe de las Fuerza Armada Williams Kaliman&hellip;<\/p>\n","protected":false},"author":87,"featured_media":988569,"comment_status":"closed","ping_status":"closed","sticky":false,"template":"","format":"standard","meta":{"footnotes":""},"categories":[11389,155,80,67],"tags":[1646,1059,1557,67908],"class_list":["post-988526","post","type-post","status-publish","format-standard","has-post-thumbnail","hentry","category-contenido-original","category-entrevistas","category-pueblos-originarios","category-sudamerica","tag-bolivia","tag-evo-morales","tag-golpe-de-estado-es","tag-mas-bartolina-sisa"],"yoast_head":"<!-- This site is optimized with the Yoast SEO plugin v27.1.1 - https:\/\/yoast.com\/product\/yoast-seo-wordpress\/ -->\n<title>\u201cEl pueblo alg\u00fan d\u00eda va a juzgar qui\u00e9nes somos, qu\u00e9 hemos hecho y d\u00f3nde estamos\u201d las Bartolinas Sisa<\/title>\n<meta name=\"description\" content=\"Por Soledad Fern\u00e1ndez Desde el 14 de Noviembre la senadora Jeanine \u00c1\u00f1ez se autoproclama presidenta del Estado Plurinacional de Bolivia, tras el golpe de\" \/>\n<meta name=\"robots\" content=\"index, follow, max-snippet:-1, max-image-preview:large, max-video-preview:-1\" \/>\n<link rel=\"canonical\" href=\"https:\/\/www.pressenza.com\/es\/2019\/12\/el-pueblo-algun-dia-va-a-juzgar-quienes-somos-que-hemos-hecho-y-donde-estamos-las-bartolinas-sisa\/\" \/>\n<meta property=\"og:locale\" content=\"es_ES\" \/>\n<meta property=\"og:type\" content=\"article\" \/>\n<meta property=\"og:title\" content=\"\u201cEl pueblo alg\u00fan d\u00eda va a juzgar qui\u00e9nes somos, qu\u00e9 hemos hecho y d\u00f3nde estamos\u201d las Bartolinas Sisa\" \/>\n<meta property=\"og:description\" content=\"Por Soledad Fern\u00e1ndez Desde el 14 de Noviembre la senadora Jeanine \u00c1\u00f1ez se autoproclama presidenta del Estado Plurinacional de Bolivia, tras el golpe de\" \/>\n<meta property=\"og:url\" content=\"https:\/\/www.pressenza.com\/es\/2019\/12\/el-pueblo-algun-dia-va-a-juzgar-quienes-somos-que-hemos-hecho-y-donde-estamos-las-bartolinas-sisa\/\" \/>\n<meta property=\"og:site_name\" content=\"Pressenza\" \/>\n<meta property=\"article:publisher\" content=\"https:\/\/www.facebook.com\/PressenzaItalia\" \/>\n<meta property=\"article:published_time\" content=\"2019-12-05T14:42:18+00:00\" \/>\n<meta property=\"article:modified_time\" content=\"2019-12-05T14:45:57+00:00\" \/>\n<meta property=\"og:image\" content=\"https:\/\/www.pressenza.com\/wp-content\/uploads\/2019\/12\/WhatsApp-Image-2019-12-05-at-10.58.57.jpeg\" \/>\n\t<meta property=\"og:image:width\" content=\"1280\" \/>\n\t<meta property=\"og:image:height\" content=\"854\" \/>\n\t<meta property=\"og:image:type\" content=\"image\/jpeg\" \/>\n<meta name=\"author\" content=\"Redacci\u00f3n Argentina\" \/>\n<meta name=\"twitter:card\" content=\"summary_large_image\" \/>\n<meta name=\"twitter:creator\" content=\"@pressenza\" \/>\n<meta name=\"twitter:site\" content=\"@PressenzaIPA\" \/>\n<meta name=\"twitter:label1\" content=\"Escrito por\" \/>\n\t<meta name=\"twitter:data1\" content=\"Redacci\u00f3n Argentina\" \/>\n\t<meta name=\"twitter:label2\" content=\"Tiempo de lectura\" \/>\n\t<meta name=\"twitter:data2\" content=\"7 minutos\" \/>\n<script type=\"application\/ld+json\" class=\"yoast-schema-graph\">{\"@context\":\"https:\/\/schema.org\",\"@graph\":[{\"@type\":\"Article\",\"@id\":\"https:\/\/www.pressenza.com\/es\/2019\/12\/el-pueblo-algun-dia-va-a-juzgar-quienes-somos-que-hemos-hecho-y-donde-estamos-las-bartolinas-sisa\/#article\",\"isPartOf\":{\"@id\":\"https:\/\/www.pressenza.com\/es\/2019\/12\/el-pueblo-algun-dia-va-a-juzgar-quienes-somos-que-hemos-hecho-y-donde-estamos-las-bartolinas-sisa\/\"},\"author\":{\"name\":\"Redacci\u00f3n Argentina\",\"@id\":\"https:\/\/www.pressenza.com\/es\/#\/schema\/person\/0dda7d1b68267ad95b1e1d83abc98c89\"},\"headline\":\"\u201cEl pueblo alg\u00fan d\u00eda va a juzgar qui\u00e9nes somos, qu\u00e9 hemos hecho y d\u00f3nde estamos\u201d las Bartolinas Sisa\",\"datePublished\":\"2019-12-05T14:42:18+00:00\",\"dateModified\":\"2019-12-05T14:45:57+00:00\",\"mainEntityOfPage\":{\"@id\":\"https:\/\/www.pressenza.com\/es\/2019\/12\/el-pueblo-algun-dia-va-a-juzgar-quienes-somos-que-hemos-hecho-y-donde-estamos-las-bartolinas-sisa\/\"},\"wordCount\":1330,\"publisher\":{\"@id\":\"https:\/\/www.pressenza.com\/es\/#organization\"},\"image\":{\"@id\":\"https:\/\/www.pressenza.com\/es\/2019\/12\/el-pueblo-algun-dia-va-a-juzgar-quienes-somos-que-hemos-hecho-y-donde-estamos-las-bartolinas-sisa\/#primaryimage\"},\"thumbnailUrl\":\"https:\/\/www.pressenza.com\/wp-content\/uploads\/2019\/12\/WhatsApp-Image-2019-12-05-at-10.58.57.jpeg\",\"keywords\":[\"Bolivia\",\"Evo Morales\",\"golpe de estado\",\"MAS; Bartolina Sisa\"],\"articleSection\":[\"Contenido Original\",\"Entrevistas\",\"Pueblos Originarios\",\"Sudam\u00e9rica\"],\"inLanguage\":\"es\"},{\"@type\":\"WebPage\",\"@id\":\"https:\/\/www.pressenza.com\/es\/2019\/12\/el-pueblo-algun-dia-va-a-juzgar-quienes-somos-que-hemos-hecho-y-donde-estamos-las-bartolinas-sisa\/\",\"url\":\"https:\/\/www.pressenza.com\/es\/2019\/12\/el-pueblo-algun-dia-va-a-juzgar-quienes-somos-que-hemos-hecho-y-donde-estamos-las-bartolinas-sisa\/\",\"name\":\"\u201cEl pueblo alg\u00fan d\u00eda va a juzgar qui\u00e9nes somos, qu\u00e9 hemos hecho y d\u00f3nde estamos\u201d las Bartolinas Sisa\",\"isPartOf\":{\"@id\":\"https:\/\/www.pressenza.com\/es\/#website\"},\"primaryImageOfPage\":{\"@id\":\"https:\/\/www.pressenza.com\/es\/2019\/12\/el-pueblo-algun-dia-va-a-juzgar-quienes-somos-que-hemos-hecho-y-donde-estamos-las-bartolinas-sisa\/#primaryimage\"},\"image\":{\"@id\":\"https:\/\/www.pressenza.com\/es\/2019\/12\/el-pueblo-algun-dia-va-a-juzgar-quienes-somos-que-hemos-hecho-y-donde-estamos-las-bartolinas-sisa\/#primaryimage\"},\"thumbnailUrl\":\"https:\/\/www.pressenza.com\/wp-content\/uploads\/2019\/12\/WhatsApp-Image-2019-12-05-at-10.58.57.jpeg\",\"datePublished\":\"2019-12-05T14:42:18+00:00\",\"dateModified\":\"2019-12-05T14:45:57+00:00\",\"description\":\"Por Soledad Fern\u00e1ndez Desde el 14 de Noviembre la senadora Jeanine \u00c1\u00f1ez se autoproclama presidenta del Estado Plurinacional de Bolivia, tras el golpe de\",\"breadcrumb\":{\"@id\":\"https:\/\/www.pressenza.com\/es\/2019\/12\/el-pueblo-algun-dia-va-a-juzgar-quienes-somos-que-hemos-hecho-y-donde-estamos-las-bartolinas-sisa\/#breadcrumb\"},\"inLanguage\":\"es\",\"potentialAction\":[{\"@type\":\"ReadAction\",\"target\":[\"https:\/\/www.pressenza.com\/es\/2019\/12\/el-pueblo-algun-dia-va-a-juzgar-quienes-somos-que-hemos-hecho-y-donde-estamos-las-bartolinas-sisa\/\"]}]},{\"@type\":\"ImageObject\",\"inLanguage\":\"es\",\"@id\":\"https:\/\/www.pressenza.com\/es\/2019\/12\/el-pueblo-algun-dia-va-a-juzgar-quienes-somos-que-hemos-hecho-y-donde-estamos-las-bartolinas-sisa\/#primaryimage\",\"url\":\"https:\/\/www.pressenza.com\/wp-content\/uploads\/2019\/12\/WhatsApp-Image-2019-12-05-at-10.58.57.jpeg\",\"contentUrl\":\"https:\/\/www.pressenza.com\/wp-content\/uploads\/2019\/12\/WhatsApp-Image-2019-12-05-at-10.58.57.jpeg\",\"width\":1280,\"height\":854},{\"@type\":\"BreadcrumbList\",\"@id\":\"https:\/\/www.pressenza.com\/es\/2019\/12\/el-pueblo-algun-dia-va-a-juzgar-quienes-somos-que-hemos-hecho-y-donde-estamos-las-bartolinas-sisa\/#breadcrumb\",\"itemListElement\":[{\"@type\":\"ListItem\",\"position\":1,\"name\":\"Accueil\",\"item\":\"https:\/\/www.pressenza.com\/es\/\"},{\"@type\":\"ListItem\",\"position\":2,\"name\":\"\u201cEl pueblo alg\u00fan d\u00eda va a juzgar qui\u00e9nes somos, qu\u00e9 hemos hecho y d\u00f3nde estamos\u201d las Bartolinas Sisa\"}]},{\"@type\":\"WebSite\",\"@id\":\"https:\/\/www.pressenza.com\/es\/#website\",\"url\":\"https:\/\/www.pressenza.com\/es\/\",\"name\":\"Pressenza\",\"description\":\"International Press Agency\",\"publisher\":{\"@id\":\"https:\/\/www.pressenza.com\/es\/#organization\"},\"potentialAction\":[{\"@type\":\"SearchAction\",\"target\":{\"@type\":\"EntryPoint\",\"urlTemplate\":\"https:\/\/www.pressenza.com\/es\/?s={search_term_string}\"},\"query-input\":{\"@type\":\"PropertyValueSpecification\",\"valueRequired\":true,\"valueName\":\"search_term_string\"}}],\"inLanguage\":\"es\"},{\"@type\":\"Organization\",\"@id\":\"https:\/\/www.pressenza.com\/es\/#organization\",\"name\":\"Pressenza\",\"url\":\"https:\/\/www.pressenza.com\/es\/\",\"logo\":{\"@type\":\"ImageObject\",\"inLanguage\":\"es\",\"@id\":\"https:\/\/www.pressenza.com\/es\/#\/schema\/logo\/image\/\",\"url\":\"https:\/\/www.pressenza.com\/wp-content\/uploads\/2022\/10\/pressenza_logo_200x200.jpg\",\"contentUrl\":\"https:\/\/www.pressenza.com\/wp-content\/uploads\/2022\/10\/pressenza_logo_200x200.jpg\",\"width\":200,\"height\":200,\"caption\":\"Pressenza\"},\"image\":{\"@id\":\"https:\/\/www.pressenza.com\/es\/#\/schema\/logo\/image\/\"},\"sameAs\":[\"https:\/\/www.facebook.com\/PressenzaItalia\",\"https:\/\/x.com\/PressenzaIPA\"]},{\"@type\":\"Person\",\"@id\":\"https:\/\/www.pressenza.com\/es\/#\/schema\/person\/0dda7d1b68267ad95b1e1d83abc98c89\",\"name\":\"Redacci\u00f3n Argentina\",\"description\":\"News from the Pressenza Bureau in Argentina.\",\"sameAs\":[\"https:\/\/x.com\/pressenza\"],\"url\":\"https:\/\/www.pressenza.com\/es\/author\/redaccion-argentina\/\"}]}<\/script>\n<!-- \/ Yoast SEO plugin. -->","yoast_head_json":{"title":"\u201cEl pueblo alg\u00fan d\u00eda va a juzgar qui\u00e9nes somos, qu\u00e9 hemos hecho y d\u00f3nde estamos\u201d las Bartolinas Sisa","description":"Por Soledad Fern\u00e1ndez Desde el 14 de Noviembre la senadora Jeanine \u00c1\u00f1ez se autoproclama presidenta del Estado Plurinacional de Bolivia, tras el golpe de","robots":{"index":"index","follow":"follow","max-snippet":"max-snippet:-1","max-image-preview":"max-image-preview:large","max-video-preview":"max-video-preview:-1"},"canonical":"https:\/\/www.pressenza.com\/es\/2019\/12\/el-pueblo-algun-dia-va-a-juzgar-quienes-somos-que-hemos-hecho-y-donde-estamos-las-bartolinas-sisa\/","og_locale":"es_ES","og_type":"article","og_title":"\u201cEl pueblo alg\u00fan d\u00eda va a juzgar qui\u00e9nes somos, qu\u00e9 hemos hecho y d\u00f3nde estamos\u201d las Bartolinas Sisa","og_description":"Por Soledad Fern\u00e1ndez Desde el 14 de Noviembre la senadora Jeanine \u00c1\u00f1ez se autoproclama presidenta del Estado Plurinacional de Bolivia, tras el golpe de","og_url":"https:\/\/www.pressenza.com\/es\/2019\/12\/el-pueblo-algun-dia-va-a-juzgar-quienes-somos-que-hemos-hecho-y-donde-estamos-las-bartolinas-sisa\/","og_site_name":"Pressenza","article_publisher":"https:\/\/www.facebook.com\/PressenzaItalia","article_published_time":"2019-12-05T14:42:18+00:00","article_modified_time":"2019-12-05T14:45:57+00:00","og_image":[{"width":1280,"height":854,"url":"https:\/\/www.pressenza.com\/wp-content\/uploads\/2019\/12\/WhatsApp-Image-2019-12-05-at-10.58.57.jpeg","type":"image\/jpeg"}],"author":"Redacci\u00f3n Argentina","twitter_card":"summary_large_image","twitter_creator":"@pressenza","twitter_site":"@PressenzaIPA","twitter_misc":{"Escrito por":"Redacci\u00f3n Argentina","Tiempo de lectura":"7 minutos"},"schema":{"@context":"https:\/\/schema.org","@graph":[{"@type":"Article","@id":"https:\/\/www.pressenza.com\/es\/2019\/12\/el-pueblo-algun-dia-va-a-juzgar-quienes-somos-que-hemos-hecho-y-donde-estamos-las-bartolinas-sisa\/#article","isPartOf":{"@id":"https:\/\/www.pressenza.com\/es\/2019\/12\/el-pueblo-algun-dia-va-a-juzgar-quienes-somos-que-hemos-hecho-y-donde-estamos-las-bartolinas-sisa\/"},"author":{"name":"Redacci\u00f3n Argentina","@id":"https:\/\/www.pressenza.com\/es\/#\/schema\/person\/0dda7d1b68267ad95b1e1d83abc98c89"},"headline":"\u201cEl pueblo alg\u00fan d\u00eda va a juzgar qui\u00e9nes somos, qu\u00e9 hemos hecho y d\u00f3nde estamos\u201d las Bartolinas Sisa","datePublished":"2019-12-05T14:42:18+00:00","dateModified":"2019-12-05T14:45:57+00:00","mainEntityOfPage":{"@id":"https:\/\/www.pressenza.com\/es\/2019\/12\/el-pueblo-algun-dia-va-a-juzgar-quienes-somos-que-hemos-hecho-y-donde-estamos-las-bartolinas-sisa\/"},"wordCount":1330,"publisher":{"@id":"https:\/\/www.pressenza.com\/es\/#organization"},"image":{"@id":"https:\/\/www.pressenza.com\/es\/2019\/12\/el-pueblo-algun-dia-va-a-juzgar-quienes-somos-que-hemos-hecho-y-donde-estamos-las-bartolinas-sisa\/#primaryimage"},"thumbnailUrl":"https:\/\/www.pressenza.com\/wp-content\/uploads\/2019\/12\/WhatsApp-Image-2019-12-05-at-10.58.57.jpeg","keywords":["Bolivia","Evo Morales","golpe de estado","MAS; Bartolina Sisa"],"articleSection":["Contenido Original","Entrevistas","Pueblos Originarios","Sudam\u00e9rica"],"inLanguage":"es"},{"@type":"WebPage","@id":"https:\/\/www.pressenza.com\/es\/2019\/12\/el-pueblo-algun-dia-va-a-juzgar-quienes-somos-que-hemos-hecho-y-donde-estamos-las-bartolinas-sisa\/","url":"https:\/\/www.pressenza.com\/es\/2019\/12\/el-pueblo-algun-dia-va-a-juzgar-quienes-somos-que-hemos-hecho-y-donde-estamos-las-bartolinas-sisa\/","name":"\u201cEl pueblo alg\u00fan d\u00eda va a juzgar qui\u00e9nes somos, qu\u00e9 hemos hecho y d\u00f3nde estamos\u201d las Bartolinas Sisa","isPartOf":{"@id":"https:\/\/www.pressenza.com\/es\/#website"},"primaryImageOfPage":{"@id":"https:\/\/www.pressenza.com\/es\/2019\/12\/el-pueblo-algun-dia-va-a-juzgar-quienes-somos-que-hemos-hecho-y-donde-estamos-las-bartolinas-sisa\/#primaryimage"},"image":{"@id":"https:\/\/www.pressenza.com\/es\/2019\/12\/el-pueblo-algun-dia-va-a-juzgar-quienes-somos-que-hemos-hecho-y-donde-estamos-las-bartolinas-sisa\/#primaryimage"},"thumbnailUrl":"https:\/\/www.pressenza.com\/wp-content\/uploads\/2019\/12\/WhatsApp-Image-2019-12-05-at-10.58.57.jpeg","datePublished":"2019-12-05T14:42:18+00:00","dateModified":"2019-12-05T14:45:57+00:00","description":"Por Soledad Fern\u00e1ndez Desde el 14 de Noviembre la senadora Jeanine \u00c1\u00f1ez se autoproclama presidenta del Estado Plurinacional de Bolivia, tras el golpe de","breadcrumb":{"@id":"https:\/\/www.pressenza.com\/es\/2019\/12\/el-pueblo-algun-dia-va-a-juzgar-quienes-somos-que-hemos-hecho-y-donde-estamos-las-bartolinas-sisa\/#breadcrumb"},"inLanguage":"es","potentialAction":[{"@type":"ReadAction","target":["https:\/\/www.pressenza.com\/es\/2019\/12\/el-pueblo-algun-dia-va-a-juzgar-quienes-somos-que-hemos-hecho-y-donde-estamos-las-bartolinas-sisa\/"]}]},{"@type":"ImageObject","inLanguage":"es","@id":"https:\/\/www.pressenza.com\/es\/2019\/12\/el-pueblo-algun-dia-va-a-juzgar-quienes-somos-que-hemos-hecho-y-donde-estamos-las-bartolinas-sisa\/#primaryimage","url":"https:\/\/www.pressenza.com\/wp-content\/uploads\/2019\/12\/WhatsApp-Image-2019-12-05-at-10.58.57.jpeg","contentUrl":"https:\/\/www.pressenza.com\/wp-content\/uploads\/2019\/12\/WhatsApp-Image-2019-12-05-at-10.58.57.jpeg","width":1280,"height":854},{"@type":"BreadcrumbList","@id":"https:\/\/www.pressenza.com\/es\/2019\/12\/el-pueblo-algun-dia-va-a-juzgar-quienes-somos-que-hemos-hecho-y-donde-estamos-las-bartolinas-sisa\/#breadcrumb","itemListElement":[{"@type":"ListItem","position":1,"name":"Accueil","item":"https:\/\/www.pressenza.com\/es\/"},{"@type":"ListItem","position":2,"name":"\u201cEl pueblo alg\u00fan d\u00eda va a juzgar qui\u00e9nes somos, qu\u00e9 hemos hecho y d\u00f3nde estamos\u201d las Bartolinas Sisa"}]},{"@type":"WebSite","@id":"https:\/\/www.pressenza.com\/es\/#website","url":"https:\/\/www.pressenza.com\/es\/","name":"Pressenza","description":"International Press Agency","publisher":{"@id":"https:\/\/www.pressenza.com\/es\/#organization"},"potentialAction":[{"@type":"SearchAction","target":{"@type":"EntryPoint","urlTemplate":"https:\/\/www.pressenza.com\/es\/?s={search_term_string}"},"query-input":{"@type":"PropertyValueSpecification","valueRequired":true,"valueName":"search_term_string"}}],"inLanguage":"es"},{"@type":"Organization","@id":"https:\/\/www.pressenza.com\/es\/#organization","name":"Pressenza","url":"https:\/\/www.pressenza.com\/es\/","logo":{"@type":"ImageObject","inLanguage":"es","@id":"https:\/\/www.pressenza.com\/es\/#\/schema\/logo\/image\/","url":"https:\/\/www.pressenza.com\/wp-content\/uploads\/2022\/10\/pressenza_logo_200x200.jpg","contentUrl":"https:\/\/www.pressenza.com\/wp-content\/uploads\/2022\/10\/pressenza_logo_200x200.jpg","width":200,"height":200,"caption":"Pressenza"},"image":{"@id":"https:\/\/www.pressenza.com\/es\/#\/schema\/logo\/image\/"},"sameAs":["https:\/\/www.facebook.com\/PressenzaItalia","https:\/\/x.com\/PressenzaIPA"]},{"@type":"Person","@id":"https:\/\/www.pressenza.com\/es\/#\/schema\/person\/0dda7d1b68267ad95b1e1d83abc98c89","name":"Redacci\u00f3n Argentina","description":"News from the Pressenza Bureau in Argentina.","sameAs":["https:\/\/x.com\/pressenza"],"url":"https:\/\/www.pressenza.com\/es\/author\/redaccion-argentina\/"}]}},"place":"La Paz, Bolivia","original_article_url":"","_links":{"self":[{"href":"https:\/\/www.pressenza.com\/es\/wp-json\/wp\/v2\/posts\/988526","targetHints":{"allow":["GET"]}}],"collection":[{"href":"https:\/\/www.pressenza.com\/es\/wp-json\/wp\/v2\/posts"}],"about":[{"href":"https:\/\/www.pressenza.com\/es\/wp-json\/wp\/v2\/types\/post"}],"author":[{"embeddable":true,"href":"https:\/\/www.pressenza.com\/es\/wp-json\/wp\/v2\/users\/87"}],"replies":[{"embeddable":true,"href":"https:\/\/www.pressenza.com\/es\/wp-json\/wp\/v2\/comments?post=988526"}],"version-history":[{"count":0,"href":"https:\/\/www.pressenza.com\/es\/wp-json\/wp\/v2\/posts\/988526\/revisions"}],"wp:featuredmedia":[{"embeddable":true,"href":"https:\/\/www.pressenza.com\/es\/wp-json\/wp\/v2\/media\/988569"}],"wp:attachment":[{"href":"https:\/\/www.pressenza.com\/es\/wp-json\/wp\/v2\/media?parent=988526"}],"wp:term":[{"taxonomy":"category","embeddable":true,"href":"https:\/\/www.pressenza.com\/es\/wp-json\/wp\/v2\/categories?post=988526"},{"taxonomy":"post_tag","embeddable":true,"href":"https:\/\/www.pressenza.com\/es\/wp-json\/wp\/v2\/tags?post=988526"}],"curies":[{"name":"wp","href":"https:\/\/api.w.org\/{rel}","templated":true}]}}