{"id":986679,"date":"2019-12-02T22:33:19","date_gmt":"2019-12-02T22:33:19","guid":{"rendered":"https:\/\/www.pressenza.com\/?p=986679"},"modified":"2019-12-02T22:33:19","modified_gmt":"2019-12-02T22:33:19","slug":"evadir-no-pagar-vuelve-a-ser-otra-forma-de-luchar","status":"publish","type":"post","link":"https:\/\/www.pressenza.com\/es\/2019\/12\/evadir-no-pagar-vuelve-a-ser-otra-forma-de-luchar\/","title":{"rendered":"Evadir, no pagar, vuelve a ser otra forma de luchar"},"content":{"rendered":"<p>Tal como hace ya siete semanas, decenas de j\u00f3venes realizaron este lunes nuevas evasiones en distintas estaciones del metro de Santiago, como una forma de protesta que deton\u00f3 la crisis social actual que se vive en el pa\u00eds.<\/p>\n<p>Las estaciones Los H\u00e9roes e Irarr\u00e1zaval fueron algunas de las paradas del metro subterr\u00e1neo que debieron suspender la entrada y salida de pasajeros por razones de seguridad, ante la manifestaci\u00f3n j\u00f3venes que saltaban sobre los torniquetes, vistiendo uniformes de sus colegios, para pasar sin tener que pagar sus pasajes y abriendo las puertas de ingreso a los andenes de modo de facilitar a los dem\u00e1s usuarios el ingreso tambi\u00e9n gratuito.<\/p>\n<p>En otras estaciones tambi\u00e9n se produjeron algunos incidentes y se interrumpi\u00f3 el servicio del metro en algunas de las paradas.<\/p>\n<p>\u201c\u00a1Evadir, no pagar, otra forma de luchar!\u201d fue el canto que se escuchaba como principal consigna de parte de estos manifestantes.<\/p>\n<p>&nbsp;<\/p>\n","protected":false},"excerpt":{"rendered":"<p>Tal como hace ya siete semanas, decenas de j\u00f3venes realizaron este lunes nuevas evasiones en distintas estaciones del metro de Santiago, como una forma de protesta que deton\u00f3 la crisis social actual que se vive en el pa\u00eds. Las estaciones&hellip;<\/p>\n","protected":false},"author":43,"featured_media":986690,"comment_status":"closed","ping_status":"closed","sticky":false,"template":"","format":"standard","meta":{"footnotes":""},"categories":[11389,46976,67],"tags":[29,67792,1274,394],"class_list":["post-986679","post","type-post","status-publish","format-standard","has-post-thumbnail","hentry","category-contenido-original","category-jovenes","category-sudamerica","tag-chile","tag-evadir","tag-jovenes","tag-protestas-sociales"],"yoast_head":"<!-- This site is optimized with the Yoast SEO plugin v27.1.1 - https:\/\/yoast.com\/product\/yoast-seo-wordpress\/ -->\n<title>Evadir, no pagar, vuelve a ser otra forma de luchar<\/title>\n<meta name=\"description\" content=\"Evadir, no pagar, vuelve a ser otra forma de luchar\" \/>\n<meta name=\"robots\" content=\"index, follow, max-snippet:-1, max-image-preview:large, max-video-preview:-1\" \/>\n<link rel=\"canonical\" href=\"https:\/\/www.pressenza.com\/es\/2019\/12\/evadir-no-pagar-vuelve-a-ser-otra-forma-de-luchar\/\" \/>\n<meta property=\"og:locale\" content=\"es_ES\" \/>\n<meta property=\"og:type\" content=\"article\" \/>\n<meta property=\"og:title\" content=\"Evadir, no pagar, vuelve a ser otra forma de luchar\" \/>\n<meta property=\"og:description\" content=\"Evadir, no pagar, vuelve a ser otra forma de luchar\" \/>\n<meta property=\"og:url\" content=\"https:\/\/www.pressenza.com\/es\/2019\/12\/evadir-no-pagar-vuelve-a-ser-otra-forma-de-luchar\/\" \/>\n<meta property=\"og:site_name\" content=\"Pressenza\" \/>\n<meta property=\"article:publisher\" content=\"https:\/\/www.facebook.com\/PressenzaItalia\" \/>\n<meta property=\"article:author\" content=\"https:\/\/www.facebook.com\/pressenza\" \/>\n<meta property=\"article:published_time\" content=\"2019-12-02T22:33:19+00:00\" \/>\n<meta property=\"og:image\" content=\"https:\/\/www.pressenza.com\/wp-content\/uploads\/2019\/12\/AFP-3-696x464.jpg\" \/>\n\t<meta property=\"og:image:width\" content=\"696\" \/>\n\t<meta property=\"og:image:height\" content=\"464\" \/>\n\t<meta property=\"og:image:type\" content=\"image\/jpeg\" \/>\n<meta name=\"author\" content=\"Redacci\u00f3n Chile\" \/>\n<meta name=\"twitter:card\" content=\"summary_large_image\" \/>\n<meta name=\"twitter:creator\" content=\"@pressenza\" \/>\n<meta name=\"twitter:site\" content=\"@PressenzaIPA\" \/>\n<meta name=\"twitter:label1\" content=\"Escrito por\" \/>\n\t<meta name=\"twitter:data1\" content=\"Redacci\u00f3n Chile\" \/>\n\t<meta name=\"twitter:label2\" content=\"Tiempo de lectura\" \/>\n\t<meta name=\"twitter:data2\" content=\"1 minuto\" \/>\n<script type=\"application\/ld+json\" class=\"yoast-schema-graph\">{\"@context\":\"https:\/\/schema.org\",\"@graph\":[{\"@type\":\"Article\",\"@id\":\"https:\/\/www.pressenza.com\/es\/2019\/12\/evadir-no-pagar-vuelve-a-ser-otra-forma-de-luchar\/#article\",\"isPartOf\":{\"@id\":\"https:\/\/www.pressenza.com\/es\/2019\/12\/evadir-no-pagar-vuelve-a-ser-otra-forma-de-luchar\/\"},\"author\":{\"name\":\"Redacci\u00f3n Chile\",\"@id\":\"https:\/\/www.pressenza.com\/es\/#\/schema\/person\/d7db40df35d6698ba69ba9ee260944ed\"},\"headline\":\"Evadir, no pagar, vuelve a ser otra forma de luchar\",\"datePublished\":\"2019-12-02T22:33:19+00:00\",\"mainEntityOfPage\":{\"@id\":\"https:\/\/www.pressenza.com\/es\/2019\/12\/evadir-no-pagar-vuelve-a-ser-otra-forma-de-luchar\/\"},\"wordCount\":170,\"publisher\":{\"@id\":\"https:\/\/www.pressenza.com\/es\/#organization\"},\"image\":{\"@id\":\"https:\/\/www.pressenza.com\/es\/2019\/12\/evadir-no-pagar-vuelve-a-ser-otra-forma-de-luchar\/#primaryimage\"},\"thumbnailUrl\":\"https:\/\/www.pressenza.com\/wp-content\/uploads\/2019\/12\/AFP-3-696x464.jpg\",\"keywords\":[\"Chile\",\"evadir\",\"j\u00f3venes\",\"protestas sociales\"],\"articleSection\":[\"Contenido Original\",\"J\u00f3venes\",\"Sudam\u00e9rica\"],\"inLanguage\":\"es\"},{\"@type\":\"WebPage\",\"@id\":\"https:\/\/www.pressenza.com\/es\/2019\/12\/evadir-no-pagar-vuelve-a-ser-otra-forma-de-luchar\/\",\"url\":\"https:\/\/www.pressenza.com\/es\/2019\/12\/evadir-no-pagar-vuelve-a-ser-otra-forma-de-luchar\/\",\"name\":\"Evadir, no pagar, vuelve a ser otra forma de luchar\",\"isPartOf\":{\"@id\":\"https:\/\/www.pressenza.com\/es\/#website\"},\"primaryImageOfPage\":{\"@id\":\"https:\/\/www.pressenza.com\/es\/2019\/12\/evadir-no-pagar-vuelve-a-ser-otra-forma-de-luchar\/#primaryimage\"},\"image\":{\"@id\":\"https:\/\/www.pressenza.com\/es\/2019\/12\/evadir-no-pagar-vuelve-a-ser-otra-forma-de-luchar\/#primaryimage\"},\"thumbnailUrl\":\"https:\/\/www.pressenza.com\/wp-content\/uploads\/2019\/12\/AFP-3-696x464.jpg\",\"datePublished\":\"2019-12-02T22:33:19+00:00\",\"description\":\"Evadir, no pagar, vuelve a ser otra forma de luchar\",\"breadcrumb\":{\"@id\":\"https:\/\/www.pressenza.com\/es\/2019\/12\/evadir-no-pagar-vuelve-a-ser-otra-forma-de-luchar\/#breadcrumb\"},\"inLanguage\":\"es\",\"potentialAction\":[{\"@type\":\"ReadAction\",\"target\":[\"https:\/\/www.pressenza.com\/es\/2019\/12\/evadir-no-pagar-vuelve-a-ser-otra-forma-de-luchar\/\"]}]},{\"@type\":\"ImageObject\",\"inLanguage\":\"es\",\"@id\":\"https:\/\/www.pressenza.com\/es\/2019\/12\/evadir-no-pagar-vuelve-a-ser-otra-forma-de-luchar\/#primaryimage\",\"url\":\"https:\/\/www.pressenza.com\/wp-content\/uploads\/2019\/12\/AFP-3-696x464.jpg\",\"contentUrl\":\"https:\/\/www.pressenza.com\/wp-content\/uploads\/2019\/12\/AFP-3-696x464.jpg\",\"width\":696,\"height\":464},{\"@type\":\"BreadcrumbList\",\"@id\":\"https:\/\/www.pressenza.com\/es\/2019\/12\/evadir-no-pagar-vuelve-a-ser-otra-forma-de-luchar\/#breadcrumb\",\"itemListElement\":[{\"@type\":\"ListItem\",\"position\":1,\"name\":\"Accueil\",\"item\":\"https:\/\/www.pressenza.com\/es\/\"},{\"@type\":\"ListItem\",\"position\":2,\"name\":\"Evadir, no pagar, vuelve a ser otra forma de luchar\"}]},{\"@type\":\"WebSite\",\"@id\":\"https:\/\/www.pressenza.com\/es\/#website\",\"url\":\"https:\/\/www.pressenza.com\/es\/\",\"name\":\"Pressenza\",\"description\":\"International Press Agency\",\"publisher\":{\"@id\":\"https:\/\/www.pressenza.com\/es\/#organization\"},\"potentialAction\":[{\"@type\":\"SearchAction\",\"target\":{\"@type\":\"EntryPoint\",\"urlTemplate\":\"https:\/\/www.pressenza.com\/es\/?s={search_term_string}\"},\"query-input\":{\"@type\":\"PropertyValueSpecification\",\"valueRequired\":true,\"valueName\":\"search_term_string\"}}],\"inLanguage\":\"es\"},{\"@type\":\"Organization\",\"@id\":\"https:\/\/www.pressenza.com\/es\/#organization\",\"name\":\"Pressenza\",\"url\":\"https:\/\/www.pressenza.com\/es\/\",\"logo\":{\"@type\":\"ImageObject\",\"inLanguage\":\"es\",\"@id\":\"https:\/\/www.pressenza.com\/es\/#\/schema\/logo\/image\/\",\"url\":\"https:\/\/www.pressenza.com\/wp-content\/uploads\/2022\/10\/pressenza_logo_200x200.jpg\",\"contentUrl\":\"https:\/\/www.pressenza.com\/wp-content\/uploads\/2022\/10\/pressenza_logo_200x200.jpg\",\"width\":200,\"height\":200,\"caption\":\"Pressenza\"},\"image\":{\"@id\":\"https:\/\/www.pressenza.com\/es\/#\/schema\/logo\/image\/\"},\"sameAs\":[\"https:\/\/www.facebook.com\/PressenzaItalia\",\"https:\/\/x.com\/PressenzaIPA\"]},{\"@type\":\"Person\",\"@id\":\"https:\/\/www.pressenza.com\/es\/#\/schema\/person\/d7db40df35d6698ba69ba9ee260944ed\",\"name\":\"Redacci\u00f3n Chile\",\"description\":\"News from the Pressenza Bureau in Chile\",\"sameAs\":[\"https:\/\/www.facebook.com\/pressenza\",\"https:\/\/x.com\/pressenza\"],\"url\":\"https:\/\/www.pressenza.com\/es\/author\/redaccion-chile\/\"}]}<\/script>\n<!-- \/ Yoast SEO plugin. -->","yoast_head_json":{"title":"Evadir, no pagar, vuelve a ser otra forma de luchar","description":"Evadir, no pagar, vuelve a ser otra forma de luchar","robots":{"index":"index","follow":"follow","max-snippet":"max-snippet:-1","max-image-preview":"max-image-preview:large","max-video-preview":"max-video-preview:-1"},"canonical":"https:\/\/www.pressenza.com\/es\/2019\/12\/evadir-no-pagar-vuelve-a-ser-otra-forma-de-luchar\/","og_locale":"es_ES","og_type":"article","og_title":"Evadir, no pagar, vuelve a ser otra forma de luchar","og_description":"Evadir, no pagar, vuelve a ser otra forma de luchar","og_url":"https:\/\/www.pressenza.com\/es\/2019\/12\/evadir-no-pagar-vuelve-a-ser-otra-forma-de-luchar\/","og_site_name":"Pressenza","article_publisher":"https:\/\/www.facebook.com\/PressenzaItalia","article_author":"https:\/\/www.facebook.com\/pressenza","article_published_time":"2019-12-02T22:33:19+00:00","og_image":[{"width":696,"height":464,"url":"https:\/\/www.pressenza.com\/wp-content\/uploads\/2019\/12\/AFP-3-696x464.jpg","type":"image\/jpeg"}],"author":"Redacci\u00f3n Chile","twitter_card":"summary_large_image","twitter_creator":"@pressenza","twitter_site":"@PressenzaIPA","twitter_misc":{"Escrito por":"Redacci\u00f3n Chile","Tiempo de lectura":"1 minuto"},"schema":{"@context":"https:\/\/schema.org","@graph":[{"@type":"Article","@id":"https:\/\/www.pressenza.com\/es\/2019\/12\/evadir-no-pagar-vuelve-a-ser-otra-forma-de-luchar\/#article","isPartOf":{"@id":"https:\/\/www.pressenza.com\/es\/2019\/12\/evadir-no-pagar-vuelve-a-ser-otra-forma-de-luchar\/"},"author":{"name":"Redacci\u00f3n Chile","@id":"https:\/\/www.pressenza.com\/es\/#\/schema\/person\/d7db40df35d6698ba69ba9ee260944ed"},"headline":"Evadir, no pagar, vuelve a ser otra forma de luchar","datePublished":"2019-12-02T22:33:19+00:00","mainEntityOfPage":{"@id":"https:\/\/www.pressenza.com\/es\/2019\/12\/evadir-no-pagar-vuelve-a-ser-otra-forma-de-luchar\/"},"wordCount":170,"publisher":{"@id":"https:\/\/www.pressenza.com\/es\/#organization"},"image":{"@id":"https:\/\/www.pressenza.com\/es\/2019\/12\/evadir-no-pagar-vuelve-a-ser-otra-forma-de-luchar\/#primaryimage"},"thumbnailUrl":"https:\/\/www.pressenza.com\/wp-content\/uploads\/2019\/12\/AFP-3-696x464.jpg","keywords":["Chile","evadir","j\u00f3venes","protestas sociales"],"articleSection":["Contenido Original","J\u00f3venes","Sudam\u00e9rica"],"inLanguage":"es"},{"@type":"WebPage","@id":"https:\/\/www.pressenza.com\/es\/2019\/12\/evadir-no-pagar-vuelve-a-ser-otra-forma-de-luchar\/","url":"https:\/\/www.pressenza.com\/es\/2019\/12\/evadir-no-pagar-vuelve-a-ser-otra-forma-de-luchar\/","name":"Evadir, no pagar, vuelve a ser otra forma de luchar","isPartOf":{"@id":"https:\/\/www.pressenza.com\/es\/#website"},"primaryImageOfPage":{"@id":"https:\/\/www.pressenza.com\/es\/2019\/12\/evadir-no-pagar-vuelve-a-ser-otra-forma-de-luchar\/#primaryimage"},"image":{"@id":"https:\/\/www.pressenza.com\/es\/2019\/12\/evadir-no-pagar-vuelve-a-ser-otra-forma-de-luchar\/#primaryimage"},"thumbnailUrl":"https:\/\/www.pressenza.com\/wp-content\/uploads\/2019\/12\/AFP-3-696x464.jpg","datePublished":"2019-12-02T22:33:19+00:00","description":"Evadir, no pagar, vuelve a ser otra forma de luchar","breadcrumb":{"@id":"https:\/\/www.pressenza.com\/es\/2019\/12\/evadir-no-pagar-vuelve-a-ser-otra-forma-de-luchar\/#breadcrumb"},"inLanguage":"es","potentialAction":[{"@type":"ReadAction","target":["https:\/\/www.pressenza.com\/es\/2019\/12\/evadir-no-pagar-vuelve-a-ser-otra-forma-de-luchar\/"]}]},{"@type":"ImageObject","inLanguage":"es","@id":"https:\/\/www.pressenza.com\/es\/2019\/12\/evadir-no-pagar-vuelve-a-ser-otra-forma-de-luchar\/#primaryimage","url":"https:\/\/www.pressenza.com\/wp-content\/uploads\/2019\/12\/AFP-3-696x464.jpg","contentUrl":"https:\/\/www.pressenza.com\/wp-content\/uploads\/2019\/12\/AFP-3-696x464.jpg","width":696,"height":464},{"@type":"BreadcrumbList","@id":"https:\/\/www.pressenza.com\/es\/2019\/12\/evadir-no-pagar-vuelve-a-ser-otra-forma-de-luchar\/#breadcrumb","itemListElement":[{"@type":"ListItem","position":1,"name":"Accueil","item":"https:\/\/www.pressenza.com\/es\/"},{"@type":"ListItem","position":2,"name":"Evadir, no pagar, vuelve a ser otra forma de luchar"}]},{"@type":"WebSite","@id":"https:\/\/www.pressenza.com\/es\/#website","url":"https:\/\/www.pressenza.com\/es\/","name":"Pressenza","description":"International Press Agency","publisher":{"@id":"https:\/\/www.pressenza.com\/es\/#organization"},"potentialAction":[{"@type":"SearchAction","target":{"@type":"EntryPoint","urlTemplate":"https:\/\/www.pressenza.com\/es\/?s={search_term_string}"},"query-input":{"@type":"PropertyValueSpecification","valueRequired":true,"valueName":"search_term_string"}}],"inLanguage":"es"},{"@type":"Organization","@id":"https:\/\/www.pressenza.com\/es\/#organization","name":"Pressenza","url":"https:\/\/www.pressenza.com\/es\/","logo":{"@type":"ImageObject","inLanguage":"es","@id":"https:\/\/www.pressenza.com\/es\/#\/schema\/logo\/image\/","url":"https:\/\/www.pressenza.com\/wp-content\/uploads\/2022\/10\/pressenza_logo_200x200.jpg","contentUrl":"https:\/\/www.pressenza.com\/wp-content\/uploads\/2022\/10\/pressenza_logo_200x200.jpg","width":200,"height":200,"caption":"Pressenza"},"image":{"@id":"https:\/\/www.pressenza.com\/es\/#\/schema\/logo\/image\/"},"sameAs":["https:\/\/www.facebook.com\/PressenzaItalia","https:\/\/x.com\/PressenzaIPA"]},{"@type":"Person","@id":"https:\/\/www.pressenza.com\/es\/#\/schema\/person\/d7db40df35d6698ba69ba9ee260944ed","name":"Redacci\u00f3n Chile","description":"News from the Pressenza Bureau in Chile","sameAs":["https:\/\/www.facebook.com\/pressenza","https:\/\/x.com\/pressenza"],"url":"https:\/\/www.pressenza.com\/es\/author\/redaccion-chile\/"}]}},"place":"Santiago de Chile","original_article_url":"","_links":{"self":[{"href":"https:\/\/www.pressenza.com\/es\/wp-json\/wp\/v2\/posts\/986679","targetHints":{"allow":["GET"]}}],"collection":[{"href":"https:\/\/www.pressenza.com\/es\/wp-json\/wp\/v2\/posts"}],"about":[{"href":"https:\/\/www.pressenza.com\/es\/wp-json\/wp\/v2\/types\/post"}],"author":[{"embeddable":true,"href":"https:\/\/www.pressenza.com\/es\/wp-json\/wp\/v2\/users\/43"}],"replies":[{"embeddable":true,"href":"https:\/\/www.pressenza.com\/es\/wp-json\/wp\/v2\/comments?post=986679"}],"version-history":[{"count":0,"href":"https:\/\/www.pressenza.com\/es\/wp-json\/wp\/v2\/posts\/986679\/revisions"}],"wp:featuredmedia":[{"embeddable":true,"href":"https:\/\/www.pressenza.com\/es\/wp-json\/wp\/v2\/media\/986690"}],"wp:attachment":[{"href":"https:\/\/www.pressenza.com\/es\/wp-json\/wp\/v2\/media?parent=986679"}],"wp:term":[{"taxonomy":"category","embeddable":true,"href":"https:\/\/www.pressenza.com\/es\/wp-json\/wp\/v2\/categories?post=986679"},{"taxonomy":"post_tag","embeddable":true,"href":"https:\/\/www.pressenza.com\/es\/wp-json\/wp\/v2\/tags?post=986679"}],"curies":[{"name":"wp","href":"https:\/\/api.w.org\/{rel}","templated":true}]}}