{"id":985877,"date":"2019-12-01T01:03:18","date_gmt":"2019-12-01T01:03:18","guid":{"rendered":"https:\/\/www.pressenza.com\/?p=985877"},"modified":"2019-12-01T01:05:57","modified_gmt":"2019-12-01T01:05:57","slug":"cumbre-de-los-pueblos-la-contracumbre-a-la-cop25-del-2-al-7-de-diciembre-en-santiago-de-chile","status":"publish","type":"post","link":"https:\/\/www.pressenza.com\/es\/2019\/12\/cumbre-de-los-pueblos-la-contracumbre-a-la-cop25-del-2-al-7-de-diciembre-en-santiago-de-chile\/","title":{"rendered":"Cumbre de los Pueblos: la contracumbre a la COP25, del 2 al 7 de diciembre en Santiago de Chile"},"content":{"rendered":"<p style=\"font-weight: 400; text-align: center;\"><strong>\u00a1LA CUMBRE DE LOS PUEBLOS VA!<\/strong><\/p>\n<p style=\"font-weight: 400;\">Tras la cancelaci\u00f3n del Foro APEC y la COP25 la Cumbre de los Pueblos, encuentro internacional del que son parte m\u00e1s de 200 organizaciones ambientalistas, ecol\u00f3gicas, espirituales, sociales y pol\u00edticas; decidi\u00f3 mantener su realizaci\u00f3n pese a la mudanza de ciudad sede de las instancias que incentivaron la necesidad de levantar una voz propia desde las comunidades, los territorios y las organizaciones sobre la crisis clim\u00e1tica, el modelo econ\u00f3mico neoliberal y extractivista.<\/p>\n<p style=\"font-weight: 400;\">En la CdlP confluir\u00e1n cabildos, exposiciones, documentales, talleres, lecturas, mesas de trabajo y otras actividades en torno a temas como el cambio clim\u00e1tico, las zonas de sacrificio; el extractivismo; comunidades locales e ind\u00edgenas; la soberan\u00eda alimentaria; y la Asamblea Constituyente Plurinacional como alternativa popular. Asimismo, el capitalismo y su desigualdad; los cr\u00edmenes contra l\u00edderes sociales en la regi\u00f3n; El TPP-11; y la violaci\u00f3n a los DD.HH. en Chile, recrudecida en las \u00faltimas semanas; entre otros.<\/p>\n<p style=\"font-weight: 400;\">En cada una de las actividades se debatir\u00e1n y compartir\u00e1n soluciones para la superaci\u00f3n de la crisis sistem\u00e1tica del modelo de explotaci\u00f3n de las personas y la naturaleza, \u00e9stos espacios ser\u00e1n nombrados en honor a Camilo Catrillanca, Macarena Vald\u00e9s, Berta C\u00e1ceres, Jorginho Guajajara y Samir Flores, todos y todas asesinadxs por defender a la Madre Tierra. Cabe recordar que solo durante el a\u00f1o pasado\u00a0164 defensores de la tierra y el ambiente fueron asesinados.<\/p>\n<p>A continuaci\u00f3n, presentamos el <strong>Programa Oficial<\/strong> y el <strong>Programa Art\u00edstico <\/strong>para todos los d\u00edas del evento (2 al 7 de diciembre).<\/p>\n<p style=\"text-align: center;\"><strong>PROGRAMA<\/strong><\/p>\n<div class=\"vc_row wpb_row vc_row-fluid\">\n<div class=\"wpb_column vc_column_container vc_col-sm-12\">\n<div class=\"vc_column-inner\">\n<div class=\"wpb_wrapper\">\n<div class=\"wpb_single_image wpb_content_element vc_align_left\">\n<figure class=\"wpb_wrapper vc_figure\"><a class=\"vc_single_image-wrapper vc_box_border_grey rollover this-ready\" href=\"https:\/\/cumbredelospueblos2019.org\/wp-content\/uploads\/2019\/11\/lunes02-841x1024.jpg\" target=\"_self\" data-large_image_width=\"841\" data-large_image_height=\"1024\"><img loading=\"lazy\" decoding=\"async\" class=\"vc_single_image-img attachment-full\" src=\"https:\/\/cumbredelospueblos2019.org\/wp-content\/uploads\/2019\/11\/lunes02.jpg\" sizes=\"auto, (max-width: 1051px) 100vw, 1051px\" srcset=\"https:\/\/cumbredelospueblos2019.org\/wp-content\/uploads\/2019\/11\/lunes02.jpg 1051w, https:\/\/cumbredelospueblos2019.org\/wp-content\/uploads\/2019\/11\/lunes02-246x300.jpg 246w, https:\/\/cumbredelospueblos2019.org\/wp-content\/uploads\/2019\/11\/lunes02-841x1024.jpg 841w, https:\/\/cumbredelospueblos2019.org\/wp-content\/uploads\/2019\/11\/lunes02-768x935.jpg 768w\" alt=\"\" width=\"1051\" height=\"1280\" data-dt-location=\"https:\/\/cumbredelospueblos2019.org\/actividades\/lunes02\/\" \/><i><\/i><\/a><\/figure>\n<\/div>\n<\/div>\n<\/div>\n<\/div>\n<\/div>\n<div class=\"vc_row wpb_row vc_row-fluid\">\n<div class=\"wpb_column vc_column_container vc_col-sm-12\">\n<div class=\"vc_column-inner\">\n<div class=\"wpb_wrapper\">\n<div class=\"wpb_single_image wpb_content_element vc_align_left\">\n<figure class=\"wpb_wrapper vc_figure\"><a class=\"vc_single_image-wrapper vc_box_border_grey rollover this-ready\" href=\"https:\/\/cumbredelospueblos2019.org\/wp-content\/uploads\/2019\/11\/martes_03-842x1024.jpg\" target=\"_self\" data-large_image_width=\"842\" data-large_image_height=\"1024\"><img loading=\"lazy\" decoding=\"async\" class=\"vc_single_image-img attachment-full\" src=\"https:\/\/cumbredelospueblos2019.org\/wp-content\/uploads\/2019\/11\/martes_03.jpg\" sizes=\"auto, (max-width: 1052px) 100vw, 1052px\" srcset=\"https:\/\/cumbredelospueblos2019.org\/wp-content\/uploads\/2019\/11\/martes_03.jpg 1052w, https:\/\/cumbredelospueblos2019.org\/wp-content\/uploads\/2019\/11\/martes_03-247x300.jpg 247w, https:\/\/cumbredelospueblos2019.org\/wp-content\/uploads\/2019\/11\/martes_03-842x1024.jpg 842w, https:\/\/cumbredelospueblos2019.org\/wp-content\/uploads\/2019\/11\/martes_03-768x934.jpg 768w\" alt=\"\" width=\"1052\" height=\"1280\" data-dt-location=\"https:\/\/cumbredelospueblos2019.org\/actividades\/martes_03\/\" \/><i><\/i><\/a><\/figure>\n<\/div>\n<\/div>\n<\/div>\n<\/div>\n<\/div>\n<div class=\"vc_row wpb_row vc_row-fluid\">\n<div class=\"wpb_column vc_column_container vc_col-sm-12\">\n<div class=\"vc_column-inner\">\n<div class=\"wpb_wrapper\">\n<div class=\"wpb_single_image wpb_content_element vc_align_left\">\n<figure class=\"wpb_wrapper vc_figure\"><a class=\"vc_single_image-wrapper vc_box_border_grey rollover this-ready\" href=\"https:\/\/cumbredelospueblos2019.org\/wp-content\/uploads\/2019\/11\/miercoles_4-842x1024.jpg\" target=\"_self\" data-large_image_width=\"842\" data-large_image_height=\"1024\"><img loading=\"lazy\" decoding=\"async\" class=\"vc_single_image-img attachment-full\" src=\"https:\/\/cumbredelospueblos2019.org\/wp-content\/uploads\/2019\/11\/miercoles_4.jpg\" sizes=\"auto, (max-width: 1053px) 100vw, 1053px\" srcset=\"https:\/\/cumbredelospueblos2019.org\/wp-content\/uploads\/2019\/11\/miercoles_4.jpg 1053w, https:\/\/cumbredelospueblos2019.org\/wp-content\/uploads\/2019\/11\/miercoles_4-247x300.jpg 247w, https:\/\/cumbredelospueblos2019.org\/wp-content\/uploads\/2019\/11\/miercoles_4-842x1024.jpg 842w, https:\/\/cumbredelospueblos2019.org\/wp-content\/uploads\/2019\/11\/miercoles_4-768x934.jpg 768w\" alt=\"\" width=\"1053\" height=\"1280\" data-dt-location=\"https:\/\/cumbredelospueblos2019.org\/actividades\/miercoles_4\/\" \/><i><\/i><\/a><\/figure>\n<\/div>\n<\/div>\n<\/div>\n<\/div>\n<\/div>\n<div class=\"vc_row wpb_row vc_row-fluid\">\n<div class=\"wpb_column vc_column_container vc_col-sm-12\">\n<div class=\"vc_column-inner\">\n<div class=\"wpb_wrapper\">\n<div class=\"wpb_single_image wpb_content_element vc_align_left\">\n<figure class=\"wpb_wrapper vc_figure\"><a class=\"vc_single_image-wrapper vc_box_border_grey rollover this-ready\" href=\"https:\/\/cumbredelospueblos2019.org\/wp-content\/uploads\/2019\/11\/jueves_5-840x1024.jpg\" target=\"_self\" data-large_image_width=\"840\" data-large_image_height=\"1024\"><img loading=\"lazy\" decoding=\"async\" class=\"vc_single_image-img attachment-full\" src=\"https:\/\/cumbredelospueblos2019.org\/wp-content\/uploads\/2019\/11\/jueves_5.jpg\" sizes=\"auto, (max-width: 1050px) 100vw, 1050px\" srcset=\"https:\/\/cumbredelospueblos2019.org\/wp-content\/uploads\/2019\/11\/jueves_5.jpg 1050w, https:\/\/cumbredelospueblos2019.org\/wp-content\/uploads\/2019\/11\/jueves_5-246x300.jpg 246w, https:\/\/cumbredelospueblos2019.org\/wp-content\/uploads\/2019\/11\/jueves_5-840x1024.jpg 840w, https:\/\/cumbredelospueblos2019.org\/wp-content\/uploads\/2019\/11\/jueves_5-768x936.jpg 768w\" alt=\"\" width=\"1050\" height=\"1280\" data-dt-location=\"https:\/\/cumbredelospueblos2019.org\/actividades\/jueves_5\/\" \/><i><\/i><\/a><\/figure>\n<\/div>\n<\/div>\n<\/div>\n<\/div>\n<\/div>\n<div class=\"vc_row wpb_row vc_row-fluid\">\n<div class=\"wpb_column vc_column_container vc_col-sm-12\">\n<div class=\"vc_column-inner\">\n<div class=\"wpb_wrapper\">\n<div class=\"wpb_single_image wpb_content_element vc_align_left\">\n<figure class=\"wpb_wrapper vc_figure\"><a class=\"vc_single_image-wrapper vc_box_border_grey rollover this-ready\" href=\"https:\/\/cumbredelospueblos2019.org\/wp-content\/uploads\/2019\/11\/viernes6-841x1024.jpg\" target=\"_self\" data-large_image_width=\"841\" data-large_image_height=\"1024\"><img loading=\"lazy\" decoding=\"async\" class=\"vc_single_image-img attachment-full\" src=\"https:\/\/cumbredelospueblos2019.org\/wp-content\/uploads\/2019\/11\/viernes6.jpg\" sizes=\"auto, (max-width: 1051px) 100vw, 1051px\" srcset=\"https:\/\/cumbredelospueblos2019.org\/wp-content\/uploads\/2019\/11\/viernes6.jpg 1051w, https:\/\/cumbredelospueblos2019.org\/wp-content\/uploads\/2019\/11\/viernes6-246x300.jpg 246w, https:\/\/cumbredelospueblos2019.org\/wp-content\/uploads\/2019\/11\/viernes6-841x1024.jpg 841w, https:\/\/cumbredelospueblos2019.org\/wp-content\/uploads\/2019\/11\/viernes6-768x935.jpg 768w\" alt=\"\" width=\"1051\" height=\"1280\" data-dt-location=\"https:\/\/cumbredelospueblos2019.org\/actividades\/viernes6\/\" \/><\/a><\/figure>\n<\/div>\n<\/div>\n<\/div>\n<\/div>\n<\/div>\n<p>&nbsp;<\/p>\n<p style=\"text-align: center;\"><strong>PROGRAMA ART\u00cdSTICO<\/strong><\/p>\n<table>\n<tbody>\n<tr>\n<td width=\"454\"><strong>Lunes 2: Aula Magna<\/strong><\/td>\n<\/tr>\n<\/tbody>\n<\/table>\n<p>&nbsp;<\/p>\n<table>\n<tbody>\n<tr>\n<td width=\"94\">11:00<\/td>\n<td width=\"283\">Inauguraci\u00f3n<\/td>\n<td width=\"189\"><\/td>\n<\/tr>\n<tr>\n<td rowspan=\"3\" width=\"94\"><\/td>\n<td width=\"283\">Agrupaci\u00f3n Akoma<\/p>\n<p>Malembe, Pieza Corogr\u00e1fica<\/td>\n<td width=\"189\">Direcci\u00f3n:<\/p>\n<p>Gazal Sabaj<\/td>\n<\/tr>\n<tr>\n<td width=\"283\"><\/td>\n<td width=\"189\"><\/td>\n<\/tr>\n<tr>\n<td width=\"283\">Cultura Planetaria<\/td>\n<td width=\"189\">Intervenciones art\u00edsticas<\/td>\n<\/tr>\n<\/tbody>\n<\/table>\n<p>&nbsp;<\/p>\n<table>\n<tbody>\n<tr>\n<td width=\"454\"><strong>Martes 3: Auditorio V\u00edctor Jara<\/strong><\/td>\n<\/tr>\n<\/tbody>\n<\/table>\n<p>&nbsp;<\/p>\n<table>\n<tbody>\n<tr>\n<td rowspan=\"3\" width=\"94\">13:00<\/td>\n<td width=\"283\">Teatro Ingenio en Movimiento<\/p>\n<p>Obra: La Revoluci\u00f3n del Basurero<\/td>\n<td width=\"189\">Teatro de t\u00edteres.<\/td>\n<\/tr>\n<tr>\n<td width=\"283\"><\/td>\n<td width=\"189\"><\/td>\n<\/tr>\n<tr>\n<td width=\"283\">Los 2<\/td>\n<td width=\"189\">M\u00fasica<\/td>\n<\/tr>\n<\/tbody>\n<\/table>\n<p>&nbsp;<\/p>\n<table>\n<tbody>\n<tr>\n<td width=\"454\"><strong>Jueves 5: Auditorio V\u00edctor Jara<\/strong><\/td>\n<\/tr>\n<\/tbody>\n<\/table>\n<p>&nbsp;<\/p>\n<table>\n<tbody>\n<tr>\n<td width=\"94\">13:30<\/td>\n<td width=\"283\">Roman Bigbang<\/td>\n<td width=\"189\">M\u00fasica<\/td>\n<\/tr>\n<tr>\n<td width=\"94\"><\/td>\n<td width=\"283\"><\/td>\n<td width=\"189\"><\/td>\n<\/tr>\n<tr>\n<td width=\"94\">15:00<\/td>\n<td width=\"283\">Teatro El Riel<\/p>\n<p>Obra: La Catalina<\/td>\n<td width=\"189\">Direcci\u00f3n:<\/p>\n<p>Ana Mar\u00eda L\u00f3pez<\/td>\n<\/tr>\n<\/tbody>\n<\/table>\n<p>&nbsp;<\/p>\n<table>\n<tbody>\n<tr>\n<td width=\"454\"><strong>Viernes 6: Auditorio V\u00edctor Jara<\/strong><\/td>\n<\/tr>\n<\/tbody>\n<\/table>\n<p>&nbsp;<\/p>\n<table>\n<tbody>\n<tr>\n<td rowspan=\"3\" width=\"94\">13:00<\/td>\n<td width=\"283\">Los Fantasma<\/td>\n<td width=\"189\">Banda Musical<\/td>\n<\/tr>\n<tr>\n<td width=\"283\"><\/td>\n<td width=\"189\"><\/td>\n<\/tr>\n<tr>\n<td width=\"283\">Mc Losibe<\/td>\n<td width=\"189\">Solista Hip Hop<\/td>\n<\/tr>\n<\/tbody>\n<\/table>\n<p>&nbsp;<\/p>\n<table>\n<tbody>\n<tr>\n<td width=\"454\"><strong>S\u00e1bado 7: Patio<\/strong><\/td>\n<\/tr>\n<\/tbody>\n<\/table>\n<p>&nbsp;<\/p>\n<table>\n<tbody>\n<tr>\n<td width=\"94\">11:00<\/td>\n<td width=\"283\">Cierre de la Cumbre de los Pueblos<\/td>\n<td width=\"189\"><\/td>\n<\/tr>\n<tr>\n<td width=\"94\"><\/td>\n<td width=\"283\"><\/td>\n<td width=\"189\"><\/td>\n<\/tr>\n<tr>\n<td width=\"94\">13:00<\/td>\n<td width=\"283\">Acto art\u00edstico Tomo como Rey<\/td>\n<td width=\"189\"><\/td>\n<\/tr>\n<\/tbody>\n<\/table>\n<p>&nbsp;<\/p>\n<p style=\"font-weight: 400; text-align: center;\"><strong>\u00a1S\u00edguenos e inf\u00f3rmate a trav\u00e9s de nuestras redes!<\/strong><\/p>\n<p>&nbsp;<\/p>\n<p style=\"font-weight: 400;\"><strong>Web\u00a0\u00a0\u00a0\u00a0<\/strong>\u00a0 \u00a0 \u00a0 \u00a0 \u00a0\u00a0<a href=\"http:\/\/www.cumbredelospueblos2019.org\/\" data-saferedirecturl=\"https:\/\/www.google.com\/url?q=http:\/\/www.cumbredelospueblos2019.org\/&amp;source=gmail&amp;ust=1575234916116000&amp;usg=AFQjCNEdyTr2FHDNwrDAvdRCtQfNlIB3PA\">www.cumbredelospueblos2019.o<\/a>rg<\/p>\n<p style=\"font-weight: 400;\"><strong>Instagram<\/strong>\u00a0 \u00a0\u00a0<a href=\"http:\/\/www.instagram.com\/cumbredelospueblos.2019\" data-saferedirecturl=\"https:\/\/www.google.com\/url?q=http:\/\/www.instagram.com\/cumbredelospueblos.2019&amp;source=gmail&amp;ust=1575234916116000&amp;usg=AFQjCNEXZZOMLVL7tWfd3Mf-YLDuzr50rw\">@cumbredelospueblos.2019<\/a><\/p>\n<p style=\"font-weight: 400;\"><strong>Twitter\u00a0\u00a0\u00a0\u00a0 \u00a0 \u00a0\u00a0<\/strong><a href=\"http:\/\/www.twitter.com\/cumbrepueblos19\" data-saferedirecturl=\"https:\/\/www.google.com\/url?q=http:\/\/www.twitter.com\/cumbrepueblos19&amp;source=gmail&amp;ust=1575234916116000&amp;usg=AFQjCNFHldfs-QnTKQ9BWvQS5v1VPpz_Cw\">@cumbrepueblos19<\/a><\/p>\n<p style=\"font-weight: 400;\"><strong>\u00a0Facebook\u00a0\u00a0\u00a0\u00a0<\/strong><a href=\"http:\/\/www.facebook.com\/cumbrepueblos19\" data-saferedirecturl=\"https:\/\/www.google.com\/url?q=http:\/\/www.facebook.com\/cumbrepueblos19&amp;source=gmail&amp;ust=1575234916116000&amp;usg=AFQjCNE87pvF32J9jIY0jHPxOTkB9jYrXQ\">Cumbre de los Pueblos 2019<\/a><\/p>\n","protected":false},"excerpt":{"rendered":"<p>\u00a1LA CUMBRE DE LOS PUEBLOS VA! Tras la cancelaci\u00f3n del Foro APEC y la COP25 la Cumbre de los Pueblos, encuentro internacional del que son parte m\u00e1s de 200 organizaciones ambientalistas, ecol\u00f3gicas, espirituales, sociales y pol\u00edticas; decidi\u00f3 mantener su realizaci\u00f3n&hellip;<\/p>\n","protected":false},"author":43,"featured_media":985888,"comment_status":"closed","ping_status":"closed","sticky":false,"template":"","format":"standard","meta":{"footnotes":""},"categories":[149,78,81,54515,80,67],"tags":[44154,67691,29,2611,67689,22210],"class_list":["post-985877","post","type-post","status-publish","format-standard","has-post-thumbnail","hentry","category-comunicados-de-prensa","category-medio-ambiente-ecologia","category-economia-es","category-genero-y-feminismos","category-pueblos-originarios","category-sudamerica","tag-activismo-medioambiental","tag-cdlp","tag-chile","tag-cumbre-de-los-pueblos","tag-explosion-social-en-chile","tag-pueblos-originarios"],"yoast_head":"<!-- This site is optimized with the Yoast SEO plugin v27.1.1 - https:\/\/yoast.com\/product\/yoast-seo-wordpress\/ -->\n<title>Cumbre de los Pueblos: la contracumbre a la COP25, del 2 al 7 de diciembre en Santiago de Chile<\/title>\n<meta name=\"description\" content=\"\u00a1LA CUMBRE DE LOS PUEBLOS VA! Tras la cancelaci\u00f3n del Foro APEC y la COP25 la Cumbre de los Pueblos, encuentro internacional del que son parte m\u00e1s de 200\" \/>\n<meta name=\"robots\" content=\"index, follow, max-snippet:-1, max-image-preview:large, max-video-preview:-1\" \/>\n<link rel=\"canonical\" href=\"https:\/\/www.pressenza.com\/es\/2019\/12\/cumbre-de-los-pueblos-la-contracumbre-a-la-cop25-del-2-al-7-de-diciembre-en-santiago-de-chile\/\" \/>\n<meta property=\"og:locale\" content=\"es_ES\" \/>\n<meta property=\"og:type\" content=\"article\" \/>\n<meta property=\"og:title\" content=\"Cumbre de los Pueblos: la contracumbre a la COP25, del 2 al 7 de diciembre en Santiago de Chile\" \/>\n<meta property=\"og:description\" content=\"\u00a1LA CUMBRE DE LOS PUEBLOS VA! Tras la cancelaci\u00f3n del Foro APEC y la COP25 la Cumbre de los Pueblos, encuentro internacional del que son parte m\u00e1s de 200\" \/>\n<meta property=\"og:url\" content=\"https:\/\/www.pressenza.com\/es\/2019\/12\/cumbre-de-los-pueblos-la-contracumbre-a-la-cop25-del-2-al-7-de-diciembre-en-santiago-de-chile\/\" \/>\n<meta property=\"og:site_name\" content=\"Pressenza\" \/>\n<meta property=\"article:publisher\" content=\"https:\/\/www.facebook.com\/PressenzaItalia\" \/>\n<meta property=\"article:author\" content=\"https:\/\/www.facebook.com\/pressenza\" \/>\n<meta property=\"article:published_time\" content=\"2019-12-01T01:03:18+00:00\" \/>\n<meta property=\"article:modified_time\" content=\"2019-12-01T01:05:57+00:00\" \/>\n<meta property=\"og:image\" content=\"https:\/\/www.pressenza.com\/wp-content\/uploads\/2019\/12\/CdlP-2al7-dic_invitacion.jpg\" \/>\n\t<meta property=\"og:image:width\" content=\"983\" \/>\n\t<meta property=\"og:image:height\" content=\"590\" \/>\n\t<meta property=\"og:image:type\" content=\"image\/jpeg\" \/>\n<meta name=\"author\" content=\"Redacci\u00f3n Chile\" \/>\n<meta name=\"twitter:card\" content=\"summary_large_image\" \/>\n<meta name=\"twitter:creator\" content=\"@pressenza\" \/>\n<meta name=\"twitter:site\" content=\"@PressenzaIPA\" \/>\n<meta name=\"twitter:label1\" content=\"Escrito por\" \/>\n\t<meta name=\"twitter:data1\" content=\"Redacci\u00f3n Chile\" \/>\n\t<meta name=\"twitter:label2\" content=\"Tiempo de lectura\" \/>\n\t<meta name=\"twitter:data2\" content=\"2 minutos\" \/>\n<script type=\"application\/ld+json\" class=\"yoast-schema-graph\">{\"@context\":\"https:\/\/schema.org\",\"@graph\":[{\"@type\":\"Article\",\"@id\":\"https:\/\/www.pressenza.com\/es\/2019\/12\/cumbre-de-los-pueblos-la-contracumbre-a-la-cop25-del-2-al-7-de-diciembre-en-santiago-de-chile\/#article\",\"isPartOf\":{\"@id\":\"https:\/\/www.pressenza.com\/es\/2019\/12\/cumbre-de-los-pueblos-la-contracumbre-a-la-cop25-del-2-al-7-de-diciembre-en-santiago-de-chile\/\"},\"author\":{\"name\":\"Redacci\u00f3n Chile\",\"@id\":\"https:\/\/www.pressenza.com\/es\/#\/schema\/person\/d7db40df35d6698ba69ba9ee260944ed\"},\"headline\":\"Cumbre de los Pueblos: la contracumbre a la COP25, del 2 al 7 de diciembre en Santiago de Chile\",\"datePublished\":\"2019-12-01T01:03:18+00:00\",\"dateModified\":\"2019-12-01T01:05:57+00:00\",\"mainEntityOfPage\":{\"@id\":\"https:\/\/www.pressenza.com\/es\/2019\/12\/cumbre-de-los-pueblos-la-contracumbre-a-la-cop25-del-2-al-7-de-diciembre-en-santiago-de-chile\/\"},\"wordCount\":423,\"publisher\":{\"@id\":\"https:\/\/www.pressenza.com\/es\/#organization\"},\"image\":{\"@id\":\"https:\/\/www.pressenza.com\/es\/2019\/12\/cumbre-de-los-pueblos-la-contracumbre-a-la-cop25-del-2-al-7-de-diciembre-en-santiago-de-chile\/#primaryimage\"},\"thumbnailUrl\":\"https:\/\/www.pressenza.com\/wp-content\/uploads\/2019\/12\/CdlP-2al7-dic_invitacion.jpg\",\"keywords\":[\"activismo medioambiental\",\"CdlP\",\"Chile\",\"Cumbre de los Pueblos\",\"explosi\u00f3n social en Chile\",\"Pueblos Originarios\"],\"articleSection\":[\"Comunicados de Prensa\",\"Ecolog\u00eda y Medio Ambiente\",\"Econom\u00eda\",\"G\u00e9nero y Feminismos\",\"Pueblos Originarios\",\"Sudam\u00e9rica\"],\"inLanguage\":\"es\"},{\"@type\":\"WebPage\",\"@id\":\"https:\/\/www.pressenza.com\/es\/2019\/12\/cumbre-de-los-pueblos-la-contracumbre-a-la-cop25-del-2-al-7-de-diciembre-en-santiago-de-chile\/\",\"url\":\"https:\/\/www.pressenza.com\/es\/2019\/12\/cumbre-de-los-pueblos-la-contracumbre-a-la-cop25-del-2-al-7-de-diciembre-en-santiago-de-chile\/\",\"name\":\"Cumbre de los Pueblos: la contracumbre a la COP25, del 2 al 7 de diciembre en Santiago de Chile\",\"isPartOf\":{\"@id\":\"https:\/\/www.pressenza.com\/es\/#website\"},\"primaryImageOfPage\":{\"@id\":\"https:\/\/www.pressenza.com\/es\/2019\/12\/cumbre-de-los-pueblos-la-contracumbre-a-la-cop25-del-2-al-7-de-diciembre-en-santiago-de-chile\/#primaryimage\"},\"image\":{\"@id\":\"https:\/\/www.pressenza.com\/es\/2019\/12\/cumbre-de-los-pueblos-la-contracumbre-a-la-cop25-del-2-al-7-de-diciembre-en-santiago-de-chile\/#primaryimage\"},\"thumbnailUrl\":\"https:\/\/www.pressenza.com\/wp-content\/uploads\/2019\/12\/CdlP-2al7-dic_invitacion.jpg\",\"datePublished\":\"2019-12-01T01:03:18+00:00\",\"dateModified\":\"2019-12-01T01:05:57+00:00\",\"description\":\"\u00a1LA CUMBRE DE LOS PUEBLOS VA! Tras la cancelaci\u00f3n del Foro APEC y la COP25 la Cumbre de los Pueblos, encuentro internacional del que son parte m\u00e1s de 200\",\"breadcrumb\":{\"@id\":\"https:\/\/www.pressenza.com\/es\/2019\/12\/cumbre-de-los-pueblos-la-contracumbre-a-la-cop25-del-2-al-7-de-diciembre-en-santiago-de-chile\/#breadcrumb\"},\"inLanguage\":\"es\",\"potentialAction\":[{\"@type\":\"ReadAction\",\"target\":[\"https:\/\/www.pressenza.com\/es\/2019\/12\/cumbre-de-los-pueblos-la-contracumbre-a-la-cop25-del-2-al-7-de-diciembre-en-santiago-de-chile\/\"]}]},{\"@type\":\"ImageObject\",\"inLanguage\":\"es\",\"@id\":\"https:\/\/www.pressenza.com\/es\/2019\/12\/cumbre-de-los-pueblos-la-contracumbre-a-la-cop25-del-2-al-7-de-diciembre-en-santiago-de-chile\/#primaryimage\",\"url\":\"https:\/\/www.pressenza.com\/wp-content\/uploads\/2019\/12\/CdlP-2al7-dic_invitacion.jpg\",\"contentUrl\":\"https:\/\/www.pressenza.com\/wp-content\/uploads\/2019\/12\/CdlP-2al7-dic_invitacion.jpg\",\"width\":983,\"height\":590},{\"@type\":\"BreadcrumbList\",\"@id\":\"https:\/\/www.pressenza.com\/es\/2019\/12\/cumbre-de-los-pueblos-la-contracumbre-a-la-cop25-del-2-al-7-de-diciembre-en-santiago-de-chile\/#breadcrumb\",\"itemListElement\":[{\"@type\":\"ListItem\",\"position\":1,\"name\":\"Accueil\",\"item\":\"https:\/\/www.pressenza.com\/es\/\"},{\"@type\":\"ListItem\",\"position\":2,\"name\":\"Cumbre de los Pueblos: la contracumbre a la COP25, del 2 al 7 de diciembre en Santiago de Chile\"}]},{\"@type\":\"WebSite\",\"@id\":\"https:\/\/www.pressenza.com\/es\/#website\",\"url\":\"https:\/\/www.pressenza.com\/es\/\",\"name\":\"Pressenza\",\"description\":\"International Press Agency\",\"publisher\":{\"@id\":\"https:\/\/www.pressenza.com\/es\/#organization\"},\"potentialAction\":[{\"@type\":\"SearchAction\",\"target\":{\"@type\":\"EntryPoint\",\"urlTemplate\":\"https:\/\/www.pressenza.com\/es\/?s={search_term_string}\"},\"query-input\":{\"@type\":\"PropertyValueSpecification\",\"valueRequired\":true,\"valueName\":\"search_term_string\"}}],\"inLanguage\":\"es\"},{\"@type\":\"Organization\",\"@id\":\"https:\/\/www.pressenza.com\/es\/#organization\",\"name\":\"Pressenza\",\"url\":\"https:\/\/www.pressenza.com\/es\/\",\"logo\":{\"@type\":\"ImageObject\",\"inLanguage\":\"es\",\"@id\":\"https:\/\/www.pressenza.com\/es\/#\/schema\/logo\/image\/\",\"url\":\"https:\/\/www.pressenza.com\/wp-content\/uploads\/2022\/10\/pressenza_logo_200x200.jpg\",\"contentUrl\":\"https:\/\/www.pressenza.com\/wp-content\/uploads\/2022\/10\/pressenza_logo_200x200.jpg\",\"width\":200,\"height\":200,\"caption\":\"Pressenza\"},\"image\":{\"@id\":\"https:\/\/www.pressenza.com\/es\/#\/schema\/logo\/image\/\"},\"sameAs\":[\"https:\/\/www.facebook.com\/PressenzaItalia\",\"https:\/\/x.com\/PressenzaIPA\"]},{\"@type\":\"Person\",\"@id\":\"https:\/\/www.pressenza.com\/es\/#\/schema\/person\/d7db40df35d6698ba69ba9ee260944ed\",\"name\":\"Redacci\u00f3n Chile\",\"description\":\"News from the Pressenza Bureau in Chile\",\"sameAs\":[\"https:\/\/www.facebook.com\/pressenza\",\"https:\/\/x.com\/pressenza\"],\"url\":\"https:\/\/www.pressenza.com\/es\/author\/redaccion-chile\/\"}]}<\/script>\n<!-- \/ Yoast SEO plugin. -->","yoast_head_json":{"title":"Cumbre de los Pueblos: la contracumbre a la COP25, del 2 al 7 de diciembre en Santiago de Chile","description":"\u00a1LA CUMBRE DE LOS PUEBLOS VA! Tras la cancelaci\u00f3n del Foro APEC y la COP25 la Cumbre de los Pueblos, encuentro internacional del que son parte m\u00e1s de 200","robots":{"index":"index","follow":"follow","max-snippet":"max-snippet:-1","max-image-preview":"max-image-preview:large","max-video-preview":"max-video-preview:-1"},"canonical":"https:\/\/www.pressenza.com\/es\/2019\/12\/cumbre-de-los-pueblos-la-contracumbre-a-la-cop25-del-2-al-7-de-diciembre-en-santiago-de-chile\/","og_locale":"es_ES","og_type":"article","og_title":"Cumbre de los Pueblos: la contracumbre a la COP25, del 2 al 7 de diciembre en Santiago de Chile","og_description":"\u00a1LA CUMBRE DE LOS PUEBLOS VA! Tras la cancelaci\u00f3n del Foro APEC y la COP25 la Cumbre de los Pueblos, encuentro internacional del que son parte m\u00e1s de 200","og_url":"https:\/\/www.pressenza.com\/es\/2019\/12\/cumbre-de-los-pueblos-la-contracumbre-a-la-cop25-del-2-al-7-de-diciembre-en-santiago-de-chile\/","og_site_name":"Pressenza","article_publisher":"https:\/\/www.facebook.com\/PressenzaItalia","article_author":"https:\/\/www.facebook.com\/pressenza","article_published_time":"2019-12-01T01:03:18+00:00","article_modified_time":"2019-12-01T01:05:57+00:00","og_image":[{"width":983,"height":590,"url":"https:\/\/www.pressenza.com\/wp-content\/uploads\/2019\/12\/CdlP-2al7-dic_invitacion.jpg","type":"image\/jpeg"}],"author":"Redacci\u00f3n Chile","twitter_card":"summary_large_image","twitter_creator":"@pressenza","twitter_site":"@PressenzaIPA","twitter_misc":{"Escrito por":"Redacci\u00f3n Chile","Tiempo de lectura":"2 minutos"},"schema":{"@context":"https:\/\/schema.org","@graph":[{"@type":"Article","@id":"https:\/\/www.pressenza.com\/es\/2019\/12\/cumbre-de-los-pueblos-la-contracumbre-a-la-cop25-del-2-al-7-de-diciembre-en-santiago-de-chile\/#article","isPartOf":{"@id":"https:\/\/www.pressenza.com\/es\/2019\/12\/cumbre-de-los-pueblos-la-contracumbre-a-la-cop25-del-2-al-7-de-diciembre-en-santiago-de-chile\/"},"author":{"name":"Redacci\u00f3n Chile","@id":"https:\/\/www.pressenza.com\/es\/#\/schema\/person\/d7db40df35d6698ba69ba9ee260944ed"},"headline":"Cumbre de los Pueblos: la contracumbre a la COP25, del 2 al 7 de diciembre en Santiago de Chile","datePublished":"2019-12-01T01:03:18+00:00","dateModified":"2019-12-01T01:05:57+00:00","mainEntityOfPage":{"@id":"https:\/\/www.pressenza.com\/es\/2019\/12\/cumbre-de-los-pueblos-la-contracumbre-a-la-cop25-del-2-al-7-de-diciembre-en-santiago-de-chile\/"},"wordCount":423,"publisher":{"@id":"https:\/\/www.pressenza.com\/es\/#organization"},"image":{"@id":"https:\/\/www.pressenza.com\/es\/2019\/12\/cumbre-de-los-pueblos-la-contracumbre-a-la-cop25-del-2-al-7-de-diciembre-en-santiago-de-chile\/#primaryimage"},"thumbnailUrl":"https:\/\/www.pressenza.com\/wp-content\/uploads\/2019\/12\/CdlP-2al7-dic_invitacion.jpg","keywords":["activismo medioambiental","CdlP","Chile","Cumbre de los Pueblos","explosi\u00f3n social en Chile","Pueblos Originarios"],"articleSection":["Comunicados de Prensa","Ecolog\u00eda y Medio Ambiente","Econom\u00eda","G\u00e9nero y Feminismos","Pueblos Originarios","Sudam\u00e9rica"],"inLanguage":"es"},{"@type":"WebPage","@id":"https:\/\/www.pressenza.com\/es\/2019\/12\/cumbre-de-los-pueblos-la-contracumbre-a-la-cop25-del-2-al-7-de-diciembre-en-santiago-de-chile\/","url":"https:\/\/www.pressenza.com\/es\/2019\/12\/cumbre-de-los-pueblos-la-contracumbre-a-la-cop25-del-2-al-7-de-diciembre-en-santiago-de-chile\/","name":"Cumbre de los Pueblos: la contracumbre a la COP25, del 2 al 7 de diciembre en Santiago de Chile","isPartOf":{"@id":"https:\/\/www.pressenza.com\/es\/#website"},"primaryImageOfPage":{"@id":"https:\/\/www.pressenza.com\/es\/2019\/12\/cumbre-de-los-pueblos-la-contracumbre-a-la-cop25-del-2-al-7-de-diciembre-en-santiago-de-chile\/#primaryimage"},"image":{"@id":"https:\/\/www.pressenza.com\/es\/2019\/12\/cumbre-de-los-pueblos-la-contracumbre-a-la-cop25-del-2-al-7-de-diciembre-en-santiago-de-chile\/#primaryimage"},"thumbnailUrl":"https:\/\/www.pressenza.com\/wp-content\/uploads\/2019\/12\/CdlP-2al7-dic_invitacion.jpg","datePublished":"2019-12-01T01:03:18+00:00","dateModified":"2019-12-01T01:05:57+00:00","description":"\u00a1LA CUMBRE DE LOS PUEBLOS VA! Tras la cancelaci\u00f3n del Foro APEC y la COP25 la Cumbre de los Pueblos, encuentro internacional del que son parte m\u00e1s de 200","breadcrumb":{"@id":"https:\/\/www.pressenza.com\/es\/2019\/12\/cumbre-de-los-pueblos-la-contracumbre-a-la-cop25-del-2-al-7-de-diciembre-en-santiago-de-chile\/#breadcrumb"},"inLanguage":"es","potentialAction":[{"@type":"ReadAction","target":["https:\/\/www.pressenza.com\/es\/2019\/12\/cumbre-de-los-pueblos-la-contracumbre-a-la-cop25-del-2-al-7-de-diciembre-en-santiago-de-chile\/"]}]},{"@type":"ImageObject","inLanguage":"es","@id":"https:\/\/www.pressenza.com\/es\/2019\/12\/cumbre-de-los-pueblos-la-contracumbre-a-la-cop25-del-2-al-7-de-diciembre-en-santiago-de-chile\/#primaryimage","url":"https:\/\/www.pressenza.com\/wp-content\/uploads\/2019\/12\/CdlP-2al7-dic_invitacion.jpg","contentUrl":"https:\/\/www.pressenza.com\/wp-content\/uploads\/2019\/12\/CdlP-2al7-dic_invitacion.jpg","width":983,"height":590},{"@type":"BreadcrumbList","@id":"https:\/\/www.pressenza.com\/es\/2019\/12\/cumbre-de-los-pueblos-la-contracumbre-a-la-cop25-del-2-al-7-de-diciembre-en-santiago-de-chile\/#breadcrumb","itemListElement":[{"@type":"ListItem","position":1,"name":"Accueil","item":"https:\/\/www.pressenza.com\/es\/"},{"@type":"ListItem","position":2,"name":"Cumbre de los Pueblos: la contracumbre a la COP25, del 2 al 7 de diciembre en Santiago de Chile"}]},{"@type":"WebSite","@id":"https:\/\/www.pressenza.com\/es\/#website","url":"https:\/\/www.pressenza.com\/es\/","name":"Pressenza","description":"International Press Agency","publisher":{"@id":"https:\/\/www.pressenza.com\/es\/#organization"},"potentialAction":[{"@type":"SearchAction","target":{"@type":"EntryPoint","urlTemplate":"https:\/\/www.pressenza.com\/es\/?s={search_term_string}"},"query-input":{"@type":"PropertyValueSpecification","valueRequired":true,"valueName":"search_term_string"}}],"inLanguage":"es"},{"@type":"Organization","@id":"https:\/\/www.pressenza.com\/es\/#organization","name":"Pressenza","url":"https:\/\/www.pressenza.com\/es\/","logo":{"@type":"ImageObject","inLanguage":"es","@id":"https:\/\/www.pressenza.com\/es\/#\/schema\/logo\/image\/","url":"https:\/\/www.pressenza.com\/wp-content\/uploads\/2022\/10\/pressenza_logo_200x200.jpg","contentUrl":"https:\/\/www.pressenza.com\/wp-content\/uploads\/2022\/10\/pressenza_logo_200x200.jpg","width":200,"height":200,"caption":"Pressenza"},"image":{"@id":"https:\/\/www.pressenza.com\/es\/#\/schema\/logo\/image\/"},"sameAs":["https:\/\/www.facebook.com\/PressenzaItalia","https:\/\/x.com\/PressenzaIPA"]},{"@type":"Person","@id":"https:\/\/www.pressenza.com\/es\/#\/schema\/person\/d7db40df35d6698ba69ba9ee260944ed","name":"Redacci\u00f3n Chile","description":"News from the Pressenza Bureau in Chile","sameAs":["https:\/\/www.facebook.com\/pressenza","https:\/\/x.com\/pressenza"],"url":"https:\/\/www.pressenza.com\/es\/author\/redaccion-chile\/"}]}},"place":"Santiago de Chile","original_article_url":"","_links":{"self":[{"href":"https:\/\/www.pressenza.com\/es\/wp-json\/wp\/v2\/posts\/985877","targetHints":{"allow":["GET"]}}],"collection":[{"href":"https:\/\/www.pressenza.com\/es\/wp-json\/wp\/v2\/posts"}],"about":[{"href":"https:\/\/www.pressenza.com\/es\/wp-json\/wp\/v2\/types\/post"}],"author":[{"embeddable":true,"href":"https:\/\/www.pressenza.com\/es\/wp-json\/wp\/v2\/users\/43"}],"replies":[{"embeddable":true,"href":"https:\/\/www.pressenza.com\/es\/wp-json\/wp\/v2\/comments?post=985877"}],"version-history":[{"count":0,"href":"https:\/\/www.pressenza.com\/es\/wp-json\/wp\/v2\/posts\/985877\/revisions"}],"wp:featuredmedia":[{"embeddable":true,"href":"https:\/\/www.pressenza.com\/es\/wp-json\/wp\/v2\/media\/985888"}],"wp:attachment":[{"href":"https:\/\/www.pressenza.com\/es\/wp-json\/wp\/v2\/media?parent=985877"}],"wp:term":[{"taxonomy":"category","embeddable":true,"href":"https:\/\/www.pressenza.com\/es\/wp-json\/wp\/v2\/categories?post=985877"},{"taxonomy":"post_tag","embeddable":true,"href":"https:\/\/www.pressenza.com\/es\/wp-json\/wp\/v2\/tags?post=985877"}],"curies":[{"name":"wp","href":"https:\/\/api.w.org\/{rel}","templated":true}]}}