{"id":983585,"date":"2019-11-28T14:20:35","date_gmt":"2019-11-28T14:20:35","guid":{"rendered":"https:\/\/www.pressenza.com\/?p=983585"},"modified":"2019-11-28T14:20:35","modified_gmt":"2019-11-28T14:20:35","slug":"fracking-en-el-reino-unido-el-accionar-de-la-policia-amenaza-el-derecho-a-la-protesta","status":"publish","type":"post","link":"https:\/\/www.pressenza.com\/es\/2019\/11\/fracking-en-el-reino-unido-el-accionar-de-la-policia-amenaza-el-derecho-a-la-protesta\/","title":{"rendered":"Fracking en el Reino Unido: el accionar de la polic\u00eda amenaza el derecho a la protesta"},"content":{"rendered":"<p><em>Por<strong> Will Jackson, Liverpool John Moores University para The Conversation<br \/>\n<\/strong>Traducci\u00f3n de Mauro Haddad<\/em><\/p>\n<p><strong>El gobierno del Reino Unido anunci\u00f3 de forma inmediata un cese temporario al fracking. La decisi\u00f3n fue tomada luego de que nuevos an\u00e1lisis cient\u00edficos concluyeran que no es posible \u201cdescartar que en el futuro haya impactos medioambientales perjudiciales\u201d.<\/strong><\/p>\n<p>Quienes se oponen al pol\u00e9mico proceso de extracci\u00f3n de <em>gas shale<\/em> sostienen desde hace tiempo que el proceso es inherentemente riesgoso. Desde que en el 2011 comenzaron las perforaciones de exploraci\u00f3n en el Reino Unido, los activistas han alertado sobre riesgos de inestabilidad s\u00edsmica, da\u00f1os al medioambiente y a la salud, as\u00ed como sobre las implicancias que puede generar la explotaci\u00f3n de nuevas reservas de combustible f\u00f3sil en el marco de una emergencia clim\u00e1tica mundial.<\/p>\n<p>En los \u00faltimos a\u00f1os, la fuerza de esta oposici\u00f3n signific\u00f3 la aparici\u00f3n de importantes conflictos. Desde el primer bloqueo comunitario en Balcombe, West Sussex, en el verano del 2013, las maniobras de perforaci\u00f3n han sido el objetivo de enormes protestas a lo largo de Inglaterra. La importancia y la repercusi\u00f3n de estas protestas hizo que fueran objeto de costosas y enormes operaciones de la polic\u00eda, que resultaron en cientos de detenidos y quejas acerca del accionar de esta fuerza. Ahora, nuevas investigaciones hechas por m\u00ed y por otros colegas sugieren que estas protestas, que pretenden ser algo m\u00e1s que s\u00f3lo muestras de oposici\u00f3n simb\u00f3licas, est\u00e1n siendo vigiladas como si realmente constituyeran un peligro real.<\/p>\n<p><strong>Violencia, agresi\u00f3n e intimidaciones<\/strong><\/p>\n<p>Desde el a\u00f1o 2013 analizo el desarrollo de las pol\u00edticas y las pr\u00e1cticas policiales en relaci\u00f3n al fracking como miembro de un equipo de investigadores que estudia la manera en la que act\u00faa la polic\u00eda durante las protestas. Nuestro primer caso de estudio fue el bloqueo en Barton Moss (Salford, Gran Manchester). All\u00ed identificamos serios problemas derivados de la naturaleza del accionar policial, que somet\u00eda a los manifestantes a distintas formas diarias de violencia. A partir de ese momento hemos visitado distintos focos de protesta a lo largo de Inglaterra (Lancashire, Yorkshire, Sussex, Surrey) y en cada uno de esos lugares observamos las protestas y las formas en las que actuaba la polic\u00eda. Hicimos entrevistas detalladas a los manifestantes y acabamos de publicar un an\u00e1lisis transversal basado en nuestras investigaciones.<\/p>\n<p>Nuestro trabajo hace pensar en las preocupaciones que ten\u00edamos en relaci\u00f3n a lo ocurrido en Barton Moss y se pregunta hasta qu\u00e9 punto la polic\u00eda aprendi\u00f3 las lecciones de operaciones previas. Los manifestantes afirmaron que experimentaron violencia, agresi\u00f3n e intimidaciones por parte de oficiales de la polic\u00eda en distintas protestas anti-fracking a lo largo del pa\u00eds.<\/p>\n<div id=\"attachment_983645\" class=\"wp-caption alignnone\"><img loading=\"lazy\" decoding=\"async\" aria-describedby=\"caption-attachment-983645\" class=\"size-large wp-image-983645\" src=\"https:\/\/www.pressenza.com\/wp-content\/uploads\/2019\/11\/UK-fracking3-captura-de-video-720x405.jpg\" alt=\"\" width=\"720\" height=\"405\" srcset=\"https:\/\/www.pressenza.com\/wp-content\/uploads\/2019\/11\/UK-fracking3-captura-de-video-720x405.jpg 720w, https:\/\/www.pressenza.com\/wp-content\/uploads\/2019\/11\/UK-fracking3-captura-de-video-300x169.jpg 300w, https:\/\/www.pressenza.com\/wp-content\/uploads\/2019\/11\/UK-fracking3-captura-de-video-768x432.jpg 768w, https:\/\/www.pressenza.com\/wp-content\/uploads\/2019\/11\/UK-fracking3-captura-de-video-750x422.jpg 750w, https:\/\/www.pressenza.com\/wp-content\/uploads\/2019\/11\/UK-fracking3-captura-de-video.jpg 1024w\" sizes=\"auto, (max-width: 720px) 100vw, 720px\" \/><p id=\"caption-attachment-983645\" class=\"wp-caption-text\">La importancia y la repercusi\u00f3n de estas protestas hizo que fueran objeto de costosas y enormes operaciones de la polic\u00eda. Foto: captura de video<\/p><\/div>\n<p>Esto fue m\u00e1s com\u00fan durante las jornadas de protesta m\u00e1s extendidas e intensas en las que los manifestantes apelaron a formas de acci\u00f3n directa que buscaban interrumpir los procesos de extracci\u00f3n. Hubo lentas marchas y cortes de camino para retrasar entregas, hubo bloqueos en los que los manifestantes se encadenaron juntos para impedir el ingreso a \u00e1reas de perforaci\u00f3n y hubo ocasiones en las que los manifestantes se subieron encima de los camiones para dar discursos e impedir que estos se movieran.<\/p>\n<p>A modo de respuesta, la polic\u00eda se concentr\u00f3 en impedir o limitar estas interrupciones. En muchos casos esto signific\u00f3 intervenciones muy violentas con el objetivo de desalojar a los manifestantes o impedirles el acceso a determinadas \u00e1reas. Hemos hablado con personas que aseguran haber sido empujadas, zamarreadas y tiradas al suelo (m\u00e1s de una vez) de maneras que, seg\u00fan ellos, estaban m\u00e1s cerca de ser innecesarios actos de violencia antes que respuestas a una amenaza.<\/p>\n<p>Estas respuestas tambi\u00e9n fueron se\u00f1aladas por otros observadores. Keith Taylor, Miembro del Parlamento Europeo, reclam\u00f3 que se revisen los protocolos de procedimiento de la polic\u00eda en las protestas anti-fracking. Adem\u00e1s, tambi\u00e9n hubo mujeres que acusaron a la polic\u00eda de haberlas manoseado y maltratado de formas que las hicieron sentir atemorizadas y ultrajadas.<\/p>\n<p>Los manifestantes aseguraron que la cantidad de polic\u00eda y sus maneras de responder fueron excesivas, y muchos nos contaron que sintieron que todo eso era un ataque a su derecho de protesta. Como consecuencia, se hizo m\u00e1s profunda la desconfianza entre los manifestantes y la polic\u00eda.<\/p>\n<p>La conclusi\u00f3n de nuestro informe es que, desde el 2016, las respuestas de la polic\u00eda a las formas de protesta no violentas (pac\u00edficas, aunque perjudiciales para las empresas) han sido desproporcionadas. Asimismo, coincidimos con los manifestantes en que el objetivo de este accionar es el de socavar el derecho a la protesta.<\/p>\n<p>Nuestro informe pormenoriza las definiciones de \u201cmanifestante\u201d, \u201cactivista\u201d y \u201cextremista\u201d, hechas por la polic\u00eda, que fueron desarrolladas para orientar su accionar. Creemos que estas definiciones, que construyen una idea del activismo asociada a la criminalidad, son incorrectas, pero parecen delatar el accionar de la polic\u00eda en el territorio: parecer\u00eda que en las pr\u00e1cticas y pol\u00edticas policiales hay una visi\u00f3n, cada vez m\u00e1s clara, que s\u00f3lo considera leg\u00edtimas a las formas de protesta que no interrumpen los procesos de extracci\u00f3n.<\/p>\n<p>Tambi\u00e9n constatamos el efecto tranquilizador que tienen las \u00f3rdenes judiciales, que las compa\u00f1\u00edas de fracking buscan en el Tribunal Supremo de Justicia para prohibir las diversas actividades de protesta en curso. Al contemplar estas dos cuestiones en conjunto, nuestra investigaci\u00f3n se liga con comentarios hechos por otros observadores acerca de la criminalizaci\u00f3n de la protesta no violenta en el Reino Unido.<\/p>\n<div id=\"attachment_983633\" class=\"wp-caption alignnone\"><img loading=\"lazy\" decoding=\"async\" aria-describedby=\"caption-attachment-983633\" class=\"size-large wp-image-983633\" src=\"https:\/\/www.pressenza.com\/wp-content\/uploads\/2019\/11\/UK-fracking-captura-de-video-1-720x405.jpg\" alt=\"\" width=\"720\" height=\"405\" srcset=\"https:\/\/www.pressenza.com\/wp-content\/uploads\/2019\/11\/UK-fracking-captura-de-video-1-720x405.jpg 720w, https:\/\/www.pressenza.com\/wp-content\/uploads\/2019\/11\/UK-fracking-captura-de-video-1-300x169.jpg 300w, https:\/\/www.pressenza.com\/wp-content\/uploads\/2019\/11\/UK-fracking-captura-de-video-1-768x432.jpg 768w, https:\/\/www.pressenza.com\/wp-content\/uploads\/2019\/11\/UK-fracking-captura-de-video-1-750x422.jpg 750w, https:\/\/www.pressenza.com\/wp-content\/uploads\/2019\/11\/UK-fracking-captura-de-video-1.jpg 1024w\" sizes=\"auto, (max-width: 720px) 100vw, 720px\" \/><p id=\"caption-attachment-983633\" class=\"wp-caption-text\">Quienes se oponen al pol\u00e9mico proceso de extracci\u00f3n de gas shale sostienen desde hace tiempo que el proceso es inherentemente riesgoso. Foto: captura de video<\/p><\/div>\n<p><strong>\u00bfExtremistas nacionales? Nada de eso<\/strong><\/p>\n<p>Entrevistamos a diversos sectores de manifestantes para entender qui\u00e9nes est\u00e1n involucrados en las protestas anti-fracking. Quer\u00edamos, en parte, examinar de forma cr\u00edtica esta manera autom\u00e1tica de etiquetar a aquellos a quienes se considera \u201cextremistas nacionales\u201d, hecha por la polic\u00eda. Esta etiqueta, a nuestro modo de ver, no representa ni a quienes protestan ni lo que los motiva. El Relator Especial de las Naciones Unidas, por otro lado, tambi\u00e9n expres\u00f3 sus preocupaciones al respecto.<\/p>\n<p>En efecto, muchas de las personas con quienes hablamos se sumaban a las manifestaciones por primera vez y las ve\u00edan como un \u00faltimo recurso, la \u00fanica opci\u00f3n disponible luego de que otras formas de oposici\u00f3n hubieran sido clausuradas. Tambi\u00e9n conversamos con muchos activistas experimentados que viajaron hasta los lugares de protesta, pero una vez m\u00e1s la etiqueta de \u201cextremistas nacionales\u201d erraba al representar sus motivaciones y creaba una divisi\u00f3n falsa entre residentes locales y un movimiento anti-fracking que es m\u00e1s amplio. Nos dimos cuenta de que hab\u00eda participantes de diferentes edades, niveles de experiencia y bagajes pol\u00edticos que se un\u00edan gracias a su preocupaci\u00f3n por los impactos locales del fracking y por la emergencia clim\u00e1tica planetaria.<\/p>\n<p>El Consejo de Jefes de la Polic\u00eda Nacional llev\u00f3 a cabo, hace poco tiempo, una consulta popular acerca de c\u00f3mo deber\u00edan controlarse las protestas. Organizaciones como la Red de Control Policial (la Network for Police Monitoring) est\u00e1n listas para reclamar la revisi\u00f3n de esa consulta, y nuestra investigaci\u00f3n propone que las voces de todo el arco de manifestantes deben tenerse en cuenta muy seriamente.<\/p>\n<p>En la medida en que las manifestaciones por el cambio clim\u00e1tico crecen en este pa\u00eds, debemos pensar con mucha seriedad cu\u00e1les son los medios a trav\u00e9s de los cuales las comunidades pueden desarrollar sus protestas.<\/p>\n","protected":false},"excerpt":{"rendered":"<p>Por Will Jackson, Liverpool John Moores University para The Conversation Traducci\u00f3n de Mauro Haddad El gobierno del Reino Unido anunci\u00f3 de forma inmediata un cese temporario al fracking. La decisi\u00f3n fue tomada luego de que nuevos an\u00e1lisis cient\u00edficos concluyeran que&hellip;<\/p>\n","protected":false},"author":1013,"featured_media":983624,"comment_status":"closed","ping_status":"closed","sticky":false,"template":"","format":"standard","meta":{"footnotes":""},"categories":[78,66],"tags":[1265,15318,16058,26018,1793],"class_list":["post-983585","post","type-post","status-publish","format-standard","has-post-thumbnail","hentry","category-medio-ambiente-ecologia","category-europa-es","tag-cambio-climatico","tag-fracking-es","tag-policia-es","tag-protestas","tag-reino-unido"],"yoast_head":"<!-- This site is optimized with the Yoast SEO plugin v27.1.1 - https:\/\/yoast.com\/product\/yoast-seo-wordpress\/ -->\n<title>Fracking en el Reino Unido: el accionar de la polic\u00eda amenaza el derecho a la protesta<\/title>\n<meta name=\"description\" content=\"Por Will Jackson, Liverpool John Moores University para The Conversation Traducci\u00f3n de Mauro Haddad El gobierno del Reino Unido anunci\u00f3 de forma inmediata\" \/>\n<meta name=\"robots\" content=\"index, follow, max-snippet:-1, max-image-preview:large, max-video-preview:-1\" \/>\n<link rel=\"canonical\" href=\"https:\/\/www.pressenza.com\/es\/2019\/11\/fracking-en-el-reino-unido-el-accionar-de-la-policia-amenaza-el-derecho-a-la-protesta\/\" \/>\n<meta property=\"og:locale\" content=\"es_ES\" \/>\n<meta property=\"og:type\" content=\"article\" \/>\n<meta property=\"og:title\" content=\"Fracking en el Reino Unido: el accionar de la polic\u00eda amenaza el derecho a la protesta\" \/>\n<meta property=\"og:description\" content=\"Por Will Jackson, Liverpool John Moores University para The Conversation Traducci\u00f3n de Mauro Haddad El gobierno del Reino Unido anunci\u00f3 de forma inmediata\" \/>\n<meta property=\"og:url\" content=\"https:\/\/www.pressenza.com\/es\/2019\/11\/fracking-en-el-reino-unido-el-accionar-de-la-policia-amenaza-el-derecho-a-la-protesta\/\" \/>\n<meta property=\"og:site_name\" content=\"Pressenza\" \/>\n<meta property=\"article:publisher\" content=\"https:\/\/www.facebook.com\/PressenzaItalia\" \/>\n<meta property=\"article:author\" content=\"https:\/\/www.facebook.com\/PressenzaEnglish\/\" \/>\n<meta property=\"article:published_time\" content=\"2019-11-28T14:20:35+00:00\" \/>\n<meta property=\"og:image\" content=\"https:\/\/www.pressenza.com\/wp-content\/uploads\/2019\/11\/UK-fracking2-captura-de-video.jpg\" \/>\n\t<meta property=\"og:image:width\" content=\"1024\" \/>\n\t<meta property=\"og:image:height\" content=\"573\" \/>\n\t<meta property=\"og:image:type\" content=\"image\/jpeg\" \/>\n<meta name=\"author\" content=\"Pressenza London\" \/>\n<meta name=\"twitter:card\" content=\"summary_large_image\" \/>\n<meta name=\"twitter:creator\" content=\"@PressenzaIPA\" \/>\n<meta name=\"twitter:site\" content=\"@PressenzaIPA\" \/>\n<meta name=\"twitter:label1\" content=\"Escrito por\" \/>\n\t<meta name=\"twitter:data1\" content=\"Pressenza London\" \/>\n\t<meta name=\"twitter:label2\" content=\"Tiempo de lectura\" \/>\n\t<meta name=\"twitter:data2\" content=\"7 minutos\" \/>\n<script type=\"application\/ld+json\" class=\"yoast-schema-graph\">{\"@context\":\"https:\/\/schema.org\",\"@graph\":[{\"@type\":\"Article\",\"@id\":\"https:\/\/www.pressenza.com\/es\/2019\/11\/fracking-en-el-reino-unido-el-accionar-de-la-policia-amenaza-el-derecho-a-la-protesta\/#article\",\"isPartOf\":{\"@id\":\"https:\/\/www.pressenza.com\/es\/2019\/11\/fracking-en-el-reino-unido-el-accionar-de-la-policia-amenaza-el-derecho-a-la-protesta\/\"},\"author\":{\"name\":\"Pressenza London\",\"@id\":\"https:\/\/www.pressenza.com\/es\/#\/schema\/person\/17c976cc856ec7e8e3f8cdd1a45eb1b0\"},\"headline\":\"Fracking en el Reino Unido: el accionar de la polic\u00eda amenaza el derecho a la protesta\",\"datePublished\":\"2019-11-28T14:20:35+00:00\",\"mainEntityOfPage\":{\"@id\":\"https:\/\/www.pressenza.com\/es\/2019\/11\/fracking-en-el-reino-unido-el-accionar-de-la-policia-amenaza-el-derecho-a-la-protesta\/\"},\"wordCount\":1355,\"publisher\":{\"@id\":\"https:\/\/www.pressenza.com\/es\/#organization\"},\"image\":{\"@id\":\"https:\/\/www.pressenza.com\/es\/2019\/11\/fracking-en-el-reino-unido-el-accionar-de-la-policia-amenaza-el-derecho-a-la-protesta\/#primaryimage\"},\"thumbnailUrl\":\"https:\/\/www.pressenza.com\/wp-content\/uploads\/2019\/11\/UK-fracking2-captura-de-video.jpg\",\"keywords\":[\"cambio clim\u00e1tico\",\"Fracking\",\"policia\",\"protestas\",\"Reino Unido\"],\"articleSection\":[\"Ecolog\u00eda y Medio Ambiente\",\"Europa\"],\"inLanguage\":\"es\"},{\"@type\":\"WebPage\",\"@id\":\"https:\/\/www.pressenza.com\/es\/2019\/11\/fracking-en-el-reino-unido-el-accionar-de-la-policia-amenaza-el-derecho-a-la-protesta\/\",\"url\":\"https:\/\/www.pressenza.com\/es\/2019\/11\/fracking-en-el-reino-unido-el-accionar-de-la-policia-amenaza-el-derecho-a-la-protesta\/\",\"name\":\"Fracking en el Reino Unido: el accionar de la polic\u00eda amenaza el derecho a la protesta\",\"isPartOf\":{\"@id\":\"https:\/\/www.pressenza.com\/es\/#website\"},\"primaryImageOfPage\":{\"@id\":\"https:\/\/www.pressenza.com\/es\/2019\/11\/fracking-en-el-reino-unido-el-accionar-de-la-policia-amenaza-el-derecho-a-la-protesta\/#primaryimage\"},\"image\":{\"@id\":\"https:\/\/www.pressenza.com\/es\/2019\/11\/fracking-en-el-reino-unido-el-accionar-de-la-policia-amenaza-el-derecho-a-la-protesta\/#primaryimage\"},\"thumbnailUrl\":\"https:\/\/www.pressenza.com\/wp-content\/uploads\/2019\/11\/UK-fracking2-captura-de-video.jpg\",\"datePublished\":\"2019-11-28T14:20:35+00:00\",\"description\":\"Por Will Jackson, Liverpool John Moores University para The Conversation Traducci\u00f3n de Mauro Haddad El gobierno del Reino Unido anunci\u00f3 de forma inmediata\",\"breadcrumb\":{\"@id\":\"https:\/\/www.pressenza.com\/es\/2019\/11\/fracking-en-el-reino-unido-el-accionar-de-la-policia-amenaza-el-derecho-a-la-protesta\/#breadcrumb\"},\"inLanguage\":\"es\",\"potentialAction\":[{\"@type\":\"ReadAction\",\"target\":[\"https:\/\/www.pressenza.com\/es\/2019\/11\/fracking-en-el-reino-unido-el-accionar-de-la-policia-amenaza-el-derecho-a-la-protesta\/\"]}]},{\"@type\":\"ImageObject\",\"inLanguage\":\"es\",\"@id\":\"https:\/\/www.pressenza.com\/es\/2019\/11\/fracking-en-el-reino-unido-el-accionar-de-la-policia-amenaza-el-derecho-a-la-protesta\/#primaryimage\",\"url\":\"https:\/\/www.pressenza.com\/wp-content\/uploads\/2019\/11\/UK-fracking2-captura-de-video.jpg\",\"contentUrl\":\"https:\/\/www.pressenza.com\/wp-content\/uploads\/2019\/11\/UK-fracking2-captura-de-video.jpg\",\"width\":1024,\"height\":573},{\"@type\":\"BreadcrumbList\",\"@id\":\"https:\/\/www.pressenza.com\/es\/2019\/11\/fracking-en-el-reino-unido-el-accionar-de-la-policia-amenaza-el-derecho-a-la-protesta\/#breadcrumb\",\"itemListElement\":[{\"@type\":\"ListItem\",\"position\":1,\"name\":\"Accueil\",\"item\":\"https:\/\/www.pressenza.com\/es\/\"},{\"@type\":\"ListItem\",\"position\":2,\"name\":\"Fracking en el Reino Unido: el accionar de la polic\u00eda amenaza el derecho a la protesta\"}]},{\"@type\":\"WebSite\",\"@id\":\"https:\/\/www.pressenza.com\/es\/#website\",\"url\":\"https:\/\/www.pressenza.com\/es\/\",\"name\":\"Pressenza\",\"description\":\"International Press Agency\",\"publisher\":{\"@id\":\"https:\/\/www.pressenza.com\/es\/#organization\"},\"potentialAction\":[{\"@type\":\"SearchAction\",\"target\":{\"@type\":\"EntryPoint\",\"urlTemplate\":\"https:\/\/www.pressenza.com\/es\/?s={search_term_string}\"},\"query-input\":{\"@type\":\"PropertyValueSpecification\",\"valueRequired\":true,\"valueName\":\"search_term_string\"}}],\"inLanguage\":\"es\"},{\"@type\":\"Organization\",\"@id\":\"https:\/\/www.pressenza.com\/es\/#organization\",\"name\":\"Pressenza\",\"url\":\"https:\/\/www.pressenza.com\/es\/\",\"logo\":{\"@type\":\"ImageObject\",\"inLanguage\":\"es\",\"@id\":\"https:\/\/www.pressenza.com\/es\/#\/schema\/logo\/image\/\",\"url\":\"https:\/\/www.pressenza.com\/wp-content\/uploads\/2022\/10\/pressenza_logo_200x200.jpg\",\"contentUrl\":\"https:\/\/www.pressenza.com\/wp-content\/uploads\/2022\/10\/pressenza_logo_200x200.jpg\",\"width\":200,\"height\":200,\"caption\":\"Pressenza\"},\"image\":{\"@id\":\"https:\/\/www.pressenza.com\/es\/#\/schema\/logo\/image\/\"},\"sameAs\":[\"https:\/\/www.facebook.com\/PressenzaItalia\",\"https:\/\/x.com\/PressenzaIPA\"]},{\"@type\":\"Person\",\"@id\":\"https:\/\/www.pressenza.com\/es\/#\/schema\/person\/17c976cc856ec7e8e3f8cdd1a45eb1b0\",\"name\":\"Pressenza London\",\"description\":\"News published by the Pressenza Bureau in London, United Kingdom\",\"sameAs\":[\"https:\/\/www.facebook.com\/PressenzaEnglish\/\",\"https:\/\/x.com\/PressenzaIPA\"],\"url\":\"https:\/\/www.pressenza.com\/es\/author\/pressenza-london\/\"}]}<\/script>\n<!-- \/ Yoast SEO plugin. -->","yoast_head_json":{"title":"Fracking en el Reino Unido: el accionar de la polic\u00eda amenaza el derecho a la protesta","description":"Por Will Jackson, Liverpool John Moores University para The Conversation Traducci\u00f3n de Mauro Haddad El gobierno del Reino Unido anunci\u00f3 de forma inmediata","robots":{"index":"index","follow":"follow","max-snippet":"max-snippet:-1","max-image-preview":"max-image-preview:large","max-video-preview":"max-video-preview:-1"},"canonical":"https:\/\/www.pressenza.com\/es\/2019\/11\/fracking-en-el-reino-unido-el-accionar-de-la-policia-amenaza-el-derecho-a-la-protesta\/","og_locale":"es_ES","og_type":"article","og_title":"Fracking en el Reino Unido: el accionar de la polic\u00eda amenaza el derecho a la protesta","og_description":"Por Will Jackson, Liverpool John Moores University para The Conversation Traducci\u00f3n de Mauro Haddad El gobierno del Reino Unido anunci\u00f3 de forma inmediata","og_url":"https:\/\/www.pressenza.com\/es\/2019\/11\/fracking-en-el-reino-unido-el-accionar-de-la-policia-amenaza-el-derecho-a-la-protesta\/","og_site_name":"Pressenza","article_publisher":"https:\/\/www.facebook.com\/PressenzaItalia","article_author":"https:\/\/www.facebook.com\/PressenzaEnglish\/","article_published_time":"2019-11-28T14:20:35+00:00","og_image":[{"width":1024,"height":573,"url":"https:\/\/www.pressenza.com\/wp-content\/uploads\/2019\/11\/UK-fracking2-captura-de-video.jpg","type":"image\/jpeg"}],"author":"Pressenza London","twitter_card":"summary_large_image","twitter_creator":"@PressenzaIPA","twitter_site":"@PressenzaIPA","twitter_misc":{"Escrito por":"Pressenza London","Tiempo de lectura":"7 minutos"},"schema":{"@context":"https:\/\/schema.org","@graph":[{"@type":"Article","@id":"https:\/\/www.pressenza.com\/es\/2019\/11\/fracking-en-el-reino-unido-el-accionar-de-la-policia-amenaza-el-derecho-a-la-protesta\/#article","isPartOf":{"@id":"https:\/\/www.pressenza.com\/es\/2019\/11\/fracking-en-el-reino-unido-el-accionar-de-la-policia-amenaza-el-derecho-a-la-protesta\/"},"author":{"name":"Pressenza London","@id":"https:\/\/www.pressenza.com\/es\/#\/schema\/person\/17c976cc856ec7e8e3f8cdd1a45eb1b0"},"headline":"Fracking en el Reino Unido: el accionar de la polic\u00eda amenaza el derecho a la protesta","datePublished":"2019-11-28T14:20:35+00:00","mainEntityOfPage":{"@id":"https:\/\/www.pressenza.com\/es\/2019\/11\/fracking-en-el-reino-unido-el-accionar-de-la-policia-amenaza-el-derecho-a-la-protesta\/"},"wordCount":1355,"publisher":{"@id":"https:\/\/www.pressenza.com\/es\/#organization"},"image":{"@id":"https:\/\/www.pressenza.com\/es\/2019\/11\/fracking-en-el-reino-unido-el-accionar-de-la-policia-amenaza-el-derecho-a-la-protesta\/#primaryimage"},"thumbnailUrl":"https:\/\/www.pressenza.com\/wp-content\/uploads\/2019\/11\/UK-fracking2-captura-de-video.jpg","keywords":["cambio clim\u00e1tico","Fracking","policia","protestas","Reino Unido"],"articleSection":["Ecolog\u00eda y Medio Ambiente","Europa"],"inLanguage":"es"},{"@type":"WebPage","@id":"https:\/\/www.pressenza.com\/es\/2019\/11\/fracking-en-el-reino-unido-el-accionar-de-la-policia-amenaza-el-derecho-a-la-protesta\/","url":"https:\/\/www.pressenza.com\/es\/2019\/11\/fracking-en-el-reino-unido-el-accionar-de-la-policia-amenaza-el-derecho-a-la-protesta\/","name":"Fracking en el Reino Unido: el accionar de la polic\u00eda amenaza el derecho a la protesta","isPartOf":{"@id":"https:\/\/www.pressenza.com\/es\/#website"},"primaryImageOfPage":{"@id":"https:\/\/www.pressenza.com\/es\/2019\/11\/fracking-en-el-reino-unido-el-accionar-de-la-policia-amenaza-el-derecho-a-la-protesta\/#primaryimage"},"image":{"@id":"https:\/\/www.pressenza.com\/es\/2019\/11\/fracking-en-el-reino-unido-el-accionar-de-la-policia-amenaza-el-derecho-a-la-protesta\/#primaryimage"},"thumbnailUrl":"https:\/\/www.pressenza.com\/wp-content\/uploads\/2019\/11\/UK-fracking2-captura-de-video.jpg","datePublished":"2019-11-28T14:20:35+00:00","description":"Por Will Jackson, Liverpool John Moores University para The Conversation Traducci\u00f3n de Mauro Haddad El gobierno del Reino Unido anunci\u00f3 de forma inmediata","breadcrumb":{"@id":"https:\/\/www.pressenza.com\/es\/2019\/11\/fracking-en-el-reino-unido-el-accionar-de-la-policia-amenaza-el-derecho-a-la-protesta\/#breadcrumb"},"inLanguage":"es","potentialAction":[{"@type":"ReadAction","target":["https:\/\/www.pressenza.com\/es\/2019\/11\/fracking-en-el-reino-unido-el-accionar-de-la-policia-amenaza-el-derecho-a-la-protesta\/"]}]},{"@type":"ImageObject","inLanguage":"es","@id":"https:\/\/www.pressenza.com\/es\/2019\/11\/fracking-en-el-reino-unido-el-accionar-de-la-policia-amenaza-el-derecho-a-la-protesta\/#primaryimage","url":"https:\/\/www.pressenza.com\/wp-content\/uploads\/2019\/11\/UK-fracking2-captura-de-video.jpg","contentUrl":"https:\/\/www.pressenza.com\/wp-content\/uploads\/2019\/11\/UK-fracking2-captura-de-video.jpg","width":1024,"height":573},{"@type":"BreadcrumbList","@id":"https:\/\/www.pressenza.com\/es\/2019\/11\/fracking-en-el-reino-unido-el-accionar-de-la-policia-amenaza-el-derecho-a-la-protesta\/#breadcrumb","itemListElement":[{"@type":"ListItem","position":1,"name":"Accueil","item":"https:\/\/www.pressenza.com\/es\/"},{"@type":"ListItem","position":2,"name":"Fracking en el Reino Unido: el accionar de la polic\u00eda amenaza el derecho a la protesta"}]},{"@type":"WebSite","@id":"https:\/\/www.pressenza.com\/es\/#website","url":"https:\/\/www.pressenza.com\/es\/","name":"Pressenza","description":"International Press Agency","publisher":{"@id":"https:\/\/www.pressenza.com\/es\/#organization"},"potentialAction":[{"@type":"SearchAction","target":{"@type":"EntryPoint","urlTemplate":"https:\/\/www.pressenza.com\/es\/?s={search_term_string}"},"query-input":{"@type":"PropertyValueSpecification","valueRequired":true,"valueName":"search_term_string"}}],"inLanguage":"es"},{"@type":"Organization","@id":"https:\/\/www.pressenza.com\/es\/#organization","name":"Pressenza","url":"https:\/\/www.pressenza.com\/es\/","logo":{"@type":"ImageObject","inLanguage":"es","@id":"https:\/\/www.pressenza.com\/es\/#\/schema\/logo\/image\/","url":"https:\/\/www.pressenza.com\/wp-content\/uploads\/2022\/10\/pressenza_logo_200x200.jpg","contentUrl":"https:\/\/www.pressenza.com\/wp-content\/uploads\/2022\/10\/pressenza_logo_200x200.jpg","width":200,"height":200,"caption":"Pressenza"},"image":{"@id":"https:\/\/www.pressenza.com\/es\/#\/schema\/logo\/image\/"},"sameAs":["https:\/\/www.facebook.com\/PressenzaItalia","https:\/\/x.com\/PressenzaIPA"]},{"@type":"Person","@id":"https:\/\/www.pressenza.com\/es\/#\/schema\/person\/17c976cc856ec7e8e3f8cdd1a45eb1b0","name":"Pressenza London","description":"News published by the Pressenza Bureau in London, United Kingdom","sameAs":["https:\/\/www.facebook.com\/PressenzaEnglish\/","https:\/\/x.com\/PressenzaIPA"],"url":"https:\/\/www.pressenza.com\/es\/author\/pressenza-london\/"}]}},"place":"Londres, Reino Unido","original_article_url":"https:\/\/theconversation.com\/fracking-how-the-police-response-is-threatening-the-right-to-protest-126390","_links":{"self":[{"href":"https:\/\/www.pressenza.com\/es\/wp-json\/wp\/v2\/posts\/983585","targetHints":{"allow":["GET"]}}],"collection":[{"href":"https:\/\/www.pressenza.com\/es\/wp-json\/wp\/v2\/posts"}],"about":[{"href":"https:\/\/www.pressenza.com\/es\/wp-json\/wp\/v2\/types\/post"}],"author":[{"embeddable":true,"href":"https:\/\/www.pressenza.com\/es\/wp-json\/wp\/v2\/users\/1013"}],"replies":[{"embeddable":true,"href":"https:\/\/www.pressenza.com\/es\/wp-json\/wp\/v2\/comments?post=983585"}],"version-history":[{"count":0,"href":"https:\/\/www.pressenza.com\/es\/wp-json\/wp\/v2\/posts\/983585\/revisions"}],"wp:featuredmedia":[{"embeddable":true,"href":"https:\/\/www.pressenza.com\/es\/wp-json\/wp\/v2\/media\/983624"}],"wp:attachment":[{"href":"https:\/\/www.pressenza.com\/es\/wp-json\/wp\/v2\/media?parent=983585"}],"wp:term":[{"taxonomy":"category","embeddable":true,"href":"https:\/\/www.pressenza.com\/es\/wp-json\/wp\/v2\/categories?post=983585"},{"taxonomy":"post_tag","embeddable":true,"href":"https:\/\/www.pressenza.com\/es\/wp-json\/wp\/v2\/tags?post=983585"}],"curies":[{"name":"wp","href":"https:\/\/api.w.org\/{rel}","templated":true}]}}