{"id":98311,"date":"2014-03-31T03:16:49","date_gmt":"2014-03-31T02:16:49","guid":{"rendered":"http:\/\/www.pressenza.com\/?p=98311"},"modified":"2014-03-31T20:21:38","modified_gmt":"2014-03-31T19:21:38","slug":"barack-obama-el-presidente-menos-transparente-de-la-historia-2","status":"publish","type":"post","link":"https:\/\/www.pressenza.com\/es\/2014\/03\/barack-obama-el-presidente-menos-transparente-de-la-historia-2\/","title":{"rendered":"Barack Obama: el Presidente menos transparente de la historia"},"content":{"rendered":"<div>\u201cMi administraci\u00f3n se compromete a crear un nivel de transparencia del Gobierno sin precedentes\u201d, escribi\u00f3 el Presidente Barack Obama el 29 de enero de 2009, apenas d\u00edas despu\u00e9s de haber asumido la presidencia. Y agreg\u00f3: \u201cLa transparencia fortalecer\u00e1 nuestra democracia y promover\u00e1 la eficiencia y la eficacia del Gobierno\u201d. Hoy, tras seis a\u00f1os de mandato, la \u201cnueva era de transparencia del Gobierno\u201d parece otra gran promesa c\u00ednicamente incumplida.<\/div>\n<div><\/div>\n<div>Durante el \u201cSunshine Week\u201d, el evento que la industria de los medios de comunicaci\u00f3n celebra cada a\u00f1o para educar a la poblaci\u00f3n sobre la importancia de la transparencia del Gobierno, Associated Press inform\u00f3 que \u201cel a\u00f1o pasado, m\u00e1s que nunca antes en la historia, el Gobierno censur\u00f3 partes de expedientes gubernamentales o directamente deneg\u00f3 el acceso a ellos al p\u00fablico en virtud de la Ley de Libertad de Informaci\u00f3n de Estados Unidos (FOIA, por sus siglas en ingl\u00e9s)\u201d. El informe de AP agrega: \u201cEl a\u00f1o pasado fue el peor desde que Barack Obama asumi\u00f3 la presidencia en lo que respecta a los esfuerzos del Gobierno de ser m\u00e1s transparente con respecto a sus actividades\u201d.<\/div>\n<div><\/div>\n<div>La noticia no tom\u00f3 por sorpresa a Ryan Shapiro, un estudiante de posgrado del Instituto Tecnol\u00f3gico de Massachusetts (MIT, por sus siglas en ingl\u00e9s) que acaba de entablar una demanda a nivel federal contra el FBI, la CIA y la Agencia de Seguridad Nacional (NSA, por sus siglas en ingl\u00e9s) para intentar obtener registros p\u00fablicos sobre el papel desempe\u00f1ado por Estados Unidos en el arresto de Nelson Mandela en 1962, que lo har\u00edan pasar los siguientes 27 a\u00f1os en prisi\u00f3n. Cuando sus solicitudes de informaci\u00f3n sobre Mandela, en virtud de la Ley de Libertad de Informaci\u00f3n, fueron denegadas, Ryan Shapiro decidi\u00f3 entablar una demanda. \u201cQuiero encontrar estos expedientes, en primer lugar, porque me interesa saber por qu\u00e9 la comunidad de inteligencia de Estados Unidos consideraba a Mandela una amenaza a la seguridad estadounidense y qu\u00e9 papel desempe\u00f1\u00f3 la comunidad de inteligencia de Estados Unidos en el boicot a la lucha de Mandela por la justicia racial y la democracia en Sud\u00e1frica\u201d.<\/div>\n<div><\/div>\n<div>Cuando Shapiro present\u00f3 su pedido de informaci\u00f3n a la NSA para obtener detalles del arresto de Mandela hace m\u00e1s de 50 a\u00f1os, la agencia le respondi\u00f3: \u201cCon respecto a su solicitud de informaci\u00f3n de inteligencia sobre Nelson Mandela, hemos determinado que la existencia o inexistencia de los materiales que solicita es actualmente un asunto clasificado\u201d. \u00bfMedio siglo m\u00e1s tarde?<\/div>\n<div><\/div>\n<div>Shapiro tambi\u00e9n quiere obtener informaci\u00f3n sobre la inclusi\u00f3n de Mandela en la lista de sospechosos de terrorismo de Estados Unidos hasta 2008, muchos a\u00f1os despu\u00e9s de que fuera el primer presidente de Sud\u00e1frica elegido democr\u00e1ticamente y varios a\u00f1os despu\u00e9s de haber obtenido no solamente el Premio Nobel de la Paz, sino tambi\u00e9n la Medalla de Oro del Congreso de Estados Unidos y la Medalla Presidencial de la Libertad, condecoraci\u00f3n otorgada por el presidente de Estados Unidos.<\/div>\n<div><\/div>\n<div>Le pregunt\u00e9 a Shapiro por qu\u00e9 quer\u00eda obtener los documentos. \u201cLa respuesta est\u00e1 relacionada con una concepci\u00f3n muy estrecha de la seguridad nacional, esta concepci\u00f3n miope que antepone las alianzas militares y el lucro empresarial a los derechos humanos y las libertades civiles\u201d.<\/div>\n<div><\/div>\n<div>Por su trayectoria, Shapiro tiene un inter\u00e9s personal en el hecho de que el Gobierno califique a los activistas de \u201cterroristas\u201d. En 2002, particip\u00f3 en un acto de desobediencia civil cuando se infiltr\u00f3 en una granja donde se cr\u00edan patos para la producci\u00f3n de foie gras: \u201cLos animales est\u00e1n encerrados en jaulas tan peque\u00f1as que no pueden estar de pie, ni moverse ni extender las alas, estas condiciones horrorosas son la regla general en los criaderos industriales. Rescat\u00e9 o rob\u00e9 abiertamente a los animales de la granja industrial y realic\u00e9 un documental al respecto. Lo hice como un acto de desobediencia civil, pero es un delito, por el que tuve que cumplir 40 horas de servicio comunitario\u201d. Desde entonces, buena parte de los estados del pa\u00eds han ido aprobando las denominadas leyes \u2018Ag-Gag\u2019 que equiparan este tipo de activismo por los derechos de los animales con actos de terrorismo y pueden implicar penas de prisi\u00f3n severas.<\/div>\n<div><\/div>\n<div>Shapiro afirma que la tesis en la que est\u00e1 trabajando, titulada: \u201cCuerpos en Guerra: animales, la libertad cient\u00edfica y la seguridad nacional en Estados Unidos\u201d, investiga \u201cel uso de la ret\u00f3rica y el aparato de seguridad nacional para marginar a los activistas que protegen los derechos de los animales, desde el siglo XIX hasta la actualidad\u201d. Para encontrar la respuesta a su investigaci\u00f3n, Shapiro necesita acceder a una gran cantidad de documentos p\u00fablicos. Ha presentado 700 solicitudes ante el FBI, en virtud de la Ley de Libertad de Informaci\u00f3n, y est\u00e1 en busca de 350.000 documentos clasificados, lo que le ha ganado el mote del solicitante \u201cm\u00e1s prol\u00edfico\u201d del Departamento de Justicia. Por su parte, El FBI calific\u00f3 parte de su tesis como una amenaza a la seguridad nacional.<\/div>\n<div><\/div>\n<div>En 2008, cuando Barack Obama estaba en plena campa\u00f1a electoral, era a menudo presentado como catedr\u00e1tico de derecho constitucional. Como tal, suponemos que estudi\u00f3 las obras de uno de los autores de la Constituci\u00f3n, James Madison, el cuarto Presidente de Estados Unidos, considerado el \u201cPadre de la Declaraci\u00f3n de Derechos\u201d. Madison escribi\u00f3 en 1822: \u201cUn gobierno popular, sin informaci\u00f3n popular ni los medios para obtenerla, no es sino el pr\u00f3logo de una farsa o una tragedia, o quiz\u00e1 de ambas\u201d. Tras las revelaciones de Edward Snowden acerca del amplio espionaje y vigilancia de la NSA y los p\u00e9simos antecedentes de falta de transparencia del Gobierno, el Presidente Obama ya ha sobrepasado tr\u00e1gicamente la farsa.<\/div>\n<div><\/div>\n<div><i>28 de marzo de 2014<\/i><\/div>\n<div><i>\u00a0<\/i><\/div>\n<div>&#8211; Amy Goodman es la conductora de Democracy Now!, un noticiero internacional que se emite diariamente en m\u00e1s de 750 emisoras de radio y televisi\u00f3n en ingl\u00e9s y en m\u00e1s de 400 en espa\u00f1ol. Es co-autora del libro \u00abLos que luchan contra el sistema: H\u00e9roes ordinarios en tiempos extraordinarios en Estados Unidos\u00bb, editado por Le Monde Diplomatique Cono Sur.<\/div>\n<div><\/div>\n<div>\u00a9 2014 Amy Goodman<\/div>\n<div>\u00a0http:\/\/www.alainet.org\/active\/72546<\/div>\n","protected":false},"excerpt":{"rendered":"<p>\u201cMi administraci\u00f3n se compromete a crear un nivel de transparencia del Gobierno sin precedentes\u201d, escribi\u00f3 el Presidente Barack Obama el 29 de enero de 2009, apenas d\u00edas despu\u00e9s de haber asumido la presidencia. Y agreg\u00f3: \u201cLa transparencia fortalecer\u00e1 nuestra democracia&hellip;<\/p>\n","protected":false},"author":1011,"featured_media":98411,"comment_status":"closed","ping_status":"open","sticky":false,"template":"","format":"standard","meta":{"footnotes":""},"categories":[161,74],"tags":[],"class_list":["post-98311","post","type-post","status-publish","format-standard","has-post-thumbnail","hentry","category-opiniones","category-politica-es"],"yoast_head":"<!-- This site is optimized with the Yoast SEO plugin v27.1.1 - https:\/\/yoast.com\/product\/yoast-seo-wordpress\/ -->\n<title>Barack Obama: el Presidente menos transparente de la historia<\/title>\n<meta name=\"description\" content=\"\u201cMi administraci\u00f3n se compromete a crear un nivel de transparencia del Gobierno sin precedentes\u201d, escribi\u00f3 el Presidente Barack Obama el 29 de enero de\" \/>\n<meta name=\"robots\" content=\"index, follow, max-snippet:-1, max-image-preview:large, max-video-preview:-1\" \/>\n<link rel=\"canonical\" href=\"https:\/\/www.pressenza.com\/es\/2014\/03\/barack-obama-el-presidente-menos-transparente-de-la-historia-2\/\" \/>\n<meta property=\"og:locale\" content=\"es_ES\" \/>\n<meta property=\"og:type\" content=\"article\" \/>\n<meta property=\"og:title\" content=\"Barack Obama: el Presidente menos transparente de la historia\" \/>\n<meta property=\"og:description\" content=\"\u201cMi administraci\u00f3n se compromete a crear un nivel de transparencia del Gobierno sin precedentes\u201d, escribi\u00f3 el Presidente Barack Obama el 29 de enero de\" \/>\n<meta property=\"og:url\" content=\"https:\/\/www.pressenza.com\/es\/2014\/03\/barack-obama-el-presidente-menos-transparente-de-la-historia-2\/\" \/>\n<meta property=\"og:site_name\" content=\"Pressenza\" \/>\n<meta property=\"article:publisher\" content=\"https:\/\/www.facebook.com\/PressenzaItalia\" \/>\n<meta property=\"article:published_time\" content=\"2014-03-31T02:16:49+00:00\" \/>\n<meta property=\"article:modified_time\" content=\"2014-03-31T19:21:38+00:00\" \/>\n<meta property=\"og:image\" content=\"https:\/\/www.pressenza.com\/wp-content\/uploads\/2014\/03\/Obama.jpg\" \/>\n\t<meta property=\"og:image:width\" content=\"600\" \/>\n\t<meta property=\"og:image:height\" content=\"399\" \/>\n\t<meta property=\"og:image:type\" content=\"image\/jpeg\" \/>\n<meta name=\"author\" content=\"Redacci\u00f3n Ecuador\" \/>\n<meta name=\"twitter:card\" content=\"summary_large_image\" \/>\n<meta name=\"twitter:creator\" content=\"@PressenzaIPA\" \/>\n<meta name=\"twitter:site\" content=\"@PressenzaIPA\" \/>\n<meta name=\"twitter:label1\" content=\"Escrito por\" \/>\n\t<meta name=\"twitter:data1\" content=\"Redacci\u00f3n Ecuador\" \/>\n\t<meta name=\"twitter:label2\" content=\"Tiempo de lectura\" \/>\n\t<meta name=\"twitter:data2\" content=\"5 minutos\" \/>\n<script type=\"application\/ld+json\" class=\"yoast-schema-graph\">{\"@context\":\"https:\/\/schema.org\",\"@graph\":[{\"@type\":\"Article\",\"@id\":\"https:\/\/www.pressenza.com\/es\/2014\/03\/barack-obama-el-presidente-menos-transparente-de-la-historia-2\/#article\",\"isPartOf\":{\"@id\":\"https:\/\/www.pressenza.com\/es\/2014\/03\/barack-obama-el-presidente-menos-transparente-de-la-historia-2\/\"},\"author\":{\"name\":\"Redacci\u00f3n Ecuador\",\"@id\":\"https:\/\/www.pressenza.com\/es\/#\/schema\/person\/883a735c40665759bcc6fe0c26bcb46f\"},\"headline\":\"Barack Obama: el Presidente menos transparente de la historia\",\"datePublished\":\"2014-03-31T02:16:49+00:00\",\"dateModified\":\"2014-03-31T19:21:38+00:00\",\"mainEntityOfPage\":{\"@id\":\"https:\/\/www.pressenza.com\/es\/2014\/03\/barack-obama-el-presidente-menos-transparente-de-la-historia-2\/\"},\"wordCount\":1057,\"publisher\":{\"@id\":\"https:\/\/www.pressenza.com\/es\/#organization\"},\"image\":{\"@id\":\"https:\/\/www.pressenza.com\/es\/2014\/03\/barack-obama-el-presidente-menos-transparente-de-la-historia-2\/#primaryimage\"},\"thumbnailUrl\":\"https:\/\/www.pressenza.com\/wp-content\/uploads\/2014\/03\/Obama.jpg\",\"articleSection\":[\"Opiniones\",\"Pol\u00edtica\"],\"inLanguage\":\"es\"},{\"@type\":\"WebPage\",\"@id\":\"https:\/\/www.pressenza.com\/es\/2014\/03\/barack-obama-el-presidente-menos-transparente-de-la-historia-2\/\",\"url\":\"https:\/\/www.pressenza.com\/es\/2014\/03\/barack-obama-el-presidente-menos-transparente-de-la-historia-2\/\",\"name\":\"Barack Obama: el Presidente menos transparente de la historia\",\"isPartOf\":{\"@id\":\"https:\/\/www.pressenza.com\/es\/#website\"},\"primaryImageOfPage\":{\"@id\":\"https:\/\/www.pressenza.com\/es\/2014\/03\/barack-obama-el-presidente-menos-transparente-de-la-historia-2\/#primaryimage\"},\"image\":{\"@id\":\"https:\/\/www.pressenza.com\/es\/2014\/03\/barack-obama-el-presidente-menos-transparente-de-la-historia-2\/#primaryimage\"},\"thumbnailUrl\":\"https:\/\/www.pressenza.com\/wp-content\/uploads\/2014\/03\/Obama.jpg\",\"datePublished\":\"2014-03-31T02:16:49+00:00\",\"dateModified\":\"2014-03-31T19:21:38+00:00\",\"description\":\"\u201cMi administraci\u00f3n se compromete a crear un nivel de transparencia del Gobierno sin precedentes\u201d, escribi\u00f3 el Presidente Barack Obama el 29 de enero de\",\"breadcrumb\":{\"@id\":\"https:\/\/www.pressenza.com\/es\/2014\/03\/barack-obama-el-presidente-menos-transparente-de-la-historia-2\/#breadcrumb\"},\"inLanguage\":\"es\",\"potentialAction\":[{\"@type\":\"ReadAction\",\"target\":[\"https:\/\/www.pressenza.com\/es\/2014\/03\/barack-obama-el-presidente-menos-transparente-de-la-historia-2\/\"]}]},{\"@type\":\"ImageObject\",\"inLanguage\":\"es\",\"@id\":\"https:\/\/www.pressenza.com\/es\/2014\/03\/barack-obama-el-presidente-menos-transparente-de-la-historia-2\/#primaryimage\",\"url\":\"https:\/\/www.pressenza.com\/wp-content\/uploads\/2014\/03\/Obama.jpg\",\"contentUrl\":\"https:\/\/www.pressenza.com\/wp-content\/uploads\/2014\/03\/Obama.jpg\",\"width\":600,\"height\":399},{\"@type\":\"BreadcrumbList\",\"@id\":\"https:\/\/www.pressenza.com\/es\/2014\/03\/barack-obama-el-presidente-menos-transparente-de-la-historia-2\/#breadcrumb\",\"itemListElement\":[{\"@type\":\"ListItem\",\"position\":1,\"name\":\"Accueil\",\"item\":\"https:\/\/www.pressenza.com\/es\/\"},{\"@type\":\"ListItem\",\"position\":2,\"name\":\"Barack Obama: el Presidente menos transparente de la historia\"}]},{\"@type\":\"WebSite\",\"@id\":\"https:\/\/www.pressenza.com\/es\/#website\",\"url\":\"https:\/\/www.pressenza.com\/es\/\",\"name\":\"Pressenza\",\"description\":\"International Press Agency\",\"publisher\":{\"@id\":\"https:\/\/www.pressenza.com\/es\/#organization\"},\"potentialAction\":[{\"@type\":\"SearchAction\",\"target\":{\"@type\":\"EntryPoint\",\"urlTemplate\":\"https:\/\/www.pressenza.com\/es\/?s={search_term_string}\"},\"query-input\":{\"@type\":\"PropertyValueSpecification\",\"valueRequired\":true,\"valueName\":\"search_term_string\"}}],\"inLanguage\":\"es\"},{\"@type\":\"Organization\",\"@id\":\"https:\/\/www.pressenza.com\/es\/#organization\",\"name\":\"Pressenza\",\"url\":\"https:\/\/www.pressenza.com\/es\/\",\"logo\":{\"@type\":\"ImageObject\",\"inLanguage\":\"es\",\"@id\":\"https:\/\/www.pressenza.com\/es\/#\/schema\/logo\/image\/\",\"url\":\"https:\/\/www.pressenza.com\/wp-content\/uploads\/2022\/10\/pressenza_logo_200x200.jpg\",\"contentUrl\":\"https:\/\/www.pressenza.com\/wp-content\/uploads\/2022\/10\/pressenza_logo_200x200.jpg\",\"width\":200,\"height\":200,\"caption\":\"Pressenza\"},\"image\":{\"@id\":\"https:\/\/www.pressenza.com\/es\/#\/schema\/logo\/image\/\"},\"sameAs\":[\"https:\/\/www.facebook.com\/PressenzaItalia\",\"https:\/\/x.com\/PressenzaIPA\"]},{\"@type\":\"Person\",\"@id\":\"https:\/\/www.pressenza.com\/es\/#\/schema\/person\/883a735c40665759bcc6fe0c26bcb46f\",\"name\":\"Redacci\u00f3n Ecuador\",\"description\":\"News published by the Pressenza bureau in Quito, Ecuador\",\"url\":\"https:\/\/www.pressenza.com\/es\/author\/redaccion-ecuador\/\"}]}<\/script>\n<!-- \/ Yoast SEO plugin. -->","yoast_head_json":{"title":"Barack Obama: el Presidente menos transparente de la historia","description":"\u201cMi administraci\u00f3n se compromete a crear un nivel de transparencia del Gobierno sin precedentes\u201d, escribi\u00f3 el Presidente Barack Obama el 29 de enero de","robots":{"index":"index","follow":"follow","max-snippet":"max-snippet:-1","max-image-preview":"max-image-preview:large","max-video-preview":"max-video-preview:-1"},"canonical":"https:\/\/www.pressenza.com\/es\/2014\/03\/barack-obama-el-presidente-menos-transparente-de-la-historia-2\/","og_locale":"es_ES","og_type":"article","og_title":"Barack Obama: el Presidente menos transparente de la historia","og_description":"\u201cMi administraci\u00f3n se compromete a crear un nivel de transparencia del Gobierno sin precedentes\u201d, escribi\u00f3 el Presidente Barack Obama el 29 de enero de","og_url":"https:\/\/www.pressenza.com\/es\/2014\/03\/barack-obama-el-presidente-menos-transparente-de-la-historia-2\/","og_site_name":"Pressenza","article_publisher":"https:\/\/www.facebook.com\/PressenzaItalia","article_published_time":"2014-03-31T02:16:49+00:00","article_modified_time":"2014-03-31T19:21:38+00:00","og_image":[{"width":600,"height":399,"url":"https:\/\/www.pressenza.com\/wp-content\/uploads\/2014\/03\/Obama.jpg","type":"image\/jpeg"}],"author":"Redacci\u00f3n Ecuador","twitter_card":"summary_large_image","twitter_creator":"@PressenzaIPA","twitter_site":"@PressenzaIPA","twitter_misc":{"Escrito por":"Redacci\u00f3n Ecuador","Tiempo de lectura":"5 minutos"},"schema":{"@context":"https:\/\/schema.org","@graph":[{"@type":"Article","@id":"https:\/\/www.pressenza.com\/es\/2014\/03\/barack-obama-el-presidente-menos-transparente-de-la-historia-2\/#article","isPartOf":{"@id":"https:\/\/www.pressenza.com\/es\/2014\/03\/barack-obama-el-presidente-menos-transparente-de-la-historia-2\/"},"author":{"name":"Redacci\u00f3n Ecuador","@id":"https:\/\/www.pressenza.com\/es\/#\/schema\/person\/883a735c40665759bcc6fe0c26bcb46f"},"headline":"Barack Obama: el Presidente menos transparente de la historia","datePublished":"2014-03-31T02:16:49+00:00","dateModified":"2014-03-31T19:21:38+00:00","mainEntityOfPage":{"@id":"https:\/\/www.pressenza.com\/es\/2014\/03\/barack-obama-el-presidente-menos-transparente-de-la-historia-2\/"},"wordCount":1057,"publisher":{"@id":"https:\/\/www.pressenza.com\/es\/#organization"},"image":{"@id":"https:\/\/www.pressenza.com\/es\/2014\/03\/barack-obama-el-presidente-menos-transparente-de-la-historia-2\/#primaryimage"},"thumbnailUrl":"https:\/\/www.pressenza.com\/wp-content\/uploads\/2014\/03\/Obama.jpg","articleSection":["Opiniones","Pol\u00edtica"],"inLanguage":"es"},{"@type":"WebPage","@id":"https:\/\/www.pressenza.com\/es\/2014\/03\/barack-obama-el-presidente-menos-transparente-de-la-historia-2\/","url":"https:\/\/www.pressenza.com\/es\/2014\/03\/barack-obama-el-presidente-menos-transparente-de-la-historia-2\/","name":"Barack Obama: el Presidente menos transparente de la historia","isPartOf":{"@id":"https:\/\/www.pressenza.com\/es\/#website"},"primaryImageOfPage":{"@id":"https:\/\/www.pressenza.com\/es\/2014\/03\/barack-obama-el-presidente-menos-transparente-de-la-historia-2\/#primaryimage"},"image":{"@id":"https:\/\/www.pressenza.com\/es\/2014\/03\/barack-obama-el-presidente-menos-transparente-de-la-historia-2\/#primaryimage"},"thumbnailUrl":"https:\/\/www.pressenza.com\/wp-content\/uploads\/2014\/03\/Obama.jpg","datePublished":"2014-03-31T02:16:49+00:00","dateModified":"2014-03-31T19:21:38+00:00","description":"\u201cMi administraci\u00f3n se compromete a crear un nivel de transparencia del Gobierno sin precedentes\u201d, escribi\u00f3 el Presidente Barack Obama el 29 de enero de","breadcrumb":{"@id":"https:\/\/www.pressenza.com\/es\/2014\/03\/barack-obama-el-presidente-menos-transparente-de-la-historia-2\/#breadcrumb"},"inLanguage":"es","potentialAction":[{"@type":"ReadAction","target":["https:\/\/www.pressenza.com\/es\/2014\/03\/barack-obama-el-presidente-menos-transparente-de-la-historia-2\/"]}]},{"@type":"ImageObject","inLanguage":"es","@id":"https:\/\/www.pressenza.com\/es\/2014\/03\/barack-obama-el-presidente-menos-transparente-de-la-historia-2\/#primaryimage","url":"https:\/\/www.pressenza.com\/wp-content\/uploads\/2014\/03\/Obama.jpg","contentUrl":"https:\/\/www.pressenza.com\/wp-content\/uploads\/2014\/03\/Obama.jpg","width":600,"height":399},{"@type":"BreadcrumbList","@id":"https:\/\/www.pressenza.com\/es\/2014\/03\/barack-obama-el-presidente-menos-transparente-de-la-historia-2\/#breadcrumb","itemListElement":[{"@type":"ListItem","position":1,"name":"Accueil","item":"https:\/\/www.pressenza.com\/es\/"},{"@type":"ListItem","position":2,"name":"Barack Obama: el Presidente menos transparente de la historia"}]},{"@type":"WebSite","@id":"https:\/\/www.pressenza.com\/es\/#website","url":"https:\/\/www.pressenza.com\/es\/","name":"Pressenza","description":"International Press Agency","publisher":{"@id":"https:\/\/www.pressenza.com\/es\/#organization"},"potentialAction":[{"@type":"SearchAction","target":{"@type":"EntryPoint","urlTemplate":"https:\/\/www.pressenza.com\/es\/?s={search_term_string}"},"query-input":{"@type":"PropertyValueSpecification","valueRequired":true,"valueName":"search_term_string"}}],"inLanguage":"es"},{"@type":"Organization","@id":"https:\/\/www.pressenza.com\/es\/#organization","name":"Pressenza","url":"https:\/\/www.pressenza.com\/es\/","logo":{"@type":"ImageObject","inLanguage":"es","@id":"https:\/\/www.pressenza.com\/es\/#\/schema\/logo\/image\/","url":"https:\/\/www.pressenza.com\/wp-content\/uploads\/2022\/10\/pressenza_logo_200x200.jpg","contentUrl":"https:\/\/www.pressenza.com\/wp-content\/uploads\/2022\/10\/pressenza_logo_200x200.jpg","width":200,"height":200,"caption":"Pressenza"},"image":{"@id":"https:\/\/www.pressenza.com\/es\/#\/schema\/logo\/image\/"},"sameAs":["https:\/\/www.facebook.com\/PressenzaItalia","https:\/\/x.com\/PressenzaIPA"]},{"@type":"Person","@id":"https:\/\/www.pressenza.com\/es\/#\/schema\/person\/883a735c40665759bcc6fe0c26bcb46f","name":"Redacci\u00f3n Ecuador","description":"News published by the Pressenza bureau in Quito, Ecuador","url":"https:\/\/www.pressenza.com\/es\/author\/redaccion-ecuador\/"}]}},"place":"","original_article_url":"","_links":{"self":[{"href":"https:\/\/www.pressenza.com\/es\/wp-json\/wp\/v2\/posts\/98311","targetHints":{"allow":["GET"]}}],"collection":[{"href":"https:\/\/www.pressenza.com\/es\/wp-json\/wp\/v2\/posts"}],"about":[{"href":"https:\/\/www.pressenza.com\/es\/wp-json\/wp\/v2\/types\/post"}],"author":[{"embeddable":true,"href":"https:\/\/www.pressenza.com\/es\/wp-json\/wp\/v2\/users\/1011"}],"replies":[{"embeddable":true,"href":"https:\/\/www.pressenza.com\/es\/wp-json\/wp\/v2\/comments?post=98311"}],"version-history":[{"count":0,"href":"https:\/\/www.pressenza.com\/es\/wp-json\/wp\/v2\/posts\/98311\/revisions"}],"wp:featuredmedia":[{"embeddable":true,"href":"https:\/\/www.pressenza.com\/es\/wp-json\/wp\/v2\/media\/98411"}],"wp:attachment":[{"href":"https:\/\/www.pressenza.com\/es\/wp-json\/wp\/v2\/media?parent=98311"}],"wp:term":[{"taxonomy":"category","embeddable":true,"href":"https:\/\/www.pressenza.com\/es\/wp-json\/wp\/v2\/categories?post=98311"},{"taxonomy":"post_tag","embeddable":true,"href":"https:\/\/www.pressenza.com\/es\/wp-json\/wp\/v2\/tags?post=98311"}],"curies":[{"name":"wp","href":"https:\/\/api.w.org\/{rel}","templated":true}]}}