{"id":981913,"date":"2019-11-26T19:27:15","date_gmt":"2019-11-26T19:27:15","guid":{"rendered":"https:\/\/www.pressenza.com\/?p=981913"},"modified":"2019-11-26T19:27:15","modified_gmt":"2019-11-26T19:27:15","slug":"redescubriendo-la-cultura-tzeltal-maya-3-el-pueblo-del-maiz","status":"publish","type":"post","link":"https:\/\/www.pressenza.com\/es\/2019\/11\/redescubriendo-la-cultura-tzeltal-maya-3-el-pueblo-del-maiz\/","title":{"rendered":"Redescubriendo la cultura Tzeltal Maya. 3- El pueblo del ma\u00edz"},"content":{"rendered":"<p>\u00abLos p\u00e1jaros cantan para pedirle al cielo que llueva. Cantan para que el ma\u00edz, alimento vital de la creaci\u00f3n, crezca. Nuestros ancianos conoc\u00edan bien las necesidades de los animales; les permit\u00edan comer parte de la cosecha, porque los frutos de la Madre Tierra tienen que ser compartidos. Las ardillas bailan cuando nace un ni\u00f1o, saben que trabajar\u00e1 en los campos de ma\u00edz, saben que contribuir\u00e1 a la vida universal\u00bb, dice don Flavio, huesero de una comunidad remota. \u00abNuestros abuelos nos dicen que los primeros hombres nacieron de granos de ma\u00edz; un d\u00eda los Dioses se reunieron y decidieron crear a la humanidad. Eligieron el ma\u00edz por su resistencia a los elementos y sembraron varios granos, de los cuales las plantas comenzaron a crecer poco a poco. De las mazorcas aparecieron los primeros hombres y comenzaron a rezar al Cielo y a alimentarse con el mismo ma\u00edz en forma de pozol (pasta de ma\u00edz fermentada\u00bb.<\/p>\n<p>Un relato similar al descrito por el Popol Vuh sobre la creaci\u00f3n del ser humano por los Progenitores, Creadores y Entrenadores. \u00abEl pozol es nuestra comida diaria\u00bb, contin\u00faa don Flavio. \u00abCuando vamos al campo a trabajar, nuestras mujeres se levantan todas las ma\u00f1anas antes del amanecer para moler granos hervidos; una parte se usa para tortillas y otra para pozol. Cuando nos rebelamos contra los terratenientes, el pozol era nuestro \u00fanico alimento junto con las plantas silvestres. Pasamos d\u00edas escondidos en cuevas y en las monta\u00f1as y con el paso del tiempo nuestro pozol comenz\u00f3 a pudrirse. Los que comieron el pozol podrido fueron los que realmente lucharon en esos d\u00edas\u00bb. Los zapatistas se llaman a s\u00ed mismos \u00abma\u00edz rebelde\u00bb cuando pintan murales o dibujan en sus cuadernos.<\/p>\n<p>Un d\u00eda do\u00f1a Dominga, una tzeltalera perteneciente al grupo de conciencia femenina que re\u00fane a mujeres de diferentes comunidades tzeltales, al ver a su hija arrojando ma\u00edz a patos y gallinas, se acerc\u00f3 r\u00e1pidamente y comenz\u00f3 a gritarle, inst\u00e1ndola a que mostrara respeto al dios del ma\u00edz. \u00abSomos hombres y mujeres de ma\u00edz\u00bb, me dice despu\u00e9s de besar una mazorca de ma\u00edz reci\u00e9n tra\u00edda de la milpa, es decir, del maizal de su marido. \u00abMira esta mazorca de ma\u00edz, es ma\u00edz original. En mi milpa no usamos pesticidas y nunca hemos usado las semillas ofrecidas por varios gobiernos. Este ma\u00edz se est\u00e1 perdiendo, sabemos que las multinacionales y los gobiernos del pasado y del presente intentan enfermarnos, intentan matarnos de diferentes maneras. Nos dan fertilizantes y pesticidas, por ejemplo, y el resultado es un aumento de las muertes por c\u00e1ncer, una enfermedad que nuestros abuelos no conoc\u00edan. Intentan cambiar nuestro ma\u00edz por ma\u00edz transg\u00e9nico. Tenemos la culpa de ceder a los regalos del gobierno\u00bb.<\/p>\n<p>Cuando do\u00f1a Dominga dice \u00abmi milpa\u00bb est\u00e1 usando el t\u00e9rmino tzeltal \u00abk&#8217;altik\u00bb, una palabra plural que significa \u00abnuestra milpa\u00bb. Por lo tanto, es interesante c\u00f3mo esta palabra tiene un significado dirigido a involucrar a toda la comunidad en torno al elemento ma\u00edz. Seg\u00fan do\u00f1a Dominga y el sistema de creencias tzeltal, la comunidad tzeltal ind\u00edgena es una y el ma\u00edz es el elemento que identifica y re\u00fane cultural y espiritualmente a toda la gente, una entidad viviente, un dios.\u00a0 \u00abNuestros huesos est\u00e1n hechos de ma\u00edz\u00bb, dice su marido. \u00abPor eso comemos pozol y tortillas para vivir; el ma\u00edz es nuestra fuerza. Sin ella no hay vida, no hay comunidad. Somos el pueblo del ma\u00edz. Cuando el gobierno la ataca, nos ataca a todos\u00bb.<\/p>\n<hr \/>\n<p><em>Traducido del italiano por Estefany Zaldumbide<\/em><\/p>\n","protected":false},"excerpt":{"rendered":"<p>\u00abLos p\u00e1jaros cantan para pedirle al cielo que llueva. Cantan para que el ma\u00edz, alimento vital de la creaci\u00f3n, crezca. Nuestros ancianos conoc\u00edan bien las necesidades de los animales; les permit\u00edan comer parte de la cosecha, porque los frutos de&hellip;<\/p>\n","protected":false},"author":1617,"featured_media":972492,"comment_status":"closed","ping_status":"closed","sticky":false,"template":"","format":"standard","meta":{"footnotes":""},"categories":[11389,1240,68,80],"tags":[54692,27308,67121,67536,1321,67537,67538],"class_list":["post-981913","post","type-post","status-publish","format-standard","has-post-thumbnail","hentry","category-contenido-original","category-humanismo-espiritualidad","category-norteamerica","category-pueblos-originarios","tag-chiapas-es-2","tag-comunidad","tag-cultura-maya-tzeltal-es","tag-mais-es","tag-mexico","tag-popol-vuh-es","tag-pozol-es"],"yoast_head":"<!-- This site is optimized with the Yoast SEO plugin v27.1.1 - https:\/\/yoast.com\/product\/yoast-seo-wordpress\/ -->\n<title>Redescubriendo la cultura Tzeltal Maya. 3- El pueblo del ma\u00edz<\/title>\n<meta name=\"description\" content=\"\u00abLos p\u00e1jaros cantan para pedirle al cielo que llueva. Cantan para que el ma\u00edz, alimento vital de la creaci\u00f3n, crezca. Nuestros ancianos conoc\u00edan bien las\" \/>\n<meta name=\"robots\" content=\"index, follow, max-snippet:-1, max-image-preview:large, max-video-preview:-1\" \/>\n<link rel=\"canonical\" href=\"https:\/\/www.pressenza.com\/es\/2019\/11\/redescubriendo-la-cultura-tzeltal-maya-3-el-pueblo-del-maiz\/\" \/>\n<meta property=\"og:locale\" content=\"es_ES\" \/>\n<meta property=\"og:type\" content=\"article\" \/>\n<meta property=\"og:title\" content=\"Redescubriendo la cultura Tzeltal Maya. 3- El pueblo del ma\u00edz\" \/>\n<meta property=\"og:description\" content=\"\u00abLos p\u00e1jaros cantan para pedirle al cielo que llueva. Cantan para que el ma\u00edz, alimento vital de la creaci\u00f3n, crezca. Nuestros ancianos conoc\u00edan bien las\" \/>\n<meta property=\"og:url\" content=\"https:\/\/www.pressenza.com\/es\/2019\/11\/redescubriendo-la-cultura-tzeltal-maya-3-el-pueblo-del-maiz\/\" \/>\n<meta property=\"og:site_name\" content=\"Pressenza\" \/>\n<meta property=\"article:publisher\" content=\"https:\/\/www.facebook.com\/PressenzaItalia\" \/>\n<meta property=\"article:published_time\" content=\"2019-11-26T19:27:15+00:00\" \/>\n<meta property=\"og:image\" content=\"https:\/\/www.pressenza.com\/wp-content\/uploads\/2019\/11\/mais-Pixabay.jpg\" \/>\n\t<meta property=\"og:image:width\" content=\"960\" \/>\n\t<meta property=\"og:image:height\" content=\"596\" \/>\n\t<meta property=\"og:image:type\" content=\"image\/jpeg\" \/>\n<meta name=\"author\" content=\"Rosco Clamore\" \/>\n<meta name=\"twitter:card\" content=\"summary_large_image\" \/>\n<meta name=\"twitter:creator\" content=\"@PressenzaIPA\" \/>\n<meta name=\"twitter:site\" content=\"@PressenzaIPA\" \/>\n<meta name=\"twitter:label1\" content=\"Escrito por\" \/>\n\t<meta name=\"twitter:data1\" content=\"Rosco Clamore\" \/>\n\t<meta name=\"twitter:label2\" content=\"Tiempo de lectura\" \/>\n\t<meta name=\"twitter:data2\" content=\"3 minutos\" \/>\n<script type=\"application\/ld+json\" class=\"yoast-schema-graph\">{\"@context\":\"https:\/\/schema.org\",\"@graph\":[{\"@type\":\"Article\",\"@id\":\"https:\/\/www.pressenza.com\/es\/2019\/11\/redescubriendo-la-cultura-tzeltal-maya-3-el-pueblo-del-maiz\/#article\",\"isPartOf\":{\"@id\":\"https:\/\/www.pressenza.com\/es\/2019\/11\/redescubriendo-la-cultura-tzeltal-maya-3-el-pueblo-del-maiz\/\"},\"author\":{\"name\":\"Rosco Clamore\",\"@id\":\"https:\/\/www.pressenza.com\/es\/#\/schema\/person\/709976aa08f2a04a6763fd20e3e84f6a\"},\"headline\":\"Redescubriendo la cultura Tzeltal Maya. 3- El pueblo del ma\u00edz\",\"datePublished\":\"2019-11-26T19:27:15+00:00\",\"mainEntityOfPage\":{\"@id\":\"https:\/\/www.pressenza.com\/es\/2019\/11\/redescubriendo-la-cultura-tzeltal-maya-3-el-pueblo-del-maiz\/\"},\"wordCount\":639,\"publisher\":{\"@id\":\"https:\/\/www.pressenza.com\/es\/#organization\"},\"image\":{\"@id\":\"https:\/\/www.pressenza.com\/es\/2019\/11\/redescubriendo-la-cultura-tzeltal-maya-3-el-pueblo-del-maiz\/#primaryimage\"},\"thumbnailUrl\":\"https:\/\/www.pressenza.com\/wp-content\/uploads\/2019\/11\/mais-Pixabay.jpg\",\"keywords\":[\"Chiapas\",\"comunidad\",\"cultura Maya Tzeltal\",\"ma\u00efs\",\"M\u00e9xico\",\"Popol Vuh\",\"pozol\"],\"articleSection\":[\"Contenido Original\",\"Humanismo y Espiritualidad\",\"Norteam\u00e9rica\",\"Pueblos Originarios\"],\"inLanguage\":\"es\"},{\"@type\":\"WebPage\",\"@id\":\"https:\/\/www.pressenza.com\/es\/2019\/11\/redescubriendo-la-cultura-tzeltal-maya-3-el-pueblo-del-maiz\/\",\"url\":\"https:\/\/www.pressenza.com\/es\/2019\/11\/redescubriendo-la-cultura-tzeltal-maya-3-el-pueblo-del-maiz\/\",\"name\":\"Redescubriendo la cultura Tzeltal Maya. 3- El pueblo del ma\u00edz\",\"isPartOf\":{\"@id\":\"https:\/\/www.pressenza.com\/es\/#website\"},\"primaryImageOfPage\":{\"@id\":\"https:\/\/www.pressenza.com\/es\/2019\/11\/redescubriendo-la-cultura-tzeltal-maya-3-el-pueblo-del-maiz\/#primaryimage\"},\"image\":{\"@id\":\"https:\/\/www.pressenza.com\/es\/2019\/11\/redescubriendo-la-cultura-tzeltal-maya-3-el-pueblo-del-maiz\/#primaryimage\"},\"thumbnailUrl\":\"https:\/\/www.pressenza.com\/wp-content\/uploads\/2019\/11\/mais-Pixabay.jpg\",\"datePublished\":\"2019-11-26T19:27:15+00:00\",\"description\":\"\u00abLos p\u00e1jaros cantan para pedirle al cielo que llueva. Cantan para que el ma\u00edz, alimento vital de la creaci\u00f3n, crezca. Nuestros ancianos conoc\u00edan bien las\",\"breadcrumb\":{\"@id\":\"https:\/\/www.pressenza.com\/es\/2019\/11\/redescubriendo-la-cultura-tzeltal-maya-3-el-pueblo-del-maiz\/#breadcrumb\"},\"inLanguage\":\"es\",\"potentialAction\":[{\"@type\":\"ReadAction\",\"target\":[\"https:\/\/www.pressenza.com\/es\/2019\/11\/redescubriendo-la-cultura-tzeltal-maya-3-el-pueblo-del-maiz\/\"]}]},{\"@type\":\"ImageObject\",\"inLanguage\":\"es\",\"@id\":\"https:\/\/www.pressenza.com\/es\/2019\/11\/redescubriendo-la-cultura-tzeltal-maya-3-el-pueblo-del-maiz\/#primaryimage\",\"url\":\"https:\/\/www.pressenza.com\/wp-content\/uploads\/2019\/11\/mais-Pixabay.jpg\",\"contentUrl\":\"https:\/\/www.pressenza.com\/wp-content\/uploads\/2019\/11\/mais-Pixabay.jpg\",\"width\":960,\"height\":596},{\"@type\":\"BreadcrumbList\",\"@id\":\"https:\/\/www.pressenza.com\/es\/2019\/11\/redescubriendo-la-cultura-tzeltal-maya-3-el-pueblo-del-maiz\/#breadcrumb\",\"itemListElement\":[{\"@type\":\"ListItem\",\"position\":1,\"name\":\"Accueil\",\"item\":\"https:\/\/www.pressenza.com\/es\/\"},{\"@type\":\"ListItem\",\"position\":2,\"name\":\"Redescubriendo la cultura Tzeltal Maya. 3- El pueblo del ma\u00edz\"}]},{\"@type\":\"WebSite\",\"@id\":\"https:\/\/www.pressenza.com\/es\/#website\",\"url\":\"https:\/\/www.pressenza.com\/es\/\",\"name\":\"Pressenza\",\"description\":\"International Press Agency\",\"publisher\":{\"@id\":\"https:\/\/www.pressenza.com\/es\/#organization\"},\"potentialAction\":[{\"@type\":\"SearchAction\",\"target\":{\"@type\":\"EntryPoint\",\"urlTemplate\":\"https:\/\/www.pressenza.com\/es\/?s={search_term_string}\"},\"query-input\":{\"@type\":\"PropertyValueSpecification\",\"valueRequired\":true,\"valueName\":\"search_term_string\"}}],\"inLanguage\":\"es\"},{\"@type\":\"Organization\",\"@id\":\"https:\/\/www.pressenza.com\/es\/#organization\",\"name\":\"Pressenza\",\"url\":\"https:\/\/www.pressenza.com\/es\/\",\"logo\":{\"@type\":\"ImageObject\",\"inLanguage\":\"es\",\"@id\":\"https:\/\/www.pressenza.com\/es\/#\/schema\/logo\/image\/\",\"url\":\"https:\/\/www.pressenza.com\/wp-content\/uploads\/2022\/10\/pressenza_logo_200x200.jpg\",\"contentUrl\":\"https:\/\/www.pressenza.com\/wp-content\/uploads\/2022\/10\/pressenza_logo_200x200.jpg\",\"width\":200,\"height\":200,\"caption\":\"Pressenza\"},\"image\":{\"@id\":\"https:\/\/www.pressenza.com\/es\/#\/schema\/logo\/image\/\"},\"sameAs\":[\"https:\/\/www.facebook.com\/PressenzaItalia\",\"https:\/\/x.com\/PressenzaIPA\"]},{\"@type\":\"Person\",\"@id\":\"https:\/\/www.pressenza.com\/es\/#\/schema\/person\/709976aa08f2a04a6763fd20e3e84f6a\",\"name\":\"Rosco Clamore\",\"url\":\"https:\/\/www.pressenza.com\/es\/author\/claudio-rossetti\/\"}]}<\/script>\n<!-- \/ Yoast SEO plugin. -->","yoast_head_json":{"title":"Redescubriendo la cultura Tzeltal Maya. 3- El pueblo del ma\u00edz","description":"\u00abLos p\u00e1jaros cantan para pedirle al cielo que llueva. Cantan para que el ma\u00edz, alimento vital de la creaci\u00f3n, crezca. Nuestros ancianos conoc\u00edan bien las","robots":{"index":"index","follow":"follow","max-snippet":"max-snippet:-1","max-image-preview":"max-image-preview:large","max-video-preview":"max-video-preview:-1"},"canonical":"https:\/\/www.pressenza.com\/es\/2019\/11\/redescubriendo-la-cultura-tzeltal-maya-3-el-pueblo-del-maiz\/","og_locale":"es_ES","og_type":"article","og_title":"Redescubriendo la cultura Tzeltal Maya. 3- El pueblo del ma\u00edz","og_description":"\u00abLos p\u00e1jaros cantan para pedirle al cielo que llueva. Cantan para que el ma\u00edz, alimento vital de la creaci\u00f3n, crezca. Nuestros ancianos conoc\u00edan bien las","og_url":"https:\/\/www.pressenza.com\/es\/2019\/11\/redescubriendo-la-cultura-tzeltal-maya-3-el-pueblo-del-maiz\/","og_site_name":"Pressenza","article_publisher":"https:\/\/www.facebook.com\/PressenzaItalia","article_published_time":"2019-11-26T19:27:15+00:00","og_image":[{"width":960,"height":596,"url":"https:\/\/www.pressenza.com\/wp-content\/uploads\/2019\/11\/mais-Pixabay.jpg","type":"image\/jpeg"}],"author":"Rosco Clamore","twitter_card":"summary_large_image","twitter_creator":"@PressenzaIPA","twitter_site":"@PressenzaIPA","twitter_misc":{"Escrito por":"Rosco Clamore","Tiempo de lectura":"3 minutos"},"schema":{"@context":"https:\/\/schema.org","@graph":[{"@type":"Article","@id":"https:\/\/www.pressenza.com\/es\/2019\/11\/redescubriendo-la-cultura-tzeltal-maya-3-el-pueblo-del-maiz\/#article","isPartOf":{"@id":"https:\/\/www.pressenza.com\/es\/2019\/11\/redescubriendo-la-cultura-tzeltal-maya-3-el-pueblo-del-maiz\/"},"author":{"name":"Rosco Clamore","@id":"https:\/\/www.pressenza.com\/es\/#\/schema\/person\/709976aa08f2a04a6763fd20e3e84f6a"},"headline":"Redescubriendo la cultura Tzeltal Maya. 3- El pueblo del ma\u00edz","datePublished":"2019-11-26T19:27:15+00:00","mainEntityOfPage":{"@id":"https:\/\/www.pressenza.com\/es\/2019\/11\/redescubriendo-la-cultura-tzeltal-maya-3-el-pueblo-del-maiz\/"},"wordCount":639,"publisher":{"@id":"https:\/\/www.pressenza.com\/es\/#organization"},"image":{"@id":"https:\/\/www.pressenza.com\/es\/2019\/11\/redescubriendo-la-cultura-tzeltal-maya-3-el-pueblo-del-maiz\/#primaryimage"},"thumbnailUrl":"https:\/\/www.pressenza.com\/wp-content\/uploads\/2019\/11\/mais-Pixabay.jpg","keywords":["Chiapas","comunidad","cultura Maya Tzeltal","ma\u00efs","M\u00e9xico","Popol Vuh","pozol"],"articleSection":["Contenido Original","Humanismo y Espiritualidad","Norteam\u00e9rica","Pueblos Originarios"],"inLanguage":"es"},{"@type":"WebPage","@id":"https:\/\/www.pressenza.com\/es\/2019\/11\/redescubriendo-la-cultura-tzeltal-maya-3-el-pueblo-del-maiz\/","url":"https:\/\/www.pressenza.com\/es\/2019\/11\/redescubriendo-la-cultura-tzeltal-maya-3-el-pueblo-del-maiz\/","name":"Redescubriendo la cultura Tzeltal Maya. 3- El pueblo del ma\u00edz","isPartOf":{"@id":"https:\/\/www.pressenza.com\/es\/#website"},"primaryImageOfPage":{"@id":"https:\/\/www.pressenza.com\/es\/2019\/11\/redescubriendo-la-cultura-tzeltal-maya-3-el-pueblo-del-maiz\/#primaryimage"},"image":{"@id":"https:\/\/www.pressenza.com\/es\/2019\/11\/redescubriendo-la-cultura-tzeltal-maya-3-el-pueblo-del-maiz\/#primaryimage"},"thumbnailUrl":"https:\/\/www.pressenza.com\/wp-content\/uploads\/2019\/11\/mais-Pixabay.jpg","datePublished":"2019-11-26T19:27:15+00:00","description":"\u00abLos p\u00e1jaros cantan para pedirle al cielo que llueva. Cantan para que el ma\u00edz, alimento vital de la creaci\u00f3n, crezca. Nuestros ancianos conoc\u00edan bien las","breadcrumb":{"@id":"https:\/\/www.pressenza.com\/es\/2019\/11\/redescubriendo-la-cultura-tzeltal-maya-3-el-pueblo-del-maiz\/#breadcrumb"},"inLanguage":"es","potentialAction":[{"@type":"ReadAction","target":["https:\/\/www.pressenza.com\/es\/2019\/11\/redescubriendo-la-cultura-tzeltal-maya-3-el-pueblo-del-maiz\/"]}]},{"@type":"ImageObject","inLanguage":"es","@id":"https:\/\/www.pressenza.com\/es\/2019\/11\/redescubriendo-la-cultura-tzeltal-maya-3-el-pueblo-del-maiz\/#primaryimage","url":"https:\/\/www.pressenza.com\/wp-content\/uploads\/2019\/11\/mais-Pixabay.jpg","contentUrl":"https:\/\/www.pressenza.com\/wp-content\/uploads\/2019\/11\/mais-Pixabay.jpg","width":960,"height":596},{"@type":"BreadcrumbList","@id":"https:\/\/www.pressenza.com\/es\/2019\/11\/redescubriendo-la-cultura-tzeltal-maya-3-el-pueblo-del-maiz\/#breadcrumb","itemListElement":[{"@type":"ListItem","position":1,"name":"Accueil","item":"https:\/\/www.pressenza.com\/es\/"},{"@type":"ListItem","position":2,"name":"Redescubriendo la cultura Tzeltal Maya. 3- El pueblo del ma\u00edz"}]},{"@type":"WebSite","@id":"https:\/\/www.pressenza.com\/es\/#website","url":"https:\/\/www.pressenza.com\/es\/","name":"Pressenza","description":"International Press Agency","publisher":{"@id":"https:\/\/www.pressenza.com\/es\/#organization"},"potentialAction":[{"@type":"SearchAction","target":{"@type":"EntryPoint","urlTemplate":"https:\/\/www.pressenza.com\/es\/?s={search_term_string}"},"query-input":{"@type":"PropertyValueSpecification","valueRequired":true,"valueName":"search_term_string"}}],"inLanguage":"es"},{"@type":"Organization","@id":"https:\/\/www.pressenza.com\/es\/#organization","name":"Pressenza","url":"https:\/\/www.pressenza.com\/es\/","logo":{"@type":"ImageObject","inLanguage":"es","@id":"https:\/\/www.pressenza.com\/es\/#\/schema\/logo\/image\/","url":"https:\/\/www.pressenza.com\/wp-content\/uploads\/2022\/10\/pressenza_logo_200x200.jpg","contentUrl":"https:\/\/www.pressenza.com\/wp-content\/uploads\/2022\/10\/pressenza_logo_200x200.jpg","width":200,"height":200,"caption":"Pressenza"},"image":{"@id":"https:\/\/www.pressenza.com\/es\/#\/schema\/logo\/image\/"},"sameAs":["https:\/\/www.facebook.com\/PressenzaItalia","https:\/\/x.com\/PressenzaIPA"]},{"@type":"Person","@id":"https:\/\/www.pressenza.com\/es\/#\/schema\/person\/709976aa08f2a04a6763fd20e3e84f6a","name":"Rosco Clamore","url":"https:\/\/www.pressenza.com\/es\/author\/claudio-rossetti\/"}]}},"place":"","original_article_url":"","_links":{"self":[{"href":"https:\/\/www.pressenza.com\/es\/wp-json\/wp\/v2\/posts\/981913","targetHints":{"allow":["GET"]}}],"collection":[{"href":"https:\/\/www.pressenza.com\/es\/wp-json\/wp\/v2\/posts"}],"about":[{"href":"https:\/\/www.pressenza.com\/es\/wp-json\/wp\/v2\/types\/post"}],"author":[{"embeddable":true,"href":"https:\/\/www.pressenza.com\/es\/wp-json\/wp\/v2\/users\/1617"}],"replies":[{"embeddable":true,"href":"https:\/\/www.pressenza.com\/es\/wp-json\/wp\/v2\/comments?post=981913"}],"version-history":[{"count":0,"href":"https:\/\/www.pressenza.com\/es\/wp-json\/wp\/v2\/posts\/981913\/revisions"}],"wp:featuredmedia":[{"embeddable":true,"href":"https:\/\/www.pressenza.com\/es\/wp-json\/wp\/v2\/media\/972492"}],"wp:attachment":[{"href":"https:\/\/www.pressenza.com\/es\/wp-json\/wp\/v2\/media?parent=981913"}],"wp:term":[{"taxonomy":"category","embeddable":true,"href":"https:\/\/www.pressenza.com\/es\/wp-json\/wp\/v2\/categories?post=981913"},{"taxonomy":"post_tag","embeddable":true,"href":"https:\/\/www.pressenza.com\/es\/wp-json\/wp\/v2\/tags?post=981913"}],"curies":[{"name":"wp","href":"https:\/\/api.w.org\/{rel}","templated":true}]}}