{"id":981423,"date":"2019-11-26T12:44:40","date_gmt":"2019-11-26T12:44:40","guid":{"rendered":"https:\/\/www.pressenza.com\/?p=981423"},"modified":"2019-11-26T12:44:40","modified_gmt":"2019-11-26T12:44:40","slug":"mendoza-fracaso-otro-intento-por-modificar-la-ley-que-regula-la-mineria","status":"publish","type":"post","link":"https:\/\/www.pressenza.com\/es\/2019\/11\/mendoza-fracaso-otro-intento-por-modificar-la-ley-que-regula-la-mineria\/","title":{"rendered":"Mendoza: fracas\u00f3 otro intento por modificar la ley que regula la miner\u00eda"},"content":{"rendered":"<p><strong>Daniel Funes, activista en contra de esta pr\u00e1ctica en la provincia, se refiri\u00f3 a un nuevo intento de cambiar la ley que regula la miner\u00eda a cielo abierto en Mendoza. Funes habl\u00f3 en Radio La Retaguardia con Fernando Tebele y con Pedro Ram\u00edrez Otero para contar c\u00f3mo lograron defender la legislaci\u00f3n que protege el agua. Adem\u00e1s, opin\u00f3 sobre la posibilidad de que el nuevo gobierno nacional desarrolle un Ministerio de Miner\u00eda.\u00a0<\/strong><\/p>\n<p>La ley 7.722 regula la explotaci\u00f3n minera a cielo abierto y proh\u00edbe\u00a0 la utilizaci\u00f3n de productos t\u00f3xicos. Esta ley fue una conquista que activistas como Daniel Funes defienden de los intentos de pol\u00edticos y empresarios que buscan evadirla para beneficiarse econ\u00f3micamente. Funes cont\u00f3 a La Retaguardia en qu\u00e9 consisten estas embestidas: <em>\u201cDesde el a\u00f1o 2007 que se hizo esta ley que proh\u00edbe el uso de sustancias t\u00f3xicas en miner\u00eda y adem\u00e1s obliga a las empresas mineras a pasar sus autorizaciones ambientales por la Legislatura. Son los 2 temas que m\u00e1s cuestionan los empresarios mineros. Desde 2007 hasta la fecha siempre se intent\u00f3 cambiar la ley o violarla. Hemos tenido dos intentos de proyectos mineros que burlaban el sentido de la ley. No es la primera vez. Primero con denuncias de inconstitucionalidad que la Corte Suprema de Justicia de la provincia resolvi\u00f3 con un fallo que para nosotros es un documento democr\u00e1tico. La Corte demostr\u00f3 que la ley sigui\u00f3 todos los pasos que la democracia exige de la participaci\u00f3n, de la representaci\u00f3n ciudadana y de la necesidad de preservar el bien com\u00fan por sobre el inter\u00e9s de las empresas particulares. Como ya no hay posibilidad de golpear la ley desde la Justicia, desde el a\u00f1o 2017 hasta la fecha empezaron a dar vueltas proyectos de derogaci\u00f3n, simplificaci\u00f3n y dem\u00e1s cuestiones que hagan que esta ley pierda el sentido real que es limitar el uso de las sustancias t\u00f3xicas para proteger el agua\u201d<\/em>, relat\u00f3 Daniel y ampli\u00f3: <em>\u201cEsta semana, con un acuerdo pol\u00edtico-empresarial muy grande, los medios masivos de la provincia hicieron una campa\u00f1a impresionante de desvalorizaci\u00f3n diciendo que la ley estaba atrasando Mendoza\u201d<\/em>.<\/p>\n<p>Si bien esta vez tambi\u00e9n pudieron frenar el intento de provocar la inconstitucionalidad de la ley, Funes avis\u00f3 que tienen que estar atentos a futuras maniobras pol\u00edticas para desestabilizarla: <em>\u201cEn la ma\u00f1ana del martes, logramos que se rompieran estos acuerdos y que no se tratara la ley. Es el cuarto gobernador, Alfredo Cornejo, que intenta bajar la ley y termina su mandato sin poder hacerlo. No significa que estamos tranquilos. El gobernador electo, Rodolfo Su\u00e1rez, ha dicho que su primera medida va a ser todos los acuerdos necesarios para tirar la ley\u201d<\/em>, remarc\u00f3 el activista.<\/p>\n<p><strong>\u00bfMinisterio de Miner\u00eda?<\/strong><\/p>\n<p>Ante los rumores sobre la posibilidad de que la nueva gesti\u00f3n de gobierno cree un Ministerio de Miner\u00eda, Funes expres\u00f3 que no le parecer\u00eda una mala idea si fuera para un desarrollo m\u00e1s sustentable y equitativo de la actividad: <em>\u201cEs una definici\u00f3n que no me parece mal. La miner\u00eda como actividad deber\u00eda desarrollarse. Lo que hay que ver es qu\u00e9 m\u00e9todo, d\u00f3nde se hace, para qui\u00e9n son los recursos. La ley de promociones mineras hace que la actividad minera metal\u00edfera a gran escala no le convenga a la provincia ni al pa\u00eds. La miner\u00eda hay que desarrollarla dentro de par\u00e1metros sustentables y de responsabilidad social, modificando las leyes del juego. No es posible que seamos una cantera para que otras empresas transnacionales de capitales extranjeros se lleven todas las ganancias, como est\u00e1 pasando en toda Latinoam\u00e9rica. Tenemos que entender que la miner\u00eda es una actividad l\u00edcita y necesaria, pero hay que cambiar las reglas de juego, si no es un saqueo para el pa\u00eds. La ley de promociones mineras se viene criticando gobierno tras gobierno, pero ninguno se anima a tocar ese papel\u201d<\/em>, dijo Daniel en referencia a la ley firmada en el gobierno de Carlos Menem que establece un m\u00e1ximo del 3% para el cobro de regal\u00edas por parte de las provincias con actividad minera.<\/p>\n<p><strong>Las consecuencias del cambio clim\u00e1tico y la miner\u00eda a cielo abierto<\/strong><\/p>\n<p>La situaci\u00f3n en la provincia de Mendoza es cr\u00edtica y de no haber un cambio de paradigma pronto, la provincia podr\u00eda perder sus afluentes de agua: <em>\u201cTenemos poca agua. No nieva, no llueve. Los expertos en cambio clim\u00e1tico dicen que va a ser mucho m\u00e1s cr\u00edtico. Es muy necesario como provincia sostener esta ley. Es muy cr\u00edtica la situaci\u00f3n del agua en la provincia de Mendoza. La miner\u00eda metal\u00edfera tal como est\u00e1 planteada en Latinoam\u00e9rica no es buena para ning\u00fan pueblo. Hay que cambiar radicalmente la forma de explotaci\u00f3n\u201d<\/em>, pidi\u00f3 Funes.<\/p>\n<p>El militante contra la miner\u00eda a cielo abierto opin\u00f3 sobre lo que espera del cambio de gobierno, teniendo en cuenta que \u201c<em>entre los dos modelos, este es el menos peor\u201d<\/em>. Funes arremeti\u00f3 con las pol\u00edticas del kirchnerismo y critic\u00f3 a Macri por las violaciones a los tratados para frenar el cambio clim\u00e1tico: \u201c<em>Le criticamos mucho al kirchnerismo no apoyarnos en las luchas ambientales. Se avanz\u00f3 en miner\u00eda y se avanz\u00f3 en fracking. Son dos actividades que ponen en riesgo el bien m\u00e1s preciado del oeste argentino que es el agua. Empecemos a mirar de frente el cambio clim\u00e1tico. La Argentina ha hecho muy mal los deberes desde el 2015 a la fecha. Se firmaron los tratados de Par\u00eds, pero no estamos cumpliendo lo que Argentina se hab\u00eda comprometido. Todo el pa\u00eds va a estar afectado. Se viene un desaf\u00edo muy grande que hay que ponerlo en la agenda pol\u00edtica, en la agenda de los medios de comunicaci\u00f3n y de la sociedad. Exijamos que el Congreso trate la ley de emergencia de cambio clim\u00e1tico\u201d<\/em>, cerr\u00f3 Funes.<\/p>\n","protected":false},"excerpt":{"rendered":"<p>Daniel Funes, activista en contra de esta pr\u00e1ctica en la provincia, se refiri\u00f3 a un nuevo intento de cambiar la ley que regula la miner\u00eda a cielo abierto en Mendoza. Funes habl\u00f3 en Radio La Retaguardia con Fernando Tebele y&hellip;<\/p>\n","protected":false},"author":1497,"featured_media":981424,"comment_status":"closed","ping_status":"closed","sticky":false,"template":"","format":"standard","meta":{"footnotes":""},"categories":[78,161,74,67],"tags":[26,1265,1544,18759,20348,5368,16971],"class_list":["post-981423","post","type-post","status-publish","format-standard","has-post-thumbnail","hentry","category-medio-ambiente-ecologia","category-opiniones","category-politica-es","category-sudamerica","tag-argentina","tag-cambio-climatico","tag-extractivismo","tag-industrias-extractivas","tag-megamineria","tag-mendoza","tag-mineria"],"yoast_head":"<!-- This site is optimized with the Yoast SEO plugin v27.1.1 - https:\/\/yoast.com\/product\/yoast-seo-wordpress\/ -->\n<title>Mendoza: fracas\u00f3 otro intento por modificar la ley que regula la miner\u00eda<\/title>\n<meta name=\"description\" content=\"Daniel Funes, activista en contra de esta pr\u00e1ctica en la provincia, se refiri\u00f3 a un nuevo intento de cambiar la ley que regula la miner\u00eda a cielo abierto\" \/>\n<meta name=\"robots\" content=\"index, follow, max-snippet:-1, max-image-preview:large, max-video-preview:-1\" \/>\n<link rel=\"canonical\" href=\"https:\/\/www.pressenza.com\/es\/2019\/11\/mendoza-fracaso-otro-intento-por-modificar-la-ley-que-regula-la-mineria\/\" \/>\n<meta property=\"og:locale\" content=\"es_ES\" \/>\n<meta property=\"og:type\" content=\"article\" \/>\n<meta property=\"og:title\" content=\"Mendoza: fracas\u00f3 otro intento por modificar la ley que regula la miner\u00eda\" \/>\n<meta property=\"og:description\" content=\"Daniel Funes, activista en contra de esta pr\u00e1ctica en la provincia, se refiri\u00f3 a un nuevo intento de cambiar la ley que regula la miner\u00eda a cielo abierto\" \/>\n<meta property=\"og:url\" content=\"https:\/\/www.pressenza.com\/es\/2019\/11\/mendoza-fracaso-otro-intento-por-modificar-la-ley-que-regula-la-mineria\/\" \/>\n<meta property=\"og:site_name\" content=\"Pressenza\" \/>\n<meta property=\"article:publisher\" content=\"https:\/\/www.facebook.com\/PressenzaItalia\" \/>\n<meta property=\"article:published_time\" content=\"2019-11-26T12:44:40+00:00\" \/>\n<meta property=\"og:image\" content=\"https:\/\/www.pressenza.com\/wp-content\/uploads\/2019\/11\/Asambleas-Mendocinas-por-el-Agua-Pura.jpg\" \/>\n\t<meta property=\"og:image:width\" content=\"800\" \/>\n\t<meta property=\"og:image:height\" content=\"533\" \/>\n\t<meta property=\"og:image:type\" content=\"image\/jpeg\" \/>\n<meta name=\"author\" content=\"La Retaguardia\" \/>\n<meta name=\"twitter:card\" content=\"summary_large_image\" \/>\n<meta name=\"twitter:creator\" content=\"@PressenzaIPA\" \/>\n<meta name=\"twitter:site\" content=\"@PressenzaIPA\" \/>\n<meta name=\"twitter:label1\" content=\"Escrito por\" \/>\n\t<meta name=\"twitter:data1\" content=\"La Retaguardia\" \/>\n\t<meta name=\"twitter:label2\" content=\"Tiempo de lectura\" \/>\n\t<meta name=\"twitter:data2\" content=\"5 minutos\" \/>\n<script type=\"application\/ld+json\" class=\"yoast-schema-graph\">{\"@context\":\"https:\/\/schema.org\",\"@graph\":[{\"@type\":\"Article\",\"@id\":\"https:\/\/www.pressenza.com\/es\/2019\/11\/mendoza-fracaso-otro-intento-por-modificar-la-ley-que-regula-la-mineria\/#article\",\"isPartOf\":{\"@id\":\"https:\/\/www.pressenza.com\/es\/2019\/11\/mendoza-fracaso-otro-intento-por-modificar-la-ley-que-regula-la-mineria\/\"},\"author\":{\"name\":\"La Retaguardia\",\"@id\":\"https:\/\/www.pressenza.com\/es\/#\/schema\/person\/98a38263ecdcc396a0f9c0adad4a5ce8\"},\"headline\":\"Mendoza: fracas\u00f3 otro intento por modificar la ley que regula la miner\u00eda\",\"datePublished\":\"2019-11-26T12:44:40+00:00\",\"mainEntityOfPage\":{\"@id\":\"https:\/\/www.pressenza.com\/es\/2019\/11\/mendoza-fracaso-otro-intento-por-modificar-la-ley-que-regula-la-mineria\/\"},\"wordCount\":1025,\"publisher\":{\"@id\":\"https:\/\/www.pressenza.com\/es\/#organization\"},\"image\":{\"@id\":\"https:\/\/www.pressenza.com\/es\/2019\/11\/mendoza-fracaso-otro-intento-por-modificar-la-ley-que-regula-la-mineria\/#primaryimage\"},\"thumbnailUrl\":\"https:\/\/www.pressenza.com\/wp-content\/uploads\/2019\/11\/Asambleas-Mendocinas-por-el-Agua-Pura.jpg\",\"keywords\":[\"Argentina\",\"cambio clim\u00e1tico\",\"extractivismo\",\"industrias extractivas\",\"megaminer\u00eda\",\"Mendoza\",\"Miner\u00eda\"],\"articleSection\":[\"Ecolog\u00eda y Medio Ambiente\",\"Opiniones\",\"Pol\u00edtica\",\"Sudam\u00e9rica\"],\"inLanguage\":\"es\"},{\"@type\":\"WebPage\",\"@id\":\"https:\/\/www.pressenza.com\/es\/2019\/11\/mendoza-fracaso-otro-intento-por-modificar-la-ley-que-regula-la-mineria\/\",\"url\":\"https:\/\/www.pressenza.com\/es\/2019\/11\/mendoza-fracaso-otro-intento-por-modificar-la-ley-que-regula-la-mineria\/\",\"name\":\"Mendoza: fracas\u00f3 otro intento por modificar la ley que regula la miner\u00eda\",\"isPartOf\":{\"@id\":\"https:\/\/www.pressenza.com\/es\/#website\"},\"primaryImageOfPage\":{\"@id\":\"https:\/\/www.pressenza.com\/es\/2019\/11\/mendoza-fracaso-otro-intento-por-modificar-la-ley-que-regula-la-mineria\/#primaryimage\"},\"image\":{\"@id\":\"https:\/\/www.pressenza.com\/es\/2019\/11\/mendoza-fracaso-otro-intento-por-modificar-la-ley-que-regula-la-mineria\/#primaryimage\"},\"thumbnailUrl\":\"https:\/\/www.pressenza.com\/wp-content\/uploads\/2019\/11\/Asambleas-Mendocinas-por-el-Agua-Pura.jpg\",\"datePublished\":\"2019-11-26T12:44:40+00:00\",\"description\":\"Daniel Funes, activista en contra de esta pr\u00e1ctica en la provincia, se refiri\u00f3 a un nuevo intento de cambiar la ley que regula la miner\u00eda a cielo abierto\",\"breadcrumb\":{\"@id\":\"https:\/\/www.pressenza.com\/es\/2019\/11\/mendoza-fracaso-otro-intento-por-modificar-la-ley-que-regula-la-mineria\/#breadcrumb\"},\"inLanguage\":\"es\",\"potentialAction\":[{\"@type\":\"ReadAction\",\"target\":[\"https:\/\/www.pressenza.com\/es\/2019\/11\/mendoza-fracaso-otro-intento-por-modificar-la-ley-que-regula-la-mineria\/\"]}]},{\"@type\":\"ImageObject\",\"inLanguage\":\"es\",\"@id\":\"https:\/\/www.pressenza.com\/es\/2019\/11\/mendoza-fracaso-otro-intento-por-modificar-la-ley-que-regula-la-mineria\/#primaryimage\",\"url\":\"https:\/\/www.pressenza.com\/wp-content\/uploads\/2019\/11\/Asambleas-Mendocinas-por-el-Agua-Pura.jpg\",\"contentUrl\":\"https:\/\/www.pressenza.com\/wp-content\/uploads\/2019\/11\/Asambleas-Mendocinas-por-el-Agua-Pura.jpg\",\"width\":800,\"height\":533},{\"@type\":\"BreadcrumbList\",\"@id\":\"https:\/\/www.pressenza.com\/es\/2019\/11\/mendoza-fracaso-otro-intento-por-modificar-la-ley-que-regula-la-mineria\/#breadcrumb\",\"itemListElement\":[{\"@type\":\"ListItem\",\"position\":1,\"name\":\"Accueil\",\"item\":\"https:\/\/www.pressenza.com\/es\/\"},{\"@type\":\"ListItem\",\"position\":2,\"name\":\"Mendoza: fracas\u00f3 otro intento por modificar la ley que regula la miner\u00eda\"}]},{\"@type\":\"WebSite\",\"@id\":\"https:\/\/www.pressenza.com\/es\/#website\",\"url\":\"https:\/\/www.pressenza.com\/es\/\",\"name\":\"Pressenza\",\"description\":\"International Press Agency\",\"publisher\":{\"@id\":\"https:\/\/www.pressenza.com\/es\/#organization\"},\"potentialAction\":[{\"@type\":\"SearchAction\",\"target\":{\"@type\":\"EntryPoint\",\"urlTemplate\":\"https:\/\/www.pressenza.com\/es\/?s={search_term_string}\"},\"query-input\":{\"@type\":\"PropertyValueSpecification\",\"valueRequired\":true,\"valueName\":\"search_term_string\"}}],\"inLanguage\":\"es\"},{\"@type\":\"Organization\",\"@id\":\"https:\/\/www.pressenza.com\/es\/#organization\",\"name\":\"Pressenza\",\"url\":\"https:\/\/www.pressenza.com\/es\/\",\"logo\":{\"@type\":\"ImageObject\",\"inLanguage\":\"es\",\"@id\":\"https:\/\/www.pressenza.com\/es\/#\/schema\/logo\/image\/\",\"url\":\"https:\/\/www.pressenza.com\/wp-content\/uploads\/2022\/10\/pressenza_logo_200x200.jpg\",\"contentUrl\":\"https:\/\/www.pressenza.com\/wp-content\/uploads\/2022\/10\/pressenza_logo_200x200.jpg\",\"width\":200,\"height\":200,\"caption\":\"Pressenza\"},\"image\":{\"@id\":\"https:\/\/www.pressenza.com\/es\/#\/schema\/logo\/image\/\"},\"sameAs\":[\"https:\/\/www.facebook.com\/PressenzaItalia\",\"https:\/\/x.com\/PressenzaIPA\"]},{\"@type\":\"Person\",\"@id\":\"https:\/\/www.pressenza.com\/es\/#\/schema\/person\/98a38263ecdcc396a0f9c0adad4a5ce8\",\"name\":\"La Retaguardia\",\"description\":\"La Retaguardia es un colectivo de Periodismo Social con base en Argentina. Somos una radio online, un portal de noticias y tambi\u00e9n una revista de publicaci\u00f3n mensual en papel. Participamos del movimiento de medios comunitarios, alternativos y populares, integrando la Red Nacional de Medios Alternativos. Queremos cambiar el mundo y nuestra herramienta es la comunicaci\u00f3n popular. www.laretaguardia.com.ar\",\"sameAs\":[\"http:\/\/www.laretaguardia.com.ar\/\"],\"url\":\"https:\/\/www.pressenza.com\/es\/author\/la-retaguardia\/\"}]}<\/script>\n<!-- \/ Yoast SEO plugin. -->","yoast_head_json":{"title":"Mendoza: fracas\u00f3 otro intento por modificar la ley que regula la miner\u00eda","description":"Daniel Funes, activista en contra de esta pr\u00e1ctica en la provincia, se refiri\u00f3 a un nuevo intento de cambiar la ley que regula la miner\u00eda a cielo abierto","robots":{"index":"index","follow":"follow","max-snippet":"max-snippet:-1","max-image-preview":"max-image-preview:large","max-video-preview":"max-video-preview:-1"},"canonical":"https:\/\/www.pressenza.com\/es\/2019\/11\/mendoza-fracaso-otro-intento-por-modificar-la-ley-que-regula-la-mineria\/","og_locale":"es_ES","og_type":"article","og_title":"Mendoza: fracas\u00f3 otro intento por modificar la ley que regula la miner\u00eda","og_description":"Daniel Funes, activista en contra de esta pr\u00e1ctica en la provincia, se refiri\u00f3 a un nuevo intento de cambiar la ley que regula la miner\u00eda a cielo abierto","og_url":"https:\/\/www.pressenza.com\/es\/2019\/11\/mendoza-fracaso-otro-intento-por-modificar-la-ley-que-regula-la-mineria\/","og_site_name":"Pressenza","article_publisher":"https:\/\/www.facebook.com\/PressenzaItalia","article_published_time":"2019-11-26T12:44:40+00:00","og_image":[{"width":800,"height":533,"url":"https:\/\/www.pressenza.com\/wp-content\/uploads\/2019\/11\/Asambleas-Mendocinas-por-el-Agua-Pura.jpg","type":"image\/jpeg"}],"author":"La Retaguardia","twitter_card":"summary_large_image","twitter_creator":"@PressenzaIPA","twitter_site":"@PressenzaIPA","twitter_misc":{"Escrito por":"La Retaguardia","Tiempo de lectura":"5 minutos"},"schema":{"@context":"https:\/\/schema.org","@graph":[{"@type":"Article","@id":"https:\/\/www.pressenza.com\/es\/2019\/11\/mendoza-fracaso-otro-intento-por-modificar-la-ley-que-regula-la-mineria\/#article","isPartOf":{"@id":"https:\/\/www.pressenza.com\/es\/2019\/11\/mendoza-fracaso-otro-intento-por-modificar-la-ley-que-regula-la-mineria\/"},"author":{"name":"La Retaguardia","@id":"https:\/\/www.pressenza.com\/es\/#\/schema\/person\/98a38263ecdcc396a0f9c0adad4a5ce8"},"headline":"Mendoza: fracas\u00f3 otro intento por modificar la ley que regula la miner\u00eda","datePublished":"2019-11-26T12:44:40+00:00","mainEntityOfPage":{"@id":"https:\/\/www.pressenza.com\/es\/2019\/11\/mendoza-fracaso-otro-intento-por-modificar-la-ley-que-regula-la-mineria\/"},"wordCount":1025,"publisher":{"@id":"https:\/\/www.pressenza.com\/es\/#organization"},"image":{"@id":"https:\/\/www.pressenza.com\/es\/2019\/11\/mendoza-fracaso-otro-intento-por-modificar-la-ley-que-regula-la-mineria\/#primaryimage"},"thumbnailUrl":"https:\/\/www.pressenza.com\/wp-content\/uploads\/2019\/11\/Asambleas-Mendocinas-por-el-Agua-Pura.jpg","keywords":["Argentina","cambio clim\u00e1tico","extractivismo","industrias extractivas","megaminer\u00eda","Mendoza","Miner\u00eda"],"articleSection":["Ecolog\u00eda y Medio Ambiente","Opiniones","Pol\u00edtica","Sudam\u00e9rica"],"inLanguage":"es"},{"@type":"WebPage","@id":"https:\/\/www.pressenza.com\/es\/2019\/11\/mendoza-fracaso-otro-intento-por-modificar-la-ley-que-regula-la-mineria\/","url":"https:\/\/www.pressenza.com\/es\/2019\/11\/mendoza-fracaso-otro-intento-por-modificar-la-ley-que-regula-la-mineria\/","name":"Mendoza: fracas\u00f3 otro intento por modificar la ley que regula la miner\u00eda","isPartOf":{"@id":"https:\/\/www.pressenza.com\/es\/#website"},"primaryImageOfPage":{"@id":"https:\/\/www.pressenza.com\/es\/2019\/11\/mendoza-fracaso-otro-intento-por-modificar-la-ley-que-regula-la-mineria\/#primaryimage"},"image":{"@id":"https:\/\/www.pressenza.com\/es\/2019\/11\/mendoza-fracaso-otro-intento-por-modificar-la-ley-que-regula-la-mineria\/#primaryimage"},"thumbnailUrl":"https:\/\/www.pressenza.com\/wp-content\/uploads\/2019\/11\/Asambleas-Mendocinas-por-el-Agua-Pura.jpg","datePublished":"2019-11-26T12:44:40+00:00","description":"Daniel Funes, activista en contra de esta pr\u00e1ctica en la provincia, se refiri\u00f3 a un nuevo intento de cambiar la ley que regula la miner\u00eda a cielo abierto","breadcrumb":{"@id":"https:\/\/www.pressenza.com\/es\/2019\/11\/mendoza-fracaso-otro-intento-por-modificar-la-ley-que-regula-la-mineria\/#breadcrumb"},"inLanguage":"es","potentialAction":[{"@type":"ReadAction","target":["https:\/\/www.pressenza.com\/es\/2019\/11\/mendoza-fracaso-otro-intento-por-modificar-la-ley-que-regula-la-mineria\/"]}]},{"@type":"ImageObject","inLanguage":"es","@id":"https:\/\/www.pressenza.com\/es\/2019\/11\/mendoza-fracaso-otro-intento-por-modificar-la-ley-que-regula-la-mineria\/#primaryimage","url":"https:\/\/www.pressenza.com\/wp-content\/uploads\/2019\/11\/Asambleas-Mendocinas-por-el-Agua-Pura.jpg","contentUrl":"https:\/\/www.pressenza.com\/wp-content\/uploads\/2019\/11\/Asambleas-Mendocinas-por-el-Agua-Pura.jpg","width":800,"height":533},{"@type":"BreadcrumbList","@id":"https:\/\/www.pressenza.com\/es\/2019\/11\/mendoza-fracaso-otro-intento-por-modificar-la-ley-que-regula-la-mineria\/#breadcrumb","itemListElement":[{"@type":"ListItem","position":1,"name":"Accueil","item":"https:\/\/www.pressenza.com\/es\/"},{"@type":"ListItem","position":2,"name":"Mendoza: fracas\u00f3 otro intento por modificar la ley que regula la miner\u00eda"}]},{"@type":"WebSite","@id":"https:\/\/www.pressenza.com\/es\/#website","url":"https:\/\/www.pressenza.com\/es\/","name":"Pressenza","description":"International Press Agency","publisher":{"@id":"https:\/\/www.pressenza.com\/es\/#organization"},"potentialAction":[{"@type":"SearchAction","target":{"@type":"EntryPoint","urlTemplate":"https:\/\/www.pressenza.com\/es\/?s={search_term_string}"},"query-input":{"@type":"PropertyValueSpecification","valueRequired":true,"valueName":"search_term_string"}}],"inLanguage":"es"},{"@type":"Organization","@id":"https:\/\/www.pressenza.com\/es\/#organization","name":"Pressenza","url":"https:\/\/www.pressenza.com\/es\/","logo":{"@type":"ImageObject","inLanguage":"es","@id":"https:\/\/www.pressenza.com\/es\/#\/schema\/logo\/image\/","url":"https:\/\/www.pressenza.com\/wp-content\/uploads\/2022\/10\/pressenza_logo_200x200.jpg","contentUrl":"https:\/\/www.pressenza.com\/wp-content\/uploads\/2022\/10\/pressenza_logo_200x200.jpg","width":200,"height":200,"caption":"Pressenza"},"image":{"@id":"https:\/\/www.pressenza.com\/es\/#\/schema\/logo\/image\/"},"sameAs":["https:\/\/www.facebook.com\/PressenzaItalia","https:\/\/x.com\/PressenzaIPA"]},{"@type":"Person","@id":"https:\/\/www.pressenza.com\/es\/#\/schema\/person\/98a38263ecdcc396a0f9c0adad4a5ce8","name":"La Retaguardia","description":"La Retaguardia es un colectivo de Periodismo Social con base en Argentina. Somos una radio online, un portal de noticias y tambi\u00e9n una revista de publicaci\u00f3n mensual en papel. Participamos del movimiento de medios comunitarios, alternativos y populares, integrando la Red Nacional de Medios Alternativos. Queremos cambiar el mundo y nuestra herramienta es la comunicaci\u00f3n popular. www.laretaguardia.com.ar","sameAs":["http:\/\/www.laretaguardia.com.ar\/"],"url":"https:\/\/www.pressenza.com\/es\/author\/la-retaguardia\/"}]}},"place":"Ciudad de Buenos Aires, Argentina","original_article_url":"http:\/\/www.laretaguardia.com.ar\/2019\/11\/mineria-mendoza_25.html","_links":{"self":[{"href":"https:\/\/www.pressenza.com\/es\/wp-json\/wp\/v2\/posts\/981423","targetHints":{"allow":["GET"]}}],"collection":[{"href":"https:\/\/www.pressenza.com\/es\/wp-json\/wp\/v2\/posts"}],"about":[{"href":"https:\/\/www.pressenza.com\/es\/wp-json\/wp\/v2\/types\/post"}],"author":[{"embeddable":true,"href":"https:\/\/www.pressenza.com\/es\/wp-json\/wp\/v2\/users\/1497"}],"replies":[{"embeddable":true,"href":"https:\/\/www.pressenza.com\/es\/wp-json\/wp\/v2\/comments?post=981423"}],"version-history":[{"count":0,"href":"https:\/\/www.pressenza.com\/es\/wp-json\/wp\/v2\/posts\/981423\/revisions"}],"wp:featuredmedia":[{"embeddable":true,"href":"https:\/\/www.pressenza.com\/es\/wp-json\/wp\/v2\/media\/981424"}],"wp:attachment":[{"href":"https:\/\/www.pressenza.com\/es\/wp-json\/wp\/v2\/media?parent=981423"}],"wp:term":[{"taxonomy":"category","embeddable":true,"href":"https:\/\/www.pressenza.com\/es\/wp-json\/wp\/v2\/categories?post=981423"},{"taxonomy":"post_tag","embeddable":true,"href":"https:\/\/www.pressenza.com\/es\/wp-json\/wp\/v2\/tags?post=981423"}],"curies":[{"name":"wp","href":"https:\/\/api.w.org\/{rel}","templated":true}]}}