{"id":981191,"date":"2019-11-25T19:11:05","date_gmt":"2019-11-25T19:11:05","guid":{"rendered":"https:\/\/www.pressenza.com\/?p=981191"},"modified":"2019-11-25T19:11:05","modified_gmt":"2019-11-25T19:11:05","slug":"africa-occidental-en-el-ciberespacio-cuestiones-de-seguridad-y-soberania","status":"publish","type":"post","link":"https:\/\/www.pressenza.com\/es\/2019\/11\/africa-occidental-en-el-ciberespacio-cuestiones-de-seguridad-y-soberania\/","title":{"rendered":"\u00c1frica occidental en el ciberespacio: cuestiones de seguridad y soberan\u00eda"},"content":{"rendered":"<p><strong>Los d\u00edas 27 y 28 de noviembre en Bruselas, el GRIP (Grupo de investigaci\u00f3n e informaci\u00f3n sobre la paz y seguridad) los invita a celebrar sus 40 a\u00f1os de existencia<\/strong> abordando este tema particularmente actual.<\/p>\n<p>Las amenazas cibern\u00e9ticas se han convertido, en pocos a\u00f1os, en importantes problemas geopol\u00edticos y en una preocupaci\u00f3n creciente para muchos estados. Sin embargo, las amenazas terroristas y la creciente inestabilidad en el Sahel han retrasado la toma de conciencia en la subregi\u00f3n de \u00c1frica occidental, por lo que el pensamiento digital a menudo se ha limitado a una simple lucha contra la ciberdelincuencia.<\/p>\n<p>El GRIP los invita a leer la Nota de An\u00e1lisis, escrita por Coline M\u00e9chinaud, quien revisa los diversos temas de seguridad y soberan\u00eda relacionados con el ciberespacio para los estados de \u00c1frica Occidental; empresas que est\u00e1n experimentando un crecimiento digital extremadamente r\u00e1pido. Este trabajo se basa en particular en encuestas de campo y entrevistas realizadas en Senegal, Ghana, Costa de Marfil y N\u00edger\u2026<\/p>\n<p>Enlace: https:\/\/www.grip.org\/node\/2852<\/p>\n<p><strong>Toda la informaci\u00f3n sobre el programa por los 40 a\u00f1os del GRIP: www.grip.org<\/strong><\/p>\n<hr \/>\n<p><em>Traducci\u00f3n del franc\u00e9s por Michelle Velez<\/em><\/p>\n","protected":false},"excerpt":{"rendered":"<p>Los d\u00edas 27 y 28 de noviembre en Bruselas, el GRIP (Grupo de investigaci\u00f3n e informaci\u00f3n sobre la paz y seguridad) los invita a celebrar sus 40 a\u00f1os de existencia abordando este tema particularmente actual. Las amenazas cibern\u00e9ticas se han&hellip;<\/p>\n","protected":false},"author":1716,"featured_media":975752,"comment_status":"closed","ping_status":"closed","sticky":false,"template":"","format":"standard","meta":{"footnotes":""},"categories":[64,76,149,79,39,1243],"tags":[16510,709,419],"class_list":["post-981191","post","type-post","status-publish","format-standard","has-post-thumbnail","hentry","category-africa-es","category-relaciones-exteriores","category-comunicados-de-prensa","category-derechos-humanos","category-internacional","category-paz-desarme","tag-africa-es","tag-desarme","tag-paz"],"yoast_head":"<!-- This site is optimized with the Yoast SEO plugin v27.1.1 - https:\/\/yoast.com\/product\/yoast-seo-wordpress\/ -->\n<title>\u00c1frica occidental en el ciberespacio: cuestiones de seguridad y soberan\u00eda<\/title>\n<meta name=\"description\" content=\"Los d\u00edas 27 y 28 de noviembre en Bruselas, el GRIP (Grupo de investigaci\u00f3n e informaci\u00f3n sobre la paz y seguridad) los invita a celebrar sus 40 a\u00f1os de\" \/>\n<meta name=\"robots\" content=\"index, follow, max-snippet:-1, max-image-preview:large, max-video-preview:-1\" \/>\n<link rel=\"canonical\" href=\"https:\/\/www.pressenza.com\/es\/2019\/11\/africa-occidental-en-el-ciberespacio-cuestiones-de-seguridad-y-soberania\/\" \/>\n<meta property=\"og:locale\" content=\"es_ES\" \/>\n<meta property=\"og:type\" content=\"article\" \/>\n<meta property=\"og:title\" content=\"\u00c1frica occidental en el ciberespacio: cuestiones de seguridad y soberan\u00eda\" \/>\n<meta property=\"og:description\" content=\"Los d\u00edas 27 y 28 de noviembre en Bruselas, el GRIP (Grupo de investigaci\u00f3n e informaci\u00f3n sobre la paz y seguridad) los invita a celebrar sus 40 a\u00f1os de\" \/>\n<meta property=\"og:url\" content=\"https:\/\/www.pressenza.com\/es\/2019\/11\/africa-occidental-en-el-ciberespacio-cuestiones-de-seguridad-y-soberania\/\" \/>\n<meta property=\"og:site_name\" content=\"Pressenza\" \/>\n<meta property=\"article:publisher\" content=\"https:\/\/www.facebook.com\/PressenzaItalia\" \/>\n<meta property=\"article:author\" content=\"https:\/\/www.facebook.com\/GRIP.1979\" \/>\n<meta property=\"article:published_time\" content=\"2019-11-25T19:11:05+00:00\" \/>\n<meta property=\"og:image\" content=\"https:\/\/www.pressenza.com\/wp-content\/uploads\/2019\/11\/27867955471_50b4aa220e_o.png\" \/>\n\t<meta property=\"og:image:width\" content=\"2630\" \/>\n\t<meta property=\"og:image:height\" content=\"2487\" \/>\n\t<meta property=\"og:image:type\" content=\"image\/png\" \/>\n<meta name=\"author\" content=\"GRIP\" \/>\n<meta name=\"twitter:card\" content=\"summary_large_image\" \/>\n<meta name=\"twitter:creator\" content=\"@grip_org\" \/>\n<meta name=\"twitter:site\" content=\"@PressenzaIPA\" \/>\n<meta name=\"twitter:label1\" content=\"Escrito por\" \/>\n\t<meta name=\"twitter:data1\" content=\"GRIP\" \/>\n\t<meta name=\"twitter:label2\" content=\"Tiempo de lectura\" \/>\n\t<meta name=\"twitter:data2\" content=\"1 minuto\" \/>\n<script type=\"application\/ld+json\" class=\"yoast-schema-graph\">{\"@context\":\"https:\/\/schema.org\",\"@graph\":[{\"@type\":\"Article\",\"@id\":\"https:\/\/www.pressenza.com\/es\/2019\/11\/africa-occidental-en-el-ciberespacio-cuestiones-de-seguridad-y-soberania\/#article\",\"isPartOf\":{\"@id\":\"https:\/\/www.pressenza.com\/es\/2019\/11\/africa-occidental-en-el-ciberespacio-cuestiones-de-seguridad-y-soberania\/\"},\"author\":{\"name\":\"GRIP\",\"@id\":\"https:\/\/www.pressenza.com\/es\/#\/schema\/person\/b1206bbbd504626f2d66a967b60b4ec1\"},\"headline\":\"\u00c1frica occidental en el ciberespacio: cuestiones de seguridad y soberan\u00eda\",\"datePublished\":\"2019-11-25T19:11:05+00:00\",\"mainEntityOfPage\":{\"@id\":\"https:\/\/www.pressenza.com\/es\/2019\/11\/africa-occidental-en-el-ciberespacio-cuestiones-de-seguridad-y-soberania\/\"},\"wordCount\":214,\"publisher\":{\"@id\":\"https:\/\/www.pressenza.com\/es\/#organization\"},\"image\":{\"@id\":\"https:\/\/www.pressenza.com\/es\/2019\/11\/africa-occidental-en-el-ciberespacio-cuestiones-de-seguridad-y-soberania\/#primaryimage\"},\"thumbnailUrl\":\"https:\/\/www.pressenza.com\/wp-content\/uploads\/2019\/11\/27867955471_50b4aa220e_o.png\",\"keywords\":[\"Africa\",\"Desarme\",\"Paz\"],\"articleSection\":[\"Africa\",\"Asuntos internacionales\",\"Comunicados de Prensa\",\"Derechos Humanos\",\"Internacional\",\"Paz y Desarme\"],\"inLanguage\":\"es\"},{\"@type\":\"WebPage\",\"@id\":\"https:\/\/www.pressenza.com\/es\/2019\/11\/africa-occidental-en-el-ciberespacio-cuestiones-de-seguridad-y-soberania\/\",\"url\":\"https:\/\/www.pressenza.com\/es\/2019\/11\/africa-occidental-en-el-ciberespacio-cuestiones-de-seguridad-y-soberania\/\",\"name\":\"\u00c1frica occidental en el ciberespacio: cuestiones de seguridad y soberan\u00eda\",\"isPartOf\":{\"@id\":\"https:\/\/www.pressenza.com\/es\/#website\"},\"primaryImageOfPage\":{\"@id\":\"https:\/\/www.pressenza.com\/es\/2019\/11\/africa-occidental-en-el-ciberespacio-cuestiones-de-seguridad-y-soberania\/#primaryimage\"},\"image\":{\"@id\":\"https:\/\/www.pressenza.com\/es\/2019\/11\/africa-occidental-en-el-ciberespacio-cuestiones-de-seguridad-y-soberania\/#primaryimage\"},\"thumbnailUrl\":\"https:\/\/www.pressenza.com\/wp-content\/uploads\/2019\/11\/27867955471_50b4aa220e_o.png\",\"datePublished\":\"2019-11-25T19:11:05+00:00\",\"description\":\"Los d\u00edas 27 y 28 de noviembre en Bruselas, el GRIP (Grupo de investigaci\u00f3n e informaci\u00f3n sobre la paz y seguridad) los invita a celebrar sus 40 a\u00f1os de\",\"breadcrumb\":{\"@id\":\"https:\/\/www.pressenza.com\/es\/2019\/11\/africa-occidental-en-el-ciberespacio-cuestiones-de-seguridad-y-soberania\/#breadcrumb\"},\"inLanguage\":\"es\",\"potentialAction\":[{\"@type\":\"ReadAction\",\"target\":[\"https:\/\/www.pressenza.com\/es\/2019\/11\/africa-occidental-en-el-ciberespacio-cuestiones-de-seguridad-y-soberania\/\"]}]},{\"@type\":\"ImageObject\",\"inLanguage\":\"es\",\"@id\":\"https:\/\/www.pressenza.com\/es\/2019\/11\/africa-occidental-en-el-ciberespacio-cuestiones-de-seguridad-y-soberania\/#primaryimage\",\"url\":\"https:\/\/www.pressenza.com\/wp-content\/uploads\/2019\/11\/27867955471_50b4aa220e_o.png\",\"contentUrl\":\"https:\/\/www.pressenza.com\/wp-content\/uploads\/2019\/11\/27867955471_50b4aa220e_o.png\",\"width\":2630,\"height\":2487,\"caption\":\"C\u00e2bles sous-marins en Afrique -2018 peut-\u00eatre (version 45)\"},{\"@type\":\"BreadcrumbList\",\"@id\":\"https:\/\/www.pressenza.com\/es\/2019\/11\/africa-occidental-en-el-ciberespacio-cuestiones-de-seguridad-y-soberania\/#breadcrumb\",\"itemListElement\":[{\"@type\":\"ListItem\",\"position\":1,\"name\":\"Accueil\",\"item\":\"https:\/\/www.pressenza.com\/es\/\"},{\"@type\":\"ListItem\",\"position\":2,\"name\":\"\u00c1frica occidental en el ciberespacio: cuestiones de seguridad y soberan\u00eda\"}]},{\"@type\":\"WebSite\",\"@id\":\"https:\/\/www.pressenza.com\/es\/#website\",\"url\":\"https:\/\/www.pressenza.com\/es\/\",\"name\":\"Pressenza\",\"description\":\"International Press Agency\",\"publisher\":{\"@id\":\"https:\/\/www.pressenza.com\/es\/#organization\"},\"potentialAction\":[{\"@type\":\"SearchAction\",\"target\":{\"@type\":\"EntryPoint\",\"urlTemplate\":\"https:\/\/www.pressenza.com\/es\/?s={search_term_string}\"},\"query-input\":{\"@type\":\"PropertyValueSpecification\",\"valueRequired\":true,\"valueName\":\"search_term_string\"}}],\"inLanguage\":\"es\"},{\"@type\":\"Organization\",\"@id\":\"https:\/\/www.pressenza.com\/es\/#organization\",\"name\":\"Pressenza\",\"url\":\"https:\/\/www.pressenza.com\/es\/\",\"logo\":{\"@type\":\"ImageObject\",\"inLanguage\":\"es\",\"@id\":\"https:\/\/www.pressenza.com\/es\/#\/schema\/logo\/image\/\",\"url\":\"https:\/\/www.pressenza.com\/wp-content\/uploads\/2022\/10\/pressenza_logo_200x200.jpg\",\"contentUrl\":\"https:\/\/www.pressenza.com\/wp-content\/uploads\/2022\/10\/pressenza_logo_200x200.jpg\",\"width\":200,\"height\":200,\"caption\":\"Pressenza\"},\"image\":{\"@id\":\"https:\/\/www.pressenza.com\/es\/#\/schema\/logo\/image\/\"},\"sameAs\":[\"https:\/\/www.facebook.com\/PressenzaItalia\",\"https:\/\/x.com\/PressenzaIPA\"]},{\"@type\":\"Person\",\"@id\":\"https:\/\/www.pressenza.com\/es\/#\/schema\/person\/b1206bbbd504626f2d66a967b60b4ec1\",\"name\":\"GRIP\",\"description\":\"L\u2019objectif du GRIP est de travailler en faveur de la pr\u00e9vention des conflits, du d\u00e9sarmement et de l'am\u00e9lioration de la ma\u00eetrise des armements. Le GRIP est un centre de recherche ind\u00e9pendant qui porte une attention particuli\u00e8re \u00e0 faire conna\u00eetre ses travaux au plus grand nombre\",\"sameAs\":[\"https:\/\/www.grip.org\/fr\",\"https:\/\/www.facebook.com\/GRIP.1979\",\"https:\/\/x.com\/grip_org\"],\"url\":\"https:\/\/www.pressenza.com\/es\/author\/grip\/\"}]}<\/script>\n<!-- \/ Yoast SEO plugin. -->","yoast_head_json":{"title":"\u00c1frica occidental en el ciberespacio: cuestiones de seguridad y soberan\u00eda","description":"Los d\u00edas 27 y 28 de noviembre en Bruselas, el GRIP (Grupo de investigaci\u00f3n e informaci\u00f3n sobre la paz y seguridad) los invita a celebrar sus 40 a\u00f1os de","robots":{"index":"index","follow":"follow","max-snippet":"max-snippet:-1","max-image-preview":"max-image-preview:large","max-video-preview":"max-video-preview:-1"},"canonical":"https:\/\/www.pressenza.com\/es\/2019\/11\/africa-occidental-en-el-ciberespacio-cuestiones-de-seguridad-y-soberania\/","og_locale":"es_ES","og_type":"article","og_title":"\u00c1frica occidental en el ciberespacio: cuestiones de seguridad y soberan\u00eda","og_description":"Los d\u00edas 27 y 28 de noviembre en Bruselas, el GRIP (Grupo de investigaci\u00f3n e informaci\u00f3n sobre la paz y seguridad) los invita a celebrar sus 40 a\u00f1os de","og_url":"https:\/\/www.pressenza.com\/es\/2019\/11\/africa-occidental-en-el-ciberespacio-cuestiones-de-seguridad-y-soberania\/","og_site_name":"Pressenza","article_publisher":"https:\/\/www.facebook.com\/PressenzaItalia","article_author":"https:\/\/www.facebook.com\/GRIP.1979","article_published_time":"2019-11-25T19:11:05+00:00","og_image":[{"width":2630,"height":2487,"url":"https:\/\/www.pressenza.com\/wp-content\/uploads\/2019\/11\/27867955471_50b4aa220e_o.png","type":"image\/png"}],"author":"GRIP","twitter_card":"summary_large_image","twitter_creator":"@grip_org","twitter_site":"@PressenzaIPA","twitter_misc":{"Escrito por":"GRIP","Tiempo de lectura":"1 minuto"},"schema":{"@context":"https:\/\/schema.org","@graph":[{"@type":"Article","@id":"https:\/\/www.pressenza.com\/es\/2019\/11\/africa-occidental-en-el-ciberespacio-cuestiones-de-seguridad-y-soberania\/#article","isPartOf":{"@id":"https:\/\/www.pressenza.com\/es\/2019\/11\/africa-occidental-en-el-ciberespacio-cuestiones-de-seguridad-y-soberania\/"},"author":{"name":"GRIP","@id":"https:\/\/www.pressenza.com\/es\/#\/schema\/person\/b1206bbbd504626f2d66a967b60b4ec1"},"headline":"\u00c1frica occidental en el ciberespacio: cuestiones de seguridad y soberan\u00eda","datePublished":"2019-11-25T19:11:05+00:00","mainEntityOfPage":{"@id":"https:\/\/www.pressenza.com\/es\/2019\/11\/africa-occidental-en-el-ciberespacio-cuestiones-de-seguridad-y-soberania\/"},"wordCount":214,"publisher":{"@id":"https:\/\/www.pressenza.com\/es\/#organization"},"image":{"@id":"https:\/\/www.pressenza.com\/es\/2019\/11\/africa-occidental-en-el-ciberespacio-cuestiones-de-seguridad-y-soberania\/#primaryimage"},"thumbnailUrl":"https:\/\/www.pressenza.com\/wp-content\/uploads\/2019\/11\/27867955471_50b4aa220e_o.png","keywords":["Africa","Desarme","Paz"],"articleSection":["Africa","Asuntos internacionales","Comunicados de Prensa","Derechos Humanos","Internacional","Paz y Desarme"],"inLanguage":"es"},{"@type":"WebPage","@id":"https:\/\/www.pressenza.com\/es\/2019\/11\/africa-occidental-en-el-ciberespacio-cuestiones-de-seguridad-y-soberania\/","url":"https:\/\/www.pressenza.com\/es\/2019\/11\/africa-occidental-en-el-ciberespacio-cuestiones-de-seguridad-y-soberania\/","name":"\u00c1frica occidental en el ciberespacio: cuestiones de seguridad y soberan\u00eda","isPartOf":{"@id":"https:\/\/www.pressenza.com\/es\/#website"},"primaryImageOfPage":{"@id":"https:\/\/www.pressenza.com\/es\/2019\/11\/africa-occidental-en-el-ciberespacio-cuestiones-de-seguridad-y-soberania\/#primaryimage"},"image":{"@id":"https:\/\/www.pressenza.com\/es\/2019\/11\/africa-occidental-en-el-ciberespacio-cuestiones-de-seguridad-y-soberania\/#primaryimage"},"thumbnailUrl":"https:\/\/www.pressenza.com\/wp-content\/uploads\/2019\/11\/27867955471_50b4aa220e_o.png","datePublished":"2019-11-25T19:11:05+00:00","description":"Los d\u00edas 27 y 28 de noviembre en Bruselas, el GRIP (Grupo de investigaci\u00f3n e informaci\u00f3n sobre la paz y seguridad) los invita a celebrar sus 40 a\u00f1os de","breadcrumb":{"@id":"https:\/\/www.pressenza.com\/es\/2019\/11\/africa-occidental-en-el-ciberespacio-cuestiones-de-seguridad-y-soberania\/#breadcrumb"},"inLanguage":"es","potentialAction":[{"@type":"ReadAction","target":["https:\/\/www.pressenza.com\/es\/2019\/11\/africa-occidental-en-el-ciberespacio-cuestiones-de-seguridad-y-soberania\/"]}]},{"@type":"ImageObject","inLanguage":"es","@id":"https:\/\/www.pressenza.com\/es\/2019\/11\/africa-occidental-en-el-ciberespacio-cuestiones-de-seguridad-y-soberania\/#primaryimage","url":"https:\/\/www.pressenza.com\/wp-content\/uploads\/2019\/11\/27867955471_50b4aa220e_o.png","contentUrl":"https:\/\/www.pressenza.com\/wp-content\/uploads\/2019\/11\/27867955471_50b4aa220e_o.png","width":2630,"height":2487,"caption":"C\u00e2bles sous-marins en Afrique -2018 peut-\u00eatre (version 45)"},{"@type":"BreadcrumbList","@id":"https:\/\/www.pressenza.com\/es\/2019\/11\/africa-occidental-en-el-ciberespacio-cuestiones-de-seguridad-y-soberania\/#breadcrumb","itemListElement":[{"@type":"ListItem","position":1,"name":"Accueil","item":"https:\/\/www.pressenza.com\/es\/"},{"@type":"ListItem","position":2,"name":"\u00c1frica occidental en el ciberespacio: cuestiones de seguridad y soberan\u00eda"}]},{"@type":"WebSite","@id":"https:\/\/www.pressenza.com\/es\/#website","url":"https:\/\/www.pressenza.com\/es\/","name":"Pressenza","description":"International Press Agency","publisher":{"@id":"https:\/\/www.pressenza.com\/es\/#organization"},"potentialAction":[{"@type":"SearchAction","target":{"@type":"EntryPoint","urlTemplate":"https:\/\/www.pressenza.com\/es\/?s={search_term_string}"},"query-input":{"@type":"PropertyValueSpecification","valueRequired":true,"valueName":"search_term_string"}}],"inLanguage":"es"},{"@type":"Organization","@id":"https:\/\/www.pressenza.com\/es\/#organization","name":"Pressenza","url":"https:\/\/www.pressenza.com\/es\/","logo":{"@type":"ImageObject","inLanguage":"es","@id":"https:\/\/www.pressenza.com\/es\/#\/schema\/logo\/image\/","url":"https:\/\/www.pressenza.com\/wp-content\/uploads\/2022\/10\/pressenza_logo_200x200.jpg","contentUrl":"https:\/\/www.pressenza.com\/wp-content\/uploads\/2022\/10\/pressenza_logo_200x200.jpg","width":200,"height":200,"caption":"Pressenza"},"image":{"@id":"https:\/\/www.pressenza.com\/es\/#\/schema\/logo\/image\/"},"sameAs":["https:\/\/www.facebook.com\/PressenzaItalia","https:\/\/x.com\/PressenzaIPA"]},{"@type":"Person","@id":"https:\/\/www.pressenza.com\/es\/#\/schema\/person\/b1206bbbd504626f2d66a967b60b4ec1","name":"GRIP","description":"L\u2019objectif du GRIP est de travailler en faveur de la pr\u00e9vention des conflits, du d\u00e9sarmement et de l'am\u00e9lioration de la ma\u00eetrise des armements. Le GRIP est un centre de recherche ind\u00e9pendant qui porte une attention particuli\u00e8re \u00e0 faire conna\u00eetre ses travaux au plus grand nombre","sameAs":["https:\/\/www.grip.org\/fr","https:\/\/www.facebook.com\/GRIP.1979","https:\/\/x.com\/grip_org"],"url":"https:\/\/www.pressenza.com\/es\/author\/grip\/"}]}},"place":"","original_article_url":"https:\/\/www.grip.org\/sites\/grip.org\/files\/NOTES_ANALYSE\/2019\/NA_2019-11-19_FR_C-MECHINAUD.pdf","_links":{"self":[{"href":"https:\/\/www.pressenza.com\/es\/wp-json\/wp\/v2\/posts\/981191","targetHints":{"allow":["GET"]}}],"collection":[{"href":"https:\/\/www.pressenza.com\/es\/wp-json\/wp\/v2\/posts"}],"about":[{"href":"https:\/\/www.pressenza.com\/es\/wp-json\/wp\/v2\/types\/post"}],"author":[{"embeddable":true,"href":"https:\/\/www.pressenza.com\/es\/wp-json\/wp\/v2\/users\/1716"}],"replies":[{"embeddable":true,"href":"https:\/\/www.pressenza.com\/es\/wp-json\/wp\/v2\/comments?post=981191"}],"version-history":[{"count":0,"href":"https:\/\/www.pressenza.com\/es\/wp-json\/wp\/v2\/posts\/981191\/revisions"}],"wp:featuredmedia":[{"embeddable":true,"href":"https:\/\/www.pressenza.com\/es\/wp-json\/wp\/v2\/media\/975752"}],"wp:attachment":[{"href":"https:\/\/www.pressenza.com\/es\/wp-json\/wp\/v2\/media?parent=981191"}],"wp:term":[{"taxonomy":"category","embeddable":true,"href":"https:\/\/www.pressenza.com\/es\/wp-json\/wp\/v2\/categories?post=981191"},{"taxonomy":"post_tag","embeddable":true,"href":"https:\/\/www.pressenza.com\/es\/wp-json\/wp\/v2\/tags?post=981191"}],"curies":[{"name":"wp","href":"https:\/\/api.w.org\/{rel}","templated":true}]}}