{"id":980319,"date":"2019-11-24T18:34:21","date_gmt":"2019-11-24T18:34:21","guid":{"rendered":"https:\/\/www.pressenza.com\/?p=980319"},"modified":"2019-11-24T18:34:21","modified_gmt":"2019-11-24T18:34:21","slug":"gabriel-manzo-expone-rey-de-corazones-en-la-plata-argentina","status":"publish","type":"post","link":"https:\/\/www.pressenza.com\/es\/2019\/11\/gabriel-manzo-expone-rey-de-corazones-en-la-plata-argentina\/","title":{"rendered":"Gabriel Manzo expone \u00abRey de Corazones\u00bb en La Plata, Argentina"},"content":{"rendered":"<p><em>El artista marplatense, con extensa trayectoria en Argentina y Europa, presenta su segunda exposici\u00f3n en el Museo de Arte de la ciudad de La Plata. La nueva obra llega a las salas del MumArt por invitaci\u00f3n expresa de su director, quien luego de la \u201cLa macchina del fango\u201d presentada en 2018, propuso a Manzo este nuevo desaf\u00edo.<\/em><\/p>\n<p>Su obra es muy apreciada por el medio, aunque permanezca alejado del gran mercado del arte. Su trayectoria art\u00edstica lo lleva recorriendo hace ya casi 35 a\u00f1os, centros culturales, museos y galer\u00edas de Argentina, Espa\u00f1a, Estados Unidos, Indonesia e Italia.<\/p>\n<p>Ha escapado desde siempre a las convenciones del sistema, los lobbies y las relaciones convenientes y alguna vez ha declarado ser un claro ejemplo de la meritocrasia y sentirse extra\u00f1o en un medio que m\u00e1s que valorar el arte, premia las relaciones; pero lo reconforta no haber tenido que pagar precio alguno por perseguir sus sue\u00f1os.<\/p>\n<p>Su trabajo ha sido forjado en la gran soledad de sus estudios, aunque fuera de su taller su gesto ha sido siempre amable y expresivo. No ha ocultado emoci\u00f3n ni sentimiento en ninguna de las direcciones, ni hacia nada ni a nadie; incluso sus alumnos lo describen como el m\u00e1s apasionado y generoso ense\u00f1ante del arte que hayan conocido.<\/p>\n<p>\u201cRey de corazones\u201d es la d\u00e9cima serie en la obra de este artista, que a sus 50 a\u00f1os se presenta en las salas del MumArt. Manzo, intenta reconectar al p\u00fablico con su sentido de humanidad m\u00e1s profundo y para ello recurre a su propia experiencia, rescatando una serie de est\u00edmulos que vuelve universales con sus decisiones est\u00e9ticas y que act\u00faan como disparadores para vincularnos con ese campo emotivo tan personal e \u00edntimo. Se sumerge en los recuerdos y evoca instantes de tiempos que vuelven a la superficie haci\u00e9ndose permanentes: el fragmento de un texto, una palabra dicha, el timbre particular de una voz o las innumerables geograf\u00edas materiales con las que ha logrado traducir sus percepciones y tra\u00e9rnoslas en forma de obra. Gabriel Manzo recurre a esos testimonios ancestrales que usados pl\u00e1sticamente los convierte en imagen detonante de las emociones de los otros.<\/p>\n<p>Si bien en series anteriores como en \u201cLa macchina del fango\u201d nos enfrentaba con nuestras actitudes m\u00e1s virulentas, en \u201cRey de corazones\u201d va en busca de un registro reflexivo sobre una sociedad que paulatinamente ha perdido su capacidad emp\u00e1tica y en consecuencia una de las caracter\u00edsticas esenciales de nuestra humanidad.<\/p>\n<p>Graciela Zuppa, historiadora del arte, sostiene que Gabriel Manzo provoca, impacienta y divierte a la vez, y para ello describe tres escenarios muy concretos que aunque vinculados desde su estructura circular plantean l\u00f3gicas desiguales y afectan emociones diferentes. Destaca su sentido escenogr\u00e1fico con el que nos invita a recomponer esos espacios y que si bien relaciona el todo, se ponen en movimiento pr\u00e1cticas sensoriales, exploratorias y narrativas que dan forma a un entramado complejo de percepciones<\/p>\n<p>Estos espacios bien definidos, estas tres instalaciones, juegan con la idea de diferentes tipos de corazones con los que seguramente el observador alguna vez se haya relacionado en su vida. Manzo nos propone un recorrido increscendo, plante\u00e1ndonos una primera experiencia con un coraz\u00f3n ancestral, l\u00fadico, laber\u00edntico; sobre el que nos invita a deambular y atravesarlo, present\u00e1ndonos un texto en dialecto diseminado en cajas de madera y vidrio. Quiere enfrentarnos con la experiencia de aquellos mensajes captados a destiempo, que necesita otros momentos y distancia para ser comprendido\u2026 una vez partido; es una relaci\u00f3n ancestral, a veces, apenas \u00edntimamente intuida.<\/p>\n<p>La segunda experiencia nos permite admirar una \u201cjoya\u201d, nos incita a girar en su rededor visto que su monumentalidad no nos permite abarcarla. Girar y girar casi obsesivamente, aventurarnos a descubrir una hendija por la que espiar a\u00fan sin \u00e9xito, sin lograr conocer ni sospechar aquello que guarda en su interior.<\/p>\n<p>Una vez asumida esta pretensi\u00f3n, nos invita a transitar por una \u201cestancia\u201d roja. Nos lleva a la carne abierta, expuesta, pero que lejos de provocarnos dolor, su materialidad nos envuelve y seduce. Manzo es un gran conocedor de los materiales, sabe qu\u00e9 quiere de ellos y tambi\u00e9n los deja expresar por s\u00ed solos cuando le place. Nos sumerge en sus entra\u00f1as y nos permite deslizarnos por una serie de discursos subjetivos que nos dan la posibilidad de comprender, o al menos navegar, un sinf\u00edn de sustratos de la memoria.<\/p>\n<div class=\"post-gallery\">\n\t\t\t<figure class=\"post-gallery-item\">\n\t\t\t\t<img decoding=\"async\" src=\"https:\/\/www.pressenza.com\/wp-content\/uploads\/2019\/11\/IMG_4321-720x480.jpg\" loading=\"lazy\">\n\t\t\t\t<figcaption>\n\t\t\t\t\t\n\t\t\t\t<\/figcaption>\n\t\t\t<\/figure>\n\t\t\t<figure class=\"post-gallery-item\">\n\t\t\t\t<img decoding=\"async\" src=\"https:\/\/www.pressenza.com\/wp-content\/uploads\/2019\/11\/IMG_4318-720x480.jpg\" loading=\"lazy\">\n\t\t\t\t<figcaption>\n\t\t\t\t\t\n\t\t\t\t<\/figcaption>\n\t\t\t<\/figure>\n\t\t\t<figure class=\"post-gallery-item\">\n\t\t\t\t<img decoding=\"async\" src=\"https:\/\/www.pressenza.com\/wp-content\/uploads\/2019\/11\/IMG_4106-720x480.jpg\" loading=\"lazy\">\n\t\t\t\t<figcaption>\n\t\t\t\t\t\n\t\t\t\t<\/figcaption>\n\t\t\t<\/figure>\n\t\t\t<figure class=\"post-gallery-item\">\n\t\t\t\t<img decoding=\"async\" src=\"https:\/\/www.pressenza.com\/wp-content\/uploads\/2019\/11\/IMG_4110-720x480.jpg\" loading=\"lazy\">\n\t\t\t\t<figcaption>\n\t\t\t\t\t\n\t\t\t\t<\/figcaption>\n\t\t\t<\/figure>\n\t\t\t<figure class=\"post-gallery-item\">\n\t\t\t\t<img decoding=\"async\" src=\"https:\/\/www.pressenza.com\/wp-content\/uploads\/2019\/11\/IMG_4080-720x480.jpg\" loading=\"lazy\">\n\t\t\t\t<figcaption>\n\t\t\t\t\t\n\t\t\t\t<\/figcaption>\n\t\t\t<\/figure>\n\t\t\t<figure class=\"post-gallery-item\">\n\t\t\t\t<img decoding=\"async\" src=\"https:\/\/www.pressenza.com\/wp-content\/uploads\/2019\/11\/IMG_4069-720x480.jpg\" loading=\"lazy\">\n\t\t\t\t<figcaption>\n\t\t\t\t\t\n\t\t\t\t<\/figcaption>\n\t\t\t<\/figure>\n\t\t\t<figure class=\"post-gallery-item\">\n\t\t\t\t<img decoding=\"async\" src=\"https:\/\/www.pressenza.com\/wp-content\/uploads\/2019\/11\/IMG_4131-720x480.jpg\" loading=\"lazy\">\n\t\t\t\t<figcaption>\n\t\t\t\t\t\n\t\t\t\t<\/figcaption>\n\t\t\t<\/figure>\n\t\t\t<figure class=\"post-gallery-item\">\n\t\t\t\t<img decoding=\"async\" src=\"https:\/\/www.pressenza.com\/wp-content\/uploads\/2019\/11\/DSC_4276-720x481.jpg\" loading=\"lazy\">\n\t\t\t\t<figcaption>\n\t\t\t\t\t\n\t\t\t\t<\/figcaption>\n\t\t\t<\/figure>\n\t\t\t<figure class=\"post-gallery-item\">\n\t\t\t\t<img decoding=\"async\" src=\"https:\/\/www.pressenza.com\/wp-content\/uploads\/2019\/11\/DSC_4250-720x481.jpg\" loading=\"lazy\">\n\t\t\t\t<figcaption>\n\t\t\t\t\t\n\t\t\t\t<\/figcaption>\n\t\t\t<\/figure>\n\t\t\t<figure class=\"post-gallery-item\">\n\t\t\t\t<img decoding=\"async\" src=\"https:\/\/www.pressenza.com\/wp-content\/uploads\/2019\/11\/DSC_4316-720x481.jpg\" loading=\"lazy\">\n\t\t\t\t<figcaption>\n\t\t\t\t\t\n\t\t\t\t<\/figcaption>\n\t\t\t<\/figure>\n\t\t\t<figure class=\"post-gallery-item\">\n\t\t\t\t<img decoding=\"async\" src=\"https:\/\/www.pressenza.com\/wp-content\/uploads\/2019\/11\/20191121_110642-720x480.jpg\" loading=\"lazy\">\n\t\t\t\t<figcaption>\n\t\t\t\t\t\n\t\t\t\t<\/figcaption>\n\t\t\t<\/figure><\/div>\n<p><strong>Gabriel Manzo<\/strong><\/p>\n<p>Master en Educaci\u00f3n Art\u00edstica por la Universidad de Extremadura. Licenciado en Bellas Artes, Ministerio de Ciencia e Innovaci\u00f3n, Reino de Espa\u00f1a. Profesor Superior en Artes Visuales con orientaci\u00f3n en Dibujo y Pintura, Grabado y Escultura por la Escuela Superior de Artes Visuales \u201cMart\u00edn A. Malharro\u201d<\/p>\n<p>Ha participado en m\u00e1s de doscientas muestras colectivas y realizado m\u00e1s de cincuenta presentaciones individuales desde 1997, lo que le vali\u00f3 la invitaci\u00f3n del Museo Juan Carlos Castagnino de Mar del Plata para una retrospectiva de su obra en noviembre de 2012.\u200b<\/p>\n<p>Su obra ha recorrido la geograf\u00eda de la pen\u00ednsula Ib\u00e9rica as\u00ed como Italia, Indonesia, Holanda y Estados Unidos. Radicado en Extremadura, Espa\u00f1a, fue invitado al Encuentro Internacional de Artistas en homenaje a Miguel Hern\u00e1ndez \u201cLa Memoria en el Laberinto\u201d, siendo reconocido por la prensa espa\u00f1ola como uno de los personajes m\u00e1s destacados de la cultura extreme\u00f1a y particip\u00f3 en programas radiales interviniendo como especialista en arte en radios extreme\u00f1as.<\/p>\n<p>Realiza seminarios y talleres en el Circulo de Bellas Artes de Madrid con Juan Carlos Sanz, y en la Universidad de Extremadura y Universidad Internacional Men\u00e9ndez Pelayo de Santander donde es becado para los talleres de arte con Simon Zabell y Soledad Sevilla.<\/p>\n<p>Su obra le ha valido la cr\u00edtica de semi\u00f3logos y te\u00f3ricos del arte argentino como C\u00e9sar Magrini, Ferm\u00edn Fevre, Gustavo Mena, Graciela Zuppa, Vanesa Guerra, Andr\u00e9s Bardon, y de Espa\u00f1a como Jes\u00fas Fern\u00e1ndez Perianes o Juan Carlos Sanz entre otros.<\/p>\n<p>\u200bExposiciones: \u00a0Museo Municipal \u201cJuan C. Castagnino\u201d, Villa Victoria Ocampo, Galer\u00eda OSDE, Galer\u00eda Carta Credencial, Galer\u00eda Diario Clar\u00edn, Museo Vilas, Galer\u00eda del Mar, Escuela de Artes, Fo\u00ffer del Teatro Audit\u00f3rium, Salas del Teatro Col\u00f3n, Centro Cultural \u201cJuan Mart\u00edn de Pueyrred\u00f3n\u201d, Palacio Municipal; Mar del Plata. Museo L\u00f3pez Claro, Centro Espa\u00f1ol, Azul. Fondo Nacional de las Artes, Centro Cultural Recoleta, ex Casa de la Moneda, Banco Popular Argentino, Fundaci\u00f3n Banco Patricios, Fundaci\u00f3n R\u00edo Abierto. CABA. Euroamerica Galleries &#8211; Greenwich Village, Nueva York. Euroart\/Feria de Galer\u00edas de Arte Latinoamericano, Barcelona. Galer\u00eda Latea6, Caja Duero, Plasencia, Caja Granada, Art Ja\u00e9n 2009, Ja\u00e9n. Caja Extremadura, Museo Narb\u00f3n (Malpartida de C\u00e1ceres), Ateneo, Museo Municipal de C\u00e1ceres, Caja Duero, C\u00e1ceres. Feria Internacional de Arte de Marbella\/Marb Arte 2009, Marbella. IberCaja, \u00c7a Revolta, Valencia. MACA, Museo de Arte Contempor\u00e1neo, Palacio de Congreso Ciutat d\u2019Elx (Elche), Alicante. Univestit\u00e0 della Sapienza, Roma. Universit\u00e0 \u00c7a Foscari, Venezia. Galler\u00eda Roberta Lietti, Como. Euroart\/Fiera d\u2019arte Contemporanea, Torino. Feria Latinoamericana de Arte, Indonesia.<\/p>\n","protected":false},"excerpt":{"rendered":"<p>El artista marplatense, con extensa trayectoria en Argentina y Europa, presenta su segunda exposici\u00f3n en el Museo de Arte de la ciudad de La Plata. La nueva obra llega a las salas del MumArt por invitaci\u00f3n expresa de su director,&hellip;<\/p>\n","protected":false},"author":87,"featured_media":980384,"comment_status":"closed","ping_status":"closed","sticky":false,"template":"","format":"standard","meta":{"footnotes":""},"categories":[11389,75,67],"tags":[26,335,19885,67415,4384,67416],"class_list":["post-980319","post","type-post","status-publish","format-standard","has-post-thumbnail","hentry","category-contenido-original","category-cultura-es","category-sudamerica","tag-argentina","tag-arte","tag-exposicion","tag-gabriel-manzo","tag-la-plata","tag-mumart"],"yoast_head":"<!-- This site is optimized with the Yoast SEO plugin v27.1.1 - https:\/\/yoast.com\/product\/yoast-seo-wordpress\/ -->\n<title>Gabriel Manzo expone &quot;Rey de Corazones&quot; en La Plata, Argentina<\/title>\n<meta name=\"description\" content=\"El artista marplatense, con extensa trayectoria en Argentina y Europa, presenta su segunda exposici\u00f3n en el Museo de Arte de la ciudad de La Plata. La\" \/>\n<meta name=\"robots\" content=\"index, follow, max-snippet:-1, max-image-preview:large, max-video-preview:-1\" \/>\n<link rel=\"canonical\" href=\"https:\/\/www.pressenza.com\/es\/2019\/11\/gabriel-manzo-expone-rey-de-corazones-en-la-plata-argentina\/\" \/>\n<meta property=\"og:locale\" content=\"es_ES\" \/>\n<meta property=\"og:type\" content=\"article\" \/>\n<meta property=\"og:title\" content=\"Gabriel Manzo expone &quot;Rey de Corazones&quot; en La Plata, Argentina\" \/>\n<meta property=\"og:description\" content=\"El artista marplatense, con extensa trayectoria en Argentina y Europa, presenta su segunda exposici\u00f3n en el Museo de Arte de la ciudad de La Plata. La\" \/>\n<meta property=\"og:url\" content=\"https:\/\/www.pressenza.com\/es\/2019\/11\/gabriel-manzo-expone-rey-de-corazones-en-la-plata-argentina\/\" \/>\n<meta property=\"og:site_name\" content=\"Pressenza\" \/>\n<meta property=\"article:publisher\" content=\"https:\/\/www.facebook.com\/PressenzaItalia\" \/>\n<meta property=\"article:published_time\" content=\"2019-11-24T18:34:21+00:00\" \/>\n<meta property=\"og:image\" content=\"https:\/\/www.pressenza.com\/wp-content\/uploads\/2019\/11\/DSC_4276.jpg\" \/>\n\t<meta property=\"og:image:width\" content=\"2048\" \/>\n\t<meta property=\"og:image:height\" content=\"1367\" \/>\n\t<meta property=\"og:image:type\" content=\"image\/jpeg\" \/>\n<meta name=\"author\" content=\"Redacci\u00f3n Argentina\" \/>\n<meta name=\"twitter:card\" content=\"summary_large_image\" \/>\n<meta name=\"twitter:creator\" content=\"@pressenza\" \/>\n<meta name=\"twitter:site\" content=\"@PressenzaIPA\" \/>\n<meta name=\"twitter:label1\" content=\"Escrito por\" \/>\n\t<meta name=\"twitter:data1\" content=\"Redacci\u00f3n Argentina\" \/>\n\t<meta name=\"twitter:label2\" content=\"Tiempo de lectura\" \/>\n\t<meta name=\"twitter:data2\" content=\"6 minutos\" \/>\n<script type=\"application\/ld+json\" class=\"yoast-schema-graph\">{\"@context\":\"https:\/\/schema.org\",\"@graph\":[{\"@type\":\"Article\",\"@id\":\"https:\/\/www.pressenza.com\/es\/2019\/11\/gabriel-manzo-expone-rey-de-corazones-en-la-plata-argentina\/#article\",\"isPartOf\":{\"@id\":\"https:\/\/www.pressenza.com\/es\/2019\/11\/gabriel-manzo-expone-rey-de-corazones-en-la-plata-argentina\/\"},\"author\":{\"name\":\"Redacci\u00f3n Argentina\",\"@id\":\"https:\/\/www.pressenza.com\/es\/#\/schema\/person\/0dda7d1b68267ad95b1e1d83abc98c89\"},\"headline\":\"Gabriel Manzo expone \u00abRey de Corazones\u00bb en La Plata, Argentina\",\"datePublished\":\"2019-11-24T18:34:21+00:00\",\"mainEntityOfPage\":{\"@id\":\"https:\/\/www.pressenza.com\/es\/2019\/11\/gabriel-manzo-expone-rey-de-corazones-en-la-plata-argentina\/\"},\"wordCount\":1226,\"publisher\":{\"@id\":\"https:\/\/www.pressenza.com\/es\/#organization\"},\"image\":{\"@id\":\"https:\/\/www.pressenza.com\/es\/2019\/11\/gabriel-manzo-expone-rey-de-corazones-en-la-plata-argentina\/#primaryimage\"},\"thumbnailUrl\":\"https:\/\/www.pressenza.com\/wp-content\/uploads\/2019\/11\/DSC_4276.jpg\",\"keywords\":[\"Argentina\",\"arte\",\"Exposici\u00f3n\",\"Gabriel Manzo\",\"La Plata\",\"MumArt\"],\"articleSection\":[\"Contenido Original\",\"Cultura y Medios\",\"Sudam\u00e9rica\"],\"inLanguage\":\"es\"},{\"@type\":\"WebPage\",\"@id\":\"https:\/\/www.pressenza.com\/es\/2019\/11\/gabriel-manzo-expone-rey-de-corazones-en-la-plata-argentina\/\",\"url\":\"https:\/\/www.pressenza.com\/es\/2019\/11\/gabriel-manzo-expone-rey-de-corazones-en-la-plata-argentina\/\",\"name\":\"Gabriel Manzo expone \\\"Rey de Corazones\\\" en La Plata, Argentina\",\"isPartOf\":{\"@id\":\"https:\/\/www.pressenza.com\/es\/#website\"},\"primaryImageOfPage\":{\"@id\":\"https:\/\/www.pressenza.com\/es\/2019\/11\/gabriel-manzo-expone-rey-de-corazones-en-la-plata-argentina\/#primaryimage\"},\"image\":{\"@id\":\"https:\/\/www.pressenza.com\/es\/2019\/11\/gabriel-manzo-expone-rey-de-corazones-en-la-plata-argentina\/#primaryimage\"},\"thumbnailUrl\":\"https:\/\/www.pressenza.com\/wp-content\/uploads\/2019\/11\/DSC_4276.jpg\",\"datePublished\":\"2019-11-24T18:34:21+00:00\",\"description\":\"El artista marplatense, con extensa trayectoria en Argentina y Europa, presenta su segunda exposici\u00f3n en el Museo de Arte de la ciudad de La Plata. La\",\"breadcrumb\":{\"@id\":\"https:\/\/www.pressenza.com\/es\/2019\/11\/gabriel-manzo-expone-rey-de-corazones-en-la-plata-argentina\/#breadcrumb\"},\"inLanguage\":\"es\",\"potentialAction\":[{\"@type\":\"ReadAction\",\"target\":[\"https:\/\/www.pressenza.com\/es\/2019\/11\/gabriel-manzo-expone-rey-de-corazones-en-la-plata-argentina\/\"]}]},{\"@type\":\"ImageObject\",\"inLanguage\":\"es\",\"@id\":\"https:\/\/www.pressenza.com\/es\/2019\/11\/gabriel-manzo-expone-rey-de-corazones-en-la-plata-argentina\/#primaryimage\",\"url\":\"https:\/\/www.pressenza.com\/wp-content\/uploads\/2019\/11\/DSC_4276.jpg\",\"contentUrl\":\"https:\/\/www.pressenza.com\/wp-content\/uploads\/2019\/11\/DSC_4276.jpg\",\"width\":2048,\"height\":1367},{\"@type\":\"BreadcrumbList\",\"@id\":\"https:\/\/www.pressenza.com\/es\/2019\/11\/gabriel-manzo-expone-rey-de-corazones-en-la-plata-argentina\/#breadcrumb\",\"itemListElement\":[{\"@type\":\"ListItem\",\"position\":1,\"name\":\"Accueil\",\"item\":\"https:\/\/www.pressenza.com\/es\/\"},{\"@type\":\"ListItem\",\"position\":2,\"name\":\"Gabriel Manzo expone \u00abRey de Corazones\u00bb en La Plata, Argentina\"}]},{\"@type\":\"WebSite\",\"@id\":\"https:\/\/www.pressenza.com\/es\/#website\",\"url\":\"https:\/\/www.pressenza.com\/es\/\",\"name\":\"Pressenza\",\"description\":\"International Press Agency\",\"publisher\":{\"@id\":\"https:\/\/www.pressenza.com\/es\/#organization\"},\"potentialAction\":[{\"@type\":\"SearchAction\",\"target\":{\"@type\":\"EntryPoint\",\"urlTemplate\":\"https:\/\/www.pressenza.com\/es\/?s={search_term_string}\"},\"query-input\":{\"@type\":\"PropertyValueSpecification\",\"valueRequired\":true,\"valueName\":\"search_term_string\"}}],\"inLanguage\":\"es\"},{\"@type\":\"Organization\",\"@id\":\"https:\/\/www.pressenza.com\/es\/#organization\",\"name\":\"Pressenza\",\"url\":\"https:\/\/www.pressenza.com\/es\/\",\"logo\":{\"@type\":\"ImageObject\",\"inLanguage\":\"es\",\"@id\":\"https:\/\/www.pressenza.com\/es\/#\/schema\/logo\/image\/\",\"url\":\"https:\/\/www.pressenza.com\/wp-content\/uploads\/2022\/10\/pressenza_logo_200x200.jpg\",\"contentUrl\":\"https:\/\/www.pressenza.com\/wp-content\/uploads\/2022\/10\/pressenza_logo_200x200.jpg\",\"width\":200,\"height\":200,\"caption\":\"Pressenza\"},\"image\":{\"@id\":\"https:\/\/www.pressenza.com\/es\/#\/schema\/logo\/image\/\"},\"sameAs\":[\"https:\/\/www.facebook.com\/PressenzaItalia\",\"https:\/\/x.com\/PressenzaIPA\"]},{\"@type\":\"Person\",\"@id\":\"https:\/\/www.pressenza.com\/es\/#\/schema\/person\/0dda7d1b68267ad95b1e1d83abc98c89\",\"name\":\"Redacci\u00f3n Argentina\",\"description\":\"News from the Pressenza Bureau in Argentina.\",\"sameAs\":[\"https:\/\/x.com\/pressenza\"],\"url\":\"https:\/\/www.pressenza.com\/es\/author\/redaccion-argentina\/\"}]}<\/script>\n<!-- \/ Yoast SEO plugin. -->","yoast_head_json":{"title":"Gabriel Manzo expone \"Rey de Corazones\" en La Plata, Argentina","description":"El artista marplatense, con extensa trayectoria en Argentina y Europa, presenta su segunda exposici\u00f3n en el Museo de Arte de la ciudad de La Plata. La","robots":{"index":"index","follow":"follow","max-snippet":"max-snippet:-1","max-image-preview":"max-image-preview:large","max-video-preview":"max-video-preview:-1"},"canonical":"https:\/\/www.pressenza.com\/es\/2019\/11\/gabriel-manzo-expone-rey-de-corazones-en-la-plata-argentina\/","og_locale":"es_ES","og_type":"article","og_title":"Gabriel Manzo expone \"Rey de Corazones\" en La Plata, Argentina","og_description":"El artista marplatense, con extensa trayectoria en Argentina y Europa, presenta su segunda exposici\u00f3n en el Museo de Arte de la ciudad de La Plata. La","og_url":"https:\/\/www.pressenza.com\/es\/2019\/11\/gabriel-manzo-expone-rey-de-corazones-en-la-plata-argentina\/","og_site_name":"Pressenza","article_publisher":"https:\/\/www.facebook.com\/PressenzaItalia","article_published_time":"2019-11-24T18:34:21+00:00","og_image":[{"width":2048,"height":1367,"url":"https:\/\/www.pressenza.com\/wp-content\/uploads\/2019\/11\/DSC_4276.jpg","type":"image\/jpeg"}],"author":"Redacci\u00f3n Argentina","twitter_card":"summary_large_image","twitter_creator":"@pressenza","twitter_site":"@PressenzaIPA","twitter_misc":{"Escrito por":"Redacci\u00f3n Argentina","Tiempo de lectura":"6 minutos"},"schema":{"@context":"https:\/\/schema.org","@graph":[{"@type":"Article","@id":"https:\/\/www.pressenza.com\/es\/2019\/11\/gabriel-manzo-expone-rey-de-corazones-en-la-plata-argentina\/#article","isPartOf":{"@id":"https:\/\/www.pressenza.com\/es\/2019\/11\/gabriel-manzo-expone-rey-de-corazones-en-la-plata-argentina\/"},"author":{"name":"Redacci\u00f3n Argentina","@id":"https:\/\/www.pressenza.com\/es\/#\/schema\/person\/0dda7d1b68267ad95b1e1d83abc98c89"},"headline":"Gabriel Manzo expone \u00abRey de Corazones\u00bb en La Plata, Argentina","datePublished":"2019-11-24T18:34:21+00:00","mainEntityOfPage":{"@id":"https:\/\/www.pressenza.com\/es\/2019\/11\/gabriel-manzo-expone-rey-de-corazones-en-la-plata-argentina\/"},"wordCount":1226,"publisher":{"@id":"https:\/\/www.pressenza.com\/es\/#organization"},"image":{"@id":"https:\/\/www.pressenza.com\/es\/2019\/11\/gabriel-manzo-expone-rey-de-corazones-en-la-plata-argentina\/#primaryimage"},"thumbnailUrl":"https:\/\/www.pressenza.com\/wp-content\/uploads\/2019\/11\/DSC_4276.jpg","keywords":["Argentina","arte","Exposici\u00f3n","Gabriel Manzo","La Plata","MumArt"],"articleSection":["Contenido Original","Cultura y Medios","Sudam\u00e9rica"],"inLanguage":"es"},{"@type":"WebPage","@id":"https:\/\/www.pressenza.com\/es\/2019\/11\/gabriel-manzo-expone-rey-de-corazones-en-la-plata-argentina\/","url":"https:\/\/www.pressenza.com\/es\/2019\/11\/gabriel-manzo-expone-rey-de-corazones-en-la-plata-argentina\/","name":"Gabriel Manzo expone \"Rey de Corazones\" en La Plata, Argentina","isPartOf":{"@id":"https:\/\/www.pressenza.com\/es\/#website"},"primaryImageOfPage":{"@id":"https:\/\/www.pressenza.com\/es\/2019\/11\/gabriel-manzo-expone-rey-de-corazones-en-la-plata-argentina\/#primaryimage"},"image":{"@id":"https:\/\/www.pressenza.com\/es\/2019\/11\/gabriel-manzo-expone-rey-de-corazones-en-la-plata-argentina\/#primaryimage"},"thumbnailUrl":"https:\/\/www.pressenza.com\/wp-content\/uploads\/2019\/11\/DSC_4276.jpg","datePublished":"2019-11-24T18:34:21+00:00","description":"El artista marplatense, con extensa trayectoria en Argentina y Europa, presenta su segunda exposici\u00f3n en el Museo de Arte de la ciudad de La Plata. La","breadcrumb":{"@id":"https:\/\/www.pressenza.com\/es\/2019\/11\/gabriel-manzo-expone-rey-de-corazones-en-la-plata-argentina\/#breadcrumb"},"inLanguage":"es","potentialAction":[{"@type":"ReadAction","target":["https:\/\/www.pressenza.com\/es\/2019\/11\/gabriel-manzo-expone-rey-de-corazones-en-la-plata-argentina\/"]}]},{"@type":"ImageObject","inLanguage":"es","@id":"https:\/\/www.pressenza.com\/es\/2019\/11\/gabriel-manzo-expone-rey-de-corazones-en-la-plata-argentina\/#primaryimage","url":"https:\/\/www.pressenza.com\/wp-content\/uploads\/2019\/11\/DSC_4276.jpg","contentUrl":"https:\/\/www.pressenza.com\/wp-content\/uploads\/2019\/11\/DSC_4276.jpg","width":2048,"height":1367},{"@type":"BreadcrumbList","@id":"https:\/\/www.pressenza.com\/es\/2019\/11\/gabriel-manzo-expone-rey-de-corazones-en-la-plata-argentina\/#breadcrumb","itemListElement":[{"@type":"ListItem","position":1,"name":"Accueil","item":"https:\/\/www.pressenza.com\/es\/"},{"@type":"ListItem","position":2,"name":"Gabriel Manzo expone \u00abRey de Corazones\u00bb en La Plata, Argentina"}]},{"@type":"WebSite","@id":"https:\/\/www.pressenza.com\/es\/#website","url":"https:\/\/www.pressenza.com\/es\/","name":"Pressenza","description":"International Press Agency","publisher":{"@id":"https:\/\/www.pressenza.com\/es\/#organization"},"potentialAction":[{"@type":"SearchAction","target":{"@type":"EntryPoint","urlTemplate":"https:\/\/www.pressenza.com\/es\/?s={search_term_string}"},"query-input":{"@type":"PropertyValueSpecification","valueRequired":true,"valueName":"search_term_string"}}],"inLanguage":"es"},{"@type":"Organization","@id":"https:\/\/www.pressenza.com\/es\/#organization","name":"Pressenza","url":"https:\/\/www.pressenza.com\/es\/","logo":{"@type":"ImageObject","inLanguage":"es","@id":"https:\/\/www.pressenza.com\/es\/#\/schema\/logo\/image\/","url":"https:\/\/www.pressenza.com\/wp-content\/uploads\/2022\/10\/pressenza_logo_200x200.jpg","contentUrl":"https:\/\/www.pressenza.com\/wp-content\/uploads\/2022\/10\/pressenza_logo_200x200.jpg","width":200,"height":200,"caption":"Pressenza"},"image":{"@id":"https:\/\/www.pressenza.com\/es\/#\/schema\/logo\/image\/"},"sameAs":["https:\/\/www.facebook.com\/PressenzaItalia","https:\/\/x.com\/PressenzaIPA"]},{"@type":"Person","@id":"https:\/\/www.pressenza.com\/es\/#\/schema\/person\/0dda7d1b68267ad95b1e1d83abc98c89","name":"Redacci\u00f3n Argentina","description":"News from the Pressenza Bureau in Argentina.","sameAs":["https:\/\/x.com\/pressenza"],"url":"https:\/\/www.pressenza.com\/es\/author\/redaccion-argentina\/"}]}},"place":"La Plata, Argentina","original_article_url":"","_links":{"self":[{"href":"https:\/\/www.pressenza.com\/es\/wp-json\/wp\/v2\/posts\/980319","targetHints":{"allow":["GET"]}}],"collection":[{"href":"https:\/\/www.pressenza.com\/es\/wp-json\/wp\/v2\/posts"}],"about":[{"href":"https:\/\/www.pressenza.com\/es\/wp-json\/wp\/v2\/types\/post"}],"author":[{"embeddable":true,"href":"https:\/\/www.pressenza.com\/es\/wp-json\/wp\/v2\/users\/87"}],"replies":[{"embeddable":true,"href":"https:\/\/www.pressenza.com\/es\/wp-json\/wp\/v2\/comments?post=980319"}],"version-history":[{"count":0,"href":"https:\/\/www.pressenza.com\/es\/wp-json\/wp\/v2\/posts\/980319\/revisions"}],"wp:featuredmedia":[{"embeddable":true,"href":"https:\/\/www.pressenza.com\/es\/wp-json\/wp\/v2\/media\/980384"}],"wp:attachment":[{"href":"https:\/\/www.pressenza.com\/es\/wp-json\/wp\/v2\/media?parent=980319"}],"wp:term":[{"taxonomy":"category","embeddable":true,"href":"https:\/\/www.pressenza.com\/es\/wp-json\/wp\/v2\/categories?post=980319"},{"taxonomy":"post_tag","embeddable":true,"href":"https:\/\/www.pressenza.com\/es\/wp-json\/wp\/v2\/tags?post=980319"}],"curies":[{"name":"wp","href":"https:\/\/api.w.org\/{rel}","templated":true}]}}