{"id":980157,"date":"2019-11-24T15:11:16","date_gmt":"2019-11-24T15:11:16","guid":{"rendered":"https:\/\/www.pressenza.com\/?p=980157"},"modified":"2019-11-24T15:11:16","modified_gmt":"2019-11-24T15:11:16","slug":"mitos-mediaticos-perpetuarse-en-el-poder","status":"publish","type":"post","link":"https:\/\/www.pressenza.com\/es\/2019\/11\/mitos-mediaticos-perpetuarse-en-el-poder\/","title":{"rendered":"Mitos medi\u00e1ticos: \u00abPerpetuarse en el Poder\u00bb"},"content":{"rendered":"<p>Uno de los mitos medi\u00e1ticos que la derecha convirti\u00f3 m\u00e1s exitosamente en frase hecha, es que los l\u00edderes latinoamericanos de los diversos movimientos populares surgidos en la d\u00e9cada pasada quieren \u201cperpetuarse en el poder\u201d. Recuerdo un d\u00eda hace m\u00e1s de diez a\u00f1os, cuando mirando distra\u00eddamente la pantalla, mientras instalaba alguna aplicaci\u00f3n, me apareci\u00f3 un jueguito de apariencia infantil, cuyo t\u00edtulo era \u201cLos que quieren perpetuarse en el poder\u201d, y en una secuencia sinf\u00edn iban apareciendo Ch\u00e1vez, Lula, N\u00e9stor, Cristina, Evo, Ortega, Lugo, Correa. Era una especie de publicidad sin anunciante visible, que lo que publicitaba era lo que se convertir\u00eda en latiguillo, en acusaci\u00f3n y en una de las justificaciones de los golpes blandos que siguieron. Ya estaba planteado por Estados Unidos cu\u00e1l era el \u201ceje del mal\u201d en Am\u00e9rica Latina: el que ganaba las elecciones. Si todos los beneficiarios de esos gobiernos se hubieran sentido tales, el ciclo era definitorio: por primera vez en siglos, las grandes mayor\u00edas ser\u00edan las que retendr\u00edan el poder, y no las elites, como hasta entonces.<\/p>\n<p>El mito medi\u00e1tico, que completaba su sentido con otros atributos negativos (narcisismo, ambici\u00f3n desmedida, robo de lo p\u00fablico para beneficio personal, etc.), plantaba una semilla transg\u00e9nica en la mente de millones de usuarios no politizados que tomaban a la web como un soporte neutral, y en los que les cre\u00edan todav\u00eda a los grandes medios de comunicaci\u00f3n. Las grandes mayor\u00edas deb\u00edan ser desarticuladas. Y lo hicieron fomentando el odio de clase, el odio racial, los bajos instintos de sectores que pertenecen al mundo del trabajo y no al del capital.<\/p>\n<p>Todo ha ocurrido vertiginosamente en estos \u00faltimos treinta d\u00edas. En la Argentina estamos en el final de una etapa que nos devolvi\u00f3 sombr\u00edamente al neoliberalismo y a su verdadera biblia, que no es la que levant\u00f3 la presidenta de facto de Bolivia, sino la creencia fan\u00e1tica en el ajuste social para elevar el margen de la renta financiera y la reprimarizaci\u00f3n de la econom\u00eda. Fue a lo largo de a\u00f1os y en boca de miles de comunicadores y dirigentes que hablaron desde centenares de medios, que la caracterizaci\u00f3n de los gobiernos populares se cristaliz\u00f3. Esos mitos \u2013el populismo regala a los pobres cosas a las que no tienen derecho, porque son pagadas con los impuestos de todos; simula beneficios para las grandes mayor\u00edas pero \u00e9sa es la pantalla para que \u201clos pol\u00edticos se roben todo\u201d \u2013, son los mismos en todos nuestros pa\u00edses. Es una pantomima un poco pueril, ya que Chile estall\u00f3 porque su pueblo no aguanta m\u00e1s, en la Argentina el neoliberalismo perdi\u00f3 por diez puntos las elecciones y en Bolivia derrocan a Evo Morales con una excusa rid\u00edcula (irregularidades en 78 actas sobre m\u00e1s de 33.000) y entonces, en el pa\u00eds con mejores resultados econ\u00f3micos y sociales de la regi\u00f3n, donde por primera vez la poblaci\u00f3n ind\u00edgena estaba representada en el poder, pegan un golpe duro, sangriento, ya sin pretensiones de rep\u00fablica, se decreta que las fuerzas de seguridad pueden matar sin tener que dar explicaciones, atr\u00e1s de la presidenta de facto hay un hombre al que le gusta que lo llamen \u201cel macho Camacho\u201d, los pobladores aymaras son repelidos con balas y asco por militares de piel oscura, y una ministra de Comunicaci\u00f3n echa a la prensa extranjera y amenaza con acusar al periodismo de \u201csedici\u00f3n\u201d si menciona la palabra \u201cgolpe\u201d.<\/p>\n<p>Esos mitos antipopulares y antipol\u00edticos germinaron con su veneno adentro y nos depararon en la Argentina estos \u00faltimos cuatro a\u00f1os de derecha saqueadora, persecutoria, delictiva, pero ahora parecemos mirar un terrible partido de tenis, girando alternativamente la cabeza, la mente y el coraz\u00f3n hacia Chile y Bolivia. Ambos escenarios son in\u00e9ditos. Hace m\u00e1s de cuarenta a\u00f1os que el pueblo chileno dorm\u00eda el sue\u00f1o neoliberal de la normalidad, y su despertar combina extra\u00f1amente dolor y alegr\u00eda. Es dif\u00edcil de asimilar esa combinaci\u00f3n, cuando estos d\u00edas de polic\u00eda militar enloquecida est\u00e1n dejando, de noche, a una generaci\u00f3n sin ojos, mientras se est\u00e1n cometiendo delitos sexuales en las comisar\u00edas, est\u00e1n arrinconando a los manifestantes para que caigan al r\u00edo, est\u00e1n mat\u00e1ndolos. Y de d\u00eda, la nueva Plaza de la Dignidad exhibe la contracara del horror de unas horas antes: la explosi\u00f3n de la creatividad y la confraternidad que da la lucha callejera. Muchos vimos el video de Frank, ese joven estudiante de Historia de Maip\u00fa, que tom\u00f3 por asalto una c\u00e1mara de televisi\u00f3n para hacer probablemente uno de los alegatos y an\u00e1lisis m\u00e1s l\u00facidos y autorizados que se hayan escuchado sobres las mentiras del neoliberalismo. Frank reprochaba el discurso de la meritocracia porque en Chile \u201cya est\u00e1n aburridos\u201d de escuchar que el que no tiene \u00e9xito es un flojo. Frank tiene una beca y por eso estudia, pero pertenece a esos sectores que \u201cse rompen la cresta\u201d de sol a sol trabajando para despu\u00e9s usar su salario apenas en comer mal y enfermarse, porque no hay salud p\u00fablica, mientras los chicos ricos aprenden tres idiomas y cursan en aulas donde hay veinte, no cuarenta, y tienen su capital cultural ya embolsado por haber nacido en el seno de familias de elite.<\/p>\n<p>\u201cMe aburr\u00ed\u201d, dec\u00eda Frank, y me llam\u00f3 la atenci\u00f3n que reemplazara el me hart\u00e9 o me cans\u00e9. En los \u00b490, la derecha logr\u00f3 generar \u201cj\u00f3venes aburridos\u201d que ca\u00edan en la abulia pol\u00edtica, porque \u201ctodos eran lo mismo\u201d. Eso marca una enorme diferencia con lo que pasa hoy, cuando el \u201caburrimiento\u201d no a\u00edsla sino junta, no aplaca sino enardece. Tambi\u00e9n estos j\u00f3venes chilenos est\u00e1n decepcionados de la dirigencia pol\u00edtica, pero han descubierto que no est\u00e1n obligados a seguir mansos mientras otros hagan o no hagan las cosas por ellos. Han tomado el destino en sus manos, y si doscientos ojos despu\u00e9s, decenas de muertos despu\u00e9s, decenas de violaciones y abusos despu\u00e9s, siguen y m\u00e1s inflamados todav\u00eda, es porque no se trata de espuma y no los convencer\u00e1n con promesas. Hay una \u00e9pica de la \u201cprimera fila\u201d, que parece una avanzada vikinga protegida con escudos rudimentarios, atr\u00e1s de la cual avanzan tambi\u00e9n uno o dos m\u00fasicos, haciendo salir de su saxo o su viol\u00edn la cadencia de El derecho de vivir el paz. Y uno ve eso y se queda estupefacto, porque ah\u00ed hay un pueblo que estuvo callado pero que entendi\u00f3 visceralmente que lo estaban jodiendo.<\/p>\n<p>Frank ped\u00eda un cambio de rumbo, como piden todos los chilenos que hace un mes est\u00e1n en las calles. Colombia sigue esa ruta. Bolivia, mientras tanto, se desangra. No ha sido un golpe c\u00edvico militar tradicional el que sac\u00f3 a Evo Morales del poder. Tuvo componentes in\u00e9ditos. Los m\u00e1s importantes son la complicidad activa de la OEA, y el odio racial apoyado en la nueva religiosidad impulsada por las agencias de la CIA, que parece que ya abandonan las formas que nunca tuvieron contenido, y renuncian a simular que les importa la democracia. Pronto hablar\u00e1n elogiosamente de una raza superior.<\/p>\n<p>Todo fue farsa. La democracia nunca les import\u00f3 m\u00e1s all\u00e1 de su fachada. Quieren asegurarse que Am\u00e9rica Latina les pertenece, y han declarado a los pueblos ind\u00edgenas como los nuevos blancos a eliminar. Vienen por los recursos y esos pueblos siempre han sido los mejores y m\u00e1s persistentes guardianes del equilibrio. El capitalismo financiero y corporativo es enemigo del equilibrio, porque necesita la gran escala en todo. En Bolivia y en Chile estamos viendo la gran escala de la crueldad.<\/p>\n<p>Los gobiernos populares nunca quisieron \u201cperpetuarse en el poder\u201d a trav\u00e9s del fraude. Hubo muchas elecciones, de medio t\u00e9rmino y generales en las que las derrotas fueron asumidas inmediatamente. Pero esos gobiernos, que cada uno a su modo, a su ritmo, con sus errores, con sus contradicciones, repararon m\u00e1s que ninguno de los anteriores las enormes deudas sociales latinoamericanas, trajeron un nuevo paradigma de distribuci\u00f3n que la derecha no acepta. Y la repele y reacciona con ira, fanatismo y delitos de lesa humanidad porque es ella la que se ha perpetuado en el poder desde hace dos siglos, ella s\u00ed mediante fraudes muchas veces, y otras veces como mandantes de las fuerzas armadas. Es la derecha, el neoliberalismo, el racismo, el supremacismo, la pol\u00edtica de los privilegios y la traici\u00f3n a la patria lo que se perpetu\u00f3 realmente en el poder de nuestra regi\u00f3n.<\/p>\n<p>Los que echaron a Evo con el pretexto de que quer\u00eda \u201cperpetuarse en el poder\u201d son, en Bolivia, los que han tenido el poder a lo largo de toda su historia. Nunca tuvieron reparos en mentir, en falsificar, en robarse lo p\u00fablico, en hostigar a opositores, en cometer cr\u00edmenes aberrantes. De un partido o de otro, se han pasado la posta liberal y euroc\u00e9ntrica primero, y neoliberal despu\u00e9s, desde mediados del siglo pasado, y no soportan que por algo llamado democracia deban replegarse. Siempre han acusado en espejo. Pero sobre todo en esto: las proscripciones, la del peronismo o ahora la que pretenden del MAS en Bolivia, les resultaron exitosas. Vuelven a ellas. Lo que encuentran sin embargo, ya no son pueblos a los que pueden venderles sus folletos. Encuentran pueblos \u201caburridos\u201d de tanta oscuridad y maleficio. Y esta vez ese aburrimiento de escuchar siempre lo mismo, de sufrir siempre lo mismo, no viene manso sino furioso. Lo seguir\u00e1n intentando, pero no solamente Chile despert\u00f3. Ya viene Colombia. Am\u00e9rica Latina es para los latinoamericanos.<\/p>\n","protected":false},"excerpt":{"rendered":"<p>Uno de los mitos medi\u00e1ticos que la derecha convirti\u00f3 m\u00e1s exitosamente en frase hecha, es que los l\u00edderes latinoamericanos de los diversos movimientos populares surgidos en la d\u00e9cada pasada quieren \u201cperpetuarse en el poder\u201d. Recuerdo un d\u00eda hace m\u00e1s de&hellip;<\/p>\n","protected":false},"author":1488,"featured_media":980198,"comment_status":"closed","ping_status":"closed","sticky":false,"template":"","format":"standard","meta":{"footnotes":""},"categories":[75,161,74,67],"tags":[1059,3996,867,523,5286],"class_list":["post-980157","post","type-post","status-publish","format-standard","has-post-thumbnail","hentry","category-cultura-es","category-opiniones","category-politica-es","category-sudamerica","tag-evo-morales","tag-latinoamerica-es","tag-manipulacion","tag-medios-de-comunicacion","tag-oea"],"yoast_head":"<!-- This site is optimized with the Yoast SEO plugin v27.1.1 - https:\/\/yoast.com\/product\/yoast-seo-wordpress\/ -->\n<title>Mitos medi\u00e1ticos: &quot;Perpetuarse en el Poder&quot;<\/title>\n<meta name=\"description\" content=\"Uno de los mitos medi\u00e1ticos que la derecha convirti\u00f3 m\u00e1s exitosamente en frase hecha, es que los l\u00edderes latinoamericanos de los diversos movimientos\" \/>\n<meta name=\"robots\" content=\"index, follow, max-snippet:-1, max-image-preview:large, max-video-preview:-1\" \/>\n<link rel=\"canonical\" href=\"https:\/\/www.pressenza.com\/es\/2019\/11\/mitos-mediaticos-perpetuarse-en-el-poder\/\" \/>\n<meta property=\"og:locale\" content=\"es_ES\" \/>\n<meta property=\"og:type\" content=\"article\" \/>\n<meta property=\"og:title\" content=\"Mitos medi\u00e1ticos: &quot;Perpetuarse en el Poder&quot;\" \/>\n<meta property=\"og:description\" content=\"Uno de los mitos medi\u00e1ticos que la derecha convirti\u00f3 m\u00e1s exitosamente en frase hecha, es que los l\u00edderes latinoamericanos de los diversos movimientos\" \/>\n<meta property=\"og:url\" content=\"https:\/\/www.pressenza.com\/es\/2019\/11\/mitos-mediaticos-perpetuarse-en-el-poder\/\" \/>\n<meta property=\"og:site_name\" content=\"Pressenza\" \/>\n<meta property=\"article:publisher\" content=\"https:\/\/www.facebook.com\/PressenzaItalia\" \/>\n<meta property=\"article:published_time\" content=\"2019-11-24T15:11:16+00:00\" \/>\n<meta property=\"og:image\" content=\"https:\/\/www.pressenza.com\/wp-content\/uploads\/2019\/11\/demagogue-2193093_1920.jpg\" \/>\n\t<meta property=\"og:image:width\" content=\"1920\" \/>\n\t<meta property=\"og:image:height\" content=\"1446\" \/>\n\t<meta property=\"og:image:type\" content=\"image\/jpeg\" \/>\n<meta name=\"author\" content=\"Sandra Russo\" \/>\n<meta name=\"twitter:card\" content=\"summary_large_image\" \/>\n<meta name=\"twitter:creator\" content=\"@PressenzaIPA\" \/>\n<meta name=\"twitter:site\" content=\"@PressenzaIPA\" \/>\n<meta name=\"twitter:label1\" content=\"Escrito por\" \/>\n\t<meta name=\"twitter:data1\" content=\"Sandra Russo\" \/>\n\t<meta name=\"twitter:label2\" content=\"Tiempo de lectura\" \/>\n\t<meta name=\"twitter:data2\" content=\"8 minutos\" \/>\n<script type=\"application\/ld+json\" class=\"yoast-schema-graph\">{\"@context\":\"https:\/\/schema.org\",\"@graph\":[{\"@type\":\"Article\",\"@id\":\"https:\/\/www.pressenza.com\/es\/2019\/11\/mitos-mediaticos-perpetuarse-en-el-poder\/#article\",\"isPartOf\":{\"@id\":\"https:\/\/www.pressenza.com\/es\/2019\/11\/mitos-mediaticos-perpetuarse-en-el-poder\/\"},\"author\":{\"name\":\"Sandra Russo\",\"@id\":\"https:\/\/www.pressenza.com\/es\/#\/schema\/person\/f32faea0834f80481af9ee9776940d4f\"},\"headline\":\"Mitos medi\u00e1ticos: \u00abPerpetuarse en el Poder\u00bb\",\"datePublished\":\"2019-11-24T15:11:16+00:00\",\"mainEntityOfPage\":{\"@id\":\"https:\/\/www.pressenza.com\/es\/2019\/11\/mitos-mediaticos-perpetuarse-en-el-poder\/\"},\"wordCount\":1669,\"publisher\":{\"@id\":\"https:\/\/www.pressenza.com\/es\/#organization\"},\"image\":{\"@id\":\"https:\/\/www.pressenza.com\/es\/2019\/11\/mitos-mediaticos-perpetuarse-en-el-poder\/#primaryimage\"},\"thumbnailUrl\":\"https:\/\/www.pressenza.com\/wp-content\/uploads\/2019\/11\/demagogue-2193093_1920.jpg\",\"keywords\":[\"Evo Morales\",\"Latinoam\u00e9rica\",\"manipulaci\u00f3n\",\"medios de comunicaci\u00f3n\",\"OEA\"],\"articleSection\":[\"Cultura y Medios\",\"Opiniones\",\"Pol\u00edtica\",\"Sudam\u00e9rica\"],\"inLanguage\":\"es\"},{\"@type\":\"WebPage\",\"@id\":\"https:\/\/www.pressenza.com\/es\/2019\/11\/mitos-mediaticos-perpetuarse-en-el-poder\/\",\"url\":\"https:\/\/www.pressenza.com\/es\/2019\/11\/mitos-mediaticos-perpetuarse-en-el-poder\/\",\"name\":\"Mitos medi\u00e1ticos: \\\"Perpetuarse en el Poder\\\"\",\"isPartOf\":{\"@id\":\"https:\/\/www.pressenza.com\/es\/#website\"},\"primaryImageOfPage\":{\"@id\":\"https:\/\/www.pressenza.com\/es\/2019\/11\/mitos-mediaticos-perpetuarse-en-el-poder\/#primaryimage\"},\"image\":{\"@id\":\"https:\/\/www.pressenza.com\/es\/2019\/11\/mitos-mediaticos-perpetuarse-en-el-poder\/#primaryimage\"},\"thumbnailUrl\":\"https:\/\/www.pressenza.com\/wp-content\/uploads\/2019\/11\/demagogue-2193093_1920.jpg\",\"datePublished\":\"2019-11-24T15:11:16+00:00\",\"description\":\"Uno de los mitos medi\u00e1ticos que la derecha convirti\u00f3 m\u00e1s exitosamente en frase hecha, es que los l\u00edderes latinoamericanos de los diversos movimientos\",\"breadcrumb\":{\"@id\":\"https:\/\/www.pressenza.com\/es\/2019\/11\/mitos-mediaticos-perpetuarse-en-el-poder\/#breadcrumb\"},\"inLanguage\":\"es\",\"potentialAction\":[{\"@type\":\"ReadAction\",\"target\":[\"https:\/\/www.pressenza.com\/es\/2019\/11\/mitos-mediaticos-perpetuarse-en-el-poder\/\"]}]},{\"@type\":\"ImageObject\",\"inLanguage\":\"es\",\"@id\":\"https:\/\/www.pressenza.com\/es\/2019\/11\/mitos-mediaticos-perpetuarse-en-el-poder\/#primaryimage\",\"url\":\"https:\/\/www.pressenza.com\/wp-content\/uploads\/2019\/11\/demagogue-2193093_1920.jpg\",\"contentUrl\":\"https:\/\/www.pressenza.com\/wp-content\/uploads\/2019\/11\/demagogue-2193093_1920.jpg\",\"width\":1920,\"height\":1446},{\"@type\":\"BreadcrumbList\",\"@id\":\"https:\/\/www.pressenza.com\/es\/2019\/11\/mitos-mediaticos-perpetuarse-en-el-poder\/#breadcrumb\",\"itemListElement\":[{\"@type\":\"ListItem\",\"position\":1,\"name\":\"Accueil\",\"item\":\"https:\/\/www.pressenza.com\/es\/\"},{\"@type\":\"ListItem\",\"position\":2,\"name\":\"Mitos medi\u00e1ticos: \u00abPerpetuarse en el Poder\u00bb\"}]},{\"@type\":\"WebSite\",\"@id\":\"https:\/\/www.pressenza.com\/es\/#website\",\"url\":\"https:\/\/www.pressenza.com\/es\/\",\"name\":\"Pressenza\",\"description\":\"International Press Agency\",\"publisher\":{\"@id\":\"https:\/\/www.pressenza.com\/es\/#organization\"},\"potentialAction\":[{\"@type\":\"SearchAction\",\"target\":{\"@type\":\"EntryPoint\",\"urlTemplate\":\"https:\/\/www.pressenza.com\/es\/?s={search_term_string}\"},\"query-input\":{\"@type\":\"PropertyValueSpecification\",\"valueRequired\":true,\"valueName\":\"search_term_string\"}}],\"inLanguage\":\"es\"},{\"@type\":\"Organization\",\"@id\":\"https:\/\/www.pressenza.com\/es\/#organization\",\"name\":\"Pressenza\",\"url\":\"https:\/\/www.pressenza.com\/es\/\",\"logo\":{\"@type\":\"ImageObject\",\"inLanguage\":\"es\",\"@id\":\"https:\/\/www.pressenza.com\/es\/#\/schema\/logo\/image\/\",\"url\":\"https:\/\/www.pressenza.com\/wp-content\/uploads\/2022\/10\/pressenza_logo_200x200.jpg\",\"contentUrl\":\"https:\/\/www.pressenza.com\/wp-content\/uploads\/2022\/10\/pressenza_logo_200x200.jpg\",\"width\":200,\"height\":200,\"caption\":\"Pressenza\"},\"image\":{\"@id\":\"https:\/\/www.pressenza.com\/es\/#\/schema\/logo\/image\/\"},\"sameAs\":[\"https:\/\/www.facebook.com\/PressenzaItalia\",\"https:\/\/x.com\/PressenzaIPA\"]},{\"@type\":\"Person\",\"@id\":\"https:\/\/www.pressenza.com\/es\/#\/schema\/person\/f32faea0834f80481af9ee9776940d4f\",\"name\":\"Sandra Russo\",\"description\":\"Periodista, escritora y editora argentina. Escribe en el diario P\u00e1gina\/12 y particip\u00f3 del programa televisivo 6, 7, 8, que se transmiti\u00f3 por la TV P\u00fablica de la Rep\u00fablica Argentina.\",\"url\":\"https:\/\/www.pressenza.com\/es\/author\/sandra-russo\/\"}]}<\/script>\n<!-- \/ Yoast SEO plugin. -->","yoast_head_json":{"title":"Mitos medi\u00e1ticos: \"Perpetuarse en el Poder\"","description":"Uno de los mitos medi\u00e1ticos que la derecha convirti\u00f3 m\u00e1s exitosamente en frase hecha, es que los l\u00edderes latinoamericanos de los diversos movimientos","robots":{"index":"index","follow":"follow","max-snippet":"max-snippet:-1","max-image-preview":"max-image-preview:large","max-video-preview":"max-video-preview:-1"},"canonical":"https:\/\/www.pressenza.com\/es\/2019\/11\/mitos-mediaticos-perpetuarse-en-el-poder\/","og_locale":"es_ES","og_type":"article","og_title":"Mitos medi\u00e1ticos: \"Perpetuarse en el Poder\"","og_description":"Uno de los mitos medi\u00e1ticos que la derecha convirti\u00f3 m\u00e1s exitosamente en frase hecha, es que los l\u00edderes latinoamericanos de los diversos movimientos","og_url":"https:\/\/www.pressenza.com\/es\/2019\/11\/mitos-mediaticos-perpetuarse-en-el-poder\/","og_site_name":"Pressenza","article_publisher":"https:\/\/www.facebook.com\/PressenzaItalia","article_published_time":"2019-11-24T15:11:16+00:00","og_image":[{"width":1920,"height":1446,"url":"https:\/\/www.pressenza.com\/wp-content\/uploads\/2019\/11\/demagogue-2193093_1920.jpg","type":"image\/jpeg"}],"author":"Sandra Russo","twitter_card":"summary_large_image","twitter_creator":"@PressenzaIPA","twitter_site":"@PressenzaIPA","twitter_misc":{"Escrito por":"Sandra Russo","Tiempo de lectura":"8 minutos"},"schema":{"@context":"https:\/\/schema.org","@graph":[{"@type":"Article","@id":"https:\/\/www.pressenza.com\/es\/2019\/11\/mitos-mediaticos-perpetuarse-en-el-poder\/#article","isPartOf":{"@id":"https:\/\/www.pressenza.com\/es\/2019\/11\/mitos-mediaticos-perpetuarse-en-el-poder\/"},"author":{"name":"Sandra Russo","@id":"https:\/\/www.pressenza.com\/es\/#\/schema\/person\/f32faea0834f80481af9ee9776940d4f"},"headline":"Mitos medi\u00e1ticos: \u00abPerpetuarse en el Poder\u00bb","datePublished":"2019-11-24T15:11:16+00:00","mainEntityOfPage":{"@id":"https:\/\/www.pressenza.com\/es\/2019\/11\/mitos-mediaticos-perpetuarse-en-el-poder\/"},"wordCount":1669,"publisher":{"@id":"https:\/\/www.pressenza.com\/es\/#organization"},"image":{"@id":"https:\/\/www.pressenza.com\/es\/2019\/11\/mitos-mediaticos-perpetuarse-en-el-poder\/#primaryimage"},"thumbnailUrl":"https:\/\/www.pressenza.com\/wp-content\/uploads\/2019\/11\/demagogue-2193093_1920.jpg","keywords":["Evo Morales","Latinoam\u00e9rica","manipulaci\u00f3n","medios de comunicaci\u00f3n","OEA"],"articleSection":["Cultura y Medios","Opiniones","Pol\u00edtica","Sudam\u00e9rica"],"inLanguage":"es"},{"@type":"WebPage","@id":"https:\/\/www.pressenza.com\/es\/2019\/11\/mitos-mediaticos-perpetuarse-en-el-poder\/","url":"https:\/\/www.pressenza.com\/es\/2019\/11\/mitos-mediaticos-perpetuarse-en-el-poder\/","name":"Mitos medi\u00e1ticos: \"Perpetuarse en el Poder\"","isPartOf":{"@id":"https:\/\/www.pressenza.com\/es\/#website"},"primaryImageOfPage":{"@id":"https:\/\/www.pressenza.com\/es\/2019\/11\/mitos-mediaticos-perpetuarse-en-el-poder\/#primaryimage"},"image":{"@id":"https:\/\/www.pressenza.com\/es\/2019\/11\/mitos-mediaticos-perpetuarse-en-el-poder\/#primaryimage"},"thumbnailUrl":"https:\/\/www.pressenza.com\/wp-content\/uploads\/2019\/11\/demagogue-2193093_1920.jpg","datePublished":"2019-11-24T15:11:16+00:00","description":"Uno de los mitos medi\u00e1ticos que la derecha convirti\u00f3 m\u00e1s exitosamente en frase hecha, es que los l\u00edderes latinoamericanos de los diversos movimientos","breadcrumb":{"@id":"https:\/\/www.pressenza.com\/es\/2019\/11\/mitos-mediaticos-perpetuarse-en-el-poder\/#breadcrumb"},"inLanguage":"es","potentialAction":[{"@type":"ReadAction","target":["https:\/\/www.pressenza.com\/es\/2019\/11\/mitos-mediaticos-perpetuarse-en-el-poder\/"]}]},{"@type":"ImageObject","inLanguage":"es","@id":"https:\/\/www.pressenza.com\/es\/2019\/11\/mitos-mediaticos-perpetuarse-en-el-poder\/#primaryimage","url":"https:\/\/www.pressenza.com\/wp-content\/uploads\/2019\/11\/demagogue-2193093_1920.jpg","contentUrl":"https:\/\/www.pressenza.com\/wp-content\/uploads\/2019\/11\/demagogue-2193093_1920.jpg","width":1920,"height":1446},{"@type":"BreadcrumbList","@id":"https:\/\/www.pressenza.com\/es\/2019\/11\/mitos-mediaticos-perpetuarse-en-el-poder\/#breadcrumb","itemListElement":[{"@type":"ListItem","position":1,"name":"Accueil","item":"https:\/\/www.pressenza.com\/es\/"},{"@type":"ListItem","position":2,"name":"Mitos medi\u00e1ticos: \u00abPerpetuarse en el Poder\u00bb"}]},{"@type":"WebSite","@id":"https:\/\/www.pressenza.com\/es\/#website","url":"https:\/\/www.pressenza.com\/es\/","name":"Pressenza","description":"International Press Agency","publisher":{"@id":"https:\/\/www.pressenza.com\/es\/#organization"},"potentialAction":[{"@type":"SearchAction","target":{"@type":"EntryPoint","urlTemplate":"https:\/\/www.pressenza.com\/es\/?s={search_term_string}"},"query-input":{"@type":"PropertyValueSpecification","valueRequired":true,"valueName":"search_term_string"}}],"inLanguage":"es"},{"@type":"Organization","@id":"https:\/\/www.pressenza.com\/es\/#organization","name":"Pressenza","url":"https:\/\/www.pressenza.com\/es\/","logo":{"@type":"ImageObject","inLanguage":"es","@id":"https:\/\/www.pressenza.com\/es\/#\/schema\/logo\/image\/","url":"https:\/\/www.pressenza.com\/wp-content\/uploads\/2022\/10\/pressenza_logo_200x200.jpg","contentUrl":"https:\/\/www.pressenza.com\/wp-content\/uploads\/2022\/10\/pressenza_logo_200x200.jpg","width":200,"height":200,"caption":"Pressenza"},"image":{"@id":"https:\/\/www.pressenza.com\/es\/#\/schema\/logo\/image\/"},"sameAs":["https:\/\/www.facebook.com\/PressenzaItalia","https:\/\/x.com\/PressenzaIPA"]},{"@type":"Person","@id":"https:\/\/www.pressenza.com\/es\/#\/schema\/person\/f32faea0834f80481af9ee9776940d4f","name":"Sandra Russo","description":"Periodista, escritora y editora argentina. Escribe en el diario P\u00e1gina\/12 y particip\u00f3 del programa televisivo 6, 7, 8, que se transmiti\u00f3 por la TV P\u00fablica de la Rep\u00fablica Argentina.","url":"https:\/\/www.pressenza.com\/es\/author\/sandra-russo\/"}]}},"place":"Ciudad de Buenos Aires, Argentina","original_article_url":"https:\/\/dejamelopensar.com.ar\/2019\/11\/23\/mitos-mediaticos-perpetuarse-en-el-poder\/","_links":{"self":[{"href":"https:\/\/www.pressenza.com\/es\/wp-json\/wp\/v2\/posts\/980157","targetHints":{"allow":["GET"]}}],"collection":[{"href":"https:\/\/www.pressenza.com\/es\/wp-json\/wp\/v2\/posts"}],"about":[{"href":"https:\/\/www.pressenza.com\/es\/wp-json\/wp\/v2\/types\/post"}],"author":[{"embeddable":true,"href":"https:\/\/www.pressenza.com\/es\/wp-json\/wp\/v2\/users\/1488"}],"replies":[{"embeddable":true,"href":"https:\/\/www.pressenza.com\/es\/wp-json\/wp\/v2\/comments?post=980157"}],"version-history":[{"count":0,"href":"https:\/\/www.pressenza.com\/es\/wp-json\/wp\/v2\/posts\/980157\/revisions"}],"wp:featuredmedia":[{"embeddable":true,"href":"https:\/\/www.pressenza.com\/es\/wp-json\/wp\/v2\/media\/980198"}],"wp:attachment":[{"href":"https:\/\/www.pressenza.com\/es\/wp-json\/wp\/v2\/media?parent=980157"}],"wp:term":[{"taxonomy":"category","embeddable":true,"href":"https:\/\/www.pressenza.com\/es\/wp-json\/wp\/v2\/categories?post=980157"},{"taxonomy":"post_tag","embeddable":true,"href":"https:\/\/www.pressenza.com\/es\/wp-json\/wp\/v2\/tags?post=980157"}],"curies":[{"name":"wp","href":"https:\/\/api.w.org\/{rel}","templated":true}]}}