{"id":977558,"date":"2019-11-21T00:19:01","date_gmt":"2019-11-21T00:19:01","guid":{"rendered":"https:\/\/www.pressenza.com\/?p=977558"},"modified":"2019-11-21T00:19:01","modified_gmt":"2019-11-21T00:19:01","slug":"acto-53-de-los-gilets-jaunes-chalecos-amarillos-francia-esta-en-un-volcan-de-ira","status":"publish","type":"post","link":"https:\/\/www.pressenza.com\/es\/2019\/11\/acto-53-de-los-gilets-jaunes-chalecos-amarillos-francia-esta-en-un-volcan-de-ira\/","title":{"rendered":"Acto 53 de los Gilets Jaunes (Chalecos amarillos): \u201cFrancia est\u00e1 en un volc\u00e1n de ira\u201d"},"content":{"rendered":"<p>Resumen de los comentarios de las cadenas de informaci\u00f3n sobre la manifestaci\u00f3n del primer aniversario de los chalecos amarillos: \u201cNo tienen m\u00e1s reivindicaciones, se les han dado 17 mil millones\u201d, luego im\u00e1genes de oficiales de polic\u00eda atacados o primeros planos de ciertas degradaciones.<\/p>\n<p>Por otro lado, no hay ninguna imagen de los manifestantes pac\u00edficos que han sido golpeados, gaseados y apaleados, y a los que se les impide salir, contrariamente a lo que dice el querido Prefecto Lallemand, que sin duda alguna ser\u00e1, a su debido tiempo, s\u00faper promovido por su absoluta obediencia al macronismo y su extraordinario celo por aplicar las instrucciones del macronismo en t\u00e9rminos de mantenimiento del orden, con el fin de continuar esta estrategia de terror.<\/p>\n<p>Era necesario estar en la plaza italiana este s\u00e1bado 16 de noviembre para ver el aumento de la violencia por todos lados, ciertamente, pero para ver a los polic\u00edas lanzando granadas al aire, cuando s\u00f3lo deber\u00edan ser lanzadas a nivel del suelo, o a los periodistas tomando fotos de LBD en sus caras. Esto dice mucho sobre la teor\u00eda de la aplicaci\u00f3n de la ley en Lallemand, Nunez y Castaner&#8230;<\/p>\n<p>Este poder, como todos los poderes, es pragm\u00e1tico, es decir, piensa solo en lo inmediato: me abofeteas, te abofeteo, acci\u00f3n, reacci\u00f3n &#8230; \u00a1pero no parece pensar a largo plazo! \u00bfQu\u00e9 es lo que cree? \u00bfQue la gente podr\u00e1 olvidar en un momento todo esto y volver a casa sabiamente?<\/p>\n<p>Cuanto m\u00e1s contin\u00faa la represi\u00f3n, m\u00e1s aumenta el n\u00famero de heridos y m\u00e1s aumentan los resentimientos, \u00a1es casi matem\u00e1tico! Adem\u00e1s, este s\u00e1bado, la teor\u00eda de la ley y el orden ha dado un nuevo paso. Despu\u00e9s de los lugares de manifestaci\u00f3n prohibidos, ahora una manifestaci\u00f3n con una ruta autorizada y declarada est\u00e1 totalmente prohibida, para supuestamente evitar la violencia en las calles de Par\u00eds, excepto que se lleve a cabo de todos modos.<\/p>\n<p>La ley constitucional tambi\u00e9n est\u00e1 comenzando a verse afectada, como mucha gente dice, el \u00fanico derecho que nos queda para hacernos escuchar son las manifestaciones, porque no podemos confiar en los medios del macronismo para decir y mostrar verdad.<\/p>\n<p>Macron, \u00bfquieres que se detengan las manifestaciones? Es f\u00e1cil, en lugar de violar a la gente todos los s\u00e1bados, otorga el refer\u00e9ndum de iniciativa ciudadana RIC, elimina el impuesto al valor agregado (IVA) en todos los productos de primera necesidad, incluida la energ\u00eda, por supuesto, aumenta de manera consistente el salario m\u00ednimo legal SMIC y las peque\u00f1as pensiones, abandona la reforma de pensiones y la del desempleo &#8230;<\/p>\n<p>Es mejor compartir el tiempo de trabajo que reprimir a las personas que no pueden encontrar trabajo. Y luego da respuestas judiciales reales para responder a todas las rebajas policiales inadmisibles que han destruido la vida de muchas personas. La reconciliaci\u00f3n en este pa\u00eds solo ser\u00e1 posible a este precio, \u00a1una verdadera justicia!<\/p>\n<p>Al final, deja que tu proyecto liberal ultracapitalista, creador de riqueza para el CAC 40 (Cotizaci\u00f3n de acciones en la Bolsa de Par\u00eds) y de miseria para la gente, caiga y, si no te sientes capaz de hacerlo, para mostrar humanidad y humanismo, vete, deja en tu lugar a personas m\u00e1s competentes que ver\u00e1n el bien com\u00fan.<\/p>\n<p>&nbsp;<\/p>\n<p><em>Texto: Michel Deslandes<\/em><\/p>\n<p><span lang=\"fr-FR\">\u00a0<\/span><img loading=\"lazy\" decoding=\"async\" class=\"alignnone size-medium\" src=\"https:\/\/www.pressenza.com\/wp-content\/uploads\/2019\/11\/b1-GJ-Acte-53_0001-gilets-jaunes.jpg\" width=\"500\" height=\"667\" \/> <img loading=\"lazy\" decoding=\"async\" class=\"alignnone size-medium\" src=\"https:\/\/www.pressenza.com\/wp-content\/uploads\/2019\/11\/b2-GJ-Acte-53_0007-gilets-jaunes.jpg\" width=\"500\" height=\"667\" \/> <img loading=\"lazy\" decoding=\"async\" class=\"alignnone size-medium\" src=\"https:\/\/www.pressenza.com\/wp-content\/uploads\/2019\/11\/b3-GJ-Acte-53_0002-gilets-jaunes.jpg\" width=\"750\" height=\"500\" \/><\/p>\n<hr \/>\n<p><em>Traducci\u00f3n del franc\u00e9s por Michelle Velez<\/em><\/p>\n","protected":false},"excerpt":{"rendered":"<p>Resumen de los comentarios de las cadenas de informaci\u00f3n sobre la manifestaci\u00f3n del primer aniversario de los chalecos amarillos: \u201cNo tienen m\u00e1s reivindicaciones, se les han dado 17 mil millones\u201d, luego im\u00e1genes de oficiales de polic\u00eda atacados o primeros planos&hellip;<\/p>\n","protected":false},"author":752,"featured_media":974560,"comment_status":"closed","ping_status":"closed","sticky":false,"template":"","format":"standard","meta":{"footnotes":""},"categories":[11389,66,5667,161,74],"tags":[67242,67243,52398,526,26683],"class_list":["post-977558","post","type-post","status-publish","format-standard","has-post-thumbnail","hentry","category-contenido-original","category-europa-es","category-foto-reportajes","category-opiniones","category-politica-es","tag-acto-53","tag-cambio-de-sistema","tag-chalecos-amarillos","tag-manifestacion","tag-paris-en-es"],"yoast_head":"<!-- This site is optimized with the Yoast SEO plugin v27.1.1 - https:\/\/yoast.com\/product\/yoast-seo-wordpress\/ -->\n<title>Acto 53 de los Gilets Jaunes (Chalecos amarillos): \u201cFrancia est\u00e1 en un volc\u00e1n de ira\u201d<\/title>\n<meta name=\"description\" content=\"Resumen de los comentarios de las cadenas de informaci\u00f3n sobre la manifestaci\u00f3n del primer aniversario de los chalecos amarillos: \u201cNo tienen m\u00e1s\" \/>\n<meta name=\"robots\" content=\"index, follow, max-snippet:-1, max-image-preview:large, max-video-preview:-1\" \/>\n<link rel=\"canonical\" href=\"https:\/\/www.pressenza.com\/es\/2019\/11\/acto-53-de-los-gilets-jaunes-chalecos-amarillos-francia-esta-en-un-volcan-de-ira\/\" \/>\n<meta property=\"og:locale\" content=\"es_ES\" \/>\n<meta property=\"og:type\" content=\"article\" \/>\n<meta property=\"og:title\" content=\"Acto 53 de los Gilets Jaunes (Chalecos amarillos): \u201cFrancia est\u00e1 en un volc\u00e1n de ira\u201d\" \/>\n<meta property=\"og:description\" content=\"Resumen de los comentarios de las cadenas de informaci\u00f3n sobre la manifestaci\u00f3n del primer aniversario de los chalecos amarillos: \u201cNo tienen m\u00e1s\" \/>\n<meta property=\"og:url\" content=\"https:\/\/www.pressenza.com\/es\/2019\/11\/acto-53-de-los-gilets-jaunes-chalecos-amarillos-francia-esta-en-un-volcan-de-ira\/\" \/>\n<meta property=\"og:site_name\" content=\"Pressenza\" \/>\n<meta property=\"article:publisher\" content=\"https:\/\/www.facebook.com\/PressenzaItalia\" \/>\n<meta property=\"article:published_time\" content=\"2019-11-21T00:19:01+00:00\" \/>\n<meta property=\"og:image\" content=\"https:\/\/www.pressenza.com\/wp-content\/uploads\/2019\/11\/b0-GJ-Acte-53_0005-gilets-jaunes.jpg\" \/>\n\t<meta property=\"og:image:width\" content=\"750\" \/>\n\t<meta property=\"og:image:height\" content=\"500\" \/>\n\t<meta property=\"og:image:type\" content=\"image\/jpeg\" \/>\n<meta name=\"author\" content=\"R\u00e9daction Paris\" \/>\n<meta name=\"twitter:card\" content=\"summary_large_image\" \/>\n<meta name=\"twitter:creator\" content=\"@PressenzaIPA\" \/>\n<meta name=\"twitter:site\" content=\"@PressenzaIPA\" \/>\n<meta name=\"twitter:label1\" content=\"Escrito por\" \/>\n\t<meta name=\"twitter:data1\" content=\"R\u00e9daction Paris\" \/>\n\t<meta name=\"twitter:label2\" content=\"Tiempo de lectura\" \/>\n\t<meta name=\"twitter:data2\" content=\"3 minutos\" \/>\n<script type=\"application\/ld+json\" class=\"yoast-schema-graph\">{\"@context\":\"https:\/\/schema.org\",\"@graph\":[{\"@type\":\"Article\",\"@id\":\"https:\/\/www.pressenza.com\/es\/2019\/11\/acto-53-de-los-gilets-jaunes-chalecos-amarillos-francia-esta-en-un-volcan-de-ira\/#article\",\"isPartOf\":{\"@id\":\"https:\/\/www.pressenza.com\/es\/2019\/11\/acto-53-de-los-gilets-jaunes-chalecos-amarillos-francia-esta-en-un-volcan-de-ira\/\"},\"author\":{\"name\":\"R\u00e9daction Paris\",\"@id\":\"https:\/\/www.pressenza.com\/es\/#\/schema\/person\/5698ef8d4c2a370cbdd59d5b17455af6\"},\"headline\":\"Acto 53 de los Gilets Jaunes (Chalecos amarillos): \u201cFrancia est\u00e1 en un volc\u00e1n de ira\u201d\",\"datePublished\":\"2019-11-21T00:19:01+00:00\",\"mainEntityOfPage\":{\"@id\":\"https:\/\/www.pressenza.com\/es\/2019\/11\/acto-53-de-los-gilets-jaunes-chalecos-amarillos-francia-esta-en-un-volcan-de-ira\/\"},\"wordCount\":596,\"publisher\":{\"@id\":\"https:\/\/www.pressenza.com\/es\/#organization\"},\"image\":{\"@id\":\"https:\/\/www.pressenza.com\/es\/2019\/11\/acto-53-de-los-gilets-jaunes-chalecos-amarillos-francia-esta-en-un-volcan-de-ira\/#primaryimage\"},\"thumbnailUrl\":\"https:\/\/www.pressenza.com\/wp-content\/uploads\/2019\/11\/b0-GJ-Acte-53_0005-gilets-jaunes.jpg\",\"keywords\":[\"Acto 53\",\"cambio de sistema\",\"Chalecos amarillos\",\"manifestaci\u00f3n\",\"Paris\"],\"articleSection\":[\"Contenido Original\",\"Europa\",\"Fotorreportajes\",\"Opiniones\",\"Pol\u00edtica\"],\"inLanguage\":\"es\"},{\"@type\":\"WebPage\",\"@id\":\"https:\/\/www.pressenza.com\/es\/2019\/11\/acto-53-de-los-gilets-jaunes-chalecos-amarillos-francia-esta-en-un-volcan-de-ira\/\",\"url\":\"https:\/\/www.pressenza.com\/es\/2019\/11\/acto-53-de-los-gilets-jaunes-chalecos-amarillos-francia-esta-en-un-volcan-de-ira\/\",\"name\":\"Acto 53 de los Gilets Jaunes (Chalecos amarillos): \u201cFrancia est\u00e1 en un volc\u00e1n de ira\u201d\",\"isPartOf\":{\"@id\":\"https:\/\/www.pressenza.com\/es\/#website\"},\"primaryImageOfPage\":{\"@id\":\"https:\/\/www.pressenza.com\/es\/2019\/11\/acto-53-de-los-gilets-jaunes-chalecos-amarillos-francia-esta-en-un-volcan-de-ira\/#primaryimage\"},\"image\":{\"@id\":\"https:\/\/www.pressenza.com\/es\/2019\/11\/acto-53-de-los-gilets-jaunes-chalecos-amarillos-francia-esta-en-un-volcan-de-ira\/#primaryimage\"},\"thumbnailUrl\":\"https:\/\/www.pressenza.com\/wp-content\/uploads\/2019\/11\/b0-GJ-Acte-53_0005-gilets-jaunes.jpg\",\"datePublished\":\"2019-11-21T00:19:01+00:00\",\"description\":\"Resumen de los comentarios de las cadenas de informaci\u00f3n sobre la manifestaci\u00f3n del primer aniversario de los chalecos amarillos: \u201cNo tienen m\u00e1s\",\"breadcrumb\":{\"@id\":\"https:\/\/www.pressenza.com\/es\/2019\/11\/acto-53-de-los-gilets-jaunes-chalecos-amarillos-francia-esta-en-un-volcan-de-ira\/#breadcrumb\"},\"inLanguage\":\"es\",\"potentialAction\":[{\"@type\":\"ReadAction\",\"target\":[\"https:\/\/www.pressenza.com\/es\/2019\/11\/acto-53-de-los-gilets-jaunes-chalecos-amarillos-francia-esta-en-un-volcan-de-ira\/\"]}]},{\"@type\":\"ImageObject\",\"inLanguage\":\"es\",\"@id\":\"https:\/\/www.pressenza.com\/es\/2019\/11\/acto-53-de-los-gilets-jaunes-chalecos-amarillos-francia-esta-en-un-volcan-de-ira\/#primaryimage\",\"url\":\"https:\/\/www.pressenza.com\/wp-content\/uploads\/2019\/11\/b0-GJ-Acte-53_0005-gilets-jaunes.jpg\",\"contentUrl\":\"https:\/\/www.pressenza.com\/wp-content\/uploads\/2019\/11\/b0-GJ-Acte-53_0005-gilets-jaunes.jpg\",\"width\":750,\"height\":500,\"caption\":\"Acte 53 des Gilets Jaunes : \u00ab La France est sur un volcan de col\u00e8res \u00bb\"},{\"@type\":\"BreadcrumbList\",\"@id\":\"https:\/\/www.pressenza.com\/es\/2019\/11\/acto-53-de-los-gilets-jaunes-chalecos-amarillos-francia-esta-en-un-volcan-de-ira\/#breadcrumb\",\"itemListElement\":[{\"@type\":\"ListItem\",\"position\":1,\"name\":\"Accueil\",\"item\":\"https:\/\/www.pressenza.com\/es\/\"},{\"@type\":\"ListItem\",\"position\":2,\"name\":\"Acto 53 de los Gilets Jaunes (Chalecos amarillos): \u201cFrancia est\u00e1 en un volc\u00e1n de ira\u201d\"}]},{\"@type\":\"WebSite\",\"@id\":\"https:\/\/www.pressenza.com\/es\/#website\",\"url\":\"https:\/\/www.pressenza.com\/es\/\",\"name\":\"Pressenza\",\"description\":\"International Press Agency\",\"publisher\":{\"@id\":\"https:\/\/www.pressenza.com\/es\/#organization\"},\"potentialAction\":[{\"@type\":\"SearchAction\",\"target\":{\"@type\":\"EntryPoint\",\"urlTemplate\":\"https:\/\/www.pressenza.com\/es\/?s={search_term_string}\"},\"query-input\":{\"@type\":\"PropertyValueSpecification\",\"valueRequired\":true,\"valueName\":\"search_term_string\"}}],\"inLanguage\":\"es\"},{\"@type\":\"Organization\",\"@id\":\"https:\/\/www.pressenza.com\/es\/#organization\",\"name\":\"Pressenza\",\"url\":\"https:\/\/www.pressenza.com\/es\/\",\"logo\":{\"@type\":\"ImageObject\",\"inLanguage\":\"es\",\"@id\":\"https:\/\/www.pressenza.com\/es\/#\/schema\/logo\/image\/\",\"url\":\"https:\/\/www.pressenza.com\/wp-content\/uploads\/2022\/10\/pressenza_logo_200x200.jpg\",\"contentUrl\":\"https:\/\/www.pressenza.com\/wp-content\/uploads\/2022\/10\/pressenza_logo_200x200.jpg\",\"width\":200,\"height\":200,\"caption\":\"Pressenza\"},\"image\":{\"@id\":\"https:\/\/www.pressenza.com\/es\/#\/schema\/logo\/image\/\"},\"sameAs\":[\"https:\/\/www.facebook.com\/PressenzaItalia\",\"https:\/\/x.com\/PressenzaIPA\"]},{\"@type\":\"Person\",\"@id\":\"https:\/\/www.pressenza.com\/es\/#\/schema\/person\/5698ef8d4c2a370cbdd59d5b17455af6\",\"name\":\"R\u00e9daction Paris\",\"description\":\"News published by the Pressenza bureau in Paris, France\",\"url\":\"https:\/\/www.pressenza.com\/es\/author\/redaction-paris\/\"}]}<\/script>\n<!-- \/ Yoast SEO plugin. -->","yoast_head_json":{"title":"Acto 53 de los Gilets Jaunes (Chalecos amarillos): \u201cFrancia est\u00e1 en un volc\u00e1n de ira\u201d","description":"Resumen de los comentarios de las cadenas de informaci\u00f3n sobre la manifestaci\u00f3n del primer aniversario de los chalecos amarillos: \u201cNo tienen m\u00e1s","robots":{"index":"index","follow":"follow","max-snippet":"max-snippet:-1","max-image-preview":"max-image-preview:large","max-video-preview":"max-video-preview:-1"},"canonical":"https:\/\/www.pressenza.com\/es\/2019\/11\/acto-53-de-los-gilets-jaunes-chalecos-amarillos-francia-esta-en-un-volcan-de-ira\/","og_locale":"es_ES","og_type":"article","og_title":"Acto 53 de los Gilets Jaunes (Chalecos amarillos): \u201cFrancia est\u00e1 en un volc\u00e1n de ira\u201d","og_description":"Resumen de los comentarios de las cadenas de informaci\u00f3n sobre la manifestaci\u00f3n del primer aniversario de los chalecos amarillos: \u201cNo tienen m\u00e1s","og_url":"https:\/\/www.pressenza.com\/es\/2019\/11\/acto-53-de-los-gilets-jaunes-chalecos-amarillos-francia-esta-en-un-volcan-de-ira\/","og_site_name":"Pressenza","article_publisher":"https:\/\/www.facebook.com\/PressenzaItalia","article_published_time":"2019-11-21T00:19:01+00:00","og_image":[{"width":750,"height":500,"url":"https:\/\/www.pressenza.com\/wp-content\/uploads\/2019\/11\/b0-GJ-Acte-53_0005-gilets-jaunes.jpg","type":"image\/jpeg"}],"author":"R\u00e9daction Paris","twitter_card":"summary_large_image","twitter_creator":"@PressenzaIPA","twitter_site":"@PressenzaIPA","twitter_misc":{"Escrito por":"R\u00e9daction Paris","Tiempo de lectura":"3 minutos"},"schema":{"@context":"https:\/\/schema.org","@graph":[{"@type":"Article","@id":"https:\/\/www.pressenza.com\/es\/2019\/11\/acto-53-de-los-gilets-jaunes-chalecos-amarillos-francia-esta-en-un-volcan-de-ira\/#article","isPartOf":{"@id":"https:\/\/www.pressenza.com\/es\/2019\/11\/acto-53-de-los-gilets-jaunes-chalecos-amarillos-francia-esta-en-un-volcan-de-ira\/"},"author":{"name":"R\u00e9daction Paris","@id":"https:\/\/www.pressenza.com\/es\/#\/schema\/person\/5698ef8d4c2a370cbdd59d5b17455af6"},"headline":"Acto 53 de los Gilets Jaunes (Chalecos amarillos): \u201cFrancia est\u00e1 en un volc\u00e1n de ira\u201d","datePublished":"2019-11-21T00:19:01+00:00","mainEntityOfPage":{"@id":"https:\/\/www.pressenza.com\/es\/2019\/11\/acto-53-de-los-gilets-jaunes-chalecos-amarillos-francia-esta-en-un-volcan-de-ira\/"},"wordCount":596,"publisher":{"@id":"https:\/\/www.pressenza.com\/es\/#organization"},"image":{"@id":"https:\/\/www.pressenza.com\/es\/2019\/11\/acto-53-de-los-gilets-jaunes-chalecos-amarillos-francia-esta-en-un-volcan-de-ira\/#primaryimage"},"thumbnailUrl":"https:\/\/www.pressenza.com\/wp-content\/uploads\/2019\/11\/b0-GJ-Acte-53_0005-gilets-jaunes.jpg","keywords":["Acto 53","cambio de sistema","Chalecos amarillos","manifestaci\u00f3n","Paris"],"articleSection":["Contenido Original","Europa","Fotorreportajes","Opiniones","Pol\u00edtica"],"inLanguage":"es"},{"@type":"WebPage","@id":"https:\/\/www.pressenza.com\/es\/2019\/11\/acto-53-de-los-gilets-jaunes-chalecos-amarillos-francia-esta-en-un-volcan-de-ira\/","url":"https:\/\/www.pressenza.com\/es\/2019\/11\/acto-53-de-los-gilets-jaunes-chalecos-amarillos-francia-esta-en-un-volcan-de-ira\/","name":"Acto 53 de los Gilets Jaunes (Chalecos amarillos): \u201cFrancia est\u00e1 en un volc\u00e1n de ira\u201d","isPartOf":{"@id":"https:\/\/www.pressenza.com\/es\/#website"},"primaryImageOfPage":{"@id":"https:\/\/www.pressenza.com\/es\/2019\/11\/acto-53-de-los-gilets-jaunes-chalecos-amarillos-francia-esta-en-un-volcan-de-ira\/#primaryimage"},"image":{"@id":"https:\/\/www.pressenza.com\/es\/2019\/11\/acto-53-de-los-gilets-jaunes-chalecos-amarillos-francia-esta-en-un-volcan-de-ira\/#primaryimage"},"thumbnailUrl":"https:\/\/www.pressenza.com\/wp-content\/uploads\/2019\/11\/b0-GJ-Acte-53_0005-gilets-jaunes.jpg","datePublished":"2019-11-21T00:19:01+00:00","description":"Resumen de los comentarios de las cadenas de informaci\u00f3n sobre la manifestaci\u00f3n del primer aniversario de los chalecos amarillos: \u201cNo tienen m\u00e1s","breadcrumb":{"@id":"https:\/\/www.pressenza.com\/es\/2019\/11\/acto-53-de-los-gilets-jaunes-chalecos-amarillos-francia-esta-en-un-volcan-de-ira\/#breadcrumb"},"inLanguage":"es","potentialAction":[{"@type":"ReadAction","target":["https:\/\/www.pressenza.com\/es\/2019\/11\/acto-53-de-los-gilets-jaunes-chalecos-amarillos-francia-esta-en-un-volcan-de-ira\/"]}]},{"@type":"ImageObject","inLanguage":"es","@id":"https:\/\/www.pressenza.com\/es\/2019\/11\/acto-53-de-los-gilets-jaunes-chalecos-amarillos-francia-esta-en-un-volcan-de-ira\/#primaryimage","url":"https:\/\/www.pressenza.com\/wp-content\/uploads\/2019\/11\/b0-GJ-Acte-53_0005-gilets-jaunes.jpg","contentUrl":"https:\/\/www.pressenza.com\/wp-content\/uploads\/2019\/11\/b0-GJ-Acte-53_0005-gilets-jaunes.jpg","width":750,"height":500,"caption":"Acte 53 des Gilets Jaunes : \u00ab La France est sur un volcan de col\u00e8res \u00bb"},{"@type":"BreadcrumbList","@id":"https:\/\/www.pressenza.com\/es\/2019\/11\/acto-53-de-los-gilets-jaunes-chalecos-amarillos-francia-esta-en-un-volcan-de-ira\/#breadcrumb","itemListElement":[{"@type":"ListItem","position":1,"name":"Accueil","item":"https:\/\/www.pressenza.com\/es\/"},{"@type":"ListItem","position":2,"name":"Acto 53 de los Gilets Jaunes (Chalecos amarillos): \u201cFrancia est\u00e1 en un volc\u00e1n de ira\u201d"}]},{"@type":"WebSite","@id":"https:\/\/www.pressenza.com\/es\/#website","url":"https:\/\/www.pressenza.com\/es\/","name":"Pressenza","description":"International Press Agency","publisher":{"@id":"https:\/\/www.pressenza.com\/es\/#organization"},"potentialAction":[{"@type":"SearchAction","target":{"@type":"EntryPoint","urlTemplate":"https:\/\/www.pressenza.com\/es\/?s={search_term_string}"},"query-input":{"@type":"PropertyValueSpecification","valueRequired":true,"valueName":"search_term_string"}}],"inLanguage":"es"},{"@type":"Organization","@id":"https:\/\/www.pressenza.com\/es\/#organization","name":"Pressenza","url":"https:\/\/www.pressenza.com\/es\/","logo":{"@type":"ImageObject","inLanguage":"es","@id":"https:\/\/www.pressenza.com\/es\/#\/schema\/logo\/image\/","url":"https:\/\/www.pressenza.com\/wp-content\/uploads\/2022\/10\/pressenza_logo_200x200.jpg","contentUrl":"https:\/\/www.pressenza.com\/wp-content\/uploads\/2022\/10\/pressenza_logo_200x200.jpg","width":200,"height":200,"caption":"Pressenza"},"image":{"@id":"https:\/\/www.pressenza.com\/es\/#\/schema\/logo\/image\/"},"sameAs":["https:\/\/www.facebook.com\/PressenzaItalia","https:\/\/x.com\/PressenzaIPA"]},{"@type":"Person","@id":"https:\/\/www.pressenza.com\/es\/#\/schema\/person\/5698ef8d4c2a370cbdd59d5b17455af6","name":"R\u00e9daction Paris","description":"News published by the Pressenza bureau in Paris, France","url":"https:\/\/www.pressenza.com\/es\/author\/redaction-paris\/"}]}},"place":"Par\u00eds, Francia","original_article_url":"","_links":{"self":[{"href":"https:\/\/www.pressenza.com\/es\/wp-json\/wp\/v2\/posts\/977558","targetHints":{"allow":["GET"]}}],"collection":[{"href":"https:\/\/www.pressenza.com\/es\/wp-json\/wp\/v2\/posts"}],"about":[{"href":"https:\/\/www.pressenza.com\/es\/wp-json\/wp\/v2\/types\/post"}],"author":[{"embeddable":true,"href":"https:\/\/www.pressenza.com\/es\/wp-json\/wp\/v2\/users\/752"}],"replies":[{"embeddable":true,"href":"https:\/\/www.pressenza.com\/es\/wp-json\/wp\/v2\/comments?post=977558"}],"version-history":[{"count":0,"href":"https:\/\/www.pressenza.com\/es\/wp-json\/wp\/v2\/posts\/977558\/revisions"}],"wp:featuredmedia":[{"embeddable":true,"href":"https:\/\/www.pressenza.com\/es\/wp-json\/wp\/v2\/media\/974560"}],"wp:attachment":[{"href":"https:\/\/www.pressenza.com\/es\/wp-json\/wp\/v2\/media?parent=977558"}],"wp:term":[{"taxonomy":"category","embeddable":true,"href":"https:\/\/www.pressenza.com\/es\/wp-json\/wp\/v2\/categories?post=977558"},{"taxonomy":"post_tag","embeddable":true,"href":"https:\/\/www.pressenza.com\/es\/wp-json\/wp\/v2\/tags?post=977558"}],"curies":[{"name":"wp","href":"https:\/\/api.w.org\/{rel}","templated":true}]}}