{"id":977517,"date":"2019-11-20T23:38:51","date_gmt":"2019-11-20T23:38:51","guid":{"rendered":"https:\/\/www.pressenza.com\/?p=977517"},"modified":"2019-11-20T23:38:51","modified_gmt":"2019-11-20T23:38:51","slug":"argentina-nuevo-protocolo-de-interrupcion-legal-del-embarazo-con-rango-ministerial","status":"publish","type":"post","link":"https:\/\/www.pressenza.com\/es\/2019\/11\/argentina-nuevo-protocolo-de-interrupcion-legal-del-embarazo-con-rango-ministerial\/","title":{"rendered":"Argentina: nuevo protocolo de Interrupci\u00f3n Legal del Embarazo, con rango ministerial"},"content":{"rendered":"<p><em>Por<strong> Rosaura Barletta<\/strong><\/em><\/p>\n<p>Se public\u00f3 esta ma\u00f1ana en el Bolet\u00edn Oficial y se trata de una resoluci\u00f3n emitida por la Secretar\u00eda de Salud del Ministerio de Desarrollo Social. Esto implica un mayor nivel de institucionalidad para el respeto de la interrupci\u00f3n legal del embarazo por causales en todo el pa\u00eds y lo establecido por el fallo FAL de la Corte Suprema de Justicia que interpreta esas causales. Adem\u00e1s, hay algunos avances con respecto al protocolo anterior. \u00bfEl paso previo a la legalizaci\u00f3n?<\/p>\n<p>Un nuevo protocolo establece las responsabilidades de los efectores de salud a la hora de garantizar el acceso a la ILE, el abordaje integral que se requiere, el procedimiento m\u00e9dico a realizar y el asesoramiento en materia de anticoncepci\u00f3n posterior. Adem\u00e1s, define ampliamente las tres causales puntualizadas en el C\u00f3digo Penal y luego interpretadas por el fallo FAL, y reconoce que se emite esta normativa en el marco del respeto por los derechos sexuales y reproductivos garantizados por la Constituci\u00f3n Nacional, el C\u00f3digo Civil y Comercial y el C\u00f3digo Penal.<\/p>\n<p>Si en la pr\u00f3xima gesti\u00f3n se legaliza el aborto sin restricciones de causas <a href=\"http:\/\/www.laretaguardia.com.ar\/2019\/11\/somos-belen.html\" target=\"_blank\" rel=\"noopener\">como prometi\u00f3 informalmente Alberto Fern\u00e1ndez<\/a>, este protocolo (<a href=\"https:\/\/www.boletinoficial.gob.ar\/detalleAviso\/primera\/221438\/20191120\" target=\"_blank\" rel=\"noopener\">Resoluci\u00f3n 3158\/2019<\/a>) significar\u00e1 un piso en materia de derechos para la futura ley. Se reconoce, por ejemplo, que el acceso a la ILE se encuadra en el derecho a la autonom\u00eda personal. Adem\u00e1s, se plantea que no debe haber obst\u00e1culos para la accesibilidad ni debe judicializarse la pr\u00e1ctica y se resguardan la confidencialidad y la celeridad del proceso. Se reconoce la salud como un concepto integral con las dimensiones f\u00edsica, mental y social, tal como lo define la Organizaci\u00f3n Mundial de la Salud (OMS) y referencia el fallo FAL.<\/p>\n<p>El protocolo, adem\u00e1s, puntualiza los pasos a seguir en los casos de personas con discapacidad: son ellas las que deben decidir si desean estar acompa\u00f1ados por terceros de su confianza (familiares, int\u00e9rpretes, etc.). Adem\u00e1s, especifica que al igual que con ni\u00f1as, ni\u00f1os y adolescentes (NNyA), debe garantizarse todo el sistema de apoyo que les permita comprender el contenido de los documentos de solicitud y consentimiento de ILE \u201cy dejar asentada su voluntad\u201d. El protocolo establece que, para las menores de 13 a\u00f1os, si no media el consentimiento de sus tutores, ser\u00e1 el equipo de salud el que valore la situaci\u00f3n, mientras que las mayores de 13 pueden acceder aut\u00f3nomamente sin restricciones a la pr\u00e1ctica en las causales especificadas, salvo que la pr\u00e1ctica ponga en riesgo su salud.<\/p>\n<p>Respecto de los mecanismos m\u00e9dicos para garantizar la ILE, el protocolo reconoce que debe tratarse de un procedimiento ambulatorio en los centros de atenci\u00f3n primaria u hospitales, con internaci\u00f3n s\u00f3lo en los casos que la requieran.<\/p>\n<p><a href=\"https:\/\/ia601408.us.archive.org\/19\/items\/protocoloILE2019\/Protocolo%20ILE%202019.pdf\" target=\"_blank\" rel=\"noopener\">Texto completo del Protocolo<\/a><\/p>\n","protected":false},"excerpt":{"rendered":"<p>Por Rosaura Barletta Se public\u00f3 esta ma\u00f1ana en el Bolet\u00edn Oficial y se trata de una resoluci\u00f3n emitida por la Secretar\u00eda de Salud del Ministerio de Desarrollo Social. Esto implica un mayor nivel de institucionalidad para el respeto de la&hellip;<\/p>\n","protected":false},"author":1497,"featured_media":977518,"comment_status":"closed","ping_status":"closed","sticky":false,"template":"","format":"standard","meta":{"footnotes":""},"categories":[79,54515,67],"tags":[36148,26,64416,44232,503,55778,1025],"class_list":["post-977517","post","type-post","status-publish","format-standard","has-post-thumbnail","hentry","category-derechos-humanos","category-genero-y-feminismos","category-sudamerica","tag-aborto-legal-seguro-y-gratuito","tag-argentina","tag-fallo-fal","tag-feminismos","tag-genero","tag-ile","tag-mujeres"],"yoast_head":"<!-- This site is optimized with the Yoast SEO plugin v27.1.1 - https:\/\/yoast.com\/product\/yoast-seo-wordpress\/ -->\n<title>Argentina: nuevo protocolo de Interrupci\u00f3n Legal del Embarazo, con rango ministerial<\/title>\n<meta name=\"description\" content=\"Por Rosaura Barletta Se public\u00f3 esta ma\u00f1ana en el Bolet\u00edn Oficial y se trata de una resoluci\u00f3n emitida por la Secretar\u00eda de Salud del Ministerio de\" \/>\n<meta name=\"robots\" content=\"index, follow, max-snippet:-1, max-image-preview:large, max-video-preview:-1\" \/>\n<link rel=\"canonical\" href=\"https:\/\/www.pressenza.com\/es\/2019\/11\/argentina-nuevo-protocolo-de-interrupcion-legal-del-embarazo-con-rango-ministerial\/\" \/>\n<meta property=\"og:locale\" content=\"es_ES\" \/>\n<meta property=\"og:type\" content=\"article\" \/>\n<meta property=\"og:title\" content=\"Argentina: nuevo protocolo de Interrupci\u00f3n Legal del Embarazo, con rango ministerial\" \/>\n<meta property=\"og:description\" content=\"Por Rosaura Barletta Se public\u00f3 esta ma\u00f1ana en el Bolet\u00edn Oficial y se trata de una resoluci\u00f3n emitida por la Secretar\u00eda de Salud del Ministerio de\" \/>\n<meta property=\"og:url\" content=\"https:\/\/www.pressenza.com\/es\/2019\/11\/argentina-nuevo-protocolo-de-interrupcion-legal-del-embarazo-con-rango-ministerial\/\" \/>\n<meta property=\"og:site_name\" content=\"Pressenza\" \/>\n<meta property=\"article:publisher\" content=\"https:\/\/www.facebook.com\/PressenzaItalia\" \/>\n<meta property=\"article:published_time\" content=\"2019-11-20T23:38:51+00:00\" \/>\n<meta property=\"og:image\" content=\"https:\/\/www.pressenza.com\/wp-content\/uploads\/2019\/11\/aborto-legal-Natalia-Bernades-laretaguardia.jpg\" \/>\n\t<meta property=\"og:image:width\" content=\"1024\" \/>\n\t<meta property=\"og:image:height\" content=\"683\" \/>\n\t<meta property=\"og:image:type\" content=\"image\/jpeg\" \/>\n<meta name=\"author\" content=\"La Retaguardia\" \/>\n<meta name=\"twitter:card\" content=\"summary_large_image\" \/>\n<meta name=\"twitter:creator\" content=\"@PressenzaIPA\" \/>\n<meta name=\"twitter:site\" content=\"@PressenzaIPA\" \/>\n<meta name=\"twitter:label1\" content=\"Escrito por\" \/>\n\t<meta name=\"twitter:data1\" content=\"La Retaguardia\" \/>\n\t<meta name=\"twitter:label2\" content=\"Tiempo de lectura\" \/>\n\t<meta name=\"twitter:data2\" content=\"2 minutos\" \/>\n<script type=\"application\/ld+json\" class=\"yoast-schema-graph\">{\"@context\":\"https:\/\/schema.org\",\"@graph\":[{\"@type\":\"Article\",\"@id\":\"https:\/\/www.pressenza.com\/es\/2019\/11\/argentina-nuevo-protocolo-de-interrupcion-legal-del-embarazo-con-rango-ministerial\/#article\",\"isPartOf\":{\"@id\":\"https:\/\/www.pressenza.com\/es\/2019\/11\/argentina-nuevo-protocolo-de-interrupcion-legal-del-embarazo-con-rango-ministerial\/\"},\"author\":{\"name\":\"La Retaguardia\",\"@id\":\"https:\/\/www.pressenza.com\/es\/#\/schema\/person\/98a38263ecdcc396a0f9c0adad4a5ce8\"},\"headline\":\"Argentina: nuevo protocolo de Interrupci\u00f3n Legal del Embarazo, con rango ministerial\",\"datePublished\":\"2019-11-20T23:38:51+00:00\",\"mainEntityOfPage\":{\"@id\":\"https:\/\/www.pressenza.com\/es\/2019\/11\/argentina-nuevo-protocolo-de-interrupcion-legal-del-embarazo-con-rango-ministerial\/\"},\"wordCount\":497,\"publisher\":{\"@id\":\"https:\/\/www.pressenza.com\/es\/#organization\"},\"image\":{\"@id\":\"https:\/\/www.pressenza.com\/es\/2019\/11\/argentina-nuevo-protocolo-de-interrupcion-legal-del-embarazo-con-rango-ministerial\/#primaryimage\"},\"thumbnailUrl\":\"https:\/\/www.pressenza.com\/wp-content\/uploads\/2019\/11\/aborto-legal-Natalia-Bernades-laretaguardia.jpg\",\"keywords\":[\"aborto legal seguro y gratuito\",\"Argentina\",\"fallo Fal\",\"feminismos\",\"G\u00e9nero\",\"ILE\",\"Mujeres\"],\"articleSection\":[\"Derechos Humanos\",\"G\u00e9nero y Feminismos\",\"Sudam\u00e9rica\"],\"inLanguage\":\"es\"},{\"@type\":\"WebPage\",\"@id\":\"https:\/\/www.pressenza.com\/es\/2019\/11\/argentina-nuevo-protocolo-de-interrupcion-legal-del-embarazo-con-rango-ministerial\/\",\"url\":\"https:\/\/www.pressenza.com\/es\/2019\/11\/argentina-nuevo-protocolo-de-interrupcion-legal-del-embarazo-con-rango-ministerial\/\",\"name\":\"Argentina: nuevo protocolo de Interrupci\u00f3n Legal del Embarazo, con rango ministerial\",\"isPartOf\":{\"@id\":\"https:\/\/www.pressenza.com\/es\/#website\"},\"primaryImageOfPage\":{\"@id\":\"https:\/\/www.pressenza.com\/es\/2019\/11\/argentina-nuevo-protocolo-de-interrupcion-legal-del-embarazo-con-rango-ministerial\/#primaryimage\"},\"image\":{\"@id\":\"https:\/\/www.pressenza.com\/es\/2019\/11\/argentina-nuevo-protocolo-de-interrupcion-legal-del-embarazo-con-rango-ministerial\/#primaryimage\"},\"thumbnailUrl\":\"https:\/\/www.pressenza.com\/wp-content\/uploads\/2019\/11\/aborto-legal-Natalia-Bernades-laretaguardia.jpg\",\"datePublished\":\"2019-11-20T23:38:51+00:00\",\"description\":\"Por Rosaura Barletta Se public\u00f3 esta ma\u00f1ana en el Bolet\u00edn Oficial y se trata de una resoluci\u00f3n emitida por la Secretar\u00eda de Salud del Ministerio de\",\"breadcrumb\":{\"@id\":\"https:\/\/www.pressenza.com\/es\/2019\/11\/argentina-nuevo-protocolo-de-interrupcion-legal-del-embarazo-con-rango-ministerial\/#breadcrumb\"},\"inLanguage\":\"es\",\"potentialAction\":[{\"@type\":\"ReadAction\",\"target\":[\"https:\/\/www.pressenza.com\/es\/2019\/11\/argentina-nuevo-protocolo-de-interrupcion-legal-del-embarazo-con-rango-ministerial\/\"]}]},{\"@type\":\"ImageObject\",\"inLanguage\":\"es\",\"@id\":\"https:\/\/www.pressenza.com\/es\/2019\/11\/argentina-nuevo-protocolo-de-interrupcion-legal-del-embarazo-con-rango-ministerial\/#primaryimage\",\"url\":\"https:\/\/www.pressenza.com\/wp-content\/uploads\/2019\/11\/aborto-legal-Natalia-Bernades-laretaguardia.jpg\",\"contentUrl\":\"https:\/\/www.pressenza.com\/wp-content\/uploads\/2019\/11\/aborto-legal-Natalia-Bernades-laretaguardia.jpg\",\"width\":1024,\"height\":683},{\"@type\":\"BreadcrumbList\",\"@id\":\"https:\/\/www.pressenza.com\/es\/2019\/11\/argentina-nuevo-protocolo-de-interrupcion-legal-del-embarazo-con-rango-ministerial\/#breadcrumb\",\"itemListElement\":[{\"@type\":\"ListItem\",\"position\":1,\"name\":\"Accueil\",\"item\":\"https:\/\/www.pressenza.com\/es\/\"},{\"@type\":\"ListItem\",\"position\":2,\"name\":\"Argentina: nuevo protocolo de Interrupci\u00f3n Legal del Embarazo, con rango ministerial\"}]},{\"@type\":\"WebSite\",\"@id\":\"https:\/\/www.pressenza.com\/es\/#website\",\"url\":\"https:\/\/www.pressenza.com\/es\/\",\"name\":\"Pressenza\",\"description\":\"International Press Agency\",\"publisher\":{\"@id\":\"https:\/\/www.pressenza.com\/es\/#organization\"},\"potentialAction\":[{\"@type\":\"SearchAction\",\"target\":{\"@type\":\"EntryPoint\",\"urlTemplate\":\"https:\/\/www.pressenza.com\/es\/?s={search_term_string}\"},\"query-input\":{\"@type\":\"PropertyValueSpecification\",\"valueRequired\":true,\"valueName\":\"search_term_string\"}}],\"inLanguage\":\"es\"},{\"@type\":\"Organization\",\"@id\":\"https:\/\/www.pressenza.com\/es\/#organization\",\"name\":\"Pressenza\",\"url\":\"https:\/\/www.pressenza.com\/es\/\",\"logo\":{\"@type\":\"ImageObject\",\"inLanguage\":\"es\",\"@id\":\"https:\/\/www.pressenza.com\/es\/#\/schema\/logo\/image\/\",\"url\":\"https:\/\/www.pressenza.com\/wp-content\/uploads\/2022\/10\/pressenza_logo_200x200.jpg\",\"contentUrl\":\"https:\/\/www.pressenza.com\/wp-content\/uploads\/2022\/10\/pressenza_logo_200x200.jpg\",\"width\":200,\"height\":200,\"caption\":\"Pressenza\"},\"image\":{\"@id\":\"https:\/\/www.pressenza.com\/es\/#\/schema\/logo\/image\/\"},\"sameAs\":[\"https:\/\/www.facebook.com\/PressenzaItalia\",\"https:\/\/x.com\/PressenzaIPA\"]},{\"@type\":\"Person\",\"@id\":\"https:\/\/www.pressenza.com\/es\/#\/schema\/person\/98a38263ecdcc396a0f9c0adad4a5ce8\",\"name\":\"La Retaguardia\",\"description\":\"La Retaguardia es un colectivo de Periodismo Social con base en Argentina. Somos una radio online, un portal de noticias y tambi\u00e9n una revista de publicaci\u00f3n mensual en papel. Participamos del movimiento de medios comunitarios, alternativos y populares, integrando la Red Nacional de Medios Alternativos. Queremos cambiar el mundo y nuestra herramienta es la comunicaci\u00f3n popular. www.laretaguardia.com.ar\",\"sameAs\":[\"http:\/\/www.laretaguardia.com.ar\/\"],\"url\":\"https:\/\/www.pressenza.com\/es\/author\/la-retaguardia\/\"}]}<\/script>\n<!-- \/ Yoast SEO plugin. -->","yoast_head_json":{"title":"Argentina: nuevo protocolo de Interrupci\u00f3n Legal del Embarazo, con rango ministerial","description":"Por Rosaura Barletta Se public\u00f3 esta ma\u00f1ana en el Bolet\u00edn Oficial y se trata de una resoluci\u00f3n emitida por la Secretar\u00eda de Salud del Ministerio de","robots":{"index":"index","follow":"follow","max-snippet":"max-snippet:-1","max-image-preview":"max-image-preview:large","max-video-preview":"max-video-preview:-1"},"canonical":"https:\/\/www.pressenza.com\/es\/2019\/11\/argentina-nuevo-protocolo-de-interrupcion-legal-del-embarazo-con-rango-ministerial\/","og_locale":"es_ES","og_type":"article","og_title":"Argentina: nuevo protocolo de Interrupci\u00f3n Legal del Embarazo, con rango ministerial","og_description":"Por Rosaura Barletta Se public\u00f3 esta ma\u00f1ana en el Bolet\u00edn Oficial y se trata de una resoluci\u00f3n emitida por la Secretar\u00eda de Salud del Ministerio de","og_url":"https:\/\/www.pressenza.com\/es\/2019\/11\/argentina-nuevo-protocolo-de-interrupcion-legal-del-embarazo-con-rango-ministerial\/","og_site_name":"Pressenza","article_publisher":"https:\/\/www.facebook.com\/PressenzaItalia","article_published_time":"2019-11-20T23:38:51+00:00","og_image":[{"width":1024,"height":683,"url":"https:\/\/www.pressenza.com\/wp-content\/uploads\/2019\/11\/aborto-legal-Natalia-Bernades-laretaguardia.jpg","type":"image\/jpeg"}],"author":"La Retaguardia","twitter_card":"summary_large_image","twitter_creator":"@PressenzaIPA","twitter_site":"@PressenzaIPA","twitter_misc":{"Escrito por":"La Retaguardia","Tiempo de lectura":"2 minutos"},"schema":{"@context":"https:\/\/schema.org","@graph":[{"@type":"Article","@id":"https:\/\/www.pressenza.com\/es\/2019\/11\/argentina-nuevo-protocolo-de-interrupcion-legal-del-embarazo-con-rango-ministerial\/#article","isPartOf":{"@id":"https:\/\/www.pressenza.com\/es\/2019\/11\/argentina-nuevo-protocolo-de-interrupcion-legal-del-embarazo-con-rango-ministerial\/"},"author":{"name":"La Retaguardia","@id":"https:\/\/www.pressenza.com\/es\/#\/schema\/person\/98a38263ecdcc396a0f9c0adad4a5ce8"},"headline":"Argentina: nuevo protocolo de Interrupci\u00f3n Legal del Embarazo, con rango ministerial","datePublished":"2019-11-20T23:38:51+00:00","mainEntityOfPage":{"@id":"https:\/\/www.pressenza.com\/es\/2019\/11\/argentina-nuevo-protocolo-de-interrupcion-legal-del-embarazo-con-rango-ministerial\/"},"wordCount":497,"publisher":{"@id":"https:\/\/www.pressenza.com\/es\/#organization"},"image":{"@id":"https:\/\/www.pressenza.com\/es\/2019\/11\/argentina-nuevo-protocolo-de-interrupcion-legal-del-embarazo-con-rango-ministerial\/#primaryimage"},"thumbnailUrl":"https:\/\/www.pressenza.com\/wp-content\/uploads\/2019\/11\/aborto-legal-Natalia-Bernades-laretaguardia.jpg","keywords":["aborto legal seguro y gratuito","Argentina","fallo Fal","feminismos","G\u00e9nero","ILE","Mujeres"],"articleSection":["Derechos Humanos","G\u00e9nero y Feminismos","Sudam\u00e9rica"],"inLanguage":"es"},{"@type":"WebPage","@id":"https:\/\/www.pressenza.com\/es\/2019\/11\/argentina-nuevo-protocolo-de-interrupcion-legal-del-embarazo-con-rango-ministerial\/","url":"https:\/\/www.pressenza.com\/es\/2019\/11\/argentina-nuevo-protocolo-de-interrupcion-legal-del-embarazo-con-rango-ministerial\/","name":"Argentina: nuevo protocolo de Interrupci\u00f3n Legal del Embarazo, con rango ministerial","isPartOf":{"@id":"https:\/\/www.pressenza.com\/es\/#website"},"primaryImageOfPage":{"@id":"https:\/\/www.pressenza.com\/es\/2019\/11\/argentina-nuevo-protocolo-de-interrupcion-legal-del-embarazo-con-rango-ministerial\/#primaryimage"},"image":{"@id":"https:\/\/www.pressenza.com\/es\/2019\/11\/argentina-nuevo-protocolo-de-interrupcion-legal-del-embarazo-con-rango-ministerial\/#primaryimage"},"thumbnailUrl":"https:\/\/www.pressenza.com\/wp-content\/uploads\/2019\/11\/aborto-legal-Natalia-Bernades-laretaguardia.jpg","datePublished":"2019-11-20T23:38:51+00:00","description":"Por Rosaura Barletta Se public\u00f3 esta ma\u00f1ana en el Bolet\u00edn Oficial y se trata de una resoluci\u00f3n emitida por la Secretar\u00eda de Salud del Ministerio de","breadcrumb":{"@id":"https:\/\/www.pressenza.com\/es\/2019\/11\/argentina-nuevo-protocolo-de-interrupcion-legal-del-embarazo-con-rango-ministerial\/#breadcrumb"},"inLanguage":"es","potentialAction":[{"@type":"ReadAction","target":["https:\/\/www.pressenza.com\/es\/2019\/11\/argentina-nuevo-protocolo-de-interrupcion-legal-del-embarazo-con-rango-ministerial\/"]}]},{"@type":"ImageObject","inLanguage":"es","@id":"https:\/\/www.pressenza.com\/es\/2019\/11\/argentina-nuevo-protocolo-de-interrupcion-legal-del-embarazo-con-rango-ministerial\/#primaryimage","url":"https:\/\/www.pressenza.com\/wp-content\/uploads\/2019\/11\/aborto-legal-Natalia-Bernades-laretaguardia.jpg","contentUrl":"https:\/\/www.pressenza.com\/wp-content\/uploads\/2019\/11\/aborto-legal-Natalia-Bernades-laretaguardia.jpg","width":1024,"height":683},{"@type":"BreadcrumbList","@id":"https:\/\/www.pressenza.com\/es\/2019\/11\/argentina-nuevo-protocolo-de-interrupcion-legal-del-embarazo-con-rango-ministerial\/#breadcrumb","itemListElement":[{"@type":"ListItem","position":1,"name":"Accueil","item":"https:\/\/www.pressenza.com\/es\/"},{"@type":"ListItem","position":2,"name":"Argentina: nuevo protocolo de Interrupci\u00f3n Legal del Embarazo, con rango ministerial"}]},{"@type":"WebSite","@id":"https:\/\/www.pressenza.com\/es\/#website","url":"https:\/\/www.pressenza.com\/es\/","name":"Pressenza","description":"International Press Agency","publisher":{"@id":"https:\/\/www.pressenza.com\/es\/#organization"},"potentialAction":[{"@type":"SearchAction","target":{"@type":"EntryPoint","urlTemplate":"https:\/\/www.pressenza.com\/es\/?s={search_term_string}"},"query-input":{"@type":"PropertyValueSpecification","valueRequired":true,"valueName":"search_term_string"}}],"inLanguage":"es"},{"@type":"Organization","@id":"https:\/\/www.pressenza.com\/es\/#organization","name":"Pressenza","url":"https:\/\/www.pressenza.com\/es\/","logo":{"@type":"ImageObject","inLanguage":"es","@id":"https:\/\/www.pressenza.com\/es\/#\/schema\/logo\/image\/","url":"https:\/\/www.pressenza.com\/wp-content\/uploads\/2022\/10\/pressenza_logo_200x200.jpg","contentUrl":"https:\/\/www.pressenza.com\/wp-content\/uploads\/2022\/10\/pressenza_logo_200x200.jpg","width":200,"height":200,"caption":"Pressenza"},"image":{"@id":"https:\/\/www.pressenza.com\/es\/#\/schema\/logo\/image\/"},"sameAs":["https:\/\/www.facebook.com\/PressenzaItalia","https:\/\/x.com\/PressenzaIPA"]},{"@type":"Person","@id":"https:\/\/www.pressenza.com\/es\/#\/schema\/person\/98a38263ecdcc396a0f9c0adad4a5ce8","name":"La Retaguardia","description":"La Retaguardia es un colectivo de Periodismo Social con base en Argentina. Somos una radio online, un portal de noticias y tambi\u00e9n una revista de publicaci\u00f3n mensual en papel. Participamos del movimiento de medios comunitarios, alternativos y populares, integrando la Red Nacional de Medios Alternativos. Queremos cambiar el mundo y nuestra herramienta es la comunicaci\u00f3n popular. www.laretaguardia.com.ar","sameAs":["http:\/\/www.laretaguardia.com.ar\/"],"url":"https:\/\/www.pressenza.com\/es\/author\/la-retaguardia\/"}]}},"place":"Ciudad de Buenos Aires, Argentina","original_article_url":"http:\/\/www.laretaguardia.com.ar\/2019\/11\/ILE-resolucion.html?fbclid=IwAR3ZMudGLhYnspUwyE26uiGSAwOAW9fIJgaqHNAIwKx6DM0M7eFh2uDcW_E","_links":{"self":[{"href":"https:\/\/www.pressenza.com\/es\/wp-json\/wp\/v2\/posts\/977517","targetHints":{"allow":["GET"]}}],"collection":[{"href":"https:\/\/www.pressenza.com\/es\/wp-json\/wp\/v2\/posts"}],"about":[{"href":"https:\/\/www.pressenza.com\/es\/wp-json\/wp\/v2\/types\/post"}],"author":[{"embeddable":true,"href":"https:\/\/www.pressenza.com\/es\/wp-json\/wp\/v2\/users\/1497"}],"replies":[{"embeddable":true,"href":"https:\/\/www.pressenza.com\/es\/wp-json\/wp\/v2\/comments?post=977517"}],"version-history":[{"count":0,"href":"https:\/\/www.pressenza.com\/es\/wp-json\/wp\/v2\/posts\/977517\/revisions"}],"wp:featuredmedia":[{"embeddable":true,"href":"https:\/\/www.pressenza.com\/es\/wp-json\/wp\/v2\/media\/977518"}],"wp:attachment":[{"href":"https:\/\/www.pressenza.com\/es\/wp-json\/wp\/v2\/media?parent=977517"}],"wp:term":[{"taxonomy":"category","embeddable":true,"href":"https:\/\/www.pressenza.com\/es\/wp-json\/wp\/v2\/categories?post=977517"},{"taxonomy":"post_tag","embeddable":true,"href":"https:\/\/www.pressenza.com\/es\/wp-json\/wp\/v2\/tags?post=977517"}],"curies":[{"name":"wp","href":"https:\/\/api.w.org\/{rel}","templated":true}]}}