{"id":973463,"date":"2019-11-16T21:03:54","date_gmt":"2019-11-16T21:03:54","guid":{"rendered":"https:\/\/www.pressenza.com\/?p=973463"},"modified":"2019-11-16T21:06:17","modified_gmt":"2019-11-16T21:06:17","slug":"chile-plaza-de-la-dignidad-un-dia-para-no-olvidar","status":"publish","type":"post","link":"https:\/\/www.pressenza.com\/es\/2019\/11\/chile-plaza-de-la-dignidad-un-dia-para-no-olvidar\/","title":{"rendered":"Chile: Plaza de la dignidad, un d\u00eda para no olvidar"},"content":{"rendered":"<p>Chilenos y chilenas salieron nuevamente a las calles para manifestar su descontento hacia el acuerdo que transaron parlamentarios a espaldas de la ciudadan\u00eda.<br \/>\nAsamblea Constituyente es lo que el pueblo pide y el llamado \u201cacuerdo por la paz\u201d no cumple la funci\u00f3n expl\u00edcita de lo que debiese ser una AC con la participaci\u00f3n de todas y todos.<br \/>\nEl gobierno de derecha est\u00e1 amparando las violaciones a los derechos humanos. A\u00fan as\u00ed, parlamentarios de todos los sectores, se dieron cita para este pacto que no representa a las movilizaciones de la calle.<br \/>\nEs en este contexto que se llam\u00f3 a una concentraci\u00f3n en la Plaza de la Dignidad (ex plaza Italia), donde la represi\u00f3n fue brutal, llevando a horas de la noche a la muerte del joven Abel quien sufri\u00f3 un paro card\u00edaco producto de los gases lacrim\u00f3genos de la polic\u00eda chilena. Param\u00e9dicos llegaron al lugar para tratar de reanimarlo pero fuerzas especiales los reprimi\u00f3 tambi\u00e9n a ellos dejando incluso a una auxiliar del equipo herida.<br \/>\nA causa de esto Abel Acu\u00f1a falleci\u00f3.<br \/>\nEl pueblo no olvida.<\/p>\n<p>\/Texto y Fotograf\u00edas de Daniela Anomar\/<\/p>\n<p><a href=\"https:\/\/www.pressenza.com\/wp-content\/uploads\/2019\/11\/0A0A7477.jpg\"><img loading=\"lazy\" decoding=\"async\" class=\"alignleft size-large wp-image-973483\" src=\"https:\/\/www.pressenza.com\/wp-content\/uploads\/2019\/11\/0A0A7477-720x480.jpg\" alt=\"\" width=\"720\" height=\"480\" srcset=\"https:\/\/www.pressenza.com\/wp-content\/uploads\/2019\/11\/0A0A7477-720x480.jpg 720w, https:\/\/www.pressenza.com\/wp-content\/uploads\/2019\/11\/0A0A7477-300x200.jpg 300w, https:\/\/www.pressenza.com\/wp-content\/uploads\/2019\/11\/0A0A7477-768x512.jpg 768w, https:\/\/www.pressenza.com\/wp-content\/uploads\/2019\/11\/0A0A7477.jpg 2040w\" sizes=\"auto, (max-width: 720px) 100vw, 720px\" \/><\/a> <a href=\"https:\/\/www.pressenza.com\/wp-content\/uploads\/2019\/11\/0A0A7483.jpg\"><img loading=\"lazy\" decoding=\"async\" class=\"alignleft size-large wp-image-973492\" src=\"https:\/\/www.pressenza.com\/wp-content\/uploads\/2019\/11\/0A0A7483-720x480.jpg\" alt=\"\" width=\"720\" height=\"480\" srcset=\"https:\/\/www.pressenza.com\/wp-content\/uploads\/2019\/11\/0A0A7483-720x480.jpg 720w, https:\/\/www.pressenza.com\/wp-content\/uploads\/2019\/11\/0A0A7483-300x200.jpg 300w, https:\/\/www.pressenza.com\/wp-content\/uploads\/2019\/11\/0A0A7483-768x512.jpg 768w, https:\/\/www.pressenza.com\/wp-content\/uploads\/2019\/11\/0A0A7483.jpg 2040w\" sizes=\"auto, (max-width: 720px) 100vw, 720px\" \/><\/a> <a href=\"https:\/\/www.pressenza.com\/wp-content\/uploads\/2019\/11\/0A0A7511.jpg\"><img loading=\"lazy\" decoding=\"async\" class=\"alignleft size-large wp-image-973501\" src=\"https:\/\/www.pressenza.com\/wp-content\/uploads\/2019\/11\/0A0A7511-720x480.jpg\" alt=\"\" width=\"720\" height=\"480\" srcset=\"https:\/\/www.pressenza.com\/wp-content\/uploads\/2019\/11\/0A0A7511-720x480.jpg 720w, https:\/\/www.pressenza.com\/wp-content\/uploads\/2019\/11\/0A0A7511-300x200.jpg 300w, https:\/\/www.pressenza.com\/wp-content\/uploads\/2019\/11\/0A0A7511-768x512.jpg 768w, https:\/\/www.pressenza.com\/wp-content\/uploads\/2019\/11\/0A0A7511.jpg 2040w\" sizes=\"auto, (max-width: 720px) 100vw, 720px\" \/><\/a> <a href=\"https:\/\/www.pressenza.com\/wp-content\/uploads\/2019\/11\/0A0A7513.jpg\"><img loading=\"lazy\" decoding=\"async\" class=\"alignleft size-large wp-image-973510\" src=\"https:\/\/www.pressenza.com\/wp-content\/uploads\/2019\/11\/0A0A7513-720x480.jpg\" alt=\"\" width=\"720\" height=\"480\" srcset=\"https:\/\/www.pressenza.com\/wp-content\/uploads\/2019\/11\/0A0A7513-720x480.jpg 720w, https:\/\/www.pressenza.com\/wp-content\/uploads\/2019\/11\/0A0A7513-300x200.jpg 300w, https:\/\/www.pressenza.com\/wp-content\/uploads\/2019\/11\/0A0A7513-768x512.jpg 768w, https:\/\/www.pressenza.com\/wp-content\/uploads\/2019\/11\/0A0A7513.jpg 2040w\" sizes=\"auto, (max-width: 720px) 100vw, 720px\" \/><\/a> <a href=\"https:\/\/www.pressenza.com\/wp-content\/uploads\/2019\/11\/0A0A7516.jpg\"><img loading=\"lazy\" decoding=\"async\" class=\"alignleft size-large wp-image-973519\" src=\"https:\/\/www.pressenza.com\/wp-content\/uploads\/2019\/11\/0A0A7516-720x480.jpg\" alt=\"\" width=\"720\" height=\"480\" srcset=\"https:\/\/www.pressenza.com\/wp-content\/uploads\/2019\/11\/0A0A7516-720x480.jpg 720w, https:\/\/www.pressenza.com\/wp-content\/uploads\/2019\/11\/0A0A7516-300x200.jpg 300w, https:\/\/www.pressenza.com\/wp-content\/uploads\/2019\/11\/0A0A7516-768x512.jpg 768w, https:\/\/www.pressenza.com\/wp-content\/uploads\/2019\/11\/0A0A7516.jpg 2040w\" sizes=\"auto, (max-width: 720px) 100vw, 720px\" \/><\/a> <a href=\"https:\/\/www.pressenza.com\/wp-content\/uploads\/2019\/11\/0A0A7520.jpg\"><img loading=\"lazy\" decoding=\"async\" class=\"alignleft size-large wp-image-973528\" src=\"https:\/\/www.pressenza.com\/wp-content\/uploads\/2019\/11\/0A0A7520-720x480.jpg\" alt=\"\" width=\"720\" height=\"480\" srcset=\"https:\/\/www.pressenza.com\/wp-content\/uploads\/2019\/11\/0A0A7520-720x480.jpg 720w, https:\/\/www.pressenza.com\/wp-content\/uploads\/2019\/11\/0A0A7520-300x200.jpg 300w, https:\/\/www.pressenza.com\/wp-content\/uploads\/2019\/11\/0A0A7520-768x512.jpg 768w, https:\/\/www.pressenza.com\/wp-content\/uploads\/2019\/11\/0A0A7520.jpg 2040w\" sizes=\"auto, (max-width: 720px) 100vw, 720px\" \/><\/a> <a href=\"https:\/\/www.pressenza.com\/wp-content\/uploads\/2019\/11\/0A0A7524.jpg\"><img loading=\"lazy\" decoding=\"async\" class=\"alignleft size-large wp-image-973537\" src=\"https:\/\/www.pressenza.com\/wp-content\/uploads\/2019\/11\/0A0A7524-720x480.jpg\" alt=\"\" width=\"720\" height=\"480\" srcset=\"https:\/\/www.pressenza.com\/wp-content\/uploads\/2019\/11\/0A0A7524-720x480.jpg 720w, https:\/\/www.pressenza.com\/wp-content\/uploads\/2019\/11\/0A0A7524-300x200.jpg 300w, https:\/\/www.pressenza.com\/wp-content\/uploads\/2019\/11\/0A0A7524-768x512.jpg 768w, https:\/\/www.pressenza.com\/wp-content\/uploads\/2019\/11\/0A0A7524.jpg 2040w\" sizes=\"auto, (max-width: 720px) 100vw, 720px\" \/><\/a> <a href=\"https:\/\/www.pressenza.com\/wp-content\/uploads\/2019\/11\/0A0A7526.jpg\"><img loading=\"lazy\" decoding=\"async\" class=\"alignleft size-large wp-image-973546\" src=\"https:\/\/www.pressenza.com\/wp-content\/uploads\/2019\/11\/0A0A7526-720x480.jpg\" alt=\"\" width=\"720\" height=\"480\" srcset=\"https:\/\/www.pressenza.com\/wp-content\/uploads\/2019\/11\/0A0A7526-720x480.jpg 720w, https:\/\/www.pressenza.com\/wp-content\/uploads\/2019\/11\/0A0A7526-300x200.jpg 300w, https:\/\/www.pressenza.com\/wp-content\/uploads\/2019\/11\/0A0A7526-768x512.jpg 768w, https:\/\/www.pressenza.com\/wp-content\/uploads\/2019\/11\/0A0A7526.jpg 2040w\" sizes=\"auto, (max-width: 720px) 100vw, 720px\" \/><\/a> <a href=\"https:\/\/www.pressenza.com\/wp-content\/uploads\/2019\/11\/0A0A7530.jpg\"><img loading=\"lazy\" decoding=\"async\" class=\"alignleft size-large wp-image-973555\" src=\"https:\/\/www.pressenza.com\/wp-content\/uploads\/2019\/11\/0A0A7530-720x480.jpg\" alt=\"\" width=\"720\" height=\"480\" srcset=\"https:\/\/www.pressenza.com\/wp-content\/uploads\/2019\/11\/0A0A7530-720x480.jpg 720w, https:\/\/www.pressenza.com\/wp-content\/uploads\/2019\/11\/0A0A7530-300x200.jpg 300w, https:\/\/www.pressenza.com\/wp-content\/uploads\/2019\/11\/0A0A7530-768x512.jpg 768w, https:\/\/www.pressenza.com\/wp-content\/uploads\/2019\/11\/0A0A7530.jpg 2040w\" sizes=\"auto, (max-width: 720px) 100vw, 720px\" \/><\/a> <a href=\"https:\/\/www.pressenza.com\/wp-content\/uploads\/2019\/11\/0A0A7561.jpg\"><img loading=\"lazy\" decoding=\"async\" class=\"alignleft size-large wp-image-973564\" src=\"https:\/\/www.pressenza.com\/wp-content\/uploads\/2019\/11\/0A0A7561-720x480.jpg\" alt=\"\" width=\"720\" height=\"480\" srcset=\"https:\/\/www.pressenza.com\/wp-content\/uploads\/2019\/11\/0A0A7561-720x480.jpg 720w, https:\/\/www.pressenza.com\/wp-content\/uploads\/2019\/11\/0A0A7561-300x200.jpg 300w, https:\/\/www.pressenza.com\/wp-content\/uploads\/2019\/11\/0A0A7561-768x512.jpg 768w, https:\/\/www.pressenza.com\/wp-content\/uploads\/2019\/11\/0A0A7561.jpg 2040w\" sizes=\"auto, (max-width: 720px) 100vw, 720px\" \/><\/a> <a href=\"https:\/\/www.pressenza.com\/wp-content\/uploads\/2019\/11\/0A0A7578.jpg\"><img loading=\"lazy\" decoding=\"async\" class=\"alignleft size-large wp-image-973573\" src=\"https:\/\/www.pressenza.com\/wp-content\/uploads\/2019\/11\/0A0A7578-720x480.jpg\" alt=\"\" width=\"720\" height=\"480\" srcset=\"https:\/\/www.pressenza.com\/wp-content\/uploads\/2019\/11\/0A0A7578-720x480.jpg 720w, https:\/\/www.pressenza.com\/wp-content\/uploads\/2019\/11\/0A0A7578-300x200.jpg 300w, https:\/\/www.pressenza.com\/wp-content\/uploads\/2019\/11\/0A0A7578-768x512.jpg 768w, https:\/\/www.pressenza.com\/wp-content\/uploads\/2019\/11\/0A0A7578.jpg 2040w\" sizes=\"auto, (max-width: 720px) 100vw, 720px\" \/><\/a> <a href=\"https:\/\/www.pressenza.com\/wp-content\/uploads\/2019\/11\/0A0A7591.jpg\"><img loading=\"lazy\" decoding=\"async\" class=\"alignleft size-large wp-image-973582\" src=\"https:\/\/www.pressenza.com\/wp-content\/uploads\/2019\/11\/0A0A7591-720x480.jpg\" alt=\"\" width=\"720\" height=\"480\" srcset=\"https:\/\/www.pressenza.com\/wp-content\/uploads\/2019\/11\/0A0A7591-720x480.jpg 720w, https:\/\/www.pressenza.com\/wp-content\/uploads\/2019\/11\/0A0A7591-300x200.jpg 300w, https:\/\/www.pressenza.com\/wp-content\/uploads\/2019\/11\/0A0A7591-768x512.jpg 768w, https:\/\/www.pressenza.com\/wp-content\/uploads\/2019\/11\/0A0A7591.jpg 2040w\" sizes=\"auto, (max-width: 720px) 100vw, 720px\" \/><\/a><\/p>\n<p>&nbsp;<\/p>\n<p>&nbsp;<\/p>\n<p><a href=\"https:\/\/www.pressenza.com\/wp-content\/uploads\/2019\/11\/0A0A7473.jpg\"><img loading=\"lazy\" decoding=\"async\" class=\"alignleft size-large wp-image-973474\" src=\"https:\/\/www.pressenza.com\/wp-content\/uploads\/2019\/11\/0A0A7473-720x480.jpg\" alt=\"\" width=\"720\" height=\"480\" srcset=\"https:\/\/www.pressenza.com\/wp-content\/uploads\/2019\/11\/0A0A7473-720x480.jpg 720w, https:\/\/www.pressenza.com\/wp-content\/uploads\/2019\/11\/0A0A7473-300x200.jpg 300w, https:\/\/www.pressenza.com\/wp-content\/uploads\/2019\/11\/0A0A7473-768x512.jpg 768w, https:\/\/www.pressenza.com\/wp-content\/uploads\/2019\/11\/0A0A7473.jpg 2040w\" sizes=\"auto, (max-width: 720px) 100vw, 720px\" \/><\/a><\/p>\n","protected":false},"excerpt":{"rendered":"<p>Chilenos y chilenas salieron nuevamente a las calles para manifestar su descontento hacia el acuerdo que transaron parlamentarios a espaldas de la ciudadan\u00eda. Asamblea Constituyente es lo que el pueblo pide y el llamado \u201cacuerdo por la paz\u201d no cumple&hellip;<\/p>\n","protected":false},"author":43,"featured_media":973465,"comment_status":"closed","ping_status":"closed","sticky":false,"template":"","format":"standard","meta":{"footnotes":""},"categories":[11389,79,5667,46976,67],"tags":[29,441,67049,702,8641],"class_list":["post-973463","post","type-post","status-publish","format-standard","has-post-thumbnail","hentry","category-contenido-original","category-derechos-humanos","category-foto-reportajes","category-jovenes","category-sudamerica","tag-chile","tag-derechos-humanos","tag-plaza-dignidad","tag-represion","tag-santiago"],"yoast_head":"<!-- This site is optimized with the Yoast SEO plugin v27.1.1 - https:\/\/yoast.com\/product\/yoast-seo-wordpress\/ -->\n<title>Chile: Plaza de la dignidad, un d\u00eda para no olvidar<\/title>\n<meta name=\"description\" content=\"Chilenos y chilenas salieron nuevamente a las calles para manifestar su descontento hacia el acuerdo que transaron parlamentarios a espaldas de la\" \/>\n<meta name=\"robots\" content=\"index, follow, max-snippet:-1, max-image-preview:large, max-video-preview:-1\" \/>\n<link rel=\"canonical\" href=\"https:\/\/www.pressenza.com\/es\/2019\/11\/chile-plaza-de-la-dignidad-un-dia-para-no-olvidar\/\" \/>\n<meta property=\"og:locale\" content=\"es_ES\" \/>\n<meta property=\"og:type\" content=\"article\" \/>\n<meta property=\"og:title\" content=\"Chile: Plaza de la dignidad, un d\u00eda para no olvidar\" \/>\n<meta property=\"og:description\" content=\"Chilenos y chilenas salieron nuevamente a las calles para manifestar su descontento hacia el acuerdo que transaron parlamentarios a espaldas de la\" \/>\n<meta property=\"og:url\" content=\"https:\/\/www.pressenza.com\/es\/2019\/11\/chile-plaza-de-la-dignidad-un-dia-para-no-olvidar\/\" \/>\n<meta property=\"og:site_name\" content=\"Pressenza\" \/>\n<meta property=\"article:publisher\" content=\"https:\/\/www.facebook.com\/PressenzaItalia\" \/>\n<meta property=\"article:author\" content=\"https:\/\/www.facebook.com\/pressenza\" \/>\n<meta property=\"article:published_time\" content=\"2019-11-16T21:03:54+00:00\" \/>\n<meta property=\"article:modified_time\" content=\"2019-11-16T21:06:17+00:00\" \/>\n<meta property=\"og:image\" content=\"https:\/\/www.pressenza.com\/wp-content\/uploads\/2019\/11\/0A0A7423.jpg\" \/>\n\t<meta property=\"og:image:width\" content=\"2040\" \/>\n\t<meta property=\"og:image:height\" content=\"1360\" \/>\n\t<meta property=\"og:image:type\" content=\"image\/jpeg\" \/>\n<meta name=\"author\" content=\"Redacci\u00f3n Chile\" \/>\n<meta name=\"twitter:card\" content=\"summary_large_image\" \/>\n<meta name=\"twitter:creator\" content=\"@pressenza\" \/>\n<meta name=\"twitter:site\" content=\"@PressenzaIPA\" \/>\n<meta name=\"twitter:label1\" content=\"Escrito por\" \/>\n\t<meta name=\"twitter:data1\" content=\"Redacci\u00f3n Chile\" \/>\n\t<meta name=\"twitter:label2\" content=\"Tiempo de lectura\" \/>\n\t<meta name=\"twitter:data2\" content=\"1 minuto\" \/>\n<script type=\"application\/ld+json\" class=\"yoast-schema-graph\">{\"@context\":\"https:\/\/schema.org\",\"@graph\":[{\"@type\":\"Article\",\"@id\":\"https:\/\/www.pressenza.com\/es\/2019\/11\/chile-plaza-de-la-dignidad-un-dia-para-no-olvidar\/#article\",\"isPartOf\":{\"@id\":\"https:\/\/www.pressenza.com\/es\/2019\/11\/chile-plaza-de-la-dignidad-un-dia-para-no-olvidar\/\"},\"author\":{\"name\":\"Redacci\u00f3n Chile\",\"@id\":\"https:\/\/www.pressenza.com\/es\/#\/schema\/person\/d7db40df35d6698ba69ba9ee260944ed\"},\"headline\":\"Chile: Plaza de la dignidad, un d\u00eda para no olvidar\",\"datePublished\":\"2019-11-16T21:03:54+00:00\",\"dateModified\":\"2019-11-16T21:06:17+00:00\",\"mainEntityOfPage\":{\"@id\":\"https:\/\/www.pressenza.com\/es\/2019\/11\/chile-plaza-de-la-dignidad-un-dia-para-no-olvidar\/\"},\"wordCount\":209,\"publisher\":{\"@id\":\"https:\/\/www.pressenza.com\/es\/#organization\"},\"image\":{\"@id\":\"https:\/\/www.pressenza.com\/es\/2019\/11\/chile-plaza-de-la-dignidad-un-dia-para-no-olvidar\/#primaryimage\"},\"thumbnailUrl\":\"https:\/\/www.pressenza.com\/wp-content\/uploads\/2019\/11\/0A0A7423.jpg\",\"keywords\":[\"Chile\",\"Derechos humanos\",\"Plaza Dignidad\",\"represi\u00f3n\",\"Santiago\"],\"articleSection\":[\"Contenido Original\",\"Derechos Humanos\",\"Fotorreportajes\",\"J\u00f3venes\",\"Sudam\u00e9rica\"],\"inLanguage\":\"es\"},{\"@type\":\"WebPage\",\"@id\":\"https:\/\/www.pressenza.com\/es\/2019\/11\/chile-plaza-de-la-dignidad-un-dia-para-no-olvidar\/\",\"url\":\"https:\/\/www.pressenza.com\/es\/2019\/11\/chile-plaza-de-la-dignidad-un-dia-para-no-olvidar\/\",\"name\":\"Chile: Plaza de la dignidad, un d\u00eda para no olvidar\",\"isPartOf\":{\"@id\":\"https:\/\/www.pressenza.com\/es\/#website\"},\"primaryImageOfPage\":{\"@id\":\"https:\/\/www.pressenza.com\/es\/2019\/11\/chile-plaza-de-la-dignidad-un-dia-para-no-olvidar\/#primaryimage\"},\"image\":{\"@id\":\"https:\/\/www.pressenza.com\/es\/2019\/11\/chile-plaza-de-la-dignidad-un-dia-para-no-olvidar\/#primaryimage\"},\"thumbnailUrl\":\"https:\/\/www.pressenza.com\/wp-content\/uploads\/2019\/11\/0A0A7423.jpg\",\"datePublished\":\"2019-11-16T21:03:54+00:00\",\"dateModified\":\"2019-11-16T21:06:17+00:00\",\"description\":\"Chilenos y chilenas salieron nuevamente a las calles para manifestar su descontento hacia el acuerdo que transaron parlamentarios a espaldas de la\",\"breadcrumb\":{\"@id\":\"https:\/\/www.pressenza.com\/es\/2019\/11\/chile-plaza-de-la-dignidad-un-dia-para-no-olvidar\/#breadcrumb\"},\"inLanguage\":\"es\",\"potentialAction\":[{\"@type\":\"ReadAction\",\"target\":[\"https:\/\/www.pressenza.com\/es\/2019\/11\/chile-plaza-de-la-dignidad-un-dia-para-no-olvidar\/\"]}]},{\"@type\":\"ImageObject\",\"inLanguage\":\"es\",\"@id\":\"https:\/\/www.pressenza.com\/es\/2019\/11\/chile-plaza-de-la-dignidad-un-dia-para-no-olvidar\/#primaryimage\",\"url\":\"https:\/\/www.pressenza.com\/wp-content\/uploads\/2019\/11\/0A0A7423.jpg\",\"contentUrl\":\"https:\/\/www.pressenza.com\/wp-content\/uploads\/2019\/11\/0A0A7423.jpg\",\"width\":2040,\"height\":1360},{\"@type\":\"BreadcrumbList\",\"@id\":\"https:\/\/www.pressenza.com\/es\/2019\/11\/chile-plaza-de-la-dignidad-un-dia-para-no-olvidar\/#breadcrumb\",\"itemListElement\":[{\"@type\":\"ListItem\",\"position\":1,\"name\":\"Accueil\",\"item\":\"https:\/\/www.pressenza.com\/es\/\"},{\"@type\":\"ListItem\",\"position\":2,\"name\":\"Chile: Plaza de la dignidad, un d\u00eda para no olvidar\"}]},{\"@type\":\"WebSite\",\"@id\":\"https:\/\/www.pressenza.com\/es\/#website\",\"url\":\"https:\/\/www.pressenza.com\/es\/\",\"name\":\"Pressenza\",\"description\":\"International Press Agency\",\"publisher\":{\"@id\":\"https:\/\/www.pressenza.com\/es\/#organization\"},\"potentialAction\":[{\"@type\":\"SearchAction\",\"target\":{\"@type\":\"EntryPoint\",\"urlTemplate\":\"https:\/\/www.pressenza.com\/es\/?s={search_term_string}\"},\"query-input\":{\"@type\":\"PropertyValueSpecification\",\"valueRequired\":true,\"valueName\":\"search_term_string\"}}],\"inLanguage\":\"es\"},{\"@type\":\"Organization\",\"@id\":\"https:\/\/www.pressenza.com\/es\/#organization\",\"name\":\"Pressenza\",\"url\":\"https:\/\/www.pressenza.com\/es\/\",\"logo\":{\"@type\":\"ImageObject\",\"inLanguage\":\"es\",\"@id\":\"https:\/\/www.pressenza.com\/es\/#\/schema\/logo\/image\/\",\"url\":\"https:\/\/www.pressenza.com\/wp-content\/uploads\/2022\/10\/pressenza_logo_200x200.jpg\",\"contentUrl\":\"https:\/\/www.pressenza.com\/wp-content\/uploads\/2022\/10\/pressenza_logo_200x200.jpg\",\"width\":200,\"height\":200,\"caption\":\"Pressenza\"},\"image\":{\"@id\":\"https:\/\/www.pressenza.com\/es\/#\/schema\/logo\/image\/\"},\"sameAs\":[\"https:\/\/www.facebook.com\/PressenzaItalia\",\"https:\/\/x.com\/PressenzaIPA\"]},{\"@type\":\"Person\",\"@id\":\"https:\/\/www.pressenza.com\/es\/#\/schema\/person\/d7db40df35d6698ba69ba9ee260944ed\",\"name\":\"Redacci\u00f3n Chile\",\"description\":\"News from the Pressenza Bureau in Chile\",\"sameAs\":[\"https:\/\/www.facebook.com\/pressenza\",\"https:\/\/x.com\/pressenza\"],\"url\":\"https:\/\/www.pressenza.com\/es\/author\/redaccion-chile\/\"}]}<\/script>\n<!-- \/ Yoast SEO plugin. -->","yoast_head_json":{"title":"Chile: Plaza de la dignidad, un d\u00eda para no olvidar","description":"Chilenos y chilenas salieron nuevamente a las calles para manifestar su descontento hacia el acuerdo que transaron parlamentarios a espaldas de la","robots":{"index":"index","follow":"follow","max-snippet":"max-snippet:-1","max-image-preview":"max-image-preview:large","max-video-preview":"max-video-preview:-1"},"canonical":"https:\/\/www.pressenza.com\/es\/2019\/11\/chile-plaza-de-la-dignidad-un-dia-para-no-olvidar\/","og_locale":"es_ES","og_type":"article","og_title":"Chile: Plaza de la dignidad, un d\u00eda para no olvidar","og_description":"Chilenos y chilenas salieron nuevamente a las calles para manifestar su descontento hacia el acuerdo que transaron parlamentarios a espaldas de la","og_url":"https:\/\/www.pressenza.com\/es\/2019\/11\/chile-plaza-de-la-dignidad-un-dia-para-no-olvidar\/","og_site_name":"Pressenza","article_publisher":"https:\/\/www.facebook.com\/PressenzaItalia","article_author":"https:\/\/www.facebook.com\/pressenza","article_published_time":"2019-11-16T21:03:54+00:00","article_modified_time":"2019-11-16T21:06:17+00:00","og_image":[{"width":2040,"height":1360,"url":"https:\/\/www.pressenza.com\/wp-content\/uploads\/2019\/11\/0A0A7423.jpg","type":"image\/jpeg"}],"author":"Redacci\u00f3n Chile","twitter_card":"summary_large_image","twitter_creator":"@pressenza","twitter_site":"@PressenzaIPA","twitter_misc":{"Escrito por":"Redacci\u00f3n Chile","Tiempo de lectura":"1 minuto"},"schema":{"@context":"https:\/\/schema.org","@graph":[{"@type":"Article","@id":"https:\/\/www.pressenza.com\/es\/2019\/11\/chile-plaza-de-la-dignidad-un-dia-para-no-olvidar\/#article","isPartOf":{"@id":"https:\/\/www.pressenza.com\/es\/2019\/11\/chile-plaza-de-la-dignidad-un-dia-para-no-olvidar\/"},"author":{"name":"Redacci\u00f3n Chile","@id":"https:\/\/www.pressenza.com\/es\/#\/schema\/person\/d7db40df35d6698ba69ba9ee260944ed"},"headline":"Chile: Plaza de la dignidad, un d\u00eda para no olvidar","datePublished":"2019-11-16T21:03:54+00:00","dateModified":"2019-11-16T21:06:17+00:00","mainEntityOfPage":{"@id":"https:\/\/www.pressenza.com\/es\/2019\/11\/chile-plaza-de-la-dignidad-un-dia-para-no-olvidar\/"},"wordCount":209,"publisher":{"@id":"https:\/\/www.pressenza.com\/es\/#organization"},"image":{"@id":"https:\/\/www.pressenza.com\/es\/2019\/11\/chile-plaza-de-la-dignidad-un-dia-para-no-olvidar\/#primaryimage"},"thumbnailUrl":"https:\/\/www.pressenza.com\/wp-content\/uploads\/2019\/11\/0A0A7423.jpg","keywords":["Chile","Derechos humanos","Plaza Dignidad","represi\u00f3n","Santiago"],"articleSection":["Contenido Original","Derechos Humanos","Fotorreportajes","J\u00f3venes","Sudam\u00e9rica"],"inLanguage":"es"},{"@type":"WebPage","@id":"https:\/\/www.pressenza.com\/es\/2019\/11\/chile-plaza-de-la-dignidad-un-dia-para-no-olvidar\/","url":"https:\/\/www.pressenza.com\/es\/2019\/11\/chile-plaza-de-la-dignidad-un-dia-para-no-olvidar\/","name":"Chile: Plaza de la dignidad, un d\u00eda para no olvidar","isPartOf":{"@id":"https:\/\/www.pressenza.com\/es\/#website"},"primaryImageOfPage":{"@id":"https:\/\/www.pressenza.com\/es\/2019\/11\/chile-plaza-de-la-dignidad-un-dia-para-no-olvidar\/#primaryimage"},"image":{"@id":"https:\/\/www.pressenza.com\/es\/2019\/11\/chile-plaza-de-la-dignidad-un-dia-para-no-olvidar\/#primaryimage"},"thumbnailUrl":"https:\/\/www.pressenza.com\/wp-content\/uploads\/2019\/11\/0A0A7423.jpg","datePublished":"2019-11-16T21:03:54+00:00","dateModified":"2019-11-16T21:06:17+00:00","description":"Chilenos y chilenas salieron nuevamente a las calles para manifestar su descontento hacia el acuerdo que transaron parlamentarios a espaldas de la","breadcrumb":{"@id":"https:\/\/www.pressenza.com\/es\/2019\/11\/chile-plaza-de-la-dignidad-un-dia-para-no-olvidar\/#breadcrumb"},"inLanguage":"es","potentialAction":[{"@type":"ReadAction","target":["https:\/\/www.pressenza.com\/es\/2019\/11\/chile-plaza-de-la-dignidad-un-dia-para-no-olvidar\/"]}]},{"@type":"ImageObject","inLanguage":"es","@id":"https:\/\/www.pressenza.com\/es\/2019\/11\/chile-plaza-de-la-dignidad-un-dia-para-no-olvidar\/#primaryimage","url":"https:\/\/www.pressenza.com\/wp-content\/uploads\/2019\/11\/0A0A7423.jpg","contentUrl":"https:\/\/www.pressenza.com\/wp-content\/uploads\/2019\/11\/0A0A7423.jpg","width":2040,"height":1360},{"@type":"BreadcrumbList","@id":"https:\/\/www.pressenza.com\/es\/2019\/11\/chile-plaza-de-la-dignidad-un-dia-para-no-olvidar\/#breadcrumb","itemListElement":[{"@type":"ListItem","position":1,"name":"Accueil","item":"https:\/\/www.pressenza.com\/es\/"},{"@type":"ListItem","position":2,"name":"Chile: Plaza de la dignidad, un d\u00eda para no olvidar"}]},{"@type":"WebSite","@id":"https:\/\/www.pressenza.com\/es\/#website","url":"https:\/\/www.pressenza.com\/es\/","name":"Pressenza","description":"International Press Agency","publisher":{"@id":"https:\/\/www.pressenza.com\/es\/#organization"},"potentialAction":[{"@type":"SearchAction","target":{"@type":"EntryPoint","urlTemplate":"https:\/\/www.pressenza.com\/es\/?s={search_term_string}"},"query-input":{"@type":"PropertyValueSpecification","valueRequired":true,"valueName":"search_term_string"}}],"inLanguage":"es"},{"@type":"Organization","@id":"https:\/\/www.pressenza.com\/es\/#organization","name":"Pressenza","url":"https:\/\/www.pressenza.com\/es\/","logo":{"@type":"ImageObject","inLanguage":"es","@id":"https:\/\/www.pressenza.com\/es\/#\/schema\/logo\/image\/","url":"https:\/\/www.pressenza.com\/wp-content\/uploads\/2022\/10\/pressenza_logo_200x200.jpg","contentUrl":"https:\/\/www.pressenza.com\/wp-content\/uploads\/2022\/10\/pressenza_logo_200x200.jpg","width":200,"height":200,"caption":"Pressenza"},"image":{"@id":"https:\/\/www.pressenza.com\/es\/#\/schema\/logo\/image\/"},"sameAs":["https:\/\/www.facebook.com\/PressenzaItalia","https:\/\/x.com\/PressenzaIPA"]},{"@type":"Person","@id":"https:\/\/www.pressenza.com\/es\/#\/schema\/person\/d7db40df35d6698ba69ba9ee260944ed","name":"Redacci\u00f3n Chile","description":"News from the Pressenza Bureau in Chile","sameAs":["https:\/\/www.facebook.com\/pressenza","https:\/\/x.com\/pressenza"],"url":"https:\/\/www.pressenza.com\/es\/author\/redaccion-chile\/"}]}},"place":"","original_article_url":"","_links":{"self":[{"href":"https:\/\/www.pressenza.com\/es\/wp-json\/wp\/v2\/posts\/973463","targetHints":{"allow":["GET"]}}],"collection":[{"href":"https:\/\/www.pressenza.com\/es\/wp-json\/wp\/v2\/posts"}],"about":[{"href":"https:\/\/www.pressenza.com\/es\/wp-json\/wp\/v2\/types\/post"}],"author":[{"embeddable":true,"href":"https:\/\/www.pressenza.com\/es\/wp-json\/wp\/v2\/users\/43"}],"replies":[{"embeddable":true,"href":"https:\/\/www.pressenza.com\/es\/wp-json\/wp\/v2\/comments?post=973463"}],"version-history":[{"count":0,"href":"https:\/\/www.pressenza.com\/es\/wp-json\/wp\/v2\/posts\/973463\/revisions"}],"wp:featuredmedia":[{"embeddable":true,"href":"https:\/\/www.pressenza.com\/es\/wp-json\/wp\/v2\/media\/973465"}],"wp:attachment":[{"href":"https:\/\/www.pressenza.com\/es\/wp-json\/wp\/v2\/media?parent=973463"}],"wp:term":[{"taxonomy":"category","embeddable":true,"href":"https:\/\/www.pressenza.com\/es\/wp-json\/wp\/v2\/categories?post=973463"},{"taxonomy":"post_tag","embeddable":true,"href":"https:\/\/www.pressenza.com\/es\/wp-json\/wp\/v2\/tags?post=973463"}],"curies":[{"name":"wp","href":"https:\/\/api.w.org\/{rel}","templated":true}]}}