{"id":973040,"date":"2019-11-16T03:23:05","date_gmt":"2019-11-16T03:23:05","guid":{"rendered":"https:\/\/www.pressenza.com\/?p=973040"},"modified":"2019-11-16T03:23:05","modified_gmt":"2019-11-16T03:23:05","slug":"chile-declaracion-publica-del-movimiento-de-defensa-del-agua-la-tierra-y-la-proteccion-del-medioambiente-modatima","status":"publish","type":"post","link":"https:\/\/www.pressenza.com\/es\/2019\/11\/chile-declaracion-publica-del-movimiento-de-defensa-del-agua-la-tierra-y-la-proteccion-del-medioambiente-modatima\/","title":{"rendered":"Chile: Declaraci\u00f3n p\u00fablica del Movimiento de Defensa del Agua, la Tierra y la Protecci\u00f3n del Medioambiente (MODATIMA)"},"content":{"rendered":"<p>Sobre acuerdo hecho en Chile entre algunos partidos: No queremos <em>cocinas<\/em>; Asamblea constituyente, ciudadana y sin trampas.<\/p>\n<p>El acuerdo de anoche no es un acuerdo del Pueblo de Chile, nuevamente los partidos pol\u00edticos quieren apropiarse de la representatividad que no poseen. Es una puesta en escena de alto presupuesto y muy baja calidad en su gui\u00f3n, con los responsables del modelo de despojo como protagonistas, vistiendo el disfraz de buenos. Lo mencionamos persistentemente, se buscar\u00e1 el cierre por arriba y la factura por abajo (luego de esto se viene la persecuci\u00f3n pol\u00edtica y la criminalizaci\u00f3n al movimiento social, las querellas, la ley de seguridad interior del Estado, etc). No tenemos nada que celebrar y el llamado es a movilizarse con a\u00fan m\u00e1s ah\u00ednco. Con respecto a esto, hacemos las siguientes precisiones:<\/p>\n<p>1. Todo lo cedido por la derecha y el apuro por sacar acuerdos, responde a querer frenar la protesta social. Cuando hablamos de protesta social, no nos referimos s\u00f3lo a marchas pac\u00edficas, sino que al amplio entendido de protesta social. A la derecha empresarial le preocupa el aumento del d\u00f3lar, la variaci\u00f3n de los indicadores macroecon\u00f3micos, el riesgo pa\u00eds, el IMACEC. Los sectores m\u00e1s l\u00facidos (de la derecha) vislumbraron que la protesta social ven\u00eda en aumento y cada vez afinaba m\u00e1s sus dardos, la posibilidad de la vuelta a la normalidad se comenzaba a hacer lejana, frente a esto deciden un cambio de rumbo.<\/p>\n<p>2. Se elabora un acuerdo a la medida de la derecha y de la casta pol\u00edtica, en base a los siguientes elementos:<br \/>\n1. El plebiscito de entrada se aplaza a 5 meses m\u00e1s, para enfriar el estallido social y tener tiempos para campa\u00f1as del terror.<br \/>\n2. Se quita el nombre de Asamblea Constituyente, intentando borrar la demanda que se claman en las calles, intentando burdamente confundir a los chilenos y chilenas al momento de enfrentarse a la papeleta. Utilizando la herramienta de la sem\u00e1ntica y del vac\u00edo de contenido.<br \/>\n3. Para llegar a acuerdos se plantean supra mayor\u00edas, es decir, \u2154 equivalen a un 66,6% para que el acuerdo quede en el nuevo texto constitucional. Algunos sectores proponen como piso m\u00ednimo \u2157 60% (Convergencia social, que se resta del acuerdo y Gabriel Boric firma a t\u00edtulo personal en contra de las decisiones de su partido). Sumado a las supra mayor\u00edas, todo lo que sea disenso, desaparece de la nueva constituci\u00f3n y se le delega al nuevo parlamento (instituci\u00f3n sin legitimidad), es decir, nuevamente se excluye al pueblo de Chile de decidir (las mayor\u00edas pol\u00edticas que se expresan en las calles) y permite el veto de las minor\u00edas. Se replica el binominalismo de los a\u00f1os 90.<br \/>\n4. La elecci\u00f3n de los constituyentes se realizar\u00e1 utilizando el sistema proporcional de D\u2019hont, es decir, con el mismo sistema con el que se eligen los diputados en la actualidad y se mantendr\u00e1 la distribuci\u00f3n de los actuales distritos. En otras palabras, se replicar\u00e1 la composici\u00f3n del actual parlamento, en donde no existe mayor\u00edas simples. A la hora de la elecci\u00f3n operar\u00e1n las maquinarias electorales ya existentes, los parlamentarios ya electos podr\u00e1n ser parte de la nueva constituyente y mover sus redes clientelares construidas hace menos de dos a\u00f1os. Este m\u00e9todo proporcional de elecciones, promueve las listas y concentrar los esfuerzos en menos pactos para tener mayor probabilidad de elegibilidad, por lo tanto, excluye matem\u00e1ticamente a la ciudadan\u00eda de hacerse parte del proceso constituyente. Se promueve la constituyente en las manos de los mismos.<br \/>\n5. La inhabilitaci\u00f3n de un a\u00f1o de cargos de representaci\u00f3n permitir\u00e1 al parlamentario en actual ejercicio sumarse a la asamblea Constituyente, trabajar en ella, para luego poder postularse al nuevo ciclo parlamentario. Promoviendo la migraci\u00f3n del parlamento a la Asamblea Constituyente y de \u00e9sta nuevamente al Parlamento.<br \/>\n6. La elecci\u00f3n de los constituyentes se realizar\u00e1 en paralelo con las elecciones a municipales y de gobernaci\u00f3n, lo que facilitar\u00e1 el cruce de apoyos y el montaje de la maquinaria electoral partidaria. Creemos que la elecci\u00f3n de los miembros de la asamblea constituyente, no deben toparse con elecciones de representantes institucionales y que los diputados en ejercicio deben estar inhabilitados de postularse como redactores de la constituci\u00f3n nueva.<br \/>\n7. Los dos puntos anteriores (d.; e. y f.) eliminan de la papeleta la opci\u00f3n de una Asamblea Constituyente compuesta 100% por ciudadanos e incluso permite que la composici\u00f3n parlamentaria sea mayor al 50%, pudiendo llegar sin problemas a estar compuesta en un 100% de parlamentarios y\/o militantes de partidos tradicionales. ALERTA DE FRAUDE.<br \/>\n8. La composici\u00f3n actual del parlamento deja en el centro pol\u00edtico a Renovaci\u00f3n Nacional (RN) [para los Qu\u00f3rum de \u2157 y \u2154 son los votos de RN los que definir\u00e1n si se avanza o no en los consensos], quienes quiebran el rumbo represivo del gobierno y buscan una salida de di\u00e1logo e instalan la posibilidad de la constituyente (Desplazando a la DC del centro pol\u00edtico y derechizando aun m\u00e1s el espacio parlamentario). Si este acuerdo sigue como est\u00e1 pasaremos de una constituci\u00f3n de la UDI y Jaime Guzm\u00e1n a una constituci\u00f3n de RN y Mario Desbordes.<\/p>\n<p><a href=\"https:\/\/www.pressenza.com\/wp-content\/uploads\/2019\/11\/DMele.jpeg\"><img loading=\"lazy\" decoding=\"async\" class=\"aligncenter size-full wp-image-973050\" src=\"https:\/\/www.pressenza.com\/wp-content\/uploads\/2019\/11\/DMele.jpeg\" alt=\"\" width=\"774\" height=\"1032\" srcset=\"https:\/\/www.pressenza.com\/wp-content\/uploads\/2019\/11\/DMele.jpeg 774w, https:\/\/www.pressenza.com\/wp-content\/uploads\/2019\/11\/DMele-225x300.jpeg 225w, https:\/\/www.pressenza.com\/wp-content\/uploads\/2019\/11\/DMele-768x1024.jpeg 768w, https:\/\/www.pressenza.com\/wp-content\/uploads\/2019\/11\/DMele-720x960.jpeg 720w\" sizes=\"auto, (max-width: 774px) 100vw, 774px\" \/><\/a><\/p>\n<p>3. No se menciona nada acerca de los cabildos, ni de procesos de s\u00edntesis que provengan de la deliberaci\u00f3n ciudadana, nuevamente se vac\u00eda de contenido a la democracia, se erradica la deliberaci\u00f3n popular y se transfiere a la elecci\u00f3n proporcional la elaboraci\u00f3n del texto constitucional, en manos de unos pocos, a trav\u00e9s de los m\u00e9todos de la democracia representativa de la que el pueblo de Chile se cans\u00f3.<\/p>\n<p>4. Todo lo anterior, empa\u00f1a los elementos interesantes que se logran ganar con la presi\u00f3n que hemos ejercido en las calles, entre ellos:<br \/>\n1. Que exista un plebiscito de entrada para definir si se desea o no una nueva constituci\u00f3n. (la pregunta del mecanismo es falsa, ya que en todos los casos ser\u00e1 mixta bajo estas condiciones, eso debe recalcarse)<br \/>\n2. Que la constituci\u00f3n se redacte desde hoja en blanco, pero dado los argumentos de qu\u00f3rum, permitir\u00e1 dejar mucho en blanco y llevar nuevamente todo al parlamento. QUEREMOS QUE EL PUEBLO DECIDA.<br \/>\n5. Valoramos la actitud de los partidos que no se prestaron para este juego medi\u00e1tico.<br \/>\n6. Respetamos a todos nuestros compatriotas, compa\u00f1eras, hermanos y hermanas, que han sido asesinados por militares y polic\u00edas, que han perdido sus ojos, que han recibido balines, disparos de bombas lacrim\u00f3genas, en procedimientos fuera de todo protocolo por parte de las polic\u00edas y militares, que amparados en la impunidad que les ha otorgado el estado de Chile, han violado sistem\u00e1ticamente los DDHH. A esos compatriotas les decimos que nuestro compromiso est\u00e1 en los cambios de verdad, en una asamblea constituyente sin trampas. Por ellos, por nuestras familias y por todos los pueblos movilizados, seguiremos en las calles.<br \/>\n7. Frente a esto, los responsables de las violaciones a los derechos humanos, materiales y pol\u00edticos, por ning\u00fan motivo pueden quedar impunes. Polic\u00edas, militares, altos mandos del ej\u00e9rcito Ministerio del Interior (Andr\u00e9s Chadwick, Gonzalo Blumel y Rodrigo Ubilla), Ministerio de Defensa (Alberto Espina) y el Presidente de la Rep\u00fablica.<br \/>\n8. Este acuerdo, no nos parece leg\u00edtimo ni v\u00e1lido, no expresa la voz del movimiento social y tampoco expresa la voz de las calles.<br \/>\n9. No hay ninguna garant\u00eda de que recuperaremos el Agua y los derechos sociales.<br \/>\n10. Temen a la protesta Social. Hemos soportado m\u00e1s de 40 a\u00f1os de abusos, los que tienen apuro por acuerdos son ellos, no nosotros. No queremos sus tiempos, queremos los tiempos del Pueblo movilizado, queremos la voz del pueblo movilizado, no una cocina amplia, no una salida pactada 2.0 y renovada.<\/p>\n<p>Este acuerdo entre partidos no cierra nada, ya que no son los leg\u00edtimos representantes del pueblo de Chile, ni expresan la voz de las mayor\u00edas pol\u00edticas de Chile movilizadas. Abre un proceso y muestra el miedo de Chile Vamos y el empresariado a la protesta social. Todas y todos a las calles a exigir la Asamblea Constituyente sin trampas.<\/p>\n","protected":false},"excerpt":{"rendered":"<p>Sobre acuerdo hecho en Chile entre algunos partidos: No queremos cocinas; Asamblea constituyente, ciudadana y sin trampas. El acuerdo de anoche no es un acuerdo del Pueblo de Chile, nuevamente los partidos pol\u00edticos quieren apropiarse de la representatividad que no&hellip;<\/p>\n","protected":false},"author":43,"featured_media":973041,"comment_status":"closed","ping_status":"closed","sticky":false,"template":"","format":"standard","meta":{"footnotes":""},"categories":[149,74,67],"tags":[67031,43366,11328,394,652],"class_list":["post-973040","post","type-post","status-publish","format-standard","has-post-thumbnail","hentry","category-comunicados-de-prensa","category-politica-es","category-sudamerica","tag-acuerdo-por-la-paz","tag-modatima","tag-nueva-constitucion","tag-protestas-sociales","tag-sebastian-pinera"],"yoast_head":"<!-- This site is optimized with the Yoast SEO plugin v27.1.1 - https:\/\/yoast.com\/product\/yoast-seo-wordpress\/ -->\n<title>Chile: Declaraci\u00f3n p\u00fablica del Movimiento de Defensa del Agua, la Tierra y la Protecci\u00f3n del Medioambiente (MODATIMA)<\/title>\n<meta name=\"description\" content=\"Chile: Declaraci\u00f3n p\u00fablica del Movimiento de Defensa del Agua, la Tierra y la Protecci\u00f3n del Medioambiente (MODATIMA)\" \/>\n<meta name=\"robots\" content=\"index, follow, max-snippet:-1, max-image-preview:large, max-video-preview:-1\" \/>\n<link rel=\"canonical\" href=\"https:\/\/www.pressenza.com\/es\/2019\/11\/chile-declaracion-publica-del-movimiento-de-defensa-del-agua-la-tierra-y-la-proteccion-del-medioambiente-modatima\/\" \/>\n<meta property=\"og:locale\" content=\"es_ES\" \/>\n<meta property=\"og:type\" content=\"article\" \/>\n<meta property=\"og:title\" content=\"Chile: Declaraci\u00f3n p\u00fablica del Movimiento de Defensa del Agua, la Tierra y la Protecci\u00f3n del Medioambiente (MODATIMA)\" \/>\n<meta property=\"og:description\" content=\"Chile: Declaraci\u00f3n p\u00fablica del Movimiento de Defensa del Agua, la Tierra y la Protecci\u00f3n del Medioambiente (MODATIMA)\" \/>\n<meta property=\"og:url\" content=\"https:\/\/www.pressenza.com\/es\/2019\/11\/chile-declaracion-publica-del-movimiento-de-defensa-del-agua-la-tierra-y-la-proteccion-del-medioambiente-modatima\/\" \/>\n<meta property=\"og:site_name\" content=\"Pressenza\" \/>\n<meta property=\"article:publisher\" content=\"https:\/\/www.facebook.com\/PressenzaItalia\" \/>\n<meta property=\"article:author\" content=\"https:\/\/www.facebook.com\/pressenza\" \/>\n<meta property=\"article:published_time\" content=\"2019-11-16T03:23:05+00:00\" \/>\n<meta property=\"og:image\" content=\"https:\/\/www.pressenza.com\/wp-content\/uploads\/2019\/11\/David.jpeg\" \/>\n\t<meta property=\"og:image:width\" content=\"774\" \/>\n\t<meta property=\"og:image:height\" content=\"1032\" \/>\n\t<meta property=\"og:image:type\" content=\"image\/jpeg\" \/>\n<meta name=\"author\" content=\"Redacci\u00f3n Chile\" \/>\n<meta name=\"twitter:card\" content=\"summary_large_image\" \/>\n<meta name=\"twitter:creator\" content=\"@pressenza\" \/>\n<meta name=\"twitter:site\" content=\"@PressenzaIPA\" \/>\n<meta name=\"twitter:label1\" content=\"Escrito por\" \/>\n\t<meta name=\"twitter:data1\" content=\"Redacci\u00f3n Chile\" \/>\n\t<meta name=\"twitter:label2\" content=\"Tiempo de lectura\" \/>\n\t<meta name=\"twitter:data2\" content=\"7 minutos\" \/>\n<script type=\"application\/ld+json\" class=\"yoast-schema-graph\">{\"@context\":\"https:\/\/schema.org\",\"@graph\":[{\"@type\":\"Article\",\"@id\":\"https:\/\/www.pressenza.com\/es\/2019\/11\/chile-declaracion-publica-del-movimiento-de-defensa-del-agua-la-tierra-y-la-proteccion-del-medioambiente-modatima\/#article\",\"isPartOf\":{\"@id\":\"https:\/\/www.pressenza.com\/es\/2019\/11\/chile-declaracion-publica-del-movimiento-de-defensa-del-agua-la-tierra-y-la-proteccion-del-medioambiente-modatima\/\"},\"author\":{\"name\":\"Redacci\u00f3n Chile\",\"@id\":\"https:\/\/www.pressenza.com\/es\/#\/schema\/person\/d7db40df35d6698ba69ba9ee260944ed\"},\"headline\":\"Chile: Declaraci\u00f3n p\u00fablica del Movimiento de Defensa del Agua, la Tierra y la Protecci\u00f3n del Medioambiente (MODATIMA)\",\"datePublished\":\"2019-11-16T03:23:05+00:00\",\"mainEntityOfPage\":{\"@id\":\"https:\/\/www.pressenza.com\/es\/2019\/11\/chile-declaracion-publica-del-movimiento-de-defensa-del-agua-la-tierra-y-la-proteccion-del-medioambiente-modatima\/\"},\"wordCount\":1396,\"publisher\":{\"@id\":\"https:\/\/www.pressenza.com\/es\/#organization\"},\"image\":{\"@id\":\"https:\/\/www.pressenza.com\/es\/2019\/11\/chile-declaracion-publica-del-movimiento-de-defensa-del-agua-la-tierra-y-la-proteccion-del-medioambiente-modatima\/#primaryimage\"},\"thumbnailUrl\":\"https:\/\/www.pressenza.com\/wp-content\/uploads\/2019\/11\/David.jpeg\",\"keywords\":[\"Acuerdo por la Paz\",\"Modatima\",\"Nueva Constituci\u00f3n\",\"protestas sociales\",\"Sebasti\u00e1n Pi\u00f1era\"],\"articleSection\":[\"Comunicados de Prensa\",\"Pol\u00edtica\",\"Sudam\u00e9rica\"],\"inLanguage\":\"es\"},{\"@type\":\"WebPage\",\"@id\":\"https:\/\/www.pressenza.com\/es\/2019\/11\/chile-declaracion-publica-del-movimiento-de-defensa-del-agua-la-tierra-y-la-proteccion-del-medioambiente-modatima\/\",\"url\":\"https:\/\/www.pressenza.com\/es\/2019\/11\/chile-declaracion-publica-del-movimiento-de-defensa-del-agua-la-tierra-y-la-proteccion-del-medioambiente-modatima\/\",\"name\":\"Chile: Declaraci\u00f3n p\u00fablica del Movimiento de Defensa del Agua, la Tierra y la Protecci\u00f3n del Medioambiente (MODATIMA)\",\"isPartOf\":{\"@id\":\"https:\/\/www.pressenza.com\/es\/#website\"},\"primaryImageOfPage\":{\"@id\":\"https:\/\/www.pressenza.com\/es\/2019\/11\/chile-declaracion-publica-del-movimiento-de-defensa-del-agua-la-tierra-y-la-proteccion-del-medioambiente-modatima\/#primaryimage\"},\"image\":{\"@id\":\"https:\/\/www.pressenza.com\/es\/2019\/11\/chile-declaracion-publica-del-movimiento-de-defensa-del-agua-la-tierra-y-la-proteccion-del-medioambiente-modatima\/#primaryimage\"},\"thumbnailUrl\":\"https:\/\/www.pressenza.com\/wp-content\/uploads\/2019\/11\/David.jpeg\",\"datePublished\":\"2019-11-16T03:23:05+00:00\",\"description\":\"Chile: Declaraci\u00f3n p\u00fablica del Movimiento de Defensa del Agua, la Tierra y la Protecci\u00f3n del Medioambiente (MODATIMA)\",\"breadcrumb\":{\"@id\":\"https:\/\/www.pressenza.com\/es\/2019\/11\/chile-declaracion-publica-del-movimiento-de-defensa-del-agua-la-tierra-y-la-proteccion-del-medioambiente-modatima\/#breadcrumb\"},\"inLanguage\":\"es\",\"potentialAction\":[{\"@type\":\"ReadAction\",\"target\":[\"https:\/\/www.pressenza.com\/es\/2019\/11\/chile-declaracion-publica-del-movimiento-de-defensa-del-agua-la-tierra-y-la-proteccion-del-medioambiente-modatima\/\"]}]},{\"@type\":\"ImageObject\",\"inLanguage\":\"es\",\"@id\":\"https:\/\/www.pressenza.com\/es\/2019\/11\/chile-declaracion-publica-del-movimiento-de-defensa-del-agua-la-tierra-y-la-proteccion-del-medioambiente-modatima\/#primaryimage\",\"url\":\"https:\/\/www.pressenza.com\/wp-content\/uploads\/2019\/11\/David.jpeg\",\"contentUrl\":\"https:\/\/www.pressenza.com\/wp-content\/uploads\/2019\/11\/David.jpeg\",\"width\":774,\"height\":1032},{\"@type\":\"BreadcrumbList\",\"@id\":\"https:\/\/www.pressenza.com\/es\/2019\/11\/chile-declaracion-publica-del-movimiento-de-defensa-del-agua-la-tierra-y-la-proteccion-del-medioambiente-modatima\/#breadcrumb\",\"itemListElement\":[{\"@type\":\"ListItem\",\"position\":1,\"name\":\"Accueil\",\"item\":\"https:\/\/www.pressenza.com\/es\/\"},{\"@type\":\"ListItem\",\"position\":2,\"name\":\"Chile: Declaraci\u00f3n p\u00fablica del Movimiento de Defensa del Agua, la Tierra y la Protecci\u00f3n del Medioambiente (MODATIMA)\"}]},{\"@type\":\"WebSite\",\"@id\":\"https:\/\/www.pressenza.com\/es\/#website\",\"url\":\"https:\/\/www.pressenza.com\/es\/\",\"name\":\"Pressenza\",\"description\":\"International Press Agency\",\"publisher\":{\"@id\":\"https:\/\/www.pressenza.com\/es\/#organization\"},\"potentialAction\":[{\"@type\":\"SearchAction\",\"target\":{\"@type\":\"EntryPoint\",\"urlTemplate\":\"https:\/\/www.pressenza.com\/es\/?s={search_term_string}\"},\"query-input\":{\"@type\":\"PropertyValueSpecification\",\"valueRequired\":true,\"valueName\":\"search_term_string\"}}],\"inLanguage\":\"es\"},{\"@type\":\"Organization\",\"@id\":\"https:\/\/www.pressenza.com\/es\/#organization\",\"name\":\"Pressenza\",\"url\":\"https:\/\/www.pressenza.com\/es\/\",\"logo\":{\"@type\":\"ImageObject\",\"inLanguage\":\"es\",\"@id\":\"https:\/\/www.pressenza.com\/es\/#\/schema\/logo\/image\/\",\"url\":\"https:\/\/www.pressenza.com\/wp-content\/uploads\/2022\/10\/pressenza_logo_200x200.jpg\",\"contentUrl\":\"https:\/\/www.pressenza.com\/wp-content\/uploads\/2022\/10\/pressenza_logo_200x200.jpg\",\"width\":200,\"height\":200,\"caption\":\"Pressenza\"},\"image\":{\"@id\":\"https:\/\/www.pressenza.com\/es\/#\/schema\/logo\/image\/\"},\"sameAs\":[\"https:\/\/www.facebook.com\/PressenzaItalia\",\"https:\/\/x.com\/PressenzaIPA\"]},{\"@type\":\"Person\",\"@id\":\"https:\/\/www.pressenza.com\/es\/#\/schema\/person\/d7db40df35d6698ba69ba9ee260944ed\",\"name\":\"Redacci\u00f3n Chile\",\"description\":\"News from the Pressenza Bureau in Chile\",\"sameAs\":[\"https:\/\/www.facebook.com\/pressenza\",\"https:\/\/x.com\/pressenza\"],\"url\":\"https:\/\/www.pressenza.com\/es\/author\/redaccion-chile\/\"}]}<\/script>\n<!-- \/ Yoast SEO plugin. -->","yoast_head_json":{"title":"Chile: Declaraci\u00f3n p\u00fablica del Movimiento de Defensa del Agua, la Tierra y la Protecci\u00f3n del Medioambiente (MODATIMA)","description":"Chile: Declaraci\u00f3n p\u00fablica del Movimiento de Defensa del Agua, la Tierra y la Protecci\u00f3n del Medioambiente (MODATIMA)","robots":{"index":"index","follow":"follow","max-snippet":"max-snippet:-1","max-image-preview":"max-image-preview:large","max-video-preview":"max-video-preview:-1"},"canonical":"https:\/\/www.pressenza.com\/es\/2019\/11\/chile-declaracion-publica-del-movimiento-de-defensa-del-agua-la-tierra-y-la-proteccion-del-medioambiente-modatima\/","og_locale":"es_ES","og_type":"article","og_title":"Chile: Declaraci\u00f3n p\u00fablica del Movimiento de Defensa del Agua, la Tierra y la Protecci\u00f3n del Medioambiente (MODATIMA)","og_description":"Chile: Declaraci\u00f3n p\u00fablica del Movimiento de Defensa del Agua, la Tierra y la Protecci\u00f3n del Medioambiente (MODATIMA)","og_url":"https:\/\/www.pressenza.com\/es\/2019\/11\/chile-declaracion-publica-del-movimiento-de-defensa-del-agua-la-tierra-y-la-proteccion-del-medioambiente-modatima\/","og_site_name":"Pressenza","article_publisher":"https:\/\/www.facebook.com\/PressenzaItalia","article_author":"https:\/\/www.facebook.com\/pressenza","article_published_time":"2019-11-16T03:23:05+00:00","og_image":[{"width":774,"height":1032,"url":"https:\/\/www.pressenza.com\/wp-content\/uploads\/2019\/11\/David.jpeg","type":"image\/jpeg"}],"author":"Redacci\u00f3n Chile","twitter_card":"summary_large_image","twitter_creator":"@pressenza","twitter_site":"@PressenzaIPA","twitter_misc":{"Escrito por":"Redacci\u00f3n Chile","Tiempo de lectura":"7 minutos"},"schema":{"@context":"https:\/\/schema.org","@graph":[{"@type":"Article","@id":"https:\/\/www.pressenza.com\/es\/2019\/11\/chile-declaracion-publica-del-movimiento-de-defensa-del-agua-la-tierra-y-la-proteccion-del-medioambiente-modatima\/#article","isPartOf":{"@id":"https:\/\/www.pressenza.com\/es\/2019\/11\/chile-declaracion-publica-del-movimiento-de-defensa-del-agua-la-tierra-y-la-proteccion-del-medioambiente-modatima\/"},"author":{"name":"Redacci\u00f3n Chile","@id":"https:\/\/www.pressenza.com\/es\/#\/schema\/person\/d7db40df35d6698ba69ba9ee260944ed"},"headline":"Chile: Declaraci\u00f3n p\u00fablica del Movimiento de Defensa del Agua, la Tierra y la Protecci\u00f3n del Medioambiente (MODATIMA)","datePublished":"2019-11-16T03:23:05+00:00","mainEntityOfPage":{"@id":"https:\/\/www.pressenza.com\/es\/2019\/11\/chile-declaracion-publica-del-movimiento-de-defensa-del-agua-la-tierra-y-la-proteccion-del-medioambiente-modatima\/"},"wordCount":1396,"publisher":{"@id":"https:\/\/www.pressenza.com\/es\/#organization"},"image":{"@id":"https:\/\/www.pressenza.com\/es\/2019\/11\/chile-declaracion-publica-del-movimiento-de-defensa-del-agua-la-tierra-y-la-proteccion-del-medioambiente-modatima\/#primaryimage"},"thumbnailUrl":"https:\/\/www.pressenza.com\/wp-content\/uploads\/2019\/11\/David.jpeg","keywords":["Acuerdo por la Paz","Modatima","Nueva Constituci\u00f3n","protestas sociales","Sebasti\u00e1n Pi\u00f1era"],"articleSection":["Comunicados de Prensa","Pol\u00edtica","Sudam\u00e9rica"],"inLanguage":"es"},{"@type":"WebPage","@id":"https:\/\/www.pressenza.com\/es\/2019\/11\/chile-declaracion-publica-del-movimiento-de-defensa-del-agua-la-tierra-y-la-proteccion-del-medioambiente-modatima\/","url":"https:\/\/www.pressenza.com\/es\/2019\/11\/chile-declaracion-publica-del-movimiento-de-defensa-del-agua-la-tierra-y-la-proteccion-del-medioambiente-modatima\/","name":"Chile: Declaraci\u00f3n p\u00fablica del Movimiento de Defensa del Agua, la Tierra y la Protecci\u00f3n del Medioambiente (MODATIMA)","isPartOf":{"@id":"https:\/\/www.pressenza.com\/es\/#website"},"primaryImageOfPage":{"@id":"https:\/\/www.pressenza.com\/es\/2019\/11\/chile-declaracion-publica-del-movimiento-de-defensa-del-agua-la-tierra-y-la-proteccion-del-medioambiente-modatima\/#primaryimage"},"image":{"@id":"https:\/\/www.pressenza.com\/es\/2019\/11\/chile-declaracion-publica-del-movimiento-de-defensa-del-agua-la-tierra-y-la-proteccion-del-medioambiente-modatima\/#primaryimage"},"thumbnailUrl":"https:\/\/www.pressenza.com\/wp-content\/uploads\/2019\/11\/David.jpeg","datePublished":"2019-11-16T03:23:05+00:00","description":"Chile: Declaraci\u00f3n p\u00fablica del Movimiento de Defensa del Agua, la Tierra y la Protecci\u00f3n del Medioambiente (MODATIMA)","breadcrumb":{"@id":"https:\/\/www.pressenza.com\/es\/2019\/11\/chile-declaracion-publica-del-movimiento-de-defensa-del-agua-la-tierra-y-la-proteccion-del-medioambiente-modatima\/#breadcrumb"},"inLanguage":"es","potentialAction":[{"@type":"ReadAction","target":["https:\/\/www.pressenza.com\/es\/2019\/11\/chile-declaracion-publica-del-movimiento-de-defensa-del-agua-la-tierra-y-la-proteccion-del-medioambiente-modatima\/"]}]},{"@type":"ImageObject","inLanguage":"es","@id":"https:\/\/www.pressenza.com\/es\/2019\/11\/chile-declaracion-publica-del-movimiento-de-defensa-del-agua-la-tierra-y-la-proteccion-del-medioambiente-modatima\/#primaryimage","url":"https:\/\/www.pressenza.com\/wp-content\/uploads\/2019\/11\/David.jpeg","contentUrl":"https:\/\/www.pressenza.com\/wp-content\/uploads\/2019\/11\/David.jpeg","width":774,"height":1032},{"@type":"BreadcrumbList","@id":"https:\/\/www.pressenza.com\/es\/2019\/11\/chile-declaracion-publica-del-movimiento-de-defensa-del-agua-la-tierra-y-la-proteccion-del-medioambiente-modatima\/#breadcrumb","itemListElement":[{"@type":"ListItem","position":1,"name":"Accueil","item":"https:\/\/www.pressenza.com\/es\/"},{"@type":"ListItem","position":2,"name":"Chile: Declaraci\u00f3n p\u00fablica del Movimiento de Defensa del Agua, la Tierra y la Protecci\u00f3n del Medioambiente (MODATIMA)"}]},{"@type":"WebSite","@id":"https:\/\/www.pressenza.com\/es\/#website","url":"https:\/\/www.pressenza.com\/es\/","name":"Pressenza","description":"International Press Agency","publisher":{"@id":"https:\/\/www.pressenza.com\/es\/#organization"},"potentialAction":[{"@type":"SearchAction","target":{"@type":"EntryPoint","urlTemplate":"https:\/\/www.pressenza.com\/es\/?s={search_term_string}"},"query-input":{"@type":"PropertyValueSpecification","valueRequired":true,"valueName":"search_term_string"}}],"inLanguage":"es"},{"@type":"Organization","@id":"https:\/\/www.pressenza.com\/es\/#organization","name":"Pressenza","url":"https:\/\/www.pressenza.com\/es\/","logo":{"@type":"ImageObject","inLanguage":"es","@id":"https:\/\/www.pressenza.com\/es\/#\/schema\/logo\/image\/","url":"https:\/\/www.pressenza.com\/wp-content\/uploads\/2022\/10\/pressenza_logo_200x200.jpg","contentUrl":"https:\/\/www.pressenza.com\/wp-content\/uploads\/2022\/10\/pressenza_logo_200x200.jpg","width":200,"height":200,"caption":"Pressenza"},"image":{"@id":"https:\/\/www.pressenza.com\/es\/#\/schema\/logo\/image\/"},"sameAs":["https:\/\/www.facebook.com\/PressenzaItalia","https:\/\/x.com\/PressenzaIPA"]},{"@type":"Person","@id":"https:\/\/www.pressenza.com\/es\/#\/schema\/person\/d7db40df35d6698ba69ba9ee260944ed","name":"Redacci\u00f3n Chile","description":"News from the Pressenza Bureau in Chile","sameAs":["https:\/\/www.facebook.com\/pressenza","https:\/\/x.com\/pressenza"],"url":"https:\/\/www.pressenza.com\/es\/author\/redaccion-chile\/"}]}},"place":"Santiago de Chile","original_article_url":"","_links":{"self":[{"href":"https:\/\/www.pressenza.com\/es\/wp-json\/wp\/v2\/posts\/973040","targetHints":{"allow":["GET"]}}],"collection":[{"href":"https:\/\/www.pressenza.com\/es\/wp-json\/wp\/v2\/posts"}],"about":[{"href":"https:\/\/www.pressenza.com\/es\/wp-json\/wp\/v2\/types\/post"}],"author":[{"embeddable":true,"href":"https:\/\/www.pressenza.com\/es\/wp-json\/wp\/v2\/users\/43"}],"replies":[{"embeddable":true,"href":"https:\/\/www.pressenza.com\/es\/wp-json\/wp\/v2\/comments?post=973040"}],"version-history":[{"count":0,"href":"https:\/\/www.pressenza.com\/es\/wp-json\/wp\/v2\/posts\/973040\/revisions"}],"wp:featuredmedia":[{"embeddable":true,"href":"https:\/\/www.pressenza.com\/es\/wp-json\/wp\/v2\/media\/973041"}],"wp:attachment":[{"href":"https:\/\/www.pressenza.com\/es\/wp-json\/wp\/v2\/media?parent=973040"}],"wp:term":[{"taxonomy":"category","embeddable":true,"href":"https:\/\/www.pressenza.com\/es\/wp-json\/wp\/v2\/categories?post=973040"},{"taxonomy":"post_tag","embeddable":true,"href":"https:\/\/www.pressenza.com\/es\/wp-json\/wp\/v2\/tags?post=973040"}],"curies":[{"name":"wp","href":"https:\/\/api.w.org\/{rel}","templated":true}]}}