{"id":971342,"date":"2019-11-14T15:38:15","date_gmt":"2019-11-14T15:38:15","guid":{"rendered":"https:\/\/www.pressenza.com\/?p=971342"},"modified":"2019-11-17T22:49:49","modified_gmt":"2019-11-17T22:49:49","slug":"nuestro-mundo-que-se-desvanece-insectos","status":"publish","type":"post","link":"https:\/\/www.pressenza.com\/es\/2019\/11\/nuestro-mundo-que-se-desvanece-insectos\/","title":{"rendered":"Nuestro mundo que se desvanece: Insectos"},"content":{"rendered":"<p>Hace unos 12.000 a\u00f1os, los humanos de la edad de piedra precipitaron la revoluci\u00f3n neol\u00edtica (agr\u00edcola) que marc\u00f3 el comienzo de la constante ascensi\u00f3n a la civilizaci\u00f3n. Casualmente, esto ocurri\u00f3 al mismo tiempo que el comienzo de lo que ahora se conoce como la \u00c9poca Holocena, la \u00e9poca geol\u00f3gica en la que todav\u00eda viven los seres humanos.<\/p>\n<p>Sin embargo, desde la revoluci\u00f3n industrial que comenz\u00f3 alrededor de 1750, hace s\u00f3lo 270 a\u00f1os, los seres humanos han estado destruyendo la biosfera de la Tierra con una ferocidad tan tremenda que la Tierra que heredamos al comienzo de la \u00c9poca Holocena se est\u00e1 desvaneciendo ante nuestros ojos. Y la vida se desvanece con ella.<\/p>\n<p>Si bien esta cat\u00e1strofe atrajo la atenci\u00f3n del p\u00fablico por primera vez con la publicaci\u00f3n del libro de Rachel Carson <a href=\"http:\/\/library.uniteddiversity.coop\/More_Books_and_Reports\/Silent_Spring-Rachel_Carson-1962.pdf\">Primavera silenciosa<\/a> en 1962, los esfuerzos en respuesta a su esfuerzo por dar la voz de alarma, a la que se atribuye la inspiraci\u00f3n del movimiento ambiental moderno, han palidecido en comparaci\u00f3n con el continuo esfuerzo humano por silenciar la primavera.<\/p>\n<p>De hecho, estamos destruyendo la biosfera con una eficiencia tan despiadada que la tasa de extinci\u00f3n mundial es ahora de 200 especies por d\u00eda, con otro mill\u00f3n de especies \u00abamenazadas\u00bb. Adem\u00e1s, seg\u00fan el reciente Informe de Evaluaci\u00f3n Global sobre Biodiversidad y Servicios de los Ecosistemas, investigado y publicado por la <a href=\"https:\/\/www.ipbes.net\/news\/million-threatened-species-thirteen-questions-answers\">Plataforma Intergubernamental de Ciencia y Pol\u00edtica sobre Biodiversidad y Servicios de los Ecosistemas<\/a> (IPBES por sus sigla en ingl\u00e9s), el organismo cient\u00edfico que eval\u00faa el estado de la biodiversidad y los servicios de los ecosistemas que \u00e9sta proporciona a la sociedad, \u00abla naturaleza est\u00e1 disminuyendo globalmente a un ritmo sin precedentes en la historia de la humanidad\u00bb.<\/p>\n<p>La crisis a trav\u00e9s de la cual vivimos ahora es tan grave que el tono normalmente sobrio de los documentos cient\u00edficos tambi\u00e9n est\u00e1 desapareciendo, con palabras como \u00abaniquilaci\u00f3n biol\u00f3gica\u00bb, \u00abataque aterrador a los cimientos de la civilizaci\u00f3n humana\u00bb y el \u00absexto evento de extinci\u00f3n masiva\u00bb en la historia de la Tierra, que se est\u00e1n utilizando cada vez con mayor frecuencia. V\u00e9ase, por ejemplo, \u00ab<a href=\"https:\/\/www.pnas.org\/content\/114\/30\/E6089\">Aniquilaci\u00f3n biol\u00f3gica a trav\u00e9s de la sexta extinci\u00f3n masiva en curso, se\u00f1alada por las p\u00e9rdidas y disminuciones de la poblaci\u00f3n de vertebrados<\/a>.\u00bb<\/p>\n<p><strong>\u00bfQu\u00e9 tan extrema es la amenaza?<\/strong><\/p>\n<p>Pues bien, a pesar del n\u00famero de procesos intergubernamentales controlados por la \u00e9lite y de cient\u00edficos corporativos pagados para promulgar ilusiones sobre nuestro calendario, un n\u00famero cada vez mayor de cient\u00edficos est\u00e1n advirtiendo que la evidencia existente y acumulativa indica que es probable que la extinci\u00f3n humana ocurra para el a\u00f1o 2026 (suponiendo que podamos prevenir la guerra nuclear y prevenir el despliegue de 5G mientras tanto). Desafortunadamente, tambi\u00e9n la magnitud total de esta cat\u00e1strofe en desarrollo se enmascara f\u00e1cilmente si no se consideran todos y cada uno de los muchos factores interrelacionados -emocionales, pol\u00edticos, econ\u00f3micos, sociales, clim\u00e1ticos, ambientales, militares, nucleares, de geoingenier\u00eda y electromagn\u00e9ticos- que dan forma sin\u00e9rgica a este resultado. V\u00e9ase \u00ab<a href=\"https:\/\/www.pressenza.com\/es\/2018\/08\/extincion-humana-para-el-2026-una-ultima-estrategia-para-luchar-por-la-supervivencia-humana\/\">&#8216;Extinci\u00f3n Humana para el 2026? A Last Ditch Strategy to Fight for Human Survival<\/a>.\u00bb<\/p>\n<p>Por ejemplo, es una ciencia deficiente medir los impactos clim\u00e1ticos aisladamente de los impactos en cascada que generan \u00abr\u00edo abajo\u00bb (como el impacto adverso del aumento de la temperatura sobre las poblaciones de insectos en los bosques tropicales y lo que esto significa para los h\u00e1bitats de los bosques tropicales que ocupan) y predecir los resultados para la humanidad bas\u00e1ndose \u00fanicamente en los impactos clim\u00e1ticos. Si se eliminan suficientes insectos, ya sea a trav\u00e9s de la destrucci\u00f3n del h\u00e1bitat, el uso extensivo de pesticidas, la radiaci\u00f3n electromagn\u00e9tica de 5G, los impactos clim\u00e1ticos&#8230; o una combinaci\u00f3n de estos y otros factores, antes de que alcancemos el punto de inflexi\u00f3n cr\u00edtico del clima, entonces las cadenas alimentarias humanas colapsar\u00e1n r\u00e1pidamente seguidas por la poblaci\u00f3n humana, sea cual sea el estado del clima en ese momento.<\/p>\n<p>Sin embargo, aqu\u00ed en lugar de reiterar las pruebas exhaustivas en relaci\u00f3n con las amenazas sin\u00e9rgicas a la supervivencia humana, perm\u00edtanme presentar las pruebas s\u00f3lo en relaci\u00f3n con la aniquilaci\u00f3n de la poblaci\u00f3n mundial de insectos, llamada de distintas maneras como por ejemplo \u00abinsectaged\u00f3n\u00bb y \u00abapocalipsis de los insectos\u00bb en un intento de transmitir la gravedad de la crisis, incluyendo lo que la est\u00e1 impulsando y lo que significa.<\/p>\n<p><strong>La importancia de los insectos<\/strong><\/p>\n<p>\u00bfQu\u00e9 importancia tienen los insectos? Seg\u00fan un estudio reciente realizado por Caspar A. Hallmann y once asociados, los insectos son vitales para el funcionamiento de los ecosistemas:<\/p>\n<p>Los insectos juegan un papel central en una variedad de procesos, incluyendo la polinizaci\u00f3n, herb\u00edvoros y detrit\u00edvoros (un organismo, como una bacteria, hongo o insecto, que se alimenta de plantas o animales muertos), el ciclo de los nutrientes y la provisi\u00f3n de una fuente de alimento para niveles tr\u00f3ficos m\u00e1s altos, como aves, mam\u00edferos y anfibios. Por ejemplo, se estima que el 80% de las plantas silvestres dependen de los insectos para su polinizaci\u00f3n, mientras que el 60% de las aves dependen de los insectos como fuente de alimento. Los servicios ecosist\u00e9micos proporcionados por los insectos silvestres se han estimado en 57.000 millones de d\u00f3lares anuales en los Estados Unidos. Claramente, la preservaci\u00f3n de la abundancia y diversidad de insectos debe constituir una prioridad de conservaci\u00f3n primordial. V\u00e9ase \u00ab<a href=\"https:\/\/journals.plos.org\/plosone\/article?id=10.1371\/journal.pone.0185809\">M\u00e1s del 75 por ciento de disminuci\u00f3n en 27 a\u00f1os en la biomasa total de insectos voladores en \u00e1reas protegidas<\/a>.\u00bb<\/p>\n<p>Para subrayar la importancia de los insectos, en su estudio Bradford C. Lister y Andr\u00e9s Garc\u00eda simplemente se\u00f1alan que \u00ablos artr\u00f3podos comprenden m\u00e1s de dos tercios de las especies terrestres.\u00bb V\u00e9ase \u00ab<a href=\"https:\/\/www.pnas.org\/content\/115\/44\/E10397\">La disminuci\u00f3n de la abundancia de artr\u00f3podos impulsada por el clima reestructura una red alimentaria de la selva tropical<\/a>\u00bb. Y, como observa Robert Hunziker: sin insectos \u00abexcavar, formar nuevos suelos, airear el suelo, polinizar los cultivos alimentarios&#8230;\u00bb y proporcionar alimento a muchas especies de aves, la biosfera simplemente se derrumba. V\u00e9ase \u00ab<a href=\"https:\/\/www.transcend.org\/tms\/2018\/04\/insect-decimation-upstages-global-warming\/\">La aniquilaci\u00f3n de insectos supera el calentamiento global<\/a>.\u00bb<\/p>\n<p>Sin embargo, a pesar de su papel crucial en el mantenimiento de la biosfera habitable, los insectos han estado en declive durante varias d\u00e9cadas. Y el declive se est\u00e1 acelerando.<\/p>\n<p><strong>El declive de los insectos<\/strong><\/p>\n<p>Cualquier estudio de las poblaciones de insectos confirma f\u00e1cilmente su r\u00e1pida disminuci\u00f3n. Por ejemplo, en el estudio reciente de Lister y Garc\u00eda, observan que \u00ablos artr\u00f3podos, invertebrados que incluyen a los insectos que tienen esqueletos externos, est\u00e1n disminuyendo a un ritmo alarmante. Aunque los tr\u00f3picos albergan la mayor\u00eda de las especies de artr\u00f3podos, se sabe poco sobre las tendencias en su abundancia.\u00bb Por lo tanto, compararon la biomasa de artr\u00f3podos en el bosque lluvioso de Luquillo de Puerto Rico con los datos tomados por Lister en 1976. Encontraron que \u00abla biomasa hab\u00eda ca\u00eddo de 10 a 60 veces\u00bb y sus an\u00e1lisis revelaron \u00abdisminuciones sincr\u00f3nicas en los lagartos, ranas y aves que comen artr\u00f3podos.\u00bb Adem\u00e1s, se\u00f1alaron que en los \u00faltimos 30 a\u00f1os la temperatura de los bosques ha aumentado 2,0 \u00b0C y su estudio indicaba que \u00abel calentamiento clim\u00e1tico es la fuerza motriz detr\u00e1s del colapso de la red alimenticia de los bosques.\u00bb De manera inquietante, ellos observan: \u00abVarios estudios indican que los artr\u00f3podos tropicales deber\u00edan ser particularmente vulnerables al calentamiento clim\u00e1tico. Si se cumplen estas predicciones, el calentamiento clim\u00e1tico podr\u00eda tener un impacto m\u00e1s profundo de lo que se prev\u00e9 en la actualidad en el funcionamiento y la diversidad de los bosques tropicales.\u00bb V\u00e9ase \u00ab<a href=\"https:\/\/www.pnas.org\/content\/115\/44\/E10397\">La disminuci\u00f3n de la abundancia de artr\u00f3podos provocada por el clima reestructura una red alimentaria de la selva tropical<\/a>\u00bb y \u00ab<a href=\"https:\/\/www.theguardian.com\/environment\/2019\/jan\/15\/insect-collapse-we-are-destroying-our-life-support-systems\">Colapso de insectos\u00bb: \u00abEstamos destruyendo nuestros sistemas de soporte de vida<\/a>.\u00bb<\/p>\n<p>\u00bfPor qu\u00e9? Bueno, aunque el calentamiento clim\u00e1tico est\u00e1 alterando toda la biosfera a un ritmo acelerado, el ritmo es generalmente m\u00e1s lento en los h\u00e1bitats tropicales. Sin embargo, la evidencia todav\u00eda sugiere claramente que los ectot\u00e9rmicos tropicales (organismos que dependen de fuentes de calor ambientales) pueden ser particularmente vulnerables al calentamiento del clima. Citando un informe anterior basado en la investigaci\u00f3n de Daniel H. Janzen &#8211; v\u00e9ase \u00ab<a href=\"https:\/\/www.wsl.ch\/lud\/biodiversity_events\/papers\/niklaus.zimmermann@wsl.ch_2017_12_12AmNat_Janzen_1967.pdf\">Por qu\u00e9 los pasos de monta\u00f1a son m\u00e1s altos en los tr\u00f3picos<\/a>\u00bb &#8211; Lister y Garc\u00eda se\u00f1alan que las especies tropicales que evolucionaron en ambientes comparativamente no estacionales tienen \u00abnichos t\u00e9rmicos m\u00e1s estrechos, una aclimataci\u00f3n reducida a las fluctuaciones de la temperatura, y existen en o cerca de sus \u00f3ptimas t\u00e9rmicas.\u00bb En consecuencia, incluso peque\u00f1os incrementos en la temperatura pueden precipitar disminuciones bruscas en su adaptaci\u00f3n y la abundancia. Estas predicciones han sido verificadas en una variedad de reptiles tropicales, anfibios e invertebrados. V\u00e9ase \u00ab<a href=\"https:\/\/www.pnas.org\/content\/115\/44\/E10397\">La disminuci\u00f3n de la abundancia de artr\u00f3podos impulsada por el clima reestructura una red alimentaria de la selva tropical<\/a>.\u00bb<\/p>\n<p>En otro informe reciente \u00ab<a href=\"https:\/\/www.sciencedirect.com\/science\/article\/pii\/S0006320718313636\">Declive mundial de la entomofauna: Una revisi\u00f3n de sus conductores<\/a>\u00bb, Francisco S\u00e1nchez-Bayo y Kris A.G. Wyckhuys presentan \u00abuna revisi\u00f3n exhaustiva de 73 informes hist\u00f3ricos de disminuci\u00f3n de insectos en todo el mundo, y eval\u00faan sistem\u00e1ticamente los conductores subyacentes.\u00bb En esencia, sus investigaciones revelan `ritmos dram\u00e1ticos de disminuci\u00f3n&#8217;, siendo los principales impulsores i) la p\u00e9rdida de h\u00e1bitat y la conversi\u00f3n a la agricultura intensiva y la urbanizaci\u00f3n; ii) la contaminaci\u00f3n, principalmente por plaguicidas sint\u00e9ticos (glifosato, neonicotinoides y otros) y fertilizantes; iii) los factores biol\u00f3gicos, incluidos los pat\u00f3genos y las especies introducidas; y iv) la cat\u00e1strofe clim\u00e1tica. Este \u00faltimo factor es particularmente importante en las regiones tropicales, pero s\u00f3lo afecta a una minor\u00eda de especies en climas m\u00e1s fr\u00edos y en zonas monta\u00f1osas de zonas templadas\u00bb.<\/p>\n<p>Adem\u00e1s, se\u00f1alan que los estudios generales sobre la disminuci\u00f3n de insectos est\u00e1n \u00aben concordancia con los informes anteriores sobre la disminuci\u00f3n de la poblaci\u00f3n de numerosos taxones de insectos (es decir, mariposas, escarabajos de tierra, mariquitas, lib\u00e9lulas, lib\u00e9lulas, moscas de las piedras y abejas silvestres) en Europa y Am\u00e9rica del Norte en las \u00faltimas d\u00e9cadas. Parece que las disminuciones de insectos son sustancialmente mayores que las observadas en aves o plantas durante los mismos per\u00edodos de tiempo y esto podr\u00eda desencadenar un efecto domin\u00f3 de gran alcance dentro de varios de los ecosistemas del mundo.\u00bb<\/p>\n<p>Pero tal vez el informe m\u00e1s alarmante sea el que se redact\u00f3 tras la investigaci\u00f3n realizada por Caspar A. Hallmann y sus asociados. Al tomar en cuenta la preocupaci\u00f3n generalizada por la p\u00e9rdida de insectos, observan que \u00abse espera que la p\u00e9rdida de diversidad y abundancia de insectos provoque un efecto domin\u00f3 en las redes alimentarias y ponga en peligro los servicios de los ecosistemas.\u00bb Al emplear un protocolo estandarizado para medir la biomasa total de insectos usando trampas de malestar, desplegadas durante 27 a\u00f1os en 63 \u00e1reas de protecci\u00f3n de la naturaleza en Alemania (con 96 combinaciones \u00fanicas de ubicaci\u00f3n-a\u00f1o), su an\u00e1lisis estim\u00f3 \u00abuna disminuci\u00f3n estacional del 76%, y una disminuci\u00f3n a mediados del verano del 82% en la biomasa de insectos voladores durante los 27 a\u00f1os de estudio.\u00bb Adem\u00e1s, la disminuci\u00f3n fue evidente independientemente del tipo de h\u00e1bitat. \u00abEsta p\u00e9rdida de biomasa de insectos, a\u00fan no reconocida, debe tenerse en cuenta al evaluar la disminuci\u00f3n de la abundancia de especies que dependen de los insectos como fuente de alimento y del funcionamiento de los ecosistemas en el paisaje europeo.\u00bb V\u00e9ase \u00ab<a href=\"https:\/\/journals.plos.org\/plosone\/article?id=10.1371\/journal.pone.0185809\">M\u00e1s del 75 por ciento de disminuci\u00f3n en 27 a\u00f1os en la biomasa total de insectos voladores en \u00e1reas protegidas<\/a>.\u00bb<\/p>\n<p>Un solo impacto en la r\u00e1pida disminuci\u00f3n de insectos en Alemania significar\u00eda la \u00abaniquilaci\u00f3n\u00bb de la poblaci\u00f3n de aves. V\u00e9ase \u00ab<a href=\"https:\/\/news.mongabay.com\/2017\/10\/decimated-germanys-birds-disappear-as-insect-abundance-plummets-76\/\">Diezmado: Las aves alemanas desaparecen a medida que la abundancia de insectos se desploma un 76%.<\/a>\u00bb<\/p>\n<p>En resumen, del estudio de S\u00e1nchez-Bayo y Wyckhuys: M\u00e1s del 40 por ciento de las especies de insectos del mundo est\u00e1n en v\u00edas de extinci\u00f3n. V\u00e9ase \u00ab\u201d<a href=\"https:\/\/www.sciencedirect.com\/science\/article\/pii\/S0006320718313636\">Declive mundial de la entomofauna\u00bb: Una revisi\u00f3n de sus conductores<\/a>.\u00bb<\/p>\n<p><strong>\u00bfPor qu\u00e9 est\u00e1n disminuyendo los insectos?<\/strong><\/p>\n<p>En esencia, aparte de las causas de la disminuci\u00f3n de insectos mencionadas anteriormente, como la destrucci\u00f3n del h\u00e1bitat, el envenenamiento (utilizando glifosato, neonicotinoides y otros pesticidas) &#8211; v\u00e9ase, por ejemplo, \u00ab<a href=\"https:\/\/www.biologicaldiversity.org\/news\/press_releases\/2019\/sulfoxaflor-02-15-2019.php\">Trump EPA OKs \u201cEmergency\u201d to Dump Bee-killing Pesticide on 16 Million Acres<\/a>\u00bb &#8211; y la cat\u00e1strofe clim\u00e1tica, los insectos tambi\u00e9n se ven afectados negativamente por la luz &#8211; v\u00e9ase \u00ab<a href=\"https:\/\/www.sciencedaily.com\/releases\/2018\/06\/180619122456.htm\">La contaminaci\u00f3n lum\u00ednica es una raz\u00f3n para el declive de los insectos<\/a>\u00bb &#8211; ingesti\u00f3n de pl\u00e1stico &#8211; v\u00e9ase \u00ab<a href=\"https:\/\/www.sciencedirect.com\/science\/article\/pii\/S0048969718327669?via%3Dihub\">Ingesti\u00f3n de micropl\u00e1sticos por los macroinvertebrados fluviales<\/a>\u00bb &#8211; guerras, contaminaci\u00f3n nuclear &#8211; v\u00e9ase, por ejemplo, \u00ab<a href=\"https:\/\/www.dw.com\/en\/fukushima-butterflies-highlight-heavy-cost-of-nuclear-disaster\/a-18147563\">Las mariposas de Fukushima ponen de relieve el alto costo de los desastres nucleares<\/a>\u00bb &#8211; y se ver\u00e1n m\u00e1s y m\u00e1s impactados de forma horrenda, junto con toda la vida en la Tierra, si se despliega la tecnolog\u00eda 5G. Para un estudio anterior que identificaba el problema existente de la radiaci\u00f3n electromagn\u00e9tica en la vida, v\u00e9ase \u00ab<a href=\"https:\/\/www.naturalscience.org\/wp-content\/uploads\/2015\/01\/kompetenzinitiative-ev_study_bees-birds-and-mankind_04-08_english.pdf\">Abejas, aves y humanidad: Destruyendo la naturaleza por \u00abElectrosmog\u00bb<\/a>\u00bb, pero para actualizaciones recientes sobre los extraordinarios peligros de la 5G para toda la vida, ver \u00ab<a href=\"https:\/\/www.globalresearch.ca\/5g-and-the-wireless-revolution-when-progress-becomes-a-death-sentence\/5689799\">5G y la Revoluci\u00f3n Inal\u00e1mbrica: Cuando el progreso se convierte en una sentencia de muerte<\/a>\u00bb y \u00ab<a href=\"https:\/\/www.globalresearch.ca\/lowest-5g-bidder-planet-earth-populations-wildlife-optional\/5692815\">La locura occidental y la radiaci\u00f3n electromagn\u00e9tica 5G.<\/a>\u00bb<\/p>\n<p>En esencia, sin suficiente diversidad y densidad de insectos, la biosfera existente colapsar\u00e1 y el homo sapiens se unir\u00e1 al registro f\u00f3sil. Y nos estamos acercando r\u00e1pidamente a ese punto de inflexi\u00f3n.<\/p>\n<p>Parte del problema es que se est\u00e1 prestando demasiada atenci\u00f3n a la cat\u00e1strofe clim\u00e1tica, ignorando al mismo tiempo la vasta evidencia de otras disciplinas que ofrecen investigaci\u00f3n altamente instructiva no s\u00f3lo en relaci\u00f3n con los impactos clim\u00e1ticos sino tambi\u00e9n con otros comportamientos humanos que est\u00e1n impactando negativamente el funcionamiento de los ecosistemas.<\/p>\n<p>Esto tiene una serie de impactos negativos, incluyendo el de enga\u00f1ar a la gente para que busquen resultados que son desesperadamente inadecuados si queremos abordar el alcance total de la crisis en nuestra biosfera.<\/p>\n<p><strong>\u00bfSe est\u00e1 haciendo algo?<\/strong><\/p>\n<p>No mucho. Las corporaciones de la \u00e9lite tienen un enorme poder pol\u00edtico, por lo que no tienen problemas para resistirse a los esfuerzos por contener la destrucci\u00f3n de la biosfera, incluyendo las poblaciones de insectos.<\/p>\n<p>Por lo tanto, mientras que los cient\u00edficos ofrecen rutinariamente buenas sugerencias, como la siguiente, tambi\u00e9n son rutinariamente ignoradas.<\/p>\n<p>\u00abSe necesita urgentemente un replanteamiento de las pr\u00e1cticas agr\u00edcolas actuales, en particular, una reducci\u00f3n seria del uso de plaguicidas y su sustituci\u00f3n por pr\u00e1cticas m\u00e1s sostenibles y ecol\u00f3gicas, para frenar o revertir las tendencias actuales, permitir la recuperaci\u00f3n de las poblaciones de insectos en declive y salvaguardar los servicios vitales de los ecosistemas que proporcionan. Adem\u00e1s, las tecnolog\u00edas de remediaci\u00f3n deben aplicarse a las aguas limpias y contaminadas tanto en entornos agr\u00edcolas como urbanos.\u00bb V\u00e9ase \u00ab<a href=\"https:\/\/www.sciencedirect.com\/science\/article\/pii\/S0006320718313636\">Declive mundial de la entomofauna: Una revisi\u00f3n de sus conductores<\/a>.\u00bb<\/p>\n<p>Pero, para reiterar, son las corporaciones las que tienen poder pol\u00edtico y las que tambi\u00e9n controlan la narrativa de los medios de comunicaci\u00f3n; no los cient\u00edficos.<\/p>\n<p><strong>Entonces, \u00bfqu\u00e9 podemos hacer?<\/strong><\/p>\n<p>Dado que el apocalipsis de los insectos est\u00e1 profundamente conectado con otros temas de importancia cr\u00edtica para la supervivencia humana, como siempre es vital que este tema sea abordado estrat\u00e9gicamente desde una perspectiva hol\u00edstica. Por esa raz\u00f3n, debemos abordar la cuesti\u00f3n tratando los factores fundamentales, pero tambi\u00e9n varios s\u00edntomas vitales que se derivan de esos factores. D\u00e9jame explicarte lo que quiero decir.<\/p>\n<p>La cuesti\u00f3n fundamental es la siguiente: \u00bfPor qu\u00e9 los humanos se comportan de una manera que destruye la biosfera de la Tierra? Sin duda, esto no es sensato ni siquiera razonable. Y cualquiera que sea capaz de comprometerse emocionalmente, de pensar racionalmente y que considere con seriedad este comportamiento debe darse cuenta de ello. Entonces, \u00bfpor qu\u00e9 est\u00e1 sucediendo?<\/p>\n<p>Fundamentalmente es porque nuestros modelos de crianza y educaci\u00f3n fracasan completamente en producir personas con conciencia, personas que son emocionalmente funcionales y capaces de realizar an\u00e1lisis cr\u00edticos, personas que se preocupan y que pueden planear y responder estrat\u00e9gicamente.<\/p>\n<p>Dada la preocupaci\u00f3n de la sociedad moderna por producir estudiantes, trabajadores, soldados, ciudadanos (es decir, contribuyentes y votantes) y consumidores sumisos, lo \u00faltimo que la sociedad quiere son individuos poderosos que sean capaces de buscar su conciencia, sentir su respuesta emocional a los acontecimientos, pensar de manera cr\u00edtica y responder de manera estrat\u00e9gica. Por lo tanto, nuestros modelos de crianza y educaci\u00f3n utilizan una combinaci\u00f3n despiadada de violencia visible, \u00abinvisible\u00bb y \u00abtotalmente invisible\u00bb para asegurar que nuestros hijos se conviertan en individuos aterrorizados, odiosos e impotentes como pr\u00e1cticamente todos los adultos que los rodean.<\/p>\n<p>Esta violencia multifac\u00e9tica asegura que el adulto que emerge de la ni\u00f1ez y la adolescencia est\u00e1 suprimiendo la conciencia de una enorme cantidad de miedo, dolor e ira (entre muchos otros sentimientos) y debe vivir en el enga\u00f1o para permanecer inconsciente de estos sentimientos reprimidos. Esto asegura que, como parte de su delirio, la gente desarrolle un fuerte sentido de que lo que ya est\u00e1n haciendo es pr\u00e1ctico y funciona (no importa cu\u00e1n disfuncional e ineficaz pueda ser en realidad) mientras que inconscientemente suprime la conciencia de cualquier evidencia que contradiga su delirio. V\u00e9ase \u00ab<a href=\"http:\/\/dkeenan.com\/RJB-WhyViolence.pdf\">Por qu\u00e9 la violencia<\/a>\u00bb, \u00ab<a href=\"https:\/\/anitamckone.wordpress.com\/articles-2\/fearless-and-fearful-psychology\/\">Psicolog\u00eda intr\u00e9pida y psicolog\u00eda temerosa\u00bb: Principios y pr\u00e1cticas&#8217;<\/a>\u00bb, \u00ab<a href=\"https:\/\/feelingsfirstblog.wordpress.com\/school-or-education\/\">Queremos escuela o educaci\u00f3n<\/a>&#8216;\u00bb y \u00ab<a href=\"https:\/\/feelingsfirstblog.wordpress.com\/key-articles\/love-denied\/\">Amor negado: La psicolog\u00eda del materialismo, la violencia y la guerra<\/a>.\u00bb<\/p>\n<p>As\u00ed que, si vamos a abordar el motor fundamental tanto del apocalipsis de los insectos como de la destrucci\u00f3n de la biosfera en general, debemos abordar esta causa. Para aquellos adultos lo suficientemente poderosos para hacer esto, hay una explicaci\u00f3n en <a href=\"https:\/\/feelingsfirstblog.wordpress.com\/putting-feelings-first\/\">\u00abPoniendo los Sentimientos Primero<\/a>.\u00bb Y para aquellos adultos que se han comprometido a facilitar los esfuerzos de los ni\u00f1os para alcanzar su potencial y ser conscientes de s\u00ed mismos (en lugar de delirar), v\u00e9ase \u00ab<a href=\"https:\/\/feelingsfirstblog.wordpress.com\/my-promise-to-children\/\">Mi Promesa a los Ni\u00f1os<\/a>\u00bb.<\/p>\n<p>M\u00e1s all\u00e1 de esta causa, sin embargo, tambi\u00e9n debemos resistir, de forma estrat\u00e9gica, a las corporaciones insensatas de \u00e9lite que son un s\u00edntoma clave de esta crisis, fabricando y comercializando una amplia gama de productos que destruyen insectos (y vida), desde armas (convencionales y nucleares) y combustibles f\u00f3siles hasta productos fabricados por la destrucci\u00f3n del h\u00e1bitat (incluyendo los bosques tropicales) y el envenenamiento de las tierras agr\u00edcolas (para cultivar los alimentos que la mayor\u00eda de la gente come), mientras que ahora estamos planeando el inminente despliegue a nivel mundial de la tecnolog\u00eda de la informaci\u00f3n y la comunicaci\u00f3n (Internet). Ver \u00ab<a href=\"https:\/\/nonviolentstrategy.wordpress.com\/\">Estrategia de Campa\u00f1a No Violenta<\/a>.\u00bb<\/p>\n<p>Pero tambi\u00e9n podemos socavar esta destrucci\u00f3n, por ejemplo, al negarnos a comprar los productos proporcionados por las corporaciones de \u00e9lite (con la complicidad de los gobiernos) que luchan en guerras (para enriquecer a las corporaciones armament\u00edsticas) para robar combustibles f\u00f3siles (para enriquecer a las corporaciones energ\u00e9ticas, aeron\u00e1uticas y fabricantes de veh\u00edculos) o aquellas corporaciones que obtienen ganancias destruyendo selvas tropicales o produciendo alimentos envenenados, por ejemplo. Podemos hacer esto reduciendo y alterando sistem\u00e1ticamente nuestro patr\u00f3n de consumo y volvi\u00e9ndonos m\u00e1s autosuficientes a nivel local, como se describe en \u00ab<a href=\"http:\/\/dkeenan.com\/Flametree.pdf\">El Proyecto del \u00c1rbol de la Llama para Salvar la Vida en la Tierra<\/a>\u00bb o, simplemente, comprometi\u00e9ndonos con el Compromiso de la Tierra (abajo). En pocas palabras, por ejemplo, si no compramos y comemos comida envenenada, las corporaciones dejar\u00e1n de envenenar nuestra comida y esto salvar\u00e1 un gran n\u00famero de insectos (y muchas otras formas de vida).<\/p>\n<p>Tambi\u00e9n puede considerar unirse a quienes trabajan para poner fin a la violencia en todos los contextos firmando el compromiso en l\u00ednea de \u00ab<a href=\"https:\/\/thepeoplesnonviolencecharter.wordpress.com\/\">La Carta de los Pueblos para Crear un Mundo No Violento<\/a>.\u00bb<\/p>\n<p><strong>El Compromiso de la Tierra<\/strong><\/p>\n<p><strong>Por amor a la Tierra y a todas sus criaturas, y por mi respeto a sus necesidades, desde este d\u00eda en adelante prometo que:<\/strong><\/p>\n<ol>\n<li><strong>Escuchar\u00e9 profundamente a los ni\u00f1os (ver la explicaci\u00f3n anterior)<\/strong><\/li>\n<li><strong>No voy a viajar en avi\u00f3n<\/strong><\/li>\n<li><strong>No voy a viajar en coche<\/strong><\/li>\n<li><strong>No comer\u00e9 carne y pescado<\/strong><\/li>\n<li><strong>S\u00f3lo comer\u00e9 alimentos org\u00e1nicos\/biodin\u00e1micos<\/strong><\/li>\n<li><strong>Reducir\u00e9 al m\u00ednimo la cantidad de agua dulce que uso, incluso minimizando mi propiedad y el uso de dispositivos electr\u00f3nicos.<\/strong><\/li>\n<li><strong>No voy a comprar madera de la selva tropical<\/strong><\/li>\n<li><strong>No comprar\u00e9 ni usar\u00e9 pl\u00e1stico de un solo uso, como bolsas, botellas, recipientes, tazas y pajitas.<\/strong><\/li>\n<li><strong>No utilizar\u00e9 bancos, fondos de pensiones o compa\u00f1\u00edas de seguros que presten servicios a empresas dedicadas a los combustibles f\u00f3siles, la energ\u00eda nuclear y\/o las armas.<\/strong><\/li>\n<li><strong>No aceptar\u00e9 empleo ni invertir\u00e9 en ninguna organizaci\u00f3n que apoye o participe en la explotaci\u00f3n de otros seres humanos o en los beneficios de la matanza y\/o destrucci\u00f3n de la biosfera.<\/strong><\/li>\n<li><strong>No recibir\u00e9 noticias de los medios corporativos (peri\u00f3dicos, televisi\u00f3n, radio, Google, Facebook, Twitter&#8230;)<\/strong><\/li>\n<li><strong>Me esforzar\u00e9 por aprender una habilidad, como la jardiner\u00eda o la costura, que me haga m\u00e1s autosuficiente. <\/strong><\/li>\n<li><strong>Animar\u00e9 a mi familia y amigos a que consideren la posibilidad de firmar este compromiso.<\/strong><\/li>\n<\/ol>\n<p><strong>Conclusi\u00f3n<\/strong><\/p>\n<p>En respuesta a una serie de comportamientos sin\u00e9rgicos, el homo sapiens est\u00e1 en v\u00edas de extinci\u00f3n. Una de las variables cr\u00edticas y ampliamente ignoradas en esta carrera hacia la extinci\u00f3n es nuestra aniquilaci\u00f3n de la poblaci\u00f3n mundial de insectos, que nos niega una gama cada vez mayor de servicios ecol\u00f3gicos.<\/p>\n<p>S\u00f3lo en este sentido, ya hemos cruzado un peligroso punto de inflexi\u00f3n que causar\u00e1 problemas cada vez mayores con el tiempo. Si podemos detenernos antes del punto de inflexi\u00f3n final depende de lo que t\u00fa decidas.<\/p>\n<hr \/>\n<p><em>Traducci\u00f3n del ingl\u00e9s por Armando Yanez<\/em><\/p>\n","protected":false},"excerpt":{"rendered":"<p>Hace unos 12.000 a\u00f1os, los humanos de la edad de piedra precipitaron la revoluci\u00f3n neol\u00edtica (agr\u00edcola) que marc\u00f3 el comienzo de la constante ascensi\u00f3n a la civilizaci\u00f3n. Casualmente, esto ocurri\u00f3 al mismo tiempo que el comienzo de lo que ahora&hellip;<\/p>\n","protected":false},"author":1136,"featured_media":962954,"comment_status":"closed","ping_status":"closed","sticky":false,"template":"","format":"standard","meta":{"footnotes":""},"categories":[11389,78,39,1242],"tags":[1265,58437,66957,66958,57700,66959,30440,1794],"class_list":["post-971342","post","type-post","status-publish","format-standard","has-post-thumbnail","hentry","category-contenido-original","category-medio-ambiente-ecologia","category-internacional","category-noviolencia-tema","tag-cambio-climatico","tag-crisis-de-extincion","tag-extincion-funcional","tag-extincion-humana","tag-extinction-rebellion-es","tag-la-sexta-extincion","tag-no-violencia-activa","tag-noviolencia-activa"],"yoast_head":"<!-- This site is optimized with the Yoast SEO plugin v27.1.1 - https:\/\/yoast.com\/product\/yoast-seo-wordpress\/ -->\n<title>Nuestro mundo que se desvanece: Insectos<\/title>\n<meta name=\"description\" content=\"Hace unos 12.000 a\u00f1os, los humanos de la edad de piedra precipitaron la revoluci\u00f3n neol\u00edtica (agr\u00edcola) que marc\u00f3 el comienzo de la constante ascensi\u00f3n a\" \/>\n<meta name=\"robots\" content=\"index, follow, max-snippet:-1, max-image-preview:large, max-video-preview:-1\" \/>\n<link rel=\"canonical\" href=\"https:\/\/www.pressenza.com\/es\/2019\/11\/nuestro-mundo-que-se-desvanece-insectos\/\" \/>\n<meta property=\"og:locale\" content=\"es_ES\" \/>\n<meta property=\"og:type\" content=\"article\" \/>\n<meta property=\"og:title\" content=\"Nuestro mundo que se desvanece: Insectos\" \/>\n<meta property=\"og:description\" content=\"Hace unos 12.000 a\u00f1os, los humanos de la edad de piedra precipitaron la revoluci\u00f3n neol\u00edtica (agr\u00edcola) que marc\u00f3 el comienzo de la constante ascensi\u00f3n a\" \/>\n<meta property=\"og:url\" content=\"https:\/\/www.pressenza.com\/es\/2019\/11\/nuestro-mundo-que-se-desvanece-insectos\/\" \/>\n<meta property=\"og:site_name\" content=\"Pressenza\" \/>\n<meta property=\"article:publisher\" content=\"https:\/\/www.facebook.com\/PressenzaItalia\" \/>\n<meta property=\"article:published_time\" content=\"2019-11-14T15:38:15+00:00\" \/>\n<meta property=\"article:modified_time\" content=\"2019-11-17T22:49:49+00:00\" \/>\n<meta property=\"og:image\" content=\"https:\/\/www.pressenza.com\/wp-content\/uploads\/2019\/11\/draagonfly.jpg\" \/>\n\t<meta property=\"og:image:width\" content=\"1024\" \/>\n\t<meta property=\"og:image:height\" content=\"680\" \/>\n\t<meta property=\"og:image:type\" content=\"image\/jpeg\" \/>\n<meta name=\"author\" content=\"Robert Burrowes\" \/>\n<meta name=\"twitter:card\" content=\"summary_large_image\" \/>\n<meta name=\"twitter:creator\" content=\"@PressenzaIPA\" \/>\n<meta name=\"twitter:site\" content=\"@PressenzaIPA\" \/>\n<meta name=\"twitter:label1\" content=\"Escrito por\" \/>\n\t<meta name=\"twitter:data1\" content=\"Robert Burrowes\" \/>\n\t<meta name=\"twitter:label2\" content=\"Tiempo de lectura\" \/>\n\t<meta name=\"twitter:data2\" content=\"19 minutos\" \/>\n<script type=\"application\/ld+json\" class=\"yoast-schema-graph\">{\"@context\":\"https:\/\/schema.org\",\"@graph\":[{\"@type\":\"Article\",\"@id\":\"https:\/\/www.pressenza.com\/es\/2019\/11\/nuestro-mundo-que-se-desvanece-insectos\/#article\",\"isPartOf\":{\"@id\":\"https:\/\/www.pressenza.com\/es\/2019\/11\/nuestro-mundo-que-se-desvanece-insectos\/\"},\"author\":{\"name\":\"Robert Burrowes\",\"@id\":\"https:\/\/www.pressenza.com\/es\/#\/schema\/person\/117b3f5fe7dadc820d75508b5201b758\"},\"headline\":\"Nuestro mundo que se desvanece: Insectos\",\"datePublished\":\"2019-11-14T15:38:15+00:00\",\"dateModified\":\"2019-11-17T22:49:49+00:00\",\"mainEntityOfPage\":{\"@id\":\"https:\/\/www.pressenza.com\/es\/2019\/11\/nuestro-mundo-que-se-desvanece-insectos\/\"},\"wordCount\":3820,\"publisher\":{\"@id\":\"https:\/\/www.pressenza.com\/es\/#organization\"},\"image\":{\"@id\":\"https:\/\/www.pressenza.com\/es\/2019\/11\/nuestro-mundo-que-se-desvanece-insectos\/#primaryimage\"},\"thumbnailUrl\":\"https:\/\/www.pressenza.com\/wp-content\/uploads\/2019\/11\/draagonfly.jpg\",\"keywords\":[\"cambio clim\u00e1tico\",\"Crisis de extinci\u00f3n\",\"Extinci\u00f3n funcional\",\"Extinci\u00f3n humana\",\"Extinction Rebellion\",\"La sexta extinci\u00f3n\",\"no violencia activa\",\"Noviolencia activa\"],\"articleSection\":[\"Contenido Original\",\"Ecolog\u00eda y Medio Ambiente\",\"Internacional\",\"Noviolencia\"],\"inLanguage\":\"es\"},{\"@type\":\"WebPage\",\"@id\":\"https:\/\/www.pressenza.com\/es\/2019\/11\/nuestro-mundo-que-se-desvanece-insectos\/\",\"url\":\"https:\/\/www.pressenza.com\/es\/2019\/11\/nuestro-mundo-que-se-desvanece-insectos\/\",\"name\":\"Nuestro mundo que se desvanece: Insectos\",\"isPartOf\":{\"@id\":\"https:\/\/www.pressenza.com\/es\/#website\"},\"primaryImageOfPage\":{\"@id\":\"https:\/\/www.pressenza.com\/es\/2019\/11\/nuestro-mundo-que-se-desvanece-insectos\/#primaryimage\"},\"image\":{\"@id\":\"https:\/\/www.pressenza.com\/es\/2019\/11\/nuestro-mundo-que-se-desvanece-insectos\/#primaryimage\"},\"thumbnailUrl\":\"https:\/\/www.pressenza.com\/wp-content\/uploads\/2019\/11\/draagonfly.jpg\",\"datePublished\":\"2019-11-14T15:38:15+00:00\",\"dateModified\":\"2019-11-17T22:49:49+00:00\",\"description\":\"Hace unos 12.000 a\u00f1os, los humanos de la edad de piedra precipitaron la revoluci\u00f3n neol\u00edtica (agr\u00edcola) que marc\u00f3 el comienzo de la constante ascensi\u00f3n a\",\"breadcrumb\":{\"@id\":\"https:\/\/www.pressenza.com\/es\/2019\/11\/nuestro-mundo-que-se-desvanece-insectos\/#breadcrumb\"},\"inLanguage\":\"es\",\"potentialAction\":[{\"@type\":\"ReadAction\",\"target\":[\"https:\/\/www.pressenza.com\/es\/2019\/11\/nuestro-mundo-que-se-desvanece-insectos\/\"]}]},{\"@type\":\"ImageObject\",\"inLanguage\":\"es\",\"@id\":\"https:\/\/www.pressenza.com\/es\/2019\/11\/nuestro-mundo-que-se-desvanece-insectos\/#primaryimage\",\"url\":\"https:\/\/www.pressenza.com\/wp-content\/uploads\/2019\/11\/draagonfly.jpg\",\"contentUrl\":\"https:\/\/www.pressenza.com\/wp-content\/uploads\/2019\/11\/draagonfly.jpg\",\"width\":1024,\"height\":680,\"caption\":\"A male adult \\\"American Rubyspot\\\" damselfly, Hetaerina americana.\"},{\"@type\":\"BreadcrumbList\",\"@id\":\"https:\/\/www.pressenza.com\/es\/2019\/11\/nuestro-mundo-que-se-desvanece-insectos\/#breadcrumb\",\"itemListElement\":[{\"@type\":\"ListItem\",\"position\":1,\"name\":\"Accueil\",\"item\":\"https:\/\/www.pressenza.com\/es\/\"},{\"@type\":\"ListItem\",\"position\":2,\"name\":\"Nuestro mundo que se desvanece: Insectos\"}]},{\"@type\":\"WebSite\",\"@id\":\"https:\/\/www.pressenza.com\/es\/#website\",\"url\":\"https:\/\/www.pressenza.com\/es\/\",\"name\":\"Pressenza\",\"description\":\"International Press Agency\",\"publisher\":{\"@id\":\"https:\/\/www.pressenza.com\/es\/#organization\"},\"potentialAction\":[{\"@type\":\"SearchAction\",\"target\":{\"@type\":\"EntryPoint\",\"urlTemplate\":\"https:\/\/www.pressenza.com\/es\/?s={search_term_string}\"},\"query-input\":{\"@type\":\"PropertyValueSpecification\",\"valueRequired\":true,\"valueName\":\"search_term_string\"}}],\"inLanguage\":\"es\"},{\"@type\":\"Organization\",\"@id\":\"https:\/\/www.pressenza.com\/es\/#organization\",\"name\":\"Pressenza\",\"url\":\"https:\/\/www.pressenza.com\/es\/\",\"logo\":{\"@type\":\"ImageObject\",\"inLanguage\":\"es\",\"@id\":\"https:\/\/www.pressenza.com\/es\/#\/schema\/logo\/image\/\",\"url\":\"https:\/\/www.pressenza.com\/wp-content\/uploads\/2022\/10\/pressenza_logo_200x200.jpg\",\"contentUrl\":\"https:\/\/www.pressenza.com\/wp-content\/uploads\/2022\/10\/pressenza_logo_200x200.jpg\",\"width\":200,\"height\":200,\"caption\":\"Pressenza\"},\"image\":{\"@id\":\"https:\/\/www.pressenza.com\/es\/#\/schema\/logo\/image\/\"},\"sameAs\":[\"https:\/\/www.facebook.com\/PressenzaItalia\",\"https:\/\/x.com\/PressenzaIPA\"]},{\"@type\":\"Person\",\"@id\":\"https:\/\/www.pressenza.com\/es\/#\/schema\/person\/117b3f5fe7dadc820d75508b5201b758\",\"name\":\"Robert Burrowes\",\"description\":\"Robert J. Burrowes has a lifetime commitment to understanding and ending human violence. He has done extensive research since 1966 in an effort to understand why human beings are violent and has been a nonviolent activist since 1981. He is the author of 'Why Violence?' His email address is flametree@riseup.net and his website is at http:\/\/robertjburrowes.wordpress.com\",\"url\":\"https:\/\/www.pressenza.com\/es\/author\/robert-burrowes\/\"}]}<\/script>\n<!-- \/ Yoast SEO plugin. -->","yoast_head_json":{"title":"Nuestro mundo que se desvanece: Insectos","description":"Hace unos 12.000 a\u00f1os, los humanos de la edad de piedra precipitaron la revoluci\u00f3n neol\u00edtica (agr\u00edcola) que marc\u00f3 el comienzo de la constante ascensi\u00f3n a","robots":{"index":"index","follow":"follow","max-snippet":"max-snippet:-1","max-image-preview":"max-image-preview:large","max-video-preview":"max-video-preview:-1"},"canonical":"https:\/\/www.pressenza.com\/es\/2019\/11\/nuestro-mundo-que-se-desvanece-insectos\/","og_locale":"es_ES","og_type":"article","og_title":"Nuestro mundo que se desvanece: Insectos","og_description":"Hace unos 12.000 a\u00f1os, los humanos de la edad de piedra precipitaron la revoluci\u00f3n neol\u00edtica (agr\u00edcola) que marc\u00f3 el comienzo de la constante ascensi\u00f3n a","og_url":"https:\/\/www.pressenza.com\/es\/2019\/11\/nuestro-mundo-que-se-desvanece-insectos\/","og_site_name":"Pressenza","article_publisher":"https:\/\/www.facebook.com\/PressenzaItalia","article_published_time":"2019-11-14T15:38:15+00:00","article_modified_time":"2019-11-17T22:49:49+00:00","og_image":[{"width":1024,"height":680,"url":"https:\/\/www.pressenza.com\/wp-content\/uploads\/2019\/11\/draagonfly.jpg","type":"image\/jpeg"}],"author":"Robert Burrowes","twitter_card":"summary_large_image","twitter_creator":"@PressenzaIPA","twitter_site":"@PressenzaIPA","twitter_misc":{"Escrito por":"Robert Burrowes","Tiempo de lectura":"19 minutos"},"schema":{"@context":"https:\/\/schema.org","@graph":[{"@type":"Article","@id":"https:\/\/www.pressenza.com\/es\/2019\/11\/nuestro-mundo-que-se-desvanece-insectos\/#article","isPartOf":{"@id":"https:\/\/www.pressenza.com\/es\/2019\/11\/nuestro-mundo-que-se-desvanece-insectos\/"},"author":{"name":"Robert Burrowes","@id":"https:\/\/www.pressenza.com\/es\/#\/schema\/person\/117b3f5fe7dadc820d75508b5201b758"},"headline":"Nuestro mundo que se desvanece: Insectos","datePublished":"2019-11-14T15:38:15+00:00","dateModified":"2019-11-17T22:49:49+00:00","mainEntityOfPage":{"@id":"https:\/\/www.pressenza.com\/es\/2019\/11\/nuestro-mundo-que-se-desvanece-insectos\/"},"wordCount":3820,"publisher":{"@id":"https:\/\/www.pressenza.com\/es\/#organization"},"image":{"@id":"https:\/\/www.pressenza.com\/es\/2019\/11\/nuestro-mundo-que-se-desvanece-insectos\/#primaryimage"},"thumbnailUrl":"https:\/\/www.pressenza.com\/wp-content\/uploads\/2019\/11\/draagonfly.jpg","keywords":["cambio clim\u00e1tico","Crisis de extinci\u00f3n","Extinci\u00f3n funcional","Extinci\u00f3n humana","Extinction Rebellion","La sexta extinci\u00f3n","no violencia activa","Noviolencia activa"],"articleSection":["Contenido Original","Ecolog\u00eda y Medio Ambiente","Internacional","Noviolencia"],"inLanguage":"es"},{"@type":"WebPage","@id":"https:\/\/www.pressenza.com\/es\/2019\/11\/nuestro-mundo-que-se-desvanece-insectos\/","url":"https:\/\/www.pressenza.com\/es\/2019\/11\/nuestro-mundo-que-se-desvanece-insectos\/","name":"Nuestro mundo que se desvanece: Insectos","isPartOf":{"@id":"https:\/\/www.pressenza.com\/es\/#website"},"primaryImageOfPage":{"@id":"https:\/\/www.pressenza.com\/es\/2019\/11\/nuestro-mundo-que-se-desvanece-insectos\/#primaryimage"},"image":{"@id":"https:\/\/www.pressenza.com\/es\/2019\/11\/nuestro-mundo-que-se-desvanece-insectos\/#primaryimage"},"thumbnailUrl":"https:\/\/www.pressenza.com\/wp-content\/uploads\/2019\/11\/draagonfly.jpg","datePublished":"2019-11-14T15:38:15+00:00","dateModified":"2019-11-17T22:49:49+00:00","description":"Hace unos 12.000 a\u00f1os, los humanos de la edad de piedra precipitaron la revoluci\u00f3n neol\u00edtica (agr\u00edcola) que marc\u00f3 el comienzo de la constante ascensi\u00f3n a","breadcrumb":{"@id":"https:\/\/www.pressenza.com\/es\/2019\/11\/nuestro-mundo-que-se-desvanece-insectos\/#breadcrumb"},"inLanguage":"es","potentialAction":[{"@type":"ReadAction","target":["https:\/\/www.pressenza.com\/es\/2019\/11\/nuestro-mundo-que-se-desvanece-insectos\/"]}]},{"@type":"ImageObject","inLanguage":"es","@id":"https:\/\/www.pressenza.com\/es\/2019\/11\/nuestro-mundo-que-se-desvanece-insectos\/#primaryimage","url":"https:\/\/www.pressenza.com\/wp-content\/uploads\/2019\/11\/draagonfly.jpg","contentUrl":"https:\/\/www.pressenza.com\/wp-content\/uploads\/2019\/11\/draagonfly.jpg","width":1024,"height":680,"caption":"A male adult \"American Rubyspot\" damselfly, Hetaerina americana."},{"@type":"BreadcrumbList","@id":"https:\/\/www.pressenza.com\/es\/2019\/11\/nuestro-mundo-que-se-desvanece-insectos\/#breadcrumb","itemListElement":[{"@type":"ListItem","position":1,"name":"Accueil","item":"https:\/\/www.pressenza.com\/es\/"},{"@type":"ListItem","position":2,"name":"Nuestro mundo que se desvanece: Insectos"}]},{"@type":"WebSite","@id":"https:\/\/www.pressenza.com\/es\/#website","url":"https:\/\/www.pressenza.com\/es\/","name":"Pressenza","description":"International Press Agency","publisher":{"@id":"https:\/\/www.pressenza.com\/es\/#organization"},"potentialAction":[{"@type":"SearchAction","target":{"@type":"EntryPoint","urlTemplate":"https:\/\/www.pressenza.com\/es\/?s={search_term_string}"},"query-input":{"@type":"PropertyValueSpecification","valueRequired":true,"valueName":"search_term_string"}}],"inLanguage":"es"},{"@type":"Organization","@id":"https:\/\/www.pressenza.com\/es\/#organization","name":"Pressenza","url":"https:\/\/www.pressenza.com\/es\/","logo":{"@type":"ImageObject","inLanguage":"es","@id":"https:\/\/www.pressenza.com\/es\/#\/schema\/logo\/image\/","url":"https:\/\/www.pressenza.com\/wp-content\/uploads\/2022\/10\/pressenza_logo_200x200.jpg","contentUrl":"https:\/\/www.pressenza.com\/wp-content\/uploads\/2022\/10\/pressenza_logo_200x200.jpg","width":200,"height":200,"caption":"Pressenza"},"image":{"@id":"https:\/\/www.pressenza.com\/es\/#\/schema\/logo\/image\/"},"sameAs":["https:\/\/www.facebook.com\/PressenzaItalia","https:\/\/x.com\/PressenzaIPA"]},{"@type":"Person","@id":"https:\/\/www.pressenza.com\/es\/#\/schema\/person\/117b3f5fe7dadc820d75508b5201b758","name":"Robert Burrowes","description":"Robert J. Burrowes has a lifetime commitment to understanding and ending human violence. He has done extensive research since 1966 in an effort to understand why human beings are violent and has been a nonviolent activist since 1981. He is the author of 'Why Violence?' His email address is flametree@riseup.net and his website is at http:\/\/robertjburrowes.wordpress.com","url":"https:\/\/www.pressenza.com\/es\/author\/robert-burrowes\/"}]}},"place":"","original_article_url":"","_links":{"self":[{"href":"https:\/\/www.pressenza.com\/es\/wp-json\/wp\/v2\/posts\/971342","targetHints":{"allow":["GET"]}}],"collection":[{"href":"https:\/\/www.pressenza.com\/es\/wp-json\/wp\/v2\/posts"}],"about":[{"href":"https:\/\/www.pressenza.com\/es\/wp-json\/wp\/v2\/types\/post"}],"author":[{"embeddable":true,"href":"https:\/\/www.pressenza.com\/es\/wp-json\/wp\/v2\/users\/1136"}],"replies":[{"embeddable":true,"href":"https:\/\/www.pressenza.com\/es\/wp-json\/wp\/v2\/comments?post=971342"}],"version-history":[{"count":0,"href":"https:\/\/www.pressenza.com\/es\/wp-json\/wp\/v2\/posts\/971342\/revisions"}],"wp:featuredmedia":[{"embeddable":true,"href":"https:\/\/www.pressenza.com\/es\/wp-json\/wp\/v2\/media\/962954"}],"wp:attachment":[{"href":"https:\/\/www.pressenza.com\/es\/wp-json\/wp\/v2\/media?parent=971342"}],"wp:term":[{"taxonomy":"category","embeddable":true,"href":"https:\/\/www.pressenza.com\/es\/wp-json\/wp\/v2\/categories?post=971342"},{"taxonomy":"post_tag","embeddable":true,"href":"https:\/\/www.pressenza.com\/es\/wp-json\/wp\/v2\/tags?post=971342"}],"curies":[{"name":"wp","href":"https:\/\/api.w.org\/{rel}","templated":true}]}}