{"id":970962,"date":"2019-11-13T22:36:40","date_gmt":"2019-11-13T22:36:40","guid":{"rendered":"https:\/\/www.pressenza.com\/?p=970962"},"modified":"2019-11-13T22:36:40","modified_gmt":"2019-11-13T22:36:40","slug":"evo-morales-aboga-por-el-dialogo-en-bolivia-vamos-a-volver-tarde-o-temprano","status":"publish","type":"post","link":"https:\/\/www.pressenza.com\/es\/2019\/11\/evo-morales-aboga-por-el-dialogo-en-bolivia-vamos-a-volver-tarde-o-temprano\/","title":{"rendered":"Evo Morales aboga por el di\u00e1logo en Bolivia: \u201cVamos a volver tarde o temprano\u201d"},"content":{"rendered":"<p><strong><em>En una rueda de prensa, el mandatario depuesto dijo que su \u00fanico \u201d gran delito\u201d es ser ind\u00edgena<\/em><\/strong><\/p>\n<p>El presidente depuesto de Bolivia,\u00a0Evo Morales, ofreci\u00f3 una conferencia desde M\u00e9xico, pa\u00eds al que lleg\u00f3 el martes como asilado pol\u00edtico, en la que acus\u00f3 a la Organizaci\u00f3n de Estados Americanos (OEA) de estar al\u00a0servicio de EE. UU.<\/p>\n<p>\u201cLa OEA no est\u00e1 al servicio de los pueblos latinoamericanos y menos de los movimientos sociales, est\u00e1 al servicio del imperio norteamericano\u201d, afirm\u00f3 durante la rueda de prensa, en la que sugiri\u00f3 que deber\u00eda llamarse \u201c\u2018Organizaci\u00f3n de Estados del Norte\u2019, y no de Am\u00e9rica\u201d.<\/p>\n<p>La OEA\u00a0concluy\u00f3\u00a0el 10 de noviembre que hubo \u201cirregularidades en el proceso electoral\u201d el 20 de octubre en Bolivia, e inst\u00f3 a repetir las elecciones.<\/p>\n<p>El pol\u00edtico, de 60 a\u00f1os, explic\u00f3 que la canciller\u00eda acord\u00f3 con la organizaci\u00f3n sacar un informe oficial el 13 de noviembre, pero que sorpresivamente el domingo, d\u00eda 10, se les anunci\u00f3 que \u201ciban a comunicar uno preliminar\u201d.<\/p>\n<p>En dicho informe, coment\u00f3, \u201cpredominaba la interpretaci\u00f3n\u201d, y \u201cdeber\u00edan haber dicho que hubiese segunda vuelta y no recomendar nuevas elecciones\u201d.<\/p>\n<div class=\"wp-block-image\">\n<figure class=\"aligncenter\"><img decoding=\"async\" class=\"wp-image-645870\" src=\"https:\/\/cdn.shortpixel.ai\/spai\/w_697+q_lossy+ret_img+to_webp\/https:\/\/www.elciudadano.com\/wp-content\/uploads\/2019\/11\/expresidente_boliviano_evo_morales_1.jpeg_1902800913-750x563.jpeg\" sizes=\"(max-width: 750px) 100vw, 750px\" srcset=\"https:\/\/cdn.shortpixel.ai\/spai\/w_697+q_lossy+ret_img+to_webp\/https:\/\/www.elciudadano.com\/wp-content\/uploads\/2019\/11\/expresidente_boliviano_evo_morales_1.jpeg_1902800913-750x563.jpeg 696w,https:\/\/cdn.shortpixel.ai\/spai\/q_lossy+ret_img+to_webp\/https:\/\/www.elciudadano.com\/wp-content\/uploads\/2019\/11\/expresidente_boliviano_evo_morales_1.jpeg_1902800913-750x563.jpeg 750w, https:\/\/cdn.shortpixel.ai\/spai\/q_lossy+ret_img+to_webp\/https:\/\/www.elciudadano.com\/wp-content\/uploads\/2019\/11\/expresidente_boliviano_evo_morales_1.jpeg_1902800913-389x292.jpeg 389w, https:\/\/cdn.shortpixel.ai\/spai\/q_lossy+ret_img+to_webp\/https:\/\/www.elciudadano.com\/wp-content\/uploads\/2019\/11\/expresidente_boliviano_evo_morales_1.jpeg_1902800913-80x60.jpeg 80w, https:\/\/cdn.shortpixel.ai\/spai\/q_lossy+ret_img+to_webp\/https:\/\/www.elciudadano.com\/wp-content\/uploads\/2019\/11\/expresidente_boliviano_evo_morales_1.jpeg_1902800913-265x198.jpeg 265w, https:\/\/cdn.shortpixel.ai\/spai\/q_lossy+ret_img+to_webp\/https:\/\/www.elciudadano.com\/wp-content\/uploads\/2019\/11\/expresidente_boliviano_evo_morales_1.jpeg_1902800913-696x522.jpeg 696w, https:\/\/cdn.shortpixel.ai\/spai\/q_lossy+ret_img+to_webp\/https:\/\/www.elciudadano.com\/wp-content\/uploads\/2019\/11\/expresidente_boliviano_evo_morales_1.jpeg_1902800913-1068x801.jpeg 1068w, https:\/\/cdn.shortpixel.ai\/spai\/q_lossy+ret_img+to_webp\/https:\/\/www.elciudadano.com\/wp-content\/uploads\/2019\/11\/expresidente_boliviano_evo_morales_1.jpeg_1902800913-560x420.jpeg 560w, https:\/\/cdn.shortpixel.ai\/spai\/q_lossy+ret_img+to_webp\/https:\/\/www.elciudadano.com\/wp-content\/uploads\/2019\/11\/expresidente_boliviano_evo_morales_1.jpeg_1902800913.jpeg 1200w\" alt=\"\" data-spai=\"1\" data-spai-upd=\"696\" \/><figcaption>Foto: Eleconomista.net<\/figcaption><\/figure>\n<\/div>\n<p>\u201cLa OEA decidi\u00f3 una posici\u00f3n pol\u00edtica y no t\u00e9cnica, ni jur\u00eddica\u201d, sentenci\u00f3 Morales, quien, seg\u00fan dijo, quiso advertir al secretario general de la organizaci\u00f3n, Luis Almagro, que iban a provocar \u201cuna matanza en Bolivia\u201d.<\/p>\n<p>El mismo d\u00eda en el que la OEA public\u00f3 el informe, Morales\u00a0anunci\u00f3\u00a0la convocatoria de nuevas elecciones. No obstante, el jefe de las Fuerzas Armadas y el comandante general de la Polic\u00eda de Bolivia le\u00a0pidieron\u00a0que dimitiera, bajo el supuesto argumento de buscar la\u00a0estabilizaci\u00f3n de la naci\u00f3n.\u00a0Morales\u00a0present\u00f3 su\u00a0renuncia\u00a0forzada el domingo\u00a0para evitar una escalada de violencia.<\/p>\n<p>https:\/\/www.youtube.com\/watch?v=M-m7ym4BhtM&#038;feature=emb_logo<\/p>\n<h4><strong>\u201cSe confirma el golpe de Estado\u201d<\/strong><\/h4>\n<p>Respecto a la\u00a0autoproclamaci\u00f3n\u00a0de la legisladora opositora, Jeanine \u00c1\u00f1ez, como mandataria interina del pa\u00eds andino,\u00a0Morales sostuvo que con ello\u00a0se confirma el golpe de Estado\u00a0y\u00a0pidi\u00f3\u00a0al Tribunal Constitucional\u00a0Plurinacional (TCP) de Bolivia que\u00a0cumpla con la legalidad.<\/p>\n<p>\u00c1\u00f1ez\u00a0se\u00a0autoproclam\u00f3\u00a0presidenta provisional en una sesi\u00f3n legislativa sin qu\u00f3rum el martes en el Senado.\u00a0El TCP, as\u00ed como las\u00a0Fuerzas Armadas, lideradas por William Kalim\u00e1n, el militar que inst\u00f3 a Morales a renunciar, la reconocieron. De hecho, fue el propio\u00a0Kalim\u00e1n quien le\u00a0impuso\u00a0la banda presidencial y le entreg\u00f3 el bast\u00f3n de mando.<\/p>\n<p>La Coordinadora de las Seis Federaciones del Tr\u00f3pico de Cochabamba,\u00a0basti\u00f3n de Morales, no reconoci\u00f3 la\u00a0autoproclamaci\u00f3n\u00a0de \u00c1\u00f1ez. \u201cNos declaramos en movilizaci\u00f3n nacional\u00a0en contra del golpe de Estado\u00a0que se ha perpetrado en nuestro pa\u00eds\u201d, anunci\u00f3.<\/p>\n<div class=\"wp-block-image\"><\/div>\n<h4><strong>\u201cEstamos dispuestos a volver\u201d<\/strong><\/h4>\n<p>\u201cSi mi pueblo pide, estamos dispuestos a volver para apaciguar\u201d, dijo Morales, para quien \u201cla \u00fanica forma de parar esta situaci\u00f3n es con un di\u00e1logo nacional\u201d.\u00a0Y a\u00f1adi\u00f3: \u201cvamos a volver tarde o temprano.\u00a0Mejor lo antes posible para pacificar Bolivia\u201d.<\/p>\n<p>\u201cA los comandantes: no se manchen con la sangre del pueblo\u201d, advirti\u00f3.<\/p>\n<p>Seg\u00fan la Fiscal\u00eda General de Bolivia,\u00a0siete personas\u00a0han\u00a0muerto\u00a0en estos d\u00edas\u00a0de conflicto social que atraviesa el pa\u00eds. La mayor\u00eda de las\u00a0v\u00edctimas fallecieron por\u00a0proyectil de arma de fuego.<\/p>\n<p>El\u00a0mandatario depuesto, que enfatiz\u00f3 en su\u00a0alocuci\u00f3n que\u00a0nunca en su vida pidi\u00f3 a instituciones y autoridades que hiciesen algo ilegal,\u00a0volvi\u00f3 a destacar que su gran delito es ser ind\u00edgena.<\/p>\n<p>\u201cNo pod\u00eda entender c\u00f3mo mis comandantes pudieron tener esa deslealtad. Eso confirma que mi gran delito es ser ind\u00edgena\u201d, subray\u00f3.<\/p>\n","protected":false},"excerpt":{"rendered":"<p>En una rueda de prensa, el mandatario depuesto dijo que su \u00fanico \u201d gran delito\u201d es ser ind\u00edgena El presidente depuesto de Bolivia,\u00a0Evo Morales, ofreci\u00f3 una conferencia desde M\u00e9xico, pa\u00eds al que lleg\u00f3 el martes como asilado pol\u00edtico, en la&hellip;<\/p>\n","protected":false},"author":1181,"featured_media":970965,"comment_status":"closed","ping_status":"closed","sticky":false,"template":"","format":"standard","meta":{"footnotes":""},"categories":[155,74,67],"tags":[1646,1059,1557],"class_list":["post-970962","post","type-post","status-publish","format-standard","has-post-thumbnail","hentry","category-entrevistas","category-politica-es","category-sudamerica","tag-bolivia","tag-evo-morales","tag-golpe-de-estado-es"],"yoast_head":"<!-- This site is optimized with the Yoast SEO plugin v27.1.1 - https:\/\/yoast.com\/product\/yoast-seo-wordpress\/ -->\n<title>Evo Morales aboga por el di\u00e1logo en Bolivia: \u201cVamos a volver tarde o temprano\u201d<\/title>\n<meta name=\"description\" content=\"En una rueda de prensa, el mandatario depuesto dijo que su \u00fanico \u201d gran delito\u201d es ser ind\u00edgena El presidente depuesto de Bolivia,\u00a0Evo Morales, ofreci\u00f3\" \/>\n<meta name=\"robots\" content=\"index, follow, max-snippet:-1, max-image-preview:large, max-video-preview:-1\" \/>\n<link rel=\"canonical\" href=\"https:\/\/www.pressenza.com\/es\/2019\/11\/evo-morales-aboga-por-el-dialogo-en-bolivia-vamos-a-volver-tarde-o-temprano\/\" \/>\n<meta property=\"og:locale\" content=\"es_ES\" \/>\n<meta property=\"og:type\" content=\"article\" \/>\n<meta property=\"og:title\" content=\"Evo Morales aboga por el di\u00e1logo en Bolivia: \u201cVamos a volver tarde o temprano\u201d\" \/>\n<meta property=\"og:description\" content=\"En una rueda de prensa, el mandatario depuesto dijo que su \u00fanico \u201d gran delito\u201d es ser ind\u00edgena El presidente depuesto de Bolivia,\u00a0Evo Morales, ofreci\u00f3\" \/>\n<meta property=\"og:url\" content=\"https:\/\/www.pressenza.com\/es\/2019\/11\/evo-morales-aboga-por-el-dialogo-en-bolivia-vamos-a-volver-tarde-o-temprano\/\" \/>\n<meta property=\"og:site_name\" content=\"Pressenza\" \/>\n<meta property=\"article:publisher\" content=\"https:\/\/www.facebook.com\/PressenzaItalia\" \/>\n<meta property=\"article:author\" content=\"https:\/\/www.facebook.com\/RTnews\" \/>\n<meta property=\"article:published_time\" content=\"2019-11-13T22:36:40+00:00\" \/>\n<meta property=\"og:image\" content=\"https:\/\/www.pressenza.com\/wp-content\/uploads\/2019\/11\/evomorales1200-696x392.jpg\" \/>\n\t<meta property=\"og:image:width\" content=\"696\" \/>\n\t<meta property=\"og:image:height\" content=\"392\" \/>\n\t<meta property=\"og:image:type\" content=\"image\/jpeg\" \/>\n<meta name=\"author\" content=\"RT\" \/>\n<meta name=\"twitter:card\" content=\"summary_large_image\" \/>\n<meta name=\"twitter:creator\" content=\"@RT_com\" \/>\n<meta name=\"twitter:site\" content=\"@PressenzaIPA\" \/>\n<meta name=\"twitter:label1\" content=\"Escrito por\" \/>\n\t<meta name=\"twitter:data1\" content=\"RT\" \/>\n\t<meta name=\"twitter:label2\" content=\"Tiempo de lectura\" \/>\n\t<meta name=\"twitter:data2\" content=\"3 minutos\" \/>\n<script type=\"application\/ld+json\" class=\"yoast-schema-graph\">{\"@context\":\"https:\/\/schema.org\",\"@graph\":[{\"@type\":\"Article\",\"@id\":\"https:\/\/www.pressenza.com\/es\/2019\/11\/evo-morales-aboga-por-el-dialogo-en-bolivia-vamos-a-volver-tarde-o-temprano\/#article\",\"isPartOf\":{\"@id\":\"https:\/\/www.pressenza.com\/es\/2019\/11\/evo-morales-aboga-por-el-dialogo-en-bolivia-vamos-a-volver-tarde-o-temprano\/\"},\"author\":{\"name\":\"RT\",\"@id\":\"https:\/\/www.pressenza.com\/es\/#\/schema\/person\/a9bc3bac2cc72cc81fc57959c714a38e\"},\"headline\":\"Evo Morales aboga por el di\u00e1logo en Bolivia: \u201cVamos a volver tarde o temprano\u201d\",\"datePublished\":\"2019-11-13T22:36:40+00:00\",\"mainEntityOfPage\":{\"@id\":\"https:\/\/www.pressenza.com\/es\/2019\/11\/evo-morales-aboga-por-el-dialogo-en-bolivia-vamos-a-volver-tarde-o-temprano\/\"},\"wordCount\":639,\"publisher\":{\"@id\":\"https:\/\/www.pressenza.com\/es\/#organization\"},\"image\":{\"@id\":\"https:\/\/www.pressenza.com\/es\/2019\/11\/evo-morales-aboga-por-el-dialogo-en-bolivia-vamos-a-volver-tarde-o-temprano\/#primaryimage\"},\"thumbnailUrl\":\"https:\/\/www.pressenza.com\/wp-content\/uploads\/2019\/11\/evomorales1200-696x392.jpg\",\"keywords\":[\"Bolivia\",\"Evo Morales\",\"golpe de estado\"],\"articleSection\":[\"Entrevistas\",\"Pol\u00edtica\",\"Sudam\u00e9rica\"],\"inLanguage\":\"es\"},{\"@type\":\"WebPage\",\"@id\":\"https:\/\/www.pressenza.com\/es\/2019\/11\/evo-morales-aboga-por-el-dialogo-en-bolivia-vamos-a-volver-tarde-o-temprano\/\",\"url\":\"https:\/\/www.pressenza.com\/es\/2019\/11\/evo-morales-aboga-por-el-dialogo-en-bolivia-vamos-a-volver-tarde-o-temprano\/\",\"name\":\"Evo Morales aboga por el di\u00e1logo en Bolivia: \u201cVamos a volver tarde o temprano\u201d\",\"isPartOf\":{\"@id\":\"https:\/\/www.pressenza.com\/es\/#website\"},\"primaryImageOfPage\":{\"@id\":\"https:\/\/www.pressenza.com\/es\/2019\/11\/evo-morales-aboga-por-el-dialogo-en-bolivia-vamos-a-volver-tarde-o-temprano\/#primaryimage\"},\"image\":{\"@id\":\"https:\/\/www.pressenza.com\/es\/2019\/11\/evo-morales-aboga-por-el-dialogo-en-bolivia-vamos-a-volver-tarde-o-temprano\/#primaryimage\"},\"thumbnailUrl\":\"https:\/\/www.pressenza.com\/wp-content\/uploads\/2019\/11\/evomorales1200-696x392.jpg\",\"datePublished\":\"2019-11-13T22:36:40+00:00\",\"description\":\"En una rueda de prensa, el mandatario depuesto dijo que su \u00fanico \u201d gran delito\u201d es ser ind\u00edgena El presidente depuesto de Bolivia,\u00a0Evo Morales, ofreci\u00f3\",\"breadcrumb\":{\"@id\":\"https:\/\/www.pressenza.com\/es\/2019\/11\/evo-morales-aboga-por-el-dialogo-en-bolivia-vamos-a-volver-tarde-o-temprano\/#breadcrumb\"},\"inLanguage\":\"es\",\"potentialAction\":[{\"@type\":\"ReadAction\",\"target\":[\"https:\/\/www.pressenza.com\/es\/2019\/11\/evo-morales-aboga-por-el-dialogo-en-bolivia-vamos-a-volver-tarde-o-temprano\/\"]}]},{\"@type\":\"ImageObject\",\"inLanguage\":\"es\",\"@id\":\"https:\/\/www.pressenza.com\/es\/2019\/11\/evo-morales-aboga-por-el-dialogo-en-bolivia-vamos-a-volver-tarde-o-temprano\/#primaryimage\",\"url\":\"https:\/\/www.pressenza.com\/wp-content\/uploads\/2019\/11\/evomorales1200-696x392.jpg\",\"contentUrl\":\"https:\/\/www.pressenza.com\/wp-content\/uploads\/2019\/11\/evomorales1200-696x392.jpg\",\"width\":696,\"height\":392},{\"@type\":\"BreadcrumbList\",\"@id\":\"https:\/\/www.pressenza.com\/es\/2019\/11\/evo-morales-aboga-por-el-dialogo-en-bolivia-vamos-a-volver-tarde-o-temprano\/#breadcrumb\",\"itemListElement\":[{\"@type\":\"ListItem\",\"position\":1,\"name\":\"Accueil\",\"item\":\"https:\/\/www.pressenza.com\/es\/\"},{\"@type\":\"ListItem\",\"position\":2,\"name\":\"Evo Morales aboga por el di\u00e1logo en Bolivia: \u201cVamos a volver tarde o temprano\u201d\"}]},{\"@type\":\"WebSite\",\"@id\":\"https:\/\/www.pressenza.com\/es\/#website\",\"url\":\"https:\/\/www.pressenza.com\/es\/\",\"name\":\"Pressenza\",\"description\":\"International Press Agency\",\"publisher\":{\"@id\":\"https:\/\/www.pressenza.com\/es\/#organization\"},\"potentialAction\":[{\"@type\":\"SearchAction\",\"target\":{\"@type\":\"EntryPoint\",\"urlTemplate\":\"https:\/\/www.pressenza.com\/es\/?s={search_term_string}\"},\"query-input\":{\"@type\":\"PropertyValueSpecification\",\"valueRequired\":true,\"valueName\":\"search_term_string\"}}],\"inLanguage\":\"es\"},{\"@type\":\"Organization\",\"@id\":\"https:\/\/www.pressenza.com\/es\/#organization\",\"name\":\"Pressenza\",\"url\":\"https:\/\/www.pressenza.com\/es\/\",\"logo\":{\"@type\":\"ImageObject\",\"inLanguage\":\"es\",\"@id\":\"https:\/\/www.pressenza.com\/es\/#\/schema\/logo\/image\/\",\"url\":\"https:\/\/www.pressenza.com\/wp-content\/uploads\/2022\/10\/pressenza_logo_200x200.jpg\",\"contentUrl\":\"https:\/\/www.pressenza.com\/wp-content\/uploads\/2022\/10\/pressenza_logo_200x200.jpg\",\"width\":200,\"height\":200,\"caption\":\"Pressenza\"},\"image\":{\"@id\":\"https:\/\/www.pressenza.com\/es\/#\/schema\/logo\/image\/\"},\"sameAs\":[\"https:\/\/www.facebook.com\/PressenzaItalia\",\"https:\/\/x.com\/PressenzaIPA\"]},{\"@type\":\"Person\",\"@id\":\"https:\/\/www.pressenza.com\/es\/#\/schema\/person\/a9bc3bac2cc72cc81fc57959c714a38e\",\"name\":\"RT\",\"description\":\"With its first channel launched in December 2005, the RT network now consists of three global news channels broadcasting in English, Spanish and Arabic, RT America broadcasting from a Washington, DC studio, RT UK airing from London, and a documentary channel RTDoc \u2013 in English and Russian. Today RT has a global reach of over 700 million people in 100+ countries. Articles and photographs by RT on Pressenza do not fall under the Creative Commons license are are not reproducible in any way. RT news covers the major issues of our time for viewers wishing to question more and delivers stories often missed by the mainstream media to create news with an edge. RT provides an alternative perspective on major global events, and acquaints an international audience with the Russian viewpoint. rt.com\",\"sameAs\":[\"http:\/\/www.rt.com\",\"https:\/\/www.facebook.com\/RTnews\",\"https:\/\/x.com\/RT_com\"],\"url\":\"https:\/\/www.pressenza.com\/es\/author\/russia-today\/\"}]}<\/script>\n<!-- \/ Yoast SEO plugin. -->","yoast_head_json":{"title":"Evo Morales aboga por el di\u00e1logo en Bolivia: \u201cVamos a volver tarde o temprano\u201d","description":"En una rueda de prensa, el mandatario depuesto dijo que su \u00fanico \u201d gran delito\u201d es ser ind\u00edgena El presidente depuesto de Bolivia,\u00a0Evo Morales, ofreci\u00f3","robots":{"index":"index","follow":"follow","max-snippet":"max-snippet:-1","max-image-preview":"max-image-preview:large","max-video-preview":"max-video-preview:-1"},"canonical":"https:\/\/www.pressenza.com\/es\/2019\/11\/evo-morales-aboga-por-el-dialogo-en-bolivia-vamos-a-volver-tarde-o-temprano\/","og_locale":"es_ES","og_type":"article","og_title":"Evo Morales aboga por el di\u00e1logo en Bolivia: \u201cVamos a volver tarde o temprano\u201d","og_description":"En una rueda de prensa, el mandatario depuesto dijo que su \u00fanico \u201d gran delito\u201d es ser ind\u00edgena El presidente depuesto de Bolivia,\u00a0Evo Morales, ofreci\u00f3","og_url":"https:\/\/www.pressenza.com\/es\/2019\/11\/evo-morales-aboga-por-el-dialogo-en-bolivia-vamos-a-volver-tarde-o-temprano\/","og_site_name":"Pressenza","article_publisher":"https:\/\/www.facebook.com\/PressenzaItalia","article_author":"https:\/\/www.facebook.com\/RTnews","article_published_time":"2019-11-13T22:36:40+00:00","og_image":[{"width":696,"height":392,"url":"https:\/\/www.pressenza.com\/wp-content\/uploads\/2019\/11\/evomorales1200-696x392.jpg","type":"image\/jpeg"}],"author":"RT","twitter_card":"summary_large_image","twitter_creator":"@RT_com","twitter_site":"@PressenzaIPA","twitter_misc":{"Escrito por":"RT","Tiempo de lectura":"3 minutos"},"schema":{"@context":"https:\/\/schema.org","@graph":[{"@type":"Article","@id":"https:\/\/www.pressenza.com\/es\/2019\/11\/evo-morales-aboga-por-el-dialogo-en-bolivia-vamos-a-volver-tarde-o-temprano\/#article","isPartOf":{"@id":"https:\/\/www.pressenza.com\/es\/2019\/11\/evo-morales-aboga-por-el-dialogo-en-bolivia-vamos-a-volver-tarde-o-temprano\/"},"author":{"name":"RT","@id":"https:\/\/www.pressenza.com\/es\/#\/schema\/person\/a9bc3bac2cc72cc81fc57959c714a38e"},"headline":"Evo Morales aboga por el di\u00e1logo en Bolivia: \u201cVamos a volver tarde o temprano\u201d","datePublished":"2019-11-13T22:36:40+00:00","mainEntityOfPage":{"@id":"https:\/\/www.pressenza.com\/es\/2019\/11\/evo-morales-aboga-por-el-dialogo-en-bolivia-vamos-a-volver-tarde-o-temprano\/"},"wordCount":639,"publisher":{"@id":"https:\/\/www.pressenza.com\/es\/#organization"},"image":{"@id":"https:\/\/www.pressenza.com\/es\/2019\/11\/evo-morales-aboga-por-el-dialogo-en-bolivia-vamos-a-volver-tarde-o-temprano\/#primaryimage"},"thumbnailUrl":"https:\/\/www.pressenza.com\/wp-content\/uploads\/2019\/11\/evomorales1200-696x392.jpg","keywords":["Bolivia","Evo Morales","golpe de estado"],"articleSection":["Entrevistas","Pol\u00edtica","Sudam\u00e9rica"],"inLanguage":"es"},{"@type":"WebPage","@id":"https:\/\/www.pressenza.com\/es\/2019\/11\/evo-morales-aboga-por-el-dialogo-en-bolivia-vamos-a-volver-tarde-o-temprano\/","url":"https:\/\/www.pressenza.com\/es\/2019\/11\/evo-morales-aboga-por-el-dialogo-en-bolivia-vamos-a-volver-tarde-o-temprano\/","name":"Evo Morales aboga por el di\u00e1logo en Bolivia: \u201cVamos a volver tarde o temprano\u201d","isPartOf":{"@id":"https:\/\/www.pressenza.com\/es\/#website"},"primaryImageOfPage":{"@id":"https:\/\/www.pressenza.com\/es\/2019\/11\/evo-morales-aboga-por-el-dialogo-en-bolivia-vamos-a-volver-tarde-o-temprano\/#primaryimage"},"image":{"@id":"https:\/\/www.pressenza.com\/es\/2019\/11\/evo-morales-aboga-por-el-dialogo-en-bolivia-vamos-a-volver-tarde-o-temprano\/#primaryimage"},"thumbnailUrl":"https:\/\/www.pressenza.com\/wp-content\/uploads\/2019\/11\/evomorales1200-696x392.jpg","datePublished":"2019-11-13T22:36:40+00:00","description":"En una rueda de prensa, el mandatario depuesto dijo que su \u00fanico \u201d gran delito\u201d es ser ind\u00edgena El presidente depuesto de Bolivia,\u00a0Evo Morales, ofreci\u00f3","breadcrumb":{"@id":"https:\/\/www.pressenza.com\/es\/2019\/11\/evo-morales-aboga-por-el-dialogo-en-bolivia-vamos-a-volver-tarde-o-temprano\/#breadcrumb"},"inLanguage":"es","potentialAction":[{"@type":"ReadAction","target":["https:\/\/www.pressenza.com\/es\/2019\/11\/evo-morales-aboga-por-el-dialogo-en-bolivia-vamos-a-volver-tarde-o-temprano\/"]}]},{"@type":"ImageObject","inLanguage":"es","@id":"https:\/\/www.pressenza.com\/es\/2019\/11\/evo-morales-aboga-por-el-dialogo-en-bolivia-vamos-a-volver-tarde-o-temprano\/#primaryimage","url":"https:\/\/www.pressenza.com\/wp-content\/uploads\/2019\/11\/evomorales1200-696x392.jpg","contentUrl":"https:\/\/www.pressenza.com\/wp-content\/uploads\/2019\/11\/evomorales1200-696x392.jpg","width":696,"height":392},{"@type":"BreadcrumbList","@id":"https:\/\/www.pressenza.com\/es\/2019\/11\/evo-morales-aboga-por-el-dialogo-en-bolivia-vamos-a-volver-tarde-o-temprano\/#breadcrumb","itemListElement":[{"@type":"ListItem","position":1,"name":"Accueil","item":"https:\/\/www.pressenza.com\/es\/"},{"@type":"ListItem","position":2,"name":"Evo Morales aboga por el di\u00e1logo en Bolivia: \u201cVamos a volver tarde o temprano\u201d"}]},{"@type":"WebSite","@id":"https:\/\/www.pressenza.com\/es\/#website","url":"https:\/\/www.pressenza.com\/es\/","name":"Pressenza","description":"International Press Agency","publisher":{"@id":"https:\/\/www.pressenza.com\/es\/#organization"},"potentialAction":[{"@type":"SearchAction","target":{"@type":"EntryPoint","urlTemplate":"https:\/\/www.pressenza.com\/es\/?s={search_term_string}"},"query-input":{"@type":"PropertyValueSpecification","valueRequired":true,"valueName":"search_term_string"}}],"inLanguage":"es"},{"@type":"Organization","@id":"https:\/\/www.pressenza.com\/es\/#organization","name":"Pressenza","url":"https:\/\/www.pressenza.com\/es\/","logo":{"@type":"ImageObject","inLanguage":"es","@id":"https:\/\/www.pressenza.com\/es\/#\/schema\/logo\/image\/","url":"https:\/\/www.pressenza.com\/wp-content\/uploads\/2022\/10\/pressenza_logo_200x200.jpg","contentUrl":"https:\/\/www.pressenza.com\/wp-content\/uploads\/2022\/10\/pressenza_logo_200x200.jpg","width":200,"height":200,"caption":"Pressenza"},"image":{"@id":"https:\/\/www.pressenza.com\/es\/#\/schema\/logo\/image\/"},"sameAs":["https:\/\/www.facebook.com\/PressenzaItalia","https:\/\/x.com\/PressenzaIPA"]},{"@type":"Person","@id":"https:\/\/www.pressenza.com\/es\/#\/schema\/person\/a9bc3bac2cc72cc81fc57959c714a38e","name":"RT","description":"With its first channel launched in December 2005, the RT network now consists of three global news channels broadcasting in English, Spanish and Arabic, RT America broadcasting from a Washington, DC studio, RT UK airing from London, and a documentary channel RTDoc \u2013 in English and Russian. Today RT has a global reach of over 700 million people in 100+ countries. Articles and photographs by RT on Pressenza do not fall under the Creative Commons license are are not reproducible in any way. RT news covers the major issues of our time for viewers wishing to question more and delivers stories often missed by the mainstream media to create news with an edge. RT provides an alternative perspective on major global events, and acquaints an international audience with the Russian viewpoint. rt.com","sameAs":["http:\/\/www.rt.com","https:\/\/www.facebook.com\/RTnews","https:\/\/x.com\/RT_com"],"url":"https:\/\/www.pressenza.com\/es\/author\/russia-today\/"}]}},"place":"M\u00e9xico D.F., M\u00e9xico","original_article_url":"","_links":{"self":[{"href":"https:\/\/www.pressenza.com\/es\/wp-json\/wp\/v2\/posts\/970962","targetHints":{"allow":["GET"]}}],"collection":[{"href":"https:\/\/www.pressenza.com\/es\/wp-json\/wp\/v2\/posts"}],"about":[{"href":"https:\/\/www.pressenza.com\/es\/wp-json\/wp\/v2\/types\/post"}],"author":[{"embeddable":true,"href":"https:\/\/www.pressenza.com\/es\/wp-json\/wp\/v2\/users\/1181"}],"replies":[{"embeddable":true,"href":"https:\/\/www.pressenza.com\/es\/wp-json\/wp\/v2\/comments?post=970962"}],"version-history":[{"count":0,"href":"https:\/\/www.pressenza.com\/es\/wp-json\/wp\/v2\/posts\/970962\/revisions"}],"wp:featuredmedia":[{"embeddable":true,"href":"https:\/\/www.pressenza.com\/es\/wp-json\/wp\/v2\/media\/970965"}],"wp:attachment":[{"href":"https:\/\/www.pressenza.com\/es\/wp-json\/wp\/v2\/media?parent=970962"}],"wp:term":[{"taxonomy":"category","embeddable":true,"href":"https:\/\/www.pressenza.com\/es\/wp-json\/wp\/v2\/categories?post=970962"},{"taxonomy":"post_tag","embeddable":true,"href":"https:\/\/www.pressenza.com\/es\/wp-json\/wp\/v2\/tags?post=970962"}],"curies":[{"name":"wp","href":"https:\/\/api.w.org\/{rel}","templated":true}]}}