{"id":969768,"date":"2019-11-12T07:40:35","date_gmt":"2019-11-12T07:40:35","guid":{"rendered":"https:\/\/www.pressenza.com\/?p=969768"},"modified":"2019-11-12T07:40:35","modified_gmt":"2019-11-12T07:40:35","slug":"espana-greenpeace-demanda-responsabilidad-para-formar-un-gobierno-que-haga-frente-a-la-crisis-climatica","status":"publish","type":"post","link":"https:\/\/www.pressenza.com\/es\/2019\/11\/espana-greenpeace-demanda-responsabilidad-para-formar-un-gobierno-que-haga-frente-a-la-crisis-climatica\/","title":{"rendered":"Espa\u00f1a, Greenpeace demanda responsabilidad para formar un gobierno que haga frente a la crisis clim\u00e1tica"},"content":{"rendered":"<blockquote><p>Greenpeace cree necesario que se haya formado un gobierno antes del comienzo de la Cumbre del Clima de Madrid<\/p>\n<p>La organizaci\u00f3n ecologista recuerda que asumir los retos medioambientales tambi\u00e9n suponen una oportunidad econ\u00f3mica<\/p><\/blockquote>\n<p>Tras el resultado electoral que dificulta la formaci\u00f3n de mayor\u00edas, Greenpeace recuerda que la crisis clim\u00e1tica necesita medidas urgentes y demanda responsabilidad pol\u00edtica para evitar los bloqueos <strong>formar un gobierno valiente que haga <\/strong><strong>frente al grave reto clim\u00e1tico y medioambiental<\/strong> al que se enfrenta el pa\u00eds.<\/p>\n<p><em>\u201cLa emergencia clim\u00e1tica, la crisis ecol\u00f3gica y social que vive el pa\u00eds necesita m\u00e1s medidas valientes y concretas y menos tecnicismos pol\u00edticos<\/em>, por eso pedimos <em>que la primera ley que se apruebe en la nueva legislatura sea la de Cambio clim\u00e1tico porque la anterior acab\u00f3 con la declaraci\u00f3n de emergencia clim\u00e1tica y tienen que ser consecuentes con ello<\/em>\u201d, ha declarado <strong>Mario Rodr\u00edguez, director de Greenpeace<\/strong>.<\/p>\n<p>Greenpeace destaca el momento excepcional en el que vivimos, con una <strong>crisis<\/strong> <strong>ambiental<\/strong> cuyas causas y consecuencias se entremezclan y retroalimentan. Por esta raz\u00f3n, reclama que <strong>el reto se convierta en oportunidad para poner en marcha pol\u00edticas decididas que den un giro profundo<\/strong> a todos los sectores: sistema energ\u00e9tico, transporte, agricultura, ganader\u00eda o industria y se frene la p\u00e9rdida de biodiversidad y los impactos m\u00e1s graves del cambio clim\u00e1tico en el territorio. Esta transici\u00f3n ecol\u00f3gica tiene que ser justa y no dejar a nadie atr\u00e1s.<\/p>\n<p>Por otra parte, <strong>la organizaci\u00f3n ecologista y pacifista ve con preocupaci\u00f3n el avance de la ultraderecha<\/strong> en el Parlamento y su posible influencia en la conformaci\u00f3n de pol\u00edticas de corte autoritario que supongan un retroceso hist\u00f3rico en derechos y libertades democr\u00e1ticas.<\/p>\n<p>\u201c<em>Es necesario formar un Gobierno <\/em><em>que garantice los derechos de las personas y avance <\/em><em>hacia una sociedad m\u00e1s justa y equitativa que haga frente a la emergencia clim\u00e1tica, <strong>ser\u00eda una irresponsabilidad sin precedentes que no hubiera gobierno antes de que acabe el a\u00f1o, preferiblemente para la Cumbre del Clima de Madrid y que asuma el liderazogo clim\u00e1tico que se espera del pa\u00eds<\/strong>\u201d,<\/em> ha concluido Rodr\u00edguez.<\/p>\n","protected":false},"excerpt":{"rendered":"<p>Greenpeace cree necesario que se haya formado un gobierno antes del comienzo de la Cumbre del Clima de Madrid La organizaci\u00f3n ecologista recuerda que asumir los retos medioambientales tambi\u00e9n suponen una oportunidad econ\u00f3mica Tras el resultado electoral que dificulta la&hellip;<\/p>\n","protected":false},"author":1681,"featured_media":969769,"comment_status":"closed","ping_status":"closed","sticky":false,"template":"","format":"standard","meta":{"footnotes":""},"categories":[149,78,66,63],"tags":[66823,1265,52582,1065],"class_list":["post-969768","post","type-post","status-publish","format-standard","has-post-thumbnail","hentry","category-comunicados-de-prensa","category-medio-ambiente-ecologia","category-europa-es","category-region-es","tag-eleccionesgenerales10n","tag-cambio-climatico","tag-cop25","tag-espana"],"yoast_head":"<!-- This site is optimized with the Yoast SEO plugin v27.1.1 - https:\/\/yoast.com\/product\/yoast-seo-wordpress\/ -->\n<title>Espa\u00f1a, Greenpeace demanda responsabilidad para formar un gobierno que haga frente a la crisis clim\u00e1tica<\/title>\n<meta name=\"description\" content=\"Greenpeace cree necesario que se haya formado un gobierno antes del comienzo de la Cumbre del Clima de Madrid La organizaci\u00f3n ecologista recuerda que\" \/>\n<meta name=\"robots\" content=\"index, follow, max-snippet:-1, max-image-preview:large, max-video-preview:-1\" \/>\n<link rel=\"canonical\" href=\"https:\/\/www.pressenza.com\/es\/2019\/11\/espana-greenpeace-demanda-responsabilidad-para-formar-un-gobierno-que-haga-frente-a-la-crisis-climatica\/\" \/>\n<meta property=\"og:locale\" content=\"es_ES\" \/>\n<meta property=\"og:type\" content=\"article\" \/>\n<meta property=\"og:title\" content=\"Espa\u00f1a, Greenpeace demanda responsabilidad para formar un gobierno que haga frente a la crisis clim\u00e1tica\" \/>\n<meta property=\"og:description\" content=\"Greenpeace cree necesario que se haya formado un gobierno antes del comienzo de la Cumbre del Clima de Madrid La organizaci\u00f3n ecologista recuerda que\" \/>\n<meta property=\"og:url\" content=\"https:\/\/www.pressenza.com\/es\/2019\/11\/espana-greenpeace-demanda-responsabilidad-para-formar-un-gobierno-que-haga-frente-a-la-crisis-climatica\/\" \/>\n<meta property=\"og:site_name\" content=\"Pressenza\" \/>\n<meta property=\"article:publisher\" content=\"https:\/\/www.facebook.com\/PressenzaItalia\" \/>\n<meta property=\"article:published_time\" content=\"2019-11-12T07:40:35+00:00\" \/>\n<meta property=\"og:image\" content=\"https:\/\/www.pressenza.com\/wp-content\/uploads\/2019\/11\/consumiendo-planeta-cambiar-tendencias_EDIIMA20181108_0595_21.jpg\" \/>\n\t<meta property=\"og:image:width\" content=\"643\" \/>\n\t<meta property=\"og:image:height\" content=\"362\" \/>\n\t<meta property=\"og:image:type\" content=\"image\/jpeg\" \/>\n<meta name=\"author\" content=\"Redacci\u00f3n Espa\u00f1a\" \/>\n<meta name=\"twitter:card\" content=\"summary_large_image\" \/>\n<meta name=\"twitter:creator\" content=\"@PressenzaIPA\" \/>\n<meta name=\"twitter:site\" content=\"@PressenzaIPA\" \/>\n<meta name=\"twitter:label1\" content=\"Escrito por\" \/>\n\t<meta name=\"twitter:data1\" content=\"Redacci\u00f3n Espa\u00f1a\" \/>\n\t<meta name=\"twitter:label2\" content=\"Tiempo de lectura\" \/>\n\t<meta name=\"twitter:data2\" content=\"2 minutos\" \/>\n<script type=\"application\/ld+json\" class=\"yoast-schema-graph\">{\"@context\":\"https:\/\/schema.org\",\"@graph\":[{\"@type\":\"Article\",\"@id\":\"https:\/\/www.pressenza.com\/es\/2019\/11\/espana-greenpeace-demanda-responsabilidad-para-formar-un-gobierno-que-haga-frente-a-la-crisis-climatica\/#article\",\"isPartOf\":{\"@id\":\"https:\/\/www.pressenza.com\/es\/2019\/11\/espana-greenpeace-demanda-responsabilidad-para-formar-un-gobierno-que-haga-frente-a-la-crisis-climatica\/\"},\"author\":{\"name\":\"Redacci\u00f3n Espa\u00f1a\",\"@id\":\"https:\/\/www.pressenza.com\/es\/#\/schema\/person\/fffbbe2f14495897417f313a954dae23\"},\"headline\":\"Espa\u00f1a, Greenpeace demanda responsabilidad para formar un gobierno que haga frente a la crisis clim\u00e1tica\",\"datePublished\":\"2019-11-12T07:40:35+00:00\",\"mainEntityOfPage\":{\"@id\":\"https:\/\/www.pressenza.com\/es\/2019\/11\/espana-greenpeace-demanda-responsabilidad-para-formar-un-gobierno-que-haga-frente-a-la-crisis-climatica\/\"},\"wordCount\":393,\"publisher\":{\"@id\":\"https:\/\/www.pressenza.com\/es\/#organization\"},\"image\":{\"@id\":\"https:\/\/www.pressenza.com\/es\/2019\/11\/espana-greenpeace-demanda-responsabilidad-para-formar-un-gobierno-que-haga-frente-a-la-crisis-climatica\/#primaryimage\"},\"thumbnailUrl\":\"https:\/\/www.pressenza.com\/wp-content\/uploads\/2019\/11\/consumiendo-planeta-cambiar-tendencias_EDIIMA20181108_0595_21.jpg\",\"keywords\":[\"#eleccionesgenerales10N\",\"cambio clim\u00e1tico\",\"COP25\",\"Espa\u00f1a\"],\"articleSection\":[\"Comunicados de Prensa\",\"Ecolog\u00eda y Medio Ambiente\",\"Europa\",\"Regi\u00f3n\"],\"inLanguage\":\"es\"},{\"@type\":\"WebPage\",\"@id\":\"https:\/\/www.pressenza.com\/es\/2019\/11\/espana-greenpeace-demanda-responsabilidad-para-formar-un-gobierno-que-haga-frente-a-la-crisis-climatica\/\",\"url\":\"https:\/\/www.pressenza.com\/es\/2019\/11\/espana-greenpeace-demanda-responsabilidad-para-formar-un-gobierno-que-haga-frente-a-la-crisis-climatica\/\",\"name\":\"Espa\u00f1a, Greenpeace demanda responsabilidad para formar un gobierno que haga frente a la crisis clim\u00e1tica\",\"isPartOf\":{\"@id\":\"https:\/\/www.pressenza.com\/es\/#website\"},\"primaryImageOfPage\":{\"@id\":\"https:\/\/www.pressenza.com\/es\/2019\/11\/espana-greenpeace-demanda-responsabilidad-para-formar-un-gobierno-que-haga-frente-a-la-crisis-climatica\/#primaryimage\"},\"image\":{\"@id\":\"https:\/\/www.pressenza.com\/es\/2019\/11\/espana-greenpeace-demanda-responsabilidad-para-formar-un-gobierno-que-haga-frente-a-la-crisis-climatica\/#primaryimage\"},\"thumbnailUrl\":\"https:\/\/www.pressenza.com\/wp-content\/uploads\/2019\/11\/consumiendo-planeta-cambiar-tendencias_EDIIMA20181108_0595_21.jpg\",\"datePublished\":\"2019-11-12T07:40:35+00:00\",\"description\":\"Greenpeace cree necesario que se haya formado un gobierno antes del comienzo de la Cumbre del Clima de Madrid La organizaci\u00f3n ecologista recuerda que\",\"breadcrumb\":{\"@id\":\"https:\/\/www.pressenza.com\/es\/2019\/11\/espana-greenpeace-demanda-responsabilidad-para-formar-un-gobierno-que-haga-frente-a-la-crisis-climatica\/#breadcrumb\"},\"inLanguage\":\"es\",\"potentialAction\":[{\"@type\":\"ReadAction\",\"target\":[\"https:\/\/www.pressenza.com\/es\/2019\/11\/espana-greenpeace-demanda-responsabilidad-para-formar-un-gobierno-que-haga-frente-a-la-crisis-climatica\/\"]}]},{\"@type\":\"ImageObject\",\"inLanguage\":\"es\",\"@id\":\"https:\/\/www.pressenza.com\/es\/2019\/11\/espana-greenpeace-demanda-responsabilidad-para-formar-un-gobierno-que-haga-frente-a-la-crisis-climatica\/#primaryimage\",\"url\":\"https:\/\/www.pressenza.com\/wp-content\/uploads\/2019\/11\/consumiendo-planeta-cambiar-tendencias_EDIIMA20181108_0595_21.jpg\",\"contentUrl\":\"https:\/\/www.pressenza.com\/wp-content\/uploads\/2019\/11\/consumiendo-planeta-cambiar-tendencias_EDIIMA20181108_0595_21.jpg\",\"width\":643,\"height\":362},{\"@type\":\"BreadcrumbList\",\"@id\":\"https:\/\/www.pressenza.com\/es\/2019\/11\/espana-greenpeace-demanda-responsabilidad-para-formar-un-gobierno-que-haga-frente-a-la-crisis-climatica\/#breadcrumb\",\"itemListElement\":[{\"@type\":\"ListItem\",\"position\":1,\"name\":\"Accueil\",\"item\":\"https:\/\/www.pressenza.com\/es\/\"},{\"@type\":\"ListItem\",\"position\":2,\"name\":\"Espa\u00f1a, Greenpeace demanda responsabilidad para formar un gobierno que haga frente a la crisis clim\u00e1tica\"}]},{\"@type\":\"WebSite\",\"@id\":\"https:\/\/www.pressenza.com\/es\/#website\",\"url\":\"https:\/\/www.pressenza.com\/es\/\",\"name\":\"Pressenza\",\"description\":\"International Press Agency\",\"publisher\":{\"@id\":\"https:\/\/www.pressenza.com\/es\/#organization\"},\"potentialAction\":[{\"@type\":\"SearchAction\",\"target\":{\"@type\":\"EntryPoint\",\"urlTemplate\":\"https:\/\/www.pressenza.com\/es\/?s={search_term_string}\"},\"query-input\":{\"@type\":\"PropertyValueSpecification\",\"valueRequired\":true,\"valueName\":\"search_term_string\"}}],\"inLanguage\":\"es\"},{\"@type\":\"Organization\",\"@id\":\"https:\/\/www.pressenza.com\/es\/#organization\",\"name\":\"Pressenza\",\"url\":\"https:\/\/www.pressenza.com\/es\/\",\"logo\":{\"@type\":\"ImageObject\",\"inLanguage\":\"es\",\"@id\":\"https:\/\/www.pressenza.com\/es\/#\/schema\/logo\/image\/\",\"url\":\"https:\/\/www.pressenza.com\/wp-content\/uploads\/2022\/10\/pressenza_logo_200x200.jpg\",\"contentUrl\":\"https:\/\/www.pressenza.com\/wp-content\/uploads\/2022\/10\/pressenza_logo_200x200.jpg\",\"width\":200,\"height\":200,\"caption\":\"Pressenza\"},\"image\":{\"@id\":\"https:\/\/www.pressenza.com\/es\/#\/schema\/logo\/image\/\"},\"sameAs\":[\"https:\/\/www.facebook.com\/PressenzaItalia\",\"https:\/\/x.com\/PressenzaIPA\"]},{\"@type\":\"Person\",\"@id\":\"https:\/\/www.pressenza.com\/es\/#\/schema\/person\/fffbbe2f14495897417f313a954dae23\",\"name\":\"Redacci\u00f3n Espa\u00f1a\",\"url\":\"https:\/\/www.pressenza.com\/es\/author\/redaccion-espana\/\"}]}<\/script>\n<!-- \/ Yoast SEO plugin. -->","yoast_head_json":{"title":"Espa\u00f1a, Greenpeace demanda responsabilidad para formar un gobierno que haga frente a la crisis clim\u00e1tica","description":"Greenpeace cree necesario que se haya formado un gobierno antes del comienzo de la Cumbre del Clima de Madrid La organizaci\u00f3n ecologista recuerda que","robots":{"index":"index","follow":"follow","max-snippet":"max-snippet:-1","max-image-preview":"max-image-preview:large","max-video-preview":"max-video-preview:-1"},"canonical":"https:\/\/www.pressenza.com\/es\/2019\/11\/espana-greenpeace-demanda-responsabilidad-para-formar-un-gobierno-que-haga-frente-a-la-crisis-climatica\/","og_locale":"es_ES","og_type":"article","og_title":"Espa\u00f1a, Greenpeace demanda responsabilidad para formar un gobierno que haga frente a la crisis clim\u00e1tica","og_description":"Greenpeace cree necesario que se haya formado un gobierno antes del comienzo de la Cumbre del Clima de Madrid La organizaci\u00f3n ecologista recuerda que","og_url":"https:\/\/www.pressenza.com\/es\/2019\/11\/espana-greenpeace-demanda-responsabilidad-para-formar-un-gobierno-que-haga-frente-a-la-crisis-climatica\/","og_site_name":"Pressenza","article_publisher":"https:\/\/www.facebook.com\/PressenzaItalia","article_published_time":"2019-11-12T07:40:35+00:00","og_image":[{"width":643,"height":362,"url":"https:\/\/www.pressenza.com\/wp-content\/uploads\/2019\/11\/consumiendo-planeta-cambiar-tendencias_EDIIMA20181108_0595_21.jpg","type":"image\/jpeg"}],"author":"Redacci\u00f3n Espa\u00f1a","twitter_card":"summary_large_image","twitter_creator":"@PressenzaIPA","twitter_site":"@PressenzaIPA","twitter_misc":{"Escrito por":"Redacci\u00f3n Espa\u00f1a","Tiempo de lectura":"2 minutos"},"schema":{"@context":"https:\/\/schema.org","@graph":[{"@type":"Article","@id":"https:\/\/www.pressenza.com\/es\/2019\/11\/espana-greenpeace-demanda-responsabilidad-para-formar-un-gobierno-que-haga-frente-a-la-crisis-climatica\/#article","isPartOf":{"@id":"https:\/\/www.pressenza.com\/es\/2019\/11\/espana-greenpeace-demanda-responsabilidad-para-formar-un-gobierno-que-haga-frente-a-la-crisis-climatica\/"},"author":{"name":"Redacci\u00f3n Espa\u00f1a","@id":"https:\/\/www.pressenza.com\/es\/#\/schema\/person\/fffbbe2f14495897417f313a954dae23"},"headline":"Espa\u00f1a, Greenpeace demanda responsabilidad para formar un gobierno que haga frente a la crisis clim\u00e1tica","datePublished":"2019-11-12T07:40:35+00:00","mainEntityOfPage":{"@id":"https:\/\/www.pressenza.com\/es\/2019\/11\/espana-greenpeace-demanda-responsabilidad-para-formar-un-gobierno-que-haga-frente-a-la-crisis-climatica\/"},"wordCount":393,"publisher":{"@id":"https:\/\/www.pressenza.com\/es\/#organization"},"image":{"@id":"https:\/\/www.pressenza.com\/es\/2019\/11\/espana-greenpeace-demanda-responsabilidad-para-formar-un-gobierno-que-haga-frente-a-la-crisis-climatica\/#primaryimage"},"thumbnailUrl":"https:\/\/www.pressenza.com\/wp-content\/uploads\/2019\/11\/consumiendo-planeta-cambiar-tendencias_EDIIMA20181108_0595_21.jpg","keywords":["#eleccionesgenerales10N","cambio clim\u00e1tico","COP25","Espa\u00f1a"],"articleSection":["Comunicados de Prensa","Ecolog\u00eda y Medio Ambiente","Europa","Regi\u00f3n"],"inLanguage":"es"},{"@type":"WebPage","@id":"https:\/\/www.pressenza.com\/es\/2019\/11\/espana-greenpeace-demanda-responsabilidad-para-formar-un-gobierno-que-haga-frente-a-la-crisis-climatica\/","url":"https:\/\/www.pressenza.com\/es\/2019\/11\/espana-greenpeace-demanda-responsabilidad-para-formar-un-gobierno-que-haga-frente-a-la-crisis-climatica\/","name":"Espa\u00f1a, Greenpeace demanda responsabilidad para formar un gobierno que haga frente a la crisis clim\u00e1tica","isPartOf":{"@id":"https:\/\/www.pressenza.com\/es\/#website"},"primaryImageOfPage":{"@id":"https:\/\/www.pressenza.com\/es\/2019\/11\/espana-greenpeace-demanda-responsabilidad-para-formar-un-gobierno-que-haga-frente-a-la-crisis-climatica\/#primaryimage"},"image":{"@id":"https:\/\/www.pressenza.com\/es\/2019\/11\/espana-greenpeace-demanda-responsabilidad-para-formar-un-gobierno-que-haga-frente-a-la-crisis-climatica\/#primaryimage"},"thumbnailUrl":"https:\/\/www.pressenza.com\/wp-content\/uploads\/2019\/11\/consumiendo-planeta-cambiar-tendencias_EDIIMA20181108_0595_21.jpg","datePublished":"2019-11-12T07:40:35+00:00","description":"Greenpeace cree necesario que se haya formado un gobierno antes del comienzo de la Cumbre del Clima de Madrid La organizaci\u00f3n ecologista recuerda que","breadcrumb":{"@id":"https:\/\/www.pressenza.com\/es\/2019\/11\/espana-greenpeace-demanda-responsabilidad-para-formar-un-gobierno-que-haga-frente-a-la-crisis-climatica\/#breadcrumb"},"inLanguage":"es","potentialAction":[{"@type":"ReadAction","target":["https:\/\/www.pressenza.com\/es\/2019\/11\/espana-greenpeace-demanda-responsabilidad-para-formar-un-gobierno-que-haga-frente-a-la-crisis-climatica\/"]}]},{"@type":"ImageObject","inLanguage":"es","@id":"https:\/\/www.pressenza.com\/es\/2019\/11\/espana-greenpeace-demanda-responsabilidad-para-formar-un-gobierno-que-haga-frente-a-la-crisis-climatica\/#primaryimage","url":"https:\/\/www.pressenza.com\/wp-content\/uploads\/2019\/11\/consumiendo-planeta-cambiar-tendencias_EDIIMA20181108_0595_21.jpg","contentUrl":"https:\/\/www.pressenza.com\/wp-content\/uploads\/2019\/11\/consumiendo-planeta-cambiar-tendencias_EDIIMA20181108_0595_21.jpg","width":643,"height":362},{"@type":"BreadcrumbList","@id":"https:\/\/www.pressenza.com\/es\/2019\/11\/espana-greenpeace-demanda-responsabilidad-para-formar-un-gobierno-que-haga-frente-a-la-crisis-climatica\/#breadcrumb","itemListElement":[{"@type":"ListItem","position":1,"name":"Accueil","item":"https:\/\/www.pressenza.com\/es\/"},{"@type":"ListItem","position":2,"name":"Espa\u00f1a, Greenpeace demanda responsabilidad para formar un gobierno que haga frente a la crisis clim\u00e1tica"}]},{"@type":"WebSite","@id":"https:\/\/www.pressenza.com\/es\/#website","url":"https:\/\/www.pressenza.com\/es\/","name":"Pressenza","description":"International Press Agency","publisher":{"@id":"https:\/\/www.pressenza.com\/es\/#organization"},"potentialAction":[{"@type":"SearchAction","target":{"@type":"EntryPoint","urlTemplate":"https:\/\/www.pressenza.com\/es\/?s={search_term_string}"},"query-input":{"@type":"PropertyValueSpecification","valueRequired":true,"valueName":"search_term_string"}}],"inLanguage":"es"},{"@type":"Organization","@id":"https:\/\/www.pressenza.com\/es\/#organization","name":"Pressenza","url":"https:\/\/www.pressenza.com\/es\/","logo":{"@type":"ImageObject","inLanguage":"es","@id":"https:\/\/www.pressenza.com\/es\/#\/schema\/logo\/image\/","url":"https:\/\/www.pressenza.com\/wp-content\/uploads\/2022\/10\/pressenza_logo_200x200.jpg","contentUrl":"https:\/\/www.pressenza.com\/wp-content\/uploads\/2022\/10\/pressenza_logo_200x200.jpg","width":200,"height":200,"caption":"Pressenza"},"image":{"@id":"https:\/\/www.pressenza.com\/es\/#\/schema\/logo\/image\/"},"sameAs":["https:\/\/www.facebook.com\/PressenzaItalia","https:\/\/x.com\/PressenzaIPA"]},{"@type":"Person","@id":"https:\/\/www.pressenza.com\/es\/#\/schema\/person\/fffbbe2f14495897417f313a954dae23","name":"Redacci\u00f3n Espa\u00f1a","url":"https:\/\/www.pressenza.com\/es\/author\/redaccion-espana\/"}]}},"place":"Madrid","original_article_url":"","_links":{"self":[{"href":"https:\/\/www.pressenza.com\/es\/wp-json\/wp\/v2\/posts\/969768","targetHints":{"allow":["GET"]}}],"collection":[{"href":"https:\/\/www.pressenza.com\/es\/wp-json\/wp\/v2\/posts"}],"about":[{"href":"https:\/\/www.pressenza.com\/es\/wp-json\/wp\/v2\/types\/post"}],"author":[{"embeddable":true,"href":"https:\/\/www.pressenza.com\/es\/wp-json\/wp\/v2\/users\/1681"}],"replies":[{"embeddable":true,"href":"https:\/\/www.pressenza.com\/es\/wp-json\/wp\/v2\/comments?post=969768"}],"version-history":[{"count":0,"href":"https:\/\/www.pressenza.com\/es\/wp-json\/wp\/v2\/posts\/969768\/revisions"}],"wp:featuredmedia":[{"embeddable":true,"href":"https:\/\/www.pressenza.com\/es\/wp-json\/wp\/v2\/media\/969769"}],"wp:attachment":[{"href":"https:\/\/www.pressenza.com\/es\/wp-json\/wp\/v2\/media?parent=969768"}],"wp:term":[{"taxonomy":"category","embeddable":true,"href":"https:\/\/www.pressenza.com\/es\/wp-json\/wp\/v2\/categories?post=969768"},{"taxonomy":"post_tag","embeddable":true,"href":"https:\/\/www.pressenza.com\/es\/wp-json\/wp\/v2\/tags?post=969768"}],"curies":[{"name":"wp","href":"https:\/\/api.w.org\/{rel}","templated":true}]}}