{"id":968829,"date":"2019-11-11T00:46:16","date_gmt":"2019-11-11T00:46:16","guid":{"rendered":"https:\/\/www.pressenza.com\/?p=968829"},"modified":"2019-11-11T09:51:28","modified_gmt":"2019-11-11T09:51:28","slug":"elecciones-espanolas-nos-vamos-todas-a-la-mierda","status":"publish","type":"post","link":"https:\/\/www.pressenza.com\/es\/2019\/11\/elecciones-espanolas-nos-vamos-todas-a-la-mierda\/","title":{"rendered":"Elecciones espa\u00f1olas: \u201cnos vamos todas a la mierda\u201d"},"content":{"rendered":"<p><strong>El amargo sabor de la derrota del posible progreso.<\/strong><\/p>\n<p>El Partido Socialista Espa\u00f1ol ha ganado de nuevo las elecciones, pero ha perdido esca\u00f1os, sus fieles no le han secundado. Podemos, la alternativa de izquierdas para governar con PSOE, todav\u00eda pierde m\u00e1s esca\u00f1os.<\/p>\n<p>El sue\u00f1o de favorecer unos presupuestos que hubiesen sido los mejores de la democracia espa\u00f1ola para la mayor\u00eda de la poblaci\u00f3n, y el triunfo de una izquierda que derrotaba a un desgastado Partido Popular se vio truncado en las elecciones de abril, al no acordar consenso las fuerzas ganadoras de izquierdas (PSOE y PODEMOS) paralizando al pa\u00eds por medio a\u00f1o y llev\u00e1ndolo a unas nuevas elecciones, que han empeorado los resultados de la izquierda y favorecido el ascenso de la derecha representado por el Partido Popular, pero sobretodo desfavorecido por el auge de la extrema derecha, representada por VOX.<\/p>\n<p>Las llamadas (de modo dudoso) fuerzas de centro, representadas por Ciudadanos, han sido los m\u00e1ximos perdedores de esta nueva oportunidad.<\/p>\n<p>La fragmentaci\u00f3n de los partidos se ha acentuado y los votos se han redistribuido de un modo m\u00e1s territorial, con nuevos partidos que han aparecido representando a zonas geogr\u00e1ficas m\u00e1s que a ideolog\u00edas.<\/p>\n<p>La posibilidad de gobernar se complica enormemente y se dificulta respecto a las elecciones previas. El hast\u00edo de peleas entre partidos y liderazgos ha producido efecto rebote en la ciudadan\u00eda. 52 diputados de extrema derecha suman demasiados votos para hablar de futuros derechos para la poblaci\u00f3n.<\/p>\n<p>El independentismo catal\u00e1n ha ganado una buena porci\u00f3n del pastel electoral, el m\u00e1ximo hist\u00f3rico en unas elecciones generales, aunque no se va a ver representado por el aumento de esca\u00f1os, pero si por votos. A pesar de que la mayor\u00eda independentista la ha ganado el independentismo de izquierdas, el pacto con PSOE va a ser un imposible o una lucha dificil entre presos y libertades, entre independentismo y nacionalismo.<\/p>\n<p>Ma\u00f1ana se deber\u00eda empezar a hablar de pactos, pactos que con el gusto de una derrota progresista, vuelven a hundir en la miseria los derechos ciudadanos por los que muchos luchamos.<\/p>\n<p>Y como dice Colau, \u201cnos vamos todas a la mierda\u201d.<\/p>\n<blockquote class=\"twitter-tweet\" data-width=\"500\" data-dnt=\"true\">\n<p lang=\"es\" dir=\"ltr\">Ninguna persona dem\u00f3crata y progresista puede estar contenta hoy. La extrema derecha avanza por la incapacidad de la izquierda. Pedro, tus elecciones han fracasado. Y en general, o las izquierdas hacen un frente amplio, o nos vamos todas a la mierda <a href=\"https:\/\/twitter.com\/hashtag\/eleccionesgenerales10N?src=hash&amp;ref_src=twsrc%5Etfw\">#eleccionesgenerales10N<\/a><\/p>\n<p>&mdash; Ada Colau \ud83d\udc9c\ud83c\udf08\ud83d\udd3b (@AdaColau) <a href=\"https:\/\/twitter.com\/AdaColau\/status\/1193672617749876736?ref_src=twsrc%5Etfw\">November 10, 2019<\/a><\/p><\/blockquote>\n<p><script async src=\"https:\/\/platform.twitter.com\/widgets.js\" charset=\"utf-8\"><\/script><\/p>\n<p>&nbsp;<\/p>\n","protected":false},"excerpt":{"rendered":"<p>El amargo sabor de la derrota del posible progreso. El Partido Socialista Espa\u00f1ol ha ganado de nuevo las elecciones, pero ha perdido esca\u00f1os, sus fieles no le han secundado. Podemos, la alternativa de izquierdas para governar con PSOE, todav\u00eda pierde&hellip;<\/p>\n","protected":false},"author":647,"featured_media":968832,"comment_status":"closed","ping_status":"closed","sticky":false,"template":"","format":"standard","meta":{"footnotes":""},"categories":[11389,66,74],"tags":[66823,403,1065],"class_list":["post-968829","post","type-post","status-publish","format-standard","has-post-thumbnail","hentry","category-contenido-original","category-europa-es","category-politica-es","tag-eleccionesgenerales10n","tag-elecciones","tag-espana"],"yoast_head":"<!-- This site is optimized with the Yoast SEO plugin v27.1.1 - https:\/\/yoast.com\/product\/yoast-seo-wordpress\/ -->\n<title>Elecciones espa\u00f1olas: \u201cnos vamos todas a la mierda\u201d<\/title>\n<meta name=\"description\" content=\"El amargo sabor de la derrota del posible progreso. El Partido Socialista Espa\u00f1ol ha ganado de nuevo las elecciones, pero ha perdido esca\u00f1os, sus fieles\" \/>\n<meta name=\"robots\" content=\"index, follow, max-snippet:-1, max-image-preview:large, max-video-preview:-1\" \/>\n<link rel=\"canonical\" href=\"https:\/\/www.pressenza.com\/es\/2019\/11\/elecciones-espanolas-nos-vamos-todas-a-la-mierda\/\" \/>\n<meta property=\"og:locale\" content=\"es_ES\" \/>\n<meta property=\"og:type\" content=\"article\" \/>\n<meta property=\"og:title\" content=\"Elecciones espa\u00f1olas: \u201cnos vamos todas a la mierda\u201d\" \/>\n<meta property=\"og:description\" content=\"El amargo sabor de la derrota del posible progreso. El Partido Socialista Espa\u00f1ol ha ganado de nuevo las elecciones, pero ha perdido esca\u00f1os, sus fieles\" \/>\n<meta property=\"og:url\" content=\"https:\/\/www.pressenza.com\/es\/2019\/11\/elecciones-espanolas-nos-vamos-todas-a-la-mierda\/\" \/>\n<meta property=\"og:site_name\" content=\"Pressenza\" \/>\n<meta property=\"article:publisher\" content=\"https:\/\/www.facebook.com\/PressenzaItalia\" \/>\n<meta property=\"article:published_time\" content=\"2019-11-11T00:46:16+00:00\" \/>\n<meta property=\"article:modified_time\" content=\"2019-11-11T09:51:28+00:00\" \/>\n<meta property=\"og:image\" content=\"https:\/\/www.pressenza.com\/wp-content\/uploads\/2019\/11\/candidatos-elecciones-2019.jpg\" \/>\n\t<meta property=\"og:image:width\" content=\"2048\" \/>\n\t<meta property=\"og:image:height\" content=\"767\" \/>\n\t<meta property=\"og:image:type\" content=\"image\/jpeg\" \/>\n<meta name=\"author\" content=\"Raquel Paricio\" \/>\n<meta name=\"twitter:card\" content=\"summary_large_image\" \/>\n<meta name=\"twitter:creator\" content=\"@PressenzaIPA\" \/>\n<meta name=\"twitter:site\" content=\"@PressenzaIPA\" \/>\n<meta name=\"twitter:label1\" content=\"Escrito por\" \/>\n\t<meta name=\"twitter:data1\" content=\"Raquel Paricio\" \/>\n\t<meta name=\"twitter:label2\" content=\"Tiempo de lectura\" \/>\n\t<meta name=\"twitter:data2\" content=\"2 minutos\" \/>\n<script type=\"application\/ld+json\" class=\"yoast-schema-graph\">{\"@context\":\"https:\/\/schema.org\",\"@graph\":[{\"@type\":\"Article\",\"@id\":\"https:\/\/www.pressenza.com\/es\/2019\/11\/elecciones-espanolas-nos-vamos-todas-a-la-mierda\/#article\",\"isPartOf\":{\"@id\":\"https:\/\/www.pressenza.com\/es\/2019\/11\/elecciones-espanolas-nos-vamos-todas-a-la-mierda\/\"},\"author\":{\"name\":\"Raquel Paricio\",\"@id\":\"https:\/\/www.pressenza.com\/es\/#\/schema\/person\/7104466338f7b188aedd367b5e15c977\"},\"headline\":\"Elecciones espa\u00f1olas: \u201cnos vamos todas a la mierda\u201d\",\"datePublished\":\"2019-11-11T00:46:16+00:00\",\"dateModified\":\"2019-11-11T09:51:28+00:00\",\"mainEntityOfPage\":{\"@id\":\"https:\/\/www.pressenza.com\/es\/2019\/11\/elecciones-espanolas-nos-vamos-todas-a-la-mierda\/\"},\"wordCount\":396,\"publisher\":{\"@id\":\"https:\/\/www.pressenza.com\/es\/#organization\"},\"image\":{\"@id\":\"https:\/\/www.pressenza.com\/es\/2019\/11\/elecciones-espanolas-nos-vamos-todas-a-la-mierda\/#primaryimage\"},\"thumbnailUrl\":\"https:\/\/www.pressenza.com\/wp-content\/uploads\/2019\/11\/candidatos-elecciones-2019.jpg\",\"keywords\":[\"#eleccionesgenerales10N\",\"elecciones\",\"Espa\u00f1a\"],\"articleSection\":[\"Contenido Original\",\"Europa\",\"Pol\u00edtica\"],\"inLanguage\":\"es\"},{\"@type\":\"WebPage\",\"@id\":\"https:\/\/www.pressenza.com\/es\/2019\/11\/elecciones-espanolas-nos-vamos-todas-a-la-mierda\/\",\"url\":\"https:\/\/www.pressenza.com\/es\/2019\/11\/elecciones-espanolas-nos-vamos-todas-a-la-mierda\/\",\"name\":\"Elecciones espa\u00f1olas: \u201cnos vamos todas a la mierda\u201d\",\"isPartOf\":{\"@id\":\"https:\/\/www.pressenza.com\/es\/#website\"},\"primaryImageOfPage\":{\"@id\":\"https:\/\/www.pressenza.com\/es\/2019\/11\/elecciones-espanolas-nos-vamos-todas-a-la-mierda\/#primaryimage\"},\"image\":{\"@id\":\"https:\/\/www.pressenza.com\/es\/2019\/11\/elecciones-espanolas-nos-vamos-todas-a-la-mierda\/#primaryimage\"},\"thumbnailUrl\":\"https:\/\/www.pressenza.com\/wp-content\/uploads\/2019\/11\/candidatos-elecciones-2019.jpg\",\"datePublished\":\"2019-11-11T00:46:16+00:00\",\"dateModified\":\"2019-11-11T09:51:28+00:00\",\"description\":\"El amargo sabor de la derrota del posible progreso. El Partido Socialista Espa\u00f1ol ha ganado de nuevo las elecciones, pero ha perdido esca\u00f1os, sus fieles\",\"breadcrumb\":{\"@id\":\"https:\/\/www.pressenza.com\/es\/2019\/11\/elecciones-espanolas-nos-vamos-todas-a-la-mierda\/#breadcrumb\"},\"inLanguage\":\"es\",\"potentialAction\":[{\"@type\":\"ReadAction\",\"target\":[\"https:\/\/www.pressenza.com\/es\/2019\/11\/elecciones-espanolas-nos-vamos-todas-a-la-mierda\/\"]}]},{\"@type\":\"ImageObject\",\"inLanguage\":\"es\",\"@id\":\"https:\/\/www.pressenza.com\/es\/2019\/11\/elecciones-espanolas-nos-vamos-todas-a-la-mierda\/#primaryimage\",\"url\":\"https:\/\/www.pressenza.com\/wp-content\/uploads\/2019\/11\/candidatos-elecciones-2019.jpg\",\"contentUrl\":\"https:\/\/www.pressenza.com\/wp-content\/uploads\/2019\/11\/candidatos-elecciones-2019.jpg\",\"width\":2048,\"height\":767},{\"@type\":\"BreadcrumbList\",\"@id\":\"https:\/\/www.pressenza.com\/es\/2019\/11\/elecciones-espanolas-nos-vamos-todas-a-la-mierda\/#breadcrumb\",\"itemListElement\":[{\"@type\":\"ListItem\",\"position\":1,\"name\":\"Accueil\",\"item\":\"https:\/\/www.pressenza.com\/es\/\"},{\"@type\":\"ListItem\",\"position\":2,\"name\":\"Elecciones espa\u00f1olas: \u201cnos vamos todas a la mierda\u201d\"}]},{\"@type\":\"WebSite\",\"@id\":\"https:\/\/www.pressenza.com\/es\/#website\",\"url\":\"https:\/\/www.pressenza.com\/es\/\",\"name\":\"Pressenza\",\"description\":\"International Press Agency\",\"publisher\":{\"@id\":\"https:\/\/www.pressenza.com\/es\/#organization\"},\"potentialAction\":[{\"@type\":\"SearchAction\",\"target\":{\"@type\":\"EntryPoint\",\"urlTemplate\":\"https:\/\/www.pressenza.com\/es\/?s={search_term_string}\"},\"query-input\":{\"@type\":\"PropertyValueSpecification\",\"valueRequired\":true,\"valueName\":\"search_term_string\"}}],\"inLanguage\":\"es\"},{\"@type\":\"Organization\",\"@id\":\"https:\/\/www.pressenza.com\/es\/#organization\",\"name\":\"Pressenza\",\"url\":\"https:\/\/www.pressenza.com\/es\/\",\"logo\":{\"@type\":\"ImageObject\",\"inLanguage\":\"es\",\"@id\":\"https:\/\/www.pressenza.com\/es\/#\/schema\/logo\/image\/\",\"url\":\"https:\/\/www.pressenza.com\/wp-content\/uploads\/2022\/10\/pressenza_logo_200x200.jpg\",\"contentUrl\":\"https:\/\/www.pressenza.com\/wp-content\/uploads\/2022\/10\/pressenza_logo_200x200.jpg\",\"width\":200,\"height\":200,\"caption\":\"Pressenza\"},\"image\":{\"@id\":\"https:\/\/www.pressenza.com\/es\/#\/schema\/logo\/image\/\"},\"sameAs\":[\"https:\/\/www.facebook.com\/PressenzaItalia\",\"https:\/\/x.com\/PressenzaIPA\"]},{\"@type\":\"Person\",\"@id\":\"https:\/\/www.pressenza.com\/es\/#\/schema\/person\/7104466338f7b188aedd367b5e15c977\",\"name\":\"Raquel Paricio\",\"description\":\"Docente. Artista. Humanista. Doctora en Arte y Tecnolog\u00eda. Investiga en las diferentes escuelas de meditaci\u00f3n de diferentes culturas.\",\"url\":\"https:\/\/www.pressenza.com\/es\/author\/raquel-paricio\/\"}]}<\/script>\n<!-- \/ Yoast SEO plugin. -->","yoast_head_json":{"title":"Elecciones espa\u00f1olas: \u201cnos vamos todas a la mierda\u201d","description":"El amargo sabor de la derrota del posible progreso. El Partido Socialista Espa\u00f1ol ha ganado de nuevo las elecciones, pero ha perdido esca\u00f1os, sus fieles","robots":{"index":"index","follow":"follow","max-snippet":"max-snippet:-1","max-image-preview":"max-image-preview:large","max-video-preview":"max-video-preview:-1"},"canonical":"https:\/\/www.pressenza.com\/es\/2019\/11\/elecciones-espanolas-nos-vamos-todas-a-la-mierda\/","og_locale":"es_ES","og_type":"article","og_title":"Elecciones espa\u00f1olas: \u201cnos vamos todas a la mierda\u201d","og_description":"El amargo sabor de la derrota del posible progreso. El Partido Socialista Espa\u00f1ol ha ganado de nuevo las elecciones, pero ha perdido esca\u00f1os, sus fieles","og_url":"https:\/\/www.pressenza.com\/es\/2019\/11\/elecciones-espanolas-nos-vamos-todas-a-la-mierda\/","og_site_name":"Pressenza","article_publisher":"https:\/\/www.facebook.com\/PressenzaItalia","article_published_time":"2019-11-11T00:46:16+00:00","article_modified_time":"2019-11-11T09:51:28+00:00","og_image":[{"width":2048,"height":767,"url":"https:\/\/www.pressenza.com\/wp-content\/uploads\/2019\/11\/candidatos-elecciones-2019.jpg","type":"image\/jpeg"}],"author":"Raquel Paricio","twitter_card":"summary_large_image","twitter_creator":"@PressenzaIPA","twitter_site":"@PressenzaIPA","twitter_misc":{"Escrito por":"Raquel Paricio","Tiempo de lectura":"2 minutos"},"schema":{"@context":"https:\/\/schema.org","@graph":[{"@type":"Article","@id":"https:\/\/www.pressenza.com\/es\/2019\/11\/elecciones-espanolas-nos-vamos-todas-a-la-mierda\/#article","isPartOf":{"@id":"https:\/\/www.pressenza.com\/es\/2019\/11\/elecciones-espanolas-nos-vamos-todas-a-la-mierda\/"},"author":{"name":"Raquel Paricio","@id":"https:\/\/www.pressenza.com\/es\/#\/schema\/person\/7104466338f7b188aedd367b5e15c977"},"headline":"Elecciones espa\u00f1olas: \u201cnos vamos todas a la mierda\u201d","datePublished":"2019-11-11T00:46:16+00:00","dateModified":"2019-11-11T09:51:28+00:00","mainEntityOfPage":{"@id":"https:\/\/www.pressenza.com\/es\/2019\/11\/elecciones-espanolas-nos-vamos-todas-a-la-mierda\/"},"wordCount":396,"publisher":{"@id":"https:\/\/www.pressenza.com\/es\/#organization"},"image":{"@id":"https:\/\/www.pressenza.com\/es\/2019\/11\/elecciones-espanolas-nos-vamos-todas-a-la-mierda\/#primaryimage"},"thumbnailUrl":"https:\/\/www.pressenza.com\/wp-content\/uploads\/2019\/11\/candidatos-elecciones-2019.jpg","keywords":["#eleccionesgenerales10N","elecciones","Espa\u00f1a"],"articleSection":["Contenido Original","Europa","Pol\u00edtica"],"inLanguage":"es"},{"@type":"WebPage","@id":"https:\/\/www.pressenza.com\/es\/2019\/11\/elecciones-espanolas-nos-vamos-todas-a-la-mierda\/","url":"https:\/\/www.pressenza.com\/es\/2019\/11\/elecciones-espanolas-nos-vamos-todas-a-la-mierda\/","name":"Elecciones espa\u00f1olas: \u201cnos vamos todas a la mierda\u201d","isPartOf":{"@id":"https:\/\/www.pressenza.com\/es\/#website"},"primaryImageOfPage":{"@id":"https:\/\/www.pressenza.com\/es\/2019\/11\/elecciones-espanolas-nos-vamos-todas-a-la-mierda\/#primaryimage"},"image":{"@id":"https:\/\/www.pressenza.com\/es\/2019\/11\/elecciones-espanolas-nos-vamos-todas-a-la-mierda\/#primaryimage"},"thumbnailUrl":"https:\/\/www.pressenza.com\/wp-content\/uploads\/2019\/11\/candidatos-elecciones-2019.jpg","datePublished":"2019-11-11T00:46:16+00:00","dateModified":"2019-11-11T09:51:28+00:00","description":"El amargo sabor de la derrota del posible progreso. El Partido Socialista Espa\u00f1ol ha ganado de nuevo las elecciones, pero ha perdido esca\u00f1os, sus fieles","breadcrumb":{"@id":"https:\/\/www.pressenza.com\/es\/2019\/11\/elecciones-espanolas-nos-vamos-todas-a-la-mierda\/#breadcrumb"},"inLanguage":"es","potentialAction":[{"@type":"ReadAction","target":["https:\/\/www.pressenza.com\/es\/2019\/11\/elecciones-espanolas-nos-vamos-todas-a-la-mierda\/"]}]},{"@type":"ImageObject","inLanguage":"es","@id":"https:\/\/www.pressenza.com\/es\/2019\/11\/elecciones-espanolas-nos-vamos-todas-a-la-mierda\/#primaryimage","url":"https:\/\/www.pressenza.com\/wp-content\/uploads\/2019\/11\/candidatos-elecciones-2019.jpg","contentUrl":"https:\/\/www.pressenza.com\/wp-content\/uploads\/2019\/11\/candidatos-elecciones-2019.jpg","width":2048,"height":767},{"@type":"BreadcrumbList","@id":"https:\/\/www.pressenza.com\/es\/2019\/11\/elecciones-espanolas-nos-vamos-todas-a-la-mierda\/#breadcrumb","itemListElement":[{"@type":"ListItem","position":1,"name":"Accueil","item":"https:\/\/www.pressenza.com\/es\/"},{"@type":"ListItem","position":2,"name":"Elecciones espa\u00f1olas: \u201cnos vamos todas a la mierda\u201d"}]},{"@type":"WebSite","@id":"https:\/\/www.pressenza.com\/es\/#website","url":"https:\/\/www.pressenza.com\/es\/","name":"Pressenza","description":"International Press Agency","publisher":{"@id":"https:\/\/www.pressenza.com\/es\/#organization"},"potentialAction":[{"@type":"SearchAction","target":{"@type":"EntryPoint","urlTemplate":"https:\/\/www.pressenza.com\/es\/?s={search_term_string}"},"query-input":{"@type":"PropertyValueSpecification","valueRequired":true,"valueName":"search_term_string"}}],"inLanguage":"es"},{"@type":"Organization","@id":"https:\/\/www.pressenza.com\/es\/#organization","name":"Pressenza","url":"https:\/\/www.pressenza.com\/es\/","logo":{"@type":"ImageObject","inLanguage":"es","@id":"https:\/\/www.pressenza.com\/es\/#\/schema\/logo\/image\/","url":"https:\/\/www.pressenza.com\/wp-content\/uploads\/2022\/10\/pressenza_logo_200x200.jpg","contentUrl":"https:\/\/www.pressenza.com\/wp-content\/uploads\/2022\/10\/pressenza_logo_200x200.jpg","width":200,"height":200,"caption":"Pressenza"},"image":{"@id":"https:\/\/www.pressenza.com\/es\/#\/schema\/logo\/image\/"},"sameAs":["https:\/\/www.facebook.com\/PressenzaItalia","https:\/\/x.com\/PressenzaIPA"]},{"@type":"Person","@id":"https:\/\/www.pressenza.com\/es\/#\/schema\/person\/7104466338f7b188aedd367b5e15c977","name":"Raquel Paricio","description":"Docente. Artista. Humanista. Doctora en Arte y Tecnolog\u00eda. Investiga en las diferentes escuelas de meditaci\u00f3n de diferentes culturas.","url":"https:\/\/www.pressenza.com\/es\/author\/raquel-paricio\/"}]}},"place":"Barcelona","original_article_url":"","_links":{"self":[{"href":"https:\/\/www.pressenza.com\/es\/wp-json\/wp\/v2\/posts\/968829","targetHints":{"allow":["GET"]}}],"collection":[{"href":"https:\/\/www.pressenza.com\/es\/wp-json\/wp\/v2\/posts"}],"about":[{"href":"https:\/\/www.pressenza.com\/es\/wp-json\/wp\/v2\/types\/post"}],"author":[{"embeddable":true,"href":"https:\/\/www.pressenza.com\/es\/wp-json\/wp\/v2\/users\/647"}],"replies":[{"embeddable":true,"href":"https:\/\/www.pressenza.com\/es\/wp-json\/wp\/v2\/comments?post=968829"}],"version-history":[{"count":0,"href":"https:\/\/www.pressenza.com\/es\/wp-json\/wp\/v2\/posts\/968829\/revisions"}],"wp:featuredmedia":[{"embeddable":true,"href":"https:\/\/www.pressenza.com\/es\/wp-json\/wp\/v2\/media\/968832"}],"wp:attachment":[{"href":"https:\/\/www.pressenza.com\/es\/wp-json\/wp\/v2\/media?parent=968829"}],"wp:term":[{"taxonomy":"category","embeddable":true,"href":"https:\/\/www.pressenza.com\/es\/wp-json\/wp\/v2\/categories?post=968829"},{"taxonomy":"post_tag","embeddable":true,"href":"https:\/\/www.pressenza.com\/es\/wp-json\/wp\/v2\/tags?post=968829"}],"curies":[{"name":"wp","href":"https:\/\/api.w.org\/{rel}","templated":true}]}}