{"id":968763,"date":"2019-11-11T01:37:43","date_gmt":"2019-11-11T01:37:43","guid":{"rendered":"https:\/\/www.pressenza.com\/?p=968763"},"modified":"2019-11-11T01:37:43","modified_gmt":"2019-11-11T01:37:43","slug":"esta-enfermedad-silenciosa-afecta-a-millones-en-america-latina","status":"publish","type":"post","link":"https:\/\/www.pressenza.com\/es\/2019\/11\/esta-enfermedad-silenciosa-afecta-a-millones-en-america-latina\/","title":{"rendered":"Esta enfermedad silenciosa afecta a millones en Am\u00e9rica Latina"},"content":{"rendered":"<p class=\"introtext\"><strong>Seg\u00fan informes, m\u00e1s de 6 millones de personas est\u00e1n infectadas por el par\u00e1sito \u2018Trypanosoma cruzi\u2019 en Am\u00e9rica Latina, sin ser conscientes de ello.<\/strong><\/p>\n<p>\u201cSi es diagnosticada y se la contiene, se puede hacer un tratamiento que es efectivo y ese ni\u00f1o o ni\u00f1a se cura. El problema es que hay una falla muy grande en todo el sistema de salud por el que no podemos llegar a diagnosticar bien a todas las personas que est\u00e1n infectadas\u201d, ha afirmado bi\u00f3loga molecular Julia Cricco, a\u00a0<em>Sputnik<\/em>.<\/p>\n<p>La enfermedad, conocida como Chagas-Mazza,\u00a0causada por el par\u00e1sito\u00a0<em>Trypanosoma cruzi\u00a0<\/em>y<em>\u00a0<\/em>que llega al ser humano a trav\u00e9s de las picaduras de unos insectos que se alimentan de sangre, se asocia\u00a0a la pobreza, ya que estos insectos viven en las grietas de las paredes rajadas de adobe y se hallan en \u00e1reas rurales.<\/p>\n<p>La primera reacci\u00f3n infecciosa se puede confundir\u00a0con una gripe com\u00fan y el par\u00e1sito puede permanecer en estado de latencia sin producir s\u00edntomas por a\u00f1os. Si se activa de nuevo, puede atacar el coraz\u00f3n y el sistema nervioso, y luego causar la muerte.<\/p>\n<blockquote><p>Si es diagnosticada y se la contiene, se puede hacer un tratamiento que es efectivo y ese ni\u00f1o o ni\u00f1a se cura. El problema es que hay una falla muy grande en todo el sistema de salud por el que no podemos llegar a diagnosticar bien a todas las personas que est\u00e1n infectadas\u201d, ha afirmado bi\u00f3loga molecular Julia Cricco a Sputnik, en alusi\u00f3n a personas infectadas por el par\u00e1sito \u2018Trypanosoma cruzi\u2019 en Am\u00e9rica Latina.<\/p><\/blockquote>\n<div data-oembed-url=\"https:\/\/www.hispantv.com\/noticias\/salud\/434380\/eeuu-virus-mortal-eeev-mosquito\">\n<div class=\"oembed\">\n<p><a href=\"https:\/\/www.hispantv.com\/noticias\/salud\/434380\/eeuu-virus-mortal-eeev-mosquito\" target=\"_blank\" rel=\"noopener\"><img decoding=\"async\" class=\"thumbnail\" src=\"https:\/\/cdn.hispantv.com\/hispanmedia\/files\/images\/thumbnail\/20190731\/17154446_xl.jpg\" alt=\"Detectan un virus potencialmente mortal transmitido por mosquitos | HISPANTV\" \/><\/a><\/p>\n<div class=\"title\"><a href=\"https:\/\/www.hispantv.com\/noticias\/salud\/434380\/eeuu-virus-mortal-eeev-mosquito\" target=\"_blank\" rel=\"noopener\">Detectan un virus potencialmente mortal transmitido por mosquitos | HISPANTV<\/a><\/div>\n<\/div>\n<p><a href=\"https:\/\/www.hispantv.com\/noticias\/salud\/434380\/eeuu-virus-mortal-eeev-mosquito\" target=\"_blank\" rel=\"noopener\">Detectan en EE.UU. un raro virus capaz de provocar graves afecciones en los seres humanos, desde da\u00f1os cerebrales y secuelas neurol\u00f3gicas hasta la muerte.<\/a><\/p>\n<\/div>\n<p>La Tripanosomiasis americana o enfermedad de Chagas-Mazza es reconocida por la Organizaci\u00f3n Mundial de la Salud (OMS) como una de las 13 afecciones tropicales m\u00e1s desatendidas del mundo. Conforme a la Organizaci\u00f3n Panamericana de la Salud (OPS), se calcula que hay 6 millones de infectados en el continente latinoamericano\u00a0y se producen 14 000 muertes al a\u00f1o por dicha enfermedad.<\/p>\n<p>Los insectos que lo transmiten se encuentran en toda Latinoam\u00e9rica continental y en algunos pa\u00edses,\u00a0como Argentina, se ha\u00a0controlado la transmisi\u00f3n vectorial, es decir, la que se transmite a trav\u00e9s de la mordedura de los insectos. No obstante, la enfermedad a\u00fan se puede contagiar por otras v\u00edas, como una transfusi\u00f3n sangu\u00ednea o durante el embarazo.<\/p>\n<p>nkh\/anz\/nlr\/rba<\/p>\n","protected":false},"excerpt":{"rendered":"<p>Seg\u00fan informes, m\u00e1s de 6 millones de personas est\u00e1n infectadas por el par\u00e1sito \u2018Trypanosoma cruzi\u2019 en Am\u00e9rica Latina, sin ser conscientes de ello. \u201cSi es diagnosticada y se la contiene, se puede hacer un tratamiento que es efectivo y ese&hellip;<\/p>\n","protected":false},"author":954,"featured_media":968888,"comment_status":"closed","ping_status":"closed","sticky":false,"template":"","format":"standard","meta":{"footnotes":""},"categories":[69,1239,67],"tags":[66832,49528,14716,12195],"class_list":["post-968763","post","type-post","status-publish","format-standard","has-post-thumbnail","hentry","category-america-central","category-salud","category-sudamerica","tag-dengue-es","tag-hepatitis","tag-malaria-es","tag-oms-es"],"yoast_head":"<!-- This site is optimized with the Yoast SEO plugin v27.1.1 - https:\/\/yoast.com\/product\/yoast-seo-wordpress\/ -->\n<title>Esta enfermedad silenciosa afecta a millones en Am\u00e9rica Latina<\/title>\n<meta name=\"description\" content=\"Seg\u00fan informes, m\u00e1s de 6 millones de personas est\u00e1n infectadas por el par\u00e1sito \u2018Trypanosoma cruzi\u2019 en Am\u00e9rica Latina, sin ser conscientes de ello. \u201cSi es\" \/>\n<meta name=\"robots\" content=\"index, follow, max-snippet:-1, max-image-preview:large, max-video-preview:-1\" \/>\n<link rel=\"canonical\" href=\"https:\/\/www.pressenza.com\/es\/2019\/11\/esta-enfermedad-silenciosa-afecta-a-millones-en-america-latina\/\" \/>\n<meta property=\"og:locale\" content=\"es_ES\" \/>\n<meta property=\"og:type\" content=\"article\" \/>\n<meta property=\"og:title\" content=\"Esta enfermedad silenciosa afecta a millones en Am\u00e9rica Latina\" \/>\n<meta property=\"og:description\" content=\"Seg\u00fan informes, m\u00e1s de 6 millones de personas est\u00e1n infectadas por el par\u00e1sito \u2018Trypanosoma cruzi\u2019 en Am\u00e9rica Latina, sin ser conscientes de ello. \u201cSi es\" \/>\n<meta property=\"og:url\" content=\"https:\/\/www.pressenza.com\/es\/2019\/11\/esta-enfermedad-silenciosa-afecta-a-millones-en-america-latina\/\" \/>\n<meta property=\"og:site_name\" content=\"Pressenza\" \/>\n<meta property=\"article:publisher\" content=\"https:\/\/www.facebook.com\/PressenzaItalia\" \/>\n<meta property=\"article:author\" content=\"https:\/\/www.facebook.com\/Hispantv\" \/>\n<meta property=\"article:published_time\" content=\"2019-11-11T01:37:43+00:00\" \/>\n<meta property=\"og:image\" content=\"https:\/\/www.pressenza.com\/wp-content\/uploads\/2019\/11\/triatominae.jpg\" \/>\n\t<meta property=\"og:image:width\" content=\"800\" \/>\n\t<meta property=\"og:image:height\" content=\"450\" \/>\n\t<meta property=\"og:image:type\" content=\"image\/jpeg\" \/>\n<meta name=\"author\" content=\"HispanTV\" \/>\n<meta name=\"twitter:card\" content=\"summary_large_image\" \/>\n<meta name=\"twitter:creator\" content=\"@Hispantv\" \/>\n<meta name=\"twitter:site\" content=\"@PressenzaIPA\" \/>\n<meta name=\"twitter:label1\" content=\"Escrito por\" \/>\n\t<meta name=\"twitter:data1\" content=\"HispanTV\" \/>\n\t<meta name=\"twitter:label2\" content=\"Tiempo de lectura\" \/>\n\t<meta name=\"twitter:data2\" content=\"2 minutos\" \/>\n<script type=\"application\/ld+json\" class=\"yoast-schema-graph\">{\"@context\":\"https:\/\/schema.org\",\"@graph\":[{\"@type\":\"Article\",\"@id\":\"https:\/\/www.pressenza.com\/es\/2019\/11\/esta-enfermedad-silenciosa-afecta-a-millones-en-america-latina\/#article\",\"isPartOf\":{\"@id\":\"https:\/\/www.pressenza.com\/es\/2019\/11\/esta-enfermedad-silenciosa-afecta-a-millones-en-america-latina\/\"},\"author\":{\"name\":\"HispanTV\",\"@id\":\"https:\/\/www.pressenza.com\/es\/#\/schema\/person\/2e5ffdf0e238fbba512bcf5c97959187\"},\"headline\":\"Esta enfermedad silenciosa afecta a millones en Am\u00e9rica Latina\",\"datePublished\":\"2019-11-11T01:37:43+00:00\",\"mainEntityOfPage\":{\"@id\":\"https:\/\/www.pressenza.com\/es\/2019\/11\/esta-enfermedad-silenciosa-afecta-a-millones-en-america-latina\/\"},\"wordCount\":453,\"publisher\":{\"@id\":\"https:\/\/www.pressenza.com\/es\/#organization\"},\"image\":{\"@id\":\"https:\/\/www.pressenza.com\/es\/2019\/11\/esta-enfermedad-silenciosa-afecta-a-millones-en-america-latina\/#primaryimage\"},\"thumbnailUrl\":\"https:\/\/www.pressenza.com\/wp-content\/uploads\/2019\/11\/triatominae.jpg\",\"keywords\":[\"Dengue\",\"hepatitis\",\"Malaria\",\"OMS\"],\"articleSection\":[\"Am\u00e9rica Central\",\"Salud\",\"Sudam\u00e9rica\"],\"inLanguage\":\"es\"},{\"@type\":\"WebPage\",\"@id\":\"https:\/\/www.pressenza.com\/es\/2019\/11\/esta-enfermedad-silenciosa-afecta-a-millones-en-america-latina\/\",\"url\":\"https:\/\/www.pressenza.com\/es\/2019\/11\/esta-enfermedad-silenciosa-afecta-a-millones-en-america-latina\/\",\"name\":\"Esta enfermedad silenciosa afecta a millones en Am\u00e9rica Latina\",\"isPartOf\":{\"@id\":\"https:\/\/www.pressenza.com\/es\/#website\"},\"primaryImageOfPage\":{\"@id\":\"https:\/\/www.pressenza.com\/es\/2019\/11\/esta-enfermedad-silenciosa-afecta-a-millones-en-america-latina\/#primaryimage\"},\"image\":{\"@id\":\"https:\/\/www.pressenza.com\/es\/2019\/11\/esta-enfermedad-silenciosa-afecta-a-millones-en-america-latina\/#primaryimage\"},\"thumbnailUrl\":\"https:\/\/www.pressenza.com\/wp-content\/uploads\/2019\/11\/triatominae.jpg\",\"datePublished\":\"2019-11-11T01:37:43+00:00\",\"description\":\"Seg\u00fan informes, m\u00e1s de 6 millones de personas est\u00e1n infectadas por el par\u00e1sito \u2018Trypanosoma cruzi\u2019 en Am\u00e9rica Latina, sin ser conscientes de ello. \u201cSi es\",\"breadcrumb\":{\"@id\":\"https:\/\/www.pressenza.com\/es\/2019\/11\/esta-enfermedad-silenciosa-afecta-a-millones-en-america-latina\/#breadcrumb\"},\"inLanguage\":\"es\",\"potentialAction\":[{\"@type\":\"ReadAction\",\"target\":[\"https:\/\/www.pressenza.com\/es\/2019\/11\/esta-enfermedad-silenciosa-afecta-a-millones-en-america-latina\/\"]}]},{\"@type\":\"ImageObject\",\"inLanguage\":\"es\",\"@id\":\"https:\/\/www.pressenza.com\/es\/2019\/11\/esta-enfermedad-silenciosa-afecta-a-millones-en-america-latina\/#primaryimage\",\"url\":\"https:\/\/www.pressenza.com\/wp-content\/uploads\/2019\/11\/triatominae.jpg\",\"contentUrl\":\"https:\/\/www.pressenza.com\/wp-content\/uploads\/2019\/11\/triatominae.jpg\",\"width\":800,\"height\":450},{\"@type\":\"BreadcrumbList\",\"@id\":\"https:\/\/www.pressenza.com\/es\/2019\/11\/esta-enfermedad-silenciosa-afecta-a-millones-en-america-latina\/#breadcrumb\",\"itemListElement\":[{\"@type\":\"ListItem\",\"position\":1,\"name\":\"Accueil\",\"item\":\"https:\/\/www.pressenza.com\/es\/\"},{\"@type\":\"ListItem\",\"position\":2,\"name\":\"Esta enfermedad silenciosa afecta a millones en Am\u00e9rica Latina\"}]},{\"@type\":\"WebSite\",\"@id\":\"https:\/\/www.pressenza.com\/es\/#website\",\"url\":\"https:\/\/www.pressenza.com\/es\/\",\"name\":\"Pressenza\",\"description\":\"International Press Agency\",\"publisher\":{\"@id\":\"https:\/\/www.pressenza.com\/es\/#organization\"},\"potentialAction\":[{\"@type\":\"SearchAction\",\"target\":{\"@type\":\"EntryPoint\",\"urlTemplate\":\"https:\/\/www.pressenza.com\/es\/?s={search_term_string}\"},\"query-input\":{\"@type\":\"PropertyValueSpecification\",\"valueRequired\":true,\"valueName\":\"search_term_string\"}}],\"inLanguage\":\"es\"},{\"@type\":\"Organization\",\"@id\":\"https:\/\/www.pressenza.com\/es\/#organization\",\"name\":\"Pressenza\",\"url\":\"https:\/\/www.pressenza.com\/es\/\",\"logo\":{\"@type\":\"ImageObject\",\"inLanguage\":\"es\",\"@id\":\"https:\/\/www.pressenza.com\/es\/#\/schema\/logo\/image\/\",\"url\":\"https:\/\/www.pressenza.com\/wp-content\/uploads\/2022\/10\/pressenza_logo_200x200.jpg\",\"contentUrl\":\"https:\/\/www.pressenza.com\/wp-content\/uploads\/2022\/10\/pressenza_logo_200x200.jpg\",\"width\":200,\"height\":200,\"caption\":\"Pressenza\"},\"image\":{\"@id\":\"https:\/\/www.pressenza.com\/es\/#\/schema\/logo\/image\/\"},\"sameAs\":[\"https:\/\/www.facebook.com\/PressenzaItalia\",\"https:\/\/x.com\/PressenzaIPA\"]},{\"@type\":\"Person\",\"@id\":\"https:\/\/www.pressenza.com\/es\/#\/schema\/person\/2e5ffdf0e238fbba512bcf5c97959187\",\"name\":\"HispanTV\",\"description\":\"Trabajar bajo el f\u00e9rreo compromiso como medio de comunicaci\u00f3n para fomentar el acercamiento entre los pueblos de Ir\u00e1n, el Hispanoamericano y los de Medio Oriente, considerando adem\u00e1s la necesidad de crear una mayor cercan\u00eda entre todos los pueblos de Am\u00e9rica Latina. http:\/\/www.hispantv.com\/\",\"sameAs\":[\"http:\/\/www.hispantv.ir\",\"https:\/\/www.facebook.com\/Hispantv\",\"https:\/\/x.com\/Hispantv\"],\"url\":\"https:\/\/www.pressenza.com\/es\/author\/hispantv\/\"}]}<\/script>\n<!-- \/ Yoast SEO plugin. -->","yoast_head_json":{"title":"Esta enfermedad silenciosa afecta a millones en Am\u00e9rica Latina","description":"Seg\u00fan informes, m\u00e1s de 6 millones de personas est\u00e1n infectadas por el par\u00e1sito \u2018Trypanosoma cruzi\u2019 en Am\u00e9rica Latina, sin ser conscientes de ello. \u201cSi es","robots":{"index":"index","follow":"follow","max-snippet":"max-snippet:-1","max-image-preview":"max-image-preview:large","max-video-preview":"max-video-preview:-1"},"canonical":"https:\/\/www.pressenza.com\/es\/2019\/11\/esta-enfermedad-silenciosa-afecta-a-millones-en-america-latina\/","og_locale":"es_ES","og_type":"article","og_title":"Esta enfermedad silenciosa afecta a millones en Am\u00e9rica Latina","og_description":"Seg\u00fan informes, m\u00e1s de 6 millones de personas est\u00e1n infectadas por el par\u00e1sito \u2018Trypanosoma cruzi\u2019 en Am\u00e9rica Latina, sin ser conscientes de ello. \u201cSi es","og_url":"https:\/\/www.pressenza.com\/es\/2019\/11\/esta-enfermedad-silenciosa-afecta-a-millones-en-america-latina\/","og_site_name":"Pressenza","article_publisher":"https:\/\/www.facebook.com\/PressenzaItalia","article_author":"https:\/\/www.facebook.com\/Hispantv","article_published_time":"2019-11-11T01:37:43+00:00","og_image":[{"width":800,"height":450,"url":"https:\/\/www.pressenza.com\/wp-content\/uploads\/2019\/11\/triatominae.jpg","type":"image\/jpeg"}],"author":"HispanTV","twitter_card":"summary_large_image","twitter_creator":"@Hispantv","twitter_site":"@PressenzaIPA","twitter_misc":{"Escrito por":"HispanTV","Tiempo de lectura":"2 minutos"},"schema":{"@context":"https:\/\/schema.org","@graph":[{"@type":"Article","@id":"https:\/\/www.pressenza.com\/es\/2019\/11\/esta-enfermedad-silenciosa-afecta-a-millones-en-america-latina\/#article","isPartOf":{"@id":"https:\/\/www.pressenza.com\/es\/2019\/11\/esta-enfermedad-silenciosa-afecta-a-millones-en-america-latina\/"},"author":{"name":"HispanTV","@id":"https:\/\/www.pressenza.com\/es\/#\/schema\/person\/2e5ffdf0e238fbba512bcf5c97959187"},"headline":"Esta enfermedad silenciosa afecta a millones en Am\u00e9rica Latina","datePublished":"2019-11-11T01:37:43+00:00","mainEntityOfPage":{"@id":"https:\/\/www.pressenza.com\/es\/2019\/11\/esta-enfermedad-silenciosa-afecta-a-millones-en-america-latina\/"},"wordCount":453,"publisher":{"@id":"https:\/\/www.pressenza.com\/es\/#organization"},"image":{"@id":"https:\/\/www.pressenza.com\/es\/2019\/11\/esta-enfermedad-silenciosa-afecta-a-millones-en-america-latina\/#primaryimage"},"thumbnailUrl":"https:\/\/www.pressenza.com\/wp-content\/uploads\/2019\/11\/triatominae.jpg","keywords":["Dengue","hepatitis","Malaria","OMS"],"articleSection":["Am\u00e9rica Central","Salud","Sudam\u00e9rica"],"inLanguage":"es"},{"@type":"WebPage","@id":"https:\/\/www.pressenza.com\/es\/2019\/11\/esta-enfermedad-silenciosa-afecta-a-millones-en-america-latina\/","url":"https:\/\/www.pressenza.com\/es\/2019\/11\/esta-enfermedad-silenciosa-afecta-a-millones-en-america-latina\/","name":"Esta enfermedad silenciosa afecta a millones en Am\u00e9rica Latina","isPartOf":{"@id":"https:\/\/www.pressenza.com\/es\/#website"},"primaryImageOfPage":{"@id":"https:\/\/www.pressenza.com\/es\/2019\/11\/esta-enfermedad-silenciosa-afecta-a-millones-en-america-latina\/#primaryimage"},"image":{"@id":"https:\/\/www.pressenza.com\/es\/2019\/11\/esta-enfermedad-silenciosa-afecta-a-millones-en-america-latina\/#primaryimage"},"thumbnailUrl":"https:\/\/www.pressenza.com\/wp-content\/uploads\/2019\/11\/triatominae.jpg","datePublished":"2019-11-11T01:37:43+00:00","description":"Seg\u00fan informes, m\u00e1s de 6 millones de personas est\u00e1n infectadas por el par\u00e1sito \u2018Trypanosoma cruzi\u2019 en Am\u00e9rica Latina, sin ser conscientes de ello. \u201cSi es","breadcrumb":{"@id":"https:\/\/www.pressenza.com\/es\/2019\/11\/esta-enfermedad-silenciosa-afecta-a-millones-en-america-latina\/#breadcrumb"},"inLanguage":"es","potentialAction":[{"@type":"ReadAction","target":["https:\/\/www.pressenza.com\/es\/2019\/11\/esta-enfermedad-silenciosa-afecta-a-millones-en-america-latina\/"]}]},{"@type":"ImageObject","inLanguage":"es","@id":"https:\/\/www.pressenza.com\/es\/2019\/11\/esta-enfermedad-silenciosa-afecta-a-millones-en-america-latina\/#primaryimage","url":"https:\/\/www.pressenza.com\/wp-content\/uploads\/2019\/11\/triatominae.jpg","contentUrl":"https:\/\/www.pressenza.com\/wp-content\/uploads\/2019\/11\/triatominae.jpg","width":800,"height":450},{"@type":"BreadcrumbList","@id":"https:\/\/www.pressenza.com\/es\/2019\/11\/esta-enfermedad-silenciosa-afecta-a-millones-en-america-latina\/#breadcrumb","itemListElement":[{"@type":"ListItem","position":1,"name":"Accueil","item":"https:\/\/www.pressenza.com\/es\/"},{"@type":"ListItem","position":2,"name":"Esta enfermedad silenciosa afecta a millones en Am\u00e9rica Latina"}]},{"@type":"WebSite","@id":"https:\/\/www.pressenza.com\/es\/#website","url":"https:\/\/www.pressenza.com\/es\/","name":"Pressenza","description":"International Press Agency","publisher":{"@id":"https:\/\/www.pressenza.com\/es\/#organization"},"potentialAction":[{"@type":"SearchAction","target":{"@type":"EntryPoint","urlTemplate":"https:\/\/www.pressenza.com\/es\/?s={search_term_string}"},"query-input":{"@type":"PropertyValueSpecification","valueRequired":true,"valueName":"search_term_string"}}],"inLanguage":"es"},{"@type":"Organization","@id":"https:\/\/www.pressenza.com\/es\/#organization","name":"Pressenza","url":"https:\/\/www.pressenza.com\/es\/","logo":{"@type":"ImageObject","inLanguage":"es","@id":"https:\/\/www.pressenza.com\/es\/#\/schema\/logo\/image\/","url":"https:\/\/www.pressenza.com\/wp-content\/uploads\/2022\/10\/pressenza_logo_200x200.jpg","contentUrl":"https:\/\/www.pressenza.com\/wp-content\/uploads\/2022\/10\/pressenza_logo_200x200.jpg","width":200,"height":200,"caption":"Pressenza"},"image":{"@id":"https:\/\/www.pressenza.com\/es\/#\/schema\/logo\/image\/"},"sameAs":["https:\/\/www.facebook.com\/PressenzaItalia","https:\/\/x.com\/PressenzaIPA"]},{"@type":"Person","@id":"https:\/\/www.pressenza.com\/es\/#\/schema\/person\/2e5ffdf0e238fbba512bcf5c97959187","name":"HispanTV","description":"Trabajar bajo el f\u00e9rreo compromiso como medio de comunicaci\u00f3n para fomentar el acercamiento entre los pueblos de Ir\u00e1n, el Hispanoamericano y los de Medio Oriente, considerando adem\u00e1s la necesidad de crear una mayor cercan\u00eda entre todos los pueblos de Am\u00e9rica Latina. http:\/\/www.hispantv.com\/","sameAs":["http:\/\/www.hispantv.ir","https:\/\/www.facebook.com\/Hispantv","https:\/\/x.com\/Hispantv"],"url":"https:\/\/www.pressenza.com\/es\/author\/hispantv\/"}]}},"place":"","original_article_url":"https:\/\/www.hispantv.com\/noticias\/salud\/441742\/enfermedad-mortal-trypanosoma-cruzi","_links":{"self":[{"href":"https:\/\/www.pressenza.com\/es\/wp-json\/wp\/v2\/posts\/968763","targetHints":{"allow":["GET"]}}],"collection":[{"href":"https:\/\/www.pressenza.com\/es\/wp-json\/wp\/v2\/posts"}],"about":[{"href":"https:\/\/www.pressenza.com\/es\/wp-json\/wp\/v2\/types\/post"}],"author":[{"embeddable":true,"href":"https:\/\/www.pressenza.com\/es\/wp-json\/wp\/v2\/users\/954"}],"replies":[{"embeddable":true,"href":"https:\/\/www.pressenza.com\/es\/wp-json\/wp\/v2\/comments?post=968763"}],"version-history":[{"count":0,"href":"https:\/\/www.pressenza.com\/es\/wp-json\/wp\/v2\/posts\/968763\/revisions"}],"wp:featuredmedia":[{"embeddable":true,"href":"https:\/\/www.pressenza.com\/es\/wp-json\/wp\/v2\/media\/968888"}],"wp:attachment":[{"href":"https:\/\/www.pressenza.com\/es\/wp-json\/wp\/v2\/media?parent=968763"}],"wp:term":[{"taxonomy":"category","embeddable":true,"href":"https:\/\/www.pressenza.com\/es\/wp-json\/wp\/v2\/categories?post=968763"},{"taxonomy":"post_tag","embeddable":true,"href":"https:\/\/www.pressenza.com\/es\/wp-json\/wp\/v2\/tags?post=968763"}],"curies":[{"name":"wp","href":"https:\/\/api.w.org\/{rel}","templated":true}]}}