{"id":967338,"date":"2019-11-09T21:48:43","date_gmt":"2019-11-09T21:48:43","guid":{"rendered":"https:\/\/www.pressenza.com\/?p=967338"},"modified":"2019-11-09T21:48:43","modified_gmt":"2019-11-09T21:48:43","slug":"foro-de-comunicadores-de-america-latina-y-el-caribe-manifiesta-su-rechazo-al-intento-de-golpe-en-bolivia","status":"publish","type":"post","link":"https:\/\/www.pressenza.com\/es\/2019\/11\/foro-de-comunicadores-de-america-latina-y-el-caribe-manifiesta-su-rechazo-al-intento-de-golpe-en-bolivia\/","title":{"rendered":"Foro de Comunicadores de Am\u00e9rica Latina y el Caribe manifiesta su rechazo al intento de golpe en Bolivia"},"content":{"rendered":"<p>En una nota dada a conocer este mediod\u00eda (9), el Foro de Comunicaci\u00f3n para la Integraci\u00f3n de NuestrAm\u00e9rica (FCINA) manifest\u00f3 un en\u00e9rgico rechazo a los intentos de derrocar mediante un golpe de Estado al presidente Evo Morales Ayma.<\/p>\n<p>El texto repudia la violencia y el car\u00e1cter discriminador de la asonada, que ya ha cobrado varias vidas y que ha producido vandalismo y agresiones a su paso.<\/p>\n<p>Los comunicadores indican que las protestas por un presunto \u00abfraude\u00bb en las elecciones del 20\/11 &#8211; que Evo Morales gan\u00f3 por m\u00e1s de 10 puntos &#8211; no son sino un pretexto \u00abpara\u00a0exaltar los \u00e1nimos e intentar forzar un cambio de gobierno de manera antidemocr\u00e1tica.\u00bb<\/p>\n<p>De manera expl\u00edcita, las m\u00e1s de 30 redes y movimientos asociados en el Foro critican la parcialidad de los medios privados del pa\u00eds y la tremenda desinformaci\u00f3n sembrada con falsas noticias en las redes sociales.<\/p>\n<p>En un claro posicionamiento, el nucleamiento exhorta \u00abal pueblo boliviano a defender la paz social y salir al cruce del intento de golpe con firmeza.\u00bb<\/p>\n<p>Convocan tambi\u00e9n de manera inequ\u00edvoca \u00aba los movimientos sociales y medios populares de la regi\u00f3n a denunciar el golpismo que pretende retrotraer al Estado Plurinacional de Bolivia a \u00e9pocas neocoloniales de vejaci\u00f3n y exclusi\u00f3n para las naciones originarias, los obreros y el campesinado.\u00bb<\/p>\n<p>En referencia a la Conferencia de Prensa dada por el presidente a primeras horas de la tarde, el comunicado expresa su apoyo a la propuesta de di\u00e1logo con acompa\u00f1amiento internacional expresada por el gobernante y alienta a una respuesta positiva que permita desescalar las acciones violentas y salve vidas.<\/p>\n<p>Reproducimos el texto del pronunciamiento integramente.<\/p>\n<p><em><u>Pronunciamiento del Foro de Comunicaci\u00f3n para la Integraci\u00f3n de NuestrAm\u00e9rica (FCINA)<\/u><\/em><\/p>\n<p><strong>\u00a1No al intento de golpe de Estado en Bolivia!<\/strong><\/p>\n<p>El Foro de Comunicaci\u00f3n para la Integraci\u00f3n de NuestrAm\u00e9rica (FCINA) manifiesta su en\u00e9rgico rechazo al intento de golpe de Estado en curso en Bolivia.<\/p>\n<p>Las acciones vand\u00e1licas contra instituciones del Estado, la violencia desatada en las calles, las expresiones racistas de sectores radicales de la oposici\u00f3n, las agresiones a marchas de mujeres y a ciudadanos afines a la pol\u00edtica de Gobierno, merecen un repudio generalizado.<\/p>\n<p>A estas alturas, no cabe duda que se trata de un plan conspirativo que ha sembrado dudas en la poblaci\u00f3n sobre el reciente proceso electoral para exaltar los \u00e1nimos e intentar forzar un cambio de gobierno de manera antidemocr\u00e1tica.<\/p>\n<p>La mayor parte de los medios de difusi\u00f3n privados, al igual que sucede en toda Am\u00e9rica Latina, ha abonado el terreno favoreciendo el relato opositor. Otro tanto ha sucedido con la andanada de noticias falsas distribuidas por las redes sociales con anterioridad al acto electoral. Esquema de desinformaci\u00f3n que tuvo un impacto distorsivo similar ya en el plebiscito de 2016.<\/p>\n<p>Bajo la presidencia de Evo Morales, Bolivia ha producido un enorme avance social, ha jugado un papel clave en los procesos de integraci\u00f3n regional y ha avanzado por el camino de la emancipaci\u00f3n y la dignidad de pueblos azotados durante centurias.<\/p>\n<p>Exhortamos al pueblo boliviano a defender la paz social y salir al cruce del intento de golpe con firmeza. Asimismo convocamos a los movimientos sociales y medios populares de la regi\u00f3n a denunciar el golpismo que pretende retrotraer al Estado Plurinacional de Bolivia a \u00e9pocas neocoloniales de vejaci\u00f3n y exclusi\u00f3n para las naciones originarias, los obreros y el campesinado.<\/p>\n<p>Por \u00faltimo FCINA saluda y apoya la propuesta de di\u00e1logo con acompa\u00f1amiento internacional realizada hoy por el presidente Morales a los partidos con representaci\u00f3n parlamentaria y alienta a una respuesta positiva que permita desescalar las acciones violentas y salve vidas.<\/p>\n<p>FORO DE COMUNICACI\u00d3N PARA LA INTEGRACI\u00d3N DE NUESTRAM\u00c9RICA (FCINA)<\/p>\n<p>9\/11\/2019<\/p>\n<p><a href=\"mailto:foro@integracion-lac.info\">foro@integracion-lac.info<\/a><\/p>\n<p><img loading=\"lazy\" decoding=\"async\" class=\"aligncenter size-full wp-image-967339\" src=\"https:\/\/www.pressenza.com\/wp-content\/uploads\/2019\/11\/no-al-golpe-en-Bolivia.jpeg\" alt=\"\" width=\"612\" height=\"792\" srcset=\"https:\/\/www.pressenza.com\/wp-content\/uploads\/2019\/11\/no-al-golpe-en-Bolivia.jpeg 612w, https:\/\/www.pressenza.com\/wp-content\/uploads\/2019\/11\/no-al-golpe-en-Bolivia-232x300.jpeg 232w\" sizes=\"auto, (max-width: 612px) 100vw, 612px\" \/><\/p>\n<p>&nbsp;<\/p>\n","protected":false},"excerpt":{"rendered":"<p>En una nota dada a conocer este mediod\u00eda (9), el Foro de Comunicaci\u00f3n para la Integraci\u00f3n de NuestrAm\u00e9rica (FCINA) manifest\u00f3 un en\u00e9rgico rechazo a los intentos de derrocar mediante un golpe de Estado al presidente Evo Morales Ayma. El texto&hellip;<\/p>\n","protected":false},"author":970,"featured_media":967349,"comment_status":"closed","ping_status":"closed","sticky":false,"template":"","format":"standard","meta":{"footnotes":""},"categories":[11389,1242,74,67],"tags":[1646,52347,1557,66728,3098],"class_list":["post-967338","post","type-post","status-publish","format-standard","has-post-thumbnail","hentry","category-contenido-original","category-noviolencia-tema","category-politica-es","category-sudamerica","tag-bolivia","tag-evo-morales-ayma","tag-golpe-de-estado-es","tag-luis-fernando-camacho","tag-racismo"],"yoast_head":"<!-- This site is optimized with the Yoast SEO plugin v27.1.1 - https:\/\/yoast.com\/product\/yoast-seo-wordpress\/ -->\n<title>Foro de Comunicadores de Am\u00e9rica Latina y el Caribe manifiesta su rechazo al intento de golpe en Bolivia<\/title>\n<meta name=\"description\" content=\"En una nota dada a conocer este mediod\u00eda (9), el Foro de Comunicaci\u00f3n para la Integraci\u00f3n de NuestrAm\u00e9rica (FCINA) manifest\u00f3 un en\u00e9rgico rechazo a los\" \/>\n<meta name=\"robots\" content=\"index, follow, max-snippet:-1, max-image-preview:large, max-video-preview:-1\" \/>\n<link rel=\"canonical\" href=\"https:\/\/www.pressenza.com\/es\/2019\/11\/foro-de-comunicadores-de-america-latina-y-el-caribe-manifiesta-su-rechazo-al-intento-de-golpe-en-bolivia\/\" \/>\n<meta property=\"og:locale\" content=\"es_ES\" \/>\n<meta property=\"og:type\" content=\"article\" \/>\n<meta property=\"og:title\" content=\"Foro de Comunicadores de Am\u00e9rica Latina y el Caribe manifiesta su rechazo al intento de golpe en Bolivia\" \/>\n<meta property=\"og:description\" content=\"En una nota dada a conocer este mediod\u00eda (9), el Foro de Comunicaci\u00f3n para la Integraci\u00f3n de NuestrAm\u00e9rica (FCINA) manifest\u00f3 un en\u00e9rgico rechazo a los\" \/>\n<meta property=\"og:url\" content=\"https:\/\/www.pressenza.com\/es\/2019\/11\/foro-de-comunicadores-de-america-latina-y-el-caribe-manifiesta-su-rechazo-al-intento-de-golpe-en-bolivia\/\" \/>\n<meta property=\"og:site_name\" content=\"Pressenza\" \/>\n<meta property=\"article:publisher\" content=\"https:\/\/www.facebook.com\/PressenzaItalia\" \/>\n<meta property=\"article:author\" content=\"https:\/\/www.facebook.com\/javier.tolcachier?fref=ts\" \/>\n<meta property=\"article:published_time\" content=\"2019-11-09T21:48:43+00:00\" \/>\n<meta property=\"og:image\" content=\"https:\/\/www.pressenza.com\/wp-content\/uploads\/2019\/11\/evo-abi.jpg\" \/>\n\t<meta property=\"og:image:width\" content=\"2048\" \/>\n\t<meta property=\"og:image:height\" content=\"1365\" \/>\n\t<meta property=\"og:image:type\" content=\"image\/jpeg\" \/>\n<meta name=\"author\" content=\"Javier Tolcachier\" \/>\n<meta name=\"twitter:card\" content=\"summary_large_image\" \/>\n<meta name=\"twitter:creator\" content=\"@jtolcachier\" \/>\n<meta name=\"twitter:site\" content=\"@PressenzaIPA\" \/>\n<meta name=\"twitter:label1\" content=\"Escrito por\" \/>\n\t<meta name=\"twitter:data1\" content=\"Javier Tolcachier\" \/>\n\t<meta name=\"twitter:label2\" content=\"Tiempo de lectura\" \/>\n\t<meta name=\"twitter:data2\" content=\"3 minutos\" \/>\n<script type=\"application\/ld+json\" class=\"yoast-schema-graph\">{\"@context\":\"https:\/\/schema.org\",\"@graph\":[{\"@type\":\"Article\",\"@id\":\"https:\/\/www.pressenza.com\/es\/2019\/11\/foro-de-comunicadores-de-america-latina-y-el-caribe-manifiesta-su-rechazo-al-intento-de-golpe-en-bolivia\/#article\",\"isPartOf\":{\"@id\":\"https:\/\/www.pressenza.com\/es\/2019\/11\/foro-de-comunicadores-de-america-latina-y-el-caribe-manifiesta-su-rechazo-al-intento-de-golpe-en-bolivia\/\"},\"author\":{\"name\":\"Javier Tolcachier\",\"@id\":\"https:\/\/www.pressenza.com\/es\/#\/schema\/person\/f353f6d4eed144101dedba60e6227564\"},\"headline\":\"Foro de Comunicadores de Am\u00e9rica Latina y el Caribe manifiesta su rechazo al intento de golpe en Bolivia\",\"datePublished\":\"2019-11-09T21:48:43+00:00\",\"mainEntityOfPage\":{\"@id\":\"https:\/\/www.pressenza.com\/es\/2019\/11\/foro-de-comunicadores-de-america-latina-y-el-caribe-manifiesta-su-rechazo-al-intento-de-golpe-en-bolivia\/\"},\"wordCount\":665,\"publisher\":{\"@id\":\"https:\/\/www.pressenza.com\/es\/#organization\"},\"image\":{\"@id\":\"https:\/\/www.pressenza.com\/es\/2019\/11\/foro-de-comunicadores-de-america-latina-y-el-caribe-manifiesta-su-rechazo-al-intento-de-golpe-en-bolivia\/#primaryimage\"},\"thumbnailUrl\":\"https:\/\/www.pressenza.com\/wp-content\/uploads\/2019\/11\/evo-abi.jpg\",\"keywords\":[\"Bolivia\",\"Evo Morales Ayma\",\"golpe de estado\",\"Luis Fernando Camacho\",\"racismo\"],\"articleSection\":[\"Contenido Original\",\"Noviolencia\",\"Pol\u00edtica\",\"Sudam\u00e9rica\"],\"inLanguage\":\"es\"},{\"@type\":\"WebPage\",\"@id\":\"https:\/\/www.pressenza.com\/es\/2019\/11\/foro-de-comunicadores-de-america-latina-y-el-caribe-manifiesta-su-rechazo-al-intento-de-golpe-en-bolivia\/\",\"url\":\"https:\/\/www.pressenza.com\/es\/2019\/11\/foro-de-comunicadores-de-america-latina-y-el-caribe-manifiesta-su-rechazo-al-intento-de-golpe-en-bolivia\/\",\"name\":\"Foro de Comunicadores de Am\u00e9rica Latina y el Caribe manifiesta su rechazo al intento de golpe en Bolivia\",\"isPartOf\":{\"@id\":\"https:\/\/www.pressenza.com\/es\/#website\"},\"primaryImageOfPage\":{\"@id\":\"https:\/\/www.pressenza.com\/es\/2019\/11\/foro-de-comunicadores-de-america-latina-y-el-caribe-manifiesta-su-rechazo-al-intento-de-golpe-en-bolivia\/#primaryimage\"},\"image\":{\"@id\":\"https:\/\/www.pressenza.com\/es\/2019\/11\/foro-de-comunicadores-de-america-latina-y-el-caribe-manifiesta-su-rechazo-al-intento-de-golpe-en-bolivia\/#primaryimage\"},\"thumbnailUrl\":\"https:\/\/www.pressenza.com\/wp-content\/uploads\/2019\/11\/evo-abi.jpg\",\"datePublished\":\"2019-11-09T21:48:43+00:00\",\"description\":\"En una nota dada a conocer este mediod\u00eda (9), el Foro de Comunicaci\u00f3n para la Integraci\u00f3n de NuestrAm\u00e9rica (FCINA) manifest\u00f3 un en\u00e9rgico rechazo a los\",\"breadcrumb\":{\"@id\":\"https:\/\/www.pressenza.com\/es\/2019\/11\/foro-de-comunicadores-de-america-latina-y-el-caribe-manifiesta-su-rechazo-al-intento-de-golpe-en-bolivia\/#breadcrumb\"},\"inLanguage\":\"es\",\"potentialAction\":[{\"@type\":\"ReadAction\",\"target\":[\"https:\/\/www.pressenza.com\/es\/2019\/11\/foro-de-comunicadores-de-america-latina-y-el-caribe-manifiesta-su-rechazo-al-intento-de-golpe-en-bolivia\/\"]}]},{\"@type\":\"ImageObject\",\"inLanguage\":\"es\",\"@id\":\"https:\/\/www.pressenza.com\/es\/2019\/11\/foro-de-comunicadores-de-america-latina-y-el-caribe-manifiesta-su-rechazo-al-intento-de-golpe-en-bolivia\/#primaryimage\",\"url\":\"https:\/\/www.pressenza.com\/wp-content\/uploads\/2019\/11\/evo-abi.jpg\",\"contentUrl\":\"https:\/\/www.pressenza.com\/wp-content\/uploads\/2019\/11\/evo-abi.jpg\",\"width\":2048,\"height\":1365},{\"@type\":\"BreadcrumbList\",\"@id\":\"https:\/\/www.pressenza.com\/es\/2019\/11\/foro-de-comunicadores-de-america-latina-y-el-caribe-manifiesta-su-rechazo-al-intento-de-golpe-en-bolivia\/#breadcrumb\",\"itemListElement\":[{\"@type\":\"ListItem\",\"position\":1,\"name\":\"Accueil\",\"item\":\"https:\/\/www.pressenza.com\/es\/\"},{\"@type\":\"ListItem\",\"position\":2,\"name\":\"Foro de Comunicadores de Am\u00e9rica Latina y el Caribe manifiesta su rechazo al intento de golpe en Bolivia\"}]},{\"@type\":\"WebSite\",\"@id\":\"https:\/\/www.pressenza.com\/es\/#website\",\"url\":\"https:\/\/www.pressenza.com\/es\/\",\"name\":\"Pressenza\",\"description\":\"International Press Agency\",\"publisher\":{\"@id\":\"https:\/\/www.pressenza.com\/es\/#organization\"},\"potentialAction\":[{\"@type\":\"SearchAction\",\"target\":{\"@type\":\"EntryPoint\",\"urlTemplate\":\"https:\/\/www.pressenza.com\/es\/?s={search_term_string}\"},\"query-input\":{\"@type\":\"PropertyValueSpecification\",\"valueRequired\":true,\"valueName\":\"search_term_string\"}}],\"inLanguage\":\"es\"},{\"@type\":\"Organization\",\"@id\":\"https:\/\/www.pressenza.com\/es\/#organization\",\"name\":\"Pressenza\",\"url\":\"https:\/\/www.pressenza.com\/es\/\",\"logo\":{\"@type\":\"ImageObject\",\"inLanguage\":\"es\",\"@id\":\"https:\/\/www.pressenza.com\/es\/#\/schema\/logo\/image\/\",\"url\":\"https:\/\/www.pressenza.com\/wp-content\/uploads\/2022\/10\/pressenza_logo_200x200.jpg\",\"contentUrl\":\"https:\/\/www.pressenza.com\/wp-content\/uploads\/2022\/10\/pressenza_logo_200x200.jpg\",\"width\":200,\"height\":200,\"caption\":\"Pressenza\"},\"image\":{\"@id\":\"https:\/\/www.pressenza.com\/es\/#\/schema\/logo\/image\/\"},\"sameAs\":[\"https:\/\/www.facebook.com\/PressenzaItalia\",\"https:\/\/x.com\/PressenzaIPA\"]},{\"@type\":\"Person\",\"@id\":\"https:\/\/www.pressenza.com\/es\/#\/schema\/person\/f353f6d4eed144101dedba60e6227564\",\"name\":\"Javier Tolcachier\",\"description\":\"Javier Tolcachier is a researcher from the World Centre of Humanist Studies, an organism of the Humanist Movement. Mail: javiertolcachier@disroot.org Twitter: @jtolcachier\",\"sameAs\":[\"https:\/\/www.facebook.com\/javier.tolcachier?fref=ts\",\"https:\/\/x.com\/jtolcachier\"],\"url\":\"https:\/\/www.pressenza.com\/es\/author\/javier-tolcachier\/\"}]}<\/script>\n<!-- \/ Yoast SEO plugin. -->","yoast_head_json":{"title":"Foro de Comunicadores de Am\u00e9rica Latina y el Caribe manifiesta su rechazo al intento de golpe en Bolivia","description":"En una nota dada a conocer este mediod\u00eda (9), el Foro de Comunicaci\u00f3n para la Integraci\u00f3n de NuestrAm\u00e9rica (FCINA) manifest\u00f3 un en\u00e9rgico rechazo a los","robots":{"index":"index","follow":"follow","max-snippet":"max-snippet:-1","max-image-preview":"max-image-preview:large","max-video-preview":"max-video-preview:-1"},"canonical":"https:\/\/www.pressenza.com\/es\/2019\/11\/foro-de-comunicadores-de-america-latina-y-el-caribe-manifiesta-su-rechazo-al-intento-de-golpe-en-bolivia\/","og_locale":"es_ES","og_type":"article","og_title":"Foro de Comunicadores de Am\u00e9rica Latina y el Caribe manifiesta su rechazo al intento de golpe en Bolivia","og_description":"En una nota dada a conocer este mediod\u00eda (9), el Foro de Comunicaci\u00f3n para la Integraci\u00f3n de NuestrAm\u00e9rica (FCINA) manifest\u00f3 un en\u00e9rgico rechazo a los","og_url":"https:\/\/www.pressenza.com\/es\/2019\/11\/foro-de-comunicadores-de-america-latina-y-el-caribe-manifiesta-su-rechazo-al-intento-de-golpe-en-bolivia\/","og_site_name":"Pressenza","article_publisher":"https:\/\/www.facebook.com\/PressenzaItalia","article_author":"https:\/\/www.facebook.com\/javier.tolcachier?fref=ts","article_published_time":"2019-11-09T21:48:43+00:00","og_image":[{"width":2048,"height":1365,"url":"https:\/\/www.pressenza.com\/wp-content\/uploads\/2019\/11\/evo-abi.jpg","type":"image\/jpeg"}],"author":"Javier Tolcachier","twitter_card":"summary_large_image","twitter_creator":"@jtolcachier","twitter_site":"@PressenzaIPA","twitter_misc":{"Escrito por":"Javier Tolcachier","Tiempo de lectura":"3 minutos"},"schema":{"@context":"https:\/\/schema.org","@graph":[{"@type":"Article","@id":"https:\/\/www.pressenza.com\/es\/2019\/11\/foro-de-comunicadores-de-america-latina-y-el-caribe-manifiesta-su-rechazo-al-intento-de-golpe-en-bolivia\/#article","isPartOf":{"@id":"https:\/\/www.pressenza.com\/es\/2019\/11\/foro-de-comunicadores-de-america-latina-y-el-caribe-manifiesta-su-rechazo-al-intento-de-golpe-en-bolivia\/"},"author":{"name":"Javier Tolcachier","@id":"https:\/\/www.pressenza.com\/es\/#\/schema\/person\/f353f6d4eed144101dedba60e6227564"},"headline":"Foro de Comunicadores de Am\u00e9rica Latina y el Caribe manifiesta su rechazo al intento de golpe en Bolivia","datePublished":"2019-11-09T21:48:43+00:00","mainEntityOfPage":{"@id":"https:\/\/www.pressenza.com\/es\/2019\/11\/foro-de-comunicadores-de-america-latina-y-el-caribe-manifiesta-su-rechazo-al-intento-de-golpe-en-bolivia\/"},"wordCount":665,"publisher":{"@id":"https:\/\/www.pressenza.com\/es\/#organization"},"image":{"@id":"https:\/\/www.pressenza.com\/es\/2019\/11\/foro-de-comunicadores-de-america-latina-y-el-caribe-manifiesta-su-rechazo-al-intento-de-golpe-en-bolivia\/#primaryimage"},"thumbnailUrl":"https:\/\/www.pressenza.com\/wp-content\/uploads\/2019\/11\/evo-abi.jpg","keywords":["Bolivia","Evo Morales Ayma","golpe de estado","Luis Fernando Camacho","racismo"],"articleSection":["Contenido Original","Noviolencia","Pol\u00edtica","Sudam\u00e9rica"],"inLanguage":"es"},{"@type":"WebPage","@id":"https:\/\/www.pressenza.com\/es\/2019\/11\/foro-de-comunicadores-de-america-latina-y-el-caribe-manifiesta-su-rechazo-al-intento-de-golpe-en-bolivia\/","url":"https:\/\/www.pressenza.com\/es\/2019\/11\/foro-de-comunicadores-de-america-latina-y-el-caribe-manifiesta-su-rechazo-al-intento-de-golpe-en-bolivia\/","name":"Foro de Comunicadores de Am\u00e9rica Latina y el Caribe manifiesta su rechazo al intento de golpe en Bolivia","isPartOf":{"@id":"https:\/\/www.pressenza.com\/es\/#website"},"primaryImageOfPage":{"@id":"https:\/\/www.pressenza.com\/es\/2019\/11\/foro-de-comunicadores-de-america-latina-y-el-caribe-manifiesta-su-rechazo-al-intento-de-golpe-en-bolivia\/#primaryimage"},"image":{"@id":"https:\/\/www.pressenza.com\/es\/2019\/11\/foro-de-comunicadores-de-america-latina-y-el-caribe-manifiesta-su-rechazo-al-intento-de-golpe-en-bolivia\/#primaryimage"},"thumbnailUrl":"https:\/\/www.pressenza.com\/wp-content\/uploads\/2019\/11\/evo-abi.jpg","datePublished":"2019-11-09T21:48:43+00:00","description":"En una nota dada a conocer este mediod\u00eda (9), el Foro de Comunicaci\u00f3n para la Integraci\u00f3n de NuestrAm\u00e9rica (FCINA) manifest\u00f3 un en\u00e9rgico rechazo a los","breadcrumb":{"@id":"https:\/\/www.pressenza.com\/es\/2019\/11\/foro-de-comunicadores-de-america-latina-y-el-caribe-manifiesta-su-rechazo-al-intento-de-golpe-en-bolivia\/#breadcrumb"},"inLanguage":"es","potentialAction":[{"@type":"ReadAction","target":["https:\/\/www.pressenza.com\/es\/2019\/11\/foro-de-comunicadores-de-america-latina-y-el-caribe-manifiesta-su-rechazo-al-intento-de-golpe-en-bolivia\/"]}]},{"@type":"ImageObject","inLanguage":"es","@id":"https:\/\/www.pressenza.com\/es\/2019\/11\/foro-de-comunicadores-de-america-latina-y-el-caribe-manifiesta-su-rechazo-al-intento-de-golpe-en-bolivia\/#primaryimage","url":"https:\/\/www.pressenza.com\/wp-content\/uploads\/2019\/11\/evo-abi.jpg","contentUrl":"https:\/\/www.pressenza.com\/wp-content\/uploads\/2019\/11\/evo-abi.jpg","width":2048,"height":1365},{"@type":"BreadcrumbList","@id":"https:\/\/www.pressenza.com\/es\/2019\/11\/foro-de-comunicadores-de-america-latina-y-el-caribe-manifiesta-su-rechazo-al-intento-de-golpe-en-bolivia\/#breadcrumb","itemListElement":[{"@type":"ListItem","position":1,"name":"Accueil","item":"https:\/\/www.pressenza.com\/es\/"},{"@type":"ListItem","position":2,"name":"Foro de Comunicadores de Am\u00e9rica Latina y el Caribe manifiesta su rechazo al intento de golpe en Bolivia"}]},{"@type":"WebSite","@id":"https:\/\/www.pressenza.com\/es\/#website","url":"https:\/\/www.pressenza.com\/es\/","name":"Pressenza","description":"International Press Agency","publisher":{"@id":"https:\/\/www.pressenza.com\/es\/#organization"},"potentialAction":[{"@type":"SearchAction","target":{"@type":"EntryPoint","urlTemplate":"https:\/\/www.pressenza.com\/es\/?s={search_term_string}"},"query-input":{"@type":"PropertyValueSpecification","valueRequired":true,"valueName":"search_term_string"}}],"inLanguage":"es"},{"@type":"Organization","@id":"https:\/\/www.pressenza.com\/es\/#organization","name":"Pressenza","url":"https:\/\/www.pressenza.com\/es\/","logo":{"@type":"ImageObject","inLanguage":"es","@id":"https:\/\/www.pressenza.com\/es\/#\/schema\/logo\/image\/","url":"https:\/\/www.pressenza.com\/wp-content\/uploads\/2022\/10\/pressenza_logo_200x200.jpg","contentUrl":"https:\/\/www.pressenza.com\/wp-content\/uploads\/2022\/10\/pressenza_logo_200x200.jpg","width":200,"height":200,"caption":"Pressenza"},"image":{"@id":"https:\/\/www.pressenza.com\/es\/#\/schema\/logo\/image\/"},"sameAs":["https:\/\/www.facebook.com\/PressenzaItalia","https:\/\/x.com\/PressenzaIPA"]},{"@type":"Person","@id":"https:\/\/www.pressenza.com\/es\/#\/schema\/person\/f353f6d4eed144101dedba60e6227564","name":"Javier Tolcachier","description":"Javier Tolcachier is a researcher from the World Centre of Humanist Studies, an organism of the Humanist Movement. Mail: javiertolcachier@disroot.org Twitter: @jtolcachier","sameAs":["https:\/\/www.facebook.com\/javier.tolcachier?fref=ts","https:\/\/x.com\/jtolcachier"],"url":"https:\/\/www.pressenza.com\/es\/author\/javier-tolcachier\/"}]}},"place":"","original_article_url":"","_links":{"self":[{"href":"https:\/\/www.pressenza.com\/es\/wp-json\/wp\/v2\/posts\/967338","targetHints":{"allow":["GET"]}}],"collection":[{"href":"https:\/\/www.pressenza.com\/es\/wp-json\/wp\/v2\/posts"}],"about":[{"href":"https:\/\/www.pressenza.com\/es\/wp-json\/wp\/v2\/types\/post"}],"author":[{"embeddable":true,"href":"https:\/\/www.pressenza.com\/es\/wp-json\/wp\/v2\/users\/970"}],"replies":[{"embeddable":true,"href":"https:\/\/www.pressenza.com\/es\/wp-json\/wp\/v2\/comments?post=967338"}],"version-history":[{"count":0,"href":"https:\/\/www.pressenza.com\/es\/wp-json\/wp\/v2\/posts\/967338\/revisions"}],"wp:featuredmedia":[{"embeddable":true,"href":"https:\/\/www.pressenza.com\/es\/wp-json\/wp\/v2\/media\/967349"}],"wp:attachment":[{"href":"https:\/\/www.pressenza.com\/es\/wp-json\/wp\/v2\/media?parent=967338"}],"wp:term":[{"taxonomy":"category","embeddable":true,"href":"https:\/\/www.pressenza.com\/es\/wp-json\/wp\/v2\/categories?post=967338"},{"taxonomy":"post_tag","embeddable":true,"href":"https:\/\/www.pressenza.com\/es\/wp-json\/wp\/v2\/tags?post=967338"}],"curies":[{"name":"wp","href":"https:\/\/api.w.org\/{rel}","templated":true}]}}