{"id":96649,"date":"2014-03-26T01:51:17","date_gmt":"2014-03-26T01:51:17","guid":{"rendered":"http:\/\/www.pressenza.com\/?p=96649"},"modified":"2014-03-26T01:51:17","modified_gmt":"2014-03-26T01:51:17","slug":"humanistas-apoyan-proceso-venezolano","status":"publish","type":"post","link":"https:\/\/www.pressenza.com\/es\/2014\/03\/humanistas-apoyan-proceso-venezolano\/","title":{"rendered":"Humanistas apoyan proceso venezolano"},"content":{"rendered":"<p style=\"text-align: justify;\">A fin de expresar solidaridad con el proceso que el gobierno democr\u00e1tico de Venezuela est\u00e1 llevando adelante, concurrieron hoy a la Embajada de ese pa\u00eds en Chile los humanistas Tom\u00e1s Hirsch, Patricio Andreu, P\u00eda Figueroa y Miguel Hirsch, reuni\u00e9ndose con el Excelent\u00edsimo Sr. Embajador Ar\u00e9valo M\u00e9ndez.<\/p>\n<div style=\"text-align: justify;\">El Embajador aprovech\u00f3 la oportunidad para hacer un muy interesante recuento hist\u00f3rico, desde la primera acci\u00f3n nacionalista realizada en 1902, en la cual el Presidente Cipriano Castro luch\u00f3 contra las fuerzas imperialistas europeas. Se explay\u00f3 sobre c\u00f3mo el descubrimiento del petr\u00f3leo trastorn\u00f3 la situaci\u00f3n venezolana generando una clase olig\u00e1rquica que ha manejado el poder econ\u00f3mico y pol\u00edtico desde entonces, apoyada por los poderes econ\u00f3micos del imperialismo.<\/div>\n<div style=\"text-align: justify;\"><\/div>\n<div style=\"text-align: justify;\">Termin\u00f3 comentando acerca del gobierno revolucionario del Comandante Ch\u00e1vez, quien se atreve a nacionalizar el petr\u00f3leo, pero que debido a su enfermedad y posterior fallecimiento no alcanza a completar la liberaci\u00f3n de la naci\u00f3n bolivariana del NeoLiberalismo, tarea que intenta llevar adelante ahora el Presidente Nicol\u00e1s Maduro.<\/div>\n<div style=\"text-align: justify;\"><\/div>\n<div style=\"text-align: justify;\">En estas circunstancias, han arremetido las fuerzas opositoras que sienten que tienen los d\u00edas contados y no respetan la voluntad democr\u00e1tica del pueblo. A ello se le suman los intereses norteamericanos y por cierto el manejo del capital de los conglomerados medi\u00e1ticos. Se coment\u00f3 la importancia de una prensa que pueda en forma abierta y libre, defender la mirada de las transformaciones sociales y pol\u00edticas, enfrentando a los actuales medios mayoritarios en LatinoAm\u00e9rica que est\u00e1n en manos del gran poder econ\u00f3mico.<\/div>\n<div style=\"text-align: justify;\"><\/div>\n<div style=\"text-align: justify;\">En ese contexto, se le coment\u00f3 al Sr. Embajador acerca de Pressenza y su posicionamiento como prensa democr\u00e1tica y humanizadora, defensora de los nuevos procesos, que busca relevar los efectos demostraci\u00f3n que se van dando en la base social y apuntan a un socialismo libertario en base a metodolog\u00edas no-violentas. As\u00ed mismo se hizo menci\u00f3n de la red de medios asociados con los que se han establecido relaciones de reciprocidad informativa y de la necesidad de avanzar tambi\u00e9n en Venezuela con ello.<\/div>\n<div style=\"text-align: justify;\"><\/div>\n<div style=\"text-align: justify;\">La amable reuni\u00f3n concluy\u00f3 con la entrega, por parte de Tom\u00e1s Hirsch, de un ejemplar dedicado de su libro \u00abEl fin de la Prehistoria\u00bb, a lo cual el Embajador Ar\u00e9valo M\u00e9ndez respondi\u00f3 haciendo tambi\u00e9n entrega de una publicaci\u00f3n llamada \u00abVenezuela se respeta\u00bb que da cuenta de lo que en estos d\u00edas vive la rep\u00fablica bolivariana.<\/div>\n<div style=\"text-align: justify;\"><\/div>\n<div style=\"text-align: justify;\"><\/div>\n","protected":false},"excerpt":{"rendered":"<p>A fin de expresar solidaridad con el proceso que el gobierno democr\u00e1tico de Venezuela est\u00e1 llevando adelante, concurrieron hoy a la Embajada de ese pa\u00eds en Chile los humanistas Tom\u00e1s Hirsch, Patricio Andreu, P\u00eda Figueroa y Miguel Hirsch, reuni\u00e9ndose con&hellip;<\/p>\n","protected":false},"author":43,"featured_media":96652,"comment_status":"closed","ping_status":"open","sticky":false,"template":"","format":"standard","meta":{"footnotes":""},"categories":[1240,67],"tags":[418,412,3883],"class_list":["post-96649","post","type-post","status-publish","format-standard","has-post-thumbnail","hentry","category-humanismo-espiritualidad","category-sudamerica","tag-partido-humanista","tag-tomas-hirsch","tag-venezuela-es"],"yoast_head":"<!-- This site is optimized with the Yoast SEO plugin v27.1.1 - https:\/\/yoast.com\/product\/yoast-seo-wordpress\/ -->\n<title>Humanistas apoyan proceso venezolano<\/title>\n<meta name=\"description\" content=\"A fin de expresar solidaridad con el proceso que el gobierno democr\u00e1tico de Venezuela est\u00e1 llevando adelante, concurrieron hoy a la Embajada de ese pa\u00eds\" \/>\n<meta name=\"robots\" content=\"index, follow, max-snippet:-1, max-image-preview:large, max-video-preview:-1\" \/>\n<link rel=\"canonical\" href=\"https:\/\/www.pressenza.com\/es\/2014\/03\/humanistas-apoyan-proceso-venezolano\/\" \/>\n<meta property=\"og:locale\" content=\"es_ES\" \/>\n<meta property=\"og:type\" content=\"article\" \/>\n<meta property=\"og:title\" content=\"Humanistas apoyan proceso venezolano\" \/>\n<meta property=\"og:description\" content=\"A fin de expresar solidaridad con el proceso que el gobierno democr\u00e1tico de Venezuela est\u00e1 llevando adelante, concurrieron hoy a la Embajada de ese pa\u00eds\" \/>\n<meta property=\"og:url\" content=\"https:\/\/www.pressenza.com\/es\/2014\/03\/humanistas-apoyan-proceso-venezolano\/\" \/>\n<meta property=\"og:site_name\" content=\"Pressenza\" \/>\n<meta property=\"article:publisher\" content=\"https:\/\/www.facebook.com\/PressenzaItalia\" \/>\n<meta property=\"article:author\" content=\"https:\/\/www.facebook.com\/pressenza\" \/>\n<meta property=\"article:published_time\" content=\"2014-03-26T01:51:17+00:00\" \/>\n<meta property=\"og:image\" content=\"https:\/\/www.pressenza.com\/wp-content\/uploads\/2014\/03\/Venezuela.jpg\" \/>\n\t<meta property=\"og:image:width\" content=\"640\" \/>\n\t<meta property=\"og:image:height\" content=\"427\" \/>\n\t<meta property=\"og:image:type\" content=\"image\/jpeg\" \/>\n<meta name=\"author\" content=\"Redacci\u00f3n Chile\" \/>\n<meta name=\"twitter:card\" content=\"summary_large_image\" \/>\n<meta name=\"twitter:creator\" content=\"@pressenza\" \/>\n<meta name=\"twitter:site\" content=\"@PressenzaIPA\" \/>\n<meta name=\"twitter:label1\" content=\"Escrito por\" \/>\n\t<meta name=\"twitter:data1\" content=\"Redacci\u00f3n Chile\" \/>\n\t<meta name=\"twitter:label2\" content=\"Tiempo de lectura\" \/>\n\t<meta name=\"twitter:data2\" content=\"2 minutos\" \/>\n<script type=\"application\/ld+json\" class=\"yoast-schema-graph\">{\"@context\":\"https:\/\/schema.org\",\"@graph\":[{\"@type\":\"Article\",\"@id\":\"https:\/\/www.pressenza.com\/es\/2014\/03\/humanistas-apoyan-proceso-venezolano\/#article\",\"isPartOf\":{\"@id\":\"https:\/\/www.pressenza.com\/es\/2014\/03\/humanistas-apoyan-proceso-venezolano\/\"},\"author\":{\"name\":\"Redacci\u00f3n Chile\",\"@id\":\"https:\/\/www.pressenza.com\/es\/#\/schema\/person\/d7db40df35d6698ba69ba9ee260944ed\"},\"headline\":\"Humanistas apoyan proceso venezolano\",\"datePublished\":\"2014-03-26T01:51:17+00:00\",\"mainEntityOfPage\":{\"@id\":\"https:\/\/www.pressenza.com\/es\/2014\/03\/humanistas-apoyan-proceso-venezolano\/\"},\"wordCount\":422,\"publisher\":{\"@id\":\"https:\/\/www.pressenza.com\/es\/#organization\"},\"image\":{\"@id\":\"https:\/\/www.pressenza.com\/es\/2014\/03\/humanistas-apoyan-proceso-venezolano\/#primaryimage\"},\"thumbnailUrl\":\"https:\/\/www.pressenza.com\/wp-content\/uploads\/2014\/03\/Venezuela.jpg\",\"keywords\":[\"Partido Humanista\",\"Tom\u00e1s Hirsch\",\"Venezuela\"],\"articleSection\":[\"Humanismo y Espiritualidad\",\"Sudam\u00e9rica\"],\"inLanguage\":\"es\"},{\"@type\":\"WebPage\",\"@id\":\"https:\/\/www.pressenza.com\/es\/2014\/03\/humanistas-apoyan-proceso-venezolano\/\",\"url\":\"https:\/\/www.pressenza.com\/es\/2014\/03\/humanistas-apoyan-proceso-venezolano\/\",\"name\":\"Humanistas apoyan proceso venezolano\",\"isPartOf\":{\"@id\":\"https:\/\/www.pressenza.com\/es\/#website\"},\"primaryImageOfPage\":{\"@id\":\"https:\/\/www.pressenza.com\/es\/2014\/03\/humanistas-apoyan-proceso-venezolano\/#primaryimage\"},\"image\":{\"@id\":\"https:\/\/www.pressenza.com\/es\/2014\/03\/humanistas-apoyan-proceso-venezolano\/#primaryimage\"},\"thumbnailUrl\":\"https:\/\/www.pressenza.com\/wp-content\/uploads\/2014\/03\/Venezuela.jpg\",\"datePublished\":\"2014-03-26T01:51:17+00:00\",\"description\":\"A fin de expresar solidaridad con el proceso que el gobierno democr\u00e1tico de Venezuela est\u00e1 llevando adelante, concurrieron hoy a la Embajada de ese pa\u00eds\",\"breadcrumb\":{\"@id\":\"https:\/\/www.pressenza.com\/es\/2014\/03\/humanistas-apoyan-proceso-venezolano\/#breadcrumb\"},\"inLanguage\":\"es\",\"potentialAction\":[{\"@type\":\"ReadAction\",\"target\":[\"https:\/\/www.pressenza.com\/es\/2014\/03\/humanistas-apoyan-proceso-venezolano\/\"]}]},{\"@type\":\"ImageObject\",\"inLanguage\":\"es\",\"@id\":\"https:\/\/www.pressenza.com\/es\/2014\/03\/humanistas-apoyan-proceso-venezolano\/#primaryimage\",\"url\":\"https:\/\/www.pressenza.com\/wp-content\/uploads\/2014\/03\/Venezuela.jpg\",\"contentUrl\":\"https:\/\/www.pressenza.com\/wp-content\/uploads\/2014\/03\/Venezuela.jpg\",\"width\":640,\"height\":427},{\"@type\":\"BreadcrumbList\",\"@id\":\"https:\/\/www.pressenza.com\/es\/2014\/03\/humanistas-apoyan-proceso-venezolano\/#breadcrumb\",\"itemListElement\":[{\"@type\":\"ListItem\",\"position\":1,\"name\":\"Accueil\",\"item\":\"https:\/\/www.pressenza.com\/es\/\"},{\"@type\":\"ListItem\",\"position\":2,\"name\":\"Humanistas apoyan proceso venezolano\"}]},{\"@type\":\"WebSite\",\"@id\":\"https:\/\/www.pressenza.com\/es\/#website\",\"url\":\"https:\/\/www.pressenza.com\/es\/\",\"name\":\"Pressenza\",\"description\":\"International Press Agency\",\"publisher\":{\"@id\":\"https:\/\/www.pressenza.com\/es\/#organization\"},\"potentialAction\":[{\"@type\":\"SearchAction\",\"target\":{\"@type\":\"EntryPoint\",\"urlTemplate\":\"https:\/\/www.pressenza.com\/es\/?s={search_term_string}\"},\"query-input\":{\"@type\":\"PropertyValueSpecification\",\"valueRequired\":true,\"valueName\":\"search_term_string\"}}],\"inLanguage\":\"es\"},{\"@type\":\"Organization\",\"@id\":\"https:\/\/www.pressenza.com\/es\/#organization\",\"name\":\"Pressenza\",\"url\":\"https:\/\/www.pressenza.com\/es\/\",\"logo\":{\"@type\":\"ImageObject\",\"inLanguage\":\"es\",\"@id\":\"https:\/\/www.pressenza.com\/es\/#\/schema\/logo\/image\/\",\"url\":\"https:\/\/www.pressenza.com\/wp-content\/uploads\/2022\/10\/pressenza_logo_200x200.jpg\",\"contentUrl\":\"https:\/\/www.pressenza.com\/wp-content\/uploads\/2022\/10\/pressenza_logo_200x200.jpg\",\"width\":200,\"height\":200,\"caption\":\"Pressenza\"},\"image\":{\"@id\":\"https:\/\/www.pressenza.com\/es\/#\/schema\/logo\/image\/\"},\"sameAs\":[\"https:\/\/www.facebook.com\/PressenzaItalia\",\"https:\/\/x.com\/PressenzaIPA\"]},{\"@type\":\"Person\",\"@id\":\"https:\/\/www.pressenza.com\/es\/#\/schema\/person\/d7db40df35d6698ba69ba9ee260944ed\",\"name\":\"Redacci\u00f3n Chile\",\"description\":\"News from the Pressenza Bureau in Chile\",\"sameAs\":[\"https:\/\/www.facebook.com\/pressenza\",\"https:\/\/x.com\/pressenza\"],\"url\":\"https:\/\/www.pressenza.com\/es\/author\/redaccion-chile\/\"}]}<\/script>\n<!-- \/ Yoast SEO plugin. -->","yoast_head_json":{"title":"Humanistas apoyan proceso venezolano","description":"A fin de expresar solidaridad con el proceso que el gobierno democr\u00e1tico de Venezuela est\u00e1 llevando adelante, concurrieron hoy a la Embajada de ese pa\u00eds","robots":{"index":"index","follow":"follow","max-snippet":"max-snippet:-1","max-image-preview":"max-image-preview:large","max-video-preview":"max-video-preview:-1"},"canonical":"https:\/\/www.pressenza.com\/es\/2014\/03\/humanistas-apoyan-proceso-venezolano\/","og_locale":"es_ES","og_type":"article","og_title":"Humanistas apoyan proceso venezolano","og_description":"A fin de expresar solidaridad con el proceso que el gobierno democr\u00e1tico de Venezuela est\u00e1 llevando adelante, concurrieron hoy a la Embajada de ese pa\u00eds","og_url":"https:\/\/www.pressenza.com\/es\/2014\/03\/humanistas-apoyan-proceso-venezolano\/","og_site_name":"Pressenza","article_publisher":"https:\/\/www.facebook.com\/PressenzaItalia","article_author":"https:\/\/www.facebook.com\/pressenza","article_published_time":"2014-03-26T01:51:17+00:00","og_image":[{"width":640,"height":427,"url":"https:\/\/www.pressenza.com\/wp-content\/uploads\/2014\/03\/Venezuela.jpg","type":"image\/jpeg"}],"author":"Redacci\u00f3n Chile","twitter_card":"summary_large_image","twitter_creator":"@pressenza","twitter_site":"@PressenzaIPA","twitter_misc":{"Escrito por":"Redacci\u00f3n Chile","Tiempo de lectura":"2 minutos"},"schema":{"@context":"https:\/\/schema.org","@graph":[{"@type":"Article","@id":"https:\/\/www.pressenza.com\/es\/2014\/03\/humanistas-apoyan-proceso-venezolano\/#article","isPartOf":{"@id":"https:\/\/www.pressenza.com\/es\/2014\/03\/humanistas-apoyan-proceso-venezolano\/"},"author":{"name":"Redacci\u00f3n Chile","@id":"https:\/\/www.pressenza.com\/es\/#\/schema\/person\/d7db40df35d6698ba69ba9ee260944ed"},"headline":"Humanistas apoyan proceso venezolano","datePublished":"2014-03-26T01:51:17+00:00","mainEntityOfPage":{"@id":"https:\/\/www.pressenza.com\/es\/2014\/03\/humanistas-apoyan-proceso-venezolano\/"},"wordCount":422,"publisher":{"@id":"https:\/\/www.pressenza.com\/es\/#organization"},"image":{"@id":"https:\/\/www.pressenza.com\/es\/2014\/03\/humanistas-apoyan-proceso-venezolano\/#primaryimage"},"thumbnailUrl":"https:\/\/www.pressenza.com\/wp-content\/uploads\/2014\/03\/Venezuela.jpg","keywords":["Partido Humanista","Tom\u00e1s Hirsch","Venezuela"],"articleSection":["Humanismo y Espiritualidad","Sudam\u00e9rica"],"inLanguage":"es"},{"@type":"WebPage","@id":"https:\/\/www.pressenza.com\/es\/2014\/03\/humanistas-apoyan-proceso-venezolano\/","url":"https:\/\/www.pressenza.com\/es\/2014\/03\/humanistas-apoyan-proceso-venezolano\/","name":"Humanistas apoyan proceso venezolano","isPartOf":{"@id":"https:\/\/www.pressenza.com\/es\/#website"},"primaryImageOfPage":{"@id":"https:\/\/www.pressenza.com\/es\/2014\/03\/humanistas-apoyan-proceso-venezolano\/#primaryimage"},"image":{"@id":"https:\/\/www.pressenza.com\/es\/2014\/03\/humanistas-apoyan-proceso-venezolano\/#primaryimage"},"thumbnailUrl":"https:\/\/www.pressenza.com\/wp-content\/uploads\/2014\/03\/Venezuela.jpg","datePublished":"2014-03-26T01:51:17+00:00","description":"A fin de expresar solidaridad con el proceso que el gobierno democr\u00e1tico de Venezuela est\u00e1 llevando adelante, concurrieron hoy a la Embajada de ese pa\u00eds","breadcrumb":{"@id":"https:\/\/www.pressenza.com\/es\/2014\/03\/humanistas-apoyan-proceso-venezolano\/#breadcrumb"},"inLanguage":"es","potentialAction":[{"@type":"ReadAction","target":["https:\/\/www.pressenza.com\/es\/2014\/03\/humanistas-apoyan-proceso-venezolano\/"]}]},{"@type":"ImageObject","inLanguage":"es","@id":"https:\/\/www.pressenza.com\/es\/2014\/03\/humanistas-apoyan-proceso-venezolano\/#primaryimage","url":"https:\/\/www.pressenza.com\/wp-content\/uploads\/2014\/03\/Venezuela.jpg","contentUrl":"https:\/\/www.pressenza.com\/wp-content\/uploads\/2014\/03\/Venezuela.jpg","width":640,"height":427},{"@type":"BreadcrumbList","@id":"https:\/\/www.pressenza.com\/es\/2014\/03\/humanistas-apoyan-proceso-venezolano\/#breadcrumb","itemListElement":[{"@type":"ListItem","position":1,"name":"Accueil","item":"https:\/\/www.pressenza.com\/es\/"},{"@type":"ListItem","position":2,"name":"Humanistas apoyan proceso venezolano"}]},{"@type":"WebSite","@id":"https:\/\/www.pressenza.com\/es\/#website","url":"https:\/\/www.pressenza.com\/es\/","name":"Pressenza","description":"International Press Agency","publisher":{"@id":"https:\/\/www.pressenza.com\/es\/#organization"},"potentialAction":[{"@type":"SearchAction","target":{"@type":"EntryPoint","urlTemplate":"https:\/\/www.pressenza.com\/es\/?s={search_term_string}"},"query-input":{"@type":"PropertyValueSpecification","valueRequired":true,"valueName":"search_term_string"}}],"inLanguage":"es"},{"@type":"Organization","@id":"https:\/\/www.pressenza.com\/es\/#organization","name":"Pressenza","url":"https:\/\/www.pressenza.com\/es\/","logo":{"@type":"ImageObject","inLanguage":"es","@id":"https:\/\/www.pressenza.com\/es\/#\/schema\/logo\/image\/","url":"https:\/\/www.pressenza.com\/wp-content\/uploads\/2022\/10\/pressenza_logo_200x200.jpg","contentUrl":"https:\/\/www.pressenza.com\/wp-content\/uploads\/2022\/10\/pressenza_logo_200x200.jpg","width":200,"height":200,"caption":"Pressenza"},"image":{"@id":"https:\/\/www.pressenza.com\/es\/#\/schema\/logo\/image\/"},"sameAs":["https:\/\/www.facebook.com\/PressenzaItalia","https:\/\/x.com\/PressenzaIPA"]},{"@type":"Person","@id":"https:\/\/www.pressenza.com\/es\/#\/schema\/person\/d7db40df35d6698ba69ba9ee260944ed","name":"Redacci\u00f3n Chile","description":"News from the Pressenza Bureau in Chile","sameAs":["https:\/\/www.facebook.com\/pressenza","https:\/\/x.com\/pressenza"],"url":"https:\/\/www.pressenza.com\/es\/author\/redaccion-chile\/"}]}},"place":"","original_article_url":"","_links":{"self":[{"href":"https:\/\/www.pressenza.com\/es\/wp-json\/wp\/v2\/posts\/96649","targetHints":{"allow":["GET"]}}],"collection":[{"href":"https:\/\/www.pressenza.com\/es\/wp-json\/wp\/v2\/posts"}],"about":[{"href":"https:\/\/www.pressenza.com\/es\/wp-json\/wp\/v2\/types\/post"}],"author":[{"embeddable":true,"href":"https:\/\/www.pressenza.com\/es\/wp-json\/wp\/v2\/users\/43"}],"replies":[{"embeddable":true,"href":"https:\/\/www.pressenza.com\/es\/wp-json\/wp\/v2\/comments?post=96649"}],"version-history":[{"count":0,"href":"https:\/\/www.pressenza.com\/es\/wp-json\/wp\/v2\/posts\/96649\/revisions"}],"wp:featuredmedia":[{"embeddable":true,"href":"https:\/\/www.pressenza.com\/es\/wp-json\/wp\/v2\/media\/96652"}],"wp:attachment":[{"href":"https:\/\/www.pressenza.com\/es\/wp-json\/wp\/v2\/media?parent=96649"}],"wp:term":[{"taxonomy":"category","embeddable":true,"href":"https:\/\/www.pressenza.com\/es\/wp-json\/wp\/v2\/categories?post=96649"},{"taxonomy":"post_tag","embeddable":true,"href":"https:\/\/www.pressenza.com\/es\/wp-json\/wp\/v2\/tags?post=96649"}],"curies":[{"name":"wp","href":"https:\/\/api.w.org\/{rel}","templated":true}]}}