{"id":966452,"date":"2019-11-09T10:04:49","date_gmt":"2019-11-09T10:04:49","guid":{"rendered":"https:\/\/www.pressenza.com\/?p=966452"},"modified":"2022-10-12T16:01:42","modified_gmt":"2022-10-12T15:01:42","slug":"organizaciones-de-ican-se-dan-cita-en-el-peace-boat-en-barcelona","status":"publish","type":"post","link":"https:\/\/www.pressenza.com\/es\/2019\/11\/organizaciones-de-ican-se-dan-cita-en-el-peace-boat-en-barcelona\/","title":{"rendered":"La asociaci\u00f3n \u201cMundo sin guerras y sin violencia\u201d invita a otras organizaciones de ICAN a un encuentro en el Peace Boat, en Barcelona"},"content":{"rendered":"<p>Con motivo de la llegada del Peace Boat a Barcelona, el pasado martes 5 de noviembre, a partir de la iniciativa de Mundo sin guerras y sin violencia, y gracias a la inestimable colaboraci\u00f3n de Masumi Matsumura, coordinadora de actividades en el Peace Boat, se dieron cita diversas organizaciones de ICAN en un acto en el que confluyeron iniciativas y propuestas relativas a la Paz mundial.<\/p>\n<p>El Peace Boat, barco japon\u00e9s de la Paz, es parte activa de la campa\u00f1a ICAN (Campa\u00f1a Internacional para la Abolici\u00f3n de las armas nucleares). Tiene como objetivo crear una conciencia de Paz, en su recorrido por el mundo, promoviendo los derechos humanos, el respeto por el medio ambiente y dando a conocer las consecuencias de las bombas de Hiroshima y Nagasaki.<\/p>\n<p>Esta campa\u00f1a ha sido lanzada por una coalici\u00f3n de Organizaciones, no gubernamentales de la sociedad civil internacional, -entre ellas Mundo sin guerras y sin violencia, de \u00e1mbito internacional-, que impulsan la adhesi\u00f3n y la total implementaci\u00f3n del TPAN (Tratado sobre la prohibici\u00f3n de las armas nucleares) a nivel mundial.<\/p>\n<p>&nbsp;<\/p>\n<div class=\"post-gallery\">\n\t\t\t<figure class=\"post-gallery-item\">\n\t\t\t\t<img decoding=\"async\" src=\"https:\/\/www.pressenza.com\/wp-content\/uploads\/2019\/11\/IMG_5150-720x480.jpg\" loading=\"lazy\">\n\t\t\t\t<figcaption>\n\t\t\t\t\t\n\t\t\t\t<\/figcaption>\n\t\t\t<\/figure>\n\t\t\t<figure class=\"post-gallery-item\">\n\t\t\t\t<img decoding=\"async\" src=\"https:\/\/www.pressenza.com\/wp-content\/uploads\/2019\/11\/IMG_5152-720x480.jpg\" loading=\"lazy\">\n\t\t\t\t<figcaption>\n\t\t\t\t\t\n\t\t\t\t<\/figcaption>\n\t\t\t<\/figure>\n\t\t\t<figure class=\"post-gallery-item\">\n\t\t\t\t<img decoding=\"async\" src=\"https:\/\/www.pressenza.com\/wp-content\/uploads\/2019\/11\/IMG_5154-720x480.jpg\" loading=\"lazy\">\n\t\t\t\t<figcaption>\n\t\t\t\t\t\n\t\t\t\t<\/figcaption>\n\t\t\t<\/figure>\n\t\t\t<figure class=\"post-gallery-item\">\n\t\t\t\t<img decoding=\"async\" src=\"https:\/\/www.pressenza.com\/wp-content\/uploads\/2019\/11\/IMG_5156-720x480.jpg\" loading=\"lazy\">\n\t\t\t\t<figcaption>\n\t\t\t\t\t\n\t\t\t\t<\/figcaption>\n\t\t\t<\/figure>\n\t\t\t<figure class=\"post-gallery-item\">\n\t\t\t\t<img decoding=\"async\" src=\"https:\/\/www.pressenza.com\/wp-content\/uploads\/2019\/11\/IMG_5159-720x480.jpg\" loading=\"lazy\">\n\t\t\t\t<figcaption>\n\t\t\t\t\t\n\t\t\t\t<\/figcaption>\n\t\t\t<\/figure>\n\t\t\t<figure class=\"post-gallery-item\">\n\t\t\t\t<img decoding=\"async\" src=\"https:\/\/www.pressenza.com\/wp-content\/uploads\/2019\/11\/IMG_5160-720x480.jpg\" loading=\"lazy\">\n\t\t\t\t<figcaption>\n\t\t\t\t\t\n\t\t\t\t<\/figcaption>\n\t\t\t<\/figure>\n\t\t\t<figure class=\"post-gallery-item\">\n\t\t\t\t<img decoding=\"async\" src=\"https:\/\/www.pressenza.com\/wp-content\/uploads\/2019\/11\/IMG_5164-720x480.jpg\" loading=\"lazy\">\n\t\t\t\t<figcaption>\n\t\t\t\t\t\n\t\t\t\t<\/figcaption>\n\t\t\t<\/figure>\n\t\t\t<figure class=\"post-gallery-item\">\n\t\t\t\t<img decoding=\"async\" src=\"https:\/\/www.pressenza.com\/wp-content\/uploads\/2019\/11\/IMG_5165-720x480.jpg\" loading=\"lazy\">\n\t\t\t\t<figcaption>\n\t\t\t\t\t\n\t\t\t\t<\/figcaption>\n\t\t\t<\/figure>\n\t\t\t<figure class=\"post-gallery-item\">\n\t\t\t\t<img decoding=\"async\" src=\"https:\/\/www.pressenza.com\/wp-content\/uploads\/2019\/11\/IMG_5166-720x480.jpg\" loading=\"lazy\">\n\t\t\t\t<figcaption>\n\t\t\t\t\t\n\t\t\t\t<\/figcaption>\n\t\t\t<\/figure>\n\t\t\t<figure class=\"post-gallery-item\">\n\t\t\t\t<img decoding=\"async\" src=\"https:\/\/www.pressenza.com\/wp-content\/uploads\/2019\/11\/IMG_5167-720x480.jpg\" loading=\"lazy\">\n\t\t\t\t<figcaption>\n\t\t\t\t\t\n\t\t\t\t<\/figcaption>\n\t\t\t<\/figure>\n\t\t\t<figure class=\"post-gallery-item\">\n\t\t\t\t<img decoding=\"async\" src=\"https:\/\/www.pressenza.com\/wp-content\/uploads\/2019\/11\/IMG_5169-720x480.jpg\" loading=\"lazy\">\n\t\t\t\t<figcaption>\n\t\t\t\t\t\n\t\t\t\t<\/figcaption>\n\t\t\t<\/figure>\n\t\t\t<figure class=\"post-gallery-item\">\n\t\t\t\t<img decoding=\"async\" src=\"https:\/\/www.pressenza.com\/wp-content\/uploads\/2019\/11\/IMG_5170-720x480.jpg\" loading=\"lazy\">\n\t\t\t\t<figcaption>\n\t\t\t\t\t\n\t\t\t\t<\/figcaption>\n\t\t\t<\/figure>\n\t\t\t<figure class=\"post-gallery-item\">\n\t\t\t\t<img decoding=\"async\" src=\"https:\/\/www.pressenza.com\/wp-content\/uploads\/2019\/11\/IMG_5171-720x480.jpg\" loading=\"lazy\">\n\t\t\t\t<figcaption>\n\t\t\t\t\t\n\t\t\t\t<\/figcaption>\n\t\t\t<\/figure>\n\t\t\t<figure class=\"post-gallery-item\">\n\t\t\t\t<img decoding=\"async\" src=\"https:\/\/www.pressenza.com\/wp-content\/uploads\/2019\/11\/IMG_5172-720x480.jpg\" loading=\"lazy\">\n\t\t\t\t<figcaption>\n\t\t\t\t\t\n\t\t\t\t<\/figcaption>\n\t\t\t<\/figure>\n\t\t\t<figure class=\"post-gallery-item\">\n\t\t\t\t<img decoding=\"async\" src=\"https:\/\/www.pressenza.com\/wp-content\/uploads\/2019\/11\/IMG_5173-720x480.jpg\" loading=\"lazy\">\n\t\t\t\t<figcaption>\n\t\t\t\t\t\n\t\t\t\t<\/figcaption>\n\t\t\t<\/figure>\n\t\t\t<figure class=\"post-gallery-item\">\n\t\t\t\t<img decoding=\"async\" src=\"https:\/\/www.pressenza.com\/wp-content\/uploads\/2019\/11\/IMG_5176-720x480.jpg\" loading=\"lazy\">\n\t\t\t\t<figcaption>\n\t\t\t\t\t\n\t\t\t\t<\/figcaption>\n\t\t\t<\/figure>\n\t\t\t<figure class=\"post-gallery-item\">\n\t\t\t\t<img decoding=\"async\" src=\"https:\/\/www.pressenza.com\/wp-content\/uploads\/2019\/11\/IMG_5178-720x480.jpg\" loading=\"lazy\">\n\t\t\t\t<figcaption>\n\t\t\t\t\t\n\t\t\t\t<\/figcaption>\n\t\t\t<\/figure>\n\t\t\t<figure class=\"post-gallery-item\">\n\t\t\t\t<img decoding=\"async\" src=\"https:\/\/www.pressenza.com\/wp-content\/uploads\/2019\/11\/IMG_5179-720x480.jpg\" loading=\"lazy\">\n\t\t\t\t<figcaption>\n\t\t\t\t\t\n\t\t\t\t<\/figcaption>\n\t\t\t<\/figure>\n\t\t\t<figure class=\"post-gallery-item\">\n\t\t\t\t<img decoding=\"async\" src=\"https:\/\/www.pressenza.com\/wp-content\/uploads\/2019\/11\/IMG_5180-720x480.jpg\" loading=\"lazy\">\n\t\t\t\t<figcaption>\n\t\t\t\t\t\n\t\t\t\t<\/figcaption>\n\t\t\t<\/figure>\n\t\t\t<figure class=\"post-gallery-item\">\n\t\t\t\t<img decoding=\"async\" src=\"https:\/\/www.pressenza.com\/wp-content\/uploads\/2019\/11\/IMG_5181-720x480.jpg\" loading=\"lazy\">\n\t\t\t\t<figcaption>\n\t\t\t\t\t\n\t\t\t\t<\/figcaption>\n\t\t\t<\/figure>\n\t\t\t<figure class=\"post-gallery-item\">\n\t\t\t\t<img decoding=\"async\" src=\"https:\/\/www.pressenza.com\/wp-content\/uploads\/2019\/11\/IMG_5183-720x480.jpg\" loading=\"lazy\">\n\t\t\t\t<figcaption>\n\t\t\t\t\t\n\t\t\t\t<\/figcaption>\n\t\t\t<\/figure>\n\t\t\t<figure class=\"post-gallery-item\">\n\t\t\t\t<img decoding=\"async\" src=\"https:\/\/www.pressenza.com\/wp-content\/uploads\/2019\/11\/IMG_5185-720x480.jpg\" loading=\"lazy\">\n\t\t\t\t<figcaption>\n\t\t\t\t\t\n\t\t\t\t<\/figcaption>\n\t\t\t<\/figure>\n\t\t\t<figure class=\"post-gallery-item\">\n\t\t\t\t<img decoding=\"async\" src=\"https:\/\/www.pressenza.com\/wp-content\/uploads\/2019\/11\/IMG_5191-720x480.jpg\" loading=\"lazy\">\n\t\t\t\t<figcaption>\n\t\t\t\t\t\n\t\t\t\t<\/figcaption>\n\t\t\t<\/figure>\n\t\t\t<figure class=\"post-gallery-item\">\n\t\t\t\t<img decoding=\"async\" src=\"https:\/\/www.pressenza.com\/wp-content\/uploads\/2019\/11\/IMG_5196-720x480.jpg\" loading=\"lazy\">\n\t\t\t\t<figcaption>\n\t\t\t\t\t\n\t\t\t\t<\/figcaption>\n\t\t\t<\/figure>\n\t\t\t<figure class=\"post-gallery-item\">\n\t\t\t\t<img decoding=\"async\" src=\"https:\/\/www.pressenza.com\/wp-content\/uploads\/2019\/11\/IMG_5200-720x480.jpg\" loading=\"lazy\">\n\t\t\t\t<figcaption>\n\t\t\t\t\t\n\t\t\t\t<\/figcaption>\n\t\t\t<\/figure>\n\t\t\t<figure class=\"post-gallery-item\">\n\t\t\t\t<img decoding=\"async\" src=\"https:\/\/www.pressenza.com\/wp-content\/uploads\/2019\/11\/IMG_5210-720x480.jpg\" loading=\"lazy\">\n\t\t\t\t<figcaption>\n\t\t\t\t\t\n\t\t\t\t<\/figcaption>\n\t\t\t<\/figure>\n\t\t\t<figure class=\"post-gallery-item\">\n\t\t\t\t<img decoding=\"async\" src=\"https:\/\/www.pressenza.com\/wp-content\/uploads\/2019\/11\/IMG_5213-720x480.jpg\" loading=\"lazy\">\n\t\t\t\t<figcaption>\n\t\t\t\t\t\n\t\t\t\t<\/figcaption>\n\t\t\t<\/figure>\n\t\t\t<figure class=\"post-gallery-item\">\n\t\t\t\t<img decoding=\"async\" src=\"https:\/\/www.pressenza.com\/wp-content\/uploads\/2019\/11\/IMG_5216-720x480.jpg\" loading=\"lazy\">\n\t\t\t\t<figcaption>\n\t\t\t\t\t\n\t\t\t\t<\/figcaption>\n\t\t\t<\/figure>\n\t\t\t<figure class=\"post-gallery-item\">\n\t\t\t\t<img decoding=\"async\" src=\"https:\/\/www.pressenza.com\/wp-content\/uploads\/2019\/11\/IMG_5219-720x480.jpg\" loading=\"lazy\">\n\t\t\t\t<figcaption>\n\t\t\t\t\t\n\t\t\t\t<\/figcaption>\n\t\t\t<\/figure>\n\t\t\t<figure class=\"post-gallery-item\">\n\t\t\t\t<img decoding=\"async\" src=\"https:\/\/www.pressenza.com\/wp-content\/uploads\/2019\/11\/IMG_5221-720x480.jpg\" loading=\"lazy\">\n\t\t\t\t<figcaption>\n\t\t\t\t\t\n\t\t\t\t<\/figcaption>\n\t\t\t<\/figure>\n\t\t\t<figure class=\"post-gallery-item\">\n\t\t\t\t<img decoding=\"async\" src=\"https:\/\/www.pressenza.com\/wp-content\/uploads\/2019\/11\/IMG_5223-720x480.jpg\" loading=\"lazy\">\n\t\t\t\t<figcaption>\n\t\t\t\t\t\n\t\t\t\t<\/figcaption>\n\t\t\t<\/figure>\n\t\t\t<figure class=\"post-gallery-item\">\n\t\t\t\t<img decoding=\"async\" src=\"https:\/\/www.pressenza.com\/wp-content\/uploads\/2019\/11\/IMG_5227-720x480.jpg\" loading=\"lazy\">\n\t\t\t\t<figcaption>\n\t\t\t\t\t\n\t\t\t\t<\/figcaption>\n\t\t\t<\/figure>\n\t\t\t<figure class=\"post-gallery-item\">\n\t\t\t\t<img decoding=\"async\" src=\"https:\/\/www.pressenza.com\/wp-content\/uploads\/2019\/11\/IMG_5230-720x480.jpg\" loading=\"lazy\">\n\t\t\t\t<figcaption>\n\t\t\t\t\t\n\t\t\t\t<\/figcaption>\n\t\t\t<\/figure>\n\t\t\t<figure class=\"post-gallery-item\">\n\t\t\t\t<img decoding=\"async\" src=\"https:\/\/www.pressenza.com\/wp-content\/uploads\/2019\/11\/IMG_5234-720x480.jpg\" loading=\"lazy\">\n\t\t\t\t<figcaption>\n\t\t\t\t\t\n\t\t\t\t<\/figcaption>\n\t\t\t<\/figure>\n\t\t\t<figure class=\"post-gallery-item\">\n\t\t\t\t<img decoding=\"async\" src=\"https:\/\/www.pressenza.com\/wp-content\/uploads\/2019\/11\/IMG_5237-720x480.jpg\" loading=\"lazy\">\n\t\t\t\t<figcaption>\n\t\t\t\t\t\n\t\t\t\t<\/figcaption>\n\t\t\t<\/figure>\n\t\t\t<figure class=\"post-gallery-item\">\n\t\t\t\t<img decoding=\"async\" src=\"https:\/\/www.pressenza.com\/wp-content\/uploads\/2019\/11\/IMG_5241-720x480.jpg\" loading=\"lazy\">\n\t\t\t\t<figcaption>\n\t\t\t\t\t\n\t\t\t\t<\/figcaption>\n\t\t\t<\/figure>\n\t\t\t<figure class=\"post-gallery-item\">\n\t\t\t\t<img decoding=\"async\" src=\"https:\/\/www.pressenza.com\/wp-content\/uploads\/2019\/11\/IMG_5244-720x480.jpg\" loading=\"lazy\">\n\t\t\t\t<figcaption>\n\t\t\t\t\t\n\t\t\t\t<\/figcaption>\n\t\t\t<\/figure>\n\t\t\t<figure class=\"post-gallery-item\">\n\t\t\t\t<img decoding=\"async\" src=\"https:\/\/www.pressenza.com\/wp-content\/uploads\/2019\/11\/IMG_5248-720x480.jpg\" loading=\"lazy\">\n\t\t\t\t<figcaption>\n\t\t\t\t\t\n\t\t\t\t<\/figcaption>\n\t\t\t<\/figure><\/div>\n<h6><span style=\"color: #999999;\"><em>Im\u00e1genes de Ren\u00e9 G\u00f3mez<\/em><\/span><\/h6>\n<p>Se proyect\u00f3 el documental \u201cEl Principio del Fin de las Armas Nucleares\u201d. El documental, dirigido por \u00c1lvaro Or\u00fas y producido por Tony Robinson, de Pressenza, explica la historia de las armas nucleares, las consecuencias de las mismas y quiere sensibilizar sobre la necesidad de erradicarlas.<\/p>\n<p>El documental promueve la firma y ratificaci\u00f3n del\u00a0<strong><a href=\"https:\/\/es.wikipedia.org\/wiki\/Tratado_sobre_la_Prohibici\u00f3n_de_las_Armas_Nucleares\">Tratado de Prohibici\u00f3n de Armas Nucleares<\/a><\/strong>\u00a0y que la poblaci\u00f3n tome conciencia del peligro en el que vive y construya un movimiento ciudadano para un cambio de paradigma planetario sin armas nucleares.<\/p>\n<p>Previamente a la emisi\u00f3n de la pel\u00edcula, la directora de crucero Maria Yosida di\u00f3 la bienvenida a los asistentes y explic\u00f3 los objetivos del Peace Boat y de la Campa\u00f1a ICAN.<\/p>\n<p>La Hibakusha, Noriko Sakashita, di\u00f3 inicio al acto recitando una poes\u00eda \u201cLa vida de esta ma\u00f1ana\u201d, acompa\u00f1ada por el violonchelo de Miguel L\u00f3pez, tocando el \u201cCant dels Ocells\u201d, de Pau Casals, lo cual sintoniz\u00f3 al p\u00fablico asistente en una emotiva atm\u00f3sfera.<\/p>\n<p>&nbsp;<\/p>\n<p><iframe loading=\"lazy\" title=\"Presentaci\u00f3n Maria Yosida y Noriko Sakashita - Peace Boat\" width=\"500\" height=\"281\" src=\"https:\/\/www.youtube.com\/embed\/j2wVtQus3_s?feature=oembed\" frameborder=\"0\" allow=\"accelerometer; autoplay; clipboard-write; encrypted-media; gyroscope; picture-in-picture; web-share\" referrerpolicy=\"strict-origin-when-cross-origin\" allowfullscreen><\/iframe><\/p>\n<p>Posteriormente al documental se dio paso a las siguientes intervenciones:<\/p>\n<p>-Alessandro Capuzzo representante de MSG en el Bamboo (barco adherido a la 2a Marcha Mundial que navega por el Mediterr\u00e1neo con la Campa\u00f1a:\u00bb Mediterr\u00e1neo, mar de Paz y libre de armas nucleares\u00bb.)<\/p>\n<p>-Rafael de la Rubia, coordinador de la 2a MM y fundador de\u00a0Mundo sin guerras y sin violencia.-<\/p>\n<p>Federico Mayor Zaragoza, presidente de la Fundaci\u00f3n\u00a0Cultura de Paz\u00a0y exdirector general de la UNESCO (a trav\u00e9s de v\u00eddeo).<\/p>\n<p>-David Llistar, director de Just\u00edcia Global i Cooperaci\u00f3 Internacional de l\u2019Ajuntament de Barcelona, en representaci\u00f3n de su Departamento y de la alcaldesa de Barcelona, Ada Colau.<\/p>\n<p>-Tica Font, del Centre Del\u00e0s d\u2019Estudis per la Pau.<\/p>\n<p>-Carme Suny\u00e9, vicepresidenta de Fundipau.<\/p>\n<p>Tambi\u00e9n contamos con la asistencia de Pedro Arrojo, ex-diputado de Podemos, y uno de los protagonistas que intervienen en el documental.<\/p>\n<p>Excus\u00f3 su ausencia Josep Mayoral, alcalde de Granollers y vicepresidente de Mayors for Peace en Espa\u00f1a.<\/p>\n<p>&nbsp;<\/p>\n<div class=\"post-gallery\">\n\t\t\t<figure class=\"post-gallery-item\">\n\t\t\t\t<img decoding=\"async\" src=\"https:\/\/www.pressenza.com\/wp-content\/uploads\/2019\/11\/20191105_161005-720x540.jpg\" loading=\"lazy\">\n\t\t\t\t<figcaption>\n\t\t\t\t\t\n\t\t\t\t<\/figcaption>\n\t\t\t<\/figure>\n\t\t\t<figure class=\"post-gallery-item\">\n\t\t\t\t<img decoding=\"async\" src=\"https:\/\/www.pressenza.com\/wp-content\/uploads\/2019\/11\/20191105_161022-720x540.jpg\" loading=\"lazy\">\n\t\t\t\t<figcaption>\n\t\t\t\t\t\n\t\t\t\t<\/figcaption>\n\t\t\t<\/figure>\n\t\t\t<figure class=\"post-gallery-item\">\n\t\t\t\t<img decoding=\"async\" src=\"https:\/\/www.pressenza.com\/wp-content\/uploads\/2019\/11\/20191105_161154-720x540.jpg\" loading=\"lazy\">\n\t\t\t\t<figcaption>\n\t\t\t\t\t\n\t\t\t\t<\/figcaption>\n\t\t\t<\/figure>\n\t\t\t<figure class=\"post-gallery-item\">\n\t\t\t\t<img decoding=\"async\" src=\"https:\/\/www.pressenza.com\/wp-content\/uploads\/2019\/11\/20191105_161410-720x540.jpg\" loading=\"lazy\">\n\t\t\t\t<figcaption>\n\t\t\t\t\t\n\t\t\t\t<\/figcaption>\n\t\t\t<\/figure>\n\t\t\t<figure class=\"post-gallery-item\">\n\t\t\t\t<img decoding=\"async\" src=\"https:\/\/www.pressenza.com\/wp-content\/uploads\/2019\/11\/20191105_175522-720x540.jpg\" loading=\"lazy\">\n\t\t\t\t<figcaption>\n\t\t\t\t\t\n\t\t\t\t<\/figcaption>\n\t\t\t<\/figure>\n\t\t\t<figure class=\"post-gallery-item\">\n\t\t\t\t<img decoding=\"async\" src=\"https:\/\/www.pressenza.com\/wp-content\/uploads\/2019\/11\/20191105_175620-720x540.jpg\" loading=\"lazy\">\n\t\t\t\t<figcaption>\n\t\t\t\t\t\n\t\t\t\t<\/figcaption>\n\t\t\t<\/figure>\n\t\t\t<figure class=\"post-gallery-item\">\n\t\t\t\t<img decoding=\"async\" src=\"https:\/\/www.pressenza.com\/wp-content\/uploads\/2019\/11\/20191105_175922-720x191.jpg\" loading=\"lazy\">\n\t\t\t\t<figcaption>\n\t\t\t\t\t\n\t\t\t\t<\/figcaption>\n\t\t\t<\/figure>\n\t\t\t<figure class=\"post-gallery-item\">\n\t\t\t\t<img decoding=\"async\" src=\"https:\/\/www.pressenza.com\/wp-content\/uploads\/2019\/11\/20191105_175952-720x540.jpg\" loading=\"lazy\">\n\t\t\t\t<figcaption>\n\t\t\t\t\t\n\t\t\t\t<\/figcaption>\n\t\t\t<\/figure>\n\t\t\t<figure class=\"post-gallery-item\">\n\t\t\t\t<img decoding=\"async\" src=\"https:\/\/www.pressenza.com\/wp-content\/uploads\/2019\/11\/IMG_20191105_152112_521-720x540.jpg\" loading=\"lazy\">\n\t\t\t\t<figcaption>\n\t\t\t\t\t\n\t\t\t\t<\/figcaption>\n\t\t\t<\/figure>\n\t\t\t<figure class=\"post-gallery-item\">\n\t\t\t\t<img decoding=\"async\" src=\"https:\/\/www.pressenza.com\/wp-content\/uploads\/2019\/11\/IMG_20191105_155424_169-720x540.jpg\" loading=\"lazy\">\n\t\t\t\t<figcaption>\n\t\t\t\t\t\n\t\t\t\t<\/figcaption>\n\t\t\t<\/figure>\n\t\t\t<figure class=\"post-gallery-item\">\n\t\t\t\t<img decoding=\"async\" src=\"https:\/\/www.pressenza.com\/wp-content\/uploads\/2019\/11\/IMG_20191105_155850_988-720x540.jpg\" loading=\"lazy\">\n\t\t\t\t<figcaption>\n\t\t\t\t\t\n\t\t\t\t<\/figcaption>\n\t\t\t<\/figure>\n\t\t\t<figure class=\"post-gallery-item\">\n\t\t\t\t<img decoding=\"async\" src=\"https:\/\/www.pressenza.com\/wp-content\/uploads\/2019\/11\/IMG_20191105_155933_106-720x540.jpg\" loading=\"lazy\">\n\t\t\t\t<figcaption>\n\t\t\t\t\t\n\t\t\t\t<\/figcaption>\n\t\t\t<\/figure>\n\t\t\t<figure class=\"post-gallery-item\">\n\t\t\t\t<img decoding=\"async\" src=\"https:\/\/www.pressenza.com\/wp-content\/uploads\/2019\/11\/IMG_20191105_160042_828-720x540.jpg\" loading=\"lazy\">\n\t\t\t\t<figcaption>\n\t\t\t\t\t\n\t\t\t\t<\/figcaption>\n\t\t\t<\/figure>\n\t\t\t<figure class=\"post-gallery-item\">\n\t\t\t\t<img decoding=\"async\" src=\"https:\/\/www.pressenza.com\/wp-content\/uploads\/2019\/11\/IMG_20191105_160656_631-720x540.jpg\" loading=\"lazy\">\n\t\t\t\t<figcaption>\n\t\t\t\t\t\n\t\t\t\t<\/figcaption>\n\t\t\t<\/figure>\n\t\t\t<figure class=\"post-gallery-item\">\n\t\t\t\t<img decoding=\"async\" src=\"https:\/\/www.pressenza.com\/wp-content\/uploads\/2019\/11\/IMG_20191105_160717_867-720x540.jpg\" loading=\"lazy\">\n\t\t\t\t<figcaption>\n\t\t\t\t\t\n\t\t\t\t<\/figcaption>\n\t\t\t<\/figure>\n\t\t\t<figure class=\"post-gallery-item\">\n\t\t\t\t<img decoding=\"async\" src=\"https:\/\/www.pressenza.com\/wp-content\/uploads\/2019\/11\/IMG_20191105_161714_715-720x540.jpg\" loading=\"lazy\">\n\t\t\t\t<figcaption>\n\t\t\t\t\t\n\t\t\t\t<\/figcaption>\n\t\t\t<\/figure>\n\t\t\t<figure class=\"post-gallery-item\">\n\t\t\t\t<img decoding=\"async\" src=\"https:\/\/www.pressenza.com\/wp-content\/uploads\/2019\/11\/IMG_20191105_161726_040-720x540.jpg\" loading=\"lazy\">\n\t\t\t\t<figcaption>\n\t\t\t\t\t\n\t\t\t\t<\/figcaption>\n\t\t\t<\/figure>\n\t\t\t<figure class=\"post-gallery-item\">\n\t\t\t\t<img decoding=\"async\" src=\"https:\/\/www.pressenza.com\/wp-content\/uploads\/2019\/11\/IMG_20191105_161747_085-720x540.jpg\" loading=\"lazy\">\n\t\t\t\t<figcaption>\n\t\t\t\t\t\n\t\t\t\t<\/figcaption>\n\t\t\t<\/figure>\n\t\t\t<figure class=\"post-gallery-item\">\n\t\t\t\t<img decoding=\"async\" src=\"https:\/\/www.pressenza.com\/wp-content\/uploads\/2019\/11\/IMG_20191105_161904_402-720x540.jpg\" loading=\"lazy\">\n\t\t\t\t<figcaption>\n\t\t\t\t\t\n\t\t\t\t<\/figcaption>\n\t\t\t<\/figure>\n\t\t\t<figure class=\"post-gallery-item\">\n\t\t\t\t<img decoding=\"async\" src=\"https:\/\/www.pressenza.com\/wp-content\/uploads\/2019\/11\/IMG_20191105_163824_209-720x540.jpg\" loading=\"lazy\">\n\t\t\t\t<figcaption>\n\t\t\t\t\t\n\t\t\t\t<\/figcaption>\n\t\t\t<\/figure>\n\t\t\t<figure class=\"post-gallery-item\">\n\t\t\t\t<img decoding=\"async\" src=\"https:\/\/www.pressenza.com\/wp-content\/uploads\/2019\/11\/IMG_20191105_163917_002-720x540.jpg\" loading=\"lazy\">\n\t\t\t\t<figcaption>\n\t\t\t\t\t\n\t\t\t\t<\/figcaption>\n\t\t\t<\/figure>\n\t\t\t<figure class=\"post-gallery-item\">\n\t\t\t\t<img decoding=\"async\" src=\"https:\/\/www.pressenza.com\/wp-content\/uploads\/2019\/11\/IMG_20191105_180304_496-720x540.jpg\" loading=\"lazy\">\n\t\t\t\t<figcaption>\n\t\t\t\t\t\n\t\t\t\t<\/figcaption>\n\t\t\t<\/figure>\n\t\t\t<figure class=\"post-gallery-item\">\n\t\t\t\t<img decoding=\"async\" src=\"https:\/\/www.pressenza.com\/wp-content\/uploads\/2019\/11\/IMG_20191105_180604_352-720x540.jpg\" loading=\"lazy\">\n\t\t\t\t<figcaption>\n\t\t\t\t\t\n\t\t\t\t<\/figcaption>\n\t\t\t<\/figure>\n\t\t\t<figure class=\"post-gallery-item\">\n\t\t\t\t<img decoding=\"async\" src=\"https:\/\/www.pressenza.com\/wp-content\/uploads\/2019\/11\/IMG_20191105_180713_882-720x540.jpg\" loading=\"lazy\">\n\t\t\t\t<figcaption>\n\t\t\t\t\t\n\t\t\t\t<\/figcaption>\n\t\t\t<\/figure>\n\t\t\t<figure class=\"post-gallery-item\">\n\t\t\t\t<img decoding=\"async\" src=\"https:\/\/www.pressenza.com\/wp-content\/uploads\/2019\/11\/IMG_20191105_180719_926-720x540.jpg\" loading=\"lazy\">\n\t\t\t\t<figcaption>\n\t\t\t\t\t\n\t\t\t\t<\/figcaption>\n\t\t\t<\/figure><\/div>\n<h6><span style=\"color: #999999;\"><em>Im\u00e1genes de Antonio Meda y Javier Belda<\/em><\/span><\/h6>\n<p>Al finalizar el acto se actualiz\u00f3 informaci\u00f3n sobre la 2\u00aa Marcha Mundial por la Paz y la No Violencia, organizada por MSGiSV, que se inici\u00f3 el 2 de octubre en Madrid, y que ya ha recorrido algunos pa\u00edses de \u00c1frica y est\u00e1 de camino a Am\u00e9rica. La Marcha continuar\u00e1 su recorrido por Asia y Europa, i finalizar\u00e1 el 8 de marzo de 2020.<\/p>\n<p><iframe loading=\"lazy\" title=\"Peace Boat Barcelona - Hibakusha, Noriko Sakashita\" width=\"500\" height=\"281\" src=\"https:\/\/www.youtube.com\/embed\/ks6mDsX0Tms?feature=oembed\" frameborder=\"0\" allow=\"accelerometer; autoplay; clipboard-write; encrypted-media; gyroscope; picture-in-picture; web-share\" referrerpolicy=\"strict-origin-when-cross-origin\" allowfullscreen><\/iframe><\/p>\n<p><iframe loading=\"lazy\" title=\"Peace Boat: David Llistar, Ajuntament de Barcelona\" width=\"500\" height=\"281\" src=\"https:\/\/www.youtube.com\/embed\/qfMs_MBchbw?start=1&#038;feature=oembed\" frameborder=\"0\" allow=\"accelerometer; autoplay; clipboard-write; encrypted-media; gyroscope; picture-in-picture; web-share\" referrerpolicy=\"strict-origin-when-cross-origin\" allowfullscreen><\/iframe><\/p>\n<p><iframe loading=\"lazy\" title=\"Tica Font - Peace Boat - Barcelona\" width=\"500\" height=\"281\" src=\"https:\/\/www.youtube.com\/embed\/vT_5CxFOFzk?feature=oembed\" frameborder=\"0\" allow=\"accelerometer; autoplay; clipboard-write; encrypted-media; gyroscope; picture-in-picture; web-share\" referrerpolicy=\"strict-origin-when-cross-origin\" allowfullscreen><\/iframe><\/p>\n<p><iframe loading=\"lazy\" title=\"Peace Boat: Carme Suny\u00e9, Alessandro Capuzzo, Rafael de la Rubia\" width=\"500\" height=\"281\" src=\"https:\/\/www.youtube.com\/embed\/3zg0xxUri00?feature=oembed\" frameborder=\"0\" allow=\"accelerometer; autoplay; clipboard-write; encrypted-media; gyroscope; picture-in-picture; web-share\" referrerpolicy=\"strict-origin-when-cross-origin\" allowfullscreen><\/iframe><\/p>\n","protected":false},"excerpt":{"rendered":"<p>Con motivo de la llegada del Peace Boat a Barcelona, el pasado martes 5 de noviembre, a partir de la iniciativa de Mundo sin guerras y sin violencia, y gracias a la inestimable colaboraci\u00f3n de Masumi Matsumura, coordinadora de actividades&hellip;<\/p>\n","protected":false},"author":1122,"featured_media":966466,"comment_status":"closed","ping_status":"closed","sticky":false,"template":"","format":"standard","meta":{"footnotes":""},"categories":[149,11389,5667,39,1242,1243,63,25678],"tags":[41671,66744,66743,66742,66745,58792,41917,41918,63093,3087,55403],"class_list":["post-966452","post","type-post","status-publish","format-standard","has-post-thumbnail","hentry","category-comunicados-de-prensa","category-contenido-original","category-foto-reportajes","category-internacional","category-noviolencia-tema","category-paz-desarme","category-region-es","category-video-es","tag-2a-marcha-mundial","tag-ajuntament-de-barcelona","tag-bamboo","tag-centre-delas-destudis-per-la-pau","tag-david-llistar","tag-el-principio-del-fin-de-las-armas-nucleares","tag-fundacion-cultura-de-paz","tag-fundipau","tag-mayors-for-peace-es","tag-mundo-sin-guerras-y-sin-violencia","tag-peace-boat-es"],"yoast_head":"<!-- This site is optimized with the Yoast SEO plugin v27.1.1 - https:\/\/yoast.com\/product\/yoast-seo-wordpress\/ -->\n<title>La asociaci\u00f3n \u201cMundo sin guerras y sin violencia\u201d invita a otras organizaciones de ICAN a un encuentro en el Peace Boat, en Barcelona<\/title>\n<meta name=\"description\" content=\"Con motivo de la llegada del Peace Boat a Barcelona, el pasado martes 5 de noviembre, a partir de la iniciativa de Mundo sin guerras y sin violencia, y\" \/>\n<meta name=\"robots\" content=\"index, follow, max-snippet:-1, max-image-preview:large, max-video-preview:-1\" \/>\n<link rel=\"canonical\" href=\"https:\/\/www.pressenza.com\/es\/2019\/11\/organizaciones-de-ican-se-dan-cita-en-el-peace-boat-en-barcelona\/\" \/>\n<meta property=\"og:locale\" content=\"es_ES\" \/>\n<meta property=\"og:type\" content=\"article\" \/>\n<meta property=\"og:title\" content=\"La asociaci\u00f3n \u201cMundo sin guerras y sin violencia\u201d invita a otras organizaciones de ICAN a un encuentro en el Peace Boat, en Barcelona\" \/>\n<meta property=\"og:description\" content=\"Con motivo de la llegada del Peace Boat a Barcelona, el pasado martes 5 de noviembre, a partir de la iniciativa de Mundo sin guerras y sin violencia, y\" \/>\n<meta property=\"og:url\" content=\"https:\/\/www.pressenza.com\/es\/2019\/11\/organizaciones-de-ican-se-dan-cita-en-el-peace-boat-en-barcelona\/\" \/>\n<meta property=\"og:site_name\" content=\"Pressenza\" \/>\n<meta property=\"article:publisher\" content=\"https:\/\/www.facebook.com\/PressenzaItalia\" \/>\n<meta property=\"article:author\" content=\"https:\/\/www.facebook.com\/Pressenza-Espaa-647854795301395\/timeline\/\" \/>\n<meta property=\"article:published_time\" content=\"2019-11-09T10:04:49+00:00\" \/>\n<meta property=\"article:modified_time\" content=\"2022-10-12T15:01:42+00:00\" \/>\n<meta property=\"og:image\" content=\"https:\/\/www.pressenza.com\/wp-content\/uploads\/2019\/11\/IMG_5257.jpg\" \/>\n\t<meta property=\"og:image:width\" content=\"1922\" \/>\n\t<meta property=\"og:image:height\" content=\"1281\" \/>\n\t<meta property=\"og:image:type\" content=\"image\/jpeg\" \/>\n<meta name=\"author\" content=\"Redacci\u00f3n Barcelona\" \/>\n<meta name=\"twitter:card\" content=\"summary_large_image\" \/>\n<meta name=\"twitter:creator\" content=\"@pressenza\" \/>\n<meta name=\"twitter:site\" content=\"@PressenzaIPA\" \/>\n<meta name=\"twitter:label1\" content=\"Escrito por\" \/>\n\t<meta name=\"twitter:data1\" content=\"Redacci\u00f3n Barcelona\" \/>\n\t<meta name=\"twitter:label2\" content=\"Tiempo de lectura\" \/>\n\t<meta name=\"twitter:data2\" content=\"3 minutos\" \/>\n<script type=\"application\/ld+json\" class=\"yoast-schema-graph\">{\"@context\":\"https:\/\/schema.org\",\"@graph\":[{\"@type\":\"Article\",\"@id\":\"https:\/\/www.pressenza.com\/es\/2019\/11\/organizaciones-de-ican-se-dan-cita-en-el-peace-boat-en-barcelona\/#article\",\"isPartOf\":{\"@id\":\"https:\/\/www.pressenza.com\/es\/2019\/11\/organizaciones-de-ican-se-dan-cita-en-el-peace-boat-en-barcelona\/\"},\"author\":{\"name\":\"Redacci\u00f3n Barcelona\",\"@id\":\"https:\/\/www.pressenza.com\/es\/#\/schema\/person\/8abc53b92f3264e0dad4300d54ac73ff\"},\"headline\":\"La asociaci\u00f3n \u201cMundo sin guerras y sin violencia\u201d invita a otras organizaciones de ICAN a un encuentro en el Peace Boat, en Barcelona\",\"datePublished\":\"2019-11-09T10:04:49+00:00\",\"dateModified\":\"2022-10-12T15:01:42+00:00\",\"mainEntityOfPage\":{\"@id\":\"https:\/\/www.pressenza.com\/es\/2019\/11\/organizaciones-de-ican-se-dan-cita-en-el-peace-boat-en-barcelona\/\"},\"wordCount\":687,\"publisher\":{\"@id\":\"https:\/\/www.pressenza.com\/es\/#organization\"},\"image\":{\"@id\":\"https:\/\/www.pressenza.com\/es\/2019\/11\/organizaciones-de-ican-se-dan-cita-en-el-peace-boat-en-barcelona\/#primaryimage\"},\"thumbnailUrl\":\"https:\/\/www.pressenza.com\/wp-content\/uploads\/2019\/11\/IMG_5257.jpg\",\"keywords\":[\"2\u00aa Marcha Mundial\",\"Ajuntament de Barcelona\",\"Bamboo\",\"Centre Del\u00e0s d'Estudis per la Pau\",\"David Llistar\",\"El principio del fin de las armas nucleares\",\"Fundaci\u00f3n Cultura de Paz\",\"FundiPau\",\"Mayors for Peace\",\"Mundo sin Guerras y sin Violencia\",\"peace boat\"],\"articleSection\":[\"Comunicados de Prensa\",\"Contenido Original\",\"Fotorreportajes\",\"Internacional\",\"Noviolencia\",\"Paz y Desarme\",\"Regi\u00f3n\",\"Video\"],\"inLanguage\":\"es\"},{\"@type\":\"WebPage\",\"@id\":\"https:\/\/www.pressenza.com\/es\/2019\/11\/organizaciones-de-ican-se-dan-cita-en-el-peace-boat-en-barcelona\/\",\"url\":\"https:\/\/www.pressenza.com\/es\/2019\/11\/organizaciones-de-ican-se-dan-cita-en-el-peace-boat-en-barcelona\/\",\"name\":\"La asociaci\u00f3n \u201cMundo sin guerras y sin violencia\u201d invita a otras organizaciones de ICAN a un encuentro en el Peace Boat, en Barcelona\",\"isPartOf\":{\"@id\":\"https:\/\/www.pressenza.com\/es\/#website\"},\"primaryImageOfPage\":{\"@id\":\"https:\/\/www.pressenza.com\/es\/2019\/11\/organizaciones-de-ican-se-dan-cita-en-el-peace-boat-en-barcelona\/#primaryimage\"},\"image\":{\"@id\":\"https:\/\/www.pressenza.com\/es\/2019\/11\/organizaciones-de-ican-se-dan-cita-en-el-peace-boat-en-barcelona\/#primaryimage\"},\"thumbnailUrl\":\"https:\/\/www.pressenza.com\/wp-content\/uploads\/2019\/11\/IMG_5257.jpg\",\"datePublished\":\"2019-11-09T10:04:49+00:00\",\"dateModified\":\"2022-10-12T15:01:42+00:00\",\"description\":\"Con motivo de la llegada del Peace Boat a Barcelona, el pasado martes 5 de noviembre, a partir de la iniciativa de Mundo sin guerras y sin violencia, y\",\"breadcrumb\":{\"@id\":\"https:\/\/www.pressenza.com\/es\/2019\/11\/organizaciones-de-ican-se-dan-cita-en-el-peace-boat-en-barcelona\/#breadcrumb\"},\"inLanguage\":\"es\",\"potentialAction\":[{\"@type\":\"ReadAction\",\"target\":[\"https:\/\/www.pressenza.com\/es\/2019\/11\/organizaciones-de-ican-se-dan-cita-en-el-peace-boat-en-barcelona\/\"]}]},{\"@type\":\"ImageObject\",\"inLanguage\":\"es\",\"@id\":\"https:\/\/www.pressenza.com\/es\/2019\/11\/organizaciones-de-ican-se-dan-cita-en-el-peace-boat-en-barcelona\/#primaryimage\",\"url\":\"https:\/\/www.pressenza.com\/wp-content\/uploads\/2019\/11\/IMG_5257.jpg\",\"contentUrl\":\"https:\/\/www.pressenza.com\/wp-content\/uploads\/2019\/11\/IMG_5257.jpg\",\"width\":1922,\"height\":1281},{\"@type\":\"BreadcrumbList\",\"@id\":\"https:\/\/www.pressenza.com\/es\/2019\/11\/organizaciones-de-ican-se-dan-cita-en-el-peace-boat-en-barcelona\/#breadcrumb\",\"itemListElement\":[{\"@type\":\"ListItem\",\"position\":1,\"name\":\"Accueil\",\"item\":\"https:\/\/www.pressenza.com\/es\/\"},{\"@type\":\"ListItem\",\"position\":2,\"name\":\"La asociaci\u00f3n \u201cMundo sin guerras y sin violencia\u201d invita a otras organizaciones de ICAN a un encuentro en el Peace Boat, en Barcelona\"}]},{\"@type\":\"WebSite\",\"@id\":\"https:\/\/www.pressenza.com\/es\/#website\",\"url\":\"https:\/\/www.pressenza.com\/es\/\",\"name\":\"Pressenza\",\"description\":\"International Press Agency\",\"publisher\":{\"@id\":\"https:\/\/www.pressenza.com\/es\/#organization\"},\"potentialAction\":[{\"@type\":\"SearchAction\",\"target\":{\"@type\":\"EntryPoint\",\"urlTemplate\":\"https:\/\/www.pressenza.com\/es\/?s={search_term_string}\"},\"query-input\":{\"@type\":\"PropertyValueSpecification\",\"valueRequired\":true,\"valueName\":\"search_term_string\"}}],\"inLanguage\":\"es\"},{\"@type\":\"Organization\",\"@id\":\"https:\/\/www.pressenza.com\/es\/#organization\",\"name\":\"Pressenza\",\"url\":\"https:\/\/www.pressenza.com\/es\/\",\"logo\":{\"@type\":\"ImageObject\",\"inLanguage\":\"es\",\"@id\":\"https:\/\/www.pressenza.com\/es\/#\/schema\/logo\/image\/\",\"url\":\"https:\/\/www.pressenza.com\/wp-content\/uploads\/2022\/10\/pressenza_logo_200x200.jpg\",\"contentUrl\":\"https:\/\/www.pressenza.com\/wp-content\/uploads\/2022\/10\/pressenza_logo_200x200.jpg\",\"width\":200,\"height\":200,\"caption\":\"Pressenza\"},\"image\":{\"@id\":\"https:\/\/www.pressenza.com\/es\/#\/schema\/logo\/image\/\"},\"sameAs\":[\"https:\/\/www.facebook.com\/PressenzaItalia\",\"https:\/\/x.com\/PressenzaIPA\"]},{\"@type\":\"Person\",\"@id\":\"https:\/\/www.pressenza.com\/es\/#\/schema\/person\/8abc53b92f3264e0dad4300d54ac73ff\",\"name\":\"Redacci\u00f3n Barcelona\",\"description\":\"News published by the Pressenza bureau in Barcelona, Spain\",\"sameAs\":[\"https:\/\/www.facebook.com\/Pressenza-Espaa-647854795301395\/timeline\/\",\"https:\/\/x.com\/pressenza\"],\"url\":\"https:\/\/www.pressenza.com\/es\/author\/redaccion-barcelona\/\"}]}<\/script>\n<!-- \/ Yoast SEO plugin. -->","yoast_head_json":{"title":"La asociaci\u00f3n \u201cMundo sin guerras y sin violencia\u201d invita a otras organizaciones de ICAN a un encuentro en el Peace Boat, en Barcelona","description":"Con motivo de la llegada del Peace Boat a Barcelona, el pasado martes 5 de noviembre, a partir de la iniciativa de Mundo sin guerras y sin violencia, y","robots":{"index":"index","follow":"follow","max-snippet":"max-snippet:-1","max-image-preview":"max-image-preview:large","max-video-preview":"max-video-preview:-1"},"canonical":"https:\/\/www.pressenza.com\/es\/2019\/11\/organizaciones-de-ican-se-dan-cita-en-el-peace-boat-en-barcelona\/","og_locale":"es_ES","og_type":"article","og_title":"La asociaci\u00f3n \u201cMundo sin guerras y sin violencia\u201d invita a otras organizaciones de ICAN a un encuentro en el Peace Boat, en Barcelona","og_description":"Con motivo de la llegada del Peace Boat a Barcelona, el pasado martes 5 de noviembre, a partir de la iniciativa de Mundo sin guerras y sin violencia, y","og_url":"https:\/\/www.pressenza.com\/es\/2019\/11\/organizaciones-de-ican-se-dan-cita-en-el-peace-boat-en-barcelona\/","og_site_name":"Pressenza","article_publisher":"https:\/\/www.facebook.com\/PressenzaItalia","article_author":"https:\/\/www.facebook.com\/Pressenza-Espaa-647854795301395\/timeline\/","article_published_time":"2019-11-09T10:04:49+00:00","article_modified_time":"2022-10-12T15:01:42+00:00","og_image":[{"width":1922,"height":1281,"url":"https:\/\/www.pressenza.com\/wp-content\/uploads\/2019\/11\/IMG_5257.jpg","type":"image\/jpeg"}],"author":"Redacci\u00f3n Barcelona","twitter_card":"summary_large_image","twitter_creator":"@pressenza","twitter_site":"@PressenzaIPA","twitter_misc":{"Escrito por":"Redacci\u00f3n Barcelona","Tiempo de lectura":"3 minutos"},"schema":{"@context":"https:\/\/schema.org","@graph":[{"@type":"Article","@id":"https:\/\/www.pressenza.com\/es\/2019\/11\/organizaciones-de-ican-se-dan-cita-en-el-peace-boat-en-barcelona\/#article","isPartOf":{"@id":"https:\/\/www.pressenza.com\/es\/2019\/11\/organizaciones-de-ican-se-dan-cita-en-el-peace-boat-en-barcelona\/"},"author":{"name":"Redacci\u00f3n Barcelona","@id":"https:\/\/www.pressenza.com\/es\/#\/schema\/person\/8abc53b92f3264e0dad4300d54ac73ff"},"headline":"La asociaci\u00f3n \u201cMundo sin guerras y sin violencia\u201d invita a otras organizaciones de ICAN a un encuentro en el Peace Boat, en Barcelona","datePublished":"2019-11-09T10:04:49+00:00","dateModified":"2022-10-12T15:01:42+00:00","mainEntityOfPage":{"@id":"https:\/\/www.pressenza.com\/es\/2019\/11\/organizaciones-de-ican-se-dan-cita-en-el-peace-boat-en-barcelona\/"},"wordCount":687,"publisher":{"@id":"https:\/\/www.pressenza.com\/es\/#organization"},"image":{"@id":"https:\/\/www.pressenza.com\/es\/2019\/11\/organizaciones-de-ican-se-dan-cita-en-el-peace-boat-en-barcelona\/#primaryimage"},"thumbnailUrl":"https:\/\/www.pressenza.com\/wp-content\/uploads\/2019\/11\/IMG_5257.jpg","keywords":["2\u00aa Marcha Mundial","Ajuntament de Barcelona","Bamboo","Centre Del\u00e0s d'Estudis per la Pau","David Llistar","El principio del fin de las armas nucleares","Fundaci\u00f3n Cultura de Paz","FundiPau","Mayors for Peace","Mundo sin Guerras y sin Violencia","peace boat"],"articleSection":["Comunicados de Prensa","Contenido Original","Fotorreportajes","Internacional","Noviolencia","Paz y Desarme","Regi\u00f3n","Video"],"inLanguage":"es"},{"@type":"WebPage","@id":"https:\/\/www.pressenza.com\/es\/2019\/11\/organizaciones-de-ican-se-dan-cita-en-el-peace-boat-en-barcelona\/","url":"https:\/\/www.pressenza.com\/es\/2019\/11\/organizaciones-de-ican-se-dan-cita-en-el-peace-boat-en-barcelona\/","name":"La asociaci\u00f3n \u201cMundo sin guerras y sin violencia\u201d invita a otras organizaciones de ICAN a un encuentro en el Peace Boat, en Barcelona","isPartOf":{"@id":"https:\/\/www.pressenza.com\/es\/#website"},"primaryImageOfPage":{"@id":"https:\/\/www.pressenza.com\/es\/2019\/11\/organizaciones-de-ican-se-dan-cita-en-el-peace-boat-en-barcelona\/#primaryimage"},"image":{"@id":"https:\/\/www.pressenza.com\/es\/2019\/11\/organizaciones-de-ican-se-dan-cita-en-el-peace-boat-en-barcelona\/#primaryimage"},"thumbnailUrl":"https:\/\/www.pressenza.com\/wp-content\/uploads\/2019\/11\/IMG_5257.jpg","datePublished":"2019-11-09T10:04:49+00:00","dateModified":"2022-10-12T15:01:42+00:00","description":"Con motivo de la llegada del Peace Boat a Barcelona, el pasado martes 5 de noviembre, a partir de la iniciativa de Mundo sin guerras y sin violencia, y","breadcrumb":{"@id":"https:\/\/www.pressenza.com\/es\/2019\/11\/organizaciones-de-ican-se-dan-cita-en-el-peace-boat-en-barcelona\/#breadcrumb"},"inLanguage":"es","potentialAction":[{"@type":"ReadAction","target":["https:\/\/www.pressenza.com\/es\/2019\/11\/organizaciones-de-ican-se-dan-cita-en-el-peace-boat-en-barcelona\/"]}]},{"@type":"ImageObject","inLanguage":"es","@id":"https:\/\/www.pressenza.com\/es\/2019\/11\/organizaciones-de-ican-se-dan-cita-en-el-peace-boat-en-barcelona\/#primaryimage","url":"https:\/\/www.pressenza.com\/wp-content\/uploads\/2019\/11\/IMG_5257.jpg","contentUrl":"https:\/\/www.pressenza.com\/wp-content\/uploads\/2019\/11\/IMG_5257.jpg","width":1922,"height":1281},{"@type":"BreadcrumbList","@id":"https:\/\/www.pressenza.com\/es\/2019\/11\/organizaciones-de-ican-se-dan-cita-en-el-peace-boat-en-barcelona\/#breadcrumb","itemListElement":[{"@type":"ListItem","position":1,"name":"Accueil","item":"https:\/\/www.pressenza.com\/es\/"},{"@type":"ListItem","position":2,"name":"La asociaci\u00f3n \u201cMundo sin guerras y sin violencia\u201d invita a otras organizaciones de ICAN a un encuentro en el Peace Boat, en Barcelona"}]},{"@type":"WebSite","@id":"https:\/\/www.pressenza.com\/es\/#website","url":"https:\/\/www.pressenza.com\/es\/","name":"Pressenza","description":"International Press Agency","publisher":{"@id":"https:\/\/www.pressenza.com\/es\/#organization"},"potentialAction":[{"@type":"SearchAction","target":{"@type":"EntryPoint","urlTemplate":"https:\/\/www.pressenza.com\/es\/?s={search_term_string}"},"query-input":{"@type":"PropertyValueSpecification","valueRequired":true,"valueName":"search_term_string"}}],"inLanguage":"es"},{"@type":"Organization","@id":"https:\/\/www.pressenza.com\/es\/#organization","name":"Pressenza","url":"https:\/\/www.pressenza.com\/es\/","logo":{"@type":"ImageObject","inLanguage":"es","@id":"https:\/\/www.pressenza.com\/es\/#\/schema\/logo\/image\/","url":"https:\/\/www.pressenza.com\/wp-content\/uploads\/2022\/10\/pressenza_logo_200x200.jpg","contentUrl":"https:\/\/www.pressenza.com\/wp-content\/uploads\/2022\/10\/pressenza_logo_200x200.jpg","width":200,"height":200,"caption":"Pressenza"},"image":{"@id":"https:\/\/www.pressenza.com\/es\/#\/schema\/logo\/image\/"},"sameAs":["https:\/\/www.facebook.com\/PressenzaItalia","https:\/\/x.com\/PressenzaIPA"]},{"@type":"Person","@id":"https:\/\/www.pressenza.com\/es\/#\/schema\/person\/8abc53b92f3264e0dad4300d54ac73ff","name":"Redacci\u00f3n Barcelona","description":"News published by the Pressenza bureau in Barcelona, Spain","sameAs":["https:\/\/www.facebook.com\/Pressenza-Espaa-647854795301395\/timeline\/","https:\/\/x.com\/pressenza"],"url":"https:\/\/www.pressenza.com\/es\/author\/redaccion-barcelona\/"}]}},"place":"Barcelona","original_article_url":"","_links":{"self":[{"href":"https:\/\/www.pressenza.com\/es\/wp-json\/wp\/v2\/posts\/966452","targetHints":{"allow":["GET"]}}],"collection":[{"href":"https:\/\/www.pressenza.com\/es\/wp-json\/wp\/v2\/posts"}],"about":[{"href":"https:\/\/www.pressenza.com\/es\/wp-json\/wp\/v2\/types\/post"}],"author":[{"embeddable":true,"href":"https:\/\/www.pressenza.com\/es\/wp-json\/wp\/v2\/users\/1122"}],"replies":[{"embeddable":true,"href":"https:\/\/www.pressenza.com\/es\/wp-json\/wp\/v2\/comments?post=966452"}],"version-history":[{"count":0,"href":"https:\/\/www.pressenza.com\/es\/wp-json\/wp\/v2\/posts\/966452\/revisions"}],"wp:featuredmedia":[{"embeddable":true,"href":"https:\/\/www.pressenza.com\/es\/wp-json\/wp\/v2\/media\/966466"}],"wp:attachment":[{"href":"https:\/\/www.pressenza.com\/es\/wp-json\/wp\/v2\/media?parent=966452"}],"wp:term":[{"taxonomy":"category","embeddable":true,"href":"https:\/\/www.pressenza.com\/es\/wp-json\/wp\/v2\/categories?post=966452"},{"taxonomy":"post_tag","embeddable":true,"href":"https:\/\/www.pressenza.com\/es\/wp-json\/wp\/v2\/tags?post=966452"}],"curies":[{"name":"wp","href":"https:\/\/api.w.org\/{rel}","templated":true}]}}