{"id":965,"date":"2009-08-16T00:00:00","date_gmt":"2009-08-16T00:00:00","guid":{"rendered":""},"modified":"2009-09-28T05:01:03","modified_gmt":"2009-09-28T05:01:03","slug":"xfrica-es-ahora-oficialmente-zona-libre-de-armas-nucleares","status":"publish","type":"post","link":"https:\/\/www.pressenza.com\/es\/2009\/08\/xfrica-es-ahora-oficialmente-zona-libre-de-armas-nucleares\/","title":{"rendered":"\u00c1frica es ahora oficialmente zona libre de armas nucleares"},"content":{"rendered":"<p>Trece a\u00f1os despu\u00e9s de la apertura oficial para firmas, el Tratado por un \u00c1frica libre de armas nucleares (Tratado de Pelindaba) ha logrado finalmente entrar en vigor con el dep\u00f3sito de la vig\u00e9simo octava ratificaci\u00f3n de este instrumento por Burundi, el 15 de Julio 2009.<\/p>\n<p>Este importante hito se logr\u00f3 con concertados esfuerzos por parte del Instituto de Estudios de Seguridad en Pretoria, Sud\u00e1frica y el Centro de Estudios por la No Proliferaci\u00f3n James Mart\u00edn con base en Monterrey, as\u00ed como con el apoyo de varias otras organizaciones, incluyendo la Red Parlamentaria por el Desarme Nuclear (PNND), el Grupo de Investigaci\u00f3n e Informaci\u00f3n sobre la Paz y la Seguridad (GRIP) y el Consejo Mundial de Iglesias (WCC) para promover la ratificaci\u00f3n del tratado con el resto de los miembros de la Uni\u00f3n Africana (AU) y Marruecos, quien ha firmado el Tratado sin ratificarlo a\u00fan. El Tratado cubre el continente Africano completo, m\u00e1s las islas de los alrededores, asegura que las armas nucleares no ser\u00e1n desarrolladas, ni producidas, ni probadas, ni por otra parte adquiridas o instaladas en ning\u00fan pa\u00eds del continente.<\/p>\n<p>La entrada en vigor del Tratado de Pelindaba confirma que \u00c1frica resuelve reforzar el r\u00e9gimen global libre de armas nucleares y contribuye al desarme nuclear internacional y a los procesos de no proliferaci\u00f3n como fue destacado por el Consejo de Paz y Seguridad de la Uni\u00f3n Africana en el 2006. En mas, la declaraci\u00f3n de \u00c1frica como zona libre de armas nucleares (NWFZ) significa que todo el hemisferio sur est\u00e1 ahora libre de armas nucleares.<\/p>\n<p>Como otros tratados  NWFZ, el Tratado de Pelindaba incluye protocolos a firmar por los cinco Estados con Armas Nucleares (NWS). A la fecha, el Reino Unido, Francia y China han firmado y ratificado estos protocolos, pero la Federaci\u00f3n Rusa y los Estados Unidos a\u00fan deben ratificarlo. Adhiriendo a estos protocolos NWS se comprometen a respetar el estatus de esta zona.<\/p>\n<p>Principalmente, el Tratado de Pelindaba apoya el uso de la ciencia nuclear con usos pac\u00edficos y a este fin cada Parte conduce toda actividad para el uso pacifico de la energ\u00eda nuclear bajo estrictas medidas de no proliferaci\u00f3n. El renovado inter\u00e9s global en el desarrollo del poder nuclear para generaci\u00f3n de electricidad y materiales radioactivos utilizados en medicina significa que la entrada en vigor del Tratado de Pelindaba tendr\u00e1 un impacto directo en el desarrollo de la energ\u00eda nuclear en los pa\u00edses africanos. Sud\u00e1frica, Nigeria, Sudan, Egipto, Kenya y Uganda entre otros, ya han se\u00f1alado p\u00fablicamente su inter\u00e9s en la energ\u00eda nuclear como modo para resolver problemas de escasez energ\u00e9tica y medio para reducir los cambios clim\u00e1ticos.<\/p>\n<p>De acuerdo al Art\u00edculo 12 (Mecanismo de Conformidad) del Tratado, despu\u00e9s de su entrada en vigor las Partes acuerdan establecer una Comisi\u00f3n Africana de Energ\u00eda Nuclear (AFCONE). En complemento con el mecanismo de conformidad la comisi\u00f3n ser\u00e1 responsable de alentar programas regionales y subregionales de cooperaci\u00f3n para el uso pac\u00edfico de la ciencia y la tecnolog\u00eda nuclear.<br \/>\nEl establecimiento de ACFONE tambi\u00e9n alentar\u00e1 a los estados Africanos a tomar responsabilidad por sus recursos naturales y, en particular, por el material nuclear y la protecci\u00f3n contra los desechos t\u00f3xicos.<\/p>\n<p>Ahora que el Tratado de Pelindaba ha entrado en vigor, los Estados Partes urgir\u00e1n a la Uni\u00f3n Africana a convocar a una Conferencia de todas las Partes (como est\u00e1 convenido en el Tratado), para establecer el camino a seguir. Organizaciones de la Sociedad Civil como el ISS continuar\u00e1n promoviendo este universalismo animando a los 24 pa\u00edses firmantes a ratificar.<\/p>\n<p>Los pa\u00edses firmantes son: Angola, Camer\u00fan, Rep\u00fablica de \u00c1frica Central, Cabo Verde, Chad, Comoras, Congo, Djibouti, Rep\u00fablica Democr\u00e1tica del Congo, Egipto, Eritrea, Ghana, Guinea Bissau, Liberia, Nigeria, Seychelles, Sierra Leona, Somalia, Sao Tome y Pr\u00edncipe, Sudan, T\u00fanez, Uganda y Zambia, como tambi\u00e9n el \u00e1rea conocida como Rep\u00fablica \u00c1rabe Saharaui Democr\u00e1tica. La Uni\u00f3n Africana, Estados Miembros, y organizaciones de la Sociedad Civil Africana tambi\u00e9n necesitan urgir a la Federaci\u00f3n Rusa y a los Estados Unidos a ratificar los relevantes Protocolos.<\/p>\n<p>La entrada en vigor del Tratado de Pelindaba, luego de un largo atraso, ahora encuentra la oportunidad de enviar un claro mensaje para Mayo 2010, fecha de la Conferencia de Revisi\u00f3n del Tratado de No Proliferaci\u00f3n Nuclear (NPT), de que \u00c1frica est\u00e1 totalmente comprometida con el Desarme Total y la No Proliferaci\u00f3n a nivel global en el continente africano.<\/p>\n<p>*Amelia Broodrik y Noel Stott. Programa de Gesti\u00f3n de Armamento, ISS, Pretoria*<\/p>\n","protected":false},"excerpt":{"rendered":"<p>Trece a\u00f1os despu\u00e9s de la apertura de firmas, finalmente el tratado por un \u00c1frica Libre de Armas Nucleares ha logrado entrar en vigor con la firma de la vig\u00e9simo octava ratificaci\u00f3n por Burundi el 15 de Julio 2009. Hito logrado gracias a los esfuerzos del Instituto de Estudios de Seguridad, el Centro de Estudios por la No Proliferaci\u00f3n James Mart\u00edn y de otras organizaciones.<\/p>\n","protected":false},"author":19,"featured_media":0,"comment_status":"closed","ping_status":"open","sticky":false,"template":"","format":"standard","meta":{"footnotes":""},"categories":[64,76,39],"tags":[],"class_list":["post-965","post","type-post","status-publish","format-standard","hentry","category-africa-es","category-relaciones-exteriores","category-internacional"],"yoast_head":"<!-- This site is optimized with the Yoast SEO plugin v27.1.1 - https:\/\/yoast.com\/product\/yoast-seo-wordpress\/ -->\n<title>\u00c1frica es ahora oficialmente zona libre de armas nucleares<\/title>\n<meta name=\"description\" content=\"Trece a\u00f1os despu\u00e9s de la apertura de firmas, finalmente el tratado por un \u00c1frica Libre de Armas Nucleares ha logrado entrar en vigor con la firma de la vig\u00e9simo octava ratificaci\u00f3n por Burundi el 15 de Julio 2009. Hito logrado gracias a los esfuerzos del Instituto de Estudios de Seguridad, el Centro de Estudios por la No Proliferaci\u00f3n James Mart\u00edn y de otras organizaciones.\" \/>\n<meta name=\"robots\" content=\"index, follow, max-snippet:-1, max-image-preview:large, max-video-preview:-1\" \/>\n<link rel=\"canonical\" href=\"https:\/\/www.pressenza.com\/es\/2009\/08\/xfrica-es-ahora-oficialmente-zona-libre-de-armas-nucleares\/\" \/>\n<meta property=\"og:locale\" content=\"es_ES\" \/>\n<meta property=\"og:type\" content=\"article\" \/>\n<meta property=\"og:title\" content=\"\u00c1frica es ahora oficialmente zona libre de armas nucleares\" \/>\n<meta property=\"og:description\" content=\"Trece a\u00f1os despu\u00e9s de la apertura de firmas, finalmente el tratado por un \u00c1frica Libre de Armas Nucleares ha logrado entrar en vigor con la firma de la vig\u00e9simo octava ratificaci\u00f3n por Burundi el 15 de Julio 2009. Hito logrado gracias a los esfuerzos del Instituto de Estudios de Seguridad, el Centro de Estudios por la No Proliferaci\u00f3n James Mart\u00edn y de otras organizaciones.\" \/>\n<meta property=\"og:url\" content=\"https:\/\/www.pressenza.com\/es\/2009\/08\/xfrica-es-ahora-oficialmente-zona-libre-de-armas-nucleares\/\" \/>\n<meta property=\"og:site_name\" content=\"Pressenza\" \/>\n<meta property=\"article:publisher\" content=\"https:\/\/www.facebook.com\/PressenzaItalia\" \/>\n<meta property=\"article:author\" content=\"https:\/\/www.facebook.com\/pressenza\" \/>\n<meta property=\"article:published_time\" content=\"2009-08-16T00:00:00+00:00\" \/>\n<meta property=\"article:modified_time\" content=\"2009-09-28T05:01:03+00:00\" \/>\n<meta name=\"author\" content=\"Pressenza IPA\" \/>\n<meta name=\"twitter:card\" content=\"summary_large_image\" \/>\n<meta name=\"twitter:creator\" content=\"@PressenzaIPA\" \/>\n<meta name=\"twitter:site\" content=\"@PressenzaIPA\" \/>\n<meta name=\"twitter:label1\" content=\"Escrito por\" \/>\n\t<meta name=\"twitter:data1\" content=\"Pressenza IPA\" \/>\n\t<meta name=\"twitter:label2\" content=\"Tiempo de lectura\" \/>\n\t<meta name=\"twitter:data2\" content=\"4 minutos\" \/>\n<script type=\"application\/ld+json\" class=\"yoast-schema-graph\">{\"@context\":\"https:\/\/schema.org\",\"@graph\":[{\"@type\":\"Article\",\"@id\":\"https:\/\/www.pressenza.com\/es\/2009\/08\/xfrica-es-ahora-oficialmente-zona-libre-de-armas-nucleares\/#article\",\"isPartOf\":{\"@id\":\"https:\/\/www.pressenza.com\/es\/2009\/08\/xfrica-es-ahora-oficialmente-zona-libre-de-armas-nucleares\/\"},\"author\":{\"name\":\"Pressenza IPA\",\"@id\":\"https:\/\/www.pressenza.com\/es\/#\/schema\/person\/010e5d02bcf40965427a1289a4cc8d75\"},\"headline\":\"\u00c1frica es ahora oficialmente zona libre de armas nucleares\",\"datePublished\":\"2009-08-16T00:00:00+00:00\",\"dateModified\":\"2009-09-28T05:01:03+00:00\",\"mainEntityOfPage\":{\"@id\":\"https:\/\/www.pressenza.com\/es\/2009\/08\/xfrica-es-ahora-oficialmente-zona-libre-de-armas-nucleares\/\"},\"wordCount\":802,\"publisher\":{\"@id\":\"https:\/\/www.pressenza.com\/es\/#organization\"},\"articleSection\":[\"Africa\",\"Asuntos internacionales\",\"Internacional\"],\"inLanguage\":\"es\"},{\"@type\":\"WebPage\",\"@id\":\"https:\/\/www.pressenza.com\/es\/2009\/08\/xfrica-es-ahora-oficialmente-zona-libre-de-armas-nucleares\/\",\"url\":\"https:\/\/www.pressenza.com\/es\/2009\/08\/xfrica-es-ahora-oficialmente-zona-libre-de-armas-nucleares\/\",\"name\":\"\u00c1frica es ahora oficialmente zona libre de armas nucleares\",\"isPartOf\":{\"@id\":\"https:\/\/www.pressenza.com\/es\/#website\"},\"datePublished\":\"2009-08-16T00:00:00+00:00\",\"dateModified\":\"2009-09-28T05:01:03+00:00\",\"description\":\"Trece a\u00f1os despu\u00e9s de la apertura de firmas, finalmente el tratado por un \u00c1frica Libre de Armas Nucleares ha logrado entrar en vigor con la firma de la vig\u00e9simo octava ratificaci\u00f3n por Burundi el 15 de Julio 2009. Hito logrado gracias a los esfuerzos del Instituto de Estudios de Seguridad, el Centro de Estudios por la No Proliferaci\u00f3n James Mart\u00edn y de otras organizaciones.\",\"breadcrumb\":{\"@id\":\"https:\/\/www.pressenza.com\/es\/2009\/08\/xfrica-es-ahora-oficialmente-zona-libre-de-armas-nucleares\/#breadcrumb\"},\"inLanguage\":\"es\",\"potentialAction\":[{\"@type\":\"ReadAction\",\"target\":[\"https:\/\/www.pressenza.com\/es\/2009\/08\/xfrica-es-ahora-oficialmente-zona-libre-de-armas-nucleares\/\"]}]},{\"@type\":\"BreadcrumbList\",\"@id\":\"https:\/\/www.pressenza.com\/es\/2009\/08\/xfrica-es-ahora-oficialmente-zona-libre-de-armas-nucleares\/#breadcrumb\",\"itemListElement\":[{\"@type\":\"ListItem\",\"position\":1,\"name\":\"Accueil\",\"item\":\"https:\/\/www.pressenza.com\/es\/\"},{\"@type\":\"ListItem\",\"position\":2,\"name\":\"\u00c1frica es ahora oficialmente zona libre de armas nucleares\"}]},{\"@type\":\"WebSite\",\"@id\":\"https:\/\/www.pressenza.com\/es\/#website\",\"url\":\"https:\/\/www.pressenza.com\/es\/\",\"name\":\"Pressenza\",\"description\":\"International Press Agency\",\"publisher\":{\"@id\":\"https:\/\/www.pressenza.com\/es\/#organization\"},\"potentialAction\":[{\"@type\":\"SearchAction\",\"target\":{\"@type\":\"EntryPoint\",\"urlTemplate\":\"https:\/\/www.pressenza.com\/es\/?s={search_term_string}\"},\"query-input\":{\"@type\":\"PropertyValueSpecification\",\"valueRequired\":true,\"valueName\":\"search_term_string\"}}],\"inLanguage\":\"es\"},{\"@type\":\"Organization\",\"@id\":\"https:\/\/www.pressenza.com\/es\/#organization\",\"name\":\"Pressenza\",\"url\":\"https:\/\/www.pressenza.com\/es\/\",\"logo\":{\"@type\":\"ImageObject\",\"inLanguage\":\"es\",\"@id\":\"https:\/\/www.pressenza.com\/es\/#\/schema\/logo\/image\/\",\"url\":\"https:\/\/www.pressenza.com\/wp-content\/uploads\/2022\/10\/pressenza_logo_200x200.jpg\",\"contentUrl\":\"https:\/\/www.pressenza.com\/wp-content\/uploads\/2022\/10\/pressenza_logo_200x200.jpg\",\"width\":200,\"height\":200,\"caption\":\"Pressenza\"},\"image\":{\"@id\":\"https:\/\/www.pressenza.com\/es\/#\/schema\/logo\/image\/\"},\"sameAs\":[\"https:\/\/www.facebook.com\/PressenzaItalia\",\"https:\/\/x.com\/PressenzaIPA\"]},{\"@type\":\"Person\",\"@id\":\"https:\/\/www.pressenza.com\/es\/#\/schema\/person\/010e5d02bcf40965427a1289a4cc8d75\",\"name\":\"Pressenza IPA\",\"description\":\"News from Pressenza IPA correspondents\",\"sameAs\":[\"https:\/\/www.facebook.com\/pressenza\",\"https:\/\/x.com\/PressenzaIPA\"],\"url\":\"https:\/\/www.pressenza.com\/es\/author\/pressenza-ipa\/\"}]}<\/script>\n<!-- \/ Yoast SEO plugin. -->","yoast_head_json":{"title":"\u00c1frica es ahora oficialmente zona libre de armas nucleares","description":"Trece a\u00f1os despu\u00e9s de la apertura de firmas, finalmente el tratado por un \u00c1frica Libre de Armas Nucleares ha logrado entrar en vigor con la firma de la vig\u00e9simo octava ratificaci\u00f3n por Burundi el 15 de Julio 2009. Hito logrado gracias a los esfuerzos del Instituto de Estudios de Seguridad, el Centro de Estudios por la No Proliferaci\u00f3n James Mart\u00edn y de otras organizaciones.","robots":{"index":"index","follow":"follow","max-snippet":"max-snippet:-1","max-image-preview":"max-image-preview:large","max-video-preview":"max-video-preview:-1"},"canonical":"https:\/\/www.pressenza.com\/es\/2009\/08\/xfrica-es-ahora-oficialmente-zona-libre-de-armas-nucleares\/","og_locale":"es_ES","og_type":"article","og_title":"\u00c1frica es ahora oficialmente zona libre de armas nucleares","og_description":"Trece a\u00f1os despu\u00e9s de la apertura de firmas, finalmente el tratado por un \u00c1frica Libre de Armas Nucleares ha logrado entrar en vigor con la firma de la vig\u00e9simo octava ratificaci\u00f3n por Burundi el 15 de Julio 2009. Hito logrado gracias a los esfuerzos del Instituto de Estudios de Seguridad, el Centro de Estudios por la No Proliferaci\u00f3n James Mart\u00edn y de otras organizaciones.","og_url":"https:\/\/www.pressenza.com\/es\/2009\/08\/xfrica-es-ahora-oficialmente-zona-libre-de-armas-nucleares\/","og_site_name":"Pressenza","article_publisher":"https:\/\/www.facebook.com\/PressenzaItalia","article_author":"https:\/\/www.facebook.com\/pressenza","article_published_time":"2009-08-16T00:00:00+00:00","article_modified_time":"2009-09-28T05:01:03+00:00","author":"Pressenza IPA","twitter_card":"summary_large_image","twitter_creator":"@PressenzaIPA","twitter_site":"@PressenzaIPA","twitter_misc":{"Escrito por":"Pressenza IPA","Tiempo de lectura":"4 minutos"},"schema":{"@context":"https:\/\/schema.org","@graph":[{"@type":"Article","@id":"https:\/\/www.pressenza.com\/es\/2009\/08\/xfrica-es-ahora-oficialmente-zona-libre-de-armas-nucleares\/#article","isPartOf":{"@id":"https:\/\/www.pressenza.com\/es\/2009\/08\/xfrica-es-ahora-oficialmente-zona-libre-de-armas-nucleares\/"},"author":{"name":"Pressenza IPA","@id":"https:\/\/www.pressenza.com\/es\/#\/schema\/person\/010e5d02bcf40965427a1289a4cc8d75"},"headline":"\u00c1frica es ahora oficialmente zona libre de armas nucleares","datePublished":"2009-08-16T00:00:00+00:00","dateModified":"2009-09-28T05:01:03+00:00","mainEntityOfPage":{"@id":"https:\/\/www.pressenza.com\/es\/2009\/08\/xfrica-es-ahora-oficialmente-zona-libre-de-armas-nucleares\/"},"wordCount":802,"publisher":{"@id":"https:\/\/www.pressenza.com\/es\/#organization"},"articleSection":["Africa","Asuntos internacionales","Internacional"],"inLanguage":"es"},{"@type":"WebPage","@id":"https:\/\/www.pressenza.com\/es\/2009\/08\/xfrica-es-ahora-oficialmente-zona-libre-de-armas-nucleares\/","url":"https:\/\/www.pressenza.com\/es\/2009\/08\/xfrica-es-ahora-oficialmente-zona-libre-de-armas-nucleares\/","name":"\u00c1frica es ahora oficialmente zona libre de armas nucleares","isPartOf":{"@id":"https:\/\/www.pressenza.com\/es\/#website"},"datePublished":"2009-08-16T00:00:00+00:00","dateModified":"2009-09-28T05:01:03+00:00","description":"Trece a\u00f1os despu\u00e9s de la apertura de firmas, finalmente el tratado por un \u00c1frica Libre de Armas Nucleares ha logrado entrar en vigor con la firma de la vig\u00e9simo octava ratificaci\u00f3n por Burundi el 15 de Julio 2009. Hito logrado gracias a los esfuerzos del Instituto de Estudios de Seguridad, el Centro de Estudios por la No Proliferaci\u00f3n James Mart\u00edn y de otras organizaciones.","breadcrumb":{"@id":"https:\/\/www.pressenza.com\/es\/2009\/08\/xfrica-es-ahora-oficialmente-zona-libre-de-armas-nucleares\/#breadcrumb"},"inLanguage":"es","potentialAction":[{"@type":"ReadAction","target":["https:\/\/www.pressenza.com\/es\/2009\/08\/xfrica-es-ahora-oficialmente-zona-libre-de-armas-nucleares\/"]}]},{"@type":"BreadcrumbList","@id":"https:\/\/www.pressenza.com\/es\/2009\/08\/xfrica-es-ahora-oficialmente-zona-libre-de-armas-nucleares\/#breadcrumb","itemListElement":[{"@type":"ListItem","position":1,"name":"Accueil","item":"https:\/\/www.pressenza.com\/es\/"},{"@type":"ListItem","position":2,"name":"\u00c1frica es ahora oficialmente zona libre de armas nucleares"}]},{"@type":"WebSite","@id":"https:\/\/www.pressenza.com\/es\/#website","url":"https:\/\/www.pressenza.com\/es\/","name":"Pressenza","description":"International Press Agency","publisher":{"@id":"https:\/\/www.pressenza.com\/es\/#organization"},"potentialAction":[{"@type":"SearchAction","target":{"@type":"EntryPoint","urlTemplate":"https:\/\/www.pressenza.com\/es\/?s={search_term_string}"},"query-input":{"@type":"PropertyValueSpecification","valueRequired":true,"valueName":"search_term_string"}}],"inLanguage":"es"},{"@type":"Organization","@id":"https:\/\/www.pressenza.com\/es\/#organization","name":"Pressenza","url":"https:\/\/www.pressenza.com\/es\/","logo":{"@type":"ImageObject","inLanguage":"es","@id":"https:\/\/www.pressenza.com\/es\/#\/schema\/logo\/image\/","url":"https:\/\/www.pressenza.com\/wp-content\/uploads\/2022\/10\/pressenza_logo_200x200.jpg","contentUrl":"https:\/\/www.pressenza.com\/wp-content\/uploads\/2022\/10\/pressenza_logo_200x200.jpg","width":200,"height":200,"caption":"Pressenza"},"image":{"@id":"https:\/\/www.pressenza.com\/es\/#\/schema\/logo\/image\/"},"sameAs":["https:\/\/www.facebook.com\/PressenzaItalia","https:\/\/x.com\/PressenzaIPA"]},{"@type":"Person","@id":"https:\/\/www.pressenza.com\/es\/#\/schema\/person\/010e5d02bcf40965427a1289a4cc8d75","name":"Pressenza IPA","description":"News from Pressenza IPA correspondents","sameAs":["https:\/\/www.facebook.com\/pressenza","https:\/\/x.com\/PressenzaIPA"],"url":"https:\/\/www.pressenza.com\/es\/author\/pressenza-ipa\/"}]}},"place":"Burundi","original_article_url":"","_links":{"self":[{"href":"https:\/\/www.pressenza.com\/es\/wp-json\/wp\/v2\/posts\/965","targetHints":{"allow":["GET"]}}],"collection":[{"href":"https:\/\/www.pressenza.com\/es\/wp-json\/wp\/v2\/posts"}],"about":[{"href":"https:\/\/www.pressenza.com\/es\/wp-json\/wp\/v2\/types\/post"}],"author":[{"embeddable":true,"href":"https:\/\/www.pressenza.com\/es\/wp-json\/wp\/v2\/users\/19"}],"replies":[{"embeddable":true,"href":"https:\/\/www.pressenza.com\/es\/wp-json\/wp\/v2\/comments?post=965"}],"version-history":[{"count":0,"href":"https:\/\/www.pressenza.com\/es\/wp-json\/wp\/v2\/posts\/965\/revisions"}],"wp:attachment":[{"href":"https:\/\/www.pressenza.com\/es\/wp-json\/wp\/v2\/media?parent=965"}],"wp:term":[{"taxonomy":"category","embeddable":true,"href":"https:\/\/www.pressenza.com\/es\/wp-json\/wp\/v2\/categories?post=965"},{"taxonomy":"post_tag","embeddable":true,"href":"https:\/\/www.pressenza.com\/es\/wp-json\/wp\/v2\/tags?post=965"}],"curies":[{"name":"wp","href":"https:\/\/api.w.org\/{rel}","templated":true}]}}