{"id":96437,"date":"2014-03-25T05:48:42","date_gmt":"2014-03-25T05:48:42","guid":{"rendered":"http:\/\/www.pressenza.com\/?p=96437"},"modified":"2014-03-25T18:49:00","modified_gmt":"2014-03-25T18:49:00","slug":"acampan-en-sol-marchantes-de-la-dignidad","status":"publish","type":"post","link":"https:\/\/www.pressenza.com\/es\/2014\/03\/acampan-en-sol-marchantes-de-la-dignidad\/","title":{"rendered":"Acampan en Sol marchantes de la Dignidad"},"content":{"rendered":"<p>Integrantes de las Marchas por la Dignidad acampan en la Puerta del Sol pese a las advertencias e intervenciones policiales, para seguir reivindicando empleo, renta b\u00e1sica, derecho a vivienda, no al pago de la deuda, servicios p\u00fablicos para todos y denuncia de la corrupci\u00f3n.<\/p>\n<p>Decenas de personas se quedaron el domingo por la noche, en la Puerta de Sol de Madrid, despu\u00e9s de que terminaran las Marchas por la Dignidad. No ten\u00edan d\u00f3nde dormir y las razones que les llevaron a marchar no hab\u00edan cambiado.<\/p>\n<p>Hicieron una asamblea por la ma\u00f1ana, en la que convocaron otra por la tarde. En \u00e9sta se sumaron cientos de personas\u00a0 y se decidi\u00f3 acampar en Sol para reivindicar las mismas razones que les trajeron a Madrid.<\/p>\n<p>Ha sido bautizada como Acampada de la Dignidad y los manifestantes han resistido los embates de la polic\u00eda, que ha retirado los cartones que ten\u00edan los manifestantes y presionan con amenazas de 750 euros, identificando a los manifestantes.<\/p>\n<p>Ayer fue un d\u00eda tambi\u00e9n de protestas en los juzgados de la capital espa\u00f1ola, donde estaban m\u00e1s de 20 detenidos. Fueron saliendo a medida que declaraban, quedando en este momento uno de ellos todav\u00eda en instalaciones policiales.<\/p>\n<p>Los acampados han abierto una cuenta en la red social Twitter (<a href=\"https:\/\/twitter.com\/AcampDignidad\" target=\"_blank\">@AcampDignidad<\/a>).<\/p>\n<p>Est\u00e1n convocadas nuevas concentraciones hoy a las 12 y 20 horas, al tiempo que v<span class=\"pret_artlh\">arias cuentas de Twitter informan que se convocan acampadas en Barcelona, Sevilla, Valencia, Mallorca, Granada.<\/span><\/p>\n","protected":false},"excerpt":{"rendered":"<p>Integrantes de las Marchas por la Dignidad acampan en la Puerta del Sol pese a las advertencias e intervenciones policiales, para seguir reivindicando empleo, renta b\u00e1sica, derecho a vivienda, no al pago de la deuda, servicios p\u00fablicos para todos y&hellip;<\/p>\n","protected":false},"author":188,"featured_media":96577,"comment_status":"closed","ping_status":"open","sticky":false,"template":"","format":"standard","meta":{"footnotes":""},"categories":[79,81,39,74],"tags":[1161,1398,984,526,394,631,729],"class_list":["post-96437","post","type-post","status-publish","format-standard","has-post-thumbnail","hentry","category-derechos-humanos","category-economia-es","category-internacional","category-politica-es","tag-desahucios","tag-estado-espanol","tag-indignados-es","tag-manifestacion","tag-protestas-sociales","tag-violencia-economica","tag-violencia-policial"],"yoast_head":"<!-- This site is optimized with the Yoast SEO plugin v27.1.1 - https:\/\/yoast.com\/product\/yoast-seo-wordpress\/ -->\n<title>Acampan en Sol marchantes de la Dignidad<\/title>\n<meta name=\"description\" content=\"Integrantes de las Marchas por la Dignidad acampan en la Puerta del Sol pese a las advertencias e intervenciones policiales, para seguir reivindicando\" \/>\n<meta name=\"robots\" content=\"index, follow, max-snippet:-1, max-image-preview:large, max-video-preview:-1\" \/>\n<link rel=\"canonical\" href=\"https:\/\/www.pressenza.com\/es\/2014\/03\/acampan-en-sol-marchantes-de-la-dignidad\/\" \/>\n<meta property=\"og:locale\" content=\"es_ES\" \/>\n<meta property=\"og:type\" content=\"article\" \/>\n<meta property=\"og:title\" content=\"Acampan en Sol marchantes de la Dignidad\" \/>\n<meta property=\"og:description\" content=\"Integrantes de las Marchas por la Dignidad acampan en la Puerta del Sol pese a las advertencias e intervenciones policiales, para seguir reivindicando\" \/>\n<meta property=\"og:url\" content=\"https:\/\/www.pressenza.com\/es\/2014\/03\/acampan-en-sol-marchantes-de-la-dignidad\/\" \/>\n<meta property=\"og:site_name\" content=\"Pressenza\" \/>\n<meta property=\"article:publisher\" content=\"https:\/\/www.facebook.com\/PressenzaItalia\" \/>\n<meta property=\"article:published_time\" content=\"2014-03-25T05:48:42+00:00\" \/>\n<meta property=\"article:modified_time\" content=\"2014-03-25T18:49:00+00:00\" \/>\n<meta property=\"og:image\" content=\"https:\/\/www.pressenza.com\/wp-content\/uploads\/2014\/03\/Acampada-de-la-Dignidad1.jpg\" \/>\n\t<meta property=\"og:image:width\" content=\"600\" \/>\n\t<meta property=\"og:image:height\" content=\"450\" \/>\n\t<meta property=\"og:image:type\" content=\"image\/jpeg\" \/>\n<meta name=\"author\" content=\"Gabriela Amaya\" \/>\n<meta name=\"twitter:card\" content=\"summary_large_image\" \/>\n<meta name=\"twitter:creator\" content=\"@PressenzaIPA\" \/>\n<meta name=\"twitter:site\" content=\"@PressenzaIPA\" \/>\n<meta name=\"twitter:label1\" content=\"Escrito por\" \/>\n\t<meta name=\"twitter:data1\" content=\"Gabriela Amaya\" \/>\n\t<meta name=\"twitter:label2\" content=\"Tiempo de lectura\" \/>\n\t<meta name=\"twitter:data2\" content=\"1 minuto\" \/>\n<script type=\"application\/ld+json\" class=\"yoast-schema-graph\">{\"@context\":\"https:\/\/schema.org\",\"@graph\":[{\"@type\":\"Article\",\"@id\":\"https:\/\/www.pressenza.com\/es\/2014\/03\/acampan-en-sol-marchantes-de-la-dignidad\/#article\",\"isPartOf\":{\"@id\":\"https:\/\/www.pressenza.com\/es\/2014\/03\/acampan-en-sol-marchantes-de-la-dignidad\/\"},\"author\":{\"name\":\"Gabriela Amaya\",\"@id\":\"https:\/\/www.pressenza.com\/es\/#\/schema\/person\/725d47ccbea4c7854f7dd4011b6670b9\"},\"headline\":\"Acampan en Sol marchantes de la Dignidad\",\"datePublished\":\"2014-03-25T05:48:42+00:00\",\"dateModified\":\"2014-03-25T18:49:00+00:00\",\"mainEntityOfPage\":{\"@id\":\"https:\/\/www.pressenza.com\/es\/2014\/03\/acampan-en-sol-marchantes-de-la-dignidad\/\"},\"wordCount\":257,\"publisher\":{\"@id\":\"https:\/\/www.pressenza.com\/es\/#organization\"},\"image\":{\"@id\":\"https:\/\/www.pressenza.com\/es\/2014\/03\/acampan-en-sol-marchantes-de-la-dignidad\/#primaryimage\"},\"thumbnailUrl\":\"https:\/\/www.pressenza.com\/wp-content\/uploads\/2014\/03\/Acampada-de-la-Dignidad1.jpg\",\"keywords\":[\"desahucios\",\"Estado espa\u00f1ol\",\"indignados\",\"manifestaci\u00f3n\",\"protestas sociales\",\"Violencia econ\u00f3mica\",\"Violencia policial\"],\"articleSection\":[\"Derechos Humanos\",\"Econom\u00eda\",\"Internacional\",\"Pol\u00edtica\"],\"inLanguage\":\"es\"},{\"@type\":\"WebPage\",\"@id\":\"https:\/\/www.pressenza.com\/es\/2014\/03\/acampan-en-sol-marchantes-de-la-dignidad\/\",\"url\":\"https:\/\/www.pressenza.com\/es\/2014\/03\/acampan-en-sol-marchantes-de-la-dignidad\/\",\"name\":\"Acampan en Sol marchantes de la Dignidad\",\"isPartOf\":{\"@id\":\"https:\/\/www.pressenza.com\/es\/#website\"},\"primaryImageOfPage\":{\"@id\":\"https:\/\/www.pressenza.com\/es\/2014\/03\/acampan-en-sol-marchantes-de-la-dignidad\/#primaryimage\"},\"image\":{\"@id\":\"https:\/\/www.pressenza.com\/es\/2014\/03\/acampan-en-sol-marchantes-de-la-dignidad\/#primaryimage\"},\"thumbnailUrl\":\"https:\/\/www.pressenza.com\/wp-content\/uploads\/2014\/03\/Acampada-de-la-Dignidad1.jpg\",\"datePublished\":\"2014-03-25T05:48:42+00:00\",\"dateModified\":\"2014-03-25T18:49:00+00:00\",\"description\":\"Integrantes de las Marchas por la Dignidad acampan en la Puerta del Sol pese a las advertencias e intervenciones policiales, para seguir reivindicando\",\"breadcrumb\":{\"@id\":\"https:\/\/www.pressenza.com\/es\/2014\/03\/acampan-en-sol-marchantes-de-la-dignidad\/#breadcrumb\"},\"inLanguage\":\"es\",\"potentialAction\":[{\"@type\":\"ReadAction\",\"target\":[\"https:\/\/www.pressenza.com\/es\/2014\/03\/acampan-en-sol-marchantes-de-la-dignidad\/\"]}]},{\"@type\":\"ImageObject\",\"inLanguage\":\"es\",\"@id\":\"https:\/\/www.pressenza.com\/es\/2014\/03\/acampan-en-sol-marchantes-de-la-dignidad\/#primaryimage\",\"url\":\"https:\/\/www.pressenza.com\/wp-content\/uploads\/2014\/03\/Acampada-de-la-Dignidad1.jpg\",\"contentUrl\":\"https:\/\/www.pressenza.com\/wp-content\/uploads\/2014\/03\/Acampada-de-la-Dignidad1.jpg\",\"width\":600,\"height\":450},{\"@type\":\"BreadcrumbList\",\"@id\":\"https:\/\/www.pressenza.com\/es\/2014\/03\/acampan-en-sol-marchantes-de-la-dignidad\/#breadcrumb\",\"itemListElement\":[{\"@type\":\"ListItem\",\"position\":1,\"name\":\"Accueil\",\"item\":\"https:\/\/www.pressenza.com\/es\/\"},{\"@type\":\"ListItem\",\"position\":2,\"name\":\"Acampan en Sol marchantes de la Dignidad\"}]},{\"@type\":\"WebSite\",\"@id\":\"https:\/\/www.pressenza.com\/es\/#website\",\"url\":\"https:\/\/www.pressenza.com\/es\/\",\"name\":\"Pressenza\",\"description\":\"International Press Agency\",\"publisher\":{\"@id\":\"https:\/\/www.pressenza.com\/es\/#organization\"},\"potentialAction\":[{\"@type\":\"SearchAction\",\"target\":{\"@type\":\"EntryPoint\",\"urlTemplate\":\"https:\/\/www.pressenza.com\/es\/?s={search_term_string}\"},\"query-input\":{\"@type\":\"PropertyValueSpecification\",\"valueRequired\":true,\"valueName\":\"search_term_string\"}}],\"inLanguage\":\"es\"},{\"@type\":\"Organization\",\"@id\":\"https:\/\/www.pressenza.com\/es\/#organization\",\"name\":\"Pressenza\",\"url\":\"https:\/\/www.pressenza.com\/es\/\",\"logo\":{\"@type\":\"ImageObject\",\"inLanguage\":\"es\",\"@id\":\"https:\/\/www.pressenza.com\/es\/#\/schema\/logo\/image\/\",\"url\":\"https:\/\/www.pressenza.com\/wp-content\/uploads\/2022\/10\/pressenza_logo_200x200.jpg\",\"contentUrl\":\"https:\/\/www.pressenza.com\/wp-content\/uploads\/2022\/10\/pressenza_logo_200x200.jpg\",\"width\":200,\"height\":200,\"caption\":\"Pressenza\"},\"image\":{\"@id\":\"https:\/\/www.pressenza.com\/es\/#\/schema\/logo\/image\/\"},\"sameAs\":[\"https:\/\/www.facebook.com\/PressenzaItalia\",\"https:\/\/x.com\/PressenzaIPA\"]},{\"@type\":\"Person\",\"@id\":\"https:\/\/www.pressenza.com\/es\/#\/schema\/person\/725d47ccbea4c7854f7dd4011b6670b9\",\"name\":\"Gabriela Amaya\",\"description\":\"Editor in Spanish, Gabriel Amaya has worked in radio and written press and years ago decided to develop her journalistic work as a professional volunteer at the service of peace and nonviolence. She is also involved with different collectives and platforms which she supports with her journalism.\",\"url\":\"https:\/\/www.pressenza.com\/es\/author\/gabriela-amaya\/\"}]}<\/script>\n<!-- \/ Yoast SEO plugin. -->","yoast_head_json":{"title":"Acampan en Sol marchantes de la Dignidad","description":"Integrantes de las Marchas por la Dignidad acampan en la Puerta del Sol pese a las advertencias e intervenciones policiales, para seguir reivindicando","robots":{"index":"index","follow":"follow","max-snippet":"max-snippet:-1","max-image-preview":"max-image-preview:large","max-video-preview":"max-video-preview:-1"},"canonical":"https:\/\/www.pressenza.com\/es\/2014\/03\/acampan-en-sol-marchantes-de-la-dignidad\/","og_locale":"es_ES","og_type":"article","og_title":"Acampan en Sol marchantes de la Dignidad","og_description":"Integrantes de las Marchas por la Dignidad acampan en la Puerta del Sol pese a las advertencias e intervenciones policiales, para seguir reivindicando","og_url":"https:\/\/www.pressenza.com\/es\/2014\/03\/acampan-en-sol-marchantes-de-la-dignidad\/","og_site_name":"Pressenza","article_publisher":"https:\/\/www.facebook.com\/PressenzaItalia","article_published_time":"2014-03-25T05:48:42+00:00","article_modified_time":"2014-03-25T18:49:00+00:00","og_image":[{"width":600,"height":450,"url":"https:\/\/www.pressenza.com\/wp-content\/uploads\/2014\/03\/Acampada-de-la-Dignidad1.jpg","type":"image\/jpeg"}],"author":"Gabriela Amaya","twitter_card":"summary_large_image","twitter_creator":"@PressenzaIPA","twitter_site":"@PressenzaIPA","twitter_misc":{"Escrito por":"Gabriela Amaya","Tiempo de lectura":"1 minuto"},"schema":{"@context":"https:\/\/schema.org","@graph":[{"@type":"Article","@id":"https:\/\/www.pressenza.com\/es\/2014\/03\/acampan-en-sol-marchantes-de-la-dignidad\/#article","isPartOf":{"@id":"https:\/\/www.pressenza.com\/es\/2014\/03\/acampan-en-sol-marchantes-de-la-dignidad\/"},"author":{"name":"Gabriela Amaya","@id":"https:\/\/www.pressenza.com\/es\/#\/schema\/person\/725d47ccbea4c7854f7dd4011b6670b9"},"headline":"Acampan en Sol marchantes de la Dignidad","datePublished":"2014-03-25T05:48:42+00:00","dateModified":"2014-03-25T18:49:00+00:00","mainEntityOfPage":{"@id":"https:\/\/www.pressenza.com\/es\/2014\/03\/acampan-en-sol-marchantes-de-la-dignidad\/"},"wordCount":257,"publisher":{"@id":"https:\/\/www.pressenza.com\/es\/#organization"},"image":{"@id":"https:\/\/www.pressenza.com\/es\/2014\/03\/acampan-en-sol-marchantes-de-la-dignidad\/#primaryimage"},"thumbnailUrl":"https:\/\/www.pressenza.com\/wp-content\/uploads\/2014\/03\/Acampada-de-la-Dignidad1.jpg","keywords":["desahucios","Estado espa\u00f1ol","indignados","manifestaci\u00f3n","protestas sociales","Violencia econ\u00f3mica","Violencia policial"],"articleSection":["Derechos Humanos","Econom\u00eda","Internacional","Pol\u00edtica"],"inLanguage":"es"},{"@type":"WebPage","@id":"https:\/\/www.pressenza.com\/es\/2014\/03\/acampan-en-sol-marchantes-de-la-dignidad\/","url":"https:\/\/www.pressenza.com\/es\/2014\/03\/acampan-en-sol-marchantes-de-la-dignidad\/","name":"Acampan en Sol marchantes de la Dignidad","isPartOf":{"@id":"https:\/\/www.pressenza.com\/es\/#website"},"primaryImageOfPage":{"@id":"https:\/\/www.pressenza.com\/es\/2014\/03\/acampan-en-sol-marchantes-de-la-dignidad\/#primaryimage"},"image":{"@id":"https:\/\/www.pressenza.com\/es\/2014\/03\/acampan-en-sol-marchantes-de-la-dignidad\/#primaryimage"},"thumbnailUrl":"https:\/\/www.pressenza.com\/wp-content\/uploads\/2014\/03\/Acampada-de-la-Dignidad1.jpg","datePublished":"2014-03-25T05:48:42+00:00","dateModified":"2014-03-25T18:49:00+00:00","description":"Integrantes de las Marchas por la Dignidad acampan en la Puerta del Sol pese a las advertencias e intervenciones policiales, para seguir reivindicando","breadcrumb":{"@id":"https:\/\/www.pressenza.com\/es\/2014\/03\/acampan-en-sol-marchantes-de-la-dignidad\/#breadcrumb"},"inLanguage":"es","potentialAction":[{"@type":"ReadAction","target":["https:\/\/www.pressenza.com\/es\/2014\/03\/acampan-en-sol-marchantes-de-la-dignidad\/"]}]},{"@type":"ImageObject","inLanguage":"es","@id":"https:\/\/www.pressenza.com\/es\/2014\/03\/acampan-en-sol-marchantes-de-la-dignidad\/#primaryimage","url":"https:\/\/www.pressenza.com\/wp-content\/uploads\/2014\/03\/Acampada-de-la-Dignidad1.jpg","contentUrl":"https:\/\/www.pressenza.com\/wp-content\/uploads\/2014\/03\/Acampada-de-la-Dignidad1.jpg","width":600,"height":450},{"@type":"BreadcrumbList","@id":"https:\/\/www.pressenza.com\/es\/2014\/03\/acampan-en-sol-marchantes-de-la-dignidad\/#breadcrumb","itemListElement":[{"@type":"ListItem","position":1,"name":"Accueil","item":"https:\/\/www.pressenza.com\/es\/"},{"@type":"ListItem","position":2,"name":"Acampan en Sol marchantes de la Dignidad"}]},{"@type":"WebSite","@id":"https:\/\/www.pressenza.com\/es\/#website","url":"https:\/\/www.pressenza.com\/es\/","name":"Pressenza","description":"International Press Agency","publisher":{"@id":"https:\/\/www.pressenza.com\/es\/#organization"},"potentialAction":[{"@type":"SearchAction","target":{"@type":"EntryPoint","urlTemplate":"https:\/\/www.pressenza.com\/es\/?s={search_term_string}"},"query-input":{"@type":"PropertyValueSpecification","valueRequired":true,"valueName":"search_term_string"}}],"inLanguage":"es"},{"@type":"Organization","@id":"https:\/\/www.pressenza.com\/es\/#organization","name":"Pressenza","url":"https:\/\/www.pressenza.com\/es\/","logo":{"@type":"ImageObject","inLanguage":"es","@id":"https:\/\/www.pressenza.com\/es\/#\/schema\/logo\/image\/","url":"https:\/\/www.pressenza.com\/wp-content\/uploads\/2022\/10\/pressenza_logo_200x200.jpg","contentUrl":"https:\/\/www.pressenza.com\/wp-content\/uploads\/2022\/10\/pressenza_logo_200x200.jpg","width":200,"height":200,"caption":"Pressenza"},"image":{"@id":"https:\/\/www.pressenza.com\/es\/#\/schema\/logo\/image\/"},"sameAs":["https:\/\/www.facebook.com\/PressenzaItalia","https:\/\/x.com\/PressenzaIPA"]},{"@type":"Person","@id":"https:\/\/www.pressenza.com\/es\/#\/schema\/person\/725d47ccbea4c7854f7dd4011b6670b9","name":"Gabriela Amaya","description":"Editor in Spanish, Gabriel Amaya has worked in radio and written press and years ago decided to develop her journalistic work as a professional volunteer at the service of peace and nonviolence. She is also involved with different collectives and platforms which she supports with her journalism.","url":"https:\/\/www.pressenza.com\/es\/author\/gabriela-amaya\/"}]}},"place":"","original_article_url":"","_links":{"self":[{"href":"https:\/\/www.pressenza.com\/es\/wp-json\/wp\/v2\/posts\/96437","targetHints":{"allow":["GET"]}}],"collection":[{"href":"https:\/\/www.pressenza.com\/es\/wp-json\/wp\/v2\/posts"}],"about":[{"href":"https:\/\/www.pressenza.com\/es\/wp-json\/wp\/v2\/types\/post"}],"author":[{"embeddable":true,"href":"https:\/\/www.pressenza.com\/es\/wp-json\/wp\/v2\/users\/188"}],"replies":[{"embeddable":true,"href":"https:\/\/www.pressenza.com\/es\/wp-json\/wp\/v2\/comments?post=96437"}],"version-history":[{"count":0,"href":"https:\/\/www.pressenza.com\/es\/wp-json\/wp\/v2\/posts\/96437\/revisions"}],"wp:featuredmedia":[{"embeddable":true,"href":"https:\/\/www.pressenza.com\/es\/wp-json\/wp\/v2\/media\/96577"}],"wp:attachment":[{"href":"https:\/\/www.pressenza.com\/es\/wp-json\/wp\/v2\/media?parent=96437"}],"wp:term":[{"taxonomy":"category","embeddable":true,"href":"https:\/\/www.pressenza.com\/es\/wp-json\/wp\/v2\/categories?post=96437"},{"taxonomy":"post_tag","embeddable":true,"href":"https:\/\/www.pressenza.com\/es\/wp-json\/wp\/v2\/tags?post=96437"}],"curies":[{"name":"wp","href":"https:\/\/api.w.org\/{rel}","templated":true}]}}