{"id":963040,"date":"2019-11-04T15:45:31","date_gmt":"2019-11-04T15:45:31","guid":{"rendered":"https:\/\/www.pressenza.com\/?p=963040"},"modified":"2019-11-04T21:15:56","modified_gmt":"2019-11-04T21:15:56","slug":"urgente-bolivia-develan-audios-que-vinculan-a-civicos-exmilitares-y-eeuu-en-planes-golpistas","status":"publish","type":"post","link":"https:\/\/www.pressenza.com\/es\/2019\/11\/urgente-bolivia-develan-audios-que-vinculan-a-civicos-exmilitares-y-eeuu-en-planes-golpistas\/","title":{"rendered":"#Urgente \/ Bolivia: Develan audios que vinculan a c\u00edvicos, exmilitares y EEUU en planes golpistas"},"content":{"rendered":"<p>Corroborando lo anunciado por el reelecto presidente de Bolivia Evo Morales, la red Erbol ha publicado informaci\u00f3n que delata la trama golpista que actualmente pretende derrocar al gobierno. Entre las informaciones filtradas, destaca la injerencia estadounidense a trav\u00e9s del compromiso de senadores estadounidenses como Marco Rubio, Bob Men\u00e9ndez y Ted Cruz, incluso con el apoyo del gobierno de Brasil en el plan de golpe de estado contra Evo Morales.<\/p>\n<p>En cuanto a los actores locales, los audios incluyen la participaci\u00f3n del ex prefecto de Cochabamba Manfred Reyes Villa y otros opositores. Si bien la menci\u00f3n es indirecta, los audios confirmar\u00edan reuniones de opositores con quien fuera ministro de Defensa del ex presidente Gonzalo S\u00e1nchez de Lozada en ocasi\u00f3n del Octubre Negro de 2003, Carlos S\u00e1nchez Berza\u00edn, pr\u00f3fugo en los Estados Unidos. El gobierno se\u00f1al\u00f3 a Berza\u00edn como uno de los principales promotores de la actual asonada opositora.<\/p>\n<p>En relaci\u00f3n a la informaci\u00f3n obtenida por ERBOL, otro de los audios relata con exactitud la estrategia seguida por la oposici\u00f3n boliviana, entre las que destacan la posici\u00f3n de invalidar las elecciones del 20 de octubre, generar un levantamiento militar-civil y llamar a una huelga nacional.<\/p>\n<p>Los audios se\u00f1alan claramente la participaci\u00f3n conspirativa de militares retirados y\u00a0sugieren que habr\u00eda apoyo de miembros activos de las Fuerzas Armadas Nacionales y la Polic\u00eda.<\/p>\n<p>Como puede observarse en la informaci\u00f3n develada, las acciones para un golpe de Estado no son espont\u00e1neas, ni provienen de un sector disconforme de la poblaci\u00f3n, sino que han sido planificadas cuidadosamente para dar por tierra el Proceso de Cambio iniciado en el a\u00f1o 2005.<\/p>\n<p>Publicamos a continuaci\u00f3n la nota completa de ERBOL, en la que se da cuenta de fuentes que pueden ser consultadas por los lectores.<\/p>\n<div class=\"field field-name-body field-type-text-with-summary field-label-hidden\">\n<div class=\"field-items\">\n<div class=\"field-item even\">\n<p class=\"rtejustify\"><em>En medio de la actual crisis pol\u00edtica surgieron\u00a0unos diecis\u00e9is audios de conversaciones donde se escucha presuntamente a dirigentes c\u00edvicos, pol\u00edticos y militares en servicio pasivo, en un plan de agitaci\u00f3n social, antes y despu\u00e9s de las elecciones generales, con el prop\u00f3sito de evitar la continuidad del presidente Evo Morales, seg\u00fan publicaciones en medios digitales.<\/em><\/p>\n<p class=\"rtejustify\"><em>La totalidad de los audios y los informes redactados el 8 y 10 de octubre se encuentran en el portal <a href=\"https:\/\/bbackdoors.wordpress.com\/2019\/10\/08\/us-hands-against-bolivia-part-i\/\">https:\/\/bbackdoors.wordpress.com\/2019\/10\/08\/us-hands-against-bolivia-part-i\/<\/a>\u00a0y el contenido es coincidente con el discurso de autoridades de gobierno que denunciaron planes de golpe de estado e incluso el presidente Evo Morales dijo en d\u00edas pasados tener las grabaciones.<\/em><\/p>\n<p class=\"rtejustify\"><em>En las\u00a0conversaciones se menciona a un expresidente de la rep\u00fablica, al exprefecto de Cochabamba, Manfred Reyes Villa, al ex diputado cochabambino de NFR Mauricio Mu\u00f1oz. Un informe escrito agrega a los exmilitares del Ej\u00e9rcito Oscar Pacello Aguirre, Remberto Siles, Julio Cesar Maldonado y Teobaldo Cardozo.<\/em><\/p>\n<p class=\"rtejustify\"><em>Seg\u00fan la fuente, en uno de esos audios se identifica a la activista Miriam\u00a0Pereira quien hace referencia\u00a0a Juan Flores, a su asesor Alex Bra\u00f1ez, Oscar Robles. Ella alerta\u00a0de\u00a0un\u00a0viaje que hicieron esas personas a Estados Unidos para reunirse con Carlos S\u00e1nchez Berza\u00edn y\u00a0un presunto financiamiento de medio de mill\u00f3n de d\u00f3lares para gastos de movilizaci\u00f3n. \u201cEl chulupi quiere sangre, en esto est\u00e1 trabajando, el financiamiento es por medio mill\u00f3n de d\u00f3lares para sus gastos\u201d, dijo\u00a0ofuscada la citada persona, de acuerdo con la grabaci\u00f3n..<\/em><\/p>\n<p class=\"rtejustify\"><em>La direcci\u00f3n digital <a href=\"https:\/\/postcuba.org\/embajada-de-eeuu-en-la-paz-su-accionar-encubierto-en-apoyo-al-golpe-de-estado-contra-el-presidente-evo-morales\/#.Xb5Oi9JKiM\">https:\/\/postcuba.org\/embajada-de-eeuu-en-la-paz-su-accionar-encubierto-en-apoyo-al-golpe-de-estado-contra-el-presidente-evo-morales\/#.Xb5Oi9JKiM<\/a>, consigna un resumen\u00a0sobre el contenido de las conversaciones de dirigentes pol\u00edticos, c\u00edvicos y ex militares en sus labores de coordinaci\u00f3n con miras al paro nacional c\u00edvico del 21 de agosto; acciones previas y posteriores a las elecciones nacionales.<\/em><\/p>\n<p class=\"rtejustify\"><em>Ese informe est\u00e1 escrito en el idioma ingl\u00e9s y fue traducido al espa\u00f1ol est\u00e1 disponible en el portal post cuba, bajo el r\u00f3tulo \u201cEmbajada de EEUU en La Paz: Su accionar encubierto en apoyo al Golpe de Estado contra el presidente Evo Morales\u201d.<\/em><\/p>\n<p class=\"rtejustify\"><em><strong>MENCIONA\u00a0A SENADORES DE EEUU<\/strong><\/em><\/p>\n<p class=\"rtejustify\"><em>En uno de los audios se escucha presuntamente a Manfred Reyes Villa en una conversaci\u00f3n con personas que no pudieron ser identificadas, a quienes les recuerda que hay un compromiso de los senadores estadounidenses Marco Rubio, Bob Men\u00e9ndez y\u00a0 Ted Cruz para promover sanciones econ\u00f3micas contra Bolivia, si acaso Evo Morales permanece\u00a0 en el Palacio de Gobierno.<\/em><\/p>\n<p class=\"rtejustify\"><em>\u201cEstos tres nombres que est\u00e1n mencionados en nuestra agendita, son la llave que est\u00e1n manejando el inter\u00e9s de que el pueblo boliviano tenga la justicia por el voto del 21 de febrero de 2016\u201d, dice Reyes Villa. Incluso su operador pol\u00edtico Mauricio Mu\u00f1oz habla en otro audio sobre la posibilidad de retornar al pa\u00eds para ser candidato a Gobernador de Cochabamba, siempre que Evo Morales salga del poder con las acciones de agitaci\u00f3n social.<\/em><\/p>\n<p class=\"rtejustify\"><em>En otro audio, un supuesto exmilitar no identificado alerta sobre el riesgo de contaminar a los comit\u00e9s c\u00edvicos de La Paz y Santa Cruz, para luego el gobierno los ponga en la misma bolsa y los acuse de golpistas.<\/em><\/p>\n<p class=\"rtejustify\"><em>Otra voz dice: \u201cse\u00f1or expresidente, estamos en una escalada\u201d\u00a0que en alg\u00fan momento debe llegar a su punto culminante en base a la movilizaci\u00f3n popular, porque \u201clas Fuerzas Armadas van a reaccionar de acuerdo a lo que los movimientos populares hagan. Si hay un respaldo mayoritario, en alg\u00fan momento alguien le va a decir, por favor se\u00f1or Presidente cumpla con la ley y a eso debemos ir nosotros\u201d, manifiesta en la conversaci\u00f3n.<\/em><\/p>\n<p class=\"rtejustify\"><em>Incluso plantea que los c\u00edvicos movilizados tengan en cuenta que el enemigo en Bolivia es Cuba. \u201cMi coronel, tenemos que decir fuera cubanos, mueran cubanos. Los comit\u00e9s c\u00edvicos exigen a pa\u00edses internacionales, es est\u00fapido; quien gobierna el pa\u00eds son los cubanos\u201d, afirm\u00f3.<\/em><\/p>\n<p class=\"rtejustify\"><em>Otra voz indica que los campesinos est\u00e1n esperando una estructura s\u00f3lida a partir del 21 de agosto para actuar junto a las plataformas.\u00a0<\/em><\/p>\n<p class=\"rtejustify\"><em>Tambi\u00e9n lograron infiltrar una reuni\u00f3n presuntamente del presidente y del jefe de juventudes del comit\u00e9 c\u00edvico de La Paz, con un exgeneral identificado como\u00a0Julito y el excoronel quien en su charla se presenta como Oscar Pacello Aguirre, representante de la Coordinadora Nacional Militar, quien habla de tener planes para tomar la gobernaci\u00f3n y subgobernaci\u00f3n de Tarija, probablemente en el mes de agosto.<\/em><\/p>\n<p class=\"rtejustify\"><em>\u201cHay informaci\u00f3n que solamente debe quedar aqu\u00ed, vamos a ir manejando temas reservados y secretos, no puede salir. Si sale eso, nos van a hacer abortar\u201d, dice al explicar que la ruta parte el 23 de julio, 21 de agosto, hasta el 20 de octubre, pero antes los momentos clave de su movilizaci\u00f3n deber\u00edan ser la visita del expresidente Jos\u00e9 M\u00fajica, el 6 de agosto en el acto c\u00edvico-patri\u00f3tico y el 7 de la parada militar en la ciudad de El Alto.<\/em><\/p>\n<p class=\"rtejustify\"><em>\u201cEvo Morales quiere legitimarse en estas elecciones y tenemos que coordinar con los comit\u00e9s c\u00edvicos\u201d, dice en otra parte de su conversaci\u00f3n aparentemente con los c\u00edvicos de La Paz.<\/em><\/p>\n<blockquote>\n<p class=\"rtejustify\"><em><strong>S\u00cdNTESIS DEL CONTENIDO DE LOS AUDIOS (<\/strong>Fuente: <a href=\"https:\/\/postcuba.org\">https:\/\/postcuba.org<\/a>)<\/em><\/p>\n<p class=\"rtejustify\"><em><strong>Audio 1. <\/strong>\u00a0Ilustra el compromiso de senadores estadounidenses como Marco Rubio, Bob Men\u00e9ndez y Ted Cruz en el plan de golpe de estado contra Evo Morales.<\/em><\/p>\n<p class=\"rtejustify\"><em><strong>Audio 2. \u00a0<\/strong>Un miembro de la oposici\u00f3n boliviana y presunto ex militar, hace un llamado para un levantamiento armado.<\/em><\/p>\n<p class=\"rtejustify\"><em><strong>Audio 3. \u00a0<\/strong>Un miembro de la oposici\u00f3n boliviana (a\u00fan por identificar) propone se\u00f1alar las casas de los partidarios del partido pol\u00edtico del presidente, para infundir miedo en la poblaci\u00f3n e influir en ellos m\u00e1s tarde para apoyar el golpe.<\/em><\/p>\n<p class=\"rtejustify\"><em><strong>Audio 4. \u00a0<\/strong>Un miembro de la oposici\u00f3n boliviana (a\u00fan por identificar), plantea la estrategia a seguir por la oposici\u00f3n boliviana, estableci\u00e9ndose como una premisa que invalida las elecciones del 20 de octubre, genera un levantamiento militar-civil y crea una huelga nacional. Adem\u00e1s, coment\u00f3 que hay miembros activos de las Fuerzas Armadas Nacionales y la Polic\u00eda que apoyar\u00edan estas acciones.<\/em><\/p>\n<p class=\"rtejustify\"><em><strong>Audio 5.<\/strong>\u00a0Una conversaci\u00f3n entre miembros de la oposici\u00f3n boliviana que muestra la participaci\u00f3n de Manfred Reyes Villa, otro miembro de la oposici\u00f3n residente en Estados Unidos, que tiene planes de golpe de estado. Se menciona el respaldo que la oposici\u00f3n est\u00e1 obteniendo de la Iglesia Evang\u00e9lica y el gobierno brasile\u00f1o. Destaca la referencia sobre un supuesto hombre de confianza para el presidente brasile\u00f1o Jair Bolsonaro, quien tambi\u00e9n asesora a un candidato presidencial boliviano que a\u00fan no se ha identificado.<\/em><\/p>\n<p class=\"rtejustify\"><em><strong>Audio 6.\u00a0<\/strong>Muestra la participaci\u00f3n de Manfred Reyes Villa, miembro de la oposici\u00f3n con planes de golpe de estado. La voz del activista pol\u00edtico boliviano Mauricio Mu\u00f1oz y Reyes se puede escuchar en la grabaci\u00f3n.<\/em><\/p>\n<p class=\"rtejustify\"><em><strong>Audio 7.\u00a0<\/strong>Un ex coronel de Bolivia confirma los planes de golpe de estado contra el presidente Evo Morales, y expresa su preocupaci\u00f3n por la participaci\u00f3n de los l\u00edderes de los comit\u00e9s c\u00edvicos en el ej\u00e9rcito relacionado con la oposici\u00f3n.<\/em><\/p>\n<p class=\"rtejustify\"><em><strong>Audio 8.\u00a0<\/strong>El ex coronel boliviano Julio C\u00e9sar Maldonado Leoni, presidente del Comit\u00e9 Militar Nacional, da \u00f3rdenes de implementar todo tipo de acciones contra la Embajada de Cuba y sus diplom\u00e1ticos, infunde miedo y odio hacia los cubanos para que abandonen el pa\u00eds.<\/em><\/p>\n<p class=\"rtejustify\"><em><strong>Audio 9.\u00a0<\/strong>Este audio est\u00e1 relacionado con una reuni\u00f3n entre ex militares bolivianos celebrada en la ciudad de Cochabamba. El ex coronel Julio C\u00e9sar Maldonado Leoni, presidente del Comit\u00e9 Militar Nacional, se refiere a la creaci\u00f3n de un poder pol\u00edtico-militar.<\/em><\/p>\n<p class=\"rtejustify\"><em><strong>Audio 10.\u00a0<\/strong>El ex coronel boliviano Teobaldo Cardoso, comenta que todo est\u00e1 preparado y que son un gran grupo de miembros militares antiguos y activos listos para emprender la guerra.<\/em><\/p>\n<p class=\"rtejustify\"><em><strong>Audio 11.<\/strong>\u00a0Ilustra el compromiso del pol\u00edtico y miembro de la oposici\u00f3n Manfred Reyes Villa, con los planes de derrocar al presidente. La voz de Manfred Reyes se escucha en una conversaci\u00f3n con la activista pol\u00edtica y miembro de la oposici\u00f3n Miriam Pereira y los periodistas Carlos y Chanet Blacut.<\/em><\/p>\n<p class=\"rtejustify\"><em><strong>Audio 12.\u00a0<\/strong>Se escucha la voz del ex general del ej\u00e9rcito Remberto Siles, quien hace referencia a la existencia de un gran plan contra el gobierno boliviano.<\/em><\/p>\n<p class=\"rtejustify\"><em><strong>Audio 13.\u00a0\u00a0<\/strong>Estrategia y acciones del Comit\u00e9 C\u00edvico La Paz, en el contexto de la Huelga Nacional del 21 de agosto. Se puede escuchar la voz de su presidente, el pol\u00edtico Jaime Antonio Alarc\u00f3n Daza.<\/em><\/p>\n<p class=\"rtejustify\"><em><strong>Audio 14.\u00a0<\/strong>Se puede escuchar la voz del ex coronel Oscar Pacello Aguirre, Representante del Coordinador Militar Nacional. Menciona un plan secreto contra el gobierno del presidente Evo Morales y las acciones previstas para el 10 de octubre.<\/em><\/p>\n<p class=\"rtejustify\"><em><strong>Audio 15.\u00a0<\/strong>Reuni\u00f3n privada entre el opositor Jaime Antonio Alarc\u00f3n Daza, Iv\u00e1n Arias y otros miembros de los comit\u00e9s c\u00edvicos, en el que el acuerdo consist\u00eda en obtener equipos de votaci\u00f3n r\u00e1pida para las pr\u00f3ximas elecciones presidenciales, a fin de utilizarlos para manipular la opini\u00f3n p\u00fablica sobre los resultados electorales.<\/em><\/p>\n<p class=\"rtejustify\"><em><strong>Audio 16.\u00a0<\/strong>La activista pol\u00edtica Miriam Pereira, vincula al miembro de la oposici\u00f3n y residente estadounidense Carlos S\u00e1nchez Berzain con el plan para derrocar al presidente Morales. Ella comenta que S\u00e1nchez quiere incitar una guerra civil en Bolivia y que cuentan con una financiaci\u00f3n de medio mill\u00f3n de d\u00f3lares.<\/em><\/p>\n<\/blockquote>\n<p class=\"rtejustify\">Con la informaci\u00f3n original de <a href=\"https:\/\/erbol.com.bo\/nacional\/surgen-16-audios-que-vinculan-c%C3%ADvicos-exmilitares-y-eeuu-en-planes-de-agitaci%C3%B3n\">Red Erbol\u00a0<\/a><\/p>\n<\/div>\n<\/div>\n<\/div>\n","protected":false},"excerpt":{"rendered":"<p>Corroborando lo anunciado por el reelecto presidente de Bolivia Evo Morales, la red Erbol ha publicado informaci\u00f3n que delata la trama golpista que actualmente pretende derrocar al gobierno. Entre las informaciones filtradas, destaca la injerencia estadounidense a trav\u00e9s del compromiso&hellip;<\/p>\n","protected":false},"author":87,"featured_media":963052,"comment_status":"closed","ping_status":"closed","sticky":false,"template":"","format":"standard","meta":{"footnotes":""},"categories":[74,67],"tags":[30170,52347,66528,66527,63866],"class_list":["post-963040","post","type-post","status-publish","format-standard","has-post-thumbnail","hentry","category-politica-es","category-sudamerica","tag-conspiracion","tag-evo-morales-ayma","tag-fernando-camacho","tag-golpe-en-bolivia","tag-proceso-de-cambio"],"yoast_head":"<!-- This site is optimized with the Yoast SEO plugin v27.1.1 - https:\/\/yoast.com\/product\/yoast-seo-wordpress\/ -->\n<title>#Urgente \/ Bolivia: Develan audios que vinculan a c\u00edvicos, exmilitares y EEUU en planes golpistas<\/title>\n<meta name=\"description\" content=\"Corroborando lo anunciado por el reelecto presidente de Bolivia Evo Morales, la red Erbol ha publicado informaci\u00f3n que delata la trama golpista que\" \/>\n<meta name=\"robots\" content=\"index, follow, max-snippet:-1, max-image-preview:large, max-video-preview:-1\" \/>\n<link rel=\"canonical\" href=\"https:\/\/www.pressenza.com\/es\/2019\/11\/urgente-bolivia-develan-audios-que-vinculan-a-civicos-exmilitares-y-eeuu-en-planes-golpistas\/\" \/>\n<meta property=\"og:locale\" content=\"es_ES\" \/>\n<meta property=\"og:type\" content=\"article\" \/>\n<meta property=\"og:title\" content=\"#Urgente \/ Bolivia: Develan audios que vinculan a c\u00edvicos, exmilitares y EEUU en planes golpistas\" \/>\n<meta property=\"og:description\" content=\"Corroborando lo anunciado por el reelecto presidente de Bolivia Evo Morales, la red Erbol ha publicado informaci\u00f3n que delata la trama golpista que\" \/>\n<meta property=\"og:url\" content=\"https:\/\/www.pressenza.com\/es\/2019\/11\/urgente-bolivia-develan-audios-que-vinculan-a-civicos-exmilitares-y-eeuu-en-planes-golpistas\/\" \/>\n<meta property=\"og:site_name\" content=\"Pressenza\" \/>\n<meta property=\"article:publisher\" content=\"https:\/\/www.facebook.com\/PressenzaItalia\" \/>\n<meta property=\"article:published_time\" content=\"2019-11-04T15:45:31+00:00\" \/>\n<meta property=\"article:modified_time\" content=\"2019-11-04T21:15:56+00:00\" \/>\n<meta property=\"og:image\" content=\"https:\/\/www.pressenza.com\/wp-content\/uploads\/2019\/11\/Bolivia-Evo-Morales-Donald-Trump-la-tinta.jpg\" \/>\n\t<meta property=\"og:image:width\" content=\"900\" \/>\n\t<meta property=\"og:image:height\" content=\"506\" \/>\n\t<meta property=\"og:image:type\" content=\"image\/jpeg\" \/>\n<meta name=\"author\" content=\"Redacci\u00f3n Argentina\" \/>\n<meta name=\"twitter:card\" content=\"summary_large_image\" \/>\n<meta name=\"twitter:creator\" content=\"@pressenza\" \/>\n<meta name=\"twitter:site\" content=\"@PressenzaIPA\" \/>\n<meta name=\"twitter:label1\" content=\"Escrito por\" \/>\n\t<meta name=\"twitter:data1\" content=\"Redacci\u00f3n Argentina\" \/>\n\t<meta name=\"twitter:label2\" content=\"Tiempo de lectura\" \/>\n\t<meta name=\"twitter:data2\" content=\"10 minutos\" \/>\n<script type=\"application\/ld+json\" class=\"yoast-schema-graph\">{\"@context\":\"https:\/\/schema.org\",\"@graph\":[{\"@type\":\"Article\",\"@id\":\"https:\/\/www.pressenza.com\/es\/2019\/11\/urgente-bolivia-develan-audios-que-vinculan-a-civicos-exmilitares-y-eeuu-en-planes-golpistas\/#article\",\"isPartOf\":{\"@id\":\"https:\/\/www.pressenza.com\/es\/2019\/11\/urgente-bolivia-develan-audios-que-vinculan-a-civicos-exmilitares-y-eeuu-en-planes-golpistas\/\"},\"author\":{\"name\":\"Redacci\u00f3n Argentina\",\"@id\":\"https:\/\/www.pressenza.com\/es\/#\/schema\/person\/0dda7d1b68267ad95b1e1d83abc98c89\"},\"headline\":\"#Urgente \/ Bolivia: Develan audios que vinculan a c\u00edvicos, exmilitares y EEUU en planes golpistas\",\"datePublished\":\"2019-11-04T15:45:31+00:00\",\"dateModified\":\"2019-11-04T21:15:56+00:00\",\"mainEntityOfPage\":{\"@id\":\"https:\/\/www.pressenza.com\/es\/2019\/11\/urgente-bolivia-develan-audios-que-vinculan-a-civicos-exmilitares-y-eeuu-en-planes-golpistas\/\"},\"wordCount\":1941,\"publisher\":{\"@id\":\"https:\/\/www.pressenza.com\/es\/#organization\"},\"image\":{\"@id\":\"https:\/\/www.pressenza.com\/es\/2019\/11\/urgente-bolivia-develan-audios-que-vinculan-a-civicos-exmilitares-y-eeuu-en-planes-golpistas\/#primaryimage\"},\"thumbnailUrl\":\"https:\/\/www.pressenza.com\/wp-content\/uploads\/2019\/11\/Bolivia-Evo-Morales-Donald-Trump-la-tinta.jpg\",\"keywords\":[\"conspiraci\u00f3n\",\"Evo Morales Ayma\",\"Fernando Camacho\",\"golpe en Bolivia\",\"Proceso de Cambio\"],\"articleSection\":[\"Pol\u00edtica\",\"Sudam\u00e9rica\"],\"inLanguage\":\"es\"},{\"@type\":\"WebPage\",\"@id\":\"https:\/\/www.pressenza.com\/es\/2019\/11\/urgente-bolivia-develan-audios-que-vinculan-a-civicos-exmilitares-y-eeuu-en-planes-golpistas\/\",\"url\":\"https:\/\/www.pressenza.com\/es\/2019\/11\/urgente-bolivia-develan-audios-que-vinculan-a-civicos-exmilitares-y-eeuu-en-planes-golpistas\/\",\"name\":\"#Urgente \/ Bolivia: Develan audios que vinculan a c\u00edvicos, exmilitares y EEUU en planes golpistas\",\"isPartOf\":{\"@id\":\"https:\/\/www.pressenza.com\/es\/#website\"},\"primaryImageOfPage\":{\"@id\":\"https:\/\/www.pressenza.com\/es\/2019\/11\/urgente-bolivia-develan-audios-que-vinculan-a-civicos-exmilitares-y-eeuu-en-planes-golpistas\/#primaryimage\"},\"image\":{\"@id\":\"https:\/\/www.pressenza.com\/es\/2019\/11\/urgente-bolivia-develan-audios-que-vinculan-a-civicos-exmilitares-y-eeuu-en-planes-golpistas\/#primaryimage\"},\"thumbnailUrl\":\"https:\/\/www.pressenza.com\/wp-content\/uploads\/2019\/11\/Bolivia-Evo-Morales-Donald-Trump-la-tinta.jpg\",\"datePublished\":\"2019-11-04T15:45:31+00:00\",\"dateModified\":\"2019-11-04T21:15:56+00:00\",\"description\":\"Corroborando lo anunciado por el reelecto presidente de Bolivia Evo Morales, la red Erbol ha publicado informaci\u00f3n que delata la trama golpista que\",\"breadcrumb\":{\"@id\":\"https:\/\/www.pressenza.com\/es\/2019\/11\/urgente-bolivia-develan-audios-que-vinculan-a-civicos-exmilitares-y-eeuu-en-planes-golpistas\/#breadcrumb\"},\"inLanguage\":\"es\",\"potentialAction\":[{\"@type\":\"ReadAction\",\"target\":[\"https:\/\/www.pressenza.com\/es\/2019\/11\/urgente-bolivia-develan-audios-que-vinculan-a-civicos-exmilitares-y-eeuu-en-planes-golpistas\/\"]}]},{\"@type\":\"ImageObject\",\"inLanguage\":\"es\",\"@id\":\"https:\/\/www.pressenza.com\/es\/2019\/11\/urgente-bolivia-develan-audios-que-vinculan-a-civicos-exmilitares-y-eeuu-en-planes-golpistas\/#primaryimage\",\"url\":\"https:\/\/www.pressenza.com\/wp-content\/uploads\/2019\/11\/Bolivia-Evo-Morales-Donald-Trump-la-tinta.jpg\",\"contentUrl\":\"https:\/\/www.pressenza.com\/wp-content\/uploads\/2019\/11\/Bolivia-Evo-Morales-Donald-Trump-la-tinta.jpg\",\"width\":900,\"height\":506},{\"@type\":\"BreadcrumbList\",\"@id\":\"https:\/\/www.pressenza.com\/es\/2019\/11\/urgente-bolivia-develan-audios-que-vinculan-a-civicos-exmilitares-y-eeuu-en-planes-golpistas\/#breadcrumb\",\"itemListElement\":[{\"@type\":\"ListItem\",\"position\":1,\"name\":\"Accueil\",\"item\":\"https:\/\/www.pressenza.com\/es\/\"},{\"@type\":\"ListItem\",\"position\":2,\"name\":\"#Urgente \/ Bolivia: Develan audios que vinculan a c\u00edvicos, exmilitares y EEUU en planes golpistas\"}]},{\"@type\":\"WebSite\",\"@id\":\"https:\/\/www.pressenza.com\/es\/#website\",\"url\":\"https:\/\/www.pressenza.com\/es\/\",\"name\":\"Pressenza\",\"description\":\"International Press Agency\",\"publisher\":{\"@id\":\"https:\/\/www.pressenza.com\/es\/#organization\"},\"potentialAction\":[{\"@type\":\"SearchAction\",\"target\":{\"@type\":\"EntryPoint\",\"urlTemplate\":\"https:\/\/www.pressenza.com\/es\/?s={search_term_string}\"},\"query-input\":{\"@type\":\"PropertyValueSpecification\",\"valueRequired\":true,\"valueName\":\"search_term_string\"}}],\"inLanguage\":\"es\"},{\"@type\":\"Organization\",\"@id\":\"https:\/\/www.pressenza.com\/es\/#organization\",\"name\":\"Pressenza\",\"url\":\"https:\/\/www.pressenza.com\/es\/\",\"logo\":{\"@type\":\"ImageObject\",\"inLanguage\":\"es\",\"@id\":\"https:\/\/www.pressenza.com\/es\/#\/schema\/logo\/image\/\",\"url\":\"https:\/\/www.pressenza.com\/wp-content\/uploads\/2022\/10\/pressenza_logo_200x200.jpg\",\"contentUrl\":\"https:\/\/www.pressenza.com\/wp-content\/uploads\/2022\/10\/pressenza_logo_200x200.jpg\",\"width\":200,\"height\":200,\"caption\":\"Pressenza\"},\"image\":{\"@id\":\"https:\/\/www.pressenza.com\/es\/#\/schema\/logo\/image\/\"},\"sameAs\":[\"https:\/\/www.facebook.com\/PressenzaItalia\",\"https:\/\/x.com\/PressenzaIPA\"]},{\"@type\":\"Person\",\"@id\":\"https:\/\/www.pressenza.com\/es\/#\/schema\/person\/0dda7d1b68267ad95b1e1d83abc98c89\",\"name\":\"Redacci\u00f3n Argentina\",\"description\":\"News from the Pressenza Bureau in Argentina.\",\"sameAs\":[\"https:\/\/x.com\/pressenza\"],\"url\":\"https:\/\/www.pressenza.com\/es\/author\/redaccion-argentina\/\"}]}<\/script>\n<!-- \/ Yoast SEO plugin. -->","yoast_head_json":{"title":"#Urgente \/ Bolivia: Develan audios que vinculan a c\u00edvicos, exmilitares y EEUU en planes golpistas","description":"Corroborando lo anunciado por el reelecto presidente de Bolivia Evo Morales, la red Erbol ha publicado informaci\u00f3n que delata la trama golpista que","robots":{"index":"index","follow":"follow","max-snippet":"max-snippet:-1","max-image-preview":"max-image-preview:large","max-video-preview":"max-video-preview:-1"},"canonical":"https:\/\/www.pressenza.com\/es\/2019\/11\/urgente-bolivia-develan-audios-que-vinculan-a-civicos-exmilitares-y-eeuu-en-planes-golpistas\/","og_locale":"es_ES","og_type":"article","og_title":"#Urgente \/ Bolivia: Develan audios que vinculan a c\u00edvicos, exmilitares y EEUU en planes golpistas","og_description":"Corroborando lo anunciado por el reelecto presidente de Bolivia Evo Morales, la red Erbol ha publicado informaci\u00f3n que delata la trama golpista que","og_url":"https:\/\/www.pressenza.com\/es\/2019\/11\/urgente-bolivia-develan-audios-que-vinculan-a-civicos-exmilitares-y-eeuu-en-planes-golpistas\/","og_site_name":"Pressenza","article_publisher":"https:\/\/www.facebook.com\/PressenzaItalia","article_published_time":"2019-11-04T15:45:31+00:00","article_modified_time":"2019-11-04T21:15:56+00:00","og_image":[{"width":900,"height":506,"url":"https:\/\/www.pressenza.com\/wp-content\/uploads\/2019\/11\/Bolivia-Evo-Morales-Donald-Trump-la-tinta.jpg","type":"image\/jpeg"}],"author":"Redacci\u00f3n Argentina","twitter_card":"summary_large_image","twitter_creator":"@pressenza","twitter_site":"@PressenzaIPA","twitter_misc":{"Escrito por":"Redacci\u00f3n Argentina","Tiempo de lectura":"10 minutos"},"schema":{"@context":"https:\/\/schema.org","@graph":[{"@type":"Article","@id":"https:\/\/www.pressenza.com\/es\/2019\/11\/urgente-bolivia-develan-audios-que-vinculan-a-civicos-exmilitares-y-eeuu-en-planes-golpistas\/#article","isPartOf":{"@id":"https:\/\/www.pressenza.com\/es\/2019\/11\/urgente-bolivia-develan-audios-que-vinculan-a-civicos-exmilitares-y-eeuu-en-planes-golpistas\/"},"author":{"name":"Redacci\u00f3n Argentina","@id":"https:\/\/www.pressenza.com\/es\/#\/schema\/person\/0dda7d1b68267ad95b1e1d83abc98c89"},"headline":"#Urgente \/ Bolivia: Develan audios que vinculan a c\u00edvicos, exmilitares y EEUU en planes golpistas","datePublished":"2019-11-04T15:45:31+00:00","dateModified":"2019-11-04T21:15:56+00:00","mainEntityOfPage":{"@id":"https:\/\/www.pressenza.com\/es\/2019\/11\/urgente-bolivia-develan-audios-que-vinculan-a-civicos-exmilitares-y-eeuu-en-planes-golpistas\/"},"wordCount":1941,"publisher":{"@id":"https:\/\/www.pressenza.com\/es\/#organization"},"image":{"@id":"https:\/\/www.pressenza.com\/es\/2019\/11\/urgente-bolivia-develan-audios-que-vinculan-a-civicos-exmilitares-y-eeuu-en-planes-golpistas\/#primaryimage"},"thumbnailUrl":"https:\/\/www.pressenza.com\/wp-content\/uploads\/2019\/11\/Bolivia-Evo-Morales-Donald-Trump-la-tinta.jpg","keywords":["conspiraci\u00f3n","Evo Morales Ayma","Fernando Camacho","golpe en Bolivia","Proceso de Cambio"],"articleSection":["Pol\u00edtica","Sudam\u00e9rica"],"inLanguage":"es"},{"@type":"WebPage","@id":"https:\/\/www.pressenza.com\/es\/2019\/11\/urgente-bolivia-develan-audios-que-vinculan-a-civicos-exmilitares-y-eeuu-en-planes-golpistas\/","url":"https:\/\/www.pressenza.com\/es\/2019\/11\/urgente-bolivia-develan-audios-que-vinculan-a-civicos-exmilitares-y-eeuu-en-planes-golpistas\/","name":"#Urgente \/ Bolivia: Develan audios que vinculan a c\u00edvicos, exmilitares y EEUU en planes golpistas","isPartOf":{"@id":"https:\/\/www.pressenza.com\/es\/#website"},"primaryImageOfPage":{"@id":"https:\/\/www.pressenza.com\/es\/2019\/11\/urgente-bolivia-develan-audios-que-vinculan-a-civicos-exmilitares-y-eeuu-en-planes-golpistas\/#primaryimage"},"image":{"@id":"https:\/\/www.pressenza.com\/es\/2019\/11\/urgente-bolivia-develan-audios-que-vinculan-a-civicos-exmilitares-y-eeuu-en-planes-golpistas\/#primaryimage"},"thumbnailUrl":"https:\/\/www.pressenza.com\/wp-content\/uploads\/2019\/11\/Bolivia-Evo-Morales-Donald-Trump-la-tinta.jpg","datePublished":"2019-11-04T15:45:31+00:00","dateModified":"2019-11-04T21:15:56+00:00","description":"Corroborando lo anunciado por el reelecto presidente de Bolivia Evo Morales, la red Erbol ha publicado informaci\u00f3n que delata la trama golpista que","breadcrumb":{"@id":"https:\/\/www.pressenza.com\/es\/2019\/11\/urgente-bolivia-develan-audios-que-vinculan-a-civicos-exmilitares-y-eeuu-en-planes-golpistas\/#breadcrumb"},"inLanguage":"es","potentialAction":[{"@type":"ReadAction","target":["https:\/\/www.pressenza.com\/es\/2019\/11\/urgente-bolivia-develan-audios-que-vinculan-a-civicos-exmilitares-y-eeuu-en-planes-golpistas\/"]}]},{"@type":"ImageObject","inLanguage":"es","@id":"https:\/\/www.pressenza.com\/es\/2019\/11\/urgente-bolivia-develan-audios-que-vinculan-a-civicos-exmilitares-y-eeuu-en-planes-golpistas\/#primaryimage","url":"https:\/\/www.pressenza.com\/wp-content\/uploads\/2019\/11\/Bolivia-Evo-Morales-Donald-Trump-la-tinta.jpg","contentUrl":"https:\/\/www.pressenza.com\/wp-content\/uploads\/2019\/11\/Bolivia-Evo-Morales-Donald-Trump-la-tinta.jpg","width":900,"height":506},{"@type":"BreadcrumbList","@id":"https:\/\/www.pressenza.com\/es\/2019\/11\/urgente-bolivia-develan-audios-que-vinculan-a-civicos-exmilitares-y-eeuu-en-planes-golpistas\/#breadcrumb","itemListElement":[{"@type":"ListItem","position":1,"name":"Accueil","item":"https:\/\/www.pressenza.com\/es\/"},{"@type":"ListItem","position":2,"name":"#Urgente \/ Bolivia: Develan audios que vinculan a c\u00edvicos, exmilitares y EEUU en planes golpistas"}]},{"@type":"WebSite","@id":"https:\/\/www.pressenza.com\/es\/#website","url":"https:\/\/www.pressenza.com\/es\/","name":"Pressenza","description":"International Press Agency","publisher":{"@id":"https:\/\/www.pressenza.com\/es\/#organization"},"potentialAction":[{"@type":"SearchAction","target":{"@type":"EntryPoint","urlTemplate":"https:\/\/www.pressenza.com\/es\/?s={search_term_string}"},"query-input":{"@type":"PropertyValueSpecification","valueRequired":true,"valueName":"search_term_string"}}],"inLanguage":"es"},{"@type":"Organization","@id":"https:\/\/www.pressenza.com\/es\/#organization","name":"Pressenza","url":"https:\/\/www.pressenza.com\/es\/","logo":{"@type":"ImageObject","inLanguage":"es","@id":"https:\/\/www.pressenza.com\/es\/#\/schema\/logo\/image\/","url":"https:\/\/www.pressenza.com\/wp-content\/uploads\/2022\/10\/pressenza_logo_200x200.jpg","contentUrl":"https:\/\/www.pressenza.com\/wp-content\/uploads\/2022\/10\/pressenza_logo_200x200.jpg","width":200,"height":200,"caption":"Pressenza"},"image":{"@id":"https:\/\/www.pressenza.com\/es\/#\/schema\/logo\/image\/"},"sameAs":["https:\/\/www.facebook.com\/PressenzaItalia","https:\/\/x.com\/PressenzaIPA"]},{"@type":"Person","@id":"https:\/\/www.pressenza.com\/es\/#\/schema\/person\/0dda7d1b68267ad95b1e1d83abc98c89","name":"Redacci\u00f3n Argentina","description":"News from the Pressenza Bureau in Argentina.","sameAs":["https:\/\/x.com\/pressenza"],"url":"https:\/\/www.pressenza.com\/es\/author\/redaccion-argentina\/"}]}},"place":"","original_article_url":"","_links":{"self":[{"href":"https:\/\/www.pressenza.com\/es\/wp-json\/wp\/v2\/posts\/963040","targetHints":{"allow":["GET"]}}],"collection":[{"href":"https:\/\/www.pressenza.com\/es\/wp-json\/wp\/v2\/posts"}],"about":[{"href":"https:\/\/www.pressenza.com\/es\/wp-json\/wp\/v2\/types\/post"}],"author":[{"embeddable":true,"href":"https:\/\/www.pressenza.com\/es\/wp-json\/wp\/v2\/users\/87"}],"replies":[{"embeddable":true,"href":"https:\/\/www.pressenza.com\/es\/wp-json\/wp\/v2\/comments?post=963040"}],"version-history":[{"count":0,"href":"https:\/\/www.pressenza.com\/es\/wp-json\/wp\/v2\/posts\/963040\/revisions"}],"wp:featuredmedia":[{"embeddable":true,"href":"https:\/\/www.pressenza.com\/es\/wp-json\/wp\/v2\/media\/963052"}],"wp:attachment":[{"href":"https:\/\/www.pressenza.com\/es\/wp-json\/wp\/v2\/media?parent=963040"}],"wp:term":[{"taxonomy":"category","embeddable":true,"href":"https:\/\/www.pressenza.com\/es\/wp-json\/wp\/v2\/categories?post=963040"},{"taxonomy":"post_tag","embeddable":true,"href":"https:\/\/www.pressenza.com\/es\/wp-json\/wp\/v2\/tags?post=963040"}],"curies":[{"name":"wp","href":"https:\/\/api.w.org\/{rel}","templated":true}]}}