{"id":962625,"date":"2019-11-03T21:21:42","date_gmt":"2019-11-03T21:21:42","guid":{"rendered":"https:\/\/www.pressenza.com\/?p=962625"},"modified":"2019-11-04T02:29:13","modified_gmt":"2019-11-04T02:29:13","slug":"silencia-y-memoria-critica-y-resistencia-social-cuenca","status":"publish","type":"post","link":"https:\/\/www.pressenza.com\/es\/2019\/11\/silencia-y-memoria-critica-y-resistencia-social-cuenca\/","title":{"rendered":"Silencio y memoria: cr\u00edtica y resistencia social (Cuenca)"},"content":{"rendered":"<p>El 30 de Octubre en el Auditorio \u00abClaudio Cordero\u00bb de la Facultad de Econom\u00eda de la Universidad de Cuenca se llev\u00f3 a cabo un Foro denominado \u00abSilencio y memoria: cr\u00edtica y resistencia social\u00bb.<\/p>\n<p>Dicho Foro se realiz\u00f3 en el marco de las actividades de Octubre NoViolento impulsadas por la Facultad de Psicolog\u00eda de la Universidad de Cuenca, por tercer a\u00f1o consecutivo; pero tambi\u00e9n como un acto de recuperaci\u00f3n de memoria de lo sucedido con el paro nacional y el levantamiento ind\u00edgena de inicios de Octubre. Un antecedente clave de este foro fue la participaci\u00f3n de estudiantes de la Universidad de Cuenca en una marcha de car\u00e1cter noviolento realzada n d\u00edas anteriores, en la que justamente los estudiantes salieron en una marcha silenciosa que, de todos modos, fue reprimida.<\/p>\n<p>Como panelistas estaban M\u00f3nica Mancero, docente de la Universidad Central de Ecuador; Sof\u00eda Herrera, del Frente estudiantil; Laura Tenemaza, de Organizaciones Sociales Independientes; Kamila Torres, del Colectivo de Geograf\u00eda Cr\u00edtica y Walker Vizcarra (Pressenza) por Medios de Comunicaci\u00f3n Alternativos.<\/p>\n<p><img loading=\"lazy\" decoding=\"async\" class=\"aligncenter size-large wp-image-962722\" src=\"https:\/\/www.pressenza.com\/wp-content\/uploads\/2019\/11\/IMG_8917-720x540.jpg\" alt=\"\" width=\"720\" height=\"540\" srcset=\"https:\/\/www.pressenza.com\/wp-content\/uploads\/2019\/11\/IMG_8917-720x540.jpg 720w, https:\/\/www.pressenza.com\/wp-content\/uploads\/2019\/11\/IMG_8917-300x225.jpg 300w, https:\/\/www.pressenza.com\/wp-content\/uploads\/2019\/11\/IMG_8917-768x576.jpg 768w, https:\/\/www.pressenza.com\/wp-content\/uploads\/2019\/11\/IMG_8917.jpg 2048w\" sizes=\"auto, (max-width: 720px) 100vw, 720px\" \/><\/p>\n<p><img loading=\"lazy\" decoding=\"async\" class=\"aligncenter size-large wp-image-962731\" src=\"https:\/\/www.pressenza.com\/wp-content\/uploads\/2019\/11\/IMG_8921-720x540.jpg\" alt=\"\" width=\"720\" height=\"540\" srcset=\"https:\/\/www.pressenza.com\/wp-content\/uploads\/2019\/11\/IMG_8921-720x540.jpg 720w, https:\/\/www.pressenza.com\/wp-content\/uploads\/2019\/11\/IMG_8921-300x225.jpg 300w, https:\/\/www.pressenza.com\/wp-content\/uploads\/2019\/11\/IMG_8921-768x576.jpg 768w, https:\/\/www.pressenza.com\/wp-content\/uploads\/2019\/11\/IMG_8921.jpg 2048w\" sizes=\"auto, (max-width: 720px) 100vw, 720px\" \/><\/p>\n<p><img loading=\"lazy\" decoding=\"async\" class=\"aligncenter size-large wp-image-962740\" src=\"https:\/\/www.pressenza.com\/wp-content\/uploads\/2019\/11\/IMG_8925-720x540.jpg\" alt=\"\" width=\"720\" height=\"540\" srcset=\"https:\/\/www.pressenza.com\/wp-content\/uploads\/2019\/11\/IMG_8925-720x540.jpg 720w, https:\/\/www.pressenza.com\/wp-content\/uploads\/2019\/11\/IMG_8925-300x225.jpg 300w, https:\/\/www.pressenza.com\/wp-content\/uploads\/2019\/11\/IMG_8925-768x576.jpg 768w, https:\/\/www.pressenza.com\/wp-content\/uploads\/2019\/11\/IMG_8925.jpg 2048w\" sizes=\"auto, (max-width: 720px) 100vw, 720px\" \/><\/p>\n<p>Kamila Torres, del Colectivo de Geograf\u00eda Cr\u00edtica plante\u00f3 la importancia de la cartograf\u00eda para no olvidar, la misma que se constituye en una \u00abcontra cartograf\u00eda\u00bb. En su presentaci\u00f3n se\u00f1al\u00f3 que durante el paro nacional se contabilizaron m\u00e1s de 120 registros de protesta social, tales como cierres de v\u00edas o tomas pac\u00edficas.<\/p>\n<p>Mencion\u00f3 que se registraron 1192 detenciones a nivel nacional. A\u00f1adi\u00f3 que el estado de excepci\u00f3n no fue efectivo.<\/p>\n<p>Sof\u00eda Herrera, del Frente estudiantil, habl\u00f3 de su experiencia como joven al estar varios d\u00edas \u00abcompartiendo la calle\u00bb. Indic\u00f3 que no hubo articulaci\u00f3n previa entre las organizaciones y personas, sino que eso se dio de a poco\u00bb.<\/p>\n<p>Indic\u00f3 que en los d\u00edas del paro se visibilizaron \u00abnuevos modos de resistir\u00bb, como fue el caso de las se\u00f1oras del mercado que donaban comida; as\u00ed como el movimiento estudiantil que asumi\u00f3 la posta durante esos d\u00edas.<\/p>\n<p>Herrera coment\u00f3 tambi\u00e9n que vivi\u00f3 en lo personal situaciones de ruptura de relaciones de poder desde la propia casa. As\u00ed tambi\u00e9n a\u00f1adi\u00f3 que todo esto va m\u00e1s all\u00e1 del Decreto 883.<\/p>\n<p>Laura Tenemaza, de Organizaciones Sociales Independientes, empez\u00f3 se\u00f1alando: \u00abyo soy del p\u00e1ramo\u00bb, lo cual fue aplaudido por los asistentes al Foro. Se reconoci\u00f3 como hija del levantamiento ind\u00edgena del 1990, ya que en ese a\u00f1o acompa\u00f1\u00f3 a sus padres en dichas acciones.<\/p>\n<p>A m\u00e1s de agradecer como CONAIE a los estudiantes, a las mujeres y a las organizaciones que apoyaron fue enf\u00e1tica en indicar que \u00abdesde el lugar que estemos estamos apoyando la movilizaci\u00f3n\u00bb, al tiempo que manifest\u00f3 que \u00absent\u00edamos la indolencia de la ciudad\u00bb cuando se refiri\u00f3 a lo que pasaba en las zonas rurales en los d\u00edas del paro nacional.<\/p>\n<p>Con mucha fuerza indic\u00f3 que los \u00abdirigentes de hoy fueron ni\u00f1os en situaciones similares\u00bb y que \u00abla lucha sigue!!\u00bb.<\/p>\n<p>M\u00f3nica Mancero, docente de la Universidad Central de Ecuador, indic\u00f3 que se observ\u00f3 una resistencia social frente al neoliberalismo, y que muchas personas se sumaron con la expresi\u00f3n \u00abSomos CONAIE\u00bb cuando se pretendi\u00f3 minimizar la acci\u00f3n del movimiento ind\u00edgena. Sin embargo indic\u00f3 tambi\u00e9n que \u00abno hay una l\u00ednea homog\u00e9nea en la CONAIE, sino que eso est\u00e1 en construcci\u00f3n\u00bb.<\/p>\n<p>Manifest\u00f3 que \u00abexiste una insatisfacci\u00f3n social con el modelo econ\u00f3mico\u00bb y; sin embargo, \u00abse ha generado un vac\u00edo de representaci\u00f3n pol\u00edtica\u00bb que pueda aglutinar lo ocurrido.<\/p>\n<p>Walker Vizcarra (Pressenza) que habl\u00f3 como Medios de Comunicaci\u00f3n Alternativos, se\u00f1al\u00f3 que en los d\u00edas del paro nacional se evidenciaron nuevos actores como las mujeres, los j\u00f3venes y los ind\u00edgenas, lo cual abre nuevos escenarios de participaci\u00f3n social, a\u00fan cuando hoy \u00abse percibe un divorcio social entre los diferentes sectores de la sociedad\u00bb.<\/p>\n<p>Desde el campo de la comunicaci\u00f3n expres\u00f3 que \u00abera importante hilvanar nuevos relatos para recuperar la memoria de lo sucedido, pero por sobre todo, de ordenar lo que se propone hacer para superar la situaci\u00f3n que vive el pa\u00eds, ya que es necesario contar con una mirada m\u00e1s amplia de los procesos\u00bb.<\/p>\n<p>Finalmente dijo que \u00abas\u00ed como se han visibilizado nuevas formas de resistir, posiblemente es necesario generar nuevas formas de di\u00e1logo y construcci\u00f3n de actividades en colectivo\u00bb.<\/p>\n<p>El\u00a0Foro \u00abSilencio y memoria: cr\u00edtica y resistencia social\u00bb fue un espacio muy importante para el debate, generado adem\u00e1s desde un lugar que representa otra mirada del pa\u00eds como es la zona austral del Ecuador. Al finalizar se realiz\u00f3 una ceremonia muy sentida por todos los asistentes.<\/p>\n<p><img loading=\"lazy\" decoding=\"async\" class=\"aligncenter size-large wp-image-962758\" src=\"https:\/\/www.pressenza.com\/wp-content\/uploads\/2019\/11\/IMG_8935-720x540.jpg\" alt=\"\" width=\"720\" height=\"540\" srcset=\"https:\/\/www.pressenza.com\/wp-content\/uploads\/2019\/11\/IMG_8935-720x540.jpg 720w, https:\/\/www.pressenza.com\/wp-content\/uploads\/2019\/11\/IMG_8935-300x225.jpg 300w, https:\/\/www.pressenza.com\/wp-content\/uploads\/2019\/11\/IMG_8935-768x576.jpg 768w, https:\/\/www.pressenza.com\/wp-content\/uploads\/2019\/11\/IMG_8935.jpg 2048w\" sizes=\"auto, (max-width: 720px) 100vw, 720px\" \/><\/p>\n<p><img loading=\"lazy\" decoding=\"async\" class=\"aligncenter size-large wp-image-962767\" src=\"https:\/\/www.pressenza.com\/wp-content\/uploads\/2019\/11\/IMG_8941-720x540.jpg\" alt=\"\" width=\"720\" height=\"540\" srcset=\"https:\/\/www.pressenza.com\/wp-content\/uploads\/2019\/11\/IMG_8941-720x540.jpg 720w, https:\/\/www.pressenza.com\/wp-content\/uploads\/2019\/11\/IMG_8941-300x225.jpg 300w, https:\/\/www.pressenza.com\/wp-content\/uploads\/2019\/11\/IMG_8941-768x576.jpg 768w, https:\/\/www.pressenza.com\/wp-content\/uploads\/2019\/11\/IMG_8941.jpg 2048w\" sizes=\"auto, (max-width: 720px) 100vw, 720px\" \/><\/p>\n<p><img loading=\"lazy\" decoding=\"async\" class=\"aligncenter size-large wp-image-962785\" src=\"https:\/\/www.pressenza.com\/wp-content\/uploads\/2019\/11\/IMG_8953-720x540.jpg\" alt=\"\" width=\"720\" height=\"540\" srcset=\"https:\/\/www.pressenza.com\/wp-content\/uploads\/2019\/11\/IMG_8953-720x540.jpg 720w, https:\/\/www.pressenza.com\/wp-content\/uploads\/2019\/11\/IMG_8953-300x225.jpg 300w, https:\/\/www.pressenza.com\/wp-content\/uploads\/2019\/11\/IMG_8953-768x576.jpg 768w, https:\/\/www.pressenza.com\/wp-content\/uploads\/2019\/11\/IMG_8953.jpg 2048w\" sizes=\"auto, (max-width: 720px) 100vw, 720px\" \/><\/p>\n<p>&nbsp;<\/p>\n<p>&nbsp;<\/p>\n<p>&nbsp;<\/p>\n<p>&nbsp;<\/p>\n<p>&nbsp;<\/p>\n","protected":false},"excerpt":{"rendered":"<p>El 30 de Octubre en el Auditorio \u00abClaudio Cordero\u00bb de la Facultad de Econom\u00eda de la Universidad de Cuenca se llev\u00f3 a cabo un Foro denominado \u00abSilencio y memoria: cr\u00edtica y resistencia social\u00bb. Dicho Foro se realiz\u00f3 en el marco&hellip;<\/p>\n","protected":false},"author":1011,"featured_media":962713,"comment_status":"closed","ping_status":"closed","sticky":false,"template":"","format":"standard","meta":{"footnotes":""},"categories":[11389,75,79,1241,81,1230,54515,46976,1242,74,80,67],"tags":[66509,41403],"class_list":["post-962625","post","type-post","status-publish","format-standard","has-post-thumbnail","hentry","category-contenido-original","category-cultura-es","category-derechos-humanos","category-diversidad","category-economia-es","category-educacion-tema","category-genero-y-feminismos","category-jovenes","category-noviolencia-tema","category-politica-es","category-pueblos-originarios","category-sudamerica","tag-memoria-y-silencio","tag-octubre-noviolento"],"yoast_head":"<!-- This site is optimized with the Yoast SEO plugin v27.1.1 - https:\/\/yoast.com\/product\/yoast-seo-wordpress\/ -->\n<title>Silencio y memoria: cr\u00edtica y resistencia social (Cuenca)<\/title>\n<meta name=\"description\" content=\"El 30 de Octubre en el Auditorio &quot;Claudio Cordero&quot; de la Facultad de Econom\u00eda de la Universidad de Cuenca se llev\u00f3 a cabo un Foro denominado &quot;Silencio y\" \/>\n<meta name=\"robots\" content=\"index, follow, max-snippet:-1, max-image-preview:large, max-video-preview:-1\" \/>\n<link rel=\"canonical\" href=\"https:\/\/www.pressenza.com\/es\/2019\/11\/silencia-y-memoria-critica-y-resistencia-social-cuenca\/\" \/>\n<meta property=\"og:locale\" content=\"es_ES\" \/>\n<meta property=\"og:type\" content=\"article\" \/>\n<meta property=\"og:title\" content=\"Silencio y memoria: cr\u00edtica y resistencia social (Cuenca)\" \/>\n<meta property=\"og:description\" content=\"El 30 de Octubre en el Auditorio &quot;Claudio Cordero&quot; de la Facultad de Econom\u00eda de la Universidad de Cuenca se llev\u00f3 a cabo un Foro denominado &quot;Silencio y\" \/>\n<meta property=\"og:url\" content=\"https:\/\/www.pressenza.com\/es\/2019\/11\/silencia-y-memoria-critica-y-resistencia-social-cuenca\/\" \/>\n<meta property=\"og:site_name\" content=\"Pressenza\" \/>\n<meta property=\"article:publisher\" content=\"https:\/\/www.facebook.com\/PressenzaItalia\" \/>\n<meta property=\"article:published_time\" content=\"2019-11-03T21:21:42+00:00\" \/>\n<meta property=\"article:modified_time\" content=\"2019-11-04T02:29:13+00:00\" \/>\n<meta property=\"og:image\" content=\"https:\/\/www.pressenza.com\/wp-content\/uploads\/2019\/11\/IMG_8959.jpg\" \/>\n\t<meta property=\"og:image:width\" content=\"2048\" \/>\n\t<meta property=\"og:image:height\" content=\"1536\" \/>\n\t<meta property=\"og:image:type\" content=\"image\/jpeg\" \/>\n<meta name=\"author\" content=\"Redacci\u00f3n Ecuador\" \/>\n<meta name=\"twitter:card\" content=\"summary_large_image\" \/>\n<meta name=\"twitter:creator\" content=\"@PressenzaIPA\" \/>\n<meta name=\"twitter:site\" content=\"@PressenzaIPA\" \/>\n<meta name=\"twitter:label1\" content=\"Escrito por\" \/>\n\t<meta name=\"twitter:data1\" content=\"Redacci\u00f3n Ecuador\" \/>\n\t<meta name=\"twitter:label2\" content=\"Tiempo de lectura\" \/>\n\t<meta name=\"twitter:data2\" content=\"4 minutos\" \/>\n<script type=\"application\/ld+json\" class=\"yoast-schema-graph\">{\"@context\":\"https:\/\/schema.org\",\"@graph\":[{\"@type\":\"Article\",\"@id\":\"https:\/\/www.pressenza.com\/es\/2019\/11\/silencia-y-memoria-critica-y-resistencia-social-cuenca\/#article\",\"isPartOf\":{\"@id\":\"https:\/\/www.pressenza.com\/es\/2019\/11\/silencia-y-memoria-critica-y-resistencia-social-cuenca\/\"},\"author\":{\"name\":\"Redacci\u00f3n Ecuador\",\"@id\":\"https:\/\/www.pressenza.com\/es\/#\/schema\/person\/883a735c40665759bcc6fe0c26bcb46f\"},\"headline\":\"Silencio y memoria: cr\u00edtica y resistencia social (Cuenca)\",\"datePublished\":\"2019-11-03T21:21:42+00:00\",\"dateModified\":\"2019-11-04T02:29:13+00:00\",\"mainEntityOfPage\":{\"@id\":\"https:\/\/www.pressenza.com\/es\/2019\/11\/silencia-y-memoria-critica-y-resistencia-social-cuenca\/\"},\"wordCount\":808,\"publisher\":{\"@id\":\"https:\/\/www.pressenza.com\/es\/#organization\"},\"image\":{\"@id\":\"https:\/\/www.pressenza.com\/es\/2019\/11\/silencia-y-memoria-critica-y-resistencia-social-cuenca\/#primaryimage\"},\"thumbnailUrl\":\"https:\/\/www.pressenza.com\/wp-content\/uploads\/2019\/11\/IMG_8959.jpg\",\"keywords\":[\"Memoria y silencio\",\"Octubre Noviolento\"],\"articleSection\":[\"Contenido Original\",\"Cultura y Medios\",\"Derechos Humanos\",\"Diversidad\",\"Econom\u00eda\",\"Educaci\u00f3n\",\"G\u00e9nero y Feminismos\",\"J\u00f3venes\",\"Noviolencia\",\"Pol\u00edtica\",\"Pueblos Originarios\",\"Sudam\u00e9rica\"],\"inLanguage\":\"es\"},{\"@type\":\"WebPage\",\"@id\":\"https:\/\/www.pressenza.com\/es\/2019\/11\/silencia-y-memoria-critica-y-resistencia-social-cuenca\/\",\"url\":\"https:\/\/www.pressenza.com\/es\/2019\/11\/silencia-y-memoria-critica-y-resistencia-social-cuenca\/\",\"name\":\"Silencio y memoria: cr\u00edtica y resistencia social (Cuenca)\",\"isPartOf\":{\"@id\":\"https:\/\/www.pressenza.com\/es\/#website\"},\"primaryImageOfPage\":{\"@id\":\"https:\/\/www.pressenza.com\/es\/2019\/11\/silencia-y-memoria-critica-y-resistencia-social-cuenca\/#primaryimage\"},\"image\":{\"@id\":\"https:\/\/www.pressenza.com\/es\/2019\/11\/silencia-y-memoria-critica-y-resistencia-social-cuenca\/#primaryimage\"},\"thumbnailUrl\":\"https:\/\/www.pressenza.com\/wp-content\/uploads\/2019\/11\/IMG_8959.jpg\",\"datePublished\":\"2019-11-03T21:21:42+00:00\",\"dateModified\":\"2019-11-04T02:29:13+00:00\",\"description\":\"El 30 de Octubre en el Auditorio \\\"Claudio Cordero\\\" de la Facultad de Econom\u00eda de la Universidad de Cuenca se llev\u00f3 a cabo un Foro denominado \\\"Silencio y\",\"breadcrumb\":{\"@id\":\"https:\/\/www.pressenza.com\/es\/2019\/11\/silencia-y-memoria-critica-y-resistencia-social-cuenca\/#breadcrumb\"},\"inLanguage\":\"es\",\"potentialAction\":[{\"@type\":\"ReadAction\",\"target\":[\"https:\/\/www.pressenza.com\/es\/2019\/11\/silencia-y-memoria-critica-y-resistencia-social-cuenca\/\"]}]},{\"@type\":\"ImageObject\",\"inLanguage\":\"es\",\"@id\":\"https:\/\/www.pressenza.com\/es\/2019\/11\/silencia-y-memoria-critica-y-resistencia-social-cuenca\/#primaryimage\",\"url\":\"https:\/\/www.pressenza.com\/wp-content\/uploads\/2019\/11\/IMG_8959.jpg\",\"contentUrl\":\"https:\/\/www.pressenza.com\/wp-content\/uploads\/2019\/11\/IMG_8959.jpg\",\"width\":2048,\"height\":1536,\"caption\":\"Ceremonia al cierre del Foro en la U. de Cuenca\"},{\"@type\":\"BreadcrumbList\",\"@id\":\"https:\/\/www.pressenza.com\/es\/2019\/11\/silencia-y-memoria-critica-y-resistencia-social-cuenca\/#breadcrumb\",\"itemListElement\":[{\"@type\":\"ListItem\",\"position\":1,\"name\":\"Accueil\",\"item\":\"https:\/\/www.pressenza.com\/es\/\"},{\"@type\":\"ListItem\",\"position\":2,\"name\":\"Silencio y memoria: cr\u00edtica y resistencia social (Cuenca)\"}]},{\"@type\":\"WebSite\",\"@id\":\"https:\/\/www.pressenza.com\/es\/#website\",\"url\":\"https:\/\/www.pressenza.com\/es\/\",\"name\":\"Pressenza\",\"description\":\"International Press Agency\",\"publisher\":{\"@id\":\"https:\/\/www.pressenza.com\/es\/#organization\"},\"potentialAction\":[{\"@type\":\"SearchAction\",\"target\":{\"@type\":\"EntryPoint\",\"urlTemplate\":\"https:\/\/www.pressenza.com\/es\/?s={search_term_string}\"},\"query-input\":{\"@type\":\"PropertyValueSpecification\",\"valueRequired\":true,\"valueName\":\"search_term_string\"}}],\"inLanguage\":\"es\"},{\"@type\":\"Organization\",\"@id\":\"https:\/\/www.pressenza.com\/es\/#organization\",\"name\":\"Pressenza\",\"url\":\"https:\/\/www.pressenza.com\/es\/\",\"logo\":{\"@type\":\"ImageObject\",\"inLanguage\":\"es\",\"@id\":\"https:\/\/www.pressenza.com\/es\/#\/schema\/logo\/image\/\",\"url\":\"https:\/\/www.pressenza.com\/wp-content\/uploads\/2022\/10\/pressenza_logo_200x200.jpg\",\"contentUrl\":\"https:\/\/www.pressenza.com\/wp-content\/uploads\/2022\/10\/pressenza_logo_200x200.jpg\",\"width\":200,\"height\":200,\"caption\":\"Pressenza\"},\"image\":{\"@id\":\"https:\/\/www.pressenza.com\/es\/#\/schema\/logo\/image\/\"},\"sameAs\":[\"https:\/\/www.facebook.com\/PressenzaItalia\",\"https:\/\/x.com\/PressenzaIPA\"]},{\"@type\":\"Person\",\"@id\":\"https:\/\/www.pressenza.com\/es\/#\/schema\/person\/883a735c40665759bcc6fe0c26bcb46f\",\"name\":\"Redacci\u00f3n Ecuador\",\"description\":\"News published by the Pressenza bureau in Quito, Ecuador\",\"url\":\"https:\/\/www.pressenza.com\/es\/author\/redaccion-ecuador\/\"}]}<\/script>\n<!-- \/ Yoast SEO plugin. -->","yoast_head_json":{"title":"Silencio y memoria: cr\u00edtica y resistencia social (Cuenca)","description":"El 30 de Octubre en el Auditorio \"Claudio Cordero\" de la Facultad de Econom\u00eda de la Universidad de Cuenca se llev\u00f3 a cabo un Foro denominado \"Silencio y","robots":{"index":"index","follow":"follow","max-snippet":"max-snippet:-1","max-image-preview":"max-image-preview:large","max-video-preview":"max-video-preview:-1"},"canonical":"https:\/\/www.pressenza.com\/es\/2019\/11\/silencia-y-memoria-critica-y-resistencia-social-cuenca\/","og_locale":"es_ES","og_type":"article","og_title":"Silencio y memoria: cr\u00edtica y resistencia social (Cuenca)","og_description":"El 30 de Octubre en el Auditorio \"Claudio Cordero\" de la Facultad de Econom\u00eda de la Universidad de Cuenca se llev\u00f3 a cabo un Foro denominado \"Silencio y","og_url":"https:\/\/www.pressenza.com\/es\/2019\/11\/silencia-y-memoria-critica-y-resistencia-social-cuenca\/","og_site_name":"Pressenza","article_publisher":"https:\/\/www.facebook.com\/PressenzaItalia","article_published_time":"2019-11-03T21:21:42+00:00","article_modified_time":"2019-11-04T02:29:13+00:00","og_image":[{"width":2048,"height":1536,"url":"https:\/\/www.pressenza.com\/wp-content\/uploads\/2019\/11\/IMG_8959.jpg","type":"image\/jpeg"}],"author":"Redacci\u00f3n Ecuador","twitter_card":"summary_large_image","twitter_creator":"@PressenzaIPA","twitter_site":"@PressenzaIPA","twitter_misc":{"Escrito por":"Redacci\u00f3n Ecuador","Tiempo de lectura":"4 minutos"},"schema":{"@context":"https:\/\/schema.org","@graph":[{"@type":"Article","@id":"https:\/\/www.pressenza.com\/es\/2019\/11\/silencia-y-memoria-critica-y-resistencia-social-cuenca\/#article","isPartOf":{"@id":"https:\/\/www.pressenza.com\/es\/2019\/11\/silencia-y-memoria-critica-y-resistencia-social-cuenca\/"},"author":{"name":"Redacci\u00f3n Ecuador","@id":"https:\/\/www.pressenza.com\/es\/#\/schema\/person\/883a735c40665759bcc6fe0c26bcb46f"},"headline":"Silencio y memoria: cr\u00edtica y resistencia social (Cuenca)","datePublished":"2019-11-03T21:21:42+00:00","dateModified":"2019-11-04T02:29:13+00:00","mainEntityOfPage":{"@id":"https:\/\/www.pressenza.com\/es\/2019\/11\/silencia-y-memoria-critica-y-resistencia-social-cuenca\/"},"wordCount":808,"publisher":{"@id":"https:\/\/www.pressenza.com\/es\/#organization"},"image":{"@id":"https:\/\/www.pressenza.com\/es\/2019\/11\/silencia-y-memoria-critica-y-resistencia-social-cuenca\/#primaryimage"},"thumbnailUrl":"https:\/\/www.pressenza.com\/wp-content\/uploads\/2019\/11\/IMG_8959.jpg","keywords":["Memoria y silencio","Octubre Noviolento"],"articleSection":["Contenido Original","Cultura y Medios","Derechos Humanos","Diversidad","Econom\u00eda","Educaci\u00f3n","G\u00e9nero y Feminismos","J\u00f3venes","Noviolencia","Pol\u00edtica","Pueblos Originarios","Sudam\u00e9rica"],"inLanguage":"es"},{"@type":"WebPage","@id":"https:\/\/www.pressenza.com\/es\/2019\/11\/silencia-y-memoria-critica-y-resistencia-social-cuenca\/","url":"https:\/\/www.pressenza.com\/es\/2019\/11\/silencia-y-memoria-critica-y-resistencia-social-cuenca\/","name":"Silencio y memoria: cr\u00edtica y resistencia social (Cuenca)","isPartOf":{"@id":"https:\/\/www.pressenza.com\/es\/#website"},"primaryImageOfPage":{"@id":"https:\/\/www.pressenza.com\/es\/2019\/11\/silencia-y-memoria-critica-y-resistencia-social-cuenca\/#primaryimage"},"image":{"@id":"https:\/\/www.pressenza.com\/es\/2019\/11\/silencia-y-memoria-critica-y-resistencia-social-cuenca\/#primaryimage"},"thumbnailUrl":"https:\/\/www.pressenza.com\/wp-content\/uploads\/2019\/11\/IMG_8959.jpg","datePublished":"2019-11-03T21:21:42+00:00","dateModified":"2019-11-04T02:29:13+00:00","description":"El 30 de Octubre en el Auditorio \"Claudio Cordero\" de la Facultad de Econom\u00eda de la Universidad de Cuenca se llev\u00f3 a cabo un Foro denominado \"Silencio y","breadcrumb":{"@id":"https:\/\/www.pressenza.com\/es\/2019\/11\/silencia-y-memoria-critica-y-resistencia-social-cuenca\/#breadcrumb"},"inLanguage":"es","potentialAction":[{"@type":"ReadAction","target":["https:\/\/www.pressenza.com\/es\/2019\/11\/silencia-y-memoria-critica-y-resistencia-social-cuenca\/"]}]},{"@type":"ImageObject","inLanguage":"es","@id":"https:\/\/www.pressenza.com\/es\/2019\/11\/silencia-y-memoria-critica-y-resistencia-social-cuenca\/#primaryimage","url":"https:\/\/www.pressenza.com\/wp-content\/uploads\/2019\/11\/IMG_8959.jpg","contentUrl":"https:\/\/www.pressenza.com\/wp-content\/uploads\/2019\/11\/IMG_8959.jpg","width":2048,"height":1536,"caption":"Ceremonia al cierre del Foro en la U. de Cuenca"},{"@type":"BreadcrumbList","@id":"https:\/\/www.pressenza.com\/es\/2019\/11\/silencia-y-memoria-critica-y-resistencia-social-cuenca\/#breadcrumb","itemListElement":[{"@type":"ListItem","position":1,"name":"Accueil","item":"https:\/\/www.pressenza.com\/es\/"},{"@type":"ListItem","position":2,"name":"Silencio y memoria: cr\u00edtica y resistencia social (Cuenca)"}]},{"@type":"WebSite","@id":"https:\/\/www.pressenza.com\/es\/#website","url":"https:\/\/www.pressenza.com\/es\/","name":"Pressenza","description":"International Press Agency","publisher":{"@id":"https:\/\/www.pressenza.com\/es\/#organization"},"potentialAction":[{"@type":"SearchAction","target":{"@type":"EntryPoint","urlTemplate":"https:\/\/www.pressenza.com\/es\/?s={search_term_string}"},"query-input":{"@type":"PropertyValueSpecification","valueRequired":true,"valueName":"search_term_string"}}],"inLanguage":"es"},{"@type":"Organization","@id":"https:\/\/www.pressenza.com\/es\/#organization","name":"Pressenza","url":"https:\/\/www.pressenza.com\/es\/","logo":{"@type":"ImageObject","inLanguage":"es","@id":"https:\/\/www.pressenza.com\/es\/#\/schema\/logo\/image\/","url":"https:\/\/www.pressenza.com\/wp-content\/uploads\/2022\/10\/pressenza_logo_200x200.jpg","contentUrl":"https:\/\/www.pressenza.com\/wp-content\/uploads\/2022\/10\/pressenza_logo_200x200.jpg","width":200,"height":200,"caption":"Pressenza"},"image":{"@id":"https:\/\/www.pressenza.com\/es\/#\/schema\/logo\/image\/"},"sameAs":["https:\/\/www.facebook.com\/PressenzaItalia","https:\/\/x.com\/PressenzaIPA"]},{"@type":"Person","@id":"https:\/\/www.pressenza.com\/es\/#\/schema\/person\/883a735c40665759bcc6fe0c26bcb46f","name":"Redacci\u00f3n Ecuador","description":"News published by the Pressenza bureau in Quito, Ecuador","url":"https:\/\/www.pressenza.com\/es\/author\/redaccion-ecuador\/"}]}},"place":"Cuenca, Azuay, Ecuador","original_article_url":"","_links":{"self":[{"href":"https:\/\/www.pressenza.com\/es\/wp-json\/wp\/v2\/posts\/962625","targetHints":{"allow":["GET"]}}],"collection":[{"href":"https:\/\/www.pressenza.com\/es\/wp-json\/wp\/v2\/posts"}],"about":[{"href":"https:\/\/www.pressenza.com\/es\/wp-json\/wp\/v2\/types\/post"}],"author":[{"embeddable":true,"href":"https:\/\/www.pressenza.com\/es\/wp-json\/wp\/v2\/users\/1011"}],"replies":[{"embeddable":true,"href":"https:\/\/www.pressenza.com\/es\/wp-json\/wp\/v2\/comments?post=962625"}],"version-history":[{"count":0,"href":"https:\/\/www.pressenza.com\/es\/wp-json\/wp\/v2\/posts\/962625\/revisions"}],"wp:featuredmedia":[{"embeddable":true,"href":"https:\/\/www.pressenza.com\/es\/wp-json\/wp\/v2\/media\/962713"}],"wp:attachment":[{"href":"https:\/\/www.pressenza.com\/es\/wp-json\/wp\/v2\/media?parent=962625"}],"wp:term":[{"taxonomy":"category","embeddable":true,"href":"https:\/\/www.pressenza.com\/es\/wp-json\/wp\/v2\/categories?post=962625"},{"taxonomy":"post_tag","embeddable":true,"href":"https:\/\/www.pressenza.com\/es\/wp-json\/wp\/v2\/tags?post=962625"}],"curies":[{"name":"wp","href":"https:\/\/api.w.org\/{rel}","templated":true}]}}