{"id":962,"date":"2009-08-15T00:00:00","date_gmt":"2009-08-15T00:00:00","guid":{"rendered":""},"modified":"2009-09-28T05:01:03","modified_gmt":"2009-09-28T05:01:03","slug":"rechazo-en-latinoamxrica-a-las-bases-norteamericanas-en-colombia","status":"publish","type":"post","link":"https:\/\/www.pressenza.com\/es\/2009\/08\/rechazo-en-latinoamxrica-a-las-bases-norteamericanas-en-colombia\/","title":{"rendered":"Rechazo en Latinoam\u00e9rica a las bases norteamericanas en Colombia"},"content":{"rendered":"<p>Incluso el Congreso de Colombia expres\u00f3 hoy su preocupaci\u00f3n.  Parece inaceptable la inmunidad que tendr\u00e1n los militares de Estados Unidos que operar\u00e1n desde bases castrenses colombianas, conforme al acuerdo militar negociado por ambos pa\u00edses.<\/p>\n<p>La canciller\u00eda colombiana anunci\u00f3 el cierre de las negociaciones del pol\u00e9mico acuerdo militar con Estados Unidos, que incluye la instalaci\u00f3n de tropas estadunidenses en siete bases militares ubicadas en zonas estrat\u00e9gicas de Colombia.<\/p>\n<p>La senadora Alexandra Moreno dijo que la Comisi\u00f3n de Relaciones Exteriores del Congreso le expres\u00f3 al gobierno del presidente Alvaro Uribe V\u00e9lez su preocupaci\u00f3n por el tema y le exigi\u00f3 definir *\u00bbalgunas reservas\u00bb* para otorgar ese beneficio.<\/p>\n<p>*\u00bbNosotros le expresamos al gobierno y al ministro de Defensa (Gabriel Silva) que hiciera algunas reservas o excepciones en cuanto a la inmunidad\u00bb* a los militares estadunidenses que operar\u00e1n desde siete bases colombianas, subray\u00f3 la legisladora independiente.<\/p>\n<p>La inminente instalaci\u00f3n de estas bases militares de Estados Unidos en Colombia provoc\u00f3 una en\u00e9rgica protesta del gobierno de Venezuela, cuyo presidente Hugo Ch\u00e1vez las considera una amenaza contra la seguridad de su pa\u00eds y el resto de la regi\u00f3n.<\/p>\n<p>Para Sudam\u00e9rica, se observa que la inversi\u00f3n en armamento militar, seg\u00fan el Centro de Estudios Nueva Mayor\u00eda de la Argentina, lleg\u00f3 en 2008 a $ 51 110 millones, lo cual significa un incremento del 30,2% en relaci\u00f3n a 2007. Es una cantidad cercana al monto de las remesas que los migrantes env\u00edan a la regi\u00f3n. Pero m\u00e1s all\u00e1 del momento en de crisis econ\u00f3mica en que esto sucede, lo m\u00e1s claro y preocupante es lo que representa: una escalada armamentista altamente preocupante, basada en la concepci\u00f3n de *\u201cguerra preventiva\u201d* propia de la pol\u00edtica de la administraci\u00f3n norteamericana anterior a la llegada de Obama al poder.<\/p>\n","protected":false},"excerpt":{"rendered":"<p>Colombia y USA cerraron negociaciones de un acuerdo que permitir\u00e1 al Pent\u00e1gono utilizar al menos siete bases militares, pese a la fuerte oposici\u00f3n de los pa\u00edses vecinos. Las argumentaciones dadas por Uribe son las de perseguir el narcotr\u00e1fico en la regi\u00f3n, pero el aumento del gasto militar en momentos de crisis econ\u00f3mica, es visto como  una clara escalada armamentista. <\/p>\n","protected":false},"author":19,"featured_media":0,"comment_status":"closed","ping_status":"open","sticky":false,"template":"","format":"standard","meta":{"footnotes":""},"categories":[74,67],"tags":[],"class_list":["post-962","post","type-post","status-publish","format-standard","hentry","category-politica-es","category-sudamerica"],"yoast_head":"<!-- This site is optimized with the Yoast SEO plugin v27.1.1 - https:\/\/yoast.com\/product\/yoast-seo-wordpress\/ -->\n<title>Rechazo en Latinoam\u00e9rica a las bases norteamericanas en Colombia<\/title>\n<meta name=\"description\" content=\"Colombia y USA cerraron negociaciones de un acuerdo que permitir\u00e1 al Pent\u00e1gono utilizar al menos siete bases militares, pese a la fuerte oposici\u00f3n de los pa\u00edses vecinos. Las argumentaciones dadas por Uribe son las de perseguir el narcotr\u00e1fico en la regi\u00f3n, pero el aumento del gasto militar en momentos de crisis econ\u00f3mica, es visto como una clara escalada armamentista.\" \/>\n<meta name=\"robots\" content=\"index, follow, max-snippet:-1, max-image-preview:large, max-video-preview:-1\" \/>\n<link rel=\"canonical\" href=\"https:\/\/www.pressenza.com\/es\/2009\/08\/rechazo-en-latinoamxrica-a-las-bases-norteamericanas-en-colombia\/\" \/>\n<meta property=\"og:locale\" content=\"es_ES\" \/>\n<meta property=\"og:type\" content=\"article\" \/>\n<meta property=\"og:title\" content=\"Rechazo en Latinoam\u00e9rica a las bases norteamericanas en Colombia\" \/>\n<meta property=\"og:description\" content=\"Colombia y USA cerraron negociaciones de un acuerdo que permitir\u00e1 al Pent\u00e1gono utilizar al menos siete bases militares, pese a la fuerte oposici\u00f3n de los pa\u00edses vecinos. Las argumentaciones dadas por Uribe son las de perseguir el narcotr\u00e1fico en la regi\u00f3n, pero el aumento del gasto militar en momentos de crisis econ\u00f3mica, es visto como una clara escalada armamentista.\" \/>\n<meta property=\"og:url\" content=\"https:\/\/www.pressenza.com\/es\/2009\/08\/rechazo-en-latinoamxrica-a-las-bases-norteamericanas-en-colombia\/\" \/>\n<meta property=\"og:site_name\" content=\"Pressenza\" \/>\n<meta property=\"article:publisher\" content=\"https:\/\/www.facebook.com\/PressenzaItalia\" \/>\n<meta property=\"article:author\" content=\"https:\/\/www.facebook.com\/pressenza\" \/>\n<meta property=\"article:published_time\" content=\"2009-08-15T00:00:00+00:00\" \/>\n<meta property=\"article:modified_time\" content=\"2009-09-28T05:01:03+00:00\" \/>\n<meta name=\"author\" content=\"Pressenza IPA\" \/>\n<meta name=\"twitter:card\" content=\"summary_large_image\" \/>\n<meta name=\"twitter:creator\" content=\"@PressenzaIPA\" \/>\n<meta name=\"twitter:site\" content=\"@PressenzaIPA\" \/>\n<meta name=\"twitter:label1\" content=\"Escrito por\" \/>\n\t<meta name=\"twitter:data1\" content=\"Pressenza IPA\" \/>\n\t<meta name=\"twitter:label2\" content=\"Tiempo de lectura\" \/>\n\t<meta name=\"twitter:data2\" content=\"2 minutos\" \/>\n<script type=\"application\/ld+json\" class=\"yoast-schema-graph\">{\"@context\":\"https:\/\/schema.org\",\"@graph\":[{\"@type\":\"Article\",\"@id\":\"https:\/\/www.pressenza.com\/es\/2009\/08\/rechazo-en-latinoamxrica-a-las-bases-norteamericanas-en-colombia\/#article\",\"isPartOf\":{\"@id\":\"https:\/\/www.pressenza.com\/es\/2009\/08\/rechazo-en-latinoamxrica-a-las-bases-norteamericanas-en-colombia\/\"},\"author\":{\"name\":\"Pressenza IPA\",\"@id\":\"https:\/\/www.pressenza.com\/es\/#\/schema\/person\/010e5d02bcf40965427a1289a4cc8d75\"},\"headline\":\"Rechazo en Latinoam\u00e9rica a las bases norteamericanas en Colombia\",\"datePublished\":\"2009-08-15T00:00:00+00:00\",\"dateModified\":\"2009-09-28T05:01:03+00:00\",\"mainEntityOfPage\":{\"@id\":\"https:\/\/www.pressenza.com\/es\/2009\/08\/rechazo-en-latinoamxrica-a-las-bases-norteamericanas-en-colombia\/\"},\"wordCount\":320,\"publisher\":{\"@id\":\"https:\/\/www.pressenza.com\/es\/#organization\"},\"articleSection\":[\"Pol\u00edtica\",\"Sudam\u00e9rica\"],\"inLanguage\":\"es\"},{\"@type\":\"WebPage\",\"@id\":\"https:\/\/www.pressenza.com\/es\/2009\/08\/rechazo-en-latinoamxrica-a-las-bases-norteamericanas-en-colombia\/\",\"url\":\"https:\/\/www.pressenza.com\/es\/2009\/08\/rechazo-en-latinoamxrica-a-las-bases-norteamericanas-en-colombia\/\",\"name\":\"Rechazo en Latinoam\u00e9rica a las bases norteamericanas en Colombia\",\"isPartOf\":{\"@id\":\"https:\/\/www.pressenza.com\/es\/#website\"},\"datePublished\":\"2009-08-15T00:00:00+00:00\",\"dateModified\":\"2009-09-28T05:01:03+00:00\",\"description\":\"Colombia y USA cerraron negociaciones de un acuerdo que permitir\u00e1 al Pent\u00e1gono utilizar al menos siete bases militares, pese a la fuerte oposici\u00f3n de los pa\u00edses vecinos. Las argumentaciones dadas por Uribe son las de perseguir el narcotr\u00e1fico en la regi\u00f3n, pero el aumento del gasto militar en momentos de crisis econ\u00f3mica, es visto como una clara escalada armamentista.\",\"breadcrumb\":{\"@id\":\"https:\/\/www.pressenza.com\/es\/2009\/08\/rechazo-en-latinoamxrica-a-las-bases-norteamericanas-en-colombia\/#breadcrumb\"},\"inLanguage\":\"es\",\"potentialAction\":[{\"@type\":\"ReadAction\",\"target\":[\"https:\/\/www.pressenza.com\/es\/2009\/08\/rechazo-en-latinoamxrica-a-las-bases-norteamericanas-en-colombia\/\"]}]},{\"@type\":\"BreadcrumbList\",\"@id\":\"https:\/\/www.pressenza.com\/es\/2009\/08\/rechazo-en-latinoamxrica-a-las-bases-norteamericanas-en-colombia\/#breadcrumb\",\"itemListElement\":[{\"@type\":\"ListItem\",\"position\":1,\"name\":\"Accueil\",\"item\":\"https:\/\/www.pressenza.com\/es\/\"},{\"@type\":\"ListItem\",\"position\":2,\"name\":\"Rechazo en Latinoam\u00e9rica a las bases norteamericanas en Colombia\"}]},{\"@type\":\"WebSite\",\"@id\":\"https:\/\/www.pressenza.com\/es\/#website\",\"url\":\"https:\/\/www.pressenza.com\/es\/\",\"name\":\"Pressenza\",\"description\":\"International Press Agency\",\"publisher\":{\"@id\":\"https:\/\/www.pressenza.com\/es\/#organization\"},\"potentialAction\":[{\"@type\":\"SearchAction\",\"target\":{\"@type\":\"EntryPoint\",\"urlTemplate\":\"https:\/\/www.pressenza.com\/es\/?s={search_term_string}\"},\"query-input\":{\"@type\":\"PropertyValueSpecification\",\"valueRequired\":true,\"valueName\":\"search_term_string\"}}],\"inLanguage\":\"es\"},{\"@type\":\"Organization\",\"@id\":\"https:\/\/www.pressenza.com\/es\/#organization\",\"name\":\"Pressenza\",\"url\":\"https:\/\/www.pressenza.com\/es\/\",\"logo\":{\"@type\":\"ImageObject\",\"inLanguage\":\"es\",\"@id\":\"https:\/\/www.pressenza.com\/es\/#\/schema\/logo\/image\/\",\"url\":\"https:\/\/www.pressenza.com\/wp-content\/uploads\/2022\/10\/pressenza_logo_200x200.jpg\",\"contentUrl\":\"https:\/\/www.pressenza.com\/wp-content\/uploads\/2022\/10\/pressenza_logo_200x200.jpg\",\"width\":200,\"height\":200,\"caption\":\"Pressenza\"},\"image\":{\"@id\":\"https:\/\/www.pressenza.com\/es\/#\/schema\/logo\/image\/\"},\"sameAs\":[\"https:\/\/www.facebook.com\/PressenzaItalia\",\"https:\/\/x.com\/PressenzaIPA\"]},{\"@type\":\"Person\",\"@id\":\"https:\/\/www.pressenza.com\/es\/#\/schema\/person\/010e5d02bcf40965427a1289a4cc8d75\",\"name\":\"Pressenza IPA\",\"description\":\"News from Pressenza IPA correspondents\",\"sameAs\":[\"https:\/\/www.facebook.com\/pressenza\",\"https:\/\/x.com\/PressenzaIPA\"],\"url\":\"https:\/\/www.pressenza.com\/es\/author\/pressenza-ipa\/\"}]}<\/script>\n<!-- \/ Yoast SEO plugin. -->","yoast_head_json":{"title":"Rechazo en Latinoam\u00e9rica a las bases norteamericanas en Colombia","description":"Colombia y USA cerraron negociaciones de un acuerdo que permitir\u00e1 al Pent\u00e1gono utilizar al menos siete bases militares, pese a la fuerte oposici\u00f3n de los pa\u00edses vecinos. Las argumentaciones dadas por Uribe son las de perseguir el narcotr\u00e1fico en la regi\u00f3n, pero el aumento del gasto militar en momentos de crisis econ\u00f3mica, es visto como una clara escalada armamentista.","robots":{"index":"index","follow":"follow","max-snippet":"max-snippet:-1","max-image-preview":"max-image-preview:large","max-video-preview":"max-video-preview:-1"},"canonical":"https:\/\/www.pressenza.com\/es\/2009\/08\/rechazo-en-latinoamxrica-a-las-bases-norteamericanas-en-colombia\/","og_locale":"es_ES","og_type":"article","og_title":"Rechazo en Latinoam\u00e9rica a las bases norteamericanas en Colombia","og_description":"Colombia y USA cerraron negociaciones de un acuerdo que permitir\u00e1 al Pent\u00e1gono utilizar al menos siete bases militares, pese a la fuerte oposici\u00f3n de los pa\u00edses vecinos. Las argumentaciones dadas por Uribe son las de perseguir el narcotr\u00e1fico en la regi\u00f3n, pero el aumento del gasto militar en momentos de crisis econ\u00f3mica, es visto como una clara escalada armamentista.","og_url":"https:\/\/www.pressenza.com\/es\/2009\/08\/rechazo-en-latinoamxrica-a-las-bases-norteamericanas-en-colombia\/","og_site_name":"Pressenza","article_publisher":"https:\/\/www.facebook.com\/PressenzaItalia","article_author":"https:\/\/www.facebook.com\/pressenza","article_published_time":"2009-08-15T00:00:00+00:00","article_modified_time":"2009-09-28T05:01:03+00:00","author":"Pressenza IPA","twitter_card":"summary_large_image","twitter_creator":"@PressenzaIPA","twitter_site":"@PressenzaIPA","twitter_misc":{"Escrito por":"Pressenza IPA","Tiempo de lectura":"2 minutos"},"schema":{"@context":"https:\/\/schema.org","@graph":[{"@type":"Article","@id":"https:\/\/www.pressenza.com\/es\/2009\/08\/rechazo-en-latinoamxrica-a-las-bases-norteamericanas-en-colombia\/#article","isPartOf":{"@id":"https:\/\/www.pressenza.com\/es\/2009\/08\/rechazo-en-latinoamxrica-a-las-bases-norteamericanas-en-colombia\/"},"author":{"name":"Pressenza IPA","@id":"https:\/\/www.pressenza.com\/es\/#\/schema\/person\/010e5d02bcf40965427a1289a4cc8d75"},"headline":"Rechazo en Latinoam\u00e9rica a las bases norteamericanas en Colombia","datePublished":"2009-08-15T00:00:00+00:00","dateModified":"2009-09-28T05:01:03+00:00","mainEntityOfPage":{"@id":"https:\/\/www.pressenza.com\/es\/2009\/08\/rechazo-en-latinoamxrica-a-las-bases-norteamericanas-en-colombia\/"},"wordCount":320,"publisher":{"@id":"https:\/\/www.pressenza.com\/es\/#organization"},"articleSection":["Pol\u00edtica","Sudam\u00e9rica"],"inLanguage":"es"},{"@type":"WebPage","@id":"https:\/\/www.pressenza.com\/es\/2009\/08\/rechazo-en-latinoamxrica-a-las-bases-norteamericanas-en-colombia\/","url":"https:\/\/www.pressenza.com\/es\/2009\/08\/rechazo-en-latinoamxrica-a-las-bases-norteamericanas-en-colombia\/","name":"Rechazo en Latinoam\u00e9rica a las bases norteamericanas en Colombia","isPartOf":{"@id":"https:\/\/www.pressenza.com\/es\/#website"},"datePublished":"2009-08-15T00:00:00+00:00","dateModified":"2009-09-28T05:01:03+00:00","description":"Colombia y USA cerraron negociaciones de un acuerdo que permitir\u00e1 al Pent\u00e1gono utilizar al menos siete bases militares, pese a la fuerte oposici\u00f3n de los pa\u00edses vecinos. Las argumentaciones dadas por Uribe son las de perseguir el narcotr\u00e1fico en la regi\u00f3n, pero el aumento del gasto militar en momentos de crisis econ\u00f3mica, es visto como una clara escalada armamentista.","breadcrumb":{"@id":"https:\/\/www.pressenza.com\/es\/2009\/08\/rechazo-en-latinoamxrica-a-las-bases-norteamericanas-en-colombia\/#breadcrumb"},"inLanguage":"es","potentialAction":[{"@type":"ReadAction","target":["https:\/\/www.pressenza.com\/es\/2009\/08\/rechazo-en-latinoamxrica-a-las-bases-norteamericanas-en-colombia\/"]}]},{"@type":"BreadcrumbList","@id":"https:\/\/www.pressenza.com\/es\/2009\/08\/rechazo-en-latinoamxrica-a-las-bases-norteamericanas-en-colombia\/#breadcrumb","itemListElement":[{"@type":"ListItem","position":1,"name":"Accueil","item":"https:\/\/www.pressenza.com\/es\/"},{"@type":"ListItem","position":2,"name":"Rechazo en Latinoam\u00e9rica a las bases norteamericanas en Colombia"}]},{"@type":"WebSite","@id":"https:\/\/www.pressenza.com\/es\/#website","url":"https:\/\/www.pressenza.com\/es\/","name":"Pressenza","description":"International Press Agency","publisher":{"@id":"https:\/\/www.pressenza.com\/es\/#organization"},"potentialAction":[{"@type":"SearchAction","target":{"@type":"EntryPoint","urlTemplate":"https:\/\/www.pressenza.com\/es\/?s={search_term_string}"},"query-input":{"@type":"PropertyValueSpecification","valueRequired":true,"valueName":"search_term_string"}}],"inLanguage":"es"},{"@type":"Organization","@id":"https:\/\/www.pressenza.com\/es\/#organization","name":"Pressenza","url":"https:\/\/www.pressenza.com\/es\/","logo":{"@type":"ImageObject","inLanguage":"es","@id":"https:\/\/www.pressenza.com\/es\/#\/schema\/logo\/image\/","url":"https:\/\/www.pressenza.com\/wp-content\/uploads\/2022\/10\/pressenza_logo_200x200.jpg","contentUrl":"https:\/\/www.pressenza.com\/wp-content\/uploads\/2022\/10\/pressenza_logo_200x200.jpg","width":200,"height":200,"caption":"Pressenza"},"image":{"@id":"https:\/\/www.pressenza.com\/es\/#\/schema\/logo\/image\/"},"sameAs":["https:\/\/www.facebook.com\/PressenzaItalia","https:\/\/x.com\/PressenzaIPA"]},{"@type":"Person","@id":"https:\/\/www.pressenza.com\/es\/#\/schema\/person\/010e5d02bcf40965427a1289a4cc8d75","name":"Pressenza IPA","description":"News from Pressenza IPA correspondents","sameAs":["https:\/\/www.facebook.com\/pressenza","https:\/\/x.com\/PressenzaIPA"],"url":"https:\/\/www.pressenza.com\/es\/author\/pressenza-ipa\/"}]}},"place":"Bogot\u00e1","original_article_url":"","_links":{"self":[{"href":"https:\/\/www.pressenza.com\/es\/wp-json\/wp\/v2\/posts\/962","targetHints":{"allow":["GET"]}}],"collection":[{"href":"https:\/\/www.pressenza.com\/es\/wp-json\/wp\/v2\/posts"}],"about":[{"href":"https:\/\/www.pressenza.com\/es\/wp-json\/wp\/v2\/types\/post"}],"author":[{"embeddable":true,"href":"https:\/\/www.pressenza.com\/es\/wp-json\/wp\/v2\/users\/19"}],"replies":[{"embeddable":true,"href":"https:\/\/www.pressenza.com\/es\/wp-json\/wp\/v2\/comments?post=962"}],"version-history":[{"count":0,"href":"https:\/\/www.pressenza.com\/es\/wp-json\/wp\/v2\/posts\/962\/revisions"}],"wp:attachment":[{"href":"https:\/\/www.pressenza.com\/es\/wp-json\/wp\/v2\/media?parent=962"}],"wp:term":[{"taxonomy":"category","embeddable":true,"href":"https:\/\/www.pressenza.com\/es\/wp-json\/wp\/v2\/categories?post=962"},{"taxonomy":"post_tag","embeddable":true,"href":"https:\/\/www.pressenza.com\/es\/wp-json\/wp\/v2\/tags?post=962"}],"curies":[{"name":"wp","href":"https:\/\/api.w.org\/{rel}","templated":true}]}}