{"id":960483,"date":"2019-11-01T20:56:18","date_gmt":"2019-11-01T20:56:18","guid":{"rendered":"https:\/\/www.pressenza.com\/?p=960483"},"modified":"2019-11-01T20:56:18","modified_gmt":"2019-11-01T20:56:18","slug":"cabezas-rapadas-a-la-fuerza-que-senalan-y-estigmatizan","status":"publish","type":"post","link":"https:\/\/www.pressenza.com\/es\/2019\/11\/cabezas-rapadas-a-la-fuerza-que-senalan-y-estigmatizan\/","title":{"rendered":"Cabezas rapadas a la fuerza que se\u00f1alan y estigmatizan"},"content":{"rendered":"<blockquote class=\"wp-block-quote is-style-large\"><p>Si la imagen f\u00edsica para la gran mayor\u00eda de las personas es importante, para los adolescentes es motivo de obsesi\u00f3n. Da igual c\u00f3mo se llamen o d\u00f3nde vivan. Aunque vivas en el Puerto, que a uno le rapen la cabeza a la fuerza duele<\/p><\/blockquote>\n<p><strong>Por Gabriel Barba<\/strong><\/p>\n<p>Desde hace meses en el Centro de Realojo Temporal La Esperanza rapan con m\u00e1quina el pelo de algunos de los chicos que ingresan all\u00ed. <strong>Ni se hace siempre, ni se hace con todos<\/strong>. Principalmente se hace con chicos que no residen en el Centro y que son detenidos por alg\u00fan ente policial. Si se trata de un <strong>protocolo de salud <\/strong>p\u00fablica, nadie les ha explicado que el corte<strong> a la fuerza<\/strong> cumpla tal funci\u00f3n, y explican que algunas veces se lo hacen y otras no.<\/p>\n<p>Esta semana las redadas policiales han interceptado a <strong>decenas de menores<\/strong>. La asociaci\u00f3n <a href=\"https:\/\/elforodeceuta.es\/?s=maakum\" target=\"_blank\" rel=\"noreferrer noopener\" aria-label=\"Maakum (abre en una nueva pesta\u00f1a)\">Maakum<\/a>, que acompa\u00f1a a estos j\u00f3venes que viven en la calle, se ha hecho eco en sus <a href=\"https:\/\/www.facebook.com\/Maakum-Ceuta-459655701230217\/\" target=\"_blank\" rel=\"noreferrer noopener\" aria-label=\"redes sociales (abre en una nueva pesta\u00f1a)\">redes sociales <\/a>de la <strong>indignaci\u00f3n <\/strong>y la <strong>impotencia <\/strong>de estos chicos. Algunos de ellos relatan que el <strong>miedo <\/strong>a perder su cabello es uno de los m\u00faltiples motivos por no querer \u201csubir a La Esperanza\u201d.<\/p>\n<p><iframe loading=\"lazy\" style=\"border: none; overflow: hidden;\" src=\"https:\/\/www.facebook.com\/plugins\/video.php?href=https%3A%2F%2Fwww.facebook.com%2F459655701230217%2Fvideos%2F462750004341755%2F&amp;show_text=0&amp;width=560\" width=\"715\" height=\"393\" frameborder=\"0\" scrolling=\"no\" allowfullscreen=\"allowfullscreen\"><span data-mce-type=\"bookmark\" style=\"display: inline-block; width: 0px; overflow: hidden; line-height: 0;\" class=\"mce_SELRES_start\">\ufeff<\/span><\/iframe><\/p>\n<p>Adem\u00e1s de la <strong>violencia <\/strong>con la que viven este <strong>corte de pelo<\/strong>, que la sienten como un ataque a su dignidad, les identifica, les <strong>marca <\/strong>y les <strong>estigmatiza <\/strong>a ojos de aquella parte de la <strong>poblaci\u00f3n <\/strong>que <strong>rechaza <\/strong>su presencia en las calles de Ceuta.<\/p>\n<p>En otras \u00e9pocas se ha asimilado que la <strong>rapada <\/strong>de pelo es un atentado contra la <strong>dignidad <\/strong>de la persona. <a href=\"http:\/\/xsierrav.blogspot.com\/2016\/07\/rapadas-y-humilladas-i-la-represion.html\" target=\"_blank\" rel=\"noreferrer noopener\" aria-label=\" (abre en una nueva pesta\u00f1a)\">Durante el franquismo<\/a>, algunas mujeres ve\u00edan desaparecer su melena <a href=\"https:\/\/iniciativadebate.org\/2012\/02\/09\/la-represion-franquista-contra-la-mujer-las-rapadas\/\" target=\"_blank\" rel=\"noreferrer noopener\" aria-label=\"como una forma de &quot;humillar, vejar y marcar&quot; (abre en una nueva pesta\u00f1a)\">como una forma de \u201chumillar, vejar y marcar\u201d<\/a>.<\/p>\n<div class=\"wp-block-image\">\n<figure class=\"aligncenter size-large\"><figcaption><em>\u00a0<\/em><\/figcaption><\/figure>\n<\/div>\n","protected":false},"excerpt":{"rendered":"<p>Si la imagen f\u00edsica para la gran mayor\u00eda de las personas es importante, para los adolescentes es motivo de obsesi\u00f3n. Da igual c\u00f3mo se llamen o d\u00f3nde vivan. Aunque vivas en el Puerto, que a uno le rapen la cabeza&hellip;<\/p>\n","protected":false},"author":1681,"featured_media":960484,"comment_status":"closed","ping_status":"closed","sticky":false,"template":"","format":"standard","meta":{"footnotes":""},"categories":[79,66,54574,63],"tags":[54747,23190,34731,66419,54175,66420],"class_list":["post-960483","post","type-post","status-publish","format-standard","has-post-thumbnail","hentry","category-derechos-humanos","category-europa-es","category-migrantes-es","category-region-es","tag-ceuta-es-2","tag-estigmatizacion","tag-frontera-sur","tag-maakum","tag-migrantes-es","tag-practicas-dictatoriales"],"yoast_head":"<!-- This site is optimized with the Yoast SEO plugin v27.1.1 - https:\/\/yoast.com\/product\/yoast-seo-wordpress\/ -->\n<title>Cabezas rapadas a la fuerza que se\u00f1alan y estigmatizan<\/title>\n<meta name=\"description\" content=\"Si la imagen f\u00edsica para la gran mayor\u00eda de las personas es importante, para los adolescentes es motivo de obsesi\u00f3n. Da igual c\u00f3mo se llamen o d\u00f3nde\" \/>\n<meta name=\"robots\" content=\"index, follow, max-snippet:-1, max-image-preview:large, max-video-preview:-1\" \/>\n<link rel=\"canonical\" href=\"https:\/\/www.pressenza.com\/es\/2019\/11\/cabezas-rapadas-a-la-fuerza-que-senalan-y-estigmatizan\/\" \/>\n<meta property=\"og:locale\" content=\"es_ES\" \/>\n<meta property=\"og:type\" content=\"article\" \/>\n<meta property=\"og:title\" content=\"Cabezas rapadas a la fuerza que se\u00f1alan y estigmatizan\" \/>\n<meta property=\"og:description\" content=\"Si la imagen f\u00edsica para la gran mayor\u00eda de las personas es importante, para los adolescentes es motivo de obsesi\u00f3n. Da igual c\u00f3mo se llamen o d\u00f3nde\" \/>\n<meta property=\"og:url\" content=\"https:\/\/www.pressenza.com\/es\/2019\/11\/cabezas-rapadas-a-la-fuerza-que-senalan-y-estigmatizan\/\" \/>\n<meta property=\"og:site_name\" content=\"Pressenza\" \/>\n<meta property=\"article:publisher\" content=\"https:\/\/www.facebook.com\/PressenzaItalia\" \/>\n<meta property=\"article:published_time\" content=\"2019-11-01T20:56:18+00:00\" \/>\n<meta property=\"og:image\" content=\"https:\/\/www.pressenza.com\/wp-content\/uploads\/2019\/11\/maakum-cabezas-rapadas.jpg\" \/>\n\t<meta property=\"og:image:width\" content=\"960\" \/>\n\t<meta property=\"og:image:height\" content=\"720\" \/>\n\t<meta property=\"og:image:type\" content=\"image\/jpeg\" \/>\n<meta name=\"author\" content=\"Redacci\u00f3n Espa\u00f1a\" \/>\n<meta name=\"twitter:card\" content=\"summary_large_image\" \/>\n<meta name=\"twitter:creator\" content=\"@PressenzaIPA\" \/>\n<meta name=\"twitter:site\" content=\"@PressenzaIPA\" \/>\n<meta name=\"twitter:label1\" content=\"Escrito por\" \/>\n\t<meta name=\"twitter:data1\" content=\"Redacci\u00f3n Espa\u00f1a\" \/>\n\t<meta name=\"twitter:label2\" content=\"Tiempo de lectura\" \/>\n\t<meta name=\"twitter:data2\" content=\"1 minuto\" \/>\n<script type=\"application\/ld+json\" class=\"yoast-schema-graph\">{\"@context\":\"https:\/\/schema.org\",\"@graph\":[{\"@type\":\"Article\",\"@id\":\"https:\/\/www.pressenza.com\/es\/2019\/11\/cabezas-rapadas-a-la-fuerza-que-senalan-y-estigmatizan\/#article\",\"isPartOf\":{\"@id\":\"https:\/\/www.pressenza.com\/es\/2019\/11\/cabezas-rapadas-a-la-fuerza-que-senalan-y-estigmatizan\/\"},\"author\":{\"name\":\"Redacci\u00f3n Espa\u00f1a\",\"@id\":\"https:\/\/www.pressenza.com\/es\/#\/schema\/person\/fffbbe2f14495897417f313a954dae23\"},\"headline\":\"Cabezas rapadas a la fuerza que se\u00f1alan y estigmatizan\",\"datePublished\":\"2019-11-01T20:56:18+00:00\",\"mainEntityOfPage\":{\"@id\":\"https:\/\/www.pressenza.com\/es\/2019\/11\/cabezas-rapadas-a-la-fuerza-que-senalan-y-estigmatizan\/\"},\"wordCount\":306,\"publisher\":{\"@id\":\"https:\/\/www.pressenza.com\/es\/#organization\"},\"image\":{\"@id\":\"https:\/\/www.pressenza.com\/es\/2019\/11\/cabezas-rapadas-a-la-fuerza-que-senalan-y-estigmatizan\/#primaryimage\"},\"thumbnailUrl\":\"https:\/\/www.pressenza.com\/wp-content\/uploads\/2019\/11\/maakum-cabezas-rapadas.jpg\",\"keywords\":[\"Ceuta\",\"estigmatizaci\u00f3n\",\"frontera sur\",\"Maakum\",\"migrantes\",\"pr\u00e1cticas dictatoriales\"],\"articleSection\":[\"Derechos Humanos\",\"Europa\",\"Migrantes\",\"Regi\u00f3n\"],\"inLanguage\":\"es\"},{\"@type\":\"WebPage\",\"@id\":\"https:\/\/www.pressenza.com\/es\/2019\/11\/cabezas-rapadas-a-la-fuerza-que-senalan-y-estigmatizan\/\",\"url\":\"https:\/\/www.pressenza.com\/es\/2019\/11\/cabezas-rapadas-a-la-fuerza-que-senalan-y-estigmatizan\/\",\"name\":\"Cabezas rapadas a la fuerza que se\u00f1alan y estigmatizan\",\"isPartOf\":{\"@id\":\"https:\/\/www.pressenza.com\/es\/#website\"},\"primaryImageOfPage\":{\"@id\":\"https:\/\/www.pressenza.com\/es\/2019\/11\/cabezas-rapadas-a-la-fuerza-que-senalan-y-estigmatizan\/#primaryimage\"},\"image\":{\"@id\":\"https:\/\/www.pressenza.com\/es\/2019\/11\/cabezas-rapadas-a-la-fuerza-que-senalan-y-estigmatizan\/#primaryimage\"},\"thumbnailUrl\":\"https:\/\/www.pressenza.com\/wp-content\/uploads\/2019\/11\/maakum-cabezas-rapadas.jpg\",\"datePublished\":\"2019-11-01T20:56:18+00:00\",\"description\":\"Si la imagen f\u00edsica para la gran mayor\u00eda de las personas es importante, para los adolescentes es motivo de obsesi\u00f3n. Da igual c\u00f3mo se llamen o d\u00f3nde\",\"breadcrumb\":{\"@id\":\"https:\/\/www.pressenza.com\/es\/2019\/11\/cabezas-rapadas-a-la-fuerza-que-senalan-y-estigmatizan\/#breadcrumb\"},\"inLanguage\":\"es\",\"potentialAction\":[{\"@type\":\"ReadAction\",\"target\":[\"https:\/\/www.pressenza.com\/es\/2019\/11\/cabezas-rapadas-a-la-fuerza-que-senalan-y-estigmatizan\/\"]}]},{\"@type\":\"ImageObject\",\"inLanguage\":\"es\",\"@id\":\"https:\/\/www.pressenza.com\/es\/2019\/11\/cabezas-rapadas-a-la-fuerza-que-senalan-y-estigmatizan\/#primaryimage\",\"url\":\"https:\/\/www.pressenza.com\/wp-content\/uploads\/2019\/11\/maakum-cabezas-rapadas.jpg\",\"contentUrl\":\"https:\/\/www.pressenza.com\/wp-content\/uploads\/2019\/11\/maakum-cabezas-rapadas.jpg\",\"width\":960,\"height\":720,\"caption\":\"Menores a los que han rapado la cabeza a la fuerza viendo un partido de f\u00fatbol \/ cedida\"},{\"@type\":\"BreadcrumbList\",\"@id\":\"https:\/\/www.pressenza.com\/es\/2019\/11\/cabezas-rapadas-a-la-fuerza-que-senalan-y-estigmatizan\/#breadcrumb\",\"itemListElement\":[{\"@type\":\"ListItem\",\"position\":1,\"name\":\"Accueil\",\"item\":\"https:\/\/www.pressenza.com\/es\/\"},{\"@type\":\"ListItem\",\"position\":2,\"name\":\"Cabezas rapadas a la fuerza que se\u00f1alan y estigmatizan\"}]},{\"@type\":\"WebSite\",\"@id\":\"https:\/\/www.pressenza.com\/es\/#website\",\"url\":\"https:\/\/www.pressenza.com\/es\/\",\"name\":\"Pressenza\",\"description\":\"International Press Agency\",\"publisher\":{\"@id\":\"https:\/\/www.pressenza.com\/es\/#organization\"},\"potentialAction\":[{\"@type\":\"SearchAction\",\"target\":{\"@type\":\"EntryPoint\",\"urlTemplate\":\"https:\/\/www.pressenza.com\/es\/?s={search_term_string}\"},\"query-input\":{\"@type\":\"PropertyValueSpecification\",\"valueRequired\":true,\"valueName\":\"search_term_string\"}}],\"inLanguage\":\"es\"},{\"@type\":\"Organization\",\"@id\":\"https:\/\/www.pressenza.com\/es\/#organization\",\"name\":\"Pressenza\",\"url\":\"https:\/\/www.pressenza.com\/es\/\",\"logo\":{\"@type\":\"ImageObject\",\"inLanguage\":\"es\",\"@id\":\"https:\/\/www.pressenza.com\/es\/#\/schema\/logo\/image\/\",\"url\":\"https:\/\/www.pressenza.com\/wp-content\/uploads\/2022\/10\/pressenza_logo_200x200.jpg\",\"contentUrl\":\"https:\/\/www.pressenza.com\/wp-content\/uploads\/2022\/10\/pressenza_logo_200x200.jpg\",\"width\":200,\"height\":200,\"caption\":\"Pressenza\"},\"image\":{\"@id\":\"https:\/\/www.pressenza.com\/es\/#\/schema\/logo\/image\/\"},\"sameAs\":[\"https:\/\/www.facebook.com\/PressenzaItalia\",\"https:\/\/x.com\/PressenzaIPA\"]},{\"@type\":\"Person\",\"@id\":\"https:\/\/www.pressenza.com\/es\/#\/schema\/person\/fffbbe2f14495897417f313a954dae23\",\"name\":\"Redacci\u00f3n Espa\u00f1a\",\"url\":\"https:\/\/www.pressenza.com\/es\/author\/redaccion-espana\/\"}]}<\/script>\n<!-- \/ Yoast SEO plugin. -->","yoast_head_json":{"title":"Cabezas rapadas a la fuerza que se\u00f1alan y estigmatizan","description":"Si la imagen f\u00edsica para la gran mayor\u00eda de las personas es importante, para los adolescentes es motivo de obsesi\u00f3n. Da igual c\u00f3mo se llamen o d\u00f3nde","robots":{"index":"index","follow":"follow","max-snippet":"max-snippet:-1","max-image-preview":"max-image-preview:large","max-video-preview":"max-video-preview:-1"},"canonical":"https:\/\/www.pressenza.com\/es\/2019\/11\/cabezas-rapadas-a-la-fuerza-que-senalan-y-estigmatizan\/","og_locale":"es_ES","og_type":"article","og_title":"Cabezas rapadas a la fuerza que se\u00f1alan y estigmatizan","og_description":"Si la imagen f\u00edsica para la gran mayor\u00eda de las personas es importante, para los adolescentes es motivo de obsesi\u00f3n. Da igual c\u00f3mo se llamen o d\u00f3nde","og_url":"https:\/\/www.pressenza.com\/es\/2019\/11\/cabezas-rapadas-a-la-fuerza-que-senalan-y-estigmatizan\/","og_site_name":"Pressenza","article_publisher":"https:\/\/www.facebook.com\/PressenzaItalia","article_published_time":"2019-11-01T20:56:18+00:00","og_image":[{"width":960,"height":720,"url":"https:\/\/www.pressenza.com\/wp-content\/uploads\/2019\/11\/maakum-cabezas-rapadas.jpg","type":"image\/jpeg"}],"author":"Redacci\u00f3n Espa\u00f1a","twitter_card":"summary_large_image","twitter_creator":"@PressenzaIPA","twitter_site":"@PressenzaIPA","twitter_misc":{"Escrito por":"Redacci\u00f3n Espa\u00f1a","Tiempo de lectura":"1 minuto"},"schema":{"@context":"https:\/\/schema.org","@graph":[{"@type":"Article","@id":"https:\/\/www.pressenza.com\/es\/2019\/11\/cabezas-rapadas-a-la-fuerza-que-senalan-y-estigmatizan\/#article","isPartOf":{"@id":"https:\/\/www.pressenza.com\/es\/2019\/11\/cabezas-rapadas-a-la-fuerza-que-senalan-y-estigmatizan\/"},"author":{"name":"Redacci\u00f3n Espa\u00f1a","@id":"https:\/\/www.pressenza.com\/es\/#\/schema\/person\/fffbbe2f14495897417f313a954dae23"},"headline":"Cabezas rapadas a la fuerza que se\u00f1alan y estigmatizan","datePublished":"2019-11-01T20:56:18+00:00","mainEntityOfPage":{"@id":"https:\/\/www.pressenza.com\/es\/2019\/11\/cabezas-rapadas-a-la-fuerza-que-senalan-y-estigmatizan\/"},"wordCount":306,"publisher":{"@id":"https:\/\/www.pressenza.com\/es\/#organization"},"image":{"@id":"https:\/\/www.pressenza.com\/es\/2019\/11\/cabezas-rapadas-a-la-fuerza-que-senalan-y-estigmatizan\/#primaryimage"},"thumbnailUrl":"https:\/\/www.pressenza.com\/wp-content\/uploads\/2019\/11\/maakum-cabezas-rapadas.jpg","keywords":["Ceuta","estigmatizaci\u00f3n","frontera sur","Maakum","migrantes","pr\u00e1cticas dictatoriales"],"articleSection":["Derechos Humanos","Europa","Migrantes","Regi\u00f3n"],"inLanguage":"es"},{"@type":"WebPage","@id":"https:\/\/www.pressenza.com\/es\/2019\/11\/cabezas-rapadas-a-la-fuerza-que-senalan-y-estigmatizan\/","url":"https:\/\/www.pressenza.com\/es\/2019\/11\/cabezas-rapadas-a-la-fuerza-que-senalan-y-estigmatizan\/","name":"Cabezas rapadas a la fuerza que se\u00f1alan y estigmatizan","isPartOf":{"@id":"https:\/\/www.pressenza.com\/es\/#website"},"primaryImageOfPage":{"@id":"https:\/\/www.pressenza.com\/es\/2019\/11\/cabezas-rapadas-a-la-fuerza-que-senalan-y-estigmatizan\/#primaryimage"},"image":{"@id":"https:\/\/www.pressenza.com\/es\/2019\/11\/cabezas-rapadas-a-la-fuerza-que-senalan-y-estigmatizan\/#primaryimage"},"thumbnailUrl":"https:\/\/www.pressenza.com\/wp-content\/uploads\/2019\/11\/maakum-cabezas-rapadas.jpg","datePublished":"2019-11-01T20:56:18+00:00","description":"Si la imagen f\u00edsica para la gran mayor\u00eda de las personas es importante, para los adolescentes es motivo de obsesi\u00f3n. Da igual c\u00f3mo se llamen o d\u00f3nde","breadcrumb":{"@id":"https:\/\/www.pressenza.com\/es\/2019\/11\/cabezas-rapadas-a-la-fuerza-que-senalan-y-estigmatizan\/#breadcrumb"},"inLanguage":"es","potentialAction":[{"@type":"ReadAction","target":["https:\/\/www.pressenza.com\/es\/2019\/11\/cabezas-rapadas-a-la-fuerza-que-senalan-y-estigmatizan\/"]}]},{"@type":"ImageObject","inLanguage":"es","@id":"https:\/\/www.pressenza.com\/es\/2019\/11\/cabezas-rapadas-a-la-fuerza-que-senalan-y-estigmatizan\/#primaryimage","url":"https:\/\/www.pressenza.com\/wp-content\/uploads\/2019\/11\/maakum-cabezas-rapadas.jpg","contentUrl":"https:\/\/www.pressenza.com\/wp-content\/uploads\/2019\/11\/maakum-cabezas-rapadas.jpg","width":960,"height":720,"caption":"Menores a los que han rapado la cabeza a la fuerza viendo un partido de f\u00fatbol \/ cedida"},{"@type":"BreadcrumbList","@id":"https:\/\/www.pressenza.com\/es\/2019\/11\/cabezas-rapadas-a-la-fuerza-que-senalan-y-estigmatizan\/#breadcrumb","itemListElement":[{"@type":"ListItem","position":1,"name":"Accueil","item":"https:\/\/www.pressenza.com\/es\/"},{"@type":"ListItem","position":2,"name":"Cabezas rapadas a la fuerza que se\u00f1alan y estigmatizan"}]},{"@type":"WebSite","@id":"https:\/\/www.pressenza.com\/es\/#website","url":"https:\/\/www.pressenza.com\/es\/","name":"Pressenza","description":"International Press Agency","publisher":{"@id":"https:\/\/www.pressenza.com\/es\/#organization"},"potentialAction":[{"@type":"SearchAction","target":{"@type":"EntryPoint","urlTemplate":"https:\/\/www.pressenza.com\/es\/?s={search_term_string}"},"query-input":{"@type":"PropertyValueSpecification","valueRequired":true,"valueName":"search_term_string"}}],"inLanguage":"es"},{"@type":"Organization","@id":"https:\/\/www.pressenza.com\/es\/#organization","name":"Pressenza","url":"https:\/\/www.pressenza.com\/es\/","logo":{"@type":"ImageObject","inLanguage":"es","@id":"https:\/\/www.pressenza.com\/es\/#\/schema\/logo\/image\/","url":"https:\/\/www.pressenza.com\/wp-content\/uploads\/2022\/10\/pressenza_logo_200x200.jpg","contentUrl":"https:\/\/www.pressenza.com\/wp-content\/uploads\/2022\/10\/pressenza_logo_200x200.jpg","width":200,"height":200,"caption":"Pressenza"},"image":{"@id":"https:\/\/www.pressenza.com\/es\/#\/schema\/logo\/image\/"},"sameAs":["https:\/\/www.facebook.com\/PressenzaItalia","https:\/\/x.com\/PressenzaIPA"]},{"@type":"Person","@id":"https:\/\/www.pressenza.com\/es\/#\/schema\/person\/fffbbe2f14495897417f313a954dae23","name":"Redacci\u00f3n Espa\u00f1a","url":"https:\/\/www.pressenza.com\/es\/author\/redaccion-espana\/"}]}},"place":"Ceuta (Espa\u00f1a)","original_article_url":"https:\/\/elforodeceuta.es\/cabezas-rapadas-a-la-fuerza-que-senalan-y-estigmatizan\/","_links":{"self":[{"href":"https:\/\/www.pressenza.com\/es\/wp-json\/wp\/v2\/posts\/960483","targetHints":{"allow":["GET"]}}],"collection":[{"href":"https:\/\/www.pressenza.com\/es\/wp-json\/wp\/v2\/posts"}],"about":[{"href":"https:\/\/www.pressenza.com\/es\/wp-json\/wp\/v2\/types\/post"}],"author":[{"embeddable":true,"href":"https:\/\/www.pressenza.com\/es\/wp-json\/wp\/v2\/users\/1681"}],"replies":[{"embeddable":true,"href":"https:\/\/www.pressenza.com\/es\/wp-json\/wp\/v2\/comments?post=960483"}],"version-history":[{"count":0,"href":"https:\/\/www.pressenza.com\/es\/wp-json\/wp\/v2\/posts\/960483\/revisions"}],"wp:featuredmedia":[{"embeddable":true,"href":"https:\/\/www.pressenza.com\/es\/wp-json\/wp\/v2\/media\/960484"}],"wp:attachment":[{"href":"https:\/\/www.pressenza.com\/es\/wp-json\/wp\/v2\/media?parent=960483"}],"wp:term":[{"taxonomy":"category","embeddable":true,"href":"https:\/\/www.pressenza.com\/es\/wp-json\/wp\/v2\/categories?post=960483"},{"taxonomy":"post_tag","embeddable":true,"href":"https:\/\/www.pressenza.com\/es\/wp-json\/wp\/v2\/tags?post=960483"}],"curies":[{"name":"wp","href":"https:\/\/api.w.org\/{rel}","templated":true}]}}