{"id":960078,"date":"2019-11-01T15:30:35","date_gmt":"2019-11-01T15:30:35","guid":{"rendered":"https:\/\/www.pressenza.com\/?p=960078"},"modified":"2019-11-08T18:25:40","modified_gmt":"2019-11-08T18:25:40","slug":"los-jovenes-indigenas-no-somos-solo-el-futuro-somos-el-hoy-el-ahora","status":"publish","type":"post","link":"https:\/\/www.pressenza.com\/es\/2019\/11\/los-jovenes-indigenas-no-somos-solo-el-futuro-somos-el-hoy-el-ahora\/","title":{"rendered":"\u00abLos j\u00f3venes ind\u00edgenas no somos s\u00f3lo el futuro. Somos el hoy, el ahora\u00bb"},"content":{"rendered":"<p><em>Transcripci\u00f3n\/traducci\u00f3n de Pressenza<\/em><\/p>\n<p>Erisvan Guajajara (@itaynwa), ind\u00edgena brasilero e integrante de M\u00eddia India (@midiaindia-official) particip\u00f3 (30\/10) en el debate con estudiantes y profesores de la Universidad de Wageningen en Amsterdam y record\u00f3 el papel de los pueblos ind\u00edgenas en la preservaci\u00f3n del medio ambiente y en el mantenimiento de la cultura y las antiguas tradiciones de los pueblos ind\u00edgenas.<\/p>\n<p><iframe loading=\"lazy\" src=\"https:\/\/www.youtube.com\/embed\/YpKp-Fe28Uw\" width=\"720\" height=\"405\" frameborder=\"0\" allowfullscreen=\"allowfullscreen\" data-mce-fragment=\"1\">&lt;span data-mce-type=\u00bbbookmark\u00bb style=\u00bbdisplay: inline-block; width: 0px; overflow: hidden; line-height: 0;\u00bb class=\u00bbmce_SELRES_start\u00bb&gt;\ufeff&lt;\/span&gt;<\/iframe><\/p>\n<p>Estas fueron sus palabras frente a los holandeses:<\/p>\n<p>\u00abSoy Erisvan Guajajara, soy periodista, soy uno de los fundadores de la red de comunicaci\u00f3n que da voz a nuestros pueblos ind\u00edgenas, y se llama M\u00eddia India.<\/p>\n<p>Nosotros tenemos varios frentes de lucha y uno de los frentes que cuenta nuestra historia como realmente debe ser contada, es a trav\u00e9s de las redes, porque los grandes medios de comunicaci\u00f3n no cuentan la historia como realmente debe ser contada, y a trav\u00e9s de las redes, de M\u00eddia India, mostramos nuestra verdadera realidad.<\/p>\n<p>Estamos aqu\u00ed, al otro lado del mundo, para decirles a ustedes que nuestras selvas, nuestras vidas, nuestras culturas, se est\u00e1n perdiendo. A cualquier precio, el agronegocio, el capitalismo salvaje est\u00e1n sesgando vidas ind\u00edgenas en Brasil, porque tenemos un gobierno que no acepta ni respeta nuestros modos de vida.<\/p>\n<p>Nos preguntan por qu\u00e9 elegimos Europa, por qu\u00e9 estamos aqu\u00ed: porque en Europa est\u00e1n los principales pa\u00edses responsables por la violaci\u00f3n de derechos ind\u00edgenas en Brasil.<\/p>\n<p>Holanda es uno de los principales importadores de soja del Brasil. Esa soja es para alimentar sus animales. Esa soja trae toda una vida de cultura y de resistencia de 519 a\u00f1os de lucha. La carne que llega a sus mesas, es regada con sangre ind\u00edgena. Ella trae la lucha de personas para proteger el territorio\u2026<\/p>\n<p>Estoy aqu\u00ed junto a las lideranzas, como joven, para mostrar que los j\u00f3venes ind\u00edgenas no somos s\u00f3lo el futuro. Somos el hoy, el ahora, y necesitamos unir fuerzas, darnos la mano y luchar juntos en defensa del planeta.<\/p>\n<p>\u00bfC\u00f3mo puede Holanda ayudar a los ind\u00edgenas de Brasil? Necesitamos apoyo en las calles \u2013tambi\u00e9n de ustedes que est\u00e1n aqu\u00ed\u2013 \u00a0y que presionen a los parlamentarios para que dejen de respaldar acuerdos y productos que vienen de Brasil, porque ellos traen vidas e historias ind\u00edgenas.<\/p>\n<p>Los pueblos ind\u00edgenas estamos luchando hace 519 a\u00f1os, defendiendo nuestros derechos. Ya hicimos muchas cosas. Solos ya conseguimos muchos derechos, pero con ustedes conseguiremos llegar m\u00e1s lejos. As\u00ed estaremos salvando vidas ind\u00edgenas en Brasil, salvando a la humanidad y salvando el planeta. Muchas gracias.\u00bb<\/p>\n","protected":false},"excerpt":{"rendered":"<p>Transcripci\u00f3n\/traducci\u00f3n de Pressenza Erisvan Guajajara (@itaynwa), ind\u00edgena brasilero e integrante de M\u00eddia India (@midiaindia-official) particip\u00f3 (30\/10) en el debate con estudiantes y profesores de la Universidad de Wageningen en Amsterdam y record\u00f3 el papel de los pueblos ind\u00edgenas en la&hellip;<\/p>\n","protected":false},"author":1225,"featured_media":960075,"comment_status":"closed","ping_status":"closed","sticky":false,"template":"","format":"standard","meta":{"footnotes":""},"categories":[66,80,67],"tags":[2749,66405,2886,54082,22210,18507],"class_list":["post-960078","post","type-post","status-publish","format-standard","has-post-thumbnail","hentry","category-europa-es","category-pueblos-originarios","category-sudamerica","tag-brasil-es","tag-guajarara-es","tag-holanda","tag-indigenas-es","tag-pueblos-originarios","tag-territorios"],"yoast_head":"<!-- This site is optimized with the Yoast SEO plugin v27.1.1 - https:\/\/yoast.com\/product\/yoast-seo-wordpress\/ -->\n<title>&quot;Los j\u00f3venes ind\u00edgenas no somos s\u00f3lo el futuro. Somos el hoy, el ahora&quot;<\/title>\n<meta name=\"description\" content=\"Transcripci\u00f3n\/traducci\u00f3n de Pressenza Erisvan Guajajara (@itaynwa), ind\u00edgena brasilero e integrante de M\u00eddia India (@midiaindia-official) particip\u00f3\" \/>\n<meta name=\"robots\" content=\"index, follow, max-snippet:-1, max-image-preview:large, max-video-preview:-1\" \/>\n<link rel=\"canonical\" href=\"https:\/\/www.pressenza.com\/es\/2019\/11\/los-jovenes-indigenas-no-somos-solo-el-futuro-somos-el-hoy-el-ahora\/\" \/>\n<meta property=\"og:locale\" content=\"es_ES\" \/>\n<meta property=\"og:type\" content=\"article\" \/>\n<meta property=\"og:title\" content=\"&quot;Los j\u00f3venes ind\u00edgenas no somos s\u00f3lo el futuro. Somos el hoy, el ahora&quot;\" \/>\n<meta property=\"og:description\" content=\"Transcripci\u00f3n\/traducci\u00f3n de Pressenza Erisvan Guajajara (@itaynwa), ind\u00edgena brasilero e integrante de M\u00eddia India (@midiaindia-official) particip\u00f3\" \/>\n<meta property=\"og:url\" content=\"https:\/\/www.pressenza.com\/es\/2019\/11\/los-jovenes-indigenas-no-somos-solo-el-futuro-somos-el-hoy-el-ahora\/\" \/>\n<meta property=\"og:site_name\" content=\"Pressenza\" \/>\n<meta property=\"article:publisher\" content=\"https:\/\/www.facebook.com\/PressenzaItalia\" \/>\n<meta property=\"article:author\" content=\"https:\/\/www.facebook.com\/MidiaNINJA\/\" \/>\n<meta property=\"article:published_time\" content=\"2019-11-01T15:30:35+00:00\" \/>\n<meta property=\"article:modified_time\" content=\"2019-11-08T18:25:40+00:00\" \/>\n<meta property=\"og:image\" content=\"https:\/\/www.pressenza.com\/wp-content\/uploads\/2019\/11\/Erisvan-Guajajara-@itaynwa.jpg\" \/>\n\t<meta property=\"og:image:width\" content=\"855\" \/>\n\t<meta property=\"og:image:height\" content=\"571\" \/>\n\t<meta property=\"og:image:type\" content=\"image\/jpeg\" \/>\n<meta name=\"author\" content=\"M\u00eddia NINJA\" \/>\n<meta name=\"twitter:card\" content=\"summary_large_image\" \/>\n<meta name=\"twitter:creator\" content=\"@PressenzaIPA\" \/>\n<meta name=\"twitter:site\" content=\"@PressenzaIPA\" \/>\n<meta name=\"twitter:label1\" content=\"Escrito por\" \/>\n\t<meta name=\"twitter:data1\" content=\"M\u00eddia NINJA\" \/>\n\t<meta name=\"twitter:label2\" content=\"Tiempo de lectura\" \/>\n\t<meta name=\"twitter:data2\" content=\"2 minutos\" \/>\n<script type=\"application\/ld+json\" class=\"yoast-schema-graph\">{\"@context\":\"https:\/\/schema.org\",\"@graph\":[{\"@type\":\"Article\",\"@id\":\"https:\/\/www.pressenza.com\/es\/2019\/11\/los-jovenes-indigenas-no-somos-solo-el-futuro-somos-el-hoy-el-ahora\/#article\",\"isPartOf\":{\"@id\":\"https:\/\/www.pressenza.com\/es\/2019\/11\/los-jovenes-indigenas-no-somos-solo-el-futuro-somos-el-hoy-el-ahora\/\"},\"author\":{\"name\":\"M\u00eddia NINJA\",\"@id\":\"https:\/\/www.pressenza.com\/es\/#\/schema\/person\/61b235dea98d4f5f651cc1bd138a88bf\"},\"headline\":\"\u00abLos j\u00f3venes ind\u00edgenas no somos s\u00f3lo el futuro. Somos el hoy, el ahora\u00bb\",\"datePublished\":\"2019-11-01T15:30:35+00:00\",\"dateModified\":\"2019-11-08T18:25:40+00:00\",\"mainEntityOfPage\":{\"@id\":\"https:\/\/www.pressenza.com\/es\/2019\/11\/los-jovenes-indigenas-no-somos-solo-el-futuro-somos-el-hoy-el-ahora\/\"},\"wordCount\":474,\"publisher\":{\"@id\":\"https:\/\/www.pressenza.com\/es\/#organization\"},\"image\":{\"@id\":\"https:\/\/www.pressenza.com\/es\/2019\/11\/los-jovenes-indigenas-no-somos-solo-el-futuro-somos-el-hoy-el-ahora\/#primaryimage\"},\"thumbnailUrl\":\"https:\/\/www.pressenza.com\/wp-content\/uploads\/2019\/11\/Erisvan-Guajajara-@itaynwa.jpg\",\"keywords\":[\"Brasil\",\"Guajarara\",\"Holanda\",\"indigenas\",\"Pueblos Originarios\",\"territorios\"],\"articleSection\":[\"Europa\",\"Pueblos Originarios\",\"Sudam\u00e9rica\"],\"inLanguage\":\"es\"},{\"@type\":\"WebPage\",\"@id\":\"https:\/\/www.pressenza.com\/es\/2019\/11\/los-jovenes-indigenas-no-somos-solo-el-futuro-somos-el-hoy-el-ahora\/\",\"url\":\"https:\/\/www.pressenza.com\/es\/2019\/11\/los-jovenes-indigenas-no-somos-solo-el-futuro-somos-el-hoy-el-ahora\/\",\"name\":\"\\\"Los j\u00f3venes ind\u00edgenas no somos s\u00f3lo el futuro. Somos el hoy, el ahora\\\"\",\"isPartOf\":{\"@id\":\"https:\/\/www.pressenza.com\/es\/#website\"},\"primaryImageOfPage\":{\"@id\":\"https:\/\/www.pressenza.com\/es\/2019\/11\/los-jovenes-indigenas-no-somos-solo-el-futuro-somos-el-hoy-el-ahora\/#primaryimage\"},\"image\":{\"@id\":\"https:\/\/www.pressenza.com\/es\/2019\/11\/los-jovenes-indigenas-no-somos-solo-el-futuro-somos-el-hoy-el-ahora\/#primaryimage\"},\"thumbnailUrl\":\"https:\/\/www.pressenza.com\/wp-content\/uploads\/2019\/11\/Erisvan-Guajajara-@itaynwa.jpg\",\"datePublished\":\"2019-11-01T15:30:35+00:00\",\"dateModified\":\"2019-11-08T18:25:40+00:00\",\"description\":\"Transcripci\u00f3n\/traducci\u00f3n de Pressenza Erisvan Guajajara (@itaynwa), ind\u00edgena brasilero e integrante de M\u00eddia India (@midiaindia-official) particip\u00f3\",\"breadcrumb\":{\"@id\":\"https:\/\/www.pressenza.com\/es\/2019\/11\/los-jovenes-indigenas-no-somos-solo-el-futuro-somos-el-hoy-el-ahora\/#breadcrumb\"},\"inLanguage\":\"es\",\"potentialAction\":[{\"@type\":\"ReadAction\",\"target\":[\"https:\/\/www.pressenza.com\/es\/2019\/11\/los-jovenes-indigenas-no-somos-solo-el-futuro-somos-el-hoy-el-ahora\/\"]}]},{\"@type\":\"ImageObject\",\"inLanguage\":\"es\",\"@id\":\"https:\/\/www.pressenza.com\/es\/2019\/11\/los-jovenes-indigenas-no-somos-solo-el-futuro-somos-el-hoy-el-ahora\/#primaryimage\",\"url\":\"https:\/\/www.pressenza.com\/wp-content\/uploads\/2019\/11\/Erisvan-Guajajara-@itaynwa.jpg\",\"contentUrl\":\"https:\/\/www.pressenza.com\/wp-content\/uploads\/2019\/11\/Erisvan-Guajajara-@itaynwa.jpg\",\"width\":855,\"height\":571},{\"@type\":\"BreadcrumbList\",\"@id\":\"https:\/\/www.pressenza.com\/es\/2019\/11\/los-jovenes-indigenas-no-somos-solo-el-futuro-somos-el-hoy-el-ahora\/#breadcrumb\",\"itemListElement\":[{\"@type\":\"ListItem\",\"position\":1,\"name\":\"Accueil\",\"item\":\"https:\/\/www.pressenza.com\/es\/\"},{\"@type\":\"ListItem\",\"position\":2,\"name\":\"\u00abLos j\u00f3venes ind\u00edgenas no somos s\u00f3lo el futuro. Somos el hoy, el ahora\u00bb\"}]},{\"@type\":\"WebSite\",\"@id\":\"https:\/\/www.pressenza.com\/es\/#website\",\"url\":\"https:\/\/www.pressenza.com\/es\/\",\"name\":\"Pressenza\",\"description\":\"International Press Agency\",\"publisher\":{\"@id\":\"https:\/\/www.pressenza.com\/es\/#organization\"},\"potentialAction\":[{\"@type\":\"SearchAction\",\"target\":{\"@type\":\"EntryPoint\",\"urlTemplate\":\"https:\/\/www.pressenza.com\/es\/?s={search_term_string}\"},\"query-input\":{\"@type\":\"PropertyValueSpecification\",\"valueRequired\":true,\"valueName\":\"search_term_string\"}}],\"inLanguage\":\"es\"},{\"@type\":\"Organization\",\"@id\":\"https:\/\/www.pressenza.com\/es\/#organization\",\"name\":\"Pressenza\",\"url\":\"https:\/\/www.pressenza.com\/es\/\",\"logo\":{\"@type\":\"ImageObject\",\"inLanguage\":\"es\",\"@id\":\"https:\/\/www.pressenza.com\/es\/#\/schema\/logo\/image\/\",\"url\":\"https:\/\/www.pressenza.com\/wp-content\/uploads\/2022\/10\/pressenza_logo_200x200.jpg\",\"contentUrl\":\"https:\/\/www.pressenza.com\/wp-content\/uploads\/2022\/10\/pressenza_logo_200x200.jpg\",\"width\":200,\"height\":200,\"caption\":\"Pressenza\"},\"image\":{\"@id\":\"https:\/\/www.pressenza.com\/es\/#\/schema\/logo\/image\/\"},\"sameAs\":[\"https:\/\/www.facebook.com\/PressenzaItalia\",\"https:\/\/x.com\/PressenzaIPA\"]},{\"@type\":\"Person\",\"@id\":\"https:\/\/www.pressenza.com\/es\/#\/schema\/person\/61b235dea98d4f5f651cc1bd138a88bf\",\"name\":\"M\u00eddia NINJA\",\"description\":\"Narrativas independentes, jornalismo e a\u00e7\u00e3o. Uma rede de comunicadores que produzem e distribuem informa\u00e7\u00f5es sobre o movimento, atuando e comunicando. https:\/\/midianinja.org\/\",\"sameAs\":[\"https:\/\/midianinja.org\/\",\"https:\/\/www.facebook.com\/MidiaNINJA\/\"],\"url\":\"https:\/\/www.pressenza.com\/es\/author\/media-ninja\/\"}]}<\/script>\n<!-- \/ Yoast SEO plugin. -->","yoast_head_json":{"title":"\"Los j\u00f3venes ind\u00edgenas no somos s\u00f3lo el futuro. Somos el hoy, el ahora\"","description":"Transcripci\u00f3n\/traducci\u00f3n de Pressenza Erisvan Guajajara (@itaynwa), ind\u00edgena brasilero e integrante de M\u00eddia India (@midiaindia-official) particip\u00f3","robots":{"index":"index","follow":"follow","max-snippet":"max-snippet:-1","max-image-preview":"max-image-preview:large","max-video-preview":"max-video-preview:-1"},"canonical":"https:\/\/www.pressenza.com\/es\/2019\/11\/los-jovenes-indigenas-no-somos-solo-el-futuro-somos-el-hoy-el-ahora\/","og_locale":"es_ES","og_type":"article","og_title":"\"Los j\u00f3venes ind\u00edgenas no somos s\u00f3lo el futuro. Somos el hoy, el ahora\"","og_description":"Transcripci\u00f3n\/traducci\u00f3n de Pressenza Erisvan Guajajara (@itaynwa), ind\u00edgena brasilero e integrante de M\u00eddia India (@midiaindia-official) particip\u00f3","og_url":"https:\/\/www.pressenza.com\/es\/2019\/11\/los-jovenes-indigenas-no-somos-solo-el-futuro-somos-el-hoy-el-ahora\/","og_site_name":"Pressenza","article_publisher":"https:\/\/www.facebook.com\/PressenzaItalia","article_author":"https:\/\/www.facebook.com\/MidiaNINJA\/","article_published_time":"2019-11-01T15:30:35+00:00","article_modified_time":"2019-11-08T18:25:40+00:00","og_image":[{"width":855,"height":571,"url":"https:\/\/www.pressenza.com\/wp-content\/uploads\/2019\/11\/Erisvan-Guajajara-@itaynwa.jpg","type":"image\/jpeg"}],"author":"M\u00eddia NINJA","twitter_card":"summary_large_image","twitter_creator":"@PressenzaIPA","twitter_site":"@PressenzaIPA","twitter_misc":{"Escrito por":"M\u00eddia NINJA","Tiempo de lectura":"2 minutos"},"schema":{"@context":"https:\/\/schema.org","@graph":[{"@type":"Article","@id":"https:\/\/www.pressenza.com\/es\/2019\/11\/los-jovenes-indigenas-no-somos-solo-el-futuro-somos-el-hoy-el-ahora\/#article","isPartOf":{"@id":"https:\/\/www.pressenza.com\/es\/2019\/11\/los-jovenes-indigenas-no-somos-solo-el-futuro-somos-el-hoy-el-ahora\/"},"author":{"name":"M\u00eddia NINJA","@id":"https:\/\/www.pressenza.com\/es\/#\/schema\/person\/61b235dea98d4f5f651cc1bd138a88bf"},"headline":"\u00abLos j\u00f3venes ind\u00edgenas no somos s\u00f3lo el futuro. Somos el hoy, el ahora\u00bb","datePublished":"2019-11-01T15:30:35+00:00","dateModified":"2019-11-08T18:25:40+00:00","mainEntityOfPage":{"@id":"https:\/\/www.pressenza.com\/es\/2019\/11\/los-jovenes-indigenas-no-somos-solo-el-futuro-somos-el-hoy-el-ahora\/"},"wordCount":474,"publisher":{"@id":"https:\/\/www.pressenza.com\/es\/#organization"},"image":{"@id":"https:\/\/www.pressenza.com\/es\/2019\/11\/los-jovenes-indigenas-no-somos-solo-el-futuro-somos-el-hoy-el-ahora\/#primaryimage"},"thumbnailUrl":"https:\/\/www.pressenza.com\/wp-content\/uploads\/2019\/11\/Erisvan-Guajajara-@itaynwa.jpg","keywords":["Brasil","Guajarara","Holanda","indigenas","Pueblos Originarios","territorios"],"articleSection":["Europa","Pueblos Originarios","Sudam\u00e9rica"],"inLanguage":"es"},{"@type":"WebPage","@id":"https:\/\/www.pressenza.com\/es\/2019\/11\/los-jovenes-indigenas-no-somos-solo-el-futuro-somos-el-hoy-el-ahora\/","url":"https:\/\/www.pressenza.com\/es\/2019\/11\/los-jovenes-indigenas-no-somos-solo-el-futuro-somos-el-hoy-el-ahora\/","name":"\"Los j\u00f3venes ind\u00edgenas no somos s\u00f3lo el futuro. Somos el hoy, el ahora\"","isPartOf":{"@id":"https:\/\/www.pressenza.com\/es\/#website"},"primaryImageOfPage":{"@id":"https:\/\/www.pressenza.com\/es\/2019\/11\/los-jovenes-indigenas-no-somos-solo-el-futuro-somos-el-hoy-el-ahora\/#primaryimage"},"image":{"@id":"https:\/\/www.pressenza.com\/es\/2019\/11\/los-jovenes-indigenas-no-somos-solo-el-futuro-somos-el-hoy-el-ahora\/#primaryimage"},"thumbnailUrl":"https:\/\/www.pressenza.com\/wp-content\/uploads\/2019\/11\/Erisvan-Guajajara-@itaynwa.jpg","datePublished":"2019-11-01T15:30:35+00:00","dateModified":"2019-11-08T18:25:40+00:00","description":"Transcripci\u00f3n\/traducci\u00f3n de Pressenza Erisvan Guajajara (@itaynwa), ind\u00edgena brasilero e integrante de M\u00eddia India (@midiaindia-official) particip\u00f3","breadcrumb":{"@id":"https:\/\/www.pressenza.com\/es\/2019\/11\/los-jovenes-indigenas-no-somos-solo-el-futuro-somos-el-hoy-el-ahora\/#breadcrumb"},"inLanguage":"es","potentialAction":[{"@type":"ReadAction","target":["https:\/\/www.pressenza.com\/es\/2019\/11\/los-jovenes-indigenas-no-somos-solo-el-futuro-somos-el-hoy-el-ahora\/"]}]},{"@type":"ImageObject","inLanguage":"es","@id":"https:\/\/www.pressenza.com\/es\/2019\/11\/los-jovenes-indigenas-no-somos-solo-el-futuro-somos-el-hoy-el-ahora\/#primaryimage","url":"https:\/\/www.pressenza.com\/wp-content\/uploads\/2019\/11\/Erisvan-Guajajara-@itaynwa.jpg","contentUrl":"https:\/\/www.pressenza.com\/wp-content\/uploads\/2019\/11\/Erisvan-Guajajara-@itaynwa.jpg","width":855,"height":571},{"@type":"BreadcrumbList","@id":"https:\/\/www.pressenza.com\/es\/2019\/11\/los-jovenes-indigenas-no-somos-solo-el-futuro-somos-el-hoy-el-ahora\/#breadcrumb","itemListElement":[{"@type":"ListItem","position":1,"name":"Accueil","item":"https:\/\/www.pressenza.com\/es\/"},{"@type":"ListItem","position":2,"name":"\u00abLos j\u00f3venes ind\u00edgenas no somos s\u00f3lo el futuro. Somos el hoy, el ahora\u00bb"}]},{"@type":"WebSite","@id":"https:\/\/www.pressenza.com\/es\/#website","url":"https:\/\/www.pressenza.com\/es\/","name":"Pressenza","description":"International Press Agency","publisher":{"@id":"https:\/\/www.pressenza.com\/es\/#organization"},"potentialAction":[{"@type":"SearchAction","target":{"@type":"EntryPoint","urlTemplate":"https:\/\/www.pressenza.com\/es\/?s={search_term_string}"},"query-input":{"@type":"PropertyValueSpecification","valueRequired":true,"valueName":"search_term_string"}}],"inLanguage":"es"},{"@type":"Organization","@id":"https:\/\/www.pressenza.com\/es\/#organization","name":"Pressenza","url":"https:\/\/www.pressenza.com\/es\/","logo":{"@type":"ImageObject","inLanguage":"es","@id":"https:\/\/www.pressenza.com\/es\/#\/schema\/logo\/image\/","url":"https:\/\/www.pressenza.com\/wp-content\/uploads\/2022\/10\/pressenza_logo_200x200.jpg","contentUrl":"https:\/\/www.pressenza.com\/wp-content\/uploads\/2022\/10\/pressenza_logo_200x200.jpg","width":200,"height":200,"caption":"Pressenza"},"image":{"@id":"https:\/\/www.pressenza.com\/es\/#\/schema\/logo\/image\/"},"sameAs":["https:\/\/www.facebook.com\/PressenzaItalia","https:\/\/x.com\/PressenzaIPA"]},{"@type":"Person","@id":"https:\/\/www.pressenza.com\/es\/#\/schema\/person\/61b235dea98d4f5f651cc1bd138a88bf","name":"M\u00eddia NINJA","description":"Narrativas independentes, jornalismo e a\u00e7\u00e3o. Uma rede de comunicadores que produzem e distribuem informa\u00e7\u00f5es sobre o movimento, atuando e comunicando. https:\/\/midianinja.org\/","sameAs":["https:\/\/midianinja.org\/","https:\/\/www.facebook.com\/MidiaNINJA\/"],"url":"https:\/\/www.pressenza.com\/es\/author\/media-ninja\/"}]}},"place":"S\u00e3o Paulo, Brasil","original_article_url":"https:\/\/www.facebook.com\/watch\/?v=562401507898629","_links":{"self":[{"href":"https:\/\/www.pressenza.com\/es\/wp-json\/wp\/v2\/posts\/960078","targetHints":{"allow":["GET"]}}],"collection":[{"href":"https:\/\/www.pressenza.com\/es\/wp-json\/wp\/v2\/posts"}],"about":[{"href":"https:\/\/www.pressenza.com\/es\/wp-json\/wp\/v2\/types\/post"}],"author":[{"embeddable":true,"href":"https:\/\/www.pressenza.com\/es\/wp-json\/wp\/v2\/users\/1225"}],"replies":[{"embeddable":true,"href":"https:\/\/www.pressenza.com\/es\/wp-json\/wp\/v2\/comments?post=960078"}],"version-history":[{"count":0,"href":"https:\/\/www.pressenza.com\/es\/wp-json\/wp\/v2\/posts\/960078\/revisions"}],"wp:featuredmedia":[{"embeddable":true,"href":"https:\/\/www.pressenza.com\/es\/wp-json\/wp\/v2\/media\/960075"}],"wp:attachment":[{"href":"https:\/\/www.pressenza.com\/es\/wp-json\/wp\/v2\/media?parent=960078"}],"wp:term":[{"taxonomy":"category","embeddable":true,"href":"https:\/\/www.pressenza.com\/es\/wp-json\/wp\/v2\/categories?post=960078"},{"taxonomy":"post_tag","embeddable":true,"href":"https:\/\/www.pressenza.com\/es\/wp-json\/wp\/v2\/tags?post=960078"}],"curies":[{"name":"wp","href":"https:\/\/api.w.org\/{rel}","templated":true}]}}