{"id":960,"date":"2009-08-15T00:00:00","date_gmt":"2009-08-15T00:00:00","guid":{"rendered":""},"modified":"2009-09-28T05:01:03","modified_gmt":"2009-09-28T05:01:03","slug":"advierten-sobre-el-peligro-de-las-bases-militares-estadounidenses-en-latinoamxrica","status":"publish","type":"post","link":"https:\/\/www.pressenza.com\/es\/2009\/08\/advierten-sobre-el-peligro-de-las-bases-militares-estadounidenses-en-latinoamxrica\/","title":{"rendered":"Advierten sobre el peligro de las bases militares estadounidenses en Latinoam\u00e9rica"},"content":{"rendered":"<p>En el encuentro \u201c60 a\u00f1os en la lucha por la paz\u201d realizado el pasado viernes 14 de agosto en la sede de la Uni\u00f3n Cultural Armenia en Buenos Aires, el Movimiento por la Paz, la Soberan\u00eda y la Solidaridad entre los Pueblos (MOPASSOL) y el Consejo Mundial de la Paz buscaron concientizar sobre la peligrosidad de la instalaci\u00f3n de bases militares estadounidenses en territorio sudamericano.<\/p>\n<p>El vocero del Movimiento Humanista para Argentina, Guillermo Sullings, particip\u00f3 de un panel donde destac\u00f3 en su exposici\u00f3n el objetivo de la Marcha Mundial por la Paz y la No-Violencia. El portavoz argument\u00f3 que esta iniciativa busca crear conciencia frente a la peligrosa situaci\u00f3n mundial marcada por la elevada probabilidad de conflicto nuclear, por el armamentismo y por la violenta ocupaci\u00f3n militar de territorios.<\/p>\n<p>Tambi\u00e9n Sullings se\u00f1al\u00f3 la contradicci\u00f3n que significa que los miembros del Consejo de Seguridad de la ONU, responsables de velar por la paz mundial, sean \u00ablos mayores fabricantes de armas del mundo\u00bb. <\/p>\n<p>El evento fue convocado bajo las consignas: \u201cpor la solidaridad con Honduras, contra las bases militares imperialistas en Malvinas, Colombia, Centroam\u00e9rica y en todo el mundo\u201d. Durante el evento se realiz\u00f3 la inauguraci\u00f3n del mural \u201c60 a\u00f1os de lucha por la paz\u201d, la proyecci\u00f3n del documental \u201cla OTAN, la IV flota de EE.UU. y las Islas Malvinas\u201d, la presentaci\u00f3n de la Marcha Mundial por La Paz y la No Violencia, entre otras actividades. Adem\u00e1s se expusieron stands con tem\u00e1ticas tales como \u201cPaz para Colombia\u201d, \u201cSolidaridad con el pueblo palestino\u201d \u201cMalvinas: descolonizaci\u00f3n, paz y soberan\u00eda\u201d y \u201cMarcha Mundial por La Paz y la no-violencia<\/p>\n","protected":false},"excerpt":{"rendered":"<p>En una jornada organizada por el MOPASSOL en Buenos Aires se realizaron numerosas actividades para informar sobre la iniciativa de EE.UU. de posicionar sus fuerzas armadas en Colombia. En el evento el economista humanista Guillermo Sullings habl\u00f3 de la Marcha Mundial por la Paz y la No-Violencia y de sus propuestas de desarme y de poner fin a los conflictos b\u00e9licos.<\/p>\n","protected":false},"author":19,"featured_media":0,"comment_status":"closed","ping_status":"open","sticky":false,"template":"","format":"standard","meta":{"footnotes":""},"categories":[74,67],"tags":[],"class_list":["post-960","post","type-post","status-publish","format-standard","hentry","category-politica-es","category-sudamerica"],"yoast_head":"<!-- This site is optimized with the Yoast SEO plugin v27.1.1 - https:\/\/yoast.com\/product\/yoast-seo-wordpress\/ -->\n<title>Advierten sobre el peligro de las bases militares estadounidenses en Latinoam\u00e9rica<\/title>\n<meta name=\"description\" content=\"En una jornada organizada por el MOPASSOL en Buenos Aires se realizaron numerosas actividades para informar sobre la iniciativa de EE.UU. de posicionar sus fuerzas armadas en Colombia. En el evento el economista humanista Guillermo Sullings habl\u00f3 de la Marcha Mundial por la Paz y la No-Violencia y de sus propuestas de desarme y de poner fin a los conflictos b\u00e9licos.\" \/>\n<meta name=\"robots\" content=\"index, follow, max-snippet:-1, max-image-preview:large, max-video-preview:-1\" \/>\n<link rel=\"canonical\" href=\"https:\/\/www.pressenza.com\/es\/2009\/08\/advierten-sobre-el-peligro-de-las-bases-militares-estadounidenses-en-latinoamxrica\/\" \/>\n<meta property=\"og:locale\" content=\"es_ES\" \/>\n<meta property=\"og:type\" content=\"article\" \/>\n<meta property=\"og:title\" content=\"Advierten sobre el peligro de las bases militares estadounidenses en Latinoam\u00e9rica\" \/>\n<meta property=\"og:description\" content=\"En una jornada organizada por el MOPASSOL en Buenos Aires se realizaron numerosas actividades para informar sobre la iniciativa de EE.UU. de posicionar sus fuerzas armadas en Colombia. En el evento el economista humanista Guillermo Sullings habl\u00f3 de la Marcha Mundial por la Paz y la No-Violencia y de sus propuestas de desarme y de poner fin a los conflictos b\u00e9licos.\" \/>\n<meta property=\"og:url\" content=\"https:\/\/www.pressenza.com\/es\/2009\/08\/advierten-sobre-el-peligro-de-las-bases-militares-estadounidenses-en-latinoamxrica\/\" \/>\n<meta property=\"og:site_name\" content=\"Pressenza\" \/>\n<meta property=\"article:publisher\" content=\"https:\/\/www.facebook.com\/PressenzaItalia\" \/>\n<meta property=\"article:author\" content=\"https:\/\/www.facebook.com\/pressenza\" \/>\n<meta property=\"article:published_time\" content=\"2009-08-15T00:00:00+00:00\" \/>\n<meta property=\"article:modified_time\" content=\"2009-09-28T05:01:03+00:00\" \/>\n<meta name=\"author\" content=\"Pressenza IPA\" \/>\n<meta name=\"twitter:card\" content=\"summary_large_image\" \/>\n<meta name=\"twitter:creator\" content=\"@PressenzaIPA\" \/>\n<meta name=\"twitter:site\" content=\"@PressenzaIPA\" \/>\n<meta name=\"twitter:label1\" content=\"Escrito por\" \/>\n\t<meta name=\"twitter:data1\" content=\"Pressenza IPA\" \/>\n\t<meta name=\"twitter:label2\" content=\"Tiempo de lectura\" \/>\n\t<meta name=\"twitter:data2\" content=\"1 minuto\" \/>\n<script type=\"application\/ld+json\" class=\"yoast-schema-graph\">{\"@context\":\"https:\/\/schema.org\",\"@graph\":[{\"@type\":\"Article\",\"@id\":\"https:\/\/www.pressenza.com\/es\/2009\/08\/advierten-sobre-el-peligro-de-las-bases-militares-estadounidenses-en-latinoamxrica\/#article\",\"isPartOf\":{\"@id\":\"https:\/\/www.pressenza.com\/es\/2009\/08\/advierten-sobre-el-peligro-de-las-bases-militares-estadounidenses-en-latinoamxrica\/\"},\"author\":{\"name\":\"Pressenza IPA\",\"@id\":\"https:\/\/www.pressenza.com\/es\/#\/schema\/person\/010e5d02bcf40965427a1289a4cc8d75\"},\"headline\":\"Advierten sobre el peligro de las bases militares estadounidenses en Latinoam\u00e9rica\",\"datePublished\":\"2009-08-15T00:00:00+00:00\",\"dateModified\":\"2009-09-28T05:01:03+00:00\",\"mainEntityOfPage\":{\"@id\":\"https:\/\/www.pressenza.com\/es\/2009\/08\/advierten-sobre-el-peligro-de-las-bases-militares-estadounidenses-en-latinoamxrica\/\"},\"wordCount\":293,\"publisher\":{\"@id\":\"https:\/\/www.pressenza.com\/es\/#organization\"},\"articleSection\":[\"Pol\u00edtica\",\"Sudam\u00e9rica\"],\"inLanguage\":\"es\"},{\"@type\":\"WebPage\",\"@id\":\"https:\/\/www.pressenza.com\/es\/2009\/08\/advierten-sobre-el-peligro-de-las-bases-militares-estadounidenses-en-latinoamxrica\/\",\"url\":\"https:\/\/www.pressenza.com\/es\/2009\/08\/advierten-sobre-el-peligro-de-las-bases-militares-estadounidenses-en-latinoamxrica\/\",\"name\":\"Advierten sobre el peligro de las bases militares estadounidenses en Latinoam\u00e9rica\",\"isPartOf\":{\"@id\":\"https:\/\/www.pressenza.com\/es\/#website\"},\"datePublished\":\"2009-08-15T00:00:00+00:00\",\"dateModified\":\"2009-09-28T05:01:03+00:00\",\"description\":\"En una jornada organizada por el MOPASSOL en Buenos Aires se realizaron numerosas actividades para informar sobre la iniciativa de EE.UU. de posicionar sus fuerzas armadas en Colombia. En el evento el economista humanista Guillermo Sullings habl\u00f3 de la Marcha Mundial por la Paz y la No-Violencia y de sus propuestas de desarme y de poner fin a los conflictos b\u00e9licos.\",\"breadcrumb\":{\"@id\":\"https:\/\/www.pressenza.com\/es\/2009\/08\/advierten-sobre-el-peligro-de-las-bases-militares-estadounidenses-en-latinoamxrica\/#breadcrumb\"},\"inLanguage\":\"es\",\"potentialAction\":[{\"@type\":\"ReadAction\",\"target\":[\"https:\/\/www.pressenza.com\/es\/2009\/08\/advierten-sobre-el-peligro-de-las-bases-militares-estadounidenses-en-latinoamxrica\/\"]}]},{\"@type\":\"BreadcrumbList\",\"@id\":\"https:\/\/www.pressenza.com\/es\/2009\/08\/advierten-sobre-el-peligro-de-las-bases-militares-estadounidenses-en-latinoamxrica\/#breadcrumb\",\"itemListElement\":[{\"@type\":\"ListItem\",\"position\":1,\"name\":\"Accueil\",\"item\":\"https:\/\/www.pressenza.com\/es\/\"},{\"@type\":\"ListItem\",\"position\":2,\"name\":\"Advierten sobre el peligro de las bases militares estadounidenses en Latinoam\u00e9rica\"}]},{\"@type\":\"WebSite\",\"@id\":\"https:\/\/www.pressenza.com\/es\/#website\",\"url\":\"https:\/\/www.pressenza.com\/es\/\",\"name\":\"Pressenza\",\"description\":\"International Press Agency\",\"publisher\":{\"@id\":\"https:\/\/www.pressenza.com\/es\/#organization\"},\"potentialAction\":[{\"@type\":\"SearchAction\",\"target\":{\"@type\":\"EntryPoint\",\"urlTemplate\":\"https:\/\/www.pressenza.com\/es\/?s={search_term_string}\"},\"query-input\":{\"@type\":\"PropertyValueSpecification\",\"valueRequired\":true,\"valueName\":\"search_term_string\"}}],\"inLanguage\":\"es\"},{\"@type\":\"Organization\",\"@id\":\"https:\/\/www.pressenza.com\/es\/#organization\",\"name\":\"Pressenza\",\"url\":\"https:\/\/www.pressenza.com\/es\/\",\"logo\":{\"@type\":\"ImageObject\",\"inLanguage\":\"es\",\"@id\":\"https:\/\/www.pressenza.com\/es\/#\/schema\/logo\/image\/\",\"url\":\"https:\/\/www.pressenza.com\/wp-content\/uploads\/2022\/10\/pressenza_logo_200x200.jpg\",\"contentUrl\":\"https:\/\/www.pressenza.com\/wp-content\/uploads\/2022\/10\/pressenza_logo_200x200.jpg\",\"width\":200,\"height\":200,\"caption\":\"Pressenza\"},\"image\":{\"@id\":\"https:\/\/www.pressenza.com\/es\/#\/schema\/logo\/image\/\"},\"sameAs\":[\"https:\/\/www.facebook.com\/PressenzaItalia\",\"https:\/\/x.com\/PressenzaIPA\"]},{\"@type\":\"Person\",\"@id\":\"https:\/\/www.pressenza.com\/es\/#\/schema\/person\/010e5d02bcf40965427a1289a4cc8d75\",\"name\":\"Pressenza IPA\",\"description\":\"News from Pressenza IPA correspondents\",\"sameAs\":[\"https:\/\/www.facebook.com\/pressenza\",\"https:\/\/x.com\/PressenzaIPA\"],\"url\":\"https:\/\/www.pressenza.com\/es\/author\/pressenza-ipa\/\"}]}<\/script>\n<!-- \/ Yoast SEO plugin. -->","yoast_head_json":{"title":"Advierten sobre el peligro de las bases militares estadounidenses en Latinoam\u00e9rica","description":"En una jornada organizada por el MOPASSOL en Buenos Aires se realizaron numerosas actividades para informar sobre la iniciativa de EE.UU. de posicionar sus fuerzas armadas en Colombia. En el evento el economista humanista Guillermo Sullings habl\u00f3 de la Marcha Mundial por la Paz y la No-Violencia y de sus propuestas de desarme y de poner fin a los conflictos b\u00e9licos.","robots":{"index":"index","follow":"follow","max-snippet":"max-snippet:-1","max-image-preview":"max-image-preview:large","max-video-preview":"max-video-preview:-1"},"canonical":"https:\/\/www.pressenza.com\/es\/2009\/08\/advierten-sobre-el-peligro-de-las-bases-militares-estadounidenses-en-latinoamxrica\/","og_locale":"es_ES","og_type":"article","og_title":"Advierten sobre el peligro de las bases militares estadounidenses en Latinoam\u00e9rica","og_description":"En una jornada organizada por el MOPASSOL en Buenos Aires se realizaron numerosas actividades para informar sobre la iniciativa de EE.UU. de posicionar sus fuerzas armadas en Colombia. En el evento el economista humanista Guillermo Sullings habl\u00f3 de la Marcha Mundial por la Paz y la No-Violencia y de sus propuestas de desarme y de poner fin a los conflictos b\u00e9licos.","og_url":"https:\/\/www.pressenza.com\/es\/2009\/08\/advierten-sobre-el-peligro-de-las-bases-militares-estadounidenses-en-latinoamxrica\/","og_site_name":"Pressenza","article_publisher":"https:\/\/www.facebook.com\/PressenzaItalia","article_author":"https:\/\/www.facebook.com\/pressenza","article_published_time":"2009-08-15T00:00:00+00:00","article_modified_time":"2009-09-28T05:01:03+00:00","author":"Pressenza IPA","twitter_card":"summary_large_image","twitter_creator":"@PressenzaIPA","twitter_site":"@PressenzaIPA","twitter_misc":{"Escrito por":"Pressenza IPA","Tiempo de lectura":"1 minuto"},"schema":{"@context":"https:\/\/schema.org","@graph":[{"@type":"Article","@id":"https:\/\/www.pressenza.com\/es\/2009\/08\/advierten-sobre-el-peligro-de-las-bases-militares-estadounidenses-en-latinoamxrica\/#article","isPartOf":{"@id":"https:\/\/www.pressenza.com\/es\/2009\/08\/advierten-sobre-el-peligro-de-las-bases-militares-estadounidenses-en-latinoamxrica\/"},"author":{"name":"Pressenza IPA","@id":"https:\/\/www.pressenza.com\/es\/#\/schema\/person\/010e5d02bcf40965427a1289a4cc8d75"},"headline":"Advierten sobre el peligro de las bases militares estadounidenses en Latinoam\u00e9rica","datePublished":"2009-08-15T00:00:00+00:00","dateModified":"2009-09-28T05:01:03+00:00","mainEntityOfPage":{"@id":"https:\/\/www.pressenza.com\/es\/2009\/08\/advierten-sobre-el-peligro-de-las-bases-militares-estadounidenses-en-latinoamxrica\/"},"wordCount":293,"publisher":{"@id":"https:\/\/www.pressenza.com\/es\/#organization"},"articleSection":["Pol\u00edtica","Sudam\u00e9rica"],"inLanguage":"es"},{"@type":"WebPage","@id":"https:\/\/www.pressenza.com\/es\/2009\/08\/advierten-sobre-el-peligro-de-las-bases-militares-estadounidenses-en-latinoamxrica\/","url":"https:\/\/www.pressenza.com\/es\/2009\/08\/advierten-sobre-el-peligro-de-las-bases-militares-estadounidenses-en-latinoamxrica\/","name":"Advierten sobre el peligro de las bases militares estadounidenses en Latinoam\u00e9rica","isPartOf":{"@id":"https:\/\/www.pressenza.com\/es\/#website"},"datePublished":"2009-08-15T00:00:00+00:00","dateModified":"2009-09-28T05:01:03+00:00","description":"En una jornada organizada por el MOPASSOL en Buenos Aires se realizaron numerosas actividades para informar sobre la iniciativa de EE.UU. de posicionar sus fuerzas armadas en Colombia. En el evento el economista humanista Guillermo Sullings habl\u00f3 de la Marcha Mundial por la Paz y la No-Violencia y de sus propuestas de desarme y de poner fin a los conflictos b\u00e9licos.","breadcrumb":{"@id":"https:\/\/www.pressenza.com\/es\/2009\/08\/advierten-sobre-el-peligro-de-las-bases-militares-estadounidenses-en-latinoamxrica\/#breadcrumb"},"inLanguage":"es","potentialAction":[{"@type":"ReadAction","target":["https:\/\/www.pressenza.com\/es\/2009\/08\/advierten-sobre-el-peligro-de-las-bases-militares-estadounidenses-en-latinoamxrica\/"]}]},{"@type":"BreadcrumbList","@id":"https:\/\/www.pressenza.com\/es\/2009\/08\/advierten-sobre-el-peligro-de-las-bases-militares-estadounidenses-en-latinoamxrica\/#breadcrumb","itemListElement":[{"@type":"ListItem","position":1,"name":"Accueil","item":"https:\/\/www.pressenza.com\/es\/"},{"@type":"ListItem","position":2,"name":"Advierten sobre el peligro de las bases militares estadounidenses en Latinoam\u00e9rica"}]},{"@type":"WebSite","@id":"https:\/\/www.pressenza.com\/es\/#website","url":"https:\/\/www.pressenza.com\/es\/","name":"Pressenza","description":"International Press Agency","publisher":{"@id":"https:\/\/www.pressenza.com\/es\/#organization"},"potentialAction":[{"@type":"SearchAction","target":{"@type":"EntryPoint","urlTemplate":"https:\/\/www.pressenza.com\/es\/?s={search_term_string}"},"query-input":{"@type":"PropertyValueSpecification","valueRequired":true,"valueName":"search_term_string"}}],"inLanguage":"es"},{"@type":"Organization","@id":"https:\/\/www.pressenza.com\/es\/#organization","name":"Pressenza","url":"https:\/\/www.pressenza.com\/es\/","logo":{"@type":"ImageObject","inLanguage":"es","@id":"https:\/\/www.pressenza.com\/es\/#\/schema\/logo\/image\/","url":"https:\/\/www.pressenza.com\/wp-content\/uploads\/2022\/10\/pressenza_logo_200x200.jpg","contentUrl":"https:\/\/www.pressenza.com\/wp-content\/uploads\/2022\/10\/pressenza_logo_200x200.jpg","width":200,"height":200,"caption":"Pressenza"},"image":{"@id":"https:\/\/www.pressenza.com\/es\/#\/schema\/logo\/image\/"},"sameAs":["https:\/\/www.facebook.com\/PressenzaItalia","https:\/\/x.com\/PressenzaIPA"]},{"@type":"Person","@id":"https:\/\/www.pressenza.com\/es\/#\/schema\/person\/010e5d02bcf40965427a1289a4cc8d75","name":"Pressenza IPA","description":"News from Pressenza IPA correspondents","sameAs":["https:\/\/www.facebook.com\/pressenza","https:\/\/x.com\/PressenzaIPA"],"url":"https:\/\/www.pressenza.com\/es\/author\/pressenza-ipa\/"}]}},"place":"Buenos Aires","original_article_url":"","_links":{"self":[{"href":"https:\/\/www.pressenza.com\/es\/wp-json\/wp\/v2\/posts\/960","targetHints":{"allow":["GET"]}}],"collection":[{"href":"https:\/\/www.pressenza.com\/es\/wp-json\/wp\/v2\/posts"}],"about":[{"href":"https:\/\/www.pressenza.com\/es\/wp-json\/wp\/v2\/types\/post"}],"author":[{"embeddable":true,"href":"https:\/\/www.pressenza.com\/es\/wp-json\/wp\/v2\/users\/19"}],"replies":[{"embeddable":true,"href":"https:\/\/www.pressenza.com\/es\/wp-json\/wp\/v2\/comments?post=960"}],"version-history":[{"count":0,"href":"https:\/\/www.pressenza.com\/es\/wp-json\/wp\/v2\/posts\/960\/revisions"}],"wp:attachment":[{"href":"https:\/\/www.pressenza.com\/es\/wp-json\/wp\/v2\/media?parent=960"}],"wp:term":[{"taxonomy":"category","embeddable":true,"href":"https:\/\/www.pressenza.com\/es\/wp-json\/wp\/v2\/categories?post=960"},{"taxonomy":"post_tag","embeddable":true,"href":"https:\/\/www.pressenza.com\/es\/wp-json\/wp\/v2\/tags?post=960"}],"curies":[{"name":"wp","href":"https:\/\/api.w.org\/{rel}","templated":true}]}}