{"id":959129,"date":"2019-10-31T02:59:51","date_gmt":"2019-10-31T02:59:51","guid":{"rendered":"https:\/\/www.pressenza.com\/?p=959129"},"modified":"2019-10-31T03:01:14","modified_gmt":"2019-10-31T03:01:14","slug":"partido-humanista-chileno-fundamenta-su-no-asistencia-a-reunion-en-ministerio-del-interior","status":"publish","type":"post","link":"https:\/\/www.pressenza.com\/es\/2019\/10\/partido-humanista-chileno-fundamenta-su-no-asistencia-a-reunion-en-ministerio-del-interior\/","title":{"rendered":"Partido Humanista chileno fundamenta su no asistencia a reuni\u00f3n en Ministerio del Interior"},"content":{"rendered":"<p>\u00a1Chile despert\u00f3! es la consigna que han coreado millones de manifestantes durante estos \u00faltimos trece d\u00edas a lo largo y ancho de Chile. \u00bfY cual es la respuesta que ha recibido ese clamor? Solo la represi\u00f3n de un gobierno insensible que, salt\u00e1ndose la legalidad vigente, ha cometido las mayores violaciones a los Derechos Humanos sucedidas en todo este periodo posterior a la dictadura. El \u00abnunca m\u00e1s\u00bb, que cre\u00edmos incorporado despu\u00e9s de la experiencia dictatorial de 17 a\u00f1os, se ha roto, lesionando nuevamente el alma de Chile.<\/p>\n<p>Quienes han producido tal situaci\u00f3n tienen que asumir la responsabilidad pol\u00edtica de lo sucedido, pero no tienen la altura moral ni la coherencia para eso. Tal conducta obliga a utilizar todos los mecanismos legales existentes para denunciar y aclarar responsabilidades y por ello los humanistas impulsamos y compartimos con otras fuerzas pol\u00edticas en el parlamento una acusaci\u00f3n constitucional contra el Presidente Sebasti\u00e1n Pi\u00f1era, principal responsable y su ex ministro del interior, Andr\u00e9s Chadwick.<\/p>\n<p>En este contexto y mientras no se aclaren debidamente los hechos, no creemos que haya condiciones para dialogar con este gobierno, sea quien sea quien lo represente. Por ello los Humanistas hemos decidido no aceptar la invitaci\u00f3n a participar en una reuni\u00f3n en el Ministerio del Interior, efectuada por su actual titular Gonzalo Blumel.<\/p>\n<p>Por otra parte, creemos que la demanda que surge de este despertar de Chile es clara: la necesidad de un nuevo pacto social, con verdadera participaci\u00f3n ciudadana, que generando los espacios de di\u00e1logo lo suficientemente amplios, culmine en la elecci\u00f3n de una Asamblea Constituyente que redacte una nueva Constituci\u00f3n y que pueda proponer al pueblo como marco legal para construir el Chile que a\u00f1oramos para este siglo XXI.<\/p>\n<p>Equipo de Coordinaci\u00f3n Nacional<br \/>\nPartido Humanista<\/p>\n<div class=\"post-gallery\">\n\t\t\t<figure class=\"post-gallery-item\">\n\t\t\t\t<img decoding=\"async\" src=\"https:\/\/www.pressenza.com\/wp-content\/uploads\/2019\/10\/m\u00e1s-720x388.jpeg\" loading=\"lazy\">\n\t\t\t\t<figcaption>\n\t\t\t\t\t\n\t\t\t\t<\/figcaption>\n\t\t\t<\/figure>\n\t\t\t<figure class=\"post-gallery-item\">\n\t\t\t\t<img decoding=\"async\" src=\"https:\/\/www.pressenza.com\/wp-content\/uploads\/2019\/10\/30-oct-720x405.jpeg\" loading=\"lazy\">\n\t\t\t\t<figcaption>\n\t\t\t\t\t\n\t\t\t\t<\/figcaption>\n\t\t\t<\/figure>\n\t\t\t<figure class=\"post-gallery-item\">\n\t\t\t\t<img decoding=\"async\" src=\"https:\/\/www.pressenza.com\/wp-content\/uploads\/2019\/10\/30-octubre-720x405.jpeg\" loading=\"lazy\">\n\t\t\t\t<figcaption>\n\t\t\t\t\t\n\t\t\t\t<\/figcaption>\n\t\t\t<\/figure><\/div>\n","protected":false},"excerpt":{"rendered":"<p>\u00a1Chile despert\u00f3! es la consigna que han coreado millones de manifestantes durante estos \u00faltimos trece d\u00edas a lo largo y ancho de Chile. \u00bfY cual es la respuesta que ha recibido ese clamor? Solo la represi\u00f3n de un gobierno insensible&hellip;<\/p>\n","protected":false},"author":386,"featured_media":959151,"comment_status":"closed","ping_status":"closed","sticky":false,"template":"","format":"standard","meta":{"footnotes":""},"categories":[149,11389,74,67],"tags":[29,66289,46193,394,652],"class_list":["post-959129","post","type-post","status-publish","format-standard","has-post-thumbnail","hentry","category-comunicados-de-prensa","category-contenido-original","category-politica-es","category-sudamerica","tag-chile","tag-ministro-blumel","tag-partido-humanista-chile","tag-protestas-sociales","tag-sebastian-pinera"],"yoast_head":"<!-- This site is optimized with the Yoast SEO plugin v27.1.1 - https:\/\/yoast.com\/product\/yoast-seo-wordpress\/ -->\n<title>Partido Humanista chileno fundamenta su no asistencia a reuni\u00f3n en Ministerio del Interior<\/title>\n<meta name=\"description\" content=\"Partido Humanista fundamenta su no asistencia a reuni\u00f3n en el Ministerio del Interior chileno\" \/>\n<meta name=\"robots\" content=\"index, follow, max-snippet:-1, max-image-preview:large, max-video-preview:-1\" \/>\n<link rel=\"canonical\" href=\"https:\/\/www.pressenza.com\/es\/2019\/10\/partido-humanista-chileno-fundamenta-su-no-asistencia-a-reunion-en-ministerio-del-interior\/\" \/>\n<meta property=\"og:locale\" content=\"es_ES\" \/>\n<meta property=\"og:type\" content=\"article\" \/>\n<meta property=\"og:title\" content=\"Partido Humanista chileno fundamenta su no asistencia a reuni\u00f3n en Ministerio del Interior\" \/>\n<meta property=\"og:description\" content=\"Partido Humanista fundamenta su no asistencia a reuni\u00f3n en el Ministerio del Interior chileno\" \/>\n<meta property=\"og:url\" content=\"https:\/\/www.pressenza.com\/es\/2019\/10\/partido-humanista-chileno-fundamenta-su-no-asistencia-a-reunion-en-ministerio-del-interior\/\" \/>\n<meta property=\"og:site_name\" content=\"Pressenza\" \/>\n<meta property=\"article:publisher\" content=\"https:\/\/www.facebook.com\/PressenzaItalia\" \/>\n<meta property=\"article:author\" content=\"https:\/\/www.facebook.com\/PartidoHumanistaChile?fref=ts\" \/>\n<meta property=\"article:published_time\" content=\"2019-10-31T02:59:51+00:00\" \/>\n<meta property=\"article:modified_time\" content=\"2019-10-31T03:01:14+00:00\" \/>\n<meta property=\"og:image\" content=\"https:\/\/www.pressenza.com\/wp-content\/uploads\/2019\/10\/ella.jpeg\" \/>\n\t<meta property=\"og:image:width\" content=\"1080\" \/>\n\t<meta property=\"og:image:height\" content=\"1280\" \/>\n\t<meta property=\"og:image:type\" content=\"image\/jpeg\" \/>\n<meta name=\"author\" content=\"Partido Humanista de Chile\" \/>\n<meta name=\"twitter:card\" content=\"summary_large_image\" \/>\n<meta name=\"twitter:creator\" content=\"@phumanista\" \/>\n<meta name=\"twitter:site\" content=\"@PressenzaIPA\" \/>\n<meta name=\"twitter:label1\" content=\"Escrito por\" \/>\n\t<meta name=\"twitter:data1\" content=\"Partido Humanista de Chile\" \/>\n\t<meta name=\"twitter:label2\" content=\"Tiempo de lectura\" \/>\n\t<meta name=\"twitter:data2\" content=\"2 minutos\" \/>\n<script type=\"application\/ld+json\" class=\"yoast-schema-graph\">{\"@context\":\"https:\/\/schema.org\",\"@graph\":[{\"@type\":\"Article\",\"@id\":\"https:\/\/www.pressenza.com\/es\/2019\/10\/partido-humanista-chileno-fundamenta-su-no-asistencia-a-reunion-en-ministerio-del-interior\/#article\",\"isPartOf\":{\"@id\":\"https:\/\/www.pressenza.com\/es\/2019\/10\/partido-humanista-chileno-fundamenta-su-no-asistencia-a-reunion-en-ministerio-del-interior\/\"},\"author\":{\"name\":\"Partido Humanista de Chile\",\"@id\":\"https:\/\/www.pressenza.com\/es\/#\/schema\/person\/21472c42980bab786ff5a256b8239bf5\"},\"headline\":\"Partido Humanista chileno fundamenta su no asistencia a reuni\u00f3n en Ministerio del Interior\",\"datePublished\":\"2019-10-31T02:59:51+00:00\",\"dateModified\":\"2019-10-31T03:01:14+00:00\",\"mainEntityOfPage\":{\"@id\":\"https:\/\/www.pressenza.com\/es\/2019\/10\/partido-humanista-chileno-fundamenta-su-no-asistencia-a-reunion-en-ministerio-del-interior\/\"},\"wordCount\":324,\"publisher\":{\"@id\":\"https:\/\/www.pressenza.com\/es\/#organization\"},\"image\":{\"@id\":\"https:\/\/www.pressenza.com\/es\/2019\/10\/partido-humanista-chileno-fundamenta-su-no-asistencia-a-reunion-en-ministerio-del-interior\/#primaryimage\"},\"thumbnailUrl\":\"https:\/\/www.pressenza.com\/wp-content\/uploads\/2019\/10\/ella.jpeg\",\"keywords\":[\"Chile\",\"Ministro Blumel\",\"Partido Humanista Chile\",\"protestas sociales\",\"Sebasti\u00e1n Pi\u00f1era\"],\"articleSection\":[\"Comunicados de Prensa\",\"Contenido Original\",\"Pol\u00edtica\",\"Sudam\u00e9rica\"],\"inLanguage\":\"es\"},{\"@type\":\"WebPage\",\"@id\":\"https:\/\/www.pressenza.com\/es\/2019\/10\/partido-humanista-chileno-fundamenta-su-no-asistencia-a-reunion-en-ministerio-del-interior\/\",\"url\":\"https:\/\/www.pressenza.com\/es\/2019\/10\/partido-humanista-chileno-fundamenta-su-no-asistencia-a-reunion-en-ministerio-del-interior\/\",\"name\":\"Partido Humanista chileno fundamenta su no asistencia a reuni\u00f3n en Ministerio del Interior\",\"isPartOf\":{\"@id\":\"https:\/\/www.pressenza.com\/es\/#website\"},\"primaryImageOfPage\":{\"@id\":\"https:\/\/www.pressenza.com\/es\/2019\/10\/partido-humanista-chileno-fundamenta-su-no-asistencia-a-reunion-en-ministerio-del-interior\/#primaryimage\"},\"image\":{\"@id\":\"https:\/\/www.pressenza.com\/es\/2019\/10\/partido-humanista-chileno-fundamenta-su-no-asistencia-a-reunion-en-ministerio-del-interior\/#primaryimage\"},\"thumbnailUrl\":\"https:\/\/www.pressenza.com\/wp-content\/uploads\/2019\/10\/ella.jpeg\",\"datePublished\":\"2019-10-31T02:59:51+00:00\",\"dateModified\":\"2019-10-31T03:01:14+00:00\",\"description\":\"Partido Humanista fundamenta su no asistencia a reuni\u00f3n en el Ministerio del Interior chileno\",\"breadcrumb\":{\"@id\":\"https:\/\/www.pressenza.com\/es\/2019\/10\/partido-humanista-chileno-fundamenta-su-no-asistencia-a-reunion-en-ministerio-del-interior\/#breadcrumb\"},\"inLanguage\":\"es\",\"potentialAction\":[{\"@type\":\"ReadAction\",\"target\":[\"https:\/\/www.pressenza.com\/es\/2019\/10\/partido-humanista-chileno-fundamenta-su-no-asistencia-a-reunion-en-ministerio-del-interior\/\"]}]},{\"@type\":\"ImageObject\",\"inLanguage\":\"es\",\"@id\":\"https:\/\/www.pressenza.com\/es\/2019\/10\/partido-humanista-chileno-fundamenta-su-no-asistencia-a-reunion-en-ministerio-del-interior\/#primaryimage\",\"url\":\"https:\/\/www.pressenza.com\/wp-content\/uploads\/2019\/10\/ella.jpeg\",\"contentUrl\":\"https:\/\/www.pressenza.com\/wp-content\/uploads\/2019\/10\/ella.jpeg\",\"width\":1080,\"height\":1280},{\"@type\":\"BreadcrumbList\",\"@id\":\"https:\/\/www.pressenza.com\/es\/2019\/10\/partido-humanista-chileno-fundamenta-su-no-asistencia-a-reunion-en-ministerio-del-interior\/#breadcrumb\",\"itemListElement\":[{\"@type\":\"ListItem\",\"position\":1,\"name\":\"Accueil\",\"item\":\"https:\/\/www.pressenza.com\/es\/\"},{\"@type\":\"ListItem\",\"position\":2,\"name\":\"Partido Humanista chileno fundamenta su no asistencia a reuni\u00f3n en Ministerio del Interior\"}]},{\"@type\":\"WebSite\",\"@id\":\"https:\/\/www.pressenza.com\/es\/#website\",\"url\":\"https:\/\/www.pressenza.com\/es\/\",\"name\":\"Pressenza\",\"description\":\"International Press Agency\",\"publisher\":{\"@id\":\"https:\/\/www.pressenza.com\/es\/#organization\"},\"potentialAction\":[{\"@type\":\"SearchAction\",\"target\":{\"@type\":\"EntryPoint\",\"urlTemplate\":\"https:\/\/www.pressenza.com\/es\/?s={search_term_string}\"},\"query-input\":{\"@type\":\"PropertyValueSpecification\",\"valueRequired\":true,\"valueName\":\"search_term_string\"}}],\"inLanguage\":\"es\"},{\"@type\":\"Organization\",\"@id\":\"https:\/\/www.pressenza.com\/es\/#organization\",\"name\":\"Pressenza\",\"url\":\"https:\/\/www.pressenza.com\/es\/\",\"logo\":{\"@type\":\"ImageObject\",\"inLanguage\":\"es\",\"@id\":\"https:\/\/www.pressenza.com\/es\/#\/schema\/logo\/image\/\",\"url\":\"https:\/\/www.pressenza.com\/wp-content\/uploads\/2022\/10\/pressenza_logo_200x200.jpg\",\"contentUrl\":\"https:\/\/www.pressenza.com\/wp-content\/uploads\/2022\/10\/pressenza_logo_200x200.jpg\",\"width\":200,\"height\":200,\"caption\":\"Pressenza\"},\"image\":{\"@id\":\"https:\/\/www.pressenza.com\/es\/#\/schema\/logo\/image\/\"},\"sameAs\":[\"https:\/\/www.facebook.com\/PressenzaItalia\",\"https:\/\/x.com\/PressenzaIPA\"]},{\"@type\":\"Person\",\"@id\":\"https:\/\/www.pressenza.com\/es\/#\/schema\/person\/21472c42980bab786ff5a256b8239bf5\",\"name\":\"Partido Humanista de Chile\",\"description\":\"www.partidohumanista.cl\",\"sameAs\":[\"https:\/\/www.facebook.com\/PartidoHumanistaChile?fref=ts\",\"https:\/\/x.com\/phumanista\"],\"url\":\"https:\/\/www.pressenza.com\/es\/author\/partido-humanista-de-chile\/\"}]}<\/script>\n<!-- \/ Yoast SEO plugin. -->","yoast_head_json":{"title":"Partido Humanista chileno fundamenta su no asistencia a reuni\u00f3n en Ministerio del Interior","description":"Partido Humanista fundamenta su no asistencia a reuni\u00f3n en el Ministerio del Interior chileno","robots":{"index":"index","follow":"follow","max-snippet":"max-snippet:-1","max-image-preview":"max-image-preview:large","max-video-preview":"max-video-preview:-1"},"canonical":"https:\/\/www.pressenza.com\/es\/2019\/10\/partido-humanista-chileno-fundamenta-su-no-asistencia-a-reunion-en-ministerio-del-interior\/","og_locale":"es_ES","og_type":"article","og_title":"Partido Humanista chileno fundamenta su no asistencia a reuni\u00f3n en Ministerio del Interior","og_description":"Partido Humanista fundamenta su no asistencia a reuni\u00f3n en el Ministerio del Interior chileno","og_url":"https:\/\/www.pressenza.com\/es\/2019\/10\/partido-humanista-chileno-fundamenta-su-no-asistencia-a-reunion-en-ministerio-del-interior\/","og_site_name":"Pressenza","article_publisher":"https:\/\/www.facebook.com\/PressenzaItalia","article_author":"https:\/\/www.facebook.com\/PartidoHumanistaChile?fref=ts","article_published_time":"2019-10-31T02:59:51+00:00","article_modified_time":"2019-10-31T03:01:14+00:00","og_image":[{"width":1080,"height":1280,"url":"https:\/\/www.pressenza.com\/wp-content\/uploads\/2019\/10\/ella.jpeg","type":"image\/jpeg"}],"author":"Partido Humanista de Chile","twitter_card":"summary_large_image","twitter_creator":"@phumanista","twitter_site":"@PressenzaIPA","twitter_misc":{"Escrito por":"Partido Humanista de Chile","Tiempo de lectura":"2 minutos"},"schema":{"@context":"https:\/\/schema.org","@graph":[{"@type":"Article","@id":"https:\/\/www.pressenza.com\/es\/2019\/10\/partido-humanista-chileno-fundamenta-su-no-asistencia-a-reunion-en-ministerio-del-interior\/#article","isPartOf":{"@id":"https:\/\/www.pressenza.com\/es\/2019\/10\/partido-humanista-chileno-fundamenta-su-no-asistencia-a-reunion-en-ministerio-del-interior\/"},"author":{"name":"Partido Humanista de Chile","@id":"https:\/\/www.pressenza.com\/es\/#\/schema\/person\/21472c42980bab786ff5a256b8239bf5"},"headline":"Partido Humanista chileno fundamenta su no asistencia a reuni\u00f3n en Ministerio del Interior","datePublished":"2019-10-31T02:59:51+00:00","dateModified":"2019-10-31T03:01:14+00:00","mainEntityOfPage":{"@id":"https:\/\/www.pressenza.com\/es\/2019\/10\/partido-humanista-chileno-fundamenta-su-no-asistencia-a-reunion-en-ministerio-del-interior\/"},"wordCount":324,"publisher":{"@id":"https:\/\/www.pressenza.com\/es\/#organization"},"image":{"@id":"https:\/\/www.pressenza.com\/es\/2019\/10\/partido-humanista-chileno-fundamenta-su-no-asistencia-a-reunion-en-ministerio-del-interior\/#primaryimage"},"thumbnailUrl":"https:\/\/www.pressenza.com\/wp-content\/uploads\/2019\/10\/ella.jpeg","keywords":["Chile","Ministro Blumel","Partido Humanista Chile","protestas sociales","Sebasti\u00e1n Pi\u00f1era"],"articleSection":["Comunicados de Prensa","Contenido Original","Pol\u00edtica","Sudam\u00e9rica"],"inLanguage":"es"},{"@type":"WebPage","@id":"https:\/\/www.pressenza.com\/es\/2019\/10\/partido-humanista-chileno-fundamenta-su-no-asistencia-a-reunion-en-ministerio-del-interior\/","url":"https:\/\/www.pressenza.com\/es\/2019\/10\/partido-humanista-chileno-fundamenta-su-no-asistencia-a-reunion-en-ministerio-del-interior\/","name":"Partido Humanista chileno fundamenta su no asistencia a reuni\u00f3n en Ministerio del Interior","isPartOf":{"@id":"https:\/\/www.pressenza.com\/es\/#website"},"primaryImageOfPage":{"@id":"https:\/\/www.pressenza.com\/es\/2019\/10\/partido-humanista-chileno-fundamenta-su-no-asistencia-a-reunion-en-ministerio-del-interior\/#primaryimage"},"image":{"@id":"https:\/\/www.pressenza.com\/es\/2019\/10\/partido-humanista-chileno-fundamenta-su-no-asistencia-a-reunion-en-ministerio-del-interior\/#primaryimage"},"thumbnailUrl":"https:\/\/www.pressenza.com\/wp-content\/uploads\/2019\/10\/ella.jpeg","datePublished":"2019-10-31T02:59:51+00:00","dateModified":"2019-10-31T03:01:14+00:00","description":"Partido Humanista fundamenta su no asistencia a reuni\u00f3n en el Ministerio del Interior chileno","breadcrumb":{"@id":"https:\/\/www.pressenza.com\/es\/2019\/10\/partido-humanista-chileno-fundamenta-su-no-asistencia-a-reunion-en-ministerio-del-interior\/#breadcrumb"},"inLanguage":"es","potentialAction":[{"@type":"ReadAction","target":["https:\/\/www.pressenza.com\/es\/2019\/10\/partido-humanista-chileno-fundamenta-su-no-asistencia-a-reunion-en-ministerio-del-interior\/"]}]},{"@type":"ImageObject","inLanguage":"es","@id":"https:\/\/www.pressenza.com\/es\/2019\/10\/partido-humanista-chileno-fundamenta-su-no-asistencia-a-reunion-en-ministerio-del-interior\/#primaryimage","url":"https:\/\/www.pressenza.com\/wp-content\/uploads\/2019\/10\/ella.jpeg","contentUrl":"https:\/\/www.pressenza.com\/wp-content\/uploads\/2019\/10\/ella.jpeg","width":1080,"height":1280},{"@type":"BreadcrumbList","@id":"https:\/\/www.pressenza.com\/es\/2019\/10\/partido-humanista-chileno-fundamenta-su-no-asistencia-a-reunion-en-ministerio-del-interior\/#breadcrumb","itemListElement":[{"@type":"ListItem","position":1,"name":"Accueil","item":"https:\/\/www.pressenza.com\/es\/"},{"@type":"ListItem","position":2,"name":"Partido Humanista chileno fundamenta su no asistencia a reuni\u00f3n en Ministerio del Interior"}]},{"@type":"WebSite","@id":"https:\/\/www.pressenza.com\/es\/#website","url":"https:\/\/www.pressenza.com\/es\/","name":"Pressenza","description":"International Press Agency","publisher":{"@id":"https:\/\/www.pressenza.com\/es\/#organization"},"potentialAction":[{"@type":"SearchAction","target":{"@type":"EntryPoint","urlTemplate":"https:\/\/www.pressenza.com\/es\/?s={search_term_string}"},"query-input":{"@type":"PropertyValueSpecification","valueRequired":true,"valueName":"search_term_string"}}],"inLanguage":"es"},{"@type":"Organization","@id":"https:\/\/www.pressenza.com\/es\/#organization","name":"Pressenza","url":"https:\/\/www.pressenza.com\/es\/","logo":{"@type":"ImageObject","inLanguage":"es","@id":"https:\/\/www.pressenza.com\/es\/#\/schema\/logo\/image\/","url":"https:\/\/www.pressenza.com\/wp-content\/uploads\/2022\/10\/pressenza_logo_200x200.jpg","contentUrl":"https:\/\/www.pressenza.com\/wp-content\/uploads\/2022\/10\/pressenza_logo_200x200.jpg","width":200,"height":200,"caption":"Pressenza"},"image":{"@id":"https:\/\/www.pressenza.com\/es\/#\/schema\/logo\/image\/"},"sameAs":["https:\/\/www.facebook.com\/PressenzaItalia","https:\/\/x.com\/PressenzaIPA"]},{"@type":"Person","@id":"https:\/\/www.pressenza.com\/es\/#\/schema\/person\/21472c42980bab786ff5a256b8239bf5","name":"Partido Humanista de Chile","description":"www.partidohumanista.cl","sameAs":["https:\/\/www.facebook.com\/PartidoHumanistaChile?fref=ts","https:\/\/x.com\/phumanista"],"url":"https:\/\/www.pressenza.com\/es\/author\/partido-humanista-de-chile\/"}]}},"place":"Santiago de Chile","original_article_url":"","_links":{"self":[{"href":"https:\/\/www.pressenza.com\/es\/wp-json\/wp\/v2\/posts\/959129","targetHints":{"allow":["GET"]}}],"collection":[{"href":"https:\/\/www.pressenza.com\/es\/wp-json\/wp\/v2\/posts"}],"about":[{"href":"https:\/\/www.pressenza.com\/es\/wp-json\/wp\/v2\/types\/post"}],"author":[{"embeddable":true,"href":"https:\/\/www.pressenza.com\/es\/wp-json\/wp\/v2\/users\/386"}],"replies":[{"embeddable":true,"href":"https:\/\/www.pressenza.com\/es\/wp-json\/wp\/v2\/comments?post=959129"}],"version-history":[{"count":0,"href":"https:\/\/www.pressenza.com\/es\/wp-json\/wp\/v2\/posts\/959129\/revisions"}],"wp:featuredmedia":[{"embeddable":true,"href":"https:\/\/www.pressenza.com\/es\/wp-json\/wp\/v2\/media\/959151"}],"wp:attachment":[{"href":"https:\/\/www.pressenza.com\/es\/wp-json\/wp\/v2\/media?parent=959129"}],"wp:term":[{"taxonomy":"category","embeddable":true,"href":"https:\/\/www.pressenza.com\/es\/wp-json\/wp\/v2\/categories?post=959129"},{"taxonomy":"post_tag","embeddable":true,"href":"https:\/\/www.pressenza.com\/es\/wp-json\/wp\/v2\/tags?post=959129"}],"curies":[{"name":"wp","href":"https:\/\/api.w.org\/{rel}","templated":true}]}}