{"id":9567,"date":"2012-06-22T00:00:00","date_gmt":"2012-06-22T00:00:00","guid":{"rendered":""},"modified":"2012-06-22T08:49:40","modified_gmt":"2012-06-22T08:49:40","slug":"un-sol-radiantex-el-xtata-intixx-salio-en-jujuy","status":"publish","type":"post","link":"https:\/\/www.pressenza.com\/es\/2012\/06\/un-sol-radiantex-el-xtata-intixx-salio-en-jujuy\/","title":{"rendered":"Un sol radiante, el \u201cTata Inti\u201d, sali\u00f3 en Jujuy"},"content":{"rendered":"<p>Fueron 15 horas de ceremonias, rituales, fuegos, oraciones, pedidos y c\u00e1nticos de los Pueblos Originarios provenientes de distintos puntos de las provincias de Jujuy, Chaco, Buenos Aires, Mendoza, C\u00f3rdoba y de Bolivia y Per\u00fa, con el liderazgo inconfundible de Milagro Sala. Junto a militantes del Partido Humanista de diversos distritos, adem\u00e1s de miembros de El Mensaje de Silo que dieron a este festejo una m\u00edstica potente. La diversidad, la convergencia, el encontrarse con el coraz\u00f3n y la mirada profunda en medio del valle juje\u00f1o, hicieron sentir la potente espiritalidad que sopla nuevamente en Latinoam\u00e9rica.<\/p>\n<p>Desde el mi\u00e9rcoles 20 a las 19 se comenz\u00f3 con el primero de los cultos al Padre Sol en el monumento levantado en honor a Tupac Amaru y a Micaela Bastida en el Barrio de la Organizaci\u00f3n Barrial Tupac Amaru, que cuenta con 2,500 casas construidas por ellos mismos. Escuelas, hospitales, centros culturales, f\u00e1bricas textiles, hacen de este lugar una peque\u00f1a nueva ciudad que crece con valores humanistas, con la solidaridad y la organizaci\u00f3n cooperativa de sus militantes.<\/p>\n<p>La ceremonia estuvo especialmente cargada de afecto, dado que era la primera vez que se realiz\u00f3 a los pies de ambos monumentos y adem\u00e1s porque daba inicio a la despedida del a\u00f1o viejo y la llegada del a\u00f1o nuevo. Comentaban que este nuevo a\u00f1o traer\u00eda especiales augurios, porque desde hace cinco a\u00f1os que no sale el sol con el cielo despejado como este 21 de junio. Terminada la primer ceremonia la multitud se dirigi\u00f3 hacia los pies del templo de Kalasasaya para realizar el \u00faltimo ritual antes de que termine el a\u00f1o viejo. All\u00ed se bail\u00f3, se cant\u00f3 y sonaron diversos ritmos musicales aut\u00f3ctonos durante toda la noche esperando la llegada del nuevo a\u00f1o.<\/p>\n<p>De este modo se recibi\u00f3 al a\u00f1o 5.520 de los Pueblos Originarios. En una sincera uni\u00f3n, los presentes  pidieron, guiados por Milagro Sala, que no falte el alimento, la salud y el trabajo, cargarse de pensamientos y energ\u00edas positivas y  por el bienestar de la familia. <\/p>\n<p>Para finalizar la celebraci\u00f3n, Milagro Sala invit\u00f3 a los \u201camigos, hermanos del Movimiento Humanista\u201d a compartir su ceremonia de Bienestar, que cerca de cinco mil tupaqueros siguieron en un silencio profundo. Milagro pidi\u00f3 previamente que todos se tomaran de la mano, y que en esta ceremonia uno se conectaba con los seres queridos, se reconciliaba y el coraz\u00f3n se tranquilizaba. Al terminar la ceremonia guiada por una oficiante y una auxuliar de El Mensaje de Silo, Milagro invit\u00f3 a todos los participantes a saludarse con el \u201cPaz, Fuerza y Alegr\u00eda\u201d de los humanistas y el \u201cJallalla\u201d de los Pueblos Originarios. <\/p>\n<p>\u201cAl abuelo fuego se le pidi\u00f3 m\u00e1s trabajo, educaci\u00f3n y m\u00e1s salud para todos los juje\u00f1os para todos los argentinos y por la devoluci\u00f3n de las tierras a los pueblos originarios, que no haya m\u00e1s contaminaci\u00f3n y que las empresas mineras dejen de destrozar nuestros cerros, nuestra naturaleza\u201d fueron palabras de Milagro Sala al terminar la ceremonia, seg\u00fan informa la prensa de la organizaci\u00f3n Tupac Amaru. <\/p>\n<p>Adem\u00e1s agreg\u00f3 que \u201cel tata inti hoy sali\u00f3 y tomamos de \u00e9l las energ\u00edas positivas para el bienestar de miles y miles de juje\u00f1os, argentinos y de latinoamericanos. Despu\u00e9s de cinco a\u00f1os sali\u00f3 el sol nuestro Tata Inti y al ver que sal\u00eda fue muy pero muy emocionante y a muchos se nos escaparon l\u00e1grimas de alegr\u00eda, anoche el cielo estuvo con estrellas y fue emocionante porque el cielo estaba colorado\u201d.<\/p>\n<p>Para finalizar  Milagro Sala, muy feliz por este nuevo a\u00f1o, por la llegada del Tata Inti agreg\u00f3: \u201cNo solo se pidi\u00f3 el bienestar para la Tupac Amaru sino para todos, para los juje\u00f1os que no tienen casa que la puedan tener, los que no tienen trabajo que lo tengan y para los que no tiene salud y educaci\u00f3n que lo tengan\u201d.<\/p>\n","protected":false},"excerpt":{"rendered":"<p>\u201cFestejemos un a\u00f1o m\u00e1s, festejemos tupaqueros con tanta felicidad\u201d, cantaban miles de j\u00f3venes de la Tupac Amaru en el amanecer del 21 de junio. Guaran\u00edes, aymaras junto a humanistas y silo\u00edstas convergieron en su espiritualidad en el Inti Raymi realizado en la r\u00e9plica del templo de Kalasasaya en Jujuy. Pressenza relata desde adentro esta ceremonia ancestral a\u00fan vigente. <\/p>\n","protected":false},"author":20,"featured_media":0,"comment_status":"closed","ping_status":"open","sticky":false,"template":"","format":"standard","meta":{"footnotes":""},"categories":[39,80,67],"tags":[],"class_list":["post-9567","post","type-post","status-publish","format-standard","hentry","category-internacional","category-pueblos-originarios","category-sudamerica"],"yoast_head":"<!-- This site is optimized with the Yoast SEO plugin v27.1.1 - https:\/\/yoast.com\/product\/yoast-seo-wordpress\/ -->\n<title>Un sol radiante, el \u201cTata Inti\u201d, sali\u00f3 en Jujuy<\/title>\n<meta name=\"description\" content=\"\u201cFestejemos un a\u00f1o m\u00e1s, festejemos tupaqueros con tanta felicidad\u201d, cantaban miles de j\u00f3venes de la Tupac Amaru en el amanecer del 21 de junio. Guaran\u00edes, aymaras junto a humanistas y silo\u00edstas convergieron en su espiritualidad en el Inti Raymi realizado en la r\u00e9plica del templo de Kalasasaya en Jujuy. Pressenza relata desde adentro esta ceremonia ancestral a\u00fan vigente.\" \/>\n<meta name=\"robots\" content=\"index, follow, max-snippet:-1, max-image-preview:large, max-video-preview:-1\" \/>\n<link rel=\"canonical\" href=\"https:\/\/www.pressenza.com\/es\/2012\/06\/un-sol-radiantex-el-xtata-intixx-salio-en-jujuy\/\" \/>\n<meta property=\"og:locale\" content=\"es_ES\" \/>\n<meta property=\"og:type\" content=\"article\" \/>\n<meta property=\"og:title\" content=\"Un sol radiante, el \u201cTata Inti\u201d, sali\u00f3 en Jujuy\" \/>\n<meta property=\"og:description\" content=\"\u201cFestejemos un a\u00f1o m\u00e1s, festejemos tupaqueros con tanta felicidad\u201d, cantaban miles de j\u00f3venes de la Tupac Amaru en el amanecer del 21 de junio. Guaran\u00edes, aymaras junto a humanistas y silo\u00edstas convergieron en su espiritualidad en el Inti Raymi realizado en la r\u00e9plica del templo de Kalasasaya en Jujuy. Pressenza relata desde adentro esta ceremonia ancestral a\u00fan vigente.\" \/>\n<meta property=\"og:url\" content=\"https:\/\/www.pressenza.com\/es\/2012\/06\/un-sol-radiantex-el-xtata-intixx-salio-en-jujuy\/\" \/>\n<meta property=\"og:site_name\" content=\"Pressenza\" \/>\n<meta property=\"article:publisher\" content=\"https:\/\/www.facebook.com\/PressenzaItalia\" \/>\n<meta property=\"article:published_time\" content=\"2012-06-22T00:00:00+00:00\" \/>\n<meta property=\"article:modified_time\" content=\"2012-06-22T08:49:40+00:00\" \/>\n<meta name=\"author\" content=\"ivan novotny\" \/>\n<meta name=\"twitter:card\" content=\"summary_large_image\" \/>\n<meta name=\"twitter:creator\" content=\"@ivanovotny\" \/>\n<meta name=\"twitter:site\" content=\"@PressenzaIPA\" \/>\n<meta name=\"twitter:label1\" content=\"Escrito por\" \/>\n\t<meta name=\"twitter:data1\" content=\"ivan novotny\" \/>\n\t<meta name=\"twitter:label2\" content=\"Tiempo de lectura\" \/>\n\t<meta name=\"twitter:data2\" content=\"3 minutos\" \/>\n<script type=\"application\/ld+json\" class=\"yoast-schema-graph\">{\"@context\":\"https:\/\/schema.org\",\"@graph\":[{\"@type\":\"Article\",\"@id\":\"https:\/\/www.pressenza.com\/es\/2012\/06\/un-sol-radiantex-el-xtata-intixx-salio-en-jujuy\/#article\",\"isPartOf\":{\"@id\":\"https:\/\/www.pressenza.com\/es\/2012\/06\/un-sol-radiantex-el-xtata-intixx-salio-en-jujuy\/\"},\"author\":{\"name\":\"ivan novotny\",\"@id\":\"https:\/\/www.pressenza.com\/es\/#\/schema\/person\/074b2cdde387af1b7a93f788a03ec37a\"},\"headline\":\"Un sol radiante, el \u201cTata Inti\u201d, sali\u00f3 en Jujuy\",\"datePublished\":\"2012-06-22T00:00:00+00:00\",\"dateModified\":\"2012-06-22T08:49:40+00:00\",\"mainEntityOfPage\":{\"@id\":\"https:\/\/www.pressenza.com\/es\/2012\/06\/un-sol-radiantex-el-xtata-intixx-salio-en-jujuy\/\"},\"wordCount\":680,\"publisher\":{\"@id\":\"https:\/\/www.pressenza.com\/es\/#organization\"},\"articleSection\":[\"Internacional\",\"Pueblos Originarios\",\"Sudam\u00e9rica\"],\"inLanguage\":\"es\"},{\"@type\":\"WebPage\",\"@id\":\"https:\/\/www.pressenza.com\/es\/2012\/06\/un-sol-radiantex-el-xtata-intixx-salio-en-jujuy\/\",\"url\":\"https:\/\/www.pressenza.com\/es\/2012\/06\/un-sol-radiantex-el-xtata-intixx-salio-en-jujuy\/\",\"name\":\"Un sol radiante, el \u201cTata Inti\u201d, sali\u00f3 en Jujuy\",\"isPartOf\":{\"@id\":\"https:\/\/www.pressenza.com\/es\/#website\"},\"datePublished\":\"2012-06-22T00:00:00+00:00\",\"dateModified\":\"2012-06-22T08:49:40+00:00\",\"description\":\"\u201cFestejemos un a\u00f1o m\u00e1s, festejemos tupaqueros con tanta felicidad\u201d, cantaban miles de j\u00f3venes de la Tupac Amaru en el amanecer del 21 de junio. Guaran\u00edes, aymaras junto a humanistas y silo\u00edstas convergieron en su espiritualidad en el Inti Raymi realizado en la r\u00e9plica del templo de Kalasasaya en Jujuy. Pressenza relata desde adentro esta ceremonia ancestral a\u00fan vigente.\",\"breadcrumb\":{\"@id\":\"https:\/\/www.pressenza.com\/es\/2012\/06\/un-sol-radiantex-el-xtata-intixx-salio-en-jujuy\/#breadcrumb\"},\"inLanguage\":\"es\",\"potentialAction\":[{\"@type\":\"ReadAction\",\"target\":[\"https:\/\/www.pressenza.com\/es\/2012\/06\/un-sol-radiantex-el-xtata-intixx-salio-en-jujuy\/\"]}]},{\"@type\":\"BreadcrumbList\",\"@id\":\"https:\/\/www.pressenza.com\/es\/2012\/06\/un-sol-radiantex-el-xtata-intixx-salio-en-jujuy\/#breadcrumb\",\"itemListElement\":[{\"@type\":\"ListItem\",\"position\":1,\"name\":\"Accueil\",\"item\":\"https:\/\/www.pressenza.com\/es\/\"},{\"@type\":\"ListItem\",\"position\":2,\"name\":\"Un sol radiante, el \u201cTata Inti\u201d, sali\u00f3 en Jujuy\"}]},{\"@type\":\"WebSite\",\"@id\":\"https:\/\/www.pressenza.com\/es\/#website\",\"url\":\"https:\/\/www.pressenza.com\/es\/\",\"name\":\"Pressenza\",\"description\":\"International Press Agency\",\"publisher\":{\"@id\":\"https:\/\/www.pressenza.com\/es\/#organization\"},\"potentialAction\":[{\"@type\":\"SearchAction\",\"target\":{\"@type\":\"EntryPoint\",\"urlTemplate\":\"https:\/\/www.pressenza.com\/es\/?s={search_term_string}\"},\"query-input\":{\"@type\":\"PropertyValueSpecification\",\"valueRequired\":true,\"valueName\":\"search_term_string\"}}],\"inLanguage\":\"es\"},{\"@type\":\"Organization\",\"@id\":\"https:\/\/www.pressenza.com\/es\/#organization\",\"name\":\"Pressenza\",\"url\":\"https:\/\/www.pressenza.com\/es\/\",\"logo\":{\"@type\":\"ImageObject\",\"inLanguage\":\"es\",\"@id\":\"https:\/\/www.pressenza.com\/es\/#\/schema\/logo\/image\/\",\"url\":\"https:\/\/www.pressenza.com\/wp-content\/uploads\/2022\/10\/pressenza_logo_200x200.jpg\",\"contentUrl\":\"https:\/\/www.pressenza.com\/wp-content\/uploads\/2022\/10\/pressenza_logo_200x200.jpg\",\"width\":200,\"height\":200,\"caption\":\"Pressenza\"},\"image\":{\"@id\":\"https:\/\/www.pressenza.com\/es\/#\/schema\/logo\/image\/\"},\"sameAs\":[\"https:\/\/www.facebook.com\/PressenzaItalia\",\"https:\/\/x.com\/PressenzaIPA\"]},{\"@type\":\"Person\",\"@id\":\"https:\/\/www.pressenza.com\/es\/#\/schema\/person\/074b2cdde387af1b7a93f788a03ec37a\",\"name\":\"ivan novotny\",\"description\":\"A graduate in Communication Science from the University of Buenos Aires.\",\"sameAs\":[\"https:\/\/www.instagram.com\/inovotny\",\"https:\/\/x.com\/ivanovotny\"],\"url\":\"https:\/\/www.pressenza.com\/es\/author\/ivan-novotny\/\"}]}<\/script>\n<!-- \/ Yoast SEO plugin. -->","yoast_head_json":{"title":"Un sol radiante, el \u201cTata Inti\u201d, sali\u00f3 en Jujuy","description":"\u201cFestejemos un a\u00f1o m\u00e1s, festejemos tupaqueros con tanta felicidad\u201d, cantaban miles de j\u00f3venes de la Tupac Amaru en el amanecer del 21 de junio. Guaran\u00edes, aymaras junto a humanistas y silo\u00edstas convergieron en su espiritualidad en el Inti Raymi realizado en la r\u00e9plica del templo de Kalasasaya en Jujuy. Pressenza relata desde adentro esta ceremonia ancestral a\u00fan vigente.","robots":{"index":"index","follow":"follow","max-snippet":"max-snippet:-1","max-image-preview":"max-image-preview:large","max-video-preview":"max-video-preview:-1"},"canonical":"https:\/\/www.pressenza.com\/es\/2012\/06\/un-sol-radiantex-el-xtata-intixx-salio-en-jujuy\/","og_locale":"es_ES","og_type":"article","og_title":"Un sol radiante, el \u201cTata Inti\u201d, sali\u00f3 en Jujuy","og_description":"\u201cFestejemos un a\u00f1o m\u00e1s, festejemos tupaqueros con tanta felicidad\u201d, cantaban miles de j\u00f3venes de la Tupac Amaru en el amanecer del 21 de junio. Guaran\u00edes, aymaras junto a humanistas y silo\u00edstas convergieron en su espiritualidad en el Inti Raymi realizado en la r\u00e9plica del templo de Kalasasaya en Jujuy. Pressenza relata desde adentro esta ceremonia ancestral a\u00fan vigente.","og_url":"https:\/\/www.pressenza.com\/es\/2012\/06\/un-sol-radiantex-el-xtata-intixx-salio-en-jujuy\/","og_site_name":"Pressenza","article_publisher":"https:\/\/www.facebook.com\/PressenzaItalia","article_published_time":"2012-06-22T00:00:00+00:00","article_modified_time":"2012-06-22T08:49:40+00:00","author":"ivan novotny","twitter_card":"summary_large_image","twitter_creator":"@ivanovotny","twitter_site":"@PressenzaIPA","twitter_misc":{"Escrito por":"ivan novotny","Tiempo de lectura":"3 minutos"},"schema":{"@context":"https:\/\/schema.org","@graph":[{"@type":"Article","@id":"https:\/\/www.pressenza.com\/es\/2012\/06\/un-sol-radiantex-el-xtata-intixx-salio-en-jujuy\/#article","isPartOf":{"@id":"https:\/\/www.pressenza.com\/es\/2012\/06\/un-sol-radiantex-el-xtata-intixx-salio-en-jujuy\/"},"author":{"name":"ivan novotny","@id":"https:\/\/www.pressenza.com\/es\/#\/schema\/person\/074b2cdde387af1b7a93f788a03ec37a"},"headline":"Un sol radiante, el \u201cTata Inti\u201d, sali\u00f3 en Jujuy","datePublished":"2012-06-22T00:00:00+00:00","dateModified":"2012-06-22T08:49:40+00:00","mainEntityOfPage":{"@id":"https:\/\/www.pressenza.com\/es\/2012\/06\/un-sol-radiantex-el-xtata-intixx-salio-en-jujuy\/"},"wordCount":680,"publisher":{"@id":"https:\/\/www.pressenza.com\/es\/#organization"},"articleSection":["Internacional","Pueblos Originarios","Sudam\u00e9rica"],"inLanguage":"es"},{"@type":"WebPage","@id":"https:\/\/www.pressenza.com\/es\/2012\/06\/un-sol-radiantex-el-xtata-intixx-salio-en-jujuy\/","url":"https:\/\/www.pressenza.com\/es\/2012\/06\/un-sol-radiantex-el-xtata-intixx-salio-en-jujuy\/","name":"Un sol radiante, el \u201cTata Inti\u201d, sali\u00f3 en Jujuy","isPartOf":{"@id":"https:\/\/www.pressenza.com\/es\/#website"},"datePublished":"2012-06-22T00:00:00+00:00","dateModified":"2012-06-22T08:49:40+00:00","description":"\u201cFestejemos un a\u00f1o m\u00e1s, festejemos tupaqueros con tanta felicidad\u201d, cantaban miles de j\u00f3venes de la Tupac Amaru en el amanecer del 21 de junio. Guaran\u00edes, aymaras junto a humanistas y silo\u00edstas convergieron en su espiritualidad en el Inti Raymi realizado en la r\u00e9plica del templo de Kalasasaya en Jujuy. Pressenza relata desde adentro esta ceremonia ancestral a\u00fan vigente.","breadcrumb":{"@id":"https:\/\/www.pressenza.com\/es\/2012\/06\/un-sol-radiantex-el-xtata-intixx-salio-en-jujuy\/#breadcrumb"},"inLanguage":"es","potentialAction":[{"@type":"ReadAction","target":["https:\/\/www.pressenza.com\/es\/2012\/06\/un-sol-radiantex-el-xtata-intixx-salio-en-jujuy\/"]}]},{"@type":"BreadcrumbList","@id":"https:\/\/www.pressenza.com\/es\/2012\/06\/un-sol-radiantex-el-xtata-intixx-salio-en-jujuy\/#breadcrumb","itemListElement":[{"@type":"ListItem","position":1,"name":"Accueil","item":"https:\/\/www.pressenza.com\/es\/"},{"@type":"ListItem","position":2,"name":"Un sol radiante, el \u201cTata Inti\u201d, sali\u00f3 en Jujuy"}]},{"@type":"WebSite","@id":"https:\/\/www.pressenza.com\/es\/#website","url":"https:\/\/www.pressenza.com\/es\/","name":"Pressenza","description":"International Press Agency","publisher":{"@id":"https:\/\/www.pressenza.com\/es\/#organization"},"potentialAction":[{"@type":"SearchAction","target":{"@type":"EntryPoint","urlTemplate":"https:\/\/www.pressenza.com\/es\/?s={search_term_string}"},"query-input":{"@type":"PropertyValueSpecification","valueRequired":true,"valueName":"search_term_string"}}],"inLanguage":"es"},{"@type":"Organization","@id":"https:\/\/www.pressenza.com\/es\/#organization","name":"Pressenza","url":"https:\/\/www.pressenza.com\/es\/","logo":{"@type":"ImageObject","inLanguage":"es","@id":"https:\/\/www.pressenza.com\/es\/#\/schema\/logo\/image\/","url":"https:\/\/www.pressenza.com\/wp-content\/uploads\/2022\/10\/pressenza_logo_200x200.jpg","contentUrl":"https:\/\/www.pressenza.com\/wp-content\/uploads\/2022\/10\/pressenza_logo_200x200.jpg","width":200,"height":200,"caption":"Pressenza"},"image":{"@id":"https:\/\/www.pressenza.com\/es\/#\/schema\/logo\/image\/"},"sameAs":["https:\/\/www.facebook.com\/PressenzaItalia","https:\/\/x.com\/PressenzaIPA"]},{"@type":"Person","@id":"https:\/\/www.pressenza.com\/es\/#\/schema\/person\/074b2cdde387af1b7a93f788a03ec37a","name":"ivan novotny","description":"A graduate in Communication Science from the University of Buenos Aires.","sameAs":["https:\/\/www.instagram.com\/inovotny","https:\/\/x.com\/ivanovotny"],"url":"https:\/\/www.pressenza.com\/es\/author\/ivan-novotny\/"}]}},"place":"Jujuy","original_article_url":"","_links":{"self":[{"href":"https:\/\/www.pressenza.com\/es\/wp-json\/wp\/v2\/posts\/9567","targetHints":{"allow":["GET"]}}],"collection":[{"href":"https:\/\/www.pressenza.com\/es\/wp-json\/wp\/v2\/posts"}],"about":[{"href":"https:\/\/www.pressenza.com\/es\/wp-json\/wp\/v2\/types\/post"}],"author":[{"embeddable":true,"href":"https:\/\/www.pressenza.com\/es\/wp-json\/wp\/v2\/users\/20"}],"replies":[{"embeddable":true,"href":"https:\/\/www.pressenza.com\/es\/wp-json\/wp\/v2\/comments?post=9567"}],"version-history":[{"count":0,"href":"https:\/\/www.pressenza.com\/es\/wp-json\/wp\/v2\/posts\/9567\/revisions"}],"wp:attachment":[{"href":"https:\/\/www.pressenza.com\/es\/wp-json\/wp\/v2\/media?parent=9567"}],"wp:term":[{"taxonomy":"category","embeddable":true,"href":"https:\/\/www.pressenza.com\/es\/wp-json\/wp\/v2\/categories?post=9567"},{"taxonomy":"post_tag","embeddable":true,"href":"https:\/\/www.pressenza.com\/es\/wp-json\/wp\/v2\/tags?post=9567"}],"curies":[{"name":"wp","href":"https:\/\/api.w.org\/{rel}","templated":true}]}}